{"id":1588,"date":"2018-02-19T16:37:33","date_gmt":"2018-02-19T21:37:33","guid":{"rendered":"https:\/\/www.participacionciudadana.org\/web\/2018\/02\/19\/pc-y-otras-organizaciones-de-la-region-proponen-creacion-de-relatoria-para-la-democracia-ante-la-asamblea-general-oea\/"},"modified":"2018-02-19T16:37:33","modified_gmt":"2018-02-19T21:37:33","slug":"pc-y-otras-organizaciones-de-la-region-proponen-creacion-de-relatoria-para-la-democracia-ante-la-asamblea-general-oea","status":"publish","type":"post","link":"https:\/\/www.participacionciudadana.org\/web\/2018\/02\/19\/pc-y-otras-organizaciones-de-la-region-proponen-creacion-de-relatoria-para-la-democracia-ante-la-asamblea-general-oea\/","title":{"rendered":"PC y otras organizaciones de la Regi\u00f3n proponen creaci\u00f3n de Relator\u00eda para la Democracia ante la Asamblea General OEA"},"content":{"rendered":"<p>La directora de la Corporaci\u00f3n Participaci\u00f3n Ciudadana, Ruth Hidalgo, asistir\u00e1 del 14 al 16 de junio, a la Asamblea General de la OEA en Washington, donde junto a varios representantes de las organizaciones de sociedad civil de Latinoam\u00e9rica y el Caribe, propondr\u00e1n ante el Secretario General de ese organismo, Luis Almagro, la creaci\u00f3n de la Relator\u00eda para la Democracia.<\/p>\n<p>La propuesta de creaci\u00f3n de Relator\u00eda para la Democracia se basa en la necesidad de que exista un mecanismo de alerta temprana asociado al trabajo de un Relator independiente, con el fin de prevenir amenazas a la gobernabilidad y la democracia, pues en nuestros pa\u00edses prevalecen grandes injusticias y deudas hist\u00f3ricas que est\u00e1n pendientes de resolver.<\/p>\n<p>La propuesta naci\u00f3 como conclusi\u00f3n del Foro de la Sociedad Civil a prop\u00f3sito de la S\u00e9ptima Cumbre de las Am\u00e9ricas, realizada en Panam\u00e1 en abril de este a\u00f1o y que se present\u00f3 a los presidentes de que asistieron a la Cumbre.<\/p>\n<p>En esa ocasi\u00f3n, Participaci\u00f3n Ciudadana, conjuntamente con 94 representantes de diversas organizaciones de la Regi\u00f3n, identificaron que es imprescindible la creaci\u00f3n y aplicaci\u00f3n de mecanismos eficaces para el seguimiento de los principios de la Carta Interamericana Democr\u00e1tica, incorporando de manera real la participaci\u00f3n de la sociedad civil en los procesos de toma de decisiones.<\/p>\n","protected":false},"excerpt":{"rendered":"<p>La directora de la Corporaci\u00f3n Participaci\u00f3n Ciudadana, Ruth Hidalgo, asistir\u00e1 del 14 al 16 de junio, a la Asamblea General de la OEA en Washington, donde junto a varios representantes de las organizaciones de sociedad civil de Latinoam\u00e9rica y el Caribe, propondr\u00e1n ante el Secretario General de ese organismo, Luis Almagro, la creaci\u00f3n de la [&hellip;]<\/p>\n","protected":false},"author":1,"featured_media":0,"comment_status":"open","ping_status":"open","sticky":false,"template":"","format":"standard","meta":{"site-sidebar-layout":"default","site-content-layout":"","ast-site-content-layout":"default","site-content-style":"default","site-sidebar-style":"default","ast-global-header-display":"","ast-banner-title-visibility":"","ast-main-header-display":"","ast-hfb-above-header-display":"","ast-hfb-below-header-display":"","ast-hfb-mobile-header-display":"","site-post-title":"","ast-breadcrumbs-content":"","ast-featured-img":"","footer-sml-layout":"","ast-disable-related-posts":"","theme-transparent-header-meta":"","adv-header-id-meta":"","stick-header-meta":"","header-above-stick-meta":"","header-main-stick-meta":"","header-below-stick-meta":"","astra-migrate-meta-layouts":"default","ast-page-background-enabled":"default","ast-page-background-meta":{"desktop":{"background-color":"","background-image":"","background-repeat":"repeat","background-position":"center center","background-size":"auto","background-attachment":"scroll","background-type":"","background-media":"","overlay-type":"","overlay-color":"","overlay-opacity":"","overlay-gradient":""},"tablet":{"background-color":"","background-image":"","background-repeat":"repeat","background-position":"center center","background-size":"auto","background-attachment":"scroll","background-type":"","background-media":"","overlay-type":"","overlay-color":"","overlay-opacity":"","overlay-gradient":""},"mobile":{"background-color":"","background-image":"","background-repeat":"repeat","background-position":"center center","background-size":"auto","background-attachment":"scroll","background-type":"","background-media":"","overlay-type":"","overlay-color":"","overlay-opacity":"","overlay-gradient":""}},"ast-content-background-meta":{"desktop":{"background-color":"var(--ast-global-color-5)","background-image":"","background-repeat":"repeat","background-position":"center center","background-size":"auto","background-attachment":"scroll","background-type":"","background-media":"","overlay-type":"","overlay-color":"","overlay-opacity":"","overlay-gradient":""},"tablet":{"background-color":"var(--ast-global-color-5)","background-image":"","background-repeat":"repeat","background-position":"center center","background-size":"auto","background-attachment":"scroll","background-type":"","background-media":"","overlay-type":"","overlay-color":"","overlay-opacity":"","overlay-gradient":""},"mobile":{"background-color":"var(--ast-global-color-5)","background-image":"","background-repeat":"repeat","background-position":"center center","background-size":"auto","background-attachment":"scroll","background-type":"","background-media":"","overlay-type":"","overlay-color":"","overlay-opacity":"","overlay-gradient":""}},"_joinchat":[],"footnotes":""},"categories":[16],"tags":[],"class_list":["post-1588","post","type-post","status-publish","format-standard","hentry","category-actualidad"],"yoast_head":"<!-- This site is optimized with the Yoast SEO plugin v26.5 - https:\/\/yoast.com\/wordpress\/plugins\/seo\/ -->\n<title>PC y otras organizaciones de la Regi\u00f3n proponen creaci\u00f3n de Relator\u00eda para la Democracia ante la Asamblea General OEA - Participaci\u00f3n Ciudadana<\/title>\n<meta name=\"robots\" content=\"index, follow, max-snippet:-1, max-image-preview:large, max-video-preview:-1\" \/>\n<link rel=\"canonical\" href=\"https:\/\/www.participacionciudadana.org\/web\/2018\/02\/19\/pc-y-otras-organizaciones-de-la-region-proponen-creacion-de-relatoria-para-la-democracia-ante-la-asamblea-general-oea\/\" \/>\n<meta property=\"og:locale\" content=\"es_ES\" \/>\n<meta property=\"og:type\" content=\"article\" \/>\n<meta property=\"og:title\" content=\"PC y otras organizaciones de la Regi\u00f3n proponen creaci\u00f3n de Relator\u00eda para la Democracia ante la Asamblea General OEA - Participaci\u00f3n Ciudadana\" \/>\n<meta property=\"og:description\" content=\"La directora de la Corporaci\u00f3n Participaci\u00f3n Ciudadana, Ruth Hidalgo, asistir\u00e1 del 14 al 16 de junio, a la Asamblea General de la OEA en Washington, donde junto a varios representantes de las organizaciones de sociedad civil de Latinoam\u00e9rica y el Caribe, propondr\u00e1n ante el Secretario General de ese organismo, Luis Almagro, la creaci\u00f3n de la [&hellip;]\" \/>\n<meta property=\"og:url\" content=\"https:\/\/www.participacionciudadana.org\/web\/2018\/02\/19\/pc-y-otras-organizaciones-de-la-region-proponen-creacion-de-relatoria-para-la-democracia-ante-la-asamblea-general-oea\/\" \/>\n<meta property=\"og:site_name\" content=\"Participaci\u00f3n Ciudadana\" \/>\n<meta property=\"article:publisher\" content=\"https:\/\/www.facebook.com\/ParticipacionPC\/\" \/>\n<meta property=\"article:published_time\" content=\"2018-02-19T21:37:33+00:00\" \/>\n<meta name=\"author\" content=\"auzfabian\" \/>\n<meta name=\"twitter:card\" content=\"summary_large_image\" \/>\n<meta name=\"twitter:creator\" content=\"@ParticipacionPC\" \/>\n<meta name=\"twitter:site\" content=\"@ParticipacionPC\" \/>\n<meta name=\"twitter:label1\" content=\"Escrito por\" \/>\n\t<meta name=\"twitter:data1\" content=\"auzfabian\" \/>\n\t<meta name=\"twitter:label2\" content=\"Tiempo de lectura\" \/>\n\t<meta name=\"twitter:data2\" content=\"1 minuto\" \/>\n<script type=\"application\/ld+json\" class=\"yoast-schema-graph\">{\"@context\":\"https:\/\/schema.org\",\"@graph\":[{\"@type\":\"Article\",\"@id\":\"https:\/\/www.participacionciudadana.org\/web\/2018\/02\/19\/pc-y-otras-organizaciones-de-la-region-proponen-creacion-de-relatoria-para-la-democracia-ante-la-asamblea-general-oea\/#article\",\"isPartOf\":{\"@id\":\"https:\/\/www.participacionciudadana.org\/web\/2018\/02\/19\/pc-y-otras-organizaciones-de-la-region-proponen-creacion-de-relatoria-para-la-democracia-ante-la-asamblea-general-oea\/\"},\"author\":{\"name\":\"auzfabian\",\"@id\":\"https:\/\/www.participacionciudadana.org\/web\/#\/schema\/person\/67ded4b29f4c10d217a0e025340d23ea\"},\"headline\":\"PC y otras organizaciones de la Regi\u00f3n proponen creaci\u00f3n de Relator\u00eda para la Democracia ante la Asamblea General OEA\",\"datePublished\":\"2018-02-19T21:37:33+00:00\",\"mainEntityOfPage\":{\"@id\":\"https:\/\/www.participacionciudadana.org\/web\/2018\/02\/19\/pc-y-otras-organizaciones-de-la-region-proponen-creacion-de-relatoria-para-la-democracia-ante-la-asamblea-general-oea\/\"},\"wordCount\":252,\"commentCount\":0,\"publisher\":{\"@id\":\"https:\/\/www.participacionciudadana.org\/web\/#organization\"},\"articleSection\":[\"Actualidad\"],\"inLanguage\":\"es\",\"potentialAction\":[{\"@type\":\"CommentAction\",\"name\":\"Comment\",\"target\":[\"https:\/\/www.participacionciudadana.org\/web\/2018\/02\/19\/pc-y-otras-organizaciones-de-la-region-proponen-creacion-de-relatoria-para-la-democracia-ante-la-asamblea-general-oea\/#respond\"]}]},{\"@type\":\"WebPage\",\"@id\":\"https:\/\/www.participacionciudadana.org\/web\/2018\/02\/19\/pc-y-otras-organizaciones-de-la-region-proponen-creacion-de-relatoria-para-la-democracia-ante-la-asamblea-general-oea\/\",\"url\":\"https:\/\/www.participacionciudadana.org\/web\/2018\/02\/19\/pc-y-otras-organizaciones-de-la-region-proponen-creacion-de-relatoria-para-la-democracia-ante-la-asamblea-general-oea\/\",\"name\":\"PC y otras organizaciones de la Regi\u00f3n proponen creaci\u00f3n de Relator\u00eda para la Democracia ante la Asamblea General OEA - Participaci\u00f3n Ciudadana\",\"isPartOf\":{\"@id\":\"https:\/\/www.participacionciudadana.org\/web\/#website\"},\"datePublished\":\"2018-02-19T21:37:33+00:00\",\"breadcrumb\":{\"@id\":\"https:\/\/www.participacionciudadana.org\/web\/2018\/02\/19\/pc-y-otras-organizaciones-de-la-region-proponen-creacion-de-relatoria-para-la-democracia-ante-la-asamblea-general-oea\/#breadcrumb\"},\"inLanguage\":\"es\",\"potentialAction\":[{\"@type\":\"ReadAction\",\"target\":[\"https:\/\/www.participacionciudadana.org\/web\/2018\/02\/19\/pc-y-otras-organizaciones-de-la-region-proponen-creacion-de-relatoria-para-la-democracia-ante-la-asamblea-general-oea\/\"]}]},{\"@type\":\"BreadcrumbList\",\"@id\":\"https:\/\/www.participacionciudadana.org\/web\/2018\/02\/19\/pc-y-otras-organizaciones-de-la-region-proponen-creacion-de-relatoria-para-la-democracia-ante-la-asamblea-general-oea\/#breadcrumb\",\"itemListElement\":[{\"@type\":\"ListItem\",\"position\":1,\"name\":\"Portada\",\"item\":\"https:\/\/www.participacionciudadana.org\/web\/\"},{\"@type\":\"ListItem\",\"position\":2,\"name\":\"PC y otras organizaciones de la Regi\u00f3n proponen creaci\u00f3n de Relator\u00eda para la Democracia ante la Asamblea General OEA\"}]},{\"@type\":\"WebSite\",\"@id\":\"https:\/\/www.participacionciudadana.org\/web\/#website\",\"url\":\"https:\/\/www.participacionciudadana.org\/web\/\",\"name\":\"Participaci\u00f3n Ciudadana\",\"description\":\"Comprometidos con la democracia\",\"publisher\":{\"@id\":\"https:\/\/www.participacionciudadana.org\/web\/#organization\"},\"potentialAction\":[{\"@type\":\"SearchAction\",\"target\":{\"@type\":\"EntryPoint\",\"urlTemplate\":\"https:\/\/www.participacionciudadana.org\/web\/?s={search_term_string}\"},\"query-input\":{\"@type\":\"PropertyValueSpecification\",\"valueRequired\":true,\"valueName\":\"search_term_string\"}}],\"inLanguage\":\"es\"},{\"@type\":\"Organization\",\"@id\":\"https:\/\/www.participacionciudadana.org\/web\/#organization\",\"name\":\"Participaci\u00f3n Ciudadana\",\"url\":\"https:\/\/www.participacionciudadana.org\/web\/\",\"logo\":{\"@type\":\"ImageObject\",\"inLanguage\":\"es\",\"@id\":\"https:\/\/www.participacionciudadana.org\/web\/#\/schema\/logo\/image\/\",\"url\":\"https:\/\/www.participacionciudadana.org\/web\/wp-content\/uploads\/2021\/11\/cropped-logo_pc-1.png\",\"contentUrl\":\"https:\/\/www.participacionciudadana.org\/web\/wp-content\/uploads\/2021\/11\/cropped-logo_pc-1.png\",\"width\":340,\"height\":114,\"caption\":\"Participaci\u00f3n Ciudadana\"},\"image\":{\"@id\":\"https:\/\/www.participacionciudadana.org\/web\/#\/schema\/logo\/image\/\"},\"sameAs\":[\"https:\/\/www.facebook.com\/ParticipacionPC\/\",\"https:\/\/x.com\/ParticipacionPC\"]},{\"@type\":\"Person\",\"@id\":\"https:\/\/www.participacionciudadana.org\/web\/#\/schema\/person\/67ded4b29f4c10d217a0e025340d23ea\",\"name\":\"auzfabian\",\"image\":{\"@type\":\"ImageObject\",\"inLanguage\":\"es\",\"@id\":\"https:\/\/www.participacionciudadana.org\/web\/#\/schema\/person\/image\/\",\"url\":\"https:\/\/secure.gravatar.com\/avatar\/b07eacb2fae81fba8818d35abde16f5d26c3e833d77fabbeeb8d53523e796bde?s=96&d=mm&r=g\",\"contentUrl\":\"https:\/\/secure.gravatar.com\/avatar\/b07eacb2fae81fba8818d35abde16f5d26c3e833d77fabbeeb8d53523e796bde?s=96&d=mm&r=g\",\"caption\":\"auzfabian\"},\"sameAs\":[\"https:\/\/www.participacionciudadana.org\/web\"],\"url\":\"https:\/\/www.participacionciudadana.org\/web\/author\/auzfabian\/\"}]}<\/script>\n<!-- \/ Yoast SEO plugin. -->","yoast_head_json":{"title":"PC y otras organizaciones de la Regi\u00f3n proponen creaci\u00f3n de Relator\u00eda para la Democracia ante la Asamblea General OEA - Participaci\u00f3n Ciudadana","robots":{"index":"index","follow":"follow","max-snippet":"max-snippet:-1","max-image-preview":"max-image-preview:large","max-video-preview":"max-video-preview:-1"},"canonical":"https:\/\/www.participacionciudadana.org\/web\/2018\/02\/19\/pc-y-otras-organizaciones-de-la-region-proponen-creacion-de-relatoria-para-la-democracia-ante-la-asamblea-general-oea\/","og_locale":"es_ES","og_type":"article","og_title":"PC y otras organizaciones de la Regi\u00f3n proponen creaci\u00f3n de Relator\u00eda para la Democracia ante la Asamblea General OEA - Participaci\u00f3n Ciudadana","og_description":"La directora de la Corporaci\u00f3n Participaci\u00f3n Ciudadana, Ruth Hidalgo, asistir\u00e1 del 14 al 16 de junio, a la Asamblea General de la OEA en Washington, donde junto a varios representantes de las organizaciones de sociedad civil de Latinoam\u00e9rica y el Caribe, propondr\u00e1n ante el Secretario General de ese organismo, Luis Almagro, la creaci\u00f3n de la [&hellip;]","og_url":"https:\/\/www.participacionciudadana.org\/web\/2018\/02\/19\/pc-y-otras-organizaciones-de-la-region-proponen-creacion-de-relatoria-para-la-democracia-ante-la-asamblea-general-oea\/","og_site_name":"Participaci\u00f3n Ciudadana","article_publisher":"https:\/\/www.facebook.com\/ParticipacionPC\/","article_published_time":"2018-02-19T21:37:33+00:00","author":"auzfabian","twitter_card":"summary_large_image","twitter_creator":"@ParticipacionPC","twitter_site":"@ParticipacionPC","twitter_misc":{"Escrito por":"auzfabian","Tiempo de lectura":"1 minuto"},"schema":{"@context":"https:\/\/schema.org","@graph":[{"@type":"Article","@id":"https:\/\/www.participacionciudadana.org\/web\/2018\/02\/19\/pc-y-otras-organizaciones-de-la-region-proponen-creacion-de-relatoria-para-la-democracia-ante-la-asamblea-general-oea\/#article","isPartOf":{"@id":"https:\/\/www.participacionciudadana.org\/web\/2018\/02\/19\/pc-y-otras-organizaciones-de-la-region-proponen-creacion-de-relatoria-para-la-democracia-ante-la-asamblea-general-oea\/"},"author":{"name":"auzfabian","@id":"https:\/\/www.participacionciudadana.org\/web\/#\/schema\/person\/67ded4b29f4c10d217a0e025340d23ea"},"headline":"PC y otras organizaciones de la Regi\u00f3n proponen creaci\u00f3n de Relator\u00eda para la Democracia ante la Asamblea General OEA","datePublished":"2018-02-19T21:37:33+00:00","mainEntityOfPage":{"@id":"https:\/\/www.participacionciudadana.org\/web\/2018\/02\/19\/pc-y-otras-organizaciones-de-la-region-proponen-creacion-de-relatoria-para-la-democracia-ante-la-asamblea-general-oea\/"},"wordCount":252,"commentCount":0,"publisher":{"@id":"https:\/\/www.participacionciudadana.org\/web\/#organization"},"articleSection":["Actualidad"],"inLanguage":"es","potentialAction":[{"@type":"CommentAction","name":"Comment","target":["https:\/\/www.participacionciudadana.org\/web\/2018\/02\/19\/pc-y-otras-organizaciones-de-la-region-proponen-creacion-de-relatoria-para-la-democracia-ante-la-asamblea-general-oea\/#respond"]}]},{"@type":"WebPage","@id":"https:\/\/www.participacionciudadana.org\/web\/2018\/02\/19\/pc-y-otras-organizaciones-de-la-region-proponen-creacion-de-relatoria-para-la-democracia-ante-la-asamblea-general-oea\/","url":"https:\/\/www.participacionciudadana.org\/web\/2018\/02\/19\/pc-y-otras-organizaciones-de-la-region-proponen-creacion-de-relatoria-para-la-democracia-ante-la-asamblea-general-oea\/","name":"PC y otras organizaciones de la Regi\u00f3n proponen creaci\u00f3n de Relator\u00eda para la Democracia ante la Asamblea General OEA - Participaci\u00f3n Ciudadana","isPartOf":{"@id":"https:\/\/www.participacionciudadana.org\/web\/#website"},"datePublished":"2018-02-19T21:37:33+00:00","breadcrumb":{"@id":"https:\/\/www.participacionciudadana.org\/web\/2018\/02\/19\/pc-y-otras-organizaciones-de-la-region-proponen-creacion-de-relatoria-para-la-democracia-ante-la-asamblea-general-oea\/#breadcrumb"},"inLanguage":"es","potentialAction":[{"@type":"ReadAction","target":["https:\/\/www.participacionciudadana.org\/web\/2018\/02\/19\/pc-y-otras-organizaciones-de-la-region-proponen-creacion-de-relatoria-para-la-democracia-ante-la-asamblea-general-oea\/"]}]},{"@type":"BreadcrumbList","@id":"https:\/\/www.participacionciudadana.org\/web\/2018\/02\/19\/pc-y-otras-organizaciones-de-la-region-proponen-creacion-de-relatoria-para-la-democracia-ante-la-asamblea-general-oea\/#breadcrumb","itemListElement":[{"@type":"ListItem","position":1,"name":"Portada","item":"https:\/\/www.participacionciudadana.org\/web\/"},{"@type":"ListItem","position":2,"name":"PC y otras organizaciones de la Regi\u00f3n proponen creaci\u00f3n de Relator\u00eda para la Democracia ante la Asamblea General OEA"}]},{"@type":"WebSite","@id":"https:\/\/www.participacionciudadana.org\/web\/#website","url":"https:\/\/www.participacionciudadana.org\/web\/","name":"Participaci\u00f3n Ciudadana","description":"Comprometidos con la democracia","publisher":{"@id":"https:\/\/www.participacionciudadana.org\/web\/#organization"},"potentialAction":[{"@type":"SearchAction","target":{"@type":"EntryPoint","urlTemplate":"https:\/\/www.participacionciudadana.org\/web\/?s={search_term_string}"},"query-input":{"@type":"PropertyValueSpecification","valueRequired":true,"valueName":"search_term_string"}}],"inLanguage":"es"},{"@type":"Organization","@id":"https:\/\/www.participacionciudadana.org\/web\/#organization","name":"Participaci\u00f3n Ciudadana","url":"https:\/\/www.participacionciudadana.org\/web\/","logo":{"@type":"ImageObject","inLanguage":"es","@id":"https:\/\/www.participacionciudadana.org\/web\/#\/schema\/logo\/image\/","url":"https:\/\/www.participacionciudadana.org\/web\/wp-content\/uploads\/2021\/11\/cropped-logo_pc-1.png","contentUrl":"https:\/\/www.participacionciudadana.org\/web\/wp-content\/uploads\/2021\/11\/cropped-logo_pc-1.png","width":340,"height":114,"caption":"Participaci\u00f3n Ciudadana"},"image":{"@id":"https:\/\/www.participacionciudadana.org\/web\/#\/schema\/logo\/image\/"},"sameAs":["https:\/\/www.facebook.com\/ParticipacionPC\/","https:\/\/x.com\/ParticipacionPC"]},{"@type":"Person","@id":"https:\/\/www.participacionciudadana.org\/web\/#\/schema\/person\/67ded4b29f4c10d217a0e025340d23ea","name":"auzfabian","image":{"@type":"ImageObject","inLanguage":"es","@id":"https:\/\/www.participacionciudadana.org\/web\/#\/schema\/person\/image\/","url":"https:\/\/secure.gravatar.com\/avatar\/b07eacb2fae81fba8818d35abde16f5d26c3e833d77fabbeeb8d53523e796bde?s=96&d=mm&r=g","contentUrl":"https:\/\/secure.gravatar.com\/avatar\/b07eacb2fae81fba8818d35abde16f5d26c3e833d77fabbeeb8d53523e796bde?s=96&d=mm&r=g","caption":"auzfabian"},"sameAs":["https:\/\/www.participacionciudadana.org\/web"],"url":"https:\/\/www.participacionciudadana.org\/web\/author\/auzfabian\/"}]}},"_links":{"self":[{"href":"https:\/\/www.participacionciudadana.org\/web\/wp-json\/wp\/v2\/posts\/1588","targetHints":{"allow":["GET"]}}],"collection":[{"href":"https:\/\/www.participacionciudadana.org\/web\/wp-json\/wp\/v2\/posts"}],"about":[{"href":"https:\/\/www.participacionciudadana.org\/web\/wp-json\/wp\/v2\/types\/post"}],"author":[{"embeddable":true,"href":"https:\/\/www.participacionciudadana.org\/web\/wp-json\/wp\/v2\/users\/1"}],"replies":[{"embeddable":true,"href":"https:\/\/www.participacionciudadana.org\/web\/wp-json\/wp\/v2\/comments?post=1588"}],"version-history":[{"count":0,"href":"https:\/\/www.participacionciudadana.org\/web\/wp-json\/wp\/v2\/posts\/1588\/revisions"}],"wp:attachment":[{"href":"https:\/\/www.participacionciudadana.org\/web\/wp-json\/wp\/v2\/media?parent=1588"}],"wp:term":[{"taxonomy":"category","embeddable":true,"href":"https:\/\/www.participacionciudadana.org\/web\/wp-json\/wp\/v2\/categories?post=1588"},{"taxonomy":"post_tag","embeddable":true,"href":"https:\/\/www.participacionciudadana.org\/web\/wp-json\/wp\/v2\/tags?post=1588"}],"curies":[{"name":"wp","href":"https:\/\/api.w.org\/{rel}","templated":true}]}}