{"id":1589,"date":"2018-02-19T16:42:34","date_gmt":"2018-02-19T21:42:34","guid":{"rendered":"https:\/\/www.participacionciudadana.org\/web\/2018\/02\/19\/participacion-ciudadana-sostiene-que-reforma-al-decreto-16-debe-ser-derogada\/"},"modified":"2018-02-19T16:42:34","modified_gmt":"2018-02-19T21:42:34","slug":"participacion-ciudadana-sostiene-que-reforma-al-decreto-16-debe-ser-derogada","status":"publish","type":"post","link":"https:\/\/www.participacionciudadana.org\/web\/2018\/02\/19\/participacion-ciudadana-sostiene-que-reforma-al-decreto-16-debe-ser-derogada\/","title":{"rendered":"Participaci\u00f3n Ciudadana sostiene que reforma al Decreto 16 debe ser derogada"},"content":{"rendered":"<p>La Corporaci\u00f3n Participaci\u00f3n Ciudadana, considera que el Decreto 739 que reforma  y codifica al Decreto 16, mantiene normas inconstitucionales, invasivas y atentatorias al Derecho de Asociaci\u00f3n de las organizaciones de la sociedad civil del Ecuador.<\/p>\n<p>La Corporaci\u00f3n expresa que la reforma, destinada a regular el funcionamiento del Sistema Unificado de Informaci\u00f3n de las Organizaciones Sociales y Ciudadanas (SUIOS), establece cambios \u00fanicamente de forma que no afectan el fondo de la Reglamentaci\u00f3nvigente, que afecta los derechos de las organizaciones, que a continuaci\u00f3n se\u00f1alamos.<\/p>\n<ul>\n<p><\/p>\n<li>En el numeral 2 del Art\u00edculo 7 se sustituye la obligaci\u00f3n de sistematizar toda la documentaci\u00f3n vigente, por la obligatoriedad de mantener aquella relevante para el buen gobierno de la organizaci\u00f3n. Por lo tanto, se preserva la ambig\u00fcedad respecto a qui\u00e9n determina qu\u00e9 informaci\u00f3n es relevante, pues es discrecional para la autoridad determinar la figura.<\/li>\n<p><\/p>\n<li>En el Art\u00edculo 24, persiste la disoluci\u00f3n controvertida que permite a la administraci\u00f3n p\u00fablica disolver a las organizaciones de la sociedad civil, ya sea de oficio, ya sea mediante una denuncia, sin un procedimiento claramente establecido que garantice sus derechos.<\/li>\n<p><\/p>\n<li>En el art\u00edculo 22 se mantiene la excesiva discrecionalidad en causales de disoluci\u00f3n tales como desv\u00edo de fines (numeral 2), pol\u00edtica partidista (numeral 6), contravenci\u00f3n reiterada de disposiciones de autoridad (literal 3). Se elimina \u00fanicamente aquella referida a injerencia en pol\u00edticas p\u00fablicas que atenten a la seguridad del Estado.<\/li>\n<p><\/p>\n<li>Se mantiene con cambios sem\u00e1nticos el concepto de la inclusi\u00f3n forzosa de miembros en las organizaciones (respetar el derecho de personas que lo deseen, de vincularse a las organizaciones incluso contra la voluntad de los miembros), misma que atenta a la esencia de la libertad de asociaci\u00f3n, esto es el derecho y libertad de los ciudadanos de asociarse entre quienes y con quienes se considera existen metas y objetivos comunes (art\u00edculo 7 numeral 9).<\/li>\n<\/ul>\n<p>Por estos motivos, Participaci\u00f3n Ciudadana considera que la elaboraci\u00f3n y expedici\u00f3n de la nueva norma, en esencia, mantiene el esp\u00edritu del Decreto 16, porque vulnera los derechos de Asociaci\u00f3n y preserva el principio invasivo, sancionador y burocr\u00e1tico del mismo. Por lo tanto, esta Corporaci\u00f3n, como lo ha venido formulando desde la expedici\u00f3n del Decreto N\u00b0 16, en julio de 2013, insiste que el Gobierno debe derogar el nuevo Decreto 739.<\/p>\n","protected":false},"excerpt":{"rendered":"<p>La Corporaci\u00f3n Participaci\u00f3n Ciudadana, considera que el Decreto 739 que reforma y codifica al Decreto 16, mantiene normas inconstitucionales, invasivas y atentatorias al Derecho de Asociaci\u00f3n de las organizaciones de la sociedad civil del Ecuador. La Corporaci\u00f3n expresa que la reforma, destinada a regular el funcionamiento del Sistema Unificado de Informaci\u00f3n de las Organizaciones Sociales [&hellip;]<\/p>\n","protected":false},"author":1,"featured_media":0,"comment_status":"open","ping_status":"open","sticky":false,"template":"","format":"standard","meta":{"site-sidebar-layout":"default","site-content-layout":"","ast-site-content-layout":"default","site-content-style":"default","site-sidebar-style":"default","ast-global-header-display":"","ast-banner-title-visibility":"","ast-main-header-display":"","ast-hfb-above-header-display":"","ast-hfb-below-header-display":"","ast-hfb-mobile-header-display":"","site-post-title":"","ast-breadcrumbs-content":"","ast-featured-img":"","footer-sml-layout":"","ast-disable-related-posts":"","theme-transparent-header-meta":"","adv-header-id-meta":"","stick-header-meta":"","header-above-stick-meta":"","header-main-stick-meta":"","header-below-stick-meta":"","astra-migrate-meta-layouts":"default","ast-page-background-enabled":"default","ast-page-background-meta":{"desktop":{"background-color":"","background-image":"","background-repeat":"repeat","background-position":"center center","background-size":"auto","background-attachment":"scroll","background-type":"","background-media":"","overlay-type":"","overlay-color":"","overlay-opacity":"","overlay-gradient":""},"tablet":{"background-color":"","background-image":"","background-repeat":"repeat","background-position":"center center","background-size":"auto","background-attachment":"scroll","background-type":"","background-media":"","overlay-type":"","overlay-color":"","overlay-opacity":"","overlay-gradient":""},"mobile":{"background-color":"","background-image":"","background-repeat":"repeat","background-position":"center center","background-size":"auto","background-attachment":"scroll","background-type":"","background-media":"","overlay-type":"","overlay-color":"","overlay-opacity":"","overlay-gradient":""}},"ast-content-background-meta":{"desktop":{"background-color":"var(--ast-global-color-5)","background-image":"","background-repeat":"repeat","background-position":"center center","background-size":"auto","background-attachment":"scroll","background-type":"","background-media":"","overlay-type":"","overlay-color":"","overlay-opacity":"","overlay-gradient":""},"tablet":{"background-color":"var(--ast-global-color-5)","background-image":"","background-repeat":"repeat","background-position":"center center","background-size":"auto","background-attachment":"scroll","background-type":"","background-media":"","overlay-type":"","overlay-color":"","overlay-opacity":"","overlay-gradient":""},"mobile":{"background-color":"var(--ast-global-color-5)","background-image":"","background-repeat":"repeat","background-position":"center center","background-size":"auto","background-attachment":"scroll","background-type":"","background-media":"","overlay-type":"","overlay-color":"","overlay-opacity":"","overlay-gradient":""}},"_joinchat":[],"footnotes":""},"categories":[16],"tags":[],"class_list":["post-1589","post","type-post","status-publish","format-standard","hentry","category-actualidad"],"yoast_head":"<!-- This site is optimized with the Yoast SEO plugin v26.5 - https:\/\/yoast.com\/wordpress\/plugins\/seo\/ -->\n<title>Participaci\u00f3n Ciudadana sostiene que reforma al Decreto 16 debe ser derogada - Participaci\u00f3n Ciudadana<\/title>\n<meta name=\"robots\" content=\"index, follow, max-snippet:-1, max-image-preview:large, max-video-preview:-1\" \/>\n<link rel=\"canonical\" href=\"https:\/\/www.participacionciudadana.org\/web\/2018\/02\/19\/participacion-ciudadana-sostiene-que-reforma-al-decreto-16-debe-ser-derogada\/\" \/>\n<meta property=\"og:locale\" content=\"es_ES\" \/>\n<meta property=\"og:type\" content=\"article\" \/>\n<meta property=\"og:title\" content=\"Participaci\u00f3n Ciudadana sostiene que reforma al Decreto 16 debe ser derogada - Participaci\u00f3n Ciudadana\" \/>\n<meta property=\"og:description\" content=\"La Corporaci\u00f3n Participaci\u00f3n Ciudadana, considera que el Decreto 739 que reforma y codifica al Decreto 16, mantiene normas inconstitucionales, invasivas y atentatorias al Derecho de Asociaci\u00f3n de las organizaciones de la sociedad civil del Ecuador. La Corporaci\u00f3n expresa que la reforma, destinada a regular el funcionamiento del Sistema Unificado de Informaci\u00f3n de las Organizaciones Sociales [&hellip;]\" \/>\n<meta property=\"og:url\" content=\"https:\/\/www.participacionciudadana.org\/web\/2018\/02\/19\/participacion-ciudadana-sostiene-que-reforma-al-decreto-16-debe-ser-derogada\/\" \/>\n<meta property=\"og:site_name\" content=\"Participaci\u00f3n Ciudadana\" \/>\n<meta property=\"article:publisher\" content=\"https:\/\/www.facebook.com\/ParticipacionPC\/\" \/>\n<meta property=\"article:published_time\" content=\"2018-02-19T21:42:34+00:00\" \/>\n<meta name=\"author\" content=\"auzfabian\" \/>\n<meta name=\"twitter:card\" content=\"summary_large_image\" \/>\n<meta name=\"twitter:creator\" content=\"@ParticipacionPC\" \/>\n<meta name=\"twitter:site\" content=\"@ParticipacionPC\" \/>\n<meta name=\"twitter:label1\" content=\"Escrito por\" \/>\n\t<meta name=\"twitter:data1\" content=\"auzfabian\" \/>\n\t<meta name=\"twitter:label2\" content=\"Tiempo de lectura\" \/>\n\t<meta name=\"twitter:data2\" content=\"2 minutos\" \/>\n<script type=\"application\/ld+json\" class=\"yoast-schema-graph\">{\"@context\":\"https:\/\/schema.org\",\"@graph\":[{\"@type\":\"Article\",\"@id\":\"https:\/\/www.participacionciudadana.org\/web\/2018\/02\/19\/participacion-ciudadana-sostiene-que-reforma-al-decreto-16-debe-ser-derogada\/#article\",\"isPartOf\":{\"@id\":\"https:\/\/www.participacionciudadana.org\/web\/2018\/02\/19\/participacion-ciudadana-sostiene-que-reforma-al-decreto-16-debe-ser-derogada\/\"},\"author\":{\"name\":\"auzfabian\",\"@id\":\"https:\/\/www.participacionciudadana.org\/web\/#\/schema\/person\/67ded4b29f4c10d217a0e025340d23ea\"},\"headline\":\"Participaci\u00f3n Ciudadana sostiene que reforma al Decreto 16 debe ser derogada\",\"datePublished\":\"2018-02-19T21:42:34+00:00\",\"mainEntityOfPage\":{\"@id\":\"https:\/\/www.participacionciudadana.org\/web\/2018\/02\/19\/participacion-ciudadana-sostiene-que-reforma-al-decreto-16-debe-ser-derogada\/\"},\"wordCount\":404,\"commentCount\":0,\"publisher\":{\"@id\":\"https:\/\/www.participacionciudadana.org\/web\/#organization\"},\"articleSection\":[\"Actualidad\"],\"inLanguage\":\"es\",\"potentialAction\":[{\"@type\":\"CommentAction\",\"name\":\"Comment\",\"target\":[\"https:\/\/www.participacionciudadana.org\/web\/2018\/02\/19\/participacion-ciudadana-sostiene-que-reforma-al-decreto-16-debe-ser-derogada\/#respond\"]}]},{\"@type\":\"WebPage\",\"@id\":\"https:\/\/www.participacionciudadana.org\/web\/2018\/02\/19\/participacion-ciudadana-sostiene-que-reforma-al-decreto-16-debe-ser-derogada\/\",\"url\":\"https:\/\/www.participacionciudadana.org\/web\/2018\/02\/19\/participacion-ciudadana-sostiene-que-reforma-al-decreto-16-debe-ser-derogada\/\",\"name\":\"Participaci\u00f3n Ciudadana sostiene que reforma al Decreto 16 debe ser derogada - Participaci\u00f3n Ciudadana\",\"isPartOf\":{\"@id\":\"https:\/\/www.participacionciudadana.org\/web\/#website\"},\"datePublished\":\"2018-02-19T21:42:34+00:00\",\"breadcrumb\":{\"@id\":\"https:\/\/www.participacionciudadana.org\/web\/2018\/02\/19\/participacion-ciudadana-sostiene-que-reforma-al-decreto-16-debe-ser-derogada\/#breadcrumb\"},\"inLanguage\":\"es\",\"potentialAction\":[{\"@type\":\"ReadAction\",\"target\":[\"https:\/\/www.participacionciudadana.org\/web\/2018\/02\/19\/participacion-ciudadana-sostiene-que-reforma-al-decreto-16-debe-ser-derogada\/\"]}]},{\"@type\":\"BreadcrumbList\",\"@id\":\"https:\/\/www.participacionciudadana.org\/web\/2018\/02\/19\/participacion-ciudadana-sostiene-que-reforma-al-decreto-16-debe-ser-derogada\/#breadcrumb\",\"itemListElement\":[{\"@type\":\"ListItem\",\"position\":1,\"name\":\"Portada\",\"item\":\"https:\/\/www.participacionciudadana.org\/web\/\"},{\"@type\":\"ListItem\",\"position\":2,\"name\":\"Participaci\u00f3n Ciudadana sostiene que reforma al Decreto 16 debe ser derogada\"}]},{\"@type\":\"WebSite\",\"@id\":\"https:\/\/www.participacionciudadana.org\/web\/#website\",\"url\":\"https:\/\/www.participacionciudadana.org\/web\/\",\"name\":\"Participaci\u00f3n Ciudadana\",\"description\":\"Comprometidos con la democracia\",\"publisher\":{\"@id\":\"https:\/\/www.participacionciudadana.org\/web\/#organization\"},\"potentialAction\":[{\"@type\":\"SearchAction\",\"target\":{\"@type\":\"EntryPoint\",\"urlTemplate\":\"https:\/\/www.participacionciudadana.org\/web\/?s={search_term_string}\"},\"query-input\":{\"@type\":\"PropertyValueSpecification\",\"valueRequired\":true,\"valueName\":\"search_term_string\"}}],\"inLanguage\":\"es\"},{\"@type\":\"Organization\",\"@id\":\"https:\/\/www.participacionciudadana.org\/web\/#organization\",\"name\":\"Participaci\u00f3n Ciudadana\",\"url\":\"https:\/\/www.participacionciudadana.org\/web\/\",\"logo\":{\"@type\":\"ImageObject\",\"inLanguage\":\"es\",\"@id\":\"https:\/\/www.participacionciudadana.org\/web\/#\/schema\/logo\/image\/\",\"url\":\"https:\/\/www.participacionciudadana.org\/web\/wp-content\/uploads\/2021\/11\/cropped-logo_pc-1.png\",\"contentUrl\":\"https:\/\/www.participacionciudadana.org\/web\/wp-content\/uploads\/2021\/11\/cropped-logo_pc-1.png\",\"width\":340,\"height\":114,\"caption\":\"Participaci\u00f3n Ciudadana\"},\"image\":{\"@id\":\"https:\/\/www.participacionciudadana.org\/web\/#\/schema\/logo\/image\/\"},\"sameAs\":[\"https:\/\/www.facebook.com\/ParticipacionPC\/\",\"https:\/\/x.com\/ParticipacionPC\"]},{\"@type\":\"Person\",\"@id\":\"https:\/\/www.participacionciudadana.org\/web\/#\/schema\/person\/67ded4b29f4c10d217a0e025340d23ea\",\"name\":\"auzfabian\",\"image\":{\"@type\":\"ImageObject\",\"inLanguage\":\"es\",\"@id\":\"https:\/\/www.participacionciudadana.org\/web\/#\/schema\/person\/image\/\",\"url\":\"https:\/\/secure.gravatar.com\/avatar\/b07eacb2fae81fba8818d35abde16f5d26c3e833d77fabbeeb8d53523e796bde?s=96&d=mm&r=g\",\"contentUrl\":\"https:\/\/secure.gravatar.com\/avatar\/b07eacb2fae81fba8818d35abde16f5d26c3e833d77fabbeeb8d53523e796bde?s=96&d=mm&r=g\",\"caption\":\"auzfabian\"},\"sameAs\":[\"https:\/\/www.participacionciudadana.org\/web\"],\"url\":\"https:\/\/www.participacionciudadana.org\/web\/author\/auzfabian\/\"}]}<\/script>\n<!-- \/ Yoast SEO plugin. -->","yoast_head_json":{"title":"Participaci\u00f3n Ciudadana sostiene que reforma al Decreto 16 debe ser derogada - Participaci\u00f3n Ciudadana","robots":{"index":"index","follow":"follow","max-snippet":"max-snippet:-1","max-image-preview":"max-image-preview:large","max-video-preview":"max-video-preview:-1"},"canonical":"https:\/\/www.participacionciudadana.org\/web\/2018\/02\/19\/participacion-ciudadana-sostiene-que-reforma-al-decreto-16-debe-ser-derogada\/","og_locale":"es_ES","og_type":"article","og_title":"Participaci\u00f3n Ciudadana sostiene que reforma al Decreto 16 debe ser derogada - Participaci\u00f3n Ciudadana","og_description":"La Corporaci\u00f3n Participaci\u00f3n Ciudadana, considera que el Decreto 739 que reforma y codifica al Decreto 16, mantiene normas inconstitucionales, invasivas y atentatorias al Derecho de Asociaci\u00f3n de las organizaciones de la sociedad civil del Ecuador. La Corporaci\u00f3n expresa que la reforma, destinada a regular el funcionamiento del Sistema Unificado de Informaci\u00f3n de las Organizaciones Sociales [&hellip;]","og_url":"https:\/\/www.participacionciudadana.org\/web\/2018\/02\/19\/participacion-ciudadana-sostiene-que-reforma-al-decreto-16-debe-ser-derogada\/","og_site_name":"Participaci\u00f3n Ciudadana","article_publisher":"https:\/\/www.facebook.com\/ParticipacionPC\/","article_published_time":"2018-02-19T21:42:34+00:00","author":"auzfabian","twitter_card":"summary_large_image","twitter_creator":"@ParticipacionPC","twitter_site":"@ParticipacionPC","twitter_misc":{"Escrito por":"auzfabian","Tiempo de lectura":"2 minutos"},"schema":{"@context":"https:\/\/schema.org","@graph":[{"@type":"Article","@id":"https:\/\/www.participacionciudadana.org\/web\/2018\/02\/19\/participacion-ciudadana-sostiene-que-reforma-al-decreto-16-debe-ser-derogada\/#article","isPartOf":{"@id":"https:\/\/www.participacionciudadana.org\/web\/2018\/02\/19\/participacion-ciudadana-sostiene-que-reforma-al-decreto-16-debe-ser-derogada\/"},"author":{"name":"auzfabian","@id":"https:\/\/www.participacionciudadana.org\/web\/#\/schema\/person\/67ded4b29f4c10d217a0e025340d23ea"},"headline":"Participaci\u00f3n Ciudadana sostiene que reforma al Decreto 16 debe ser derogada","datePublished":"2018-02-19T21:42:34+00:00","mainEntityOfPage":{"@id":"https:\/\/www.participacionciudadana.org\/web\/2018\/02\/19\/participacion-ciudadana-sostiene-que-reforma-al-decreto-16-debe-ser-derogada\/"},"wordCount":404,"commentCount":0,"publisher":{"@id":"https:\/\/www.participacionciudadana.org\/web\/#organization"},"articleSection":["Actualidad"],"inLanguage":"es","potentialAction":[{"@type":"CommentAction","name":"Comment","target":["https:\/\/www.participacionciudadana.org\/web\/2018\/02\/19\/participacion-ciudadana-sostiene-que-reforma-al-decreto-16-debe-ser-derogada\/#respond"]}]},{"@type":"WebPage","@id":"https:\/\/www.participacionciudadana.org\/web\/2018\/02\/19\/participacion-ciudadana-sostiene-que-reforma-al-decreto-16-debe-ser-derogada\/","url":"https:\/\/www.participacionciudadana.org\/web\/2018\/02\/19\/participacion-ciudadana-sostiene-que-reforma-al-decreto-16-debe-ser-derogada\/","name":"Participaci\u00f3n Ciudadana sostiene que reforma al Decreto 16 debe ser derogada - Participaci\u00f3n Ciudadana","isPartOf":{"@id":"https:\/\/www.participacionciudadana.org\/web\/#website"},"datePublished":"2018-02-19T21:42:34+00:00","breadcrumb":{"@id":"https:\/\/www.participacionciudadana.org\/web\/2018\/02\/19\/participacion-ciudadana-sostiene-que-reforma-al-decreto-16-debe-ser-derogada\/#breadcrumb"},"inLanguage":"es","potentialAction":[{"@type":"ReadAction","target":["https:\/\/www.participacionciudadana.org\/web\/2018\/02\/19\/participacion-ciudadana-sostiene-que-reforma-al-decreto-16-debe-ser-derogada\/"]}]},{"@type":"BreadcrumbList","@id":"https:\/\/www.participacionciudadana.org\/web\/2018\/02\/19\/participacion-ciudadana-sostiene-que-reforma-al-decreto-16-debe-ser-derogada\/#breadcrumb","itemListElement":[{"@type":"ListItem","position":1,"name":"Portada","item":"https:\/\/www.participacionciudadana.org\/web\/"},{"@type":"ListItem","position":2,"name":"Participaci\u00f3n Ciudadana sostiene que reforma al Decreto 16 debe ser derogada"}]},{"@type":"WebSite","@id":"https:\/\/www.participacionciudadana.org\/web\/#website","url":"https:\/\/www.participacionciudadana.org\/web\/","name":"Participaci\u00f3n Ciudadana","description":"Comprometidos con la democracia","publisher":{"@id":"https:\/\/www.participacionciudadana.org\/web\/#organization"},"potentialAction":[{"@type":"SearchAction","target":{"@type":"EntryPoint","urlTemplate":"https:\/\/www.participacionciudadana.org\/web\/?s={search_term_string}"},"query-input":{"@type":"PropertyValueSpecification","valueRequired":true,"valueName":"search_term_string"}}],"inLanguage":"es"},{"@type":"Organization","@id":"https:\/\/www.participacionciudadana.org\/web\/#organization","name":"Participaci\u00f3n Ciudadana","url":"https:\/\/www.participacionciudadana.org\/web\/","logo":{"@type":"ImageObject","inLanguage":"es","@id":"https:\/\/www.participacionciudadana.org\/web\/#\/schema\/logo\/image\/","url":"https:\/\/www.participacionciudadana.org\/web\/wp-content\/uploads\/2021\/11\/cropped-logo_pc-1.png","contentUrl":"https:\/\/www.participacionciudadana.org\/web\/wp-content\/uploads\/2021\/11\/cropped-logo_pc-1.png","width":340,"height":114,"caption":"Participaci\u00f3n Ciudadana"},"image":{"@id":"https:\/\/www.participacionciudadana.org\/web\/#\/schema\/logo\/image\/"},"sameAs":["https:\/\/www.facebook.com\/ParticipacionPC\/","https:\/\/x.com\/ParticipacionPC"]},{"@type":"Person","@id":"https:\/\/www.participacionciudadana.org\/web\/#\/schema\/person\/67ded4b29f4c10d217a0e025340d23ea","name":"auzfabian","image":{"@type":"ImageObject","inLanguage":"es","@id":"https:\/\/www.participacionciudadana.org\/web\/#\/schema\/person\/image\/","url":"https:\/\/secure.gravatar.com\/avatar\/b07eacb2fae81fba8818d35abde16f5d26c3e833d77fabbeeb8d53523e796bde?s=96&d=mm&r=g","contentUrl":"https:\/\/secure.gravatar.com\/avatar\/b07eacb2fae81fba8818d35abde16f5d26c3e833d77fabbeeb8d53523e796bde?s=96&d=mm&r=g","caption":"auzfabian"},"sameAs":["https:\/\/www.participacionciudadana.org\/web"],"url":"https:\/\/www.participacionciudadana.org\/web\/author\/auzfabian\/"}]}},"_links":{"self":[{"href":"https:\/\/www.participacionciudadana.org\/web\/wp-json\/wp\/v2\/posts\/1589","targetHints":{"allow":["GET"]}}],"collection":[{"href":"https:\/\/www.participacionciudadana.org\/web\/wp-json\/wp\/v2\/posts"}],"about":[{"href":"https:\/\/www.participacionciudadana.org\/web\/wp-json\/wp\/v2\/types\/post"}],"author":[{"embeddable":true,"href":"https:\/\/www.participacionciudadana.org\/web\/wp-json\/wp\/v2\/users\/1"}],"replies":[{"embeddable":true,"href":"https:\/\/www.participacionciudadana.org\/web\/wp-json\/wp\/v2\/comments?post=1589"}],"version-history":[{"count":0,"href":"https:\/\/www.participacionciudadana.org\/web\/wp-json\/wp\/v2\/posts\/1589\/revisions"}],"wp:attachment":[{"href":"https:\/\/www.participacionciudadana.org\/web\/wp-json\/wp\/v2\/media?parent=1589"}],"wp:term":[{"taxonomy":"category","embeddable":true,"href":"https:\/\/www.participacionciudadana.org\/web\/wp-json\/wp\/v2\/categories?post=1589"},{"taxonomy":"post_tag","embeddable":true,"href":"https:\/\/www.participacionciudadana.org\/web\/wp-json\/wp\/v2\/tags?post=1589"}],"curies":[{"name":"wp","href":"https:\/\/api.w.org\/{rel}","templated":true}]}}