{"id":1593,"date":"2018-02-19T17:07:24","date_gmt":"2018-02-19T22:07:24","guid":{"rendered":"https:\/\/www.participacionciudadana.org\/web\/2018\/02\/19\/dialogo-por-un-pacto-etico-se-realizara-en-ambato\/"},"modified":"2018-02-19T17:07:24","modified_gmt":"2018-02-19T22:07:24","slug":"dialogo-por-un-pacto-etico-se-realizara-en-ambato","status":"publish","type":"post","link":"https:\/\/www.participacionciudadana.org\/web\/2018\/02\/19\/dialogo-por-un-pacto-etico-se-realizara-en-ambato\/","title":{"rendered":"&#8220;Di\u00e1logo por un Pacto \u00c9tico\u201d se realizar\u00e1 en Ambato"},"content":{"rendered":"<p>La Corporaci\u00f3n Participaci\u00f3n Ciudadana y las organizaciones que promueven la iniciativa Pacto \u00c9tico Ecuador realizar\u00e1n el pr\u00f3ximo martes 29 de marzo el &#8220;Di\u00e1logo por un Pacto \u00c9tico&#8221;, en el Hotel Ambato, de 09h30 a 13h30.<\/p>\n<p>La Corporaci\u00f3n extiende una cordial invitaci\u00f3n a representantes de diversas organizaciones sociales de la provincia de Tungurahua, l\u00edderes sociales, barriales y ciudadanos, a construir una agenda colectiva de los temas urgentes que faltan en la democracia ecuatoriana.<\/p>\n<p><b>Los temas que se trabajar\u00e1n son los siguientes:<\/b><\/p>\n<p>1.- Fortalecimiento de la Democracia, Estado de Derecho e Institucionalidad.<\/p>\n<p>2.- Transparencia.<\/p>\n<p>3.- Libertad de Asociaci\u00f3n, Participaci\u00f3n Pol\u00edtica, Participaci\u00f3n Ciudadana y Control Social a la Gesti\u00f3n del Estado.<\/p>\n<p>4.- Derechos Humanos y Derechos de Grupos de Atenci\u00f3n Prioritaria.<\/p>\n<p><\/p>\n<p>En el &#8220;Di\u00e1logo por un Pacto \u00c9tico&#8221;, los representantes de las organizaciones sociales dar\u00e1n sus criterios en las mesas de di\u00e1logo, luego en una plenaria se recoger\u00e1n todos los insumos para construir la agenda de temas pendientes.<\/p>\n<p>Los representantes de las organizaciones sociales que deseen participar pueden inscribirse enviando un correo a megas@participacionciudadana.org o llamando al tel\u00e9fono 02 2458 111.<\/p>\n<p>Hasta el momento se han realizado tres eventos similares en Quito, Guayaquil, Loja, Ibarra, Machala y en esta oportunidad Ambato, posteriormente se efectuar\u00e1n en Cuenca, Manta y Puyo. Los aportes que se recojan en los nueve di\u00e1logos previstos en distintas ciudades del Ecuador ser\u00e1n entregados como una agenda ciudadana a los candidatos presidenciales en el 2017.<\/p>\n<p>El Pacto \u00c9tico \u00a1con los valores bien puestos!, es una iniciativa de sociedad civil que promueve el di\u00e1logo en el pa\u00eds, que viene trabajando desde principios de a\u00f1o con talleres de consolidaci\u00f3n de la propuesta.<\/p>\n","protected":false},"excerpt":{"rendered":"<p>La Corporaci\u00f3n Participaci\u00f3n Ciudadana y las organizaciones que promueven la iniciativa Pacto \u00c9tico Ecuador realizar\u00e1n el pr\u00f3ximo martes 29 de marzo el &#8220;Di\u00e1logo por un Pacto \u00c9tico&#8221;, en el Hotel Ambato, de 09h30 a 13h30. La Corporaci\u00f3n extiende una cordial invitaci\u00f3n a representantes de diversas organizaciones sociales de la provincia de Tungurahua, l\u00edderes sociales, barriales [&hellip;]<\/p>\n","protected":false},"author":1,"featured_media":0,"comment_status":"open","ping_status":"open","sticky":false,"template":"","format":"standard","meta":{"site-sidebar-layout":"default","site-content-layout":"","ast-site-content-layout":"default","site-content-style":"default","site-sidebar-style":"default","ast-global-header-display":"","ast-banner-title-visibility":"","ast-main-header-display":"","ast-hfb-above-header-display":"","ast-hfb-below-header-display":"","ast-hfb-mobile-header-display":"","site-post-title":"","ast-breadcrumbs-content":"","ast-featured-img":"","footer-sml-layout":"","ast-disable-related-posts":"","theme-transparent-header-meta":"","adv-header-id-meta":"","stick-header-meta":"","header-above-stick-meta":"","header-main-stick-meta":"","header-below-stick-meta":"","astra-migrate-meta-layouts":"default","ast-page-background-enabled":"default","ast-page-background-meta":{"desktop":{"background-color":"","background-image":"","background-repeat":"repeat","background-position":"center center","background-size":"auto","background-attachment":"scroll","background-type":"","background-media":"","overlay-type":"","overlay-color":"","overlay-opacity":"","overlay-gradient":""},"tablet":{"background-color":"","background-image":"","background-repeat":"repeat","background-position":"center center","background-size":"auto","background-attachment":"scroll","background-type":"","background-media":"","overlay-type":"","overlay-color":"","overlay-opacity":"","overlay-gradient":""},"mobile":{"background-color":"","background-image":"","background-repeat":"repeat","background-position":"center center","background-size":"auto","background-attachment":"scroll","background-type":"","background-media":"","overlay-type":"","overlay-color":"","overlay-opacity":"","overlay-gradient":""}},"ast-content-background-meta":{"desktop":{"background-color":"var(--ast-global-color-5)","background-image":"","background-repeat":"repeat","background-position":"center center","background-size":"auto","background-attachment":"scroll","background-type":"","background-media":"","overlay-type":"","overlay-color":"","overlay-opacity":"","overlay-gradient":""},"tablet":{"background-color":"var(--ast-global-color-5)","background-image":"","background-repeat":"repeat","background-position":"center center","background-size":"auto","background-attachment":"scroll","background-type":"","background-media":"","overlay-type":"","overlay-color":"","overlay-opacity":"","overlay-gradient":""},"mobile":{"background-color":"var(--ast-global-color-5)","background-image":"","background-repeat":"repeat","background-position":"center center","background-size":"auto","background-attachment":"scroll","background-type":"","background-media":"","overlay-type":"","overlay-color":"","overlay-opacity":"","overlay-gradient":""}},"_joinchat":[],"footnotes":""},"categories":[16],"tags":[],"class_list":["post-1593","post","type-post","status-publish","format-standard","hentry","category-actualidad"],"yoast_head":"<!-- This site is optimized with the Yoast SEO plugin v26.5 - https:\/\/yoast.com\/wordpress\/plugins\/seo\/ -->\n<title>&quot;Di\u00e1logo por un Pacto \u00c9tico\u201d se realizar\u00e1 en Ambato - Participaci\u00f3n Ciudadana<\/title>\n<meta name=\"robots\" content=\"index, follow, max-snippet:-1, max-image-preview:large, max-video-preview:-1\" \/>\n<link rel=\"canonical\" href=\"https:\/\/www.participacionciudadana.org\/web\/2018\/02\/19\/dialogo-por-un-pacto-etico-se-realizara-en-ambato\/\" \/>\n<meta property=\"og:locale\" content=\"es_ES\" \/>\n<meta property=\"og:type\" content=\"article\" \/>\n<meta property=\"og:title\" content=\"&quot;Di\u00e1logo por un Pacto \u00c9tico\u201d se realizar\u00e1 en Ambato - Participaci\u00f3n Ciudadana\" \/>\n<meta property=\"og:description\" content=\"La Corporaci\u00f3n Participaci\u00f3n Ciudadana y las organizaciones que promueven la iniciativa Pacto \u00c9tico Ecuador realizar\u00e1n el pr\u00f3ximo martes 29 de marzo el &#8220;Di\u00e1logo por un Pacto \u00c9tico&#8221;, en el Hotel Ambato, de 09h30 a 13h30. La Corporaci\u00f3n extiende una cordial invitaci\u00f3n a representantes de diversas organizaciones sociales de la provincia de Tungurahua, l\u00edderes sociales, barriales [&hellip;]\" \/>\n<meta property=\"og:url\" content=\"https:\/\/www.participacionciudadana.org\/web\/2018\/02\/19\/dialogo-por-un-pacto-etico-se-realizara-en-ambato\/\" \/>\n<meta property=\"og:site_name\" content=\"Participaci\u00f3n Ciudadana\" \/>\n<meta property=\"article:publisher\" content=\"https:\/\/www.facebook.com\/ParticipacionPC\/\" \/>\n<meta property=\"article:published_time\" content=\"2018-02-19T22:07:24+00:00\" \/>\n<meta name=\"author\" content=\"auzfabian\" \/>\n<meta name=\"twitter:card\" content=\"summary_large_image\" \/>\n<meta name=\"twitter:creator\" content=\"@ParticipacionPC\" \/>\n<meta name=\"twitter:site\" content=\"@ParticipacionPC\" \/>\n<meta name=\"twitter:label1\" content=\"Escrito por\" \/>\n\t<meta name=\"twitter:data1\" content=\"auzfabian\" \/>\n\t<meta name=\"twitter:label2\" content=\"Tiempo de lectura\" \/>\n\t<meta name=\"twitter:data2\" content=\"1 minuto\" \/>\n<script type=\"application\/ld+json\" class=\"yoast-schema-graph\">{\"@context\":\"https:\/\/schema.org\",\"@graph\":[{\"@type\":\"Article\",\"@id\":\"https:\/\/www.participacionciudadana.org\/web\/2018\/02\/19\/dialogo-por-un-pacto-etico-se-realizara-en-ambato\/#article\",\"isPartOf\":{\"@id\":\"https:\/\/www.participacionciudadana.org\/web\/2018\/02\/19\/dialogo-por-un-pacto-etico-se-realizara-en-ambato\/\"},\"author\":{\"name\":\"auzfabian\",\"@id\":\"https:\/\/www.participacionciudadana.org\/web\/#\/schema\/person\/67ded4b29f4c10d217a0e025340d23ea\"},\"headline\":\"&#8220;Di\u00e1logo por un Pacto \u00c9tico\u201d se realizar\u00e1 en Ambato\",\"datePublished\":\"2018-02-19T22:07:24+00:00\",\"mainEntityOfPage\":{\"@id\":\"https:\/\/www.participacionciudadana.org\/web\/2018\/02\/19\/dialogo-por-un-pacto-etico-se-realizara-en-ambato\/\"},\"wordCount\":303,\"commentCount\":0,\"publisher\":{\"@id\":\"https:\/\/www.participacionciudadana.org\/web\/#organization\"},\"articleSection\":[\"Actualidad\"],\"inLanguage\":\"es\",\"potentialAction\":[{\"@type\":\"CommentAction\",\"name\":\"Comment\",\"target\":[\"https:\/\/www.participacionciudadana.org\/web\/2018\/02\/19\/dialogo-por-un-pacto-etico-se-realizara-en-ambato\/#respond\"]}]},{\"@type\":\"WebPage\",\"@id\":\"https:\/\/www.participacionciudadana.org\/web\/2018\/02\/19\/dialogo-por-un-pacto-etico-se-realizara-en-ambato\/\",\"url\":\"https:\/\/www.participacionciudadana.org\/web\/2018\/02\/19\/dialogo-por-un-pacto-etico-se-realizara-en-ambato\/\",\"name\":\"\\\"Di\u00e1logo por un Pacto \u00c9tico\u201d se realizar\u00e1 en Ambato - Participaci\u00f3n Ciudadana\",\"isPartOf\":{\"@id\":\"https:\/\/www.participacionciudadana.org\/web\/#website\"},\"datePublished\":\"2018-02-19T22:07:24+00:00\",\"breadcrumb\":{\"@id\":\"https:\/\/www.participacionciudadana.org\/web\/2018\/02\/19\/dialogo-por-un-pacto-etico-se-realizara-en-ambato\/#breadcrumb\"},\"inLanguage\":\"es\",\"potentialAction\":[{\"@type\":\"ReadAction\",\"target\":[\"https:\/\/www.participacionciudadana.org\/web\/2018\/02\/19\/dialogo-por-un-pacto-etico-se-realizara-en-ambato\/\"]}]},{\"@type\":\"BreadcrumbList\",\"@id\":\"https:\/\/www.participacionciudadana.org\/web\/2018\/02\/19\/dialogo-por-un-pacto-etico-se-realizara-en-ambato\/#breadcrumb\",\"itemListElement\":[{\"@type\":\"ListItem\",\"position\":1,\"name\":\"Portada\",\"item\":\"https:\/\/www.participacionciudadana.org\/web\/\"},{\"@type\":\"ListItem\",\"position\":2,\"name\":\"&#8220;Di\u00e1logo por un Pacto \u00c9tico\u201d se realizar\u00e1 en Ambato\"}]},{\"@type\":\"WebSite\",\"@id\":\"https:\/\/www.participacionciudadana.org\/web\/#website\",\"url\":\"https:\/\/www.participacionciudadana.org\/web\/\",\"name\":\"Participaci\u00f3n Ciudadana\",\"description\":\"Comprometidos con la democracia\",\"publisher\":{\"@id\":\"https:\/\/www.participacionciudadana.org\/web\/#organization\"},\"potentialAction\":[{\"@type\":\"SearchAction\",\"target\":{\"@type\":\"EntryPoint\",\"urlTemplate\":\"https:\/\/www.participacionciudadana.org\/web\/?s={search_term_string}\"},\"query-input\":{\"@type\":\"PropertyValueSpecification\",\"valueRequired\":true,\"valueName\":\"search_term_string\"}}],\"inLanguage\":\"es\"},{\"@type\":\"Organization\",\"@id\":\"https:\/\/www.participacionciudadana.org\/web\/#organization\",\"name\":\"Participaci\u00f3n Ciudadana\",\"url\":\"https:\/\/www.participacionciudadana.org\/web\/\",\"logo\":{\"@type\":\"ImageObject\",\"inLanguage\":\"es\",\"@id\":\"https:\/\/www.participacionciudadana.org\/web\/#\/schema\/logo\/image\/\",\"url\":\"https:\/\/www.participacionciudadana.org\/web\/wp-content\/uploads\/2021\/11\/cropped-logo_pc-1.png\",\"contentUrl\":\"https:\/\/www.participacionciudadana.org\/web\/wp-content\/uploads\/2021\/11\/cropped-logo_pc-1.png\",\"width\":340,\"height\":114,\"caption\":\"Participaci\u00f3n Ciudadana\"},\"image\":{\"@id\":\"https:\/\/www.participacionciudadana.org\/web\/#\/schema\/logo\/image\/\"},\"sameAs\":[\"https:\/\/www.facebook.com\/ParticipacionPC\/\",\"https:\/\/x.com\/ParticipacionPC\"]},{\"@type\":\"Person\",\"@id\":\"https:\/\/www.participacionciudadana.org\/web\/#\/schema\/person\/67ded4b29f4c10d217a0e025340d23ea\",\"name\":\"auzfabian\",\"image\":{\"@type\":\"ImageObject\",\"inLanguage\":\"es\",\"@id\":\"https:\/\/www.participacionciudadana.org\/web\/#\/schema\/person\/image\/\",\"url\":\"https:\/\/secure.gravatar.com\/avatar\/b07eacb2fae81fba8818d35abde16f5d26c3e833d77fabbeeb8d53523e796bde?s=96&d=mm&r=g\",\"contentUrl\":\"https:\/\/secure.gravatar.com\/avatar\/b07eacb2fae81fba8818d35abde16f5d26c3e833d77fabbeeb8d53523e796bde?s=96&d=mm&r=g\",\"caption\":\"auzfabian\"},\"sameAs\":[\"https:\/\/www.participacionciudadana.org\/web\"],\"url\":\"https:\/\/www.participacionciudadana.org\/web\/author\/auzfabian\/\"}]}<\/script>\n<!-- \/ Yoast SEO plugin. -->","yoast_head_json":{"title":"\"Di\u00e1logo por un Pacto \u00c9tico\u201d se realizar\u00e1 en Ambato - Participaci\u00f3n Ciudadana","robots":{"index":"index","follow":"follow","max-snippet":"max-snippet:-1","max-image-preview":"max-image-preview:large","max-video-preview":"max-video-preview:-1"},"canonical":"https:\/\/www.participacionciudadana.org\/web\/2018\/02\/19\/dialogo-por-un-pacto-etico-se-realizara-en-ambato\/","og_locale":"es_ES","og_type":"article","og_title":"\"Di\u00e1logo por un Pacto \u00c9tico\u201d se realizar\u00e1 en Ambato - Participaci\u00f3n Ciudadana","og_description":"La Corporaci\u00f3n Participaci\u00f3n Ciudadana y las organizaciones que promueven la iniciativa Pacto \u00c9tico Ecuador realizar\u00e1n el pr\u00f3ximo martes 29 de marzo el &#8220;Di\u00e1logo por un Pacto \u00c9tico&#8221;, en el Hotel Ambato, de 09h30 a 13h30. La Corporaci\u00f3n extiende una cordial invitaci\u00f3n a representantes de diversas organizaciones sociales de la provincia de Tungurahua, l\u00edderes sociales, barriales [&hellip;]","og_url":"https:\/\/www.participacionciudadana.org\/web\/2018\/02\/19\/dialogo-por-un-pacto-etico-se-realizara-en-ambato\/","og_site_name":"Participaci\u00f3n Ciudadana","article_publisher":"https:\/\/www.facebook.com\/ParticipacionPC\/","article_published_time":"2018-02-19T22:07:24+00:00","author":"auzfabian","twitter_card":"summary_large_image","twitter_creator":"@ParticipacionPC","twitter_site":"@ParticipacionPC","twitter_misc":{"Escrito por":"auzfabian","Tiempo de lectura":"1 minuto"},"schema":{"@context":"https:\/\/schema.org","@graph":[{"@type":"Article","@id":"https:\/\/www.participacionciudadana.org\/web\/2018\/02\/19\/dialogo-por-un-pacto-etico-se-realizara-en-ambato\/#article","isPartOf":{"@id":"https:\/\/www.participacionciudadana.org\/web\/2018\/02\/19\/dialogo-por-un-pacto-etico-se-realizara-en-ambato\/"},"author":{"name":"auzfabian","@id":"https:\/\/www.participacionciudadana.org\/web\/#\/schema\/person\/67ded4b29f4c10d217a0e025340d23ea"},"headline":"&#8220;Di\u00e1logo por un Pacto \u00c9tico\u201d se realizar\u00e1 en Ambato","datePublished":"2018-02-19T22:07:24+00:00","mainEntityOfPage":{"@id":"https:\/\/www.participacionciudadana.org\/web\/2018\/02\/19\/dialogo-por-un-pacto-etico-se-realizara-en-ambato\/"},"wordCount":303,"commentCount":0,"publisher":{"@id":"https:\/\/www.participacionciudadana.org\/web\/#organization"},"articleSection":["Actualidad"],"inLanguage":"es","potentialAction":[{"@type":"CommentAction","name":"Comment","target":["https:\/\/www.participacionciudadana.org\/web\/2018\/02\/19\/dialogo-por-un-pacto-etico-se-realizara-en-ambato\/#respond"]}]},{"@type":"WebPage","@id":"https:\/\/www.participacionciudadana.org\/web\/2018\/02\/19\/dialogo-por-un-pacto-etico-se-realizara-en-ambato\/","url":"https:\/\/www.participacionciudadana.org\/web\/2018\/02\/19\/dialogo-por-un-pacto-etico-se-realizara-en-ambato\/","name":"\"Di\u00e1logo por un Pacto \u00c9tico\u201d se realizar\u00e1 en Ambato - Participaci\u00f3n Ciudadana","isPartOf":{"@id":"https:\/\/www.participacionciudadana.org\/web\/#website"},"datePublished":"2018-02-19T22:07:24+00:00","breadcrumb":{"@id":"https:\/\/www.participacionciudadana.org\/web\/2018\/02\/19\/dialogo-por-un-pacto-etico-se-realizara-en-ambato\/#breadcrumb"},"inLanguage":"es","potentialAction":[{"@type":"ReadAction","target":["https:\/\/www.participacionciudadana.org\/web\/2018\/02\/19\/dialogo-por-un-pacto-etico-se-realizara-en-ambato\/"]}]},{"@type":"BreadcrumbList","@id":"https:\/\/www.participacionciudadana.org\/web\/2018\/02\/19\/dialogo-por-un-pacto-etico-se-realizara-en-ambato\/#breadcrumb","itemListElement":[{"@type":"ListItem","position":1,"name":"Portada","item":"https:\/\/www.participacionciudadana.org\/web\/"},{"@type":"ListItem","position":2,"name":"&#8220;Di\u00e1logo por un Pacto \u00c9tico\u201d se realizar\u00e1 en Ambato"}]},{"@type":"WebSite","@id":"https:\/\/www.participacionciudadana.org\/web\/#website","url":"https:\/\/www.participacionciudadana.org\/web\/","name":"Participaci\u00f3n Ciudadana","description":"Comprometidos con la democracia","publisher":{"@id":"https:\/\/www.participacionciudadana.org\/web\/#organization"},"potentialAction":[{"@type":"SearchAction","target":{"@type":"EntryPoint","urlTemplate":"https:\/\/www.participacionciudadana.org\/web\/?s={search_term_string}"},"query-input":{"@type":"PropertyValueSpecification","valueRequired":true,"valueName":"search_term_string"}}],"inLanguage":"es"},{"@type":"Organization","@id":"https:\/\/www.participacionciudadana.org\/web\/#organization","name":"Participaci\u00f3n Ciudadana","url":"https:\/\/www.participacionciudadana.org\/web\/","logo":{"@type":"ImageObject","inLanguage":"es","@id":"https:\/\/www.participacionciudadana.org\/web\/#\/schema\/logo\/image\/","url":"https:\/\/www.participacionciudadana.org\/web\/wp-content\/uploads\/2021\/11\/cropped-logo_pc-1.png","contentUrl":"https:\/\/www.participacionciudadana.org\/web\/wp-content\/uploads\/2021\/11\/cropped-logo_pc-1.png","width":340,"height":114,"caption":"Participaci\u00f3n Ciudadana"},"image":{"@id":"https:\/\/www.participacionciudadana.org\/web\/#\/schema\/logo\/image\/"},"sameAs":["https:\/\/www.facebook.com\/ParticipacionPC\/","https:\/\/x.com\/ParticipacionPC"]},{"@type":"Person","@id":"https:\/\/www.participacionciudadana.org\/web\/#\/schema\/person\/67ded4b29f4c10d217a0e025340d23ea","name":"auzfabian","image":{"@type":"ImageObject","inLanguage":"es","@id":"https:\/\/www.participacionciudadana.org\/web\/#\/schema\/person\/image\/","url":"https:\/\/secure.gravatar.com\/avatar\/b07eacb2fae81fba8818d35abde16f5d26c3e833d77fabbeeb8d53523e796bde?s=96&d=mm&r=g","contentUrl":"https:\/\/secure.gravatar.com\/avatar\/b07eacb2fae81fba8818d35abde16f5d26c3e833d77fabbeeb8d53523e796bde?s=96&d=mm&r=g","caption":"auzfabian"},"sameAs":["https:\/\/www.participacionciudadana.org\/web"],"url":"https:\/\/www.participacionciudadana.org\/web\/author\/auzfabian\/"}]}},"_links":{"self":[{"href":"https:\/\/www.participacionciudadana.org\/web\/wp-json\/wp\/v2\/posts\/1593","targetHints":{"allow":["GET"]}}],"collection":[{"href":"https:\/\/www.participacionciudadana.org\/web\/wp-json\/wp\/v2\/posts"}],"about":[{"href":"https:\/\/www.participacionciudadana.org\/web\/wp-json\/wp\/v2\/types\/post"}],"author":[{"embeddable":true,"href":"https:\/\/www.participacionciudadana.org\/web\/wp-json\/wp\/v2\/users\/1"}],"replies":[{"embeddable":true,"href":"https:\/\/www.participacionciudadana.org\/web\/wp-json\/wp\/v2\/comments?post=1593"}],"version-history":[{"count":0,"href":"https:\/\/www.participacionciudadana.org\/web\/wp-json\/wp\/v2\/posts\/1593\/revisions"}],"wp:attachment":[{"href":"https:\/\/www.participacionciudadana.org\/web\/wp-json\/wp\/v2\/media?parent=1593"}],"wp:term":[{"taxonomy":"category","embeddable":true,"href":"https:\/\/www.participacionciudadana.org\/web\/wp-json\/wp\/v2\/categories?post=1593"},{"taxonomy":"post_tag","embeddable":true,"href":"https:\/\/www.participacionciudadana.org\/web\/wp-json\/wp\/v2\/tags?post=1593"}],"curies":[{"name":"wp","href":"https:\/\/api.w.org\/{rel}","templated":true}]}}