{"id":1619,"date":"2018-02-20T11:55:19","date_gmt":"2018-02-20T16:55:19","guid":{"rendered":"https:\/\/www.participacionciudadana.org\/web\/2018\/02\/20\/pc-pide-a-la-asamblea-archivo-del-proyecto-de-codigo-organico-de-participacion-ciudadana\/"},"modified":"2018-02-20T11:55:19","modified_gmt":"2018-02-20T16:55:19","slug":"pc-pide-a-la-asamblea-archivo-del-proyecto-de-codigo-organico-de-participacion-ciudadana","status":"publish","type":"post","link":"https:\/\/www.participacionciudadana.org\/web\/2018\/02\/20\/pc-pide-a-la-asamblea-archivo-del-proyecto-de-codigo-organico-de-participacion-ciudadana\/","title":{"rendered":"PC pide a la Asamblea archivo del proyecto de C\u00f3digo Org\u00e1nico de Participaci\u00f3n Ciudadana"},"content":{"rendered":"<p>La Corporaci\u00f3n Participaci\u00f3n<br \/>\nCiudadana considera que la intenci\u00f3n de elevar el Decreto N\u00b0 16 y sus reforma a<br \/>\ncategor\u00eda de \u201cC\u00f3digo Org\u00e1nico\u201d afectar\u00e1 las actividades de las organizaciones<br \/>\nde sociedad civil independientes, impidiendo cumplir el mandato y rol que la<br \/>\nConstituci\u00f3n y la Ley les otorga, como ejercer los derechos de participaci\u00f3n,<br \/>\nlas acciones de vigilancia ciudadana y la veedur\u00eda social.  <\/p>\n<p>En este marco, PC envi\u00f3 una carta a la Presidenta<br \/>\nde la Asamblea, Gabriela Rivadeneira y a los miembros de la Comisi\u00f3n de<br \/>\nParticipaci\u00f3n Ciudadana, pidiendo que el Pleno archive el Proyecto de C\u00f3digo<br \/>\nOrg\u00e1nico del Sistema de Participaci\u00f3n Ciudadana y Control Social, por ser<br \/>\ninconstitucional, violatorio de normas y tratados internacionales, restringe la<br \/>\nLibertad de Asociaci\u00f3n que deber\u00eda ser tutelada por el Estado.<\/p>\n<p>La Corporaci\u00f3n considera que su aprobaci\u00f3n ser\u00eda<br \/>\nun retroceso en la b\u00fasqueda del fortalecimiento de una plena participaci\u00f3n<br \/>\nciudadana, independiente de la injerencia coercitiva del Estado, entre otras<br \/>\ncosas, porque no ha sido construida con la participaci\u00f3n de los sectores<br \/>\ninvolucrados, tal como lo manda la Constituci\u00f3n.<\/p>\n<p>Participaci\u00f3n Ciudadana insiste que este cuerpo<br \/>\nnormativo debe ser derogado, no solo porque violenta al derecho a la libre<br \/>\nasociaci\u00f3n, sino  porque mantiene normas<br \/>\ninconstitucionales, invasivas y atentatorias al Derecho de Asociaci\u00f3n de las organizaciones<br \/>\nde sociedad civil.<\/p>\n<p>Hay que recordar que el Decreto 16 y su reforma,<br \/>\nhan servido como base para cerrar organizaciones como Acci\u00f3n Ecol\u00f3gica,<br \/>\nFundaci\u00f3n Pachamama, la Uni\u00f3n Nacional de Educadores \/ UNE, y otras. En la<br \/>\nactualidad, dicho Decreto sirve de base legal, para  amenazar y amedrentar permanentemente a varias<br \/>\norganizaciones independientes.<\/p>\n<\/p>\n<p><b>Contacto <\/b><b>Relaciones<br \/>\nP\u00fablicas: Pablo Villac\u00eds 0999242307 \/ 022466<br \/>\n003  Ex 102<\/b><\/p>\n","protected":false},"excerpt":{"rendered":"<p>La Corporaci\u00f3n Participaci\u00f3n Ciudadana considera que la intenci\u00f3n de elevar el Decreto N\u00b0 16 y sus reforma a categor\u00eda de \u201cC\u00f3digo Org\u00e1nico\u201d afectar\u00e1 las actividades de las organizaciones de sociedad civil independientes, impidiendo cumplir el mandato y rol que la Constituci\u00f3n y la Ley les otorga, como ejercer los derechos de participaci\u00f3n, las acciones de [&hellip;]<\/p>\n","protected":false},"author":1,"featured_media":0,"comment_status":"open","ping_status":"open","sticky":false,"template":"","format":"standard","meta":{"site-sidebar-layout":"default","site-content-layout":"","ast-site-content-layout":"default","site-content-style":"default","site-sidebar-style":"default","ast-global-header-display":"","ast-banner-title-visibility":"","ast-main-header-display":"","ast-hfb-above-header-display":"","ast-hfb-below-header-display":"","ast-hfb-mobile-header-display":"","site-post-title":"","ast-breadcrumbs-content":"","ast-featured-img":"","footer-sml-layout":"","ast-disable-related-posts":"","theme-transparent-header-meta":"","adv-header-id-meta":"","stick-header-meta":"","header-above-stick-meta":"","header-main-stick-meta":"","header-below-stick-meta":"","astra-migrate-meta-layouts":"default","ast-page-background-enabled":"default","ast-page-background-meta":{"desktop":{"background-color":"","background-image":"","background-repeat":"repeat","background-position":"center center","background-size":"auto","background-attachment":"scroll","background-type":"","background-media":"","overlay-type":"","overlay-color":"","overlay-opacity":"","overlay-gradient":""},"tablet":{"background-color":"","background-image":"","background-repeat":"repeat","background-position":"center center","background-size":"auto","background-attachment":"scroll","background-type":"","background-media":"","overlay-type":"","overlay-color":"","overlay-opacity":"","overlay-gradient":""},"mobile":{"background-color":"","background-image":"","background-repeat":"repeat","background-position":"center center","background-size":"auto","background-attachment":"scroll","background-type":"","background-media":"","overlay-type":"","overlay-color":"","overlay-opacity":"","overlay-gradient":""}},"ast-content-background-meta":{"desktop":{"background-color":"var(--ast-global-color-5)","background-image":"","background-repeat":"repeat","background-position":"center center","background-size":"auto","background-attachment":"scroll","background-type":"","background-media":"","overlay-type":"","overlay-color":"","overlay-opacity":"","overlay-gradient":""},"tablet":{"background-color":"var(--ast-global-color-5)","background-image":"","background-repeat":"repeat","background-position":"center center","background-size":"auto","background-attachment":"scroll","background-type":"","background-media":"","overlay-type":"","overlay-color":"","overlay-opacity":"","overlay-gradient":""},"mobile":{"background-color":"var(--ast-global-color-5)","background-image":"","background-repeat":"repeat","background-position":"center center","background-size":"auto","background-attachment":"scroll","background-type":"","background-media":"","overlay-type":"","overlay-color":"","overlay-opacity":"","overlay-gradient":""}},"_joinchat":[],"footnotes":""},"categories":[16],"tags":[],"class_list":["post-1619","post","type-post","status-publish","format-standard","hentry","category-actualidad"],"yoast_head":"<!-- This site is optimized with the Yoast SEO plugin v26.5 - https:\/\/yoast.com\/wordpress\/plugins\/seo\/ -->\n<title>PC pide a la Asamblea archivo del proyecto de C\u00f3digo Org\u00e1nico de Participaci\u00f3n Ciudadana - Participaci\u00f3n Ciudadana<\/title>\n<meta name=\"robots\" content=\"index, follow, max-snippet:-1, max-image-preview:large, max-video-preview:-1\" \/>\n<link rel=\"canonical\" href=\"https:\/\/www.participacionciudadana.org\/web\/2018\/02\/20\/pc-pide-a-la-asamblea-archivo-del-proyecto-de-codigo-organico-de-participacion-ciudadana\/\" \/>\n<meta property=\"og:locale\" content=\"es_ES\" \/>\n<meta property=\"og:type\" content=\"article\" \/>\n<meta property=\"og:title\" content=\"PC pide a la Asamblea archivo del proyecto de C\u00f3digo Org\u00e1nico de Participaci\u00f3n Ciudadana - Participaci\u00f3n Ciudadana\" \/>\n<meta property=\"og:description\" content=\"La Corporaci\u00f3n Participaci\u00f3n Ciudadana considera que la intenci\u00f3n de elevar el Decreto N\u00b0 16 y sus reforma a categor\u00eda de \u201cC\u00f3digo Org\u00e1nico\u201d afectar\u00e1 las actividades de las organizaciones de sociedad civil independientes, impidiendo cumplir el mandato y rol que la Constituci\u00f3n y la Ley les otorga, como ejercer los derechos de participaci\u00f3n, las acciones de [&hellip;]\" \/>\n<meta property=\"og:url\" content=\"https:\/\/www.participacionciudadana.org\/web\/2018\/02\/20\/pc-pide-a-la-asamblea-archivo-del-proyecto-de-codigo-organico-de-participacion-ciudadana\/\" \/>\n<meta property=\"og:site_name\" content=\"Participaci\u00f3n Ciudadana\" \/>\n<meta property=\"article:publisher\" content=\"https:\/\/www.facebook.com\/ParticipacionPC\/\" \/>\n<meta property=\"article:published_time\" content=\"2018-02-20T16:55:19+00:00\" \/>\n<meta name=\"author\" content=\"auzfabian\" \/>\n<meta name=\"twitter:card\" content=\"summary_large_image\" \/>\n<meta name=\"twitter:creator\" content=\"@ParticipacionPC\" \/>\n<meta name=\"twitter:site\" content=\"@ParticipacionPC\" \/>\n<meta name=\"twitter:label1\" content=\"Escrito por\" \/>\n\t<meta name=\"twitter:data1\" content=\"auzfabian\" \/>\n\t<meta name=\"twitter:label2\" content=\"Tiempo de lectura\" \/>\n\t<meta name=\"twitter:data2\" content=\"1 minuto\" \/>\n<script type=\"application\/ld+json\" class=\"yoast-schema-graph\">{\"@context\":\"https:\/\/schema.org\",\"@graph\":[{\"@type\":\"Article\",\"@id\":\"https:\/\/www.participacionciudadana.org\/web\/2018\/02\/20\/pc-pide-a-la-asamblea-archivo-del-proyecto-de-codigo-organico-de-participacion-ciudadana\/#article\",\"isPartOf\":{\"@id\":\"https:\/\/www.participacionciudadana.org\/web\/2018\/02\/20\/pc-pide-a-la-asamblea-archivo-del-proyecto-de-codigo-organico-de-participacion-ciudadana\/\"},\"author\":{\"name\":\"auzfabian\",\"@id\":\"https:\/\/www.participacionciudadana.org\/web\/#\/schema\/person\/67ded4b29f4c10d217a0e025340d23ea\"},\"headline\":\"PC pide a la Asamblea archivo del proyecto de C\u00f3digo Org\u00e1nico de Participaci\u00f3n Ciudadana\",\"datePublished\":\"2018-02-20T16:55:19+00:00\",\"mainEntityOfPage\":{\"@id\":\"https:\/\/www.participacionciudadana.org\/web\/2018\/02\/20\/pc-pide-a-la-asamblea-archivo-del-proyecto-de-codigo-organico-de-participacion-ciudadana\/\"},\"wordCount\":311,\"commentCount\":0,\"publisher\":{\"@id\":\"https:\/\/www.participacionciudadana.org\/web\/#organization\"},\"articleSection\":[\"Actualidad\"],\"inLanguage\":\"es\",\"potentialAction\":[{\"@type\":\"CommentAction\",\"name\":\"Comment\",\"target\":[\"https:\/\/www.participacionciudadana.org\/web\/2018\/02\/20\/pc-pide-a-la-asamblea-archivo-del-proyecto-de-codigo-organico-de-participacion-ciudadana\/#respond\"]}]},{\"@type\":\"WebPage\",\"@id\":\"https:\/\/www.participacionciudadana.org\/web\/2018\/02\/20\/pc-pide-a-la-asamblea-archivo-del-proyecto-de-codigo-organico-de-participacion-ciudadana\/\",\"url\":\"https:\/\/www.participacionciudadana.org\/web\/2018\/02\/20\/pc-pide-a-la-asamblea-archivo-del-proyecto-de-codigo-organico-de-participacion-ciudadana\/\",\"name\":\"PC pide a la Asamblea archivo del proyecto de C\u00f3digo Org\u00e1nico de Participaci\u00f3n Ciudadana - Participaci\u00f3n Ciudadana\",\"isPartOf\":{\"@id\":\"https:\/\/www.participacionciudadana.org\/web\/#website\"},\"datePublished\":\"2018-02-20T16:55:19+00:00\",\"breadcrumb\":{\"@id\":\"https:\/\/www.participacionciudadana.org\/web\/2018\/02\/20\/pc-pide-a-la-asamblea-archivo-del-proyecto-de-codigo-organico-de-participacion-ciudadana\/#breadcrumb\"},\"inLanguage\":\"es\",\"potentialAction\":[{\"@type\":\"ReadAction\",\"target\":[\"https:\/\/www.participacionciudadana.org\/web\/2018\/02\/20\/pc-pide-a-la-asamblea-archivo-del-proyecto-de-codigo-organico-de-participacion-ciudadana\/\"]}]},{\"@type\":\"BreadcrumbList\",\"@id\":\"https:\/\/www.participacionciudadana.org\/web\/2018\/02\/20\/pc-pide-a-la-asamblea-archivo-del-proyecto-de-codigo-organico-de-participacion-ciudadana\/#breadcrumb\",\"itemListElement\":[{\"@type\":\"ListItem\",\"position\":1,\"name\":\"Portada\",\"item\":\"https:\/\/www.participacionciudadana.org\/web\/\"},{\"@type\":\"ListItem\",\"position\":2,\"name\":\"PC pide a la Asamblea archivo del proyecto de C\u00f3digo Org\u00e1nico de Participaci\u00f3n Ciudadana\"}]},{\"@type\":\"WebSite\",\"@id\":\"https:\/\/www.participacionciudadana.org\/web\/#website\",\"url\":\"https:\/\/www.participacionciudadana.org\/web\/\",\"name\":\"Participaci\u00f3n Ciudadana\",\"description\":\"Comprometidos con la democracia\",\"publisher\":{\"@id\":\"https:\/\/www.participacionciudadana.org\/web\/#organization\"},\"potentialAction\":[{\"@type\":\"SearchAction\",\"target\":{\"@type\":\"EntryPoint\",\"urlTemplate\":\"https:\/\/www.participacionciudadana.org\/web\/?s={search_term_string}\"},\"query-input\":{\"@type\":\"PropertyValueSpecification\",\"valueRequired\":true,\"valueName\":\"search_term_string\"}}],\"inLanguage\":\"es\"},{\"@type\":\"Organization\",\"@id\":\"https:\/\/www.participacionciudadana.org\/web\/#organization\",\"name\":\"Participaci\u00f3n Ciudadana\",\"url\":\"https:\/\/www.participacionciudadana.org\/web\/\",\"logo\":{\"@type\":\"ImageObject\",\"inLanguage\":\"es\",\"@id\":\"https:\/\/www.participacionciudadana.org\/web\/#\/schema\/logo\/image\/\",\"url\":\"https:\/\/www.participacionciudadana.org\/web\/wp-content\/uploads\/2021\/11\/cropped-logo_pc-1.png\",\"contentUrl\":\"https:\/\/www.participacionciudadana.org\/web\/wp-content\/uploads\/2021\/11\/cropped-logo_pc-1.png\",\"width\":340,\"height\":114,\"caption\":\"Participaci\u00f3n Ciudadana\"},\"image\":{\"@id\":\"https:\/\/www.participacionciudadana.org\/web\/#\/schema\/logo\/image\/\"},\"sameAs\":[\"https:\/\/www.facebook.com\/ParticipacionPC\/\",\"https:\/\/x.com\/ParticipacionPC\"]},{\"@type\":\"Person\",\"@id\":\"https:\/\/www.participacionciudadana.org\/web\/#\/schema\/person\/67ded4b29f4c10d217a0e025340d23ea\",\"name\":\"auzfabian\",\"image\":{\"@type\":\"ImageObject\",\"inLanguage\":\"es\",\"@id\":\"https:\/\/www.participacionciudadana.org\/web\/#\/schema\/person\/image\/\",\"url\":\"https:\/\/secure.gravatar.com\/avatar\/b07eacb2fae81fba8818d35abde16f5d26c3e833d77fabbeeb8d53523e796bde?s=96&d=mm&r=g\",\"contentUrl\":\"https:\/\/secure.gravatar.com\/avatar\/b07eacb2fae81fba8818d35abde16f5d26c3e833d77fabbeeb8d53523e796bde?s=96&d=mm&r=g\",\"caption\":\"auzfabian\"},\"sameAs\":[\"https:\/\/www.participacionciudadana.org\/web\"],\"url\":\"https:\/\/www.participacionciudadana.org\/web\/author\/auzfabian\/\"}]}<\/script>\n<!-- \/ Yoast SEO plugin. -->","yoast_head_json":{"title":"PC pide a la Asamblea archivo del proyecto de C\u00f3digo Org\u00e1nico de Participaci\u00f3n Ciudadana - Participaci\u00f3n Ciudadana","robots":{"index":"index","follow":"follow","max-snippet":"max-snippet:-1","max-image-preview":"max-image-preview:large","max-video-preview":"max-video-preview:-1"},"canonical":"https:\/\/www.participacionciudadana.org\/web\/2018\/02\/20\/pc-pide-a-la-asamblea-archivo-del-proyecto-de-codigo-organico-de-participacion-ciudadana\/","og_locale":"es_ES","og_type":"article","og_title":"PC pide a la Asamblea archivo del proyecto de C\u00f3digo Org\u00e1nico de Participaci\u00f3n Ciudadana - Participaci\u00f3n Ciudadana","og_description":"La Corporaci\u00f3n Participaci\u00f3n Ciudadana considera que la intenci\u00f3n de elevar el Decreto N\u00b0 16 y sus reforma a categor\u00eda de \u201cC\u00f3digo Org\u00e1nico\u201d afectar\u00e1 las actividades de las organizaciones de sociedad civil independientes, impidiendo cumplir el mandato y rol que la Constituci\u00f3n y la Ley les otorga, como ejercer los derechos de participaci\u00f3n, las acciones de [&hellip;]","og_url":"https:\/\/www.participacionciudadana.org\/web\/2018\/02\/20\/pc-pide-a-la-asamblea-archivo-del-proyecto-de-codigo-organico-de-participacion-ciudadana\/","og_site_name":"Participaci\u00f3n Ciudadana","article_publisher":"https:\/\/www.facebook.com\/ParticipacionPC\/","article_published_time":"2018-02-20T16:55:19+00:00","author":"auzfabian","twitter_card":"summary_large_image","twitter_creator":"@ParticipacionPC","twitter_site":"@ParticipacionPC","twitter_misc":{"Escrito por":"auzfabian","Tiempo de lectura":"1 minuto"},"schema":{"@context":"https:\/\/schema.org","@graph":[{"@type":"Article","@id":"https:\/\/www.participacionciudadana.org\/web\/2018\/02\/20\/pc-pide-a-la-asamblea-archivo-del-proyecto-de-codigo-organico-de-participacion-ciudadana\/#article","isPartOf":{"@id":"https:\/\/www.participacionciudadana.org\/web\/2018\/02\/20\/pc-pide-a-la-asamblea-archivo-del-proyecto-de-codigo-organico-de-participacion-ciudadana\/"},"author":{"name":"auzfabian","@id":"https:\/\/www.participacionciudadana.org\/web\/#\/schema\/person\/67ded4b29f4c10d217a0e025340d23ea"},"headline":"PC pide a la Asamblea archivo del proyecto de C\u00f3digo Org\u00e1nico de Participaci\u00f3n Ciudadana","datePublished":"2018-02-20T16:55:19+00:00","mainEntityOfPage":{"@id":"https:\/\/www.participacionciudadana.org\/web\/2018\/02\/20\/pc-pide-a-la-asamblea-archivo-del-proyecto-de-codigo-organico-de-participacion-ciudadana\/"},"wordCount":311,"commentCount":0,"publisher":{"@id":"https:\/\/www.participacionciudadana.org\/web\/#organization"},"articleSection":["Actualidad"],"inLanguage":"es","potentialAction":[{"@type":"CommentAction","name":"Comment","target":["https:\/\/www.participacionciudadana.org\/web\/2018\/02\/20\/pc-pide-a-la-asamblea-archivo-del-proyecto-de-codigo-organico-de-participacion-ciudadana\/#respond"]}]},{"@type":"WebPage","@id":"https:\/\/www.participacionciudadana.org\/web\/2018\/02\/20\/pc-pide-a-la-asamblea-archivo-del-proyecto-de-codigo-organico-de-participacion-ciudadana\/","url":"https:\/\/www.participacionciudadana.org\/web\/2018\/02\/20\/pc-pide-a-la-asamblea-archivo-del-proyecto-de-codigo-organico-de-participacion-ciudadana\/","name":"PC pide a la Asamblea archivo del proyecto de C\u00f3digo Org\u00e1nico de Participaci\u00f3n Ciudadana - Participaci\u00f3n Ciudadana","isPartOf":{"@id":"https:\/\/www.participacionciudadana.org\/web\/#website"},"datePublished":"2018-02-20T16:55:19+00:00","breadcrumb":{"@id":"https:\/\/www.participacionciudadana.org\/web\/2018\/02\/20\/pc-pide-a-la-asamblea-archivo-del-proyecto-de-codigo-organico-de-participacion-ciudadana\/#breadcrumb"},"inLanguage":"es","potentialAction":[{"@type":"ReadAction","target":["https:\/\/www.participacionciudadana.org\/web\/2018\/02\/20\/pc-pide-a-la-asamblea-archivo-del-proyecto-de-codigo-organico-de-participacion-ciudadana\/"]}]},{"@type":"BreadcrumbList","@id":"https:\/\/www.participacionciudadana.org\/web\/2018\/02\/20\/pc-pide-a-la-asamblea-archivo-del-proyecto-de-codigo-organico-de-participacion-ciudadana\/#breadcrumb","itemListElement":[{"@type":"ListItem","position":1,"name":"Portada","item":"https:\/\/www.participacionciudadana.org\/web\/"},{"@type":"ListItem","position":2,"name":"PC pide a la Asamblea archivo del proyecto de C\u00f3digo Org\u00e1nico de Participaci\u00f3n Ciudadana"}]},{"@type":"WebSite","@id":"https:\/\/www.participacionciudadana.org\/web\/#website","url":"https:\/\/www.participacionciudadana.org\/web\/","name":"Participaci\u00f3n Ciudadana","description":"Comprometidos con la democracia","publisher":{"@id":"https:\/\/www.participacionciudadana.org\/web\/#organization"},"potentialAction":[{"@type":"SearchAction","target":{"@type":"EntryPoint","urlTemplate":"https:\/\/www.participacionciudadana.org\/web\/?s={search_term_string}"},"query-input":{"@type":"PropertyValueSpecification","valueRequired":true,"valueName":"search_term_string"}}],"inLanguage":"es"},{"@type":"Organization","@id":"https:\/\/www.participacionciudadana.org\/web\/#organization","name":"Participaci\u00f3n Ciudadana","url":"https:\/\/www.participacionciudadana.org\/web\/","logo":{"@type":"ImageObject","inLanguage":"es","@id":"https:\/\/www.participacionciudadana.org\/web\/#\/schema\/logo\/image\/","url":"https:\/\/www.participacionciudadana.org\/web\/wp-content\/uploads\/2021\/11\/cropped-logo_pc-1.png","contentUrl":"https:\/\/www.participacionciudadana.org\/web\/wp-content\/uploads\/2021\/11\/cropped-logo_pc-1.png","width":340,"height":114,"caption":"Participaci\u00f3n Ciudadana"},"image":{"@id":"https:\/\/www.participacionciudadana.org\/web\/#\/schema\/logo\/image\/"},"sameAs":["https:\/\/www.facebook.com\/ParticipacionPC\/","https:\/\/x.com\/ParticipacionPC"]},{"@type":"Person","@id":"https:\/\/www.participacionciudadana.org\/web\/#\/schema\/person\/67ded4b29f4c10d217a0e025340d23ea","name":"auzfabian","image":{"@type":"ImageObject","inLanguage":"es","@id":"https:\/\/www.participacionciudadana.org\/web\/#\/schema\/person\/image\/","url":"https:\/\/secure.gravatar.com\/avatar\/b07eacb2fae81fba8818d35abde16f5d26c3e833d77fabbeeb8d53523e796bde?s=96&d=mm&r=g","contentUrl":"https:\/\/secure.gravatar.com\/avatar\/b07eacb2fae81fba8818d35abde16f5d26c3e833d77fabbeeb8d53523e796bde?s=96&d=mm&r=g","caption":"auzfabian"},"sameAs":["https:\/\/www.participacionciudadana.org\/web"],"url":"https:\/\/www.participacionciudadana.org\/web\/author\/auzfabian\/"}]}},"_links":{"self":[{"href":"https:\/\/www.participacionciudadana.org\/web\/wp-json\/wp\/v2\/posts\/1619","targetHints":{"allow":["GET"]}}],"collection":[{"href":"https:\/\/www.participacionciudadana.org\/web\/wp-json\/wp\/v2\/posts"}],"about":[{"href":"https:\/\/www.participacionciudadana.org\/web\/wp-json\/wp\/v2\/types\/post"}],"author":[{"embeddable":true,"href":"https:\/\/www.participacionciudadana.org\/web\/wp-json\/wp\/v2\/users\/1"}],"replies":[{"embeddable":true,"href":"https:\/\/www.participacionciudadana.org\/web\/wp-json\/wp\/v2\/comments?post=1619"}],"version-history":[{"count":0,"href":"https:\/\/www.participacionciudadana.org\/web\/wp-json\/wp\/v2\/posts\/1619\/revisions"}],"wp:attachment":[{"href":"https:\/\/www.participacionciudadana.org\/web\/wp-json\/wp\/v2\/media?parent=1619"}],"wp:term":[{"taxonomy":"category","embeddable":true,"href":"https:\/\/www.participacionciudadana.org\/web\/wp-json\/wp\/v2\/categories?post=1619"},{"taxonomy":"post_tag","embeddable":true,"href":"https:\/\/www.participacionciudadana.org\/web\/wp-json\/wp\/v2\/tags?post=1619"}],"curies":[{"name":"wp","href":"https:\/\/api.w.org\/{rel}","templated":true}]}}