{"id":1658,"date":"2018-02-20T16:47:38","date_gmt":"2018-02-20T21:47:38","guid":{"rendered":"https:\/\/www.participacionciudadana.org\/web\/2018\/02\/20\/cronica-del-conteo-rapido-que-salvo-la-segunda-vuelta\/"},"modified":"2018-02-20T16:47:38","modified_gmt":"2018-02-20T21:47:38","slug":"cronica-del-conteo-rapido-que-salvo-la-segunda-vuelta","status":"publish","type":"post","link":"https:\/\/www.participacionciudadana.org\/web\/2018\/02\/20\/cronica-del-conteo-rapido-que-salvo-la-segunda-vuelta\/","title":{"rendered":"Cr\u00f3nica del conteo r\u00e1pido que salv\u00f3 la segunda vuelta"},"content":{"rendered":"<p>La Corporaci\u00f3n Participaci\u00f3n Ciudadana (PC) volvi\u00f3 a acertar en los resultados tanto en Presidente como en asamble\u00edstas. Su trabajo, del pasado el 19 de febrero, fue el \u00fanico que arroj\u00f3 cifras concretas sobre lo sucedido el d\u00eda de las elecciones. Con un margen de error de apenas del 1%, la organizaci\u00f3n adelant\u00f3 ese mismo d\u00eda que el Ecuador ir\u00eda a una segunda vuelta despu\u00e9s de 10 a\u00f1os. Un resultado que fue ratificado por el Consejo Nacional Electoral tres d\u00edas despu\u00e9s. A PC le tom\u00f3 ocho meses de preparaci\u00f3n y 100 talleres con sus voluntarios. Pero el 19 de febrero vivi\u00f3 algunos tropiezos. Un cr\u00f3nica gracias a los testimonios de Ruth Hidalgo, directora de PC, y de Mar\u00eda Luisa Changoluisa, coordinadora de la red de voluntarios.<\/p>\n<p><p><b>Los misteriosos candados<\/b><\/p>\n<p>Las operadoras dieron la voz de alarma. Candados imped\u00edan el ingreso al call center de la empresa Cr\u00f3nix, donde la Corporaci\u00f3n Participaci\u00f3n Ciudadana (PC) ten\u00eda su centro mando. Eran las 06:00 del 19 de febrero de 2017. A esa hora nadie sab\u00eda del origen de las cerraduras. El guardia no aparec\u00eda. El letrero de la empresa tambi\u00e9n hab\u00eda desaparecido. Un voluntario intent\u00f3 romperlas con una sierra de mano. Imposible. \u00bfQui\u00e9n las puso y por qu\u00e9? No hab\u00eda tiempo para encontrar una explicaci\u00f3n. Era necesario ingresar. En los recintos de las 24 provincias del pa\u00eds, los observadores de PC ya hab\u00edan recogido los primeros datos sobre el desarrollo de las elecciones presidenciales. Su labor consist\u00eda en llamar al call center para enviar la informaci\u00f3n. Pero en Quito a\u00fan no hab\u00eda nadie en las oficinas. Al edificio solo se puede ingresar por la puerta principal (que estaba con candados) y por el garage. Decidieron forzar la puerta del garage. \u00bfEra legal? La directora de PC, Ruth Hidalgo, recuerda que llamaron a la Polic\u00eda y hasta a sus abogados para asesorarse. Las operadoras entraron reci\u00e9n hacia las 08:00. Fue un retraso de dos horas. Sin embargo, no afect\u00f3 su cronograma. Los observadores al no tener respuesta en Quito enviaron la informaci\u00f3n por internet. Esas eran sus instrucciones en caso de alguna contingencia. Tampoco deb\u00edan moverse del recinto electoral asignado porque en alg\u00fan momento su supervisor se iba a poner en contacto. Todos pusieron en marcha el plan B y ninguno se fue. Pese al incidente, el 98% de voluntarios de PC distribuidos en todo el pa\u00eds transmiti\u00f3 la informaci\u00f3n.<\/p>\n<p><img fetchpriority=\"high\" decoding=\"async\" class=\"richtext-image full-width\" src=\"\/media\/images\/candados.width-800.jpg\" width=\"610\" height=\"356\" alt=\"Candados PC\"><\/p>\n<p><b>Un conteo de votos no se improvisa<\/b><\/p>\n<p>Participaci\u00f3n Ciudadana confirmaba en las primeras horas de la ma\u00f1ana del pasado 19 de febrero que su equipo estaba listo para un d\u00eda hist\u00f3rico. Pero para funcionar con la precisi\u00f3n, en palabras de Ruth Hidalgo, de \u201cun reloj suizo\u201d fue necesario un trabajo previo de ocho meses. En marzo de 2016, esta organizaci\u00f3n de la sociedad civil dedicada a la transparencia empez\u00f3 a formar una red que alcanz\u00f3 los 10.500 voluntarios. Tampoco es una red que reci\u00e9n se constituy\u00f3 hace menos de un a\u00f1o. Son estudiantes, profesores y ciudadanos que conocen a PC desde que inici\u00f3 sus labores en el pa\u00eds hace casi 15 a\u00f1os. Ellos se han involucrado en iniciativas de transparencia, de rendici\u00f3n de cuentas, de formaci\u00f3n de sociedad civil, de control social, de veedur\u00eda.<\/p>\n<p>En marzo lo \u00fanico que PC hizo fue recontactar a todos estos colaboradores. El equipo base en Quito se reparti\u00f3 el pa\u00eds por regi\u00f3n, provincia y sector. Eso implic\u00f3 ubicarlos uno a uno, por correo o tel\u00e9fono, y comprometerlos para el d\u00eda de las elecciones. \u201cPeinamos la localizaci\u00f3n de nuestros voluntarios\u201d, agrega Ruth Hidalgo. Despu\u00e9s de la reconexi\u00f3n, empezaron las capacitaciones. Primero reunieron a las \u201ccabezas\u201d de la red en dos talleres, uno en la Sierra y otro en la Costa. Hicieron m\u00e1s de 100 capacitaciones. Reclutar a miles de personas ha sido \u201cun trabajo tit\u00e1nico\u201d, lo reconoce Hidalgo. Se refiere a que en esta ocasi\u00f3n han sentido el miedo y la apat\u00eda de los ciudadanos por involucrarse en estos temas. \u201c\u00bfEsto nos va a traer alg\u00fan problema?\u201d, preguntaban en esos espacios.<\/p>\n<p>Con el equipo ya preparado, el siguiente paso fue el desarrollo de la muestra para el conteo r\u00e1pido de los votos. PC contact\u00f3 a los mismos t\u00e9cnicos con los que ha trabajado desde hace ocho observaciones electorales. Son tres matem\u00e1ticos y estad\u00edsticos de la Universidad Central los que desarrollan la f\u00f3rmula y garantizan que el margen de error sea de apenas del 1%. Hicieron una premuestra con el padr\u00f3n preliminar que estuvo en la web del Consejo Nacional Electoral (CNE). Despu\u00e9s con el distributivo del padr\u00f3n final, que indica cu\u00e1ntas juntas receptoras del voto hay en cada recinto, los expertos hacen la muestra final. Con esa informaci\u00f3n colocan a los voluntarios en cada lugar estrat\u00e9gico.<\/p>\n<p>El 28 de enero, los voluntarios participaron en un simulacros que organiz\u00f3 PC para poner a prueba sus equipos. Fueron a las juntas receptoras de voto que les toc\u00f3. Fue una oportunidad para reconocer el recinto. Son 10.500 voluntarios, es decir 10.500 juntas (de un total de 41.042) para la muestra . Llevaron un formulario ficticio, llenaron los datos y los transmitieron. As\u00ed testearon tambi\u00e9n el funcionamiento del centro de operaciones de PC, en el norte de Quito, donde se contrataba el call center con 240 operadoras.<\/p>\n<p><img decoding=\"async\" class=\"richtext-image full-width\" src=\"\/media\/images\/MEDIOS.width-800.jpg\" width=\"800\" height=\"380\" alt=\"Medios\"><\/p>\n<p><b>La movilizaci\u00f3n en redes y la llamada al CNE<\/b><\/p>\n<p>Las pruebas fueron superadas. Estaban listos para el d\u00eda de las elecciones. Aunque la aparici\u00f3n de una puerta sellada con candados fue uno de varios tropiezos durante el d\u00eda, esta organizaci\u00f3n de la sociedad civil fue la \u00fanica que entreg\u00f3 al pa\u00eds resultados electorales concretos a cinco horas del cierre de las urnas.<\/p>\n<p>Desde 06:30, los voluntarios llegaron a las juntas. Los coordinadores de cada grupo incluso hab\u00edan salido de sus casas desde las 04:30 para movilizar a su gente a zonas peligrosas de las ciudades. Hubo coordinadores por provincia, por cant\u00f3n, por parroquia y supervisores. Est\u00e1n a cargo de los observadores en cada sector y suman un equipo de 500 personas. Ellos son los que tratan de resolver cualquier problema de \u00faltima hora: si alguien se enferma o pierde el kit de observador electoral, que contiene la credencial del CNE, un manual de observaci\u00f3n, un chaleco, la acreditaci\u00f3n del CNE a Participaci\u00f3n Ciudadana y una mochila. Ese d\u00eda hubo observadores que viajaron hasta zonas de dif\u00edcil acceso como Taisha, cant\u00f3n de Morona Santiago. Desde all\u00ed transmitieron los resultados por radio ante la falta de se\u00f1al de celular.<\/p>\n<p>Hacia las 09:00 ya contaban con informaci\u00f3n sobre la calidad del proceso. M\u00e1s all\u00e1 de la instalaci\u00f3n de las juntas con m\u00e1s de 30 minutos de retraso no hab\u00eda mayores novedades en ese momento. PC hab\u00eda confirmado la presencia de apenas tres grupos pol\u00edticos en los recintos: CREO de Guillermo Lasso, el Partido Social Cristiano y Fuerza Ecuador.<\/p>\n<p>Los observadores deb\u00edan activarse de nuevo antes del cierre de las urnas. Algunos hab\u00edan salido a almorzar pero al regresar ya no les dejaron entrar a los recintos. Militares y coordinadores del CNE les pusieron trabas. Ocurri\u00f3 en Santo Domingo de los Ts\u00e1chilas, donde incluso les quitaron las credenciales. En Chimbo (Bol\u00edvar) los sacaron a todos. Tambi\u00e9n en Guayaquil, Pichincha, Los R\u00edos y Azuay se registraron problemas. Fueron diez provincias en total.<\/p>\n<p>La muestra y el trabajo de meses estaban en riesgo. Antes de las 18:00, las cuentas de redes sociales de PC lanzaron la alerta. Ya tres de las empresas encuestadoras hab\u00edan lanzado a las 17:00 sus exit poll o encuestas a boca de urna. Dos de las tres \u2014Cedatos y Market\u2014 afirmaban que Moreno lideraba la votaci\u00f3n pero no lograba ganar en primera vuelta. Estos datos fueron difundidos profusamente por los canales Ecuavisa y Teleamazonas. La otra, del encuestador oficialista Santiago P\u00e9rez, daba a Moreno la victoria en primera vuelta electoral, con el 42.5% de la votaci\u00f3n nacional. El dato se replic\u00f3 abundatemente por los canales y medios controlados por el gobierno directa o indirectamente. Esta encuesta desat\u00f3 la euforia en las huestes de Alianza PAIS, que se hab\u00edan concentrado en la sede del movimiento en la avenida de Los Shyris con una gran tarima. Hacia all\u00e1 lleg\u00f3 el propio presidente Rafael Correa para abrazar al binomio que proclamaba la victoria. <\/p>\n<p>A menos de 200 metros de distancia, en el cuartel general de PC, en el hotel Dann Carlton, estaba ocurriendo un drama. Los miembros de Participaci\u00f3n Ciudadana, periodistas nacionales e internacionales y t\u00e9cnicos, entend\u00edan que el momento era delicado. El CNE hab\u00eda resuelto \u2014sin explicaci\u00f3n alguna en ese momento\u2014 que no lanzar\u00eda su conteo r\u00e1pido contratado con la Escuela Polit\u00e9cnica Nacional. Para &#8220;desempatar&#8221; el hecho de que tanto Len\u00edn Moreno como Guillermo Lasso se atribu\u00edan la victoria (el uno de ganar en primera vuelta, el otro de forzar una segunda vuelta) solo el conteo r\u00e1pido de Participaci\u00f3n Ciudadana destrabar\u00eda el resultado. <\/p>\n<p>Cerca de las 17:30, Ruth Hidalgo habl\u00f3 informalmente con un grupo de periodistas apostados en el cuartel general. Explic\u00f3 las dificultades que ten\u00edan para lanzar los resultados del conteo a las 20:00. Simplemente pod\u00eda tratarse de un boicot del propio CNE para impedir una versi\u00f3n alternativa a la oficial respecto al resultado de las elecciones, especularon algunos comunicadores. Hidalgo dijo que el presidente Pozo hab\u00eda ofrecido arreglar el problema, pero ten\u00eda que ser lo m\u00e1s pronto, si no ser\u00eda imposible dar sus resultados. <\/p>\n<p>Hidalgo esper\u00f3 hasta un poco antes de las 18:00. En una improvisada rueda de prensa, transmitida en vivo con un celular, Ruth Hidalgo ped\u00eda que se respete el convenio \u201ca cabalidad\u201d para que circulen libremente sus observadores en los recintos y transmitan los resultados. Enseguida l\u00edderes de opini\u00f3n, periodistas y medios replicaron la informaci\u00f3n. Hidalgo recuerda as\u00ed esos momentos: \u201cPersonalmente habl\u00e9 con el presidente del CNE, Juan Pablo Pozo. \u00c9l recibi\u00f3 el listado de los 25 recintos (donde se hab\u00edan producido incidentes). Le \u00edbamos dictando caso por caso y \u00e9l personalmente iba solucionando. El presidente tiene un coordinador, Fausto Holgu\u00edn, y \u00e9l nos fue ayudando con los coordinadores de cada recinto por radio. Pero perdimos tiempo. Ocurri\u00f3 a las 18:30. Esa fue una contingencia. Algunos voluntarios se fueron y les llamamos para que regresen.  Eso nos retras\u00f3. Hab\u00edamos dicho que est\u00e1bamos listos para tener resultados a las 20:00. Pero perdimos m\u00e1s de hora y media\u201d.<\/p>\n<p><b>Los minutos finales<\/b><\/p>\n<p>Tras superar las principales dificultades, los datos empezaron a ingresar lentamente. La muestra de PC bien pudo estabilizarse con el 85% de los datos. Pero esta vez prefirieron llegar al 87,4% para dar mayor tranquilidad al pa\u00eds. Pasadas las 21:00, hab\u00eda expectativa por los resultados de la organizaci\u00f3n. Para entonces el pa\u00eds se debat\u00eda en la incertidumbre. Por un lado, el movimiento oficialista Alianza PAIS segu\u00eda en sus festejos. Por otro, Guillermo Lasso de CREO hablaba de una segunda vuelta. Decenas de personas empezaron a llegar a la sede del CNE, en la Av. 6 de Diciembre y Eloy Alfaro, al centro norte de Quito, encabezadas por Andr\u00e9s P\u00e1ez, binomio de Lasso, y el activista pol\u00edtico Fernando Balda. Gritaban fraude y exig\u00edan respeto a los resultados.<\/p>\n<p>A pesar de lo delicado del momento pol\u00edtico, al parecer para los principales noticieros de las cadenas televisivas nada m\u00e1s hab\u00eda que decir y estaban por cerrar sus transmisiones. Teleamazonas lanz\u00f3 la se\u00f1al sin que la rueda de prensa est\u00e9 totalmente instalada e hizo tiempo para cerrar la trasmisi\u00f3n con los resultados de PC. <\/p>\n<p><img decoding=\"async\" class=\"richtext-image full-width\" src=\"\/media\/images\/voluntarios.width-800.jpg\" width=\"700\" height=\"420\" alt=\"Vountarios\"><\/p>\n<p>Ruth Hidalgo ley\u00f3 los resultados por cada candidato presidencial. Y as\u00ed confirm\u00f3 que hab\u00eda segunda vuelta, la primera despu\u00e9s de 10 a\u00f1os de permanente victoria de Alianza Pa\u00eds. Sus resultados: 38,8% de los votos para el oficialista Len\u00edn Moreno y 28,2% para el opositor Guillermo Lasso. El margen de error era del 1%. Entonces el periodista de NTN24, Jean Paul Bardellini, pregunt\u00f3 a Ruth Hidalgo: ante esos resultados, \u00bfconsidera usted que habr\u00e1 una segunda vuelta electoral? La directora de PC fue tajante: s\u00ed.<\/p>\n<p>En Ecuador es necesario tener el 40% de los votos y 10% de distancia de su contendor. El CNE tardar\u00eda tres d\u00edas m\u00e1s para confirmar el balotaje. PC es reconocida por su acertividad en los resultados electorales. En el caso de los presidenciables, el CNE hizo el anuncio cuando los votos llegaron al 39.3% para Moreno  y 28.1% para Lasso. Es decir, estuvieron dentro del margen de error del 1% de PC. En el caso de asamble\u00edstas, PC dio 67 esca\u00f1os a Alianza Pa\u00eds, sin contar los asamble\u00edstas por el exterior. Ya con el 100% de los votos, la organizaci\u00f3n apenas fall\u00f3 en dos curules.<\/p>\n<p>El 19 de febrero el pa\u00eds se fue a dormir con los resultados de PC. Pero ya sin c\u00e1maras ni medios, el trabajo de hormiga de los observadores continuaba. En algunos recintos el conteo termin\u00f3 a las 03:00. Por ejemplo, en Orellana, los miembros de una junta contaron varias veces los votos porque no lograban ponerse de acuerdo. Hubo quienes del cansancio se fueron del recinto sin colocar los resultados en las actas, seg\u00fan los reportes de los voluntarios. Pero la mayor\u00eda termin\u00f3 de transmitir los resultados de presidente y asamble\u00edstas entre las 23:00 y 24:00. Pasada la medianoche solo quedaban una muestra peque\u00f1\u00edsima por concluir, pero el resultado era irreversible. Al pa\u00eds le esperar\u00edan otras 72 horas de incertidumbre gracias a las demoras en el conteo oficial del CNE. <\/p>\n<p>Sin el conteo r\u00e1pido y oportuno de Participaci\u00f3n Ciudadana y sus m\u00e1s de 10 mil voluntarios, la versi\u00f3n medi\u00e1tica oficialista de haber ganado en primera vuelta, se hubiera impuesto sin m\u00e1s. <\/p>\n<p><b>FUENTE:<\/b> <a href=\"http:\/\/www.planv.com.ec\/historias\/politica\/cronica-del-conteo-rapido-que-salvo-la-segunda-vuelta?nopaging=1\">PLAN V<\/a><\/p>\n","protected":false},"excerpt":{"rendered":"<p>La Corporaci\u00f3n Participaci\u00f3n Ciudadana (PC) volvi\u00f3 a acertar en los resultados tanto en Presidente como en asamble\u00edstas. Su trabajo, del pasado el 19 de febrero, fue el \u00fanico que arroj\u00f3 cifras concretas sobre lo sucedido el d\u00eda de las elecciones. Con un margen de error de apenas del 1%, la organizaci\u00f3n adelant\u00f3 ese mismo d\u00eda [&hellip;]<\/p>\n","protected":false},"author":1,"featured_media":0,"comment_status":"open","ping_status":"open","sticky":false,"template":"","format":"standard","meta":{"site-sidebar-layout":"default","site-content-layout":"","ast-site-content-layout":"default","site-content-style":"default","site-sidebar-style":"default","ast-global-header-display":"","ast-banner-title-visibility":"","ast-main-header-display":"","ast-hfb-above-header-display":"","ast-hfb-below-header-display":"","ast-hfb-mobile-header-display":"","site-post-title":"","ast-breadcrumbs-content":"","ast-featured-img":"","footer-sml-layout":"","ast-disable-related-posts":"","theme-transparent-header-meta":"","adv-header-id-meta":"","stick-header-meta":"","header-above-stick-meta":"","header-main-stick-meta":"","header-below-stick-meta":"","astra-migrate-meta-layouts":"default","ast-page-background-enabled":"default","ast-page-background-meta":{"desktop":{"background-color":"","background-image":"","background-repeat":"repeat","background-position":"center center","background-size":"auto","background-attachment":"scroll","background-type":"","background-media":"","overlay-type":"","overlay-color":"","overlay-opacity":"","overlay-gradient":""},"tablet":{"background-color":"","background-image":"","background-repeat":"repeat","background-position":"center center","background-size":"auto","background-attachment":"scroll","background-type":"","background-media":"","overlay-type":"","overlay-color":"","overlay-opacity":"","overlay-gradient":""},"mobile":{"background-color":"","background-image":"","background-repeat":"repeat","background-position":"center center","background-size":"auto","background-attachment":"scroll","background-type":"","background-media":"","overlay-type":"","overlay-color":"","overlay-opacity":"","overlay-gradient":""}},"ast-content-background-meta":{"desktop":{"background-color":"var(--ast-global-color-5)","background-image":"","background-repeat":"repeat","background-position":"center center","background-size":"auto","background-attachment":"scroll","background-type":"","background-media":"","overlay-type":"","overlay-color":"","overlay-opacity":"","overlay-gradient":""},"tablet":{"background-color":"var(--ast-global-color-5)","background-image":"","background-repeat":"repeat","background-position":"center center","background-size":"auto","background-attachment":"scroll","background-type":"","background-media":"","overlay-type":"","overlay-color":"","overlay-opacity":"","overlay-gradient":""},"mobile":{"background-color":"var(--ast-global-color-5)","background-image":"","background-repeat":"repeat","background-position":"center center","background-size":"auto","background-attachment":"scroll","background-type":"","background-media":"","overlay-type":"","overlay-color":"","overlay-opacity":"","overlay-gradient":""}},"_joinchat":[],"footnotes":""},"categories":[17],"tags":[],"class_list":["post-1658","post","type-post","status-publish","format-standard","hentry","category-medios"],"yoast_head":"<!-- This site is optimized with the Yoast SEO plugin v26.5 - https:\/\/yoast.com\/wordpress\/plugins\/seo\/ -->\n<title>Cr\u00f3nica del conteo r\u00e1pido que salv\u00f3 la segunda vuelta - Participaci\u00f3n Ciudadana<\/title>\n<meta name=\"robots\" content=\"index, follow, max-snippet:-1, max-image-preview:large, max-video-preview:-1\" \/>\n<link rel=\"canonical\" href=\"https:\/\/www.participacionciudadana.org\/web\/2018\/02\/20\/cronica-del-conteo-rapido-que-salvo-la-segunda-vuelta\/\" \/>\n<meta property=\"og:locale\" content=\"es_ES\" \/>\n<meta property=\"og:type\" content=\"article\" \/>\n<meta property=\"og:title\" content=\"Cr\u00f3nica del conteo r\u00e1pido que salv\u00f3 la segunda vuelta - Participaci\u00f3n Ciudadana\" \/>\n<meta property=\"og:description\" content=\"La Corporaci\u00f3n Participaci\u00f3n Ciudadana (PC) volvi\u00f3 a acertar en los resultados tanto en Presidente como en asamble\u00edstas. Su trabajo, del pasado el 19 de febrero, fue el \u00fanico que arroj\u00f3 cifras concretas sobre lo sucedido el d\u00eda de las elecciones. Con un margen de error de apenas del 1%, la organizaci\u00f3n adelant\u00f3 ese mismo d\u00eda [&hellip;]\" \/>\n<meta property=\"og:url\" content=\"https:\/\/www.participacionciudadana.org\/web\/2018\/02\/20\/cronica-del-conteo-rapido-que-salvo-la-segunda-vuelta\/\" \/>\n<meta property=\"og:site_name\" content=\"Participaci\u00f3n Ciudadana\" \/>\n<meta property=\"article:publisher\" content=\"https:\/\/www.facebook.com\/ParticipacionPC\/\" \/>\n<meta property=\"article:published_time\" content=\"2018-02-20T21:47:38+00:00\" \/>\n<meta name=\"author\" content=\"auzfabian\" \/>\n<meta name=\"twitter:card\" content=\"summary_large_image\" \/>\n<meta name=\"twitter:creator\" content=\"@ParticipacionPC\" \/>\n<meta name=\"twitter:site\" content=\"@ParticipacionPC\" \/>\n<meta name=\"twitter:label1\" content=\"Escrito por\" \/>\n\t<meta name=\"twitter:data1\" content=\"auzfabian\" \/>\n\t<meta name=\"twitter:label2\" content=\"Tiempo de lectura\" \/>\n\t<meta name=\"twitter:data2\" content=\"12 minutos\" \/>\n<script type=\"application\/ld+json\" class=\"yoast-schema-graph\">{\"@context\":\"https:\/\/schema.org\",\"@graph\":[{\"@type\":\"Article\",\"@id\":\"https:\/\/www.participacionciudadana.org\/web\/2018\/02\/20\/cronica-del-conteo-rapido-que-salvo-la-segunda-vuelta\/#article\",\"isPartOf\":{\"@id\":\"https:\/\/www.participacionciudadana.org\/web\/2018\/02\/20\/cronica-del-conteo-rapido-que-salvo-la-segunda-vuelta\/\"},\"author\":{\"name\":\"auzfabian\",\"@id\":\"https:\/\/www.participacionciudadana.org\/web\/#\/schema\/person\/67ded4b29f4c10d217a0e025340d23ea\"},\"headline\":\"Cr\u00f3nica del conteo r\u00e1pido que salv\u00f3 la segunda vuelta\",\"datePublished\":\"2018-02-20T21:47:38+00:00\",\"mainEntityOfPage\":{\"@id\":\"https:\/\/www.participacionciudadana.org\/web\/2018\/02\/20\/cronica-del-conteo-rapido-que-salvo-la-segunda-vuelta\/\"},\"wordCount\":2357,\"commentCount\":0,\"publisher\":{\"@id\":\"https:\/\/www.participacionciudadana.org\/web\/#organization\"},\"articleSection\":[\"PC en los Medios\"],\"inLanguage\":\"es\",\"potentialAction\":[{\"@type\":\"CommentAction\",\"name\":\"Comment\",\"target\":[\"https:\/\/www.participacionciudadana.org\/web\/2018\/02\/20\/cronica-del-conteo-rapido-que-salvo-la-segunda-vuelta\/#respond\"]}]},{\"@type\":\"WebPage\",\"@id\":\"https:\/\/www.participacionciudadana.org\/web\/2018\/02\/20\/cronica-del-conteo-rapido-que-salvo-la-segunda-vuelta\/\",\"url\":\"https:\/\/www.participacionciudadana.org\/web\/2018\/02\/20\/cronica-del-conteo-rapido-que-salvo-la-segunda-vuelta\/\",\"name\":\"Cr\u00f3nica del conteo r\u00e1pido que salv\u00f3 la segunda vuelta - Participaci\u00f3n Ciudadana\",\"isPartOf\":{\"@id\":\"https:\/\/www.participacionciudadana.org\/web\/#website\"},\"datePublished\":\"2018-02-20T21:47:38+00:00\",\"breadcrumb\":{\"@id\":\"https:\/\/www.participacionciudadana.org\/web\/2018\/02\/20\/cronica-del-conteo-rapido-que-salvo-la-segunda-vuelta\/#breadcrumb\"},\"inLanguage\":\"es\",\"potentialAction\":[{\"@type\":\"ReadAction\",\"target\":[\"https:\/\/www.participacionciudadana.org\/web\/2018\/02\/20\/cronica-del-conteo-rapido-que-salvo-la-segunda-vuelta\/\"]}]},{\"@type\":\"BreadcrumbList\",\"@id\":\"https:\/\/www.participacionciudadana.org\/web\/2018\/02\/20\/cronica-del-conteo-rapido-que-salvo-la-segunda-vuelta\/#breadcrumb\",\"itemListElement\":[{\"@type\":\"ListItem\",\"position\":1,\"name\":\"Portada\",\"item\":\"https:\/\/www.participacionciudadana.org\/web\/\"},{\"@type\":\"ListItem\",\"position\":2,\"name\":\"Cr\u00f3nica del conteo r\u00e1pido que salv\u00f3 la segunda vuelta\"}]},{\"@type\":\"WebSite\",\"@id\":\"https:\/\/www.participacionciudadana.org\/web\/#website\",\"url\":\"https:\/\/www.participacionciudadana.org\/web\/\",\"name\":\"Participaci\u00f3n Ciudadana\",\"description\":\"Comprometidos con la democracia\",\"publisher\":{\"@id\":\"https:\/\/www.participacionciudadana.org\/web\/#organization\"},\"potentialAction\":[{\"@type\":\"SearchAction\",\"target\":{\"@type\":\"EntryPoint\",\"urlTemplate\":\"https:\/\/www.participacionciudadana.org\/web\/?s={search_term_string}\"},\"query-input\":{\"@type\":\"PropertyValueSpecification\",\"valueRequired\":true,\"valueName\":\"search_term_string\"}}],\"inLanguage\":\"es\"},{\"@type\":\"Organization\",\"@id\":\"https:\/\/www.participacionciudadana.org\/web\/#organization\",\"name\":\"Participaci\u00f3n Ciudadana\",\"url\":\"https:\/\/www.participacionciudadana.org\/web\/\",\"logo\":{\"@type\":\"ImageObject\",\"inLanguage\":\"es\",\"@id\":\"https:\/\/www.participacionciudadana.org\/web\/#\/schema\/logo\/image\/\",\"url\":\"https:\/\/www.participacionciudadana.org\/web\/wp-content\/uploads\/2021\/11\/cropped-logo_pc-1.png\",\"contentUrl\":\"https:\/\/www.participacionciudadana.org\/web\/wp-content\/uploads\/2021\/11\/cropped-logo_pc-1.png\",\"width\":340,\"height\":114,\"caption\":\"Participaci\u00f3n Ciudadana\"},\"image\":{\"@id\":\"https:\/\/www.participacionciudadana.org\/web\/#\/schema\/logo\/image\/\"},\"sameAs\":[\"https:\/\/www.facebook.com\/ParticipacionPC\/\",\"https:\/\/x.com\/ParticipacionPC\"]},{\"@type\":\"Person\",\"@id\":\"https:\/\/www.participacionciudadana.org\/web\/#\/schema\/person\/67ded4b29f4c10d217a0e025340d23ea\",\"name\":\"auzfabian\",\"image\":{\"@type\":\"ImageObject\",\"inLanguage\":\"es\",\"@id\":\"https:\/\/www.participacionciudadana.org\/web\/#\/schema\/person\/image\/\",\"url\":\"https:\/\/secure.gravatar.com\/avatar\/b07eacb2fae81fba8818d35abde16f5d26c3e833d77fabbeeb8d53523e796bde?s=96&d=mm&r=g\",\"contentUrl\":\"https:\/\/secure.gravatar.com\/avatar\/b07eacb2fae81fba8818d35abde16f5d26c3e833d77fabbeeb8d53523e796bde?s=96&d=mm&r=g\",\"caption\":\"auzfabian\"},\"sameAs\":[\"https:\/\/www.participacionciudadana.org\/web\"],\"url\":\"https:\/\/www.participacionciudadana.org\/web\/author\/auzfabian\/\"}]}<\/script>\n<!-- \/ Yoast SEO plugin. -->","yoast_head_json":{"title":"Cr\u00f3nica del conteo r\u00e1pido que salv\u00f3 la segunda vuelta - Participaci\u00f3n Ciudadana","robots":{"index":"index","follow":"follow","max-snippet":"max-snippet:-1","max-image-preview":"max-image-preview:large","max-video-preview":"max-video-preview:-1"},"canonical":"https:\/\/www.participacionciudadana.org\/web\/2018\/02\/20\/cronica-del-conteo-rapido-que-salvo-la-segunda-vuelta\/","og_locale":"es_ES","og_type":"article","og_title":"Cr\u00f3nica del conteo r\u00e1pido que salv\u00f3 la segunda vuelta - Participaci\u00f3n Ciudadana","og_description":"La Corporaci\u00f3n Participaci\u00f3n Ciudadana (PC) volvi\u00f3 a acertar en los resultados tanto en Presidente como en asamble\u00edstas. Su trabajo, del pasado el 19 de febrero, fue el \u00fanico que arroj\u00f3 cifras concretas sobre lo sucedido el d\u00eda de las elecciones. Con un margen de error de apenas del 1%, la organizaci\u00f3n adelant\u00f3 ese mismo d\u00eda [&hellip;]","og_url":"https:\/\/www.participacionciudadana.org\/web\/2018\/02\/20\/cronica-del-conteo-rapido-que-salvo-la-segunda-vuelta\/","og_site_name":"Participaci\u00f3n Ciudadana","article_publisher":"https:\/\/www.facebook.com\/ParticipacionPC\/","article_published_time":"2018-02-20T21:47:38+00:00","author":"auzfabian","twitter_card":"summary_large_image","twitter_creator":"@ParticipacionPC","twitter_site":"@ParticipacionPC","twitter_misc":{"Escrito por":"auzfabian","Tiempo de lectura":"12 minutos"},"schema":{"@context":"https:\/\/schema.org","@graph":[{"@type":"Article","@id":"https:\/\/www.participacionciudadana.org\/web\/2018\/02\/20\/cronica-del-conteo-rapido-que-salvo-la-segunda-vuelta\/#article","isPartOf":{"@id":"https:\/\/www.participacionciudadana.org\/web\/2018\/02\/20\/cronica-del-conteo-rapido-que-salvo-la-segunda-vuelta\/"},"author":{"name":"auzfabian","@id":"https:\/\/www.participacionciudadana.org\/web\/#\/schema\/person\/67ded4b29f4c10d217a0e025340d23ea"},"headline":"Cr\u00f3nica del conteo r\u00e1pido que salv\u00f3 la segunda vuelta","datePublished":"2018-02-20T21:47:38+00:00","mainEntityOfPage":{"@id":"https:\/\/www.participacionciudadana.org\/web\/2018\/02\/20\/cronica-del-conteo-rapido-que-salvo-la-segunda-vuelta\/"},"wordCount":2357,"commentCount":0,"publisher":{"@id":"https:\/\/www.participacionciudadana.org\/web\/#organization"},"articleSection":["PC en los Medios"],"inLanguage":"es","potentialAction":[{"@type":"CommentAction","name":"Comment","target":["https:\/\/www.participacionciudadana.org\/web\/2018\/02\/20\/cronica-del-conteo-rapido-que-salvo-la-segunda-vuelta\/#respond"]}]},{"@type":"WebPage","@id":"https:\/\/www.participacionciudadana.org\/web\/2018\/02\/20\/cronica-del-conteo-rapido-que-salvo-la-segunda-vuelta\/","url":"https:\/\/www.participacionciudadana.org\/web\/2018\/02\/20\/cronica-del-conteo-rapido-que-salvo-la-segunda-vuelta\/","name":"Cr\u00f3nica del conteo r\u00e1pido que salv\u00f3 la segunda vuelta - Participaci\u00f3n Ciudadana","isPartOf":{"@id":"https:\/\/www.participacionciudadana.org\/web\/#website"},"datePublished":"2018-02-20T21:47:38+00:00","breadcrumb":{"@id":"https:\/\/www.participacionciudadana.org\/web\/2018\/02\/20\/cronica-del-conteo-rapido-que-salvo-la-segunda-vuelta\/#breadcrumb"},"inLanguage":"es","potentialAction":[{"@type":"ReadAction","target":["https:\/\/www.participacionciudadana.org\/web\/2018\/02\/20\/cronica-del-conteo-rapido-que-salvo-la-segunda-vuelta\/"]}]},{"@type":"BreadcrumbList","@id":"https:\/\/www.participacionciudadana.org\/web\/2018\/02\/20\/cronica-del-conteo-rapido-que-salvo-la-segunda-vuelta\/#breadcrumb","itemListElement":[{"@type":"ListItem","position":1,"name":"Portada","item":"https:\/\/www.participacionciudadana.org\/web\/"},{"@type":"ListItem","position":2,"name":"Cr\u00f3nica del conteo r\u00e1pido que salv\u00f3 la segunda vuelta"}]},{"@type":"WebSite","@id":"https:\/\/www.participacionciudadana.org\/web\/#website","url":"https:\/\/www.participacionciudadana.org\/web\/","name":"Participaci\u00f3n Ciudadana","description":"Comprometidos con la democracia","publisher":{"@id":"https:\/\/www.participacionciudadana.org\/web\/#organization"},"potentialAction":[{"@type":"SearchAction","target":{"@type":"EntryPoint","urlTemplate":"https:\/\/www.participacionciudadana.org\/web\/?s={search_term_string}"},"query-input":{"@type":"PropertyValueSpecification","valueRequired":true,"valueName":"search_term_string"}}],"inLanguage":"es"},{"@type":"Organization","@id":"https:\/\/www.participacionciudadana.org\/web\/#organization","name":"Participaci\u00f3n Ciudadana","url":"https:\/\/www.participacionciudadana.org\/web\/","logo":{"@type":"ImageObject","inLanguage":"es","@id":"https:\/\/www.participacionciudadana.org\/web\/#\/schema\/logo\/image\/","url":"https:\/\/www.participacionciudadana.org\/web\/wp-content\/uploads\/2021\/11\/cropped-logo_pc-1.png","contentUrl":"https:\/\/www.participacionciudadana.org\/web\/wp-content\/uploads\/2021\/11\/cropped-logo_pc-1.png","width":340,"height":114,"caption":"Participaci\u00f3n Ciudadana"},"image":{"@id":"https:\/\/www.participacionciudadana.org\/web\/#\/schema\/logo\/image\/"},"sameAs":["https:\/\/www.facebook.com\/ParticipacionPC\/","https:\/\/x.com\/ParticipacionPC"]},{"@type":"Person","@id":"https:\/\/www.participacionciudadana.org\/web\/#\/schema\/person\/67ded4b29f4c10d217a0e025340d23ea","name":"auzfabian","image":{"@type":"ImageObject","inLanguage":"es","@id":"https:\/\/www.participacionciudadana.org\/web\/#\/schema\/person\/image\/","url":"https:\/\/secure.gravatar.com\/avatar\/b07eacb2fae81fba8818d35abde16f5d26c3e833d77fabbeeb8d53523e796bde?s=96&d=mm&r=g","contentUrl":"https:\/\/secure.gravatar.com\/avatar\/b07eacb2fae81fba8818d35abde16f5d26c3e833d77fabbeeb8d53523e796bde?s=96&d=mm&r=g","caption":"auzfabian"},"sameAs":["https:\/\/www.participacionciudadana.org\/web"],"url":"https:\/\/www.participacionciudadana.org\/web\/author\/auzfabian\/"}]}},"_links":{"self":[{"href":"https:\/\/www.participacionciudadana.org\/web\/wp-json\/wp\/v2\/posts\/1658","targetHints":{"allow":["GET"]}}],"collection":[{"href":"https:\/\/www.participacionciudadana.org\/web\/wp-json\/wp\/v2\/posts"}],"about":[{"href":"https:\/\/www.participacionciudadana.org\/web\/wp-json\/wp\/v2\/types\/post"}],"author":[{"embeddable":true,"href":"https:\/\/www.participacionciudadana.org\/web\/wp-json\/wp\/v2\/users\/1"}],"replies":[{"embeddable":true,"href":"https:\/\/www.participacionciudadana.org\/web\/wp-json\/wp\/v2\/comments?post=1658"}],"version-history":[{"count":0,"href":"https:\/\/www.participacionciudadana.org\/web\/wp-json\/wp\/v2\/posts\/1658\/revisions"}],"wp:attachment":[{"href":"https:\/\/www.participacionciudadana.org\/web\/wp-json\/wp\/v2\/media?parent=1658"}],"wp:term":[{"taxonomy":"category","embeddable":true,"href":"https:\/\/www.participacionciudadana.org\/web\/wp-json\/wp\/v2\/categories?post=1658"},{"taxonomy":"post_tag","embeddable":true,"href":"https:\/\/www.participacionciudadana.org\/web\/wp-json\/wp\/v2\/tags?post=1658"}],"curies":[{"name":"wp","href":"https:\/\/api.w.org\/{rel}","templated":true}]}}