{"id":1660,"date":"2018-02-20T16:54:50","date_gmt":"2018-02-20T21:54:50","guid":{"rendered":"https:\/\/www.participacionciudadana.org\/web\/2018\/02\/20\/mientras-no-se-controle-el-uso-de-recursos-publicos-en-publicidad-oficial-no-podemos-hablar-de-elecciones-justas\/"},"modified":"2018-02-20T16:54:50","modified_gmt":"2018-02-20T21:54:50","slug":"mientras-no-se-controle-el-uso-de-recursos-publicos-en-publicidad-oficial-no-podemos-hablar-de-elecciones-justas","status":"publish","type":"post","link":"https:\/\/www.participacionciudadana.org\/web\/2018\/02\/20\/mientras-no-se-controle-el-uso-de-recursos-publicos-en-publicidad-oficial-no-podemos-hablar-de-elecciones-justas\/","title":{"rendered":"&#8220;Mientras no se controle el uso de recursos p\u00fablicos en publicidad oficial, no podemos hablar de elecciones justas&#8221;"},"content":{"rendered":"<p>Ruth Hidalgo, directora ejecutiva de la <a href=\"https:\/\/www.participacionciudadana.org\/informaci%C3%B3n-institucional\/\" target=\"_blank\" rel=\"noopener\"> Corporaci\u00f3n Participaci\u00f3n Ciudadana <\/a>, organizaci\u00f3n no gubernamental que surge desde la sociedad civil con el fin de fortalecer la democracia, se pronunci\u00f3 sobre el proceso electoral de las elecciones del pasado 19 de febrero. Hidalgo asegur\u00f3 que el objetivo de esta instituci\u00f3n es \u201cponer en el debate p\u00fablico los temas que deben corregirse\u201d.<\/p>\n<p>Manifest\u00f3 que, en estos 10 a\u00f1os de gobierno, esta entidad ha enfocado su trabajo en el <a href=\"https:\/\/www.participacionciudadana.org\/informes-monitoreo-de-medios-2017\/\" target=\"_blank\" rel=\"noopener\"> control de la difusi\u00f3n de publicidad oficial <\/a>, pues \u201clos bienes p\u00fablicos no le pertenecen a ninguna persona del poder\u201d.<\/p>\n<div class=\"col s12\"><iframe width=\"100%\" height=\"360\" src=\"https:\/\/www.youtube.com\/embed\/RxGGNYa3LTE\" frameborder=\"0\" allowfullscreen><\/iframe><\/div>\n<\/p>\n<p>Asimismo, asever\u00f3 que las  pautas publicitarias en primera vuelta del binomio oficialista superaron a los espacios de los otros candidatos. La directora de Participaci\u00f3n Ciudadana calific\u00f3 de \u201cinequitativo\u201d el proceso de campa\u00f1a y afirm\u00f3 que se incumpli\u00f3 con el silencio electoral.  <\/p>\n<p>En cuento a la observaci\u00f3n electoral, mencion\u00f3 que el m\u00e9todo D`Hondt de asignaci\u00f3n de esca\u00f1os, elimina la representaci\u00f3n de las minor\u00edas.<\/p>\n<p>\u201cToda naci\u00f3n que quiera prestarse de democr\u00e1tica necesita tener dos cosas fundamentales: sociedad civil fuerte y partidos pol\u00edticos fuertes\u201d, asegur\u00f3 y expres\u00f3 que los actores pol\u00edticos que difieran con el r\u00e9gimen, deben tener las garant\u00edas necesarias para su ejercer su participaci\u00f3n.<\/p>\n<p><b>FUENTE:<\/b> <a href=\"http:\/\/www.ecuadorenvivo.com\/entrevistas\/frontal-mente\/59207-ruth-hidalgo-mientras-no-se-controle-el-uso-de-recursos-publicos-en-publicidad-oficial-no-podemos-hablar-de-elecciones-justas.html#.WNK4jhJ97EZ\">http:\/\/www.ecuadorenvivo.com\/<\/a><\/p>\n<p><i><b>Contenido Relacionado<br \/><\/b><\/i>&#8211; <a href=\"https:\/\/www.participacionciudadana.org\/informes-monitoreo-de-medios-2017\/\" target=\"_blank\" rel=\"noopener\"> Informes Monitoreo de Medios <\/a><br \/>&#8211; <a href=\"https:\/\/www.participacionciudadana.org\/entrevista-al-subdirector-de-participaci%C3%B3n-ciudadana-sim%C3%B3n-jaramillo\/\" target=\"_blank\" rel=\"noopener\"> Entrevista a Sim\u00f3n Jaramillo sobre elecciones <\/a><\/p>\n","protected":false},"excerpt":{"rendered":"<p>Ruth Hidalgo, directora ejecutiva de la Corporaci\u00f3n Participaci\u00f3n Ciudadana , organizaci\u00f3n no gubernamental que surge desde la sociedad civil con el fin de fortalecer la democracia, se pronunci\u00f3 sobre el proceso electoral de las elecciones del pasado 19 de febrero. Hidalgo asegur\u00f3 que el objetivo de esta instituci\u00f3n es \u201cponer en el debate p\u00fablico los [&hellip;]<\/p>\n","protected":false},"author":1,"featured_media":0,"comment_status":"open","ping_status":"open","sticky":false,"template":"","format":"standard","meta":{"site-sidebar-layout":"default","site-content-layout":"","ast-site-content-layout":"default","site-content-style":"default","site-sidebar-style":"default","ast-global-header-display":"","ast-banner-title-visibility":"","ast-main-header-display":"","ast-hfb-above-header-display":"","ast-hfb-below-header-display":"","ast-hfb-mobile-header-display":"","site-post-title":"","ast-breadcrumbs-content":"","ast-featured-img":"","footer-sml-layout":"","ast-disable-related-posts":"","theme-transparent-header-meta":"","adv-header-id-meta":"","stick-header-meta":"","header-above-stick-meta":"","header-main-stick-meta":"","header-below-stick-meta":"","astra-migrate-meta-layouts":"default","ast-page-background-enabled":"default","ast-page-background-meta":{"desktop":{"background-color":"","background-image":"","background-repeat":"repeat","background-position":"center center","background-size":"auto","background-attachment":"scroll","background-type":"","background-media":"","overlay-type":"","overlay-color":"","overlay-opacity":"","overlay-gradient":""},"tablet":{"background-color":"","background-image":"","background-repeat":"repeat","background-position":"center center","background-size":"auto","background-attachment":"scroll","background-type":"","background-media":"","overlay-type":"","overlay-color":"","overlay-opacity":"","overlay-gradient":""},"mobile":{"background-color":"","background-image":"","background-repeat":"repeat","background-position":"center center","background-size":"auto","background-attachment":"scroll","background-type":"","background-media":"","overlay-type":"","overlay-color":"","overlay-opacity":"","overlay-gradient":""}},"ast-content-background-meta":{"desktop":{"background-color":"var(--ast-global-color-5)","background-image":"","background-repeat":"repeat","background-position":"center center","background-size":"auto","background-attachment":"scroll","background-type":"","background-media":"","overlay-type":"","overlay-color":"","overlay-opacity":"","overlay-gradient":""},"tablet":{"background-color":"var(--ast-global-color-5)","background-image":"","background-repeat":"repeat","background-position":"center center","background-size":"auto","background-attachment":"scroll","background-type":"","background-media":"","overlay-type":"","overlay-color":"","overlay-opacity":"","overlay-gradient":""},"mobile":{"background-color":"var(--ast-global-color-5)","background-image":"","background-repeat":"repeat","background-position":"center center","background-size":"auto","background-attachment":"scroll","background-type":"","background-media":"","overlay-type":"","overlay-color":"","overlay-opacity":"","overlay-gradient":""}},"_joinchat":[],"footnotes":""},"categories":[17],"tags":[],"class_list":["post-1660","post","type-post","status-publish","format-standard","hentry","category-medios"],"yoast_head":"<!-- This site is optimized with the Yoast SEO plugin v26.5 - https:\/\/yoast.com\/wordpress\/plugins\/seo\/ -->\n<title>&quot;Mientras no se controle el uso de recursos p\u00fablicos en publicidad oficial, no podemos hablar de elecciones justas&quot; - Participaci\u00f3n Ciudadana<\/title>\n<meta name=\"robots\" content=\"index, follow, max-snippet:-1, max-image-preview:large, max-video-preview:-1\" \/>\n<link rel=\"canonical\" href=\"https:\/\/www.participacionciudadana.org\/web\/2018\/02\/20\/mientras-no-se-controle-el-uso-de-recursos-publicos-en-publicidad-oficial-no-podemos-hablar-de-elecciones-justas\/\" \/>\n<meta property=\"og:locale\" content=\"es_ES\" \/>\n<meta property=\"og:type\" content=\"article\" \/>\n<meta property=\"og:title\" content=\"&quot;Mientras no se controle el uso de recursos p\u00fablicos en publicidad oficial, no podemos hablar de elecciones justas&quot; - Participaci\u00f3n Ciudadana\" \/>\n<meta property=\"og:description\" content=\"Ruth Hidalgo, directora ejecutiva de la Corporaci\u00f3n Participaci\u00f3n Ciudadana , organizaci\u00f3n no gubernamental que surge desde la sociedad civil con el fin de fortalecer la democracia, se pronunci\u00f3 sobre el proceso electoral de las elecciones del pasado 19 de febrero. Hidalgo asegur\u00f3 que el objetivo de esta instituci\u00f3n es \u201cponer en el debate p\u00fablico los [&hellip;]\" \/>\n<meta property=\"og:url\" content=\"https:\/\/www.participacionciudadana.org\/web\/2018\/02\/20\/mientras-no-se-controle-el-uso-de-recursos-publicos-en-publicidad-oficial-no-podemos-hablar-de-elecciones-justas\/\" \/>\n<meta property=\"og:site_name\" content=\"Participaci\u00f3n Ciudadana\" \/>\n<meta property=\"article:publisher\" content=\"https:\/\/www.facebook.com\/ParticipacionPC\/\" \/>\n<meta property=\"article:published_time\" content=\"2018-02-20T21:54:50+00:00\" \/>\n<meta name=\"author\" content=\"auzfabian\" \/>\n<meta name=\"twitter:card\" content=\"summary_large_image\" \/>\n<meta name=\"twitter:creator\" content=\"@ParticipacionPC\" \/>\n<meta name=\"twitter:site\" content=\"@ParticipacionPC\" \/>\n<meta name=\"twitter:label1\" content=\"Escrito por\" \/>\n\t<meta name=\"twitter:data1\" content=\"auzfabian\" \/>\n\t<meta name=\"twitter:label2\" content=\"Tiempo de lectura\" \/>\n\t<meta name=\"twitter:data2\" content=\"1 minuto\" \/>\n<script type=\"application\/ld+json\" class=\"yoast-schema-graph\">{\"@context\":\"https:\/\/schema.org\",\"@graph\":[{\"@type\":\"Article\",\"@id\":\"https:\/\/www.participacionciudadana.org\/web\/2018\/02\/20\/mientras-no-se-controle-el-uso-de-recursos-publicos-en-publicidad-oficial-no-podemos-hablar-de-elecciones-justas\/#article\",\"isPartOf\":{\"@id\":\"https:\/\/www.participacionciudadana.org\/web\/2018\/02\/20\/mientras-no-se-controle-el-uso-de-recursos-publicos-en-publicidad-oficial-no-podemos-hablar-de-elecciones-justas\/\"},\"author\":{\"name\":\"auzfabian\",\"@id\":\"https:\/\/www.participacionciudadana.org\/web\/#\/schema\/person\/67ded4b29f4c10d217a0e025340d23ea\"},\"headline\":\"&#8220;Mientras no se controle el uso de recursos p\u00fablicos en publicidad oficial, no podemos hablar de elecciones justas&#8221;\",\"datePublished\":\"2018-02-20T21:54:50+00:00\",\"mainEntityOfPage\":{\"@id\":\"https:\/\/www.participacionciudadana.org\/web\/2018\/02\/20\/mientras-no-se-controle-el-uso-de-recursos-publicos-en-publicidad-oficial-no-podemos-hablar-de-elecciones-justas\/\"},\"wordCount\":257,\"commentCount\":0,\"publisher\":{\"@id\":\"https:\/\/www.participacionciudadana.org\/web\/#organization\"},\"articleSection\":[\"PC en los Medios\"],\"inLanguage\":\"es\",\"potentialAction\":[{\"@type\":\"CommentAction\",\"name\":\"Comment\",\"target\":[\"https:\/\/www.participacionciudadana.org\/web\/2018\/02\/20\/mientras-no-se-controle-el-uso-de-recursos-publicos-en-publicidad-oficial-no-podemos-hablar-de-elecciones-justas\/#respond\"]}]},{\"@type\":\"WebPage\",\"@id\":\"https:\/\/www.participacionciudadana.org\/web\/2018\/02\/20\/mientras-no-se-controle-el-uso-de-recursos-publicos-en-publicidad-oficial-no-podemos-hablar-de-elecciones-justas\/\",\"url\":\"https:\/\/www.participacionciudadana.org\/web\/2018\/02\/20\/mientras-no-se-controle-el-uso-de-recursos-publicos-en-publicidad-oficial-no-podemos-hablar-de-elecciones-justas\/\",\"name\":\"\\\"Mientras no se controle el uso de recursos p\u00fablicos en publicidad oficial, no podemos hablar de elecciones justas\\\" - Participaci\u00f3n Ciudadana\",\"isPartOf\":{\"@id\":\"https:\/\/www.participacionciudadana.org\/web\/#website\"},\"datePublished\":\"2018-02-20T21:54:50+00:00\",\"breadcrumb\":{\"@id\":\"https:\/\/www.participacionciudadana.org\/web\/2018\/02\/20\/mientras-no-se-controle-el-uso-de-recursos-publicos-en-publicidad-oficial-no-podemos-hablar-de-elecciones-justas\/#breadcrumb\"},\"inLanguage\":\"es\",\"potentialAction\":[{\"@type\":\"ReadAction\",\"target\":[\"https:\/\/www.participacionciudadana.org\/web\/2018\/02\/20\/mientras-no-se-controle-el-uso-de-recursos-publicos-en-publicidad-oficial-no-podemos-hablar-de-elecciones-justas\/\"]}]},{\"@type\":\"BreadcrumbList\",\"@id\":\"https:\/\/www.participacionciudadana.org\/web\/2018\/02\/20\/mientras-no-se-controle-el-uso-de-recursos-publicos-en-publicidad-oficial-no-podemos-hablar-de-elecciones-justas\/#breadcrumb\",\"itemListElement\":[{\"@type\":\"ListItem\",\"position\":1,\"name\":\"Portada\",\"item\":\"https:\/\/www.participacionciudadana.org\/web\/\"},{\"@type\":\"ListItem\",\"position\":2,\"name\":\"&#8220;Mientras no se controle el uso de recursos p\u00fablicos en publicidad oficial, no podemos hablar de elecciones justas&#8221;\"}]},{\"@type\":\"WebSite\",\"@id\":\"https:\/\/www.participacionciudadana.org\/web\/#website\",\"url\":\"https:\/\/www.participacionciudadana.org\/web\/\",\"name\":\"Participaci\u00f3n Ciudadana\",\"description\":\"Comprometidos con la democracia\",\"publisher\":{\"@id\":\"https:\/\/www.participacionciudadana.org\/web\/#organization\"},\"potentialAction\":[{\"@type\":\"SearchAction\",\"target\":{\"@type\":\"EntryPoint\",\"urlTemplate\":\"https:\/\/www.participacionciudadana.org\/web\/?s={search_term_string}\"},\"query-input\":{\"@type\":\"PropertyValueSpecification\",\"valueRequired\":true,\"valueName\":\"search_term_string\"}}],\"inLanguage\":\"es\"},{\"@type\":\"Organization\",\"@id\":\"https:\/\/www.participacionciudadana.org\/web\/#organization\",\"name\":\"Participaci\u00f3n Ciudadana\",\"url\":\"https:\/\/www.participacionciudadana.org\/web\/\",\"logo\":{\"@type\":\"ImageObject\",\"inLanguage\":\"es\",\"@id\":\"https:\/\/www.participacionciudadana.org\/web\/#\/schema\/logo\/image\/\",\"url\":\"https:\/\/www.participacionciudadana.org\/web\/wp-content\/uploads\/2021\/11\/cropped-logo_pc-1.png\",\"contentUrl\":\"https:\/\/www.participacionciudadana.org\/web\/wp-content\/uploads\/2021\/11\/cropped-logo_pc-1.png\",\"width\":340,\"height\":114,\"caption\":\"Participaci\u00f3n Ciudadana\"},\"image\":{\"@id\":\"https:\/\/www.participacionciudadana.org\/web\/#\/schema\/logo\/image\/\"},\"sameAs\":[\"https:\/\/www.facebook.com\/ParticipacionPC\/\",\"https:\/\/x.com\/ParticipacionPC\"]},{\"@type\":\"Person\",\"@id\":\"https:\/\/www.participacionciudadana.org\/web\/#\/schema\/person\/67ded4b29f4c10d217a0e025340d23ea\",\"name\":\"auzfabian\",\"image\":{\"@type\":\"ImageObject\",\"inLanguage\":\"es\",\"@id\":\"https:\/\/www.participacionciudadana.org\/web\/#\/schema\/person\/image\/\",\"url\":\"https:\/\/secure.gravatar.com\/avatar\/b07eacb2fae81fba8818d35abde16f5d26c3e833d77fabbeeb8d53523e796bde?s=96&d=mm&r=g\",\"contentUrl\":\"https:\/\/secure.gravatar.com\/avatar\/b07eacb2fae81fba8818d35abde16f5d26c3e833d77fabbeeb8d53523e796bde?s=96&d=mm&r=g\",\"caption\":\"auzfabian\"},\"sameAs\":[\"https:\/\/www.participacionciudadana.org\/web\"],\"url\":\"https:\/\/www.participacionciudadana.org\/web\/author\/auzfabian\/\"}]}<\/script>\n<!-- \/ Yoast SEO plugin. -->","yoast_head_json":{"title":"\"Mientras no se controle el uso de recursos p\u00fablicos en publicidad oficial, no podemos hablar de elecciones justas\" - Participaci\u00f3n Ciudadana","robots":{"index":"index","follow":"follow","max-snippet":"max-snippet:-1","max-image-preview":"max-image-preview:large","max-video-preview":"max-video-preview:-1"},"canonical":"https:\/\/www.participacionciudadana.org\/web\/2018\/02\/20\/mientras-no-se-controle-el-uso-de-recursos-publicos-en-publicidad-oficial-no-podemos-hablar-de-elecciones-justas\/","og_locale":"es_ES","og_type":"article","og_title":"\"Mientras no se controle el uso de recursos p\u00fablicos en publicidad oficial, no podemos hablar de elecciones justas\" - Participaci\u00f3n Ciudadana","og_description":"Ruth Hidalgo, directora ejecutiva de la Corporaci\u00f3n Participaci\u00f3n Ciudadana , organizaci\u00f3n no gubernamental que surge desde la sociedad civil con el fin de fortalecer la democracia, se pronunci\u00f3 sobre el proceso electoral de las elecciones del pasado 19 de febrero. Hidalgo asegur\u00f3 que el objetivo de esta instituci\u00f3n es \u201cponer en el debate p\u00fablico los [&hellip;]","og_url":"https:\/\/www.participacionciudadana.org\/web\/2018\/02\/20\/mientras-no-se-controle-el-uso-de-recursos-publicos-en-publicidad-oficial-no-podemos-hablar-de-elecciones-justas\/","og_site_name":"Participaci\u00f3n Ciudadana","article_publisher":"https:\/\/www.facebook.com\/ParticipacionPC\/","article_published_time":"2018-02-20T21:54:50+00:00","author":"auzfabian","twitter_card":"summary_large_image","twitter_creator":"@ParticipacionPC","twitter_site":"@ParticipacionPC","twitter_misc":{"Escrito por":"auzfabian","Tiempo de lectura":"1 minuto"},"schema":{"@context":"https:\/\/schema.org","@graph":[{"@type":"Article","@id":"https:\/\/www.participacionciudadana.org\/web\/2018\/02\/20\/mientras-no-se-controle-el-uso-de-recursos-publicos-en-publicidad-oficial-no-podemos-hablar-de-elecciones-justas\/#article","isPartOf":{"@id":"https:\/\/www.participacionciudadana.org\/web\/2018\/02\/20\/mientras-no-se-controle-el-uso-de-recursos-publicos-en-publicidad-oficial-no-podemos-hablar-de-elecciones-justas\/"},"author":{"name":"auzfabian","@id":"https:\/\/www.participacionciudadana.org\/web\/#\/schema\/person\/67ded4b29f4c10d217a0e025340d23ea"},"headline":"&#8220;Mientras no se controle el uso de recursos p\u00fablicos en publicidad oficial, no podemos hablar de elecciones justas&#8221;","datePublished":"2018-02-20T21:54:50+00:00","mainEntityOfPage":{"@id":"https:\/\/www.participacionciudadana.org\/web\/2018\/02\/20\/mientras-no-se-controle-el-uso-de-recursos-publicos-en-publicidad-oficial-no-podemos-hablar-de-elecciones-justas\/"},"wordCount":257,"commentCount":0,"publisher":{"@id":"https:\/\/www.participacionciudadana.org\/web\/#organization"},"articleSection":["PC en los Medios"],"inLanguage":"es","potentialAction":[{"@type":"CommentAction","name":"Comment","target":["https:\/\/www.participacionciudadana.org\/web\/2018\/02\/20\/mientras-no-se-controle-el-uso-de-recursos-publicos-en-publicidad-oficial-no-podemos-hablar-de-elecciones-justas\/#respond"]}]},{"@type":"WebPage","@id":"https:\/\/www.participacionciudadana.org\/web\/2018\/02\/20\/mientras-no-se-controle-el-uso-de-recursos-publicos-en-publicidad-oficial-no-podemos-hablar-de-elecciones-justas\/","url":"https:\/\/www.participacionciudadana.org\/web\/2018\/02\/20\/mientras-no-se-controle-el-uso-de-recursos-publicos-en-publicidad-oficial-no-podemos-hablar-de-elecciones-justas\/","name":"\"Mientras no se controle el uso de recursos p\u00fablicos en publicidad oficial, no podemos hablar de elecciones justas\" - Participaci\u00f3n Ciudadana","isPartOf":{"@id":"https:\/\/www.participacionciudadana.org\/web\/#website"},"datePublished":"2018-02-20T21:54:50+00:00","breadcrumb":{"@id":"https:\/\/www.participacionciudadana.org\/web\/2018\/02\/20\/mientras-no-se-controle-el-uso-de-recursos-publicos-en-publicidad-oficial-no-podemos-hablar-de-elecciones-justas\/#breadcrumb"},"inLanguage":"es","potentialAction":[{"@type":"ReadAction","target":["https:\/\/www.participacionciudadana.org\/web\/2018\/02\/20\/mientras-no-se-controle-el-uso-de-recursos-publicos-en-publicidad-oficial-no-podemos-hablar-de-elecciones-justas\/"]}]},{"@type":"BreadcrumbList","@id":"https:\/\/www.participacionciudadana.org\/web\/2018\/02\/20\/mientras-no-se-controle-el-uso-de-recursos-publicos-en-publicidad-oficial-no-podemos-hablar-de-elecciones-justas\/#breadcrumb","itemListElement":[{"@type":"ListItem","position":1,"name":"Portada","item":"https:\/\/www.participacionciudadana.org\/web\/"},{"@type":"ListItem","position":2,"name":"&#8220;Mientras no se controle el uso de recursos p\u00fablicos en publicidad oficial, no podemos hablar de elecciones justas&#8221;"}]},{"@type":"WebSite","@id":"https:\/\/www.participacionciudadana.org\/web\/#website","url":"https:\/\/www.participacionciudadana.org\/web\/","name":"Participaci\u00f3n Ciudadana","description":"Comprometidos con la democracia","publisher":{"@id":"https:\/\/www.participacionciudadana.org\/web\/#organization"},"potentialAction":[{"@type":"SearchAction","target":{"@type":"EntryPoint","urlTemplate":"https:\/\/www.participacionciudadana.org\/web\/?s={search_term_string}"},"query-input":{"@type":"PropertyValueSpecification","valueRequired":true,"valueName":"search_term_string"}}],"inLanguage":"es"},{"@type":"Organization","@id":"https:\/\/www.participacionciudadana.org\/web\/#organization","name":"Participaci\u00f3n Ciudadana","url":"https:\/\/www.participacionciudadana.org\/web\/","logo":{"@type":"ImageObject","inLanguage":"es","@id":"https:\/\/www.participacionciudadana.org\/web\/#\/schema\/logo\/image\/","url":"https:\/\/www.participacionciudadana.org\/web\/wp-content\/uploads\/2021\/11\/cropped-logo_pc-1.png","contentUrl":"https:\/\/www.participacionciudadana.org\/web\/wp-content\/uploads\/2021\/11\/cropped-logo_pc-1.png","width":340,"height":114,"caption":"Participaci\u00f3n Ciudadana"},"image":{"@id":"https:\/\/www.participacionciudadana.org\/web\/#\/schema\/logo\/image\/"},"sameAs":["https:\/\/www.facebook.com\/ParticipacionPC\/","https:\/\/x.com\/ParticipacionPC"]},{"@type":"Person","@id":"https:\/\/www.participacionciudadana.org\/web\/#\/schema\/person\/67ded4b29f4c10d217a0e025340d23ea","name":"auzfabian","image":{"@type":"ImageObject","inLanguage":"es","@id":"https:\/\/www.participacionciudadana.org\/web\/#\/schema\/person\/image\/","url":"https:\/\/secure.gravatar.com\/avatar\/b07eacb2fae81fba8818d35abde16f5d26c3e833d77fabbeeb8d53523e796bde?s=96&d=mm&r=g","contentUrl":"https:\/\/secure.gravatar.com\/avatar\/b07eacb2fae81fba8818d35abde16f5d26c3e833d77fabbeeb8d53523e796bde?s=96&d=mm&r=g","caption":"auzfabian"},"sameAs":["https:\/\/www.participacionciudadana.org\/web"],"url":"https:\/\/www.participacionciudadana.org\/web\/author\/auzfabian\/"}]}},"_links":{"self":[{"href":"https:\/\/www.participacionciudadana.org\/web\/wp-json\/wp\/v2\/posts\/1660","targetHints":{"allow":["GET"]}}],"collection":[{"href":"https:\/\/www.participacionciudadana.org\/web\/wp-json\/wp\/v2\/posts"}],"about":[{"href":"https:\/\/www.participacionciudadana.org\/web\/wp-json\/wp\/v2\/types\/post"}],"author":[{"embeddable":true,"href":"https:\/\/www.participacionciudadana.org\/web\/wp-json\/wp\/v2\/users\/1"}],"replies":[{"embeddable":true,"href":"https:\/\/www.participacionciudadana.org\/web\/wp-json\/wp\/v2\/comments?post=1660"}],"version-history":[{"count":0,"href":"https:\/\/www.participacionciudadana.org\/web\/wp-json\/wp\/v2\/posts\/1660\/revisions"}],"wp:attachment":[{"href":"https:\/\/www.participacionciudadana.org\/web\/wp-json\/wp\/v2\/media?parent=1660"}],"wp:term":[{"taxonomy":"category","embeddable":true,"href":"https:\/\/www.participacionciudadana.org\/web\/wp-json\/wp\/v2\/categories?post=1660"},{"taxonomy":"post_tag","embeddable":true,"href":"https:\/\/www.participacionciudadana.org\/web\/wp-json\/wp\/v2\/tags?post=1660"}],"curies":[{"name":"wp","href":"https:\/\/api.w.org\/{rel}","templated":true}]}}