{"id":1666,"date":"2018-02-20T21:02:30","date_gmt":"2018-02-21T02:02:30","guid":{"rendered":"https:\/\/www.participacionciudadana.org\/web\/2018\/02\/20\/observacion-de-elecciones-de-presidente-y-vicepresidente-de-la-republica-y-representantes-nacionales-y-provinciales-a-la-asamblea-nacional-an\/"},"modified":"2018-02-20T21:02:30","modified_gmt":"2018-02-21T02:02:30","slug":"observacion-de-elecciones-de-presidente-y-vicepresidente-de-la-republica-y-representantes-nacionales-y-provinciales-a-la-asamblea-nacional-an","status":"publish","type":"post","link":"https:\/\/www.participacionciudadana.org\/web\/2018\/02\/20\/observacion-de-elecciones-de-presidente-y-vicepresidente-de-la-republica-y-representantes-nacionales-y-provinciales-a-la-asamblea-nacional-an\/","title":{"rendered":"Observaci\u00f3n de elecciones de Presidente y Vicepresidente de la Rep\u00fablica y representantes nacionales y provinciales a la Asamblea Nacional (AN)"},"content":{"rendered":"<p>El conteo r\u00e1pido de votos de las elecciones del 26 de abril se realiz\u00f3 en base a una muestra estad\u00edstica de 8.462 Juntas Receptoras del Voto en las 24 provincias del pa\u00eds. Para el efecto se realiz\u00f3 un reclutamiento, capacitaci\u00f3n y movilizaci\u00f3n de 9.679 voluntarios a nivel nacional.  Participaron en este proceso las 24 coordinaciones provinciales de PC y ocho coordinaciones cantonales, apoyando al trabajo del Equipo T\u00e9cnico (ET). En total participaron 5.224 mujeres voluntarias que equivale a un 54% y 4.455 hombres voluntarios que equivale a un 46% de la muestra estad\u00edstica.<\/p>\n<p>La difusi\u00f3n de los resultados de la OE y conteo r\u00e1pido de votos se realiz\u00f3 en medios masivos de comunicaci\u00f3n (prensa escrita, radio y televisi\u00f3n) a nivel nacional, el mismo d\u00eda de las elecciones a las 18:30.  Una vez que el Consejo Nacional Electoral (CNE) emiti\u00f3 los resultados oficiales, dos meses despu\u00e9s de las elecciones, se constat\u00f3 que el comparativo de resultados demuestra un acierto de Participaci\u00f3n Ciudadana (PC) en un 97%, encuadr\u00e1ndose dentro del margen de error del +\/- 1% permitido para este tipo de procesos.<\/p>\n<p>Adicionalmente se realiz\u00f3 una OE de 27 Juntas Intermedias en Pichincha, Guayas, El Oro, Azuay, Ca\u00f1ar, Santo Domingo de los Ts\u00e1chilas, Loja y Chimborazo, tomando en cuenta el aporte adicional y voluntario de los coordinadores de las provincias mencionadas.<\/p>\n<p>PC entreg\u00f3 al Consejo Nacional Electoral el informe de Observaci\u00f3n Electoral de las elecciones del 26 de abril el 14 de septiembre de 2009.<\/p>\n<p>El conteo r\u00e1pido de votos de las elecciones del 26 de abril se realiz\u00f3 en base a una muestra estad\u00edstica de 8.462 Juntas Receptoras del Voto en las 24 provincias del pa\u00eds. Para el efecto se realiz\u00f3 un reclutamiento, capacitaci\u00f3n y movilizaci\u00f3n de 9.679 voluntarios a nivel nacional. Participaron en este proceso las 24 coordinaciones provinciales de PC y ocho coordinaciones cantonales, apoyando al trabajo del Equipo T\u00e9cnico (ET). En total participaron 5.224 mujeres voluntarias que equivale a un 54% y 4.455 hombres voluntarios que equivale a un 46% de la muestra estad\u00edstica.<\/p>\n<p>La difusi\u00f3n de los resultados de la OE y conteo r\u00e1pido de votos se realiz\u00f3 en medios masivos de comunicaci\u00f3n (prensa escrita, radio y televisi\u00f3n) a nivel nacional, el mismo d\u00eda de las elecciones a las seis y media de la tarde.  Una vez que el Consejo Nacional Electoral (CNE) emiti\u00f3 los resultados oficiales, dos meses despu\u00e9s de las elecciones, se constat\u00f3 que el comparativo de resultados demuestra un acierto de Participaci\u00f3n Ciudadana (PC) en un 97%, encuadr\u00e1ndose dentro del margen de error del +\/- 1% permitido para este tipo de procesos.<\/p>\n<p>Adicionalmente se realiz\u00f3 una OE de 27 Juntas Intermedias en Pichincha, Guayas, El Oro, Azuay, Ca\u00f1ar, Santo Domingo de los Ts\u00e1chilas, Loja y Chimborazo, tomando en cuenta el aporte adicional y voluntario de los coordinadores de las provincias mencionadas.<\/p>\n<p>PC entreg\u00f3 al Consejo Nacional Electoral el informe de Observaci\u00f3n Electoral de las elecciones del 26 de abril el 14 de septiembre de 2009.<\/p>\n","protected":false},"excerpt":{"rendered":"<p>El conteo r\u00e1pido de votos de las elecciones del 26 de abril se realiz\u00f3 en base a una muestra estad\u00edstica de 8.462 Juntas Receptoras del Voto en las 24 provincias del pa\u00eds. Para el efecto se realiz\u00f3 un reclutamiento, capacitaci\u00f3n y movilizaci\u00f3n de 9.679 voluntarios a nivel nacional. Participaron en este proceso las 24 coordinaciones [&hellip;]<\/p>\n","protected":false},"author":1,"featured_media":0,"comment_status":"open","ping_status":"open","sticky":false,"template":"","format":"standard","meta":{"site-sidebar-layout":"default","site-content-layout":"","ast-site-content-layout":"default","site-content-style":"default","site-sidebar-style":"default","ast-global-header-display":"","ast-banner-title-visibility":"","ast-main-header-display":"","ast-hfb-above-header-display":"","ast-hfb-below-header-display":"","ast-hfb-mobile-header-display":"","site-post-title":"","ast-breadcrumbs-content":"","ast-featured-img":"","footer-sml-layout":"","ast-disable-related-posts":"","theme-transparent-header-meta":"","adv-header-id-meta":"","stick-header-meta":"","header-above-stick-meta":"","header-main-stick-meta":"","header-below-stick-meta":"","astra-migrate-meta-layouts":"default","ast-page-background-enabled":"default","ast-page-background-meta":{"desktop":{"background-color":"","background-image":"","background-repeat":"repeat","background-position":"center center","background-size":"auto","background-attachment":"scroll","background-type":"","background-media":"","overlay-type":"","overlay-color":"","overlay-opacity":"","overlay-gradient":""},"tablet":{"background-color":"","background-image":"","background-repeat":"repeat","background-position":"center center","background-size":"auto","background-attachment":"scroll","background-type":"","background-media":"","overlay-type":"","overlay-color":"","overlay-opacity":"","overlay-gradient":""},"mobile":{"background-color":"","background-image":"","background-repeat":"repeat","background-position":"center center","background-size":"auto","background-attachment":"scroll","background-type":"","background-media":"","overlay-type":"","overlay-color":"","overlay-opacity":"","overlay-gradient":""}},"ast-content-background-meta":{"desktop":{"background-color":"var(--ast-global-color-5)","background-image":"","background-repeat":"repeat","background-position":"center center","background-size":"auto","background-attachment":"scroll","background-type":"","background-media":"","overlay-type":"","overlay-color":"","overlay-opacity":"","overlay-gradient":""},"tablet":{"background-color":"var(--ast-global-color-5)","background-image":"","background-repeat":"repeat","background-position":"center center","background-size":"auto","background-attachment":"scroll","background-type":"","background-media":"","overlay-type":"","overlay-color":"","overlay-opacity":"","overlay-gradient":""},"mobile":{"background-color":"var(--ast-global-color-5)","background-image":"","background-repeat":"repeat","background-position":"center center","background-size":"auto","background-attachment":"scroll","background-type":"","background-media":"","overlay-type":"","overlay-color":"","overlay-opacity":"","overlay-gradient":""}},"_joinchat":[],"footnotes":""},"categories":[25],"tags":[],"class_list":["post-1666","post","type-post","status-publish","format-standard","hentry","category-informes-de-observacion"],"yoast_head":"<!-- This site is optimized with the Yoast SEO plugin v26.5 - https:\/\/yoast.com\/wordpress\/plugins\/seo\/ -->\n<title>Observaci\u00f3n de elecciones de Presidente y Vicepresidente de la Rep\u00fablica y representantes nacionales y provinciales a la Asamblea Nacional (AN) - Participaci\u00f3n Ciudadana<\/title>\n<meta name=\"robots\" content=\"index, follow, max-snippet:-1, max-image-preview:large, max-video-preview:-1\" \/>\n<link rel=\"canonical\" href=\"https:\/\/www.participacionciudadana.org\/web\/2018\/02\/20\/observacion-de-elecciones-de-presidente-y-vicepresidente-de-la-republica-y-representantes-nacionales-y-provinciales-a-la-asamblea-nacional-an\/\" \/>\n<meta property=\"og:locale\" content=\"es_ES\" \/>\n<meta property=\"og:type\" content=\"article\" \/>\n<meta property=\"og:title\" content=\"Observaci\u00f3n de elecciones de Presidente y Vicepresidente de la Rep\u00fablica y representantes nacionales y provinciales a la Asamblea Nacional (AN) - Participaci\u00f3n Ciudadana\" \/>\n<meta property=\"og:description\" content=\"El conteo r\u00e1pido de votos de las elecciones del 26 de abril se realiz\u00f3 en base a una muestra estad\u00edstica de 8.462 Juntas Receptoras del Voto en las 24 provincias del pa\u00eds. Para el efecto se realiz\u00f3 un reclutamiento, capacitaci\u00f3n y movilizaci\u00f3n de 9.679 voluntarios a nivel nacional. Participaron en este proceso las 24 coordinaciones [&hellip;]\" \/>\n<meta property=\"og:url\" content=\"https:\/\/www.participacionciudadana.org\/web\/2018\/02\/20\/observacion-de-elecciones-de-presidente-y-vicepresidente-de-la-republica-y-representantes-nacionales-y-provinciales-a-la-asamblea-nacional-an\/\" \/>\n<meta property=\"og:site_name\" content=\"Participaci\u00f3n Ciudadana\" \/>\n<meta property=\"article:publisher\" content=\"https:\/\/www.facebook.com\/ParticipacionPC\/\" \/>\n<meta property=\"article:published_time\" content=\"2018-02-21T02:02:30+00:00\" \/>\n<meta name=\"author\" content=\"auzfabian\" \/>\n<meta name=\"twitter:card\" content=\"summary_large_image\" \/>\n<meta name=\"twitter:creator\" content=\"@ParticipacionPC\" \/>\n<meta name=\"twitter:site\" content=\"@ParticipacionPC\" \/>\n<meta name=\"twitter:label1\" content=\"Escrito por\" \/>\n\t<meta name=\"twitter:data1\" content=\"auzfabian\" \/>\n\t<meta name=\"twitter:label2\" content=\"Tiempo de lectura\" \/>\n\t<meta name=\"twitter:data2\" content=\"2 minutos\" \/>\n<script type=\"application\/ld+json\" class=\"yoast-schema-graph\">{\"@context\":\"https:\/\/schema.org\",\"@graph\":[{\"@type\":\"Article\",\"@id\":\"https:\/\/www.participacionciudadana.org\/web\/2018\/02\/20\/observacion-de-elecciones-de-presidente-y-vicepresidente-de-la-republica-y-representantes-nacionales-y-provinciales-a-la-asamblea-nacional-an\/#article\",\"isPartOf\":{\"@id\":\"https:\/\/www.participacionciudadana.org\/web\/2018\/02\/20\/observacion-de-elecciones-de-presidente-y-vicepresidente-de-la-republica-y-representantes-nacionales-y-provinciales-a-la-asamblea-nacional-an\/\"},\"author\":{\"name\":\"auzfabian\",\"@id\":\"https:\/\/www.participacionciudadana.org\/web\/#\/schema\/person\/67ded4b29f4c10d217a0e025340d23ea\"},\"headline\":\"Observaci\u00f3n de elecciones de Presidente y Vicepresidente de la Rep\u00fablica y representantes nacionales y provinciales a la Asamblea Nacional (AN)\",\"datePublished\":\"2018-02-21T02:02:30+00:00\",\"mainEntityOfPage\":{\"@id\":\"https:\/\/www.participacionciudadana.org\/web\/2018\/02\/20\/observacion-de-elecciones-de-presidente-y-vicepresidente-de-la-republica-y-representantes-nacionales-y-provinciales-a-la-asamblea-nacional-an\/\"},\"wordCount\":518,\"commentCount\":0,\"publisher\":{\"@id\":\"https:\/\/www.participacionciudadana.org\/web\/#organization\"},\"articleSection\":[\"Informes de Observaci\u00f3n\"],\"inLanguage\":\"es\",\"potentialAction\":[{\"@type\":\"CommentAction\",\"name\":\"Comment\",\"target\":[\"https:\/\/www.participacionciudadana.org\/web\/2018\/02\/20\/observacion-de-elecciones-de-presidente-y-vicepresidente-de-la-republica-y-representantes-nacionales-y-provinciales-a-la-asamblea-nacional-an\/#respond\"]}]},{\"@type\":\"WebPage\",\"@id\":\"https:\/\/www.participacionciudadana.org\/web\/2018\/02\/20\/observacion-de-elecciones-de-presidente-y-vicepresidente-de-la-republica-y-representantes-nacionales-y-provinciales-a-la-asamblea-nacional-an\/\",\"url\":\"https:\/\/www.participacionciudadana.org\/web\/2018\/02\/20\/observacion-de-elecciones-de-presidente-y-vicepresidente-de-la-republica-y-representantes-nacionales-y-provinciales-a-la-asamblea-nacional-an\/\",\"name\":\"Observaci\u00f3n de elecciones de Presidente y Vicepresidente de la Rep\u00fablica y representantes nacionales y provinciales a la Asamblea Nacional (AN) - Participaci\u00f3n Ciudadana\",\"isPartOf\":{\"@id\":\"https:\/\/www.participacionciudadana.org\/web\/#website\"},\"datePublished\":\"2018-02-21T02:02:30+00:00\",\"breadcrumb\":{\"@id\":\"https:\/\/www.participacionciudadana.org\/web\/2018\/02\/20\/observacion-de-elecciones-de-presidente-y-vicepresidente-de-la-republica-y-representantes-nacionales-y-provinciales-a-la-asamblea-nacional-an\/#breadcrumb\"},\"inLanguage\":\"es\",\"potentialAction\":[{\"@type\":\"ReadAction\",\"target\":[\"https:\/\/www.participacionciudadana.org\/web\/2018\/02\/20\/observacion-de-elecciones-de-presidente-y-vicepresidente-de-la-republica-y-representantes-nacionales-y-provinciales-a-la-asamblea-nacional-an\/\"]}]},{\"@type\":\"BreadcrumbList\",\"@id\":\"https:\/\/www.participacionciudadana.org\/web\/2018\/02\/20\/observacion-de-elecciones-de-presidente-y-vicepresidente-de-la-republica-y-representantes-nacionales-y-provinciales-a-la-asamblea-nacional-an\/#breadcrumb\",\"itemListElement\":[{\"@type\":\"ListItem\",\"position\":1,\"name\":\"Portada\",\"item\":\"https:\/\/www.participacionciudadana.org\/web\/\"},{\"@type\":\"ListItem\",\"position\":2,\"name\":\"Observaci\u00f3n de elecciones de Presidente y Vicepresidente de la Rep\u00fablica y representantes nacionales y provinciales a la Asamblea Nacional (AN)\"}]},{\"@type\":\"WebSite\",\"@id\":\"https:\/\/www.participacionciudadana.org\/web\/#website\",\"url\":\"https:\/\/www.participacionciudadana.org\/web\/\",\"name\":\"Participaci\u00f3n Ciudadana\",\"description\":\"Comprometidos con la democracia\",\"publisher\":{\"@id\":\"https:\/\/www.participacionciudadana.org\/web\/#organization\"},\"potentialAction\":[{\"@type\":\"SearchAction\",\"target\":{\"@type\":\"EntryPoint\",\"urlTemplate\":\"https:\/\/www.participacionciudadana.org\/web\/?s={search_term_string}\"},\"query-input\":{\"@type\":\"PropertyValueSpecification\",\"valueRequired\":true,\"valueName\":\"search_term_string\"}}],\"inLanguage\":\"es\"},{\"@type\":\"Organization\",\"@id\":\"https:\/\/www.participacionciudadana.org\/web\/#organization\",\"name\":\"Participaci\u00f3n Ciudadana\",\"url\":\"https:\/\/www.participacionciudadana.org\/web\/\",\"logo\":{\"@type\":\"ImageObject\",\"inLanguage\":\"es\",\"@id\":\"https:\/\/www.participacionciudadana.org\/web\/#\/schema\/logo\/image\/\",\"url\":\"https:\/\/www.participacionciudadana.org\/web\/wp-content\/uploads\/2021\/11\/cropped-logo_pc-1.png\",\"contentUrl\":\"https:\/\/www.participacionciudadana.org\/web\/wp-content\/uploads\/2021\/11\/cropped-logo_pc-1.png\",\"width\":340,\"height\":114,\"caption\":\"Participaci\u00f3n Ciudadana\"},\"image\":{\"@id\":\"https:\/\/www.participacionciudadana.org\/web\/#\/schema\/logo\/image\/\"},\"sameAs\":[\"https:\/\/www.facebook.com\/ParticipacionPC\/\",\"https:\/\/x.com\/ParticipacionPC\"]},{\"@type\":\"Person\",\"@id\":\"https:\/\/www.participacionciudadana.org\/web\/#\/schema\/person\/67ded4b29f4c10d217a0e025340d23ea\",\"name\":\"auzfabian\",\"image\":{\"@type\":\"ImageObject\",\"inLanguage\":\"es\",\"@id\":\"https:\/\/www.participacionciudadana.org\/web\/#\/schema\/person\/image\/\",\"url\":\"https:\/\/secure.gravatar.com\/avatar\/b07eacb2fae81fba8818d35abde16f5d26c3e833d77fabbeeb8d53523e796bde?s=96&d=mm&r=g\",\"contentUrl\":\"https:\/\/secure.gravatar.com\/avatar\/b07eacb2fae81fba8818d35abde16f5d26c3e833d77fabbeeb8d53523e796bde?s=96&d=mm&r=g\",\"caption\":\"auzfabian\"},\"sameAs\":[\"https:\/\/www.participacionciudadana.org\/web\"],\"url\":\"https:\/\/www.participacionciudadana.org\/web\/author\/auzfabian\/\"}]}<\/script>\n<!-- \/ Yoast SEO plugin. -->","yoast_head_json":{"title":"Observaci\u00f3n de elecciones de Presidente y Vicepresidente de la Rep\u00fablica y representantes nacionales y provinciales a la Asamblea Nacional (AN) - Participaci\u00f3n Ciudadana","robots":{"index":"index","follow":"follow","max-snippet":"max-snippet:-1","max-image-preview":"max-image-preview:large","max-video-preview":"max-video-preview:-1"},"canonical":"https:\/\/www.participacionciudadana.org\/web\/2018\/02\/20\/observacion-de-elecciones-de-presidente-y-vicepresidente-de-la-republica-y-representantes-nacionales-y-provinciales-a-la-asamblea-nacional-an\/","og_locale":"es_ES","og_type":"article","og_title":"Observaci\u00f3n de elecciones de Presidente y Vicepresidente de la Rep\u00fablica y representantes nacionales y provinciales a la Asamblea Nacional (AN) - Participaci\u00f3n Ciudadana","og_description":"El conteo r\u00e1pido de votos de las elecciones del 26 de abril se realiz\u00f3 en base a una muestra estad\u00edstica de 8.462 Juntas Receptoras del Voto en las 24 provincias del pa\u00eds. Para el efecto se realiz\u00f3 un reclutamiento, capacitaci\u00f3n y movilizaci\u00f3n de 9.679 voluntarios a nivel nacional. Participaron en este proceso las 24 coordinaciones [&hellip;]","og_url":"https:\/\/www.participacionciudadana.org\/web\/2018\/02\/20\/observacion-de-elecciones-de-presidente-y-vicepresidente-de-la-republica-y-representantes-nacionales-y-provinciales-a-la-asamblea-nacional-an\/","og_site_name":"Participaci\u00f3n Ciudadana","article_publisher":"https:\/\/www.facebook.com\/ParticipacionPC\/","article_published_time":"2018-02-21T02:02:30+00:00","author":"auzfabian","twitter_card":"summary_large_image","twitter_creator":"@ParticipacionPC","twitter_site":"@ParticipacionPC","twitter_misc":{"Escrito por":"auzfabian","Tiempo de lectura":"2 minutos"},"schema":{"@context":"https:\/\/schema.org","@graph":[{"@type":"Article","@id":"https:\/\/www.participacionciudadana.org\/web\/2018\/02\/20\/observacion-de-elecciones-de-presidente-y-vicepresidente-de-la-republica-y-representantes-nacionales-y-provinciales-a-la-asamblea-nacional-an\/#article","isPartOf":{"@id":"https:\/\/www.participacionciudadana.org\/web\/2018\/02\/20\/observacion-de-elecciones-de-presidente-y-vicepresidente-de-la-republica-y-representantes-nacionales-y-provinciales-a-la-asamblea-nacional-an\/"},"author":{"name":"auzfabian","@id":"https:\/\/www.participacionciudadana.org\/web\/#\/schema\/person\/67ded4b29f4c10d217a0e025340d23ea"},"headline":"Observaci\u00f3n de elecciones de Presidente y Vicepresidente de la Rep\u00fablica y representantes nacionales y provinciales a la Asamblea Nacional (AN)","datePublished":"2018-02-21T02:02:30+00:00","mainEntityOfPage":{"@id":"https:\/\/www.participacionciudadana.org\/web\/2018\/02\/20\/observacion-de-elecciones-de-presidente-y-vicepresidente-de-la-republica-y-representantes-nacionales-y-provinciales-a-la-asamblea-nacional-an\/"},"wordCount":518,"commentCount":0,"publisher":{"@id":"https:\/\/www.participacionciudadana.org\/web\/#organization"},"articleSection":["Informes de Observaci\u00f3n"],"inLanguage":"es","potentialAction":[{"@type":"CommentAction","name":"Comment","target":["https:\/\/www.participacionciudadana.org\/web\/2018\/02\/20\/observacion-de-elecciones-de-presidente-y-vicepresidente-de-la-republica-y-representantes-nacionales-y-provinciales-a-la-asamblea-nacional-an\/#respond"]}]},{"@type":"WebPage","@id":"https:\/\/www.participacionciudadana.org\/web\/2018\/02\/20\/observacion-de-elecciones-de-presidente-y-vicepresidente-de-la-republica-y-representantes-nacionales-y-provinciales-a-la-asamblea-nacional-an\/","url":"https:\/\/www.participacionciudadana.org\/web\/2018\/02\/20\/observacion-de-elecciones-de-presidente-y-vicepresidente-de-la-republica-y-representantes-nacionales-y-provinciales-a-la-asamblea-nacional-an\/","name":"Observaci\u00f3n de elecciones de Presidente y Vicepresidente de la Rep\u00fablica y representantes nacionales y provinciales a la Asamblea Nacional (AN) - Participaci\u00f3n Ciudadana","isPartOf":{"@id":"https:\/\/www.participacionciudadana.org\/web\/#website"},"datePublished":"2018-02-21T02:02:30+00:00","breadcrumb":{"@id":"https:\/\/www.participacionciudadana.org\/web\/2018\/02\/20\/observacion-de-elecciones-de-presidente-y-vicepresidente-de-la-republica-y-representantes-nacionales-y-provinciales-a-la-asamblea-nacional-an\/#breadcrumb"},"inLanguage":"es","potentialAction":[{"@type":"ReadAction","target":["https:\/\/www.participacionciudadana.org\/web\/2018\/02\/20\/observacion-de-elecciones-de-presidente-y-vicepresidente-de-la-republica-y-representantes-nacionales-y-provinciales-a-la-asamblea-nacional-an\/"]}]},{"@type":"BreadcrumbList","@id":"https:\/\/www.participacionciudadana.org\/web\/2018\/02\/20\/observacion-de-elecciones-de-presidente-y-vicepresidente-de-la-republica-y-representantes-nacionales-y-provinciales-a-la-asamblea-nacional-an\/#breadcrumb","itemListElement":[{"@type":"ListItem","position":1,"name":"Portada","item":"https:\/\/www.participacionciudadana.org\/web\/"},{"@type":"ListItem","position":2,"name":"Observaci\u00f3n de elecciones de Presidente y Vicepresidente de la Rep\u00fablica y representantes nacionales y provinciales a la Asamblea Nacional (AN)"}]},{"@type":"WebSite","@id":"https:\/\/www.participacionciudadana.org\/web\/#website","url":"https:\/\/www.participacionciudadana.org\/web\/","name":"Participaci\u00f3n Ciudadana","description":"Comprometidos con la democracia","publisher":{"@id":"https:\/\/www.participacionciudadana.org\/web\/#organization"},"potentialAction":[{"@type":"SearchAction","target":{"@type":"EntryPoint","urlTemplate":"https:\/\/www.participacionciudadana.org\/web\/?s={search_term_string}"},"query-input":{"@type":"PropertyValueSpecification","valueRequired":true,"valueName":"search_term_string"}}],"inLanguage":"es"},{"@type":"Organization","@id":"https:\/\/www.participacionciudadana.org\/web\/#organization","name":"Participaci\u00f3n Ciudadana","url":"https:\/\/www.participacionciudadana.org\/web\/","logo":{"@type":"ImageObject","inLanguage":"es","@id":"https:\/\/www.participacionciudadana.org\/web\/#\/schema\/logo\/image\/","url":"https:\/\/www.participacionciudadana.org\/web\/wp-content\/uploads\/2021\/11\/cropped-logo_pc-1.png","contentUrl":"https:\/\/www.participacionciudadana.org\/web\/wp-content\/uploads\/2021\/11\/cropped-logo_pc-1.png","width":340,"height":114,"caption":"Participaci\u00f3n Ciudadana"},"image":{"@id":"https:\/\/www.participacionciudadana.org\/web\/#\/schema\/logo\/image\/"},"sameAs":["https:\/\/www.facebook.com\/ParticipacionPC\/","https:\/\/x.com\/ParticipacionPC"]},{"@type":"Person","@id":"https:\/\/www.participacionciudadana.org\/web\/#\/schema\/person\/67ded4b29f4c10d217a0e025340d23ea","name":"auzfabian","image":{"@type":"ImageObject","inLanguage":"es","@id":"https:\/\/www.participacionciudadana.org\/web\/#\/schema\/person\/image\/","url":"https:\/\/secure.gravatar.com\/avatar\/b07eacb2fae81fba8818d35abde16f5d26c3e833d77fabbeeb8d53523e796bde?s=96&d=mm&r=g","contentUrl":"https:\/\/secure.gravatar.com\/avatar\/b07eacb2fae81fba8818d35abde16f5d26c3e833d77fabbeeb8d53523e796bde?s=96&d=mm&r=g","caption":"auzfabian"},"sameAs":["https:\/\/www.participacionciudadana.org\/web"],"url":"https:\/\/www.participacionciudadana.org\/web\/author\/auzfabian\/"}]}},"_links":{"self":[{"href":"https:\/\/www.participacionciudadana.org\/web\/wp-json\/wp\/v2\/posts\/1666","targetHints":{"allow":["GET"]}}],"collection":[{"href":"https:\/\/www.participacionciudadana.org\/web\/wp-json\/wp\/v2\/posts"}],"about":[{"href":"https:\/\/www.participacionciudadana.org\/web\/wp-json\/wp\/v2\/types\/post"}],"author":[{"embeddable":true,"href":"https:\/\/www.participacionciudadana.org\/web\/wp-json\/wp\/v2\/users\/1"}],"replies":[{"embeddable":true,"href":"https:\/\/www.participacionciudadana.org\/web\/wp-json\/wp\/v2\/comments?post=1666"}],"version-history":[{"count":0,"href":"https:\/\/www.participacionciudadana.org\/web\/wp-json\/wp\/v2\/posts\/1666\/revisions"}],"wp:attachment":[{"href":"https:\/\/www.participacionciudadana.org\/web\/wp-json\/wp\/v2\/media?parent=1666"}],"wp:term":[{"taxonomy":"category","embeddable":true,"href":"https:\/\/www.participacionciudadana.org\/web\/wp-json\/wp\/v2\/categories?post=1666"},{"taxonomy":"post_tag","embeddable":true,"href":"https:\/\/www.participacionciudadana.org\/web\/wp-json\/wp\/v2\/tags?post=1666"}],"curies":[{"name":"wp","href":"https:\/\/api.w.org\/{rel}","templated":true}]}}