{"id":1671,"date":"2018-02-20T21:33:52","date_gmt":"2018-02-21T02:33:52","guid":{"rendered":"https:\/\/www.participacionciudadana.org\/web\/2018\/02\/20\/pc-ante-archivo-de-disolucion-a-fundamedios-insiste-en-derogatoria-de-la-reforma-al-decreto-16\/"},"modified":"2018-02-20T21:33:52","modified_gmt":"2018-02-21T02:33:52","slug":"pc-ante-archivo-de-disolucion-a-fundamedios-insiste-en-derogatoria-de-la-reforma-al-decreto-16","status":"publish","type":"post","link":"https:\/\/www.participacionciudadana.org\/web\/2018\/02\/20\/pc-ante-archivo-de-disolucion-a-fundamedios-insiste-en-derogatoria-de-la-reforma-al-decreto-16\/","title":{"rendered":"PC ANTE ARCHIVO DE DISOLUCION A FUNDAMEDIOS INSISTE EN DEROGATORIA DE LA REFORMA AL DECRETO 16"},"content":{"rendered":"<p>La Corporaci\u00f3n Participaci\u00f3n Ciudadana, considera acertada la decisi\u00f3n de la Secretar\u00eda Nacional de Comunicaci\u00f3n (Secom) de archivar el proceso de disoluci\u00f3n iniciado hace unos d\u00edas en contra de la Fundaci\u00f3n Andina para la Observaci\u00f3n Social y el Estudio de Medios, FUNDAMEDIOS.<\/p>\n<p><\/p>\n<p>PC considera que la pretensi\u00f3n de disolver a Fundamedios, figura aplicada anteriormente tambi\u00e9n a otras organizaciones de la sociedad civil como Acci\u00f3n Ecol\u00f3gica y Fundaci\u00f3n Pachamama, vulneraba el derecho a libertad de asociaci\u00f3n garantizada por la Constituci\u00f3n y respaldada por principios humanos y de derecho Internacional.<\/p>\n<p><\/p>\n<p>En tal virtud y a fin evitar de que en el futuro se vuelvan a dar situaciones de esta naturaleza, insistimos en la urgente derogatoria del Decreto N\u00b0 16 y su reciente reforma (Decreto N\u00b0 739), normas que burocratizan el funcionamiento normal de las organizaciones ciudadanas independientes (registros, requerimientos permanentes de informaci\u00f3n institucional) , y confieren una amplia discrecionalidad a las autoridades, cuando se trata de disolver organizaciones sociales, discrecionalidad sustentada en normas ambiguas y subjetivas, sin permitir un ejercicio claro y reglado, del derecho a la defensa.<\/p>\n<p><\/p>\n<p>Consideramos que el Estado, en cumplimiento a los principios establecidos en la Constituci\u00f3n Pol\u00edtica y la Ley de Participaci\u00f3n Ciudadana, debe generar las condiciones que garanticen el ejercicio pleno de los derechos de asociaci\u00f3n, participaci\u00f3n y control, por parte de las organizaciones sociales y ciudadanas independientes.<\/p>\n<p><\/p>\n<p>M\u00e1s informaci\u00f3n: Relaciones P\u00fablicas PC 022 258-111.<\/p>\n","protected":false},"excerpt":{"rendered":"<p>La Corporaci\u00f3n Participaci\u00f3n Ciudadana, considera acertada la decisi\u00f3n de la Secretar\u00eda Nacional de Comunicaci\u00f3n (Secom) de archivar el proceso de disoluci\u00f3n iniciado hace unos d\u00edas en contra de la Fundaci\u00f3n Andina para la Observaci\u00f3n Social y el Estudio de Medios, FUNDAMEDIOS. PC considera que la pretensi\u00f3n de disolver a Fundamedios, figura aplicada anteriormente tambi\u00e9n a [&hellip;]<\/p>\n","protected":false},"author":1,"featured_media":0,"comment_status":"open","ping_status":"open","sticky":false,"template":"","format":"standard","meta":{"site-sidebar-layout":"default","site-content-layout":"","ast-site-content-layout":"default","site-content-style":"default","site-sidebar-style":"default","ast-global-header-display":"","ast-banner-title-visibility":"","ast-main-header-display":"","ast-hfb-above-header-display":"","ast-hfb-below-header-display":"","ast-hfb-mobile-header-display":"","site-post-title":"","ast-breadcrumbs-content":"","ast-featured-img":"","footer-sml-layout":"","ast-disable-related-posts":"","theme-transparent-header-meta":"","adv-header-id-meta":"","stick-header-meta":"","header-above-stick-meta":"","header-main-stick-meta":"","header-below-stick-meta":"","astra-migrate-meta-layouts":"default","ast-page-background-enabled":"default","ast-page-background-meta":{"desktop":{"background-color":"","background-image":"","background-repeat":"repeat","background-position":"center center","background-size":"auto","background-attachment":"scroll","background-type":"","background-media":"","overlay-type":"","overlay-color":"","overlay-opacity":"","overlay-gradient":""},"tablet":{"background-color":"","background-image":"","background-repeat":"repeat","background-position":"center center","background-size":"auto","background-attachment":"scroll","background-type":"","background-media":"","overlay-type":"","overlay-color":"","overlay-opacity":"","overlay-gradient":""},"mobile":{"background-color":"","background-image":"","background-repeat":"repeat","background-position":"center center","background-size":"auto","background-attachment":"scroll","background-type":"","background-media":"","overlay-type":"","overlay-color":"","overlay-opacity":"","overlay-gradient":""}},"ast-content-background-meta":{"desktop":{"background-color":"var(--ast-global-color-5)","background-image":"","background-repeat":"repeat","background-position":"center center","background-size":"auto","background-attachment":"scroll","background-type":"","background-media":"","overlay-type":"","overlay-color":"","overlay-opacity":"","overlay-gradient":""},"tablet":{"background-color":"var(--ast-global-color-5)","background-image":"","background-repeat":"repeat","background-position":"center center","background-size":"auto","background-attachment":"scroll","background-type":"","background-media":"","overlay-type":"","overlay-color":"","overlay-opacity":"","overlay-gradient":""},"mobile":{"background-color":"var(--ast-global-color-5)","background-image":"","background-repeat":"repeat","background-position":"center center","background-size":"auto","background-attachment":"scroll","background-type":"","background-media":"","overlay-type":"","overlay-color":"","overlay-opacity":"","overlay-gradient":""}},"_joinchat":[],"footnotes":""},"categories":[16],"tags":[],"class_list":["post-1671","post","type-post","status-publish","format-standard","hentry","category-actualidad"],"yoast_head":"<!-- This site is optimized with the Yoast SEO plugin v26.5 - https:\/\/yoast.com\/wordpress\/plugins\/seo\/ -->\n<title>PC ANTE ARCHIVO DE DISOLUCION A FUNDAMEDIOS INSISTE EN DEROGATORIA DE LA REFORMA AL DECRETO 16 - Participaci\u00f3n Ciudadana<\/title>\n<meta name=\"robots\" content=\"index, follow, max-snippet:-1, max-image-preview:large, max-video-preview:-1\" \/>\n<link rel=\"canonical\" href=\"https:\/\/www.participacionciudadana.org\/web\/2018\/02\/20\/pc-ante-archivo-de-disolucion-a-fundamedios-insiste-en-derogatoria-de-la-reforma-al-decreto-16\/\" \/>\n<meta property=\"og:locale\" content=\"es_ES\" \/>\n<meta property=\"og:type\" content=\"article\" \/>\n<meta property=\"og:title\" content=\"PC ANTE ARCHIVO DE DISOLUCION A FUNDAMEDIOS INSISTE EN DEROGATORIA DE LA REFORMA AL DECRETO 16 - Participaci\u00f3n Ciudadana\" \/>\n<meta property=\"og:description\" content=\"La Corporaci\u00f3n Participaci\u00f3n Ciudadana, considera acertada la decisi\u00f3n de la Secretar\u00eda Nacional de Comunicaci\u00f3n (Secom) de archivar el proceso de disoluci\u00f3n iniciado hace unos d\u00edas en contra de la Fundaci\u00f3n Andina para la Observaci\u00f3n Social y el Estudio de Medios, FUNDAMEDIOS. PC considera que la pretensi\u00f3n de disolver a Fundamedios, figura aplicada anteriormente tambi\u00e9n a [&hellip;]\" \/>\n<meta property=\"og:url\" content=\"https:\/\/www.participacionciudadana.org\/web\/2018\/02\/20\/pc-ante-archivo-de-disolucion-a-fundamedios-insiste-en-derogatoria-de-la-reforma-al-decreto-16\/\" \/>\n<meta property=\"og:site_name\" content=\"Participaci\u00f3n Ciudadana\" \/>\n<meta property=\"article:publisher\" content=\"https:\/\/www.facebook.com\/ParticipacionPC\/\" \/>\n<meta property=\"article:published_time\" content=\"2018-02-21T02:33:52+00:00\" \/>\n<meta name=\"author\" content=\"auzfabian\" \/>\n<meta name=\"twitter:card\" content=\"summary_large_image\" \/>\n<meta name=\"twitter:creator\" content=\"@ParticipacionPC\" \/>\n<meta name=\"twitter:site\" content=\"@ParticipacionPC\" \/>\n<meta name=\"twitter:label1\" content=\"Escrito por\" \/>\n\t<meta name=\"twitter:data1\" content=\"auzfabian\" \/>\n\t<meta name=\"twitter:label2\" content=\"Tiempo de lectura\" \/>\n\t<meta name=\"twitter:data2\" content=\"1 minuto\" \/>\n<script type=\"application\/ld+json\" class=\"yoast-schema-graph\">{\"@context\":\"https:\/\/schema.org\",\"@graph\":[{\"@type\":\"Article\",\"@id\":\"https:\/\/www.participacionciudadana.org\/web\/2018\/02\/20\/pc-ante-archivo-de-disolucion-a-fundamedios-insiste-en-derogatoria-de-la-reforma-al-decreto-16\/#article\",\"isPartOf\":{\"@id\":\"https:\/\/www.participacionciudadana.org\/web\/2018\/02\/20\/pc-ante-archivo-de-disolucion-a-fundamedios-insiste-en-derogatoria-de-la-reforma-al-decreto-16\/\"},\"author\":{\"name\":\"auzfabian\",\"@id\":\"https:\/\/www.participacionciudadana.org\/web\/#\/schema\/person\/67ded4b29f4c10d217a0e025340d23ea\"},\"headline\":\"PC ANTE ARCHIVO DE DISOLUCION A FUNDAMEDIOS INSISTE EN DEROGATORIA DE LA REFORMA AL DECRETO 16\",\"datePublished\":\"2018-02-21T02:33:52+00:00\",\"mainEntityOfPage\":{\"@id\":\"https:\/\/www.participacionciudadana.org\/web\/2018\/02\/20\/pc-ante-archivo-de-disolucion-a-fundamedios-insiste-en-derogatoria-de-la-reforma-al-decreto-16\/\"},\"wordCount\":264,\"commentCount\":0,\"publisher\":{\"@id\":\"https:\/\/www.participacionciudadana.org\/web\/#organization\"},\"articleSection\":[\"Actualidad\"],\"inLanguage\":\"es\",\"potentialAction\":[{\"@type\":\"CommentAction\",\"name\":\"Comment\",\"target\":[\"https:\/\/www.participacionciudadana.org\/web\/2018\/02\/20\/pc-ante-archivo-de-disolucion-a-fundamedios-insiste-en-derogatoria-de-la-reforma-al-decreto-16\/#respond\"]}]},{\"@type\":\"WebPage\",\"@id\":\"https:\/\/www.participacionciudadana.org\/web\/2018\/02\/20\/pc-ante-archivo-de-disolucion-a-fundamedios-insiste-en-derogatoria-de-la-reforma-al-decreto-16\/\",\"url\":\"https:\/\/www.participacionciudadana.org\/web\/2018\/02\/20\/pc-ante-archivo-de-disolucion-a-fundamedios-insiste-en-derogatoria-de-la-reforma-al-decreto-16\/\",\"name\":\"PC ANTE ARCHIVO DE DISOLUCION A FUNDAMEDIOS INSISTE EN DEROGATORIA DE LA REFORMA AL DECRETO 16 - Participaci\u00f3n Ciudadana\",\"isPartOf\":{\"@id\":\"https:\/\/www.participacionciudadana.org\/web\/#website\"},\"datePublished\":\"2018-02-21T02:33:52+00:00\",\"breadcrumb\":{\"@id\":\"https:\/\/www.participacionciudadana.org\/web\/2018\/02\/20\/pc-ante-archivo-de-disolucion-a-fundamedios-insiste-en-derogatoria-de-la-reforma-al-decreto-16\/#breadcrumb\"},\"inLanguage\":\"es\",\"potentialAction\":[{\"@type\":\"ReadAction\",\"target\":[\"https:\/\/www.participacionciudadana.org\/web\/2018\/02\/20\/pc-ante-archivo-de-disolucion-a-fundamedios-insiste-en-derogatoria-de-la-reforma-al-decreto-16\/\"]}]},{\"@type\":\"BreadcrumbList\",\"@id\":\"https:\/\/www.participacionciudadana.org\/web\/2018\/02\/20\/pc-ante-archivo-de-disolucion-a-fundamedios-insiste-en-derogatoria-de-la-reforma-al-decreto-16\/#breadcrumb\",\"itemListElement\":[{\"@type\":\"ListItem\",\"position\":1,\"name\":\"Portada\",\"item\":\"https:\/\/www.participacionciudadana.org\/web\/\"},{\"@type\":\"ListItem\",\"position\":2,\"name\":\"PC ANTE ARCHIVO DE DISOLUCION A FUNDAMEDIOS INSISTE EN DEROGATORIA DE LA REFORMA AL DECRETO 16\"}]},{\"@type\":\"WebSite\",\"@id\":\"https:\/\/www.participacionciudadana.org\/web\/#website\",\"url\":\"https:\/\/www.participacionciudadana.org\/web\/\",\"name\":\"Participaci\u00f3n Ciudadana\",\"description\":\"Comprometidos con la democracia\",\"publisher\":{\"@id\":\"https:\/\/www.participacionciudadana.org\/web\/#organization\"},\"potentialAction\":[{\"@type\":\"SearchAction\",\"target\":{\"@type\":\"EntryPoint\",\"urlTemplate\":\"https:\/\/www.participacionciudadana.org\/web\/?s={search_term_string}\"},\"query-input\":{\"@type\":\"PropertyValueSpecification\",\"valueRequired\":true,\"valueName\":\"search_term_string\"}}],\"inLanguage\":\"es\"},{\"@type\":\"Organization\",\"@id\":\"https:\/\/www.participacionciudadana.org\/web\/#organization\",\"name\":\"Participaci\u00f3n Ciudadana\",\"url\":\"https:\/\/www.participacionciudadana.org\/web\/\",\"logo\":{\"@type\":\"ImageObject\",\"inLanguage\":\"es\",\"@id\":\"https:\/\/www.participacionciudadana.org\/web\/#\/schema\/logo\/image\/\",\"url\":\"https:\/\/www.participacionciudadana.org\/web\/wp-content\/uploads\/2021\/11\/cropped-logo_pc-1.png\",\"contentUrl\":\"https:\/\/www.participacionciudadana.org\/web\/wp-content\/uploads\/2021\/11\/cropped-logo_pc-1.png\",\"width\":340,\"height\":114,\"caption\":\"Participaci\u00f3n Ciudadana\"},\"image\":{\"@id\":\"https:\/\/www.participacionciudadana.org\/web\/#\/schema\/logo\/image\/\"},\"sameAs\":[\"https:\/\/www.facebook.com\/ParticipacionPC\/\",\"https:\/\/x.com\/ParticipacionPC\"]},{\"@type\":\"Person\",\"@id\":\"https:\/\/www.participacionciudadana.org\/web\/#\/schema\/person\/67ded4b29f4c10d217a0e025340d23ea\",\"name\":\"auzfabian\",\"image\":{\"@type\":\"ImageObject\",\"inLanguage\":\"es\",\"@id\":\"https:\/\/www.participacionciudadana.org\/web\/#\/schema\/person\/image\/\",\"url\":\"https:\/\/secure.gravatar.com\/avatar\/b07eacb2fae81fba8818d35abde16f5d26c3e833d77fabbeeb8d53523e796bde?s=96&d=mm&r=g\",\"contentUrl\":\"https:\/\/secure.gravatar.com\/avatar\/b07eacb2fae81fba8818d35abde16f5d26c3e833d77fabbeeb8d53523e796bde?s=96&d=mm&r=g\",\"caption\":\"auzfabian\"},\"sameAs\":[\"https:\/\/www.participacionciudadana.org\/web\"],\"url\":\"https:\/\/www.participacionciudadana.org\/web\/author\/auzfabian\/\"}]}<\/script>\n<!-- \/ Yoast SEO plugin. -->","yoast_head_json":{"title":"PC ANTE ARCHIVO DE DISOLUCION A FUNDAMEDIOS INSISTE EN DEROGATORIA DE LA REFORMA AL DECRETO 16 - Participaci\u00f3n Ciudadana","robots":{"index":"index","follow":"follow","max-snippet":"max-snippet:-1","max-image-preview":"max-image-preview:large","max-video-preview":"max-video-preview:-1"},"canonical":"https:\/\/www.participacionciudadana.org\/web\/2018\/02\/20\/pc-ante-archivo-de-disolucion-a-fundamedios-insiste-en-derogatoria-de-la-reforma-al-decreto-16\/","og_locale":"es_ES","og_type":"article","og_title":"PC ANTE ARCHIVO DE DISOLUCION A FUNDAMEDIOS INSISTE EN DEROGATORIA DE LA REFORMA AL DECRETO 16 - Participaci\u00f3n Ciudadana","og_description":"La Corporaci\u00f3n Participaci\u00f3n Ciudadana, considera acertada la decisi\u00f3n de la Secretar\u00eda Nacional de Comunicaci\u00f3n (Secom) de archivar el proceso de disoluci\u00f3n iniciado hace unos d\u00edas en contra de la Fundaci\u00f3n Andina para la Observaci\u00f3n Social y el Estudio de Medios, FUNDAMEDIOS. PC considera que la pretensi\u00f3n de disolver a Fundamedios, figura aplicada anteriormente tambi\u00e9n a [&hellip;]","og_url":"https:\/\/www.participacionciudadana.org\/web\/2018\/02\/20\/pc-ante-archivo-de-disolucion-a-fundamedios-insiste-en-derogatoria-de-la-reforma-al-decreto-16\/","og_site_name":"Participaci\u00f3n Ciudadana","article_publisher":"https:\/\/www.facebook.com\/ParticipacionPC\/","article_published_time":"2018-02-21T02:33:52+00:00","author":"auzfabian","twitter_card":"summary_large_image","twitter_creator":"@ParticipacionPC","twitter_site":"@ParticipacionPC","twitter_misc":{"Escrito por":"auzfabian","Tiempo de lectura":"1 minuto"},"schema":{"@context":"https:\/\/schema.org","@graph":[{"@type":"Article","@id":"https:\/\/www.participacionciudadana.org\/web\/2018\/02\/20\/pc-ante-archivo-de-disolucion-a-fundamedios-insiste-en-derogatoria-de-la-reforma-al-decreto-16\/#article","isPartOf":{"@id":"https:\/\/www.participacionciudadana.org\/web\/2018\/02\/20\/pc-ante-archivo-de-disolucion-a-fundamedios-insiste-en-derogatoria-de-la-reforma-al-decreto-16\/"},"author":{"name":"auzfabian","@id":"https:\/\/www.participacionciudadana.org\/web\/#\/schema\/person\/67ded4b29f4c10d217a0e025340d23ea"},"headline":"PC ANTE ARCHIVO DE DISOLUCION A FUNDAMEDIOS INSISTE EN DEROGATORIA DE LA REFORMA AL DECRETO 16","datePublished":"2018-02-21T02:33:52+00:00","mainEntityOfPage":{"@id":"https:\/\/www.participacionciudadana.org\/web\/2018\/02\/20\/pc-ante-archivo-de-disolucion-a-fundamedios-insiste-en-derogatoria-de-la-reforma-al-decreto-16\/"},"wordCount":264,"commentCount":0,"publisher":{"@id":"https:\/\/www.participacionciudadana.org\/web\/#organization"},"articleSection":["Actualidad"],"inLanguage":"es","potentialAction":[{"@type":"CommentAction","name":"Comment","target":["https:\/\/www.participacionciudadana.org\/web\/2018\/02\/20\/pc-ante-archivo-de-disolucion-a-fundamedios-insiste-en-derogatoria-de-la-reforma-al-decreto-16\/#respond"]}]},{"@type":"WebPage","@id":"https:\/\/www.participacionciudadana.org\/web\/2018\/02\/20\/pc-ante-archivo-de-disolucion-a-fundamedios-insiste-en-derogatoria-de-la-reforma-al-decreto-16\/","url":"https:\/\/www.participacionciudadana.org\/web\/2018\/02\/20\/pc-ante-archivo-de-disolucion-a-fundamedios-insiste-en-derogatoria-de-la-reforma-al-decreto-16\/","name":"PC ANTE ARCHIVO DE DISOLUCION A FUNDAMEDIOS INSISTE EN DEROGATORIA DE LA REFORMA AL DECRETO 16 - Participaci\u00f3n Ciudadana","isPartOf":{"@id":"https:\/\/www.participacionciudadana.org\/web\/#website"},"datePublished":"2018-02-21T02:33:52+00:00","breadcrumb":{"@id":"https:\/\/www.participacionciudadana.org\/web\/2018\/02\/20\/pc-ante-archivo-de-disolucion-a-fundamedios-insiste-en-derogatoria-de-la-reforma-al-decreto-16\/#breadcrumb"},"inLanguage":"es","potentialAction":[{"@type":"ReadAction","target":["https:\/\/www.participacionciudadana.org\/web\/2018\/02\/20\/pc-ante-archivo-de-disolucion-a-fundamedios-insiste-en-derogatoria-de-la-reforma-al-decreto-16\/"]}]},{"@type":"BreadcrumbList","@id":"https:\/\/www.participacionciudadana.org\/web\/2018\/02\/20\/pc-ante-archivo-de-disolucion-a-fundamedios-insiste-en-derogatoria-de-la-reforma-al-decreto-16\/#breadcrumb","itemListElement":[{"@type":"ListItem","position":1,"name":"Portada","item":"https:\/\/www.participacionciudadana.org\/web\/"},{"@type":"ListItem","position":2,"name":"PC ANTE ARCHIVO DE DISOLUCION A FUNDAMEDIOS INSISTE EN DEROGATORIA DE LA REFORMA AL DECRETO 16"}]},{"@type":"WebSite","@id":"https:\/\/www.participacionciudadana.org\/web\/#website","url":"https:\/\/www.participacionciudadana.org\/web\/","name":"Participaci\u00f3n Ciudadana","description":"Comprometidos con la democracia","publisher":{"@id":"https:\/\/www.participacionciudadana.org\/web\/#organization"},"potentialAction":[{"@type":"SearchAction","target":{"@type":"EntryPoint","urlTemplate":"https:\/\/www.participacionciudadana.org\/web\/?s={search_term_string}"},"query-input":{"@type":"PropertyValueSpecification","valueRequired":true,"valueName":"search_term_string"}}],"inLanguage":"es"},{"@type":"Organization","@id":"https:\/\/www.participacionciudadana.org\/web\/#organization","name":"Participaci\u00f3n Ciudadana","url":"https:\/\/www.participacionciudadana.org\/web\/","logo":{"@type":"ImageObject","inLanguage":"es","@id":"https:\/\/www.participacionciudadana.org\/web\/#\/schema\/logo\/image\/","url":"https:\/\/www.participacionciudadana.org\/web\/wp-content\/uploads\/2021\/11\/cropped-logo_pc-1.png","contentUrl":"https:\/\/www.participacionciudadana.org\/web\/wp-content\/uploads\/2021\/11\/cropped-logo_pc-1.png","width":340,"height":114,"caption":"Participaci\u00f3n Ciudadana"},"image":{"@id":"https:\/\/www.participacionciudadana.org\/web\/#\/schema\/logo\/image\/"},"sameAs":["https:\/\/www.facebook.com\/ParticipacionPC\/","https:\/\/x.com\/ParticipacionPC"]},{"@type":"Person","@id":"https:\/\/www.participacionciudadana.org\/web\/#\/schema\/person\/67ded4b29f4c10d217a0e025340d23ea","name":"auzfabian","image":{"@type":"ImageObject","inLanguage":"es","@id":"https:\/\/www.participacionciudadana.org\/web\/#\/schema\/person\/image\/","url":"https:\/\/secure.gravatar.com\/avatar\/b07eacb2fae81fba8818d35abde16f5d26c3e833d77fabbeeb8d53523e796bde?s=96&d=mm&r=g","contentUrl":"https:\/\/secure.gravatar.com\/avatar\/b07eacb2fae81fba8818d35abde16f5d26c3e833d77fabbeeb8d53523e796bde?s=96&d=mm&r=g","caption":"auzfabian"},"sameAs":["https:\/\/www.participacionciudadana.org\/web"],"url":"https:\/\/www.participacionciudadana.org\/web\/author\/auzfabian\/"}]}},"_links":{"self":[{"href":"https:\/\/www.participacionciudadana.org\/web\/wp-json\/wp\/v2\/posts\/1671","targetHints":{"allow":["GET"]}}],"collection":[{"href":"https:\/\/www.participacionciudadana.org\/web\/wp-json\/wp\/v2\/posts"}],"about":[{"href":"https:\/\/www.participacionciudadana.org\/web\/wp-json\/wp\/v2\/types\/post"}],"author":[{"embeddable":true,"href":"https:\/\/www.participacionciudadana.org\/web\/wp-json\/wp\/v2\/users\/1"}],"replies":[{"embeddable":true,"href":"https:\/\/www.participacionciudadana.org\/web\/wp-json\/wp\/v2\/comments?post=1671"}],"version-history":[{"count":0,"href":"https:\/\/www.participacionciudadana.org\/web\/wp-json\/wp\/v2\/posts\/1671\/revisions"}],"wp:attachment":[{"href":"https:\/\/www.participacionciudadana.org\/web\/wp-json\/wp\/v2\/media?parent=1671"}],"wp:term":[{"taxonomy":"category","embeddable":true,"href":"https:\/\/www.participacionciudadana.org\/web\/wp-json\/wp\/v2\/categories?post=1671"},{"taxonomy":"post_tag","embeddable":true,"href":"https:\/\/www.participacionciudadana.org\/web\/wp-json\/wp\/v2\/tags?post=1671"}],"curies":[{"name":"wp","href":"https:\/\/api.w.org\/{rel}","templated":true}]}}