{"id":1676,"date":"2018-02-20T22:01:52","date_gmt":"2018-02-21T03:01:52","guid":{"rendered":"https:\/\/www.participacionciudadana.org\/web\/2018\/02\/20\/pc-realiza-conversatorio-en-loja-dentro-de-campana-mi-voto-tiene-poder\/"},"modified":"2018-02-20T22:01:52","modified_gmt":"2018-02-21T03:01:52","slug":"pc-realiza-conversatorio-en-loja-dentro-de-campana-mi-voto-tiene-poder","status":"publish","type":"post","link":"https:\/\/www.participacionciudadana.org\/web\/2018\/02\/20\/pc-realiza-conversatorio-en-loja-dentro-de-campana-mi-voto-tiene-poder\/","title":{"rendered":"PC realiza conversatorio en Loja dentro de campa\u00f1a \u201cMi Voto Tiene Poder\u201d"},"content":{"rendered":"<p>La Corporaci\u00f3n Participaci\u00f3n<br \/>\nCiudadana y la Fundaci\u00f3n CAJE realizar\u00e1n el conversatorio en Loja sobre las<br \/>\npreguntas de la Consulta Popular y Refer\u00e9ndum, en el marco de la campaomoviendo conversatorios en disns y<br \/>\npromoviendo conversatorios en disntintas provincias, \u00f1a c\u00edvica <b>\u2018Mi voto tiene<br \/>\npoder\u2019 <\/b>para promover<b> <\/b>el voto informado de los<br \/>\necuatorianos en la consulta popular.<\/p>\n<\/p>\n<p>En el conversatorio se realizar\u00e1<br \/>\neste <b>martes 16 de enero de 2018 en el<br \/>\nteatro \u201cSegundo Cueva Celi\u201d en Casa de la Cultura N\u00facleo Loja a las 10:30.<\/b><br \/>\nEn el evento participar\u00e1n reconocidos personajes p\u00fablicos como panelistas. La<br \/>\nentrada es gratuita.<\/p>\n<\/p>\n<p><b>Los<br \/>\nasistentes podr\u00e1n participar con preguntas al igual que las personas que sigan<br \/>\nel conversatorio por las redes sociales de PC.<\/b><\/p>\n<\/p>\n<p>El objetivo de PC es motivar el<br \/>\nvoto responsable sobre las preguntas de la Consulta, los anexos, informaci\u00f3n de<br \/>\n<b>inter\u00e9s ciudadano<\/b> del proceso<br \/>\nelectoral y la importancia de ejercer el derecho al voto en una sociedad<br \/>\ndemocr\u00e1tica. Otros <b>cuatro conversatorios<br \/>\nsimilares realizaremos en Ibarra, Cuenca y Quito<\/b>, durante la campa\u00f1a electoral.<br \/>\nEl pasado 9 de enero realizamos el primer conversatorio en Guayaquil.<\/p>\n<\/p>\n<p>La campa\u00f1a tambi\u00e9n difunde, a<br \/>\ntrav\u00e9s de nuestras redes sociales, mensajes y productos comunicacionales que <b>motivan el voto responsable. <\/b><\/p>\n<\/p>\n<p>La informaci\u00f3n de la campa\u00f1a <b>#TuVotoTienePoder<\/b><br \/>\nestar\u00e1 disponible en la web de PC <a href=\"http:\/\/www.participacionciudadana.org\">www.participacionciudadana.org<\/a> y en las redes<br \/>\nsociales de nuestra organizaci\u00f3n: <b>Twitter<br \/>\n@ParticipacionPC y Facebook ParticipacionPC<\/b><\/p>\n<\/p>\n<p>Somos una organizaci\u00f3n no<br \/>\ngubernamental ecuatoriana sin fines de lucro, no partidista y pluralista, que<br \/>\naporta al fortalecimiento de la democracia en el Ecuador desde el 2002,<br \/>\npromueve varios proyectos, entre ellos, la observaci\u00f3n electoral.<\/p>\n","protected":false},"excerpt":{"rendered":"<p>La Corporaci\u00f3n Participaci\u00f3n Ciudadana y la Fundaci\u00f3n CAJE realizar\u00e1n el conversatorio en Loja sobre las preguntas de la Consulta Popular y Refer\u00e9ndum, en el marco de la campaomoviendo conversatorios en disns y promoviendo conversatorios en disntintas provincias, \u00f1a c\u00edvica \u2018Mi voto tiene poder\u2019 para promover el voto informado de los ecuatorianos en la consulta popular. [&hellip;]<\/p>\n","protected":false},"author":1,"featured_media":0,"comment_status":"open","ping_status":"open","sticky":false,"template":"","format":"standard","meta":{"site-sidebar-layout":"default","site-content-layout":"","ast-site-content-layout":"default","site-content-style":"default","site-sidebar-style":"default","ast-global-header-display":"","ast-banner-title-visibility":"","ast-main-header-display":"","ast-hfb-above-header-display":"","ast-hfb-below-header-display":"","ast-hfb-mobile-header-display":"","site-post-title":"","ast-breadcrumbs-content":"","ast-featured-img":"","footer-sml-layout":"","ast-disable-related-posts":"","theme-transparent-header-meta":"","adv-header-id-meta":"","stick-header-meta":"","header-above-stick-meta":"","header-main-stick-meta":"","header-below-stick-meta":"","astra-migrate-meta-layouts":"default","ast-page-background-enabled":"default","ast-page-background-meta":{"desktop":{"background-color":"","background-image":"","background-repeat":"repeat","background-position":"center center","background-size":"auto","background-attachment":"scroll","background-type":"","background-media":"","overlay-type":"","overlay-color":"","overlay-opacity":"","overlay-gradient":""},"tablet":{"background-color":"","background-image":"","background-repeat":"repeat","background-position":"center center","background-size":"auto","background-attachment":"scroll","background-type":"","background-media":"","overlay-type":"","overlay-color":"","overlay-opacity":"","overlay-gradient":""},"mobile":{"background-color":"","background-image":"","background-repeat":"repeat","background-position":"center center","background-size":"auto","background-attachment":"scroll","background-type":"","background-media":"","overlay-type":"","overlay-color":"","overlay-opacity":"","overlay-gradient":""}},"ast-content-background-meta":{"desktop":{"background-color":"var(--ast-global-color-5)","background-image":"","background-repeat":"repeat","background-position":"center center","background-size":"auto","background-attachment":"scroll","background-type":"","background-media":"","overlay-type":"","overlay-color":"","overlay-opacity":"","overlay-gradient":""},"tablet":{"background-color":"var(--ast-global-color-5)","background-image":"","background-repeat":"repeat","background-position":"center center","background-size":"auto","background-attachment":"scroll","background-type":"","background-media":"","overlay-type":"","overlay-color":"","overlay-opacity":"","overlay-gradient":""},"mobile":{"background-color":"var(--ast-global-color-5)","background-image":"","background-repeat":"repeat","background-position":"center center","background-size":"auto","background-attachment":"scroll","background-type":"","background-media":"","overlay-type":"","overlay-color":"","overlay-opacity":"","overlay-gradient":""}},"_joinchat":[],"footnotes":""},"categories":[16],"tags":[],"class_list":["post-1676","post","type-post","status-publish","format-standard","hentry","category-actualidad"],"yoast_head":"<!-- This site is optimized with the Yoast SEO plugin v26.5 - https:\/\/yoast.com\/wordpress\/plugins\/seo\/ -->\n<title>PC realiza conversatorio en Loja dentro de campa\u00f1a \u201cMi Voto Tiene Poder\u201d - Participaci\u00f3n Ciudadana<\/title>\n<meta name=\"robots\" content=\"index, follow, max-snippet:-1, max-image-preview:large, max-video-preview:-1\" \/>\n<link rel=\"canonical\" href=\"https:\/\/www.participacionciudadana.org\/web\/2018\/02\/20\/pc-realiza-conversatorio-en-loja-dentro-de-campana-mi-voto-tiene-poder\/\" \/>\n<meta property=\"og:locale\" content=\"es_ES\" \/>\n<meta property=\"og:type\" content=\"article\" \/>\n<meta property=\"og:title\" content=\"PC realiza conversatorio en Loja dentro de campa\u00f1a \u201cMi Voto Tiene Poder\u201d - Participaci\u00f3n Ciudadana\" \/>\n<meta property=\"og:description\" content=\"La Corporaci\u00f3n Participaci\u00f3n Ciudadana y la Fundaci\u00f3n CAJE realizar\u00e1n el conversatorio en Loja sobre las preguntas de la Consulta Popular y Refer\u00e9ndum, en el marco de la campaomoviendo conversatorios en disns y promoviendo conversatorios en disntintas provincias, \u00f1a c\u00edvica \u2018Mi voto tiene poder\u2019 para promover el voto informado de los ecuatorianos en la consulta popular. [&hellip;]\" \/>\n<meta property=\"og:url\" content=\"https:\/\/www.participacionciudadana.org\/web\/2018\/02\/20\/pc-realiza-conversatorio-en-loja-dentro-de-campana-mi-voto-tiene-poder\/\" \/>\n<meta property=\"og:site_name\" content=\"Participaci\u00f3n Ciudadana\" \/>\n<meta property=\"article:publisher\" content=\"https:\/\/www.facebook.com\/ParticipacionPC\/\" \/>\n<meta property=\"article:published_time\" content=\"2018-02-21T03:01:52+00:00\" \/>\n<meta name=\"author\" content=\"auzfabian\" \/>\n<meta name=\"twitter:card\" content=\"summary_large_image\" \/>\n<meta name=\"twitter:creator\" content=\"@ParticipacionPC\" \/>\n<meta name=\"twitter:site\" content=\"@ParticipacionPC\" \/>\n<meta name=\"twitter:label1\" content=\"Escrito por\" \/>\n\t<meta name=\"twitter:data1\" content=\"auzfabian\" \/>\n\t<meta name=\"twitter:label2\" content=\"Tiempo de lectura\" \/>\n\t<meta name=\"twitter:data2\" content=\"1 minuto\" \/>\n<script type=\"application\/ld+json\" class=\"yoast-schema-graph\">{\"@context\":\"https:\/\/schema.org\",\"@graph\":[{\"@type\":\"Article\",\"@id\":\"https:\/\/www.participacionciudadana.org\/web\/2018\/02\/20\/pc-realiza-conversatorio-en-loja-dentro-de-campana-mi-voto-tiene-poder\/#article\",\"isPartOf\":{\"@id\":\"https:\/\/www.participacionciudadana.org\/web\/2018\/02\/20\/pc-realiza-conversatorio-en-loja-dentro-de-campana-mi-voto-tiene-poder\/\"},\"author\":{\"name\":\"auzfabian\",\"@id\":\"https:\/\/www.participacionciudadana.org\/web\/#\/schema\/person\/67ded4b29f4c10d217a0e025340d23ea\"},\"headline\":\"PC realiza conversatorio en Loja dentro de campa\u00f1a \u201cMi Voto Tiene Poder\u201d\",\"datePublished\":\"2018-02-21T03:01:52+00:00\",\"mainEntityOfPage\":{\"@id\":\"https:\/\/www.participacionciudadana.org\/web\/2018\/02\/20\/pc-realiza-conversatorio-en-loja-dentro-de-campana-mi-voto-tiene-poder\/\"},\"wordCount\":292,\"commentCount\":0,\"publisher\":{\"@id\":\"https:\/\/www.participacionciudadana.org\/web\/#organization\"},\"articleSection\":[\"Actualidad\"],\"inLanguage\":\"es\",\"potentialAction\":[{\"@type\":\"CommentAction\",\"name\":\"Comment\",\"target\":[\"https:\/\/www.participacionciudadana.org\/web\/2018\/02\/20\/pc-realiza-conversatorio-en-loja-dentro-de-campana-mi-voto-tiene-poder\/#respond\"]}]},{\"@type\":\"WebPage\",\"@id\":\"https:\/\/www.participacionciudadana.org\/web\/2018\/02\/20\/pc-realiza-conversatorio-en-loja-dentro-de-campana-mi-voto-tiene-poder\/\",\"url\":\"https:\/\/www.participacionciudadana.org\/web\/2018\/02\/20\/pc-realiza-conversatorio-en-loja-dentro-de-campana-mi-voto-tiene-poder\/\",\"name\":\"PC realiza conversatorio en Loja dentro de campa\u00f1a \u201cMi Voto Tiene Poder\u201d - Participaci\u00f3n Ciudadana\",\"isPartOf\":{\"@id\":\"https:\/\/www.participacionciudadana.org\/web\/#website\"},\"datePublished\":\"2018-02-21T03:01:52+00:00\",\"breadcrumb\":{\"@id\":\"https:\/\/www.participacionciudadana.org\/web\/2018\/02\/20\/pc-realiza-conversatorio-en-loja-dentro-de-campana-mi-voto-tiene-poder\/#breadcrumb\"},\"inLanguage\":\"es\",\"potentialAction\":[{\"@type\":\"ReadAction\",\"target\":[\"https:\/\/www.participacionciudadana.org\/web\/2018\/02\/20\/pc-realiza-conversatorio-en-loja-dentro-de-campana-mi-voto-tiene-poder\/\"]}]},{\"@type\":\"BreadcrumbList\",\"@id\":\"https:\/\/www.participacionciudadana.org\/web\/2018\/02\/20\/pc-realiza-conversatorio-en-loja-dentro-de-campana-mi-voto-tiene-poder\/#breadcrumb\",\"itemListElement\":[{\"@type\":\"ListItem\",\"position\":1,\"name\":\"Portada\",\"item\":\"https:\/\/www.participacionciudadana.org\/web\/\"},{\"@type\":\"ListItem\",\"position\":2,\"name\":\"PC realiza conversatorio en Loja dentro de campa\u00f1a \u201cMi Voto Tiene Poder\u201d\"}]},{\"@type\":\"WebSite\",\"@id\":\"https:\/\/www.participacionciudadana.org\/web\/#website\",\"url\":\"https:\/\/www.participacionciudadana.org\/web\/\",\"name\":\"Participaci\u00f3n Ciudadana\",\"description\":\"Comprometidos con la democracia\",\"publisher\":{\"@id\":\"https:\/\/www.participacionciudadana.org\/web\/#organization\"},\"potentialAction\":[{\"@type\":\"SearchAction\",\"target\":{\"@type\":\"EntryPoint\",\"urlTemplate\":\"https:\/\/www.participacionciudadana.org\/web\/?s={search_term_string}\"},\"query-input\":{\"@type\":\"PropertyValueSpecification\",\"valueRequired\":true,\"valueName\":\"search_term_string\"}}],\"inLanguage\":\"es\"},{\"@type\":\"Organization\",\"@id\":\"https:\/\/www.participacionciudadana.org\/web\/#organization\",\"name\":\"Participaci\u00f3n Ciudadana\",\"url\":\"https:\/\/www.participacionciudadana.org\/web\/\",\"logo\":{\"@type\":\"ImageObject\",\"inLanguage\":\"es\",\"@id\":\"https:\/\/www.participacionciudadana.org\/web\/#\/schema\/logo\/image\/\",\"url\":\"https:\/\/www.participacionciudadana.org\/web\/wp-content\/uploads\/2021\/11\/cropped-logo_pc-1.png\",\"contentUrl\":\"https:\/\/www.participacionciudadana.org\/web\/wp-content\/uploads\/2021\/11\/cropped-logo_pc-1.png\",\"width\":340,\"height\":114,\"caption\":\"Participaci\u00f3n Ciudadana\"},\"image\":{\"@id\":\"https:\/\/www.participacionciudadana.org\/web\/#\/schema\/logo\/image\/\"},\"sameAs\":[\"https:\/\/www.facebook.com\/ParticipacionPC\/\",\"https:\/\/x.com\/ParticipacionPC\"]},{\"@type\":\"Person\",\"@id\":\"https:\/\/www.participacionciudadana.org\/web\/#\/schema\/person\/67ded4b29f4c10d217a0e025340d23ea\",\"name\":\"auzfabian\",\"image\":{\"@type\":\"ImageObject\",\"inLanguage\":\"es\",\"@id\":\"https:\/\/www.participacionciudadana.org\/web\/#\/schema\/person\/image\/\",\"url\":\"https:\/\/secure.gravatar.com\/avatar\/b07eacb2fae81fba8818d35abde16f5d26c3e833d77fabbeeb8d53523e796bde?s=96&d=mm&r=g\",\"contentUrl\":\"https:\/\/secure.gravatar.com\/avatar\/b07eacb2fae81fba8818d35abde16f5d26c3e833d77fabbeeb8d53523e796bde?s=96&d=mm&r=g\",\"caption\":\"auzfabian\"},\"sameAs\":[\"https:\/\/www.participacionciudadana.org\/web\"],\"url\":\"https:\/\/www.participacionciudadana.org\/web\/author\/auzfabian\/\"}]}<\/script>\n<!-- \/ Yoast SEO plugin. -->","yoast_head_json":{"title":"PC realiza conversatorio en Loja dentro de campa\u00f1a \u201cMi Voto Tiene Poder\u201d - Participaci\u00f3n Ciudadana","robots":{"index":"index","follow":"follow","max-snippet":"max-snippet:-1","max-image-preview":"max-image-preview:large","max-video-preview":"max-video-preview:-1"},"canonical":"https:\/\/www.participacionciudadana.org\/web\/2018\/02\/20\/pc-realiza-conversatorio-en-loja-dentro-de-campana-mi-voto-tiene-poder\/","og_locale":"es_ES","og_type":"article","og_title":"PC realiza conversatorio en Loja dentro de campa\u00f1a \u201cMi Voto Tiene Poder\u201d - Participaci\u00f3n Ciudadana","og_description":"La Corporaci\u00f3n Participaci\u00f3n Ciudadana y la Fundaci\u00f3n CAJE realizar\u00e1n el conversatorio en Loja sobre las preguntas de la Consulta Popular y Refer\u00e9ndum, en el marco de la campaomoviendo conversatorios en disns y promoviendo conversatorios en disntintas provincias, \u00f1a c\u00edvica \u2018Mi voto tiene poder\u2019 para promover el voto informado de los ecuatorianos en la consulta popular. [&hellip;]","og_url":"https:\/\/www.participacionciudadana.org\/web\/2018\/02\/20\/pc-realiza-conversatorio-en-loja-dentro-de-campana-mi-voto-tiene-poder\/","og_site_name":"Participaci\u00f3n Ciudadana","article_publisher":"https:\/\/www.facebook.com\/ParticipacionPC\/","article_published_time":"2018-02-21T03:01:52+00:00","author":"auzfabian","twitter_card":"summary_large_image","twitter_creator":"@ParticipacionPC","twitter_site":"@ParticipacionPC","twitter_misc":{"Escrito por":"auzfabian","Tiempo de lectura":"1 minuto"},"schema":{"@context":"https:\/\/schema.org","@graph":[{"@type":"Article","@id":"https:\/\/www.participacionciudadana.org\/web\/2018\/02\/20\/pc-realiza-conversatorio-en-loja-dentro-de-campana-mi-voto-tiene-poder\/#article","isPartOf":{"@id":"https:\/\/www.participacionciudadana.org\/web\/2018\/02\/20\/pc-realiza-conversatorio-en-loja-dentro-de-campana-mi-voto-tiene-poder\/"},"author":{"name":"auzfabian","@id":"https:\/\/www.participacionciudadana.org\/web\/#\/schema\/person\/67ded4b29f4c10d217a0e025340d23ea"},"headline":"PC realiza conversatorio en Loja dentro de campa\u00f1a \u201cMi Voto Tiene Poder\u201d","datePublished":"2018-02-21T03:01:52+00:00","mainEntityOfPage":{"@id":"https:\/\/www.participacionciudadana.org\/web\/2018\/02\/20\/pc-realiza-conversatorio-en-loja-dentro-de-campana-mi-voto-tiene-poder\/"},"wordCount":292,"commentCount":0,"publisher":{"@id":"https:\/\/www.participacionciudadana.org\/web\/#organization"},"articleSection":["Actualidad"],"inLanguage":"es","potentialAction":[{"@type":"CommentAction","name":"Comment","target":["https:\/\/www.participacionciudadana.org\/web\/2018\/02\/20\/pc-realiza-conversatorio-en-loja-dentro-de-campana-mi-voto-tiene-poder\/#respond"]}]},{"@type":"WebPage","@id":"https:\/\/www.participacionciudadana.org\/web\/2018\/02\/20\/pc-realiza-conversatorio-en-loja-dentro-de-campana-mi-voto-tiene-poder\/","url":"https:\/\/www.participacionciudadana.org\/web\/2018\/02\/20\/pc-realiza-conversatorio-en-loja-dentro-de-campana-mi-voto-tiene-poder\/","name":"PC realiza conversatorio en Loja dentro de campa\u00f1a \u201cMi Voto Tiene Poder\u201d - Participaci\u00f3n Ciudadana","isPartOf":{"@id":"https:\/\/www.participacionciudadana.org\/web\/#website"},"datePublished":"2018-02-21T03:01:52+00:00","breadcrumb":{"@id":"https:\/\/www.participacionciudadana.org\/web\/2018\/02\/20\/pc-realiza-conversatorio-en-loja-dentro-de-campana-mi-voto-tiene-poder\/#breadcrumb"},"inLanguage":"es","potentialAction":[{"@type":"ReadAction","target":["https:\/\/www.participacionciudadana.org\/web\/2018\/02\/20\/pc-realiza-conversatorio-en-loja-dentro-de-campana-mi-voto-tiene-poder\/"]}]},{"@type":"BreadcrumbList","@id":"https:\/\/www.participacionciudadana.org\/web\/2018\/02\/20\/pc-realiza-conversatorio-en-loja-dentro-de-campana-mi-voto-tiene-poder\/#breadcrumb","itemListElement":[{"@type":"ListItem","position":1,"name":"Portada","item":"https:\/\/www.participacionciudadana.org\/web\/"},{"@type":"ListItem","position":2,"name":"PC realiza conversatorio en Loja dentro de campa\u00f1a \u201cMi Voto Tiene Poder\u201d"}]},{"@type":"WebSite","@id":"https:\/\/www.participacionciudadana.org\/web\/#website","url":"https:\/\/www.participacionciudadana.org\/web\/","name":"Participaci\u00f3n Ciudadana","description":"Comprometidos con la democracia","publisher":{"@id":"https:\/\/www.participacionciudadana.org\/web\/#organization"},"potentialAction":[{"@type":"SearchAction","target":{"@type":"EntryPoint","urlTemplate":"https:\/\/www.participacionciudadana.org\/web\/?s={search_term_string}"},"query-input":{"@type":"PropertyValueSpecification","valueRequired":true,"valueName":"search_term_string"}}],"inLanguage":"es"},{"@type":"Organization","@id":"https:\/\/www.participacionciudadana.org\/web\/#organization","name":"Participaci\u00f3n Ciudadana","url":"https:\/\/www.participacionciudadana.org\/web\/","logo":{"@type":"ImageObject","inLanguage":"es","@id":"https:\/\/www.participacionciudadana.org\/web\/#\/schema\/logo\/image\/","url":"https:\/\/www.participacionciudadana.org\/web\/wp-content\/uploads\/2021\/11\/cropped-logo_pc-1.png","contentUrl":"https:\/\/www.participacionciudadana.org\/web\/wp-content\/uploads\/2021\/11\/cropped-logo_pc-1.png","width":340,"height":114,"caption":"Participaci\u00f3n Ciudadana"},"image":{"@id":"https:\/\/www.participacionciudadana.org\/web\/#\/schema\/logo\/image\/"},"sameAs":["https:\/\/www.facebook.com\/ParticipacionPC\/","https:\/\/x.com\/ParticipacionPC"]},{"@type":"Person","@id":"https:\/\/www.participacionciudadana.org\/web\/#\/schema\/person\/67ded4b29f4c10d217a0e025340d23ea","name":"auzfabian","image":{"@type":"ImageObject","inLanguage":"es","@id":"https:\/\/www.participacionciudadana.org\/web\/#\/schema\/person\/image\/","url":"https:\/\/secure.gravatar.com\/avatar\/b07eacb2fae81fba8818d35abde16f5d26c3e833d77fabbeeb8d53523e796bde?s=96&d=mm&r=g","contentUrl":"https:\/\/secure.gravatar.com\/avatar\/b07eacb2fae81fba8818d35abde16f5d26c3e833d77fabbeeb8d53523e796bde?s=96&d=mm&r=g","caption":"auzfabian"},"sameAs":["https:\/\/www.participacionciudadana.org\/web"],"url":"https:\/\/www.participacionciudadana.org\/web\/author\/auzfabian\/"}]}},"_links":{"self":[{"href":"https:\/\/www.participacionciudadana.org\/web\/wp-json\/wp\/v2\/posts\/1676","targetHints":{"allow":["GET"]}}],"collection":[{"href":"https:\/\/www.participacionciudadana.org\/web\/wp-json\/wp\/v2\/posts"}],"about":[{"href":"https:\/\/www.participacionciudadana.org\/web\/wp-json\/wp\/v2\/types\/post"}],"author":[{"embeddable":true,"href":"https:\/\/www.participacionciudadana.org\/web\/wp-json\/wp\/v2\/users\/1"}],"replies":[{"embeddable":true,"href":"https:\/\/www.participacionciudadana.org\/web\/wp-json\/wp\/v2\/comments?post=1676"}],"version-history":[{"count":0,"href":"https:\/\/www.participacionciudadana.org\/web\/wp-json\/wp\/v2\/posts\/1676\/revisions"}],"wp:attachment":[{"href":"https:\/\/www.participacionciudadana.org\/web\/wp-json\/wp\/v2\/media?parent=1676"}],"wp:term":[{"taxonomy":"category","embeddable":true,"href":"https:\/\/www.participacionciudadana.org\/web\/wp-json\/wp\/v2\/categories?post=1676"},{"taxonomy":"post_tag","embeddable":true,"href":"https:\/\/www.participacionciudadana.org\/web\/wp-json\/wp\/v2\/tags?post=1676"}],"curies":[{"name":"wp","href":"https:\/\/api.w.org\/{rel}","templated":true}]}}