{"id":1698,"date":"2018-03-06T12:57:50","date_gmt":"2018-03-06T17:57:50","guid":{"rendered":"https:\/\/www.participacionciudadana.org\/web\/2018\/03\/06\/pc-presenta-propuestas-a-la-comision-ocasional-de-la-asamblea-nacional\/"},"modified":"2018-03-06T12:57:50","modified_gmt":"2018-03-06T17:57:50","slug":"pc-presenta-propuestas-a-la-comision-ocasional-de-la-asamblea-nacional","status":"publish","type":"post","link":"https:\/\/www.participacionciudadana.org\/web\/2018\/03\/06\/pc-presenta-propuestas-a-la-comision-ocasional-de-la-asamblea-nacional\/","title":{"rendered":"PC presenta propuestas a la Comisi\u00f3n Ocasional de la Asamblea Nacional"},"content":{"rendered":"<p class=\"MsoNormal\" style=\"margin-left: 0cm; text-align: justify; text-indent: -.1pt;\"><span style=\"font-family: 'Arial',sans-serif; mso-fareast-font-family: Arial;\">La Corporaci\u00f3n Participaci\u00f3n Ciudadana <b style=\"mso-bidi-font-weight: normal;\">invita a los medios de comunicaci\u00f3n a la cobertura de la entrega de la propuesta a la Comisi\u00f3n Ocasional de la Asamblea Nacional<\/b> con aportes t\u00e9cnicos y jur\u00eddicos para la construcci\u00f3n del proyecto de Ley Org\u00e1nica reformatoria del Consejo de Participaci\u00f3n Ciudadana y Control Social:<\/span><\/p>\n<p class=\"MsoNormal\" style=\"margin-left: 0cm; text-align: justify; text-indent: -.1pt;\"><b style=\"mso-bidi-font-weight: normal;\"><span style=\"font-family: 'Arial',sans-serif; mso-fareast-font-family: Arial;\">D\u00eda:<\/span><\/b><span style=\"font-family: 'Arial',sans-serif; mso-fareast-font-family: Arial;\"> Lunes 26 de febrero de 2018<\/span><\/p>\n<p class=\"MsoNormal\" style=\"margin-left: 0cm; text-align: justify; text-indent: -.1pt;\"><b style=\"mso-bidi-font-weight: normal;\"><span style=\"font-family: 'Arial',sans-serif; mso-fareast-font-family: Arial;\">Hora:<\/span><\/b><span style=\"font-family: 'Arial',sans-serif; mso-fareast-font-family: Arial;\"> 18h00<\/span><\/p>\n<p class=\"MsoNormal\" style=\"margin-left: 0cm; text-align: justify; text-indent: -.1pt;\"><b style=\"mso-bidi-font-weight: normal;\"><span style=\"font-family: 'Arial',sans-serif; mso-fareast-font-family: Arial;\">Lugar<\/span><\/b><span style=\"font-family: 'Arial',sans-serif; mso-fareast-font-family: Arial;\">: Comisi\u00f3n Especial de la Asamblea Nacional.<\/span><\/p>\n<p class=\"MsoNormal\" style=\"margin-left: 0cm; text-align: justify; text-indent: -.1pt;\"><b style=\"mso-bidi-font-weight: normal;\"><span style=\"font-family: 'Arial',sans-serif; mso-fareast-font-family: Arial;\">PC es una organizaci\u00f3n no gubernamental,<\/span><\/b><span style=\"font-family: 'Arial',sans-serif; mso-fareast-font-family: Arial;\"> sin fines de lucro, no partidista y pluralista, que aporta al fortalecimiento de la Democracia desde hace 15 a\u00f1os.<\/span><\/p>\n","protected":false},"excerpt":{"rendered":"<p>La Corporaci\u00f3n Participaci\u00f3n Ciudadana invita a los medios de comunicaci\u00f3n a la cobertura de la entrega de la propuesta a la Comisi\u00f3n Ocasional de la Asamblea Nacional con aportes t\u00e9cnicos y jur\u00eddicos para la construcci\u00f3n del proyecto de Ley Org\u00e1nica reformatoria del Consejo de Participaci\u00f3n Ciudadana y Control Social: D\u00eda: Lunes 26 de febrero de [&hellip;]<\/p>\n","protected":false},"author":1,"featured_media":0,"comment_status":"open","ping_status":"open","sticky":false,"template":"","format":"standard","meta":{"site-sidebar-layout":"default","site-content-layout":"","ast-site-content-layout":"default","site-content-style":"default","site-sidebar-style":"default","ast-global-header-display":"","ast-banner-title-visibility":"","ast-main-header-display":"","ast-hfb-above-header-display":"","ast-hfb-below-header-display":"","ast-hfb-mobile-header-display":"","site-post-title":"","ast-breadcrumbs-content":"","ast-featured-img":"","footer-sml-layout":"","ast-disable-related-posts":"","theme-transparent-header-meta":"","adv-header-id-meta":"","stick-header-meta":"","header-above-stick-meta":"","header-main-stick-meta":"","header-below-stick-meta":"","astra-migrate-meta-layouts":"default","ast-page-background-enabled":"default","ast-page-background-meta":{"desktop":{"background-color":"","background-image":"","background-repeat":"repeat","background-position":"center center","background-size":"auto","background-attachment":"scroll","background-type":"","background-media":"","overlay-type":"","overlay-color":"","overlay-opacity":"","overlay-gradient":""},"tablet":{"background-color":"","background-image":"","background-repeat":"repeat","background-position":"center center","background-size":"auto","background-attachment":"scroll","background-type":"","background-media":"","overlay-type":"","overlay-color":"","overlay-opacity":"","overlay-gradient":""},"mobile":{"background-color":"","background-image":"","background-repeat":"repeat","background-position":"center center","background-size":"auto","background-attachment":"scroll","background-type":"","background-media":"","overlay-type":"","overlay-color":"","overlay-opacity":"","overlay-gradient":""}},"ast-content-background-meta":{"desktop":{"background-color":"var(--ast-global-color-5)","background-image":"","background-repeat":"repeat","background-position":"center center","background-size":"auto","background-attachment":"scroll","background-type":"","background-media":"","overlay-type":"","overlay-color":"","overlay-opacity":"","overlay-gradient":""},"tablet":{"background-color":"var(--ast-global-color-5)","background-image":"","background-repeat":"repeat","background-position":"center center","background-size":"auto","background-attachment":"scroll","background-type":"","background-media":"","overlay-type":"","overlay-color":"","overlay-opacity":"","overlay-gradient":""},"mobile":{"background-color":"var(--ast-global-color-5)","background-image":"","background-repeat":"repeat","background-position":"center center","background-size":"auto","background-attachment":"scroll","background-type":"","background-media":"","overlay-type":"","overlay-color":"","overlay-opacity":"","overlay-gradient":""}},"_joinchat":[],"footnotes":""},"categories":[16],"tags":[],"class_list":["post-1698","post","type-post","status-publish","format-standard","hentry","category-actualidad"],"yoast_head":"<!-- This site is optimized with the Yoast SEO plugin v26.5 - https:\/\/yoast.com\/wordpress\/plugins\/seo\/ -->\n<title>PC presenta propuestas a la Comisi\u00f3n Ocasional de la Asamblea Nacional - Participaci\u00f3n Ciudadana<\/title>\n<meta name=\"robots\" content=\"index, follow, max-snippet:-1, max-image-preview:large, max-video-preview:-1\" \/>\n<link rel=\"canonical\" href=\"https:\/\/www.participacionciudadana.org\/web\/2018\/03\/06\/pc-presenta-propuestas-a-la-comision-ocasional-de-la-asamblea-nacional\/\" \/>\n<meta property=\"og:locale\" content=\"es_ES\" \/>\n<meta property=\"og:type\" content=\"article\" \/>\n<meta property=\"og:title\" content=\"PC presenta propuestas a la Comisi\u00f3n Ocasional de la Asamblea Nacional - Participaci\u00f3n Ciudadana\" \/>\n<meta property=\"og:description\" content=\"La Corporaci\u00f3n Participaci\u00f3n Ciudadana invita a los medios de comunicaci\u00f3n a la cobertura de la entrega de la propuesta a la Comisi\u00f3n Ocasional de la Asamblea Nacional con aportes t\u00e9cnicos y jur\u00eddicos para la construcci\u00f3n del proyecto de Ley Org\u00e1nica reformatoria del Consejo de Participaci\u00f3n Ciudadana y Control Social: D\u00eda: Lunes 26 de febrero de [&hellip;]\" \/>\n<meta property=\"og:url\" content=\"https:\/\/www.participacionciudadana.org\/web\/2018\/03\/06\/pc-presenta-propuestas-a-la-comision-ocasional-de-la-asamblea-nacional\/\" \/>\n<meta property=\"og:site_name\" content=\"Participaci\u00f3n Ciudadana\" \/>\n<meta property=\"article:publisher\" content=\"https:\/\/www.facebook.com\/ParticipacionPC\/\" \/>\n<meta property=\"article:published_time\" content=\"2018-03-06T17:57:50+00:00\" \/>\n<meta name=\"author\" content=\"auzfabian\" \/>\n<meta name=\"twitter:card\" content=\"summary_large_image\" \/>\n<meta name=\"twitter:creator\" content=\"@ParticipacionPC\" \/>\n<meta name=\"twitter:site\" content=\"@ParticipacionPC\" \/>\n<meta name=\"twitter:label1\" content=\"Escrito por\" \/>\n\t<meta name=\"twitter:data1\" content=\"auzfabian\" \/>\n\t<meta name=\"twitter:label2\" content=\"Tiempo de lectura\" \/>\n\t<meta name=\"twitter:data2\" content=\"1 minuto\" \/>\n<script type=\"application\/ld+json\" class=\"yoast-schema-graph\">{\"@context\":\"https:\/\/schema.org\",\"@graph\":[{\"@type\":\"Article\",\"@id\":\"https:\/\/www.participacionciudadana.org\/web\/2018\/03\/06\/pc-presenta-propuestas-a-la-comision-ocasional-de-la-asamblea-nacional\/#article\",\"isPartOf\":{\"@id\":\"https:\/\/www.participacionciudadana.org\/web\/2018\/03\/06\/pc-presenta-propuestas-a-la-comision-ocasional-de-la-asamblea-nacional\/\"},\"author\":{\"name\":\"auzfabian\",\"@id\":\"https:\/\/www.participacionciudadana.org\/web\/#\/schema\/person\/67ded4b29f4c10d217a0e025340d23ea\"},\"headline\":\"PC presenta propuestas a la Comisi\u00f3n Ocasional de la Asamblea Nacional\",\"datePublished\":\"2018-03-06T17:57:50+00:00\",\"mainEntityOfPage\":{\"@id\":\"https:\/\/www.participacionciudadana.org\/web\/2018\/03\/06\/pc-presenta-propuestas-a-la-comision-ocasional-de-la-asamblea-nacional\/\"},\"wordCount\":112,\"commentCount\":0,\"publisher\":{\"@id\":\"https:\/\/www.participacionciudadana.org\/web\/#organization\"},\"articleSection\":[\"Actualidad\"],\"inLanguage\":\"es\",\"potentialAction\":[{\"@type\":\"CommentAction\",\"name\":\"Comment\",\"target\":[\"https:\/\/www.participacionciudadana.org\/web\/2018\/03\/06\/pc-presenta-propuestas-a-la-comision-ocasional-de-la-asamblea-nacional\/#respond\"]}]},{\"@type\":\"WebPage\",\"@id\":\"https:\/\/www.participacionciudadana.org\/web\/2018\/03\/06\/pc-presenta-propuestas-a-la-comision-ocasional-de-la-asamblea-nacional\/\",\"url\":\"https:\/\/www.participacionciudadana.org\/web\/2018\/03\/06\/pc-presenta-propuestas-a-la-comision-ocasional-de-la-asamblea-nacional\/\",\"name\":\"PC presenta propuestas a la Comisi\u00f3n Ocasional de la Asamblea Nacional - Participaci\u00f3n Ciudadana\",\"isPartOf\":{\"@id\":\"https:\/\/www.participacionciudadana.org\/web\/#website\"},\"datePublished\":\"2018-03-06T17:57:50+00:00\",\"breadcrumb\":{\"@id\":\"https:\/\/www.participacionciudadana.org\/web\/2018\/03\/06\/pc-presenta-propuestas-a-la-comision-ocasional-de-la-asamblea-nacional\/#breadcrumb\"},\"inLanguage\":\"es\",\"potentialAction\":[{\"@type\":\"ReadAction\",\"target\":[\"https:\/\/www.participacionciudadana.org\/web\/2018\/03\/06\/pc-presenta-propuestas-a-la-comision-ocasional-de-la-asamblea-nacional\/\"]}]},{\"@type\":\"BreadcrumbList\",\"@id\":\"https:\/\/www.participacionciudadana.org\/web\/2018\/03\/06\/pc-presenta-propuestas-a-la-comision-ocasional-de-la-asamblea-nacional\/#breadcrumb\",\"itemListElement\":[{\"@type\":\"ListItem\",\"position\":1,\"name\":\"Portada\",\"item\":\"https:\/\/www.participacionciudadana.org\/web\/\"},{\"@type\":\"ListItem\",\"position\":2,\"name\":\"PC presenta propuestas a la Comisi\u00f3n Ocasional de la Asamblea Nacional\"}]},{\"@type\":\"WebSite\",\"@id\":\"https:\/\/www.participacionciudadana.org\/web\/#website\",\"url\":\"https:\/\/www.participacionciudadana.org\/web\/\",\"name\":\"Participaci\u00f3n Ciudadana\",\"description\":\"Comprometidos con la democracia\",\"publisher\":{\"@id\":\"https:\/\/www.participacionciudadana.org\/web\/#organization\"},\"potentialAction\":[{\"@type\":\"SearchAction\",\"target\":{\"@type\":\"EntryPoint\",\"urlTemplate\":\"https:\/\/www.participacionciudadana.org\/web\/?s={search_term_string}\"},\"query-input\":{\"@type\":\"PropertyValueSpecification\",\"valueRequired\":true,\"valueName\":\"search_term_string\"}}],\"inLanguage\":\"es\"},{\"@type\":\"Organization\",\"@id\":\"https:\/\/www.participacionciudadana.org\/web\/#organization\",\"name\":\"Participaci\u00f3n Ciudadana\",\"url\":\"https:\/\/www.participacionciudadana.org\/web\/\",\"logo\":{\"@type\":\"ImageObject\",\"inLanguage\":\"es\",\"@id\":\"https:\/\/www.participacionciudadana.org\/web\/#\/schema\/logo\/image\/\",\"url\":\"https:\/\/www.participacionciudadana.org\/web\/wp-content\/uploads\/2021\/11\/cropped-logo_pc-1.png\",\"contentUrl\":\"https:\/\/www.participacionciudadana.org\/web\/wp-content\/uploads\/2021\/11\/cropped-logo_pc-1.png\",\"width\":340,\"height\":114,\"caption\":\"Participaci\u00f3n Ciudadana\"},\"image\":{\"@id\":\"https:\/\/www.participacionciudadana.org\/web\/#\/schema\/logo\/image\/\"},\"sameAs\":[\"https:\/\/www.facebook.com\/ParticipacionPC\/\",\"https:\/\/x.com\/ParticipacionPC\"]},{\"@type\":\"Person\",\"@id\":\"https:\/\/www.participacionciudadana.org\/web\/#\/schema\/person\/67ded4b29f4c10d217a0e025340d23ea\",\"name\":\"auzfabian\",\"image\":{\"@type\":\"ImageObject\",\"inLanguage\":\"es\",\"@id\":\"https:\/\/www.participacionciudadana.org\/web\/#\/schema\/person\/image\/\",\"url\":\"https:\/\/secure.gravatar.com\/avatar\/b07eacb2fae81fba8818d35abde16f5d26c3e833d77fabbeeb8d53523e796bde?s=96&d=mm&r=g\",\"contentUrl\":\"https:\/\/secure.gravatar.com\/avatar\/b07eacb2fae81fba8818d35abde16f5d26c3e833d77fabbeeb8d53523e796bde?s=96&d=mm&r=g\",\"caption\":\"auzfabian\"},\"sameAs\":[\"https:\/\/www.participacionciudadana.org\/web\"],\"url\":\"https:\/\/www.participacionciudadana.org\/web\/author\/auzfabian\/\"}]}<\/script>\n<!-- \/ Yoast SEO plugin. -->","yoast_head_json":{"title":"PC presenta propuestas a la Comisi\u00f3n Ocasional de la Asamblea Nacional - Participaci\u00f3n Ciudadana","robots":{"index":"index","follow":"follow","max-snippet":"max-snippet:-1","max-image-preview":"max-image-preview:large","max-video-preview":"max-video-preview:-1"},"canonical":"https:\/\/www.participacionciudadana.org\/web\/2018\/03\/06\/pc-presenta-propuestas-a-la-comision-ocasional-de-la-asamblea-nacional\/","og_locale":"es_ES","og_type":"article","og_title":"PC presenta propuestas a la Comisi\u00f3n Ocasional de la Asamblea Nacional - Participaci\u00f3n Ciudadana","og_description":"La Corporaci\u00f3n Participaci\u00f3n Ciudadana invita a los medios de comunicaci\u00f3n a la cobertura de la entrega de la propuesta a la Comisi\u00f3n Ocasional de la Asamblea Nacional con aportes t\u00e9cnicos y jur\u00eddicos para la construcci\u00f3n del proyecto de Ley Org\u00e1nica reformatoria del Consejo de Participaci\u00f3n Ciudadana y Control Social: D\u00eda: Lunes 26 de febrero de [&hellip;]","og_url":"https:\/\/www.participacionciudadana.org\/web\/2018\/03\/06\/pc-presenta-propuestas-a-la-comision-ocasional-de-la-asamblea-nacional\/","og_site_name":"Participaci\u00f3n Ciudadana","article_publisher":"https:\/\/www.facebook.com\/ParticipacionPC\/","article_published_time":"2018-03-06T17:57:50+00:00","author":"auzfabian","twitter_card":"summary_large_image","twitter_creator":"@ParticipacionPC","twitter_site":"@ParticipacionPC","twitter_misc":{"Escrito por":"auzfabian","Tiempo de lectura":"1 minuto"},"schema":{"@context":"https:\/\/schema.org","@graph":[{"@type":"Article","@id":"https:\/\/www.participacionciudadana.org\/web\/2018\/03\/06\/pc-presenta-propuestas-a-la-comision-ocasional-de-la-asamblea-nacional\/#article","isPartOf":{"@id":"https:\/\/www.participacionciudadana.org\/web\/2018\/03\/06\/pc-presenta-propuestas-a-la-comision-ocasional-de-la-asamblea-nacional\/"},"author":{"name":"auzfabian","@id":"https:\/\/www.participacionciudadana.org\/web\/#\/schema\/person\/67ded4b29f4c10d217a0e025340d23ea"},"headline":"PC presenta propuestas a la Comisi\u00f3n Ocasional de la Asamblea Nacional","datePublished":"2018-03-06T17:57:50+00:00","mainEntityOfPage":{"@id":"https:\/\/www.participacionciudadana.org\/web\/2018\/03\/06\/pc-presenta-propuestas-a-la-comision-ocasional-de-la-asamblea-nacional\/"},"wordCount":112,"commentCount":0,"publisher":{"@id":"https:\/\/www.participacionciudadana.org\/web\/#organization"},"articleSection":["Actualidad"],"inLanguage":"es","potentialAction":[{"@type":"CommentAction","name":"Comment","target":["https:\/\/www.participacionciudadana.org\/web\/2018\/03\/06\/pc-presenta-propuestas-a-la-comision-ocasional-de-la-asamblea-nacional\/#respond"]}]},{"@type":"WebPage","@id":"https:\/\/www.participacionciudadana.org\/web\/2018\/03\/06\/pc-presenta-propuestas-a-la-comision-ocasional-de-la-asamblea-nacional\/","url":"https:\/\/www.participacionciudadana.org\/web\/2018\/03\/06\/pc-presenta-propuestas-a-la-comision-ocasional-de-la-asamblea-nacional\/","name":"PC presenta propuestas a la Comisi\u00f3n Ocasional de la Asamblea Nacional - Participaci\u00f3n Ciudadana","isPartOf":{"@id":"https:\/\/www.participacionciudadana.org\/web\/#website"},"datePublished":"2018-03-06T17:57:50+00:00","breadcrumb":{"@id":"https:\/\/www.participacionciudadana.org\/web\/2018\/03\/06\/pc-presenta-propuestas-a-la-comision-ocasional-de-la-asamblea-nacional\/#breadcrumb"},"inLanguage":"es","potentialAction":[{"@type":"ReadAction","target":["https:\/\/www.participacionciudadana.org\/web\/2018\/03\/06\/pc-presenta-propuestas-a-la-comision-ocasional-de-la-asamblea-nacional\/"]}]},{"@type":"BreadcrumbList","@id":"https:\/\/www.participacionciudadana.org\/web\/2018\/03\/06\/pc-presenta-propuestas-a-la-comision-ocasional-de-la-asamblea-nacional\/#breadcrumb","itemListElement":[{"@type":"ListItem","position":1,"name":"Portada","item":"https:\/\/www.participacionciudadana.org\/web\/"},{"@type":"ListItem","position":2,"name":"PC presenta propuestas a la Comisi\u00f3n Ocasional de la Asamblea Nacional"}]},{"@type":"WebSite","@id":"https:\/\/www.participacionciudadana.org\/web\/#website","url":"https:\/\/www.participacionciudadana.org\/web\/","name":"Participaci\u00f3n Ciudadana","description":"Comprometidos con la democracia","publisher":{"@id":"https:\/\/www.participacionciudadana.org\/web\/#organization"},"potentialAction":[{"@type":"SearchAction","target":{"@type":"EntryPoint","urlTemplate":"https:\/\/www.participacionciudadana.org\/web\/?s={search_term_string}"},"query-input":{"@type":"PropertyValueSpecification","valueRequired":true,"valueName":"search_term_string"}}],"inLanguage":"es"},{"@type":"Organization","@id":"https:\/\/www.participacionciudadana.org\/web\/#organization","name":"Participaci\u00f3n Ciudadana","url":"https:\/\/www.participacionciudadana.org\/web\/","logo":{"@type":"ImageObject","inLanguage":"es","@id":"https:\/\/www.participacionciudadana.org\/web\/#\/schema\/logo\/image\/","url":"https:\/\/www.participacionciudadana.org\/web\/wp-content\/uploads\/2021\/11\/cropped-logo_pc-1.png","contentUrl":"https:\/\/www.participacionciudadana.org\/web\/wp-content\/uploads\/2021\/11\/cropped-logo_pc-1.png","width":340,"height":114,"caption":"Participaci\u00f3n Ciudadana"},"image":{"@id":"https:\/\/www.participacionciudadana.org\/web\/#\/schema\/logo\/image\/"},"sameAs":["https:\/\/www.facebook.com\/ParticipacionPC\/","https:\/\/x.com\/ParticipacionPC"]},{"@type":"Person","@id":"https:\/\/www.participacionciudadana.org\/web\/#\/schema\/person\/67ded4b29f4c10d217a0e025340d23ea","name":"auzfabian","image":{"@type":"ImageObject","inLanguage":"es","@id":"https:\/\/www.participacionciudadana.org\/web\/#\/schema\/person\/image\/","url":"https:\/\/secure.gravatar.com\/avatar\/b07eacb2fae81fba8818d35abde16f5d26c3e833d77fabbeeb8d53523e796bde?s=96&d=mm&r=g","contentUrl":"https:\/\/secure.gravatar.com\/avatar\/b07eacb2fae81fba8818d35abde16f5d26c3e833d77fabbeeb8d53523e796bde?s=96&d=mm&r=g","caption":"auzfabian"},"sameAs":["https:\/\/www.participacionciudadana.org\/web"],"url":"https:\/\/www.participacionciudadana.org\/web\/author\/auzfabian\/"}]}},"_links":{"self":[{"href":"https:\/\/www.participacionciudadana.org\/web\/wp-json\/wp\/v2\/posts\/1698","targetHints":{"allow":["GET"]}}],"collection":[{"href":"https:\/\/www.participacionciudadana.org\/web\/wp-json\/wp\/v2\/posts"}],"about":[{"href":"https:\/\/www.participacionciudadana.org\/web\/wp-json\/wp\/v2\/types\/post"}],"author":[{"embeddable":true,"href":"https:\/\/www.participacionciudadana.org\/web\/wp-json\/wp\/v2\/users\/1"}],"replies":[{"embeddable":true,"href":"https:\/\/www.participacionciudadana.org\/web\/wp-json\/wp\/v2\/comments?post=1698"}],"version-history":[{"count":0,"href":"https:\/\/www.participacionciudadana.org\/web\/wp-json\/wp\/v2\/posts\/1698\/revisions"}],"wp:attachment":[{"href":"https:\/\/www.participacionciudadana.org\/web\/wp-json\/wp\/v2\/media?parent=1698"}],"wp:term":[{"taxonomy":"category","embeddable":true,"href":"https:\/\/www.participacionciudadana.org\/web\/wp-json\/wp\/v2\/categories?post=1698"},{"taxonomy":"post_tag","embeddable":true,"href":"https:\/\/www.participacionciudadana.org\/web\/wp-json\/wp\/v2\/tags?post=1698"}],"curies":[{"name":"wp","href":"https:\/\/api.w.org\/{rel}","templated":true}]}}