{"id":1699,"date":"2018-02-23T13:05:12","date_gmt":"2018-02-23T18:05:12","guid":{"rendered":"https:\/\/www.participacionciudadana.org\/web\/2018\/02\/23\/pc-presenta-propuestas-a-la-comision-ocasional-de-la-asamblea\/"},"modified":"2018-02-23T13:05:12","modified_gmt":"2018-02-23T18:05:12","slug":"pc-presenta-propuestas-a-la-comision-ocasional-de-la-asamblea","status":"publish","type":"post","link":"https:\/\/www.participacionciudadana.org\/web\/2018\/02\/23\/pc-presenta-propuestas-a-la-comision-ocasional-de-la-asamblea\/","title":{"rendered":"PC presenta propuestas a la Comisi\u00f3n Ocasional de la Asamblea"},"content":{"rendered":"<p class=\"MsoNormal\" style=\"margin-left: 0cm; text-align: justify; text-indent: -.1pt;\"><span style=\"font-family: 'Arial',sans-serif; mso-fareast-font-family: Arial;\">La Corporaci\u00f3n Participaci\u00f3n Ciudadana presenta este lunes 26 de febrero la siguiente propuesta a la <b style=\"mso-bidi-font-weight: normal;\">Comisi\u00f3n Ocasional de la Asamblea Nacional con aportes t\u00e9cnicos y jur\u00eddicos para la construcci\u00f3n del proyecto de Ley Org\u00e1nica reformatoria del Consejo de Participaci\u00f3n Ciudadana y Control Social<\/b>:<\/span><\/p>\n<p class=\"MsoListParagraphCxSpFirst\" style=\"margin-left: 36.0pt; mso-add-space: auto; mso-para-margin-left: 0gd; text-align: justify; text-indent: -18.0pt; mso-char-indent-count: 0; mso-list: l1 level1 lfo1;\"><!-- [if !supportLists]--><span style=\"font-family: Symbol; mso-fareast-font-family: Symbol; mso-bidi-font-family: Symbol;\"><span style=\"mso-list: Ignore;\">\u00b7<span style=\"font: 7.0pt 'Times New Roman';\">\u00a0\u00a0\u00a0\u00a0\u00a0\u00a0\u00a0\u00a0 <\/span><\/span><\/span><!--[endif]--><span style=\"font-family: 'Arial',sans-serif; mso-fareast-font-family: Arial;\">La <b style=\"mso-bidi-font-weight: normal;\">elecci\u00f3n debe realizarse con filtro <\/b>por consideraciones de car\u00e1cter log\u00edsticas y de organizaci\u00f3n. <\/span><\/p>\n<p class=\"MsoListParagraphCxSpLast\" style=\"margin-left: 36.0pt; mso-add-space: auto; mso-para-margin-left: 0gd; text-align: justify; text-indent: -18.0pt; mso-char-indent-count: 0; mso-list: l1 level1 lfo1;\"><!-- [if !supportLists]--><span style=\"font-family: Symbol; mso-fareast-font-family: Symbol; mso-bidi-font-family: Symbol;\"><span style=\"mso-list: Ignore;\">\u00b7<span style=\"font: 7.0pt 'Times New Roman';\">\u00a0\u00a0\u00a0\u00a0\u00a0\u00a0\u00a0\u00a0 <\/span><\/span><\/span><!--[endif]--><span style=\"font-family: 'Arial',sans-serif; mso-fareast-font-family: Arial;\">El proceso debe estar a cargo de instancias ciudadanas o colectivos en donde est\u00e9n representados sectores ciudadanos y\/o estatales. Por tanto, consideramos que debe <b style=\"mso-bidi-font-weight: normal;\">salir de la responsabilidad del CNE<\/b> por carecer de representatividad ciudadana.<\/span><\/p>\n<p class=\"MsoNormal\" style=\"margin-left: 0cm; mso-para-margin-left: 0gd; text-align: justify; text-indent: 0cm; mso-char-indent-count: 0;\">Proponemos varias posibilidades a ser consideradas por la Asamblea:<\/p>\n<p class=\"MsoListParagraphCxSpFirst\" style=\"margin-left: 0cm; mso-add-space: auto; mso-para-margin-left: 0gd; text-align: justify; text-indent: 0cm; mso-char-indent-count: 0;\"><b style=\"mso-bidi-font-weight: normal;\"><span style=\"font-family: 'Arial',sans-serif; mso-fareast-font-family: Arial;\">a.- Preselecci\u00f3n<\/span><\/b><span style=\"font-family: 'Arial',sans-serif; mso-fareast-font-family: Arial;\"> \/ concurso a cargo de la Asamblea, mediante una comisi\u00f3n conformada por todos los bloques legislativos.<\/span><\/p>\n<p class=\"MsoListParagraphCxSpMiddle\" style=\"margin-left: 0cm; mso-add-space: auto; mso-para-margin-left: 0gd; text-align: justify; text-indent: 0cm; mso-char-indent-count: 0;\"><b style=\"mso-bidi-font-weight: normal;\"><span style=\"font-family: 'Arial',sans-serif; mso-fareast-font-family: Arial;\">b.- Preselecci\u00f3n de car\u00e1cter corporativo<\/span><\/b><span style=\"font-family: 'Arial',sans-serif; mso-fareast-font-family: Arial;\">, mediante postulaciones presentadas por colegios profesionales, entes gremiales u otros por definir. Mecanismo similar a la integraci\u00f3n del Tribunal Constitucional.<\/span><\/p>\n<p class=\"MsoListParagraphCxSpMiddle\" style=\"margin-left: 0cm; mso-add-space: auto; mso-para-margin-left: 0gd; text-align: justify; text-indent: 0cm; mso-char-indent-count: 0;\"><b style=\"mso-bidi-font-weight: normal;\"><span style=\"font-family: 'Arial',sans-serif; mso-fareast-font-family: Arial;\">c.- Preselecci\u00f3n por Colegios electorales<\/span><\/b><span style=\"font-family: 'Arial',sans-serif; mso-fareast-font-family: Arial;\"> con organizaciones de sociedad civil.<\/span><\/p>\n<p class=\"MsoListParagraphCxSpMiddle\" style=\"margin-left: 0cm; mso-add-space: auto; mso-para-margin-left: 0gd; text-align: justify; text-indent: 0cm; mso-char-indent-count: 0;\"><b style=\"mso-bidi-font-weight: normal;\"><span style=\"font-family: 'Arial',sans-serif; mso-fareast-font-family: Arial;\">d.- La postulaci\u00f3n con firmas de respaldo<\/span><\/b><span style=\"font-family: 'Arial',sans-serif; mso-fareast-font-family: Arial;\"> (porcentaje a definir).<\/span><\/p>\n<p class=\"MsoListParagraphCxSpMiddle\" style=\"margin-left: 0cm; mso-add-space: auto; mso-para-margin-left: 0gd; text-align: justify; text-indent: 0cm; mso-char-indent-count: 0;\"><b style=\"mso-bidi-font-weight: normal;\"><span style=\"font-family: 'Arial',sans-serif; mso-fareast-font-family: Arial;\">e.- La postulaci\u00f3n de candidatos<\/span><\/b><span style=\"font-family: 'Arial',sans-serif; mso-fareast-font-family: Arial;\"> con auspicio de organizaciones. La normativa deber\u00eda definir los tipos de organizaciones que podr\u00edan postular.<\/span><\/p>\n<p class=\"MsoListParagraphCxSpMiddle\" style=\"margin-left: 36.0pt; mso-add-space: auto; mso-para-margin-left: 0gd; text-align: justify; text-indent: -18.0pt; mso-char-indent-count: 0; mso-list: l0 level1 lfo2;\"><!-- [if !supportLists]--><span style=\"font-family: Symbol; mso-fareast-font-family: Symbol; mso-bidi-font-family: Symbol;\"><span style=\"mso-list: Ignore;\">\u00b7<span style=\"font: 7.0pt 'Times New Roman';\">\u00a0\u00a0\u00a0\u00a0\u00a0\u00a0\u00a0\u00a0 <\/span><\/span><\/span><!--[endif]--><span style=\"font-family: 'Arial',sans-serif; mso-fareast-font-family: Arial;\">Cumplir con los requisitos y no estar incursos en las <b style=\"mso-bidi-font-weight: normal;\">inhabilidades<\/b> previstas en el Art. 113 de la Constituci\u00f3n, aplicable a la participaci\u00f3n electoral. Deber\u00e1n cumplir con las normas para el ejercicio de cargos p\u00fablicos.<span style=\"mso-spacerun: yes;\">\u00a0 <\/span><\/span><\/p>\n<p class=\"MsoListParagraphCxSpLast\" style=\"margin-left: 36.0pt; mso-add-space: auto; mso-para-margin-left: 0gd; text-align: justify; text-indent: -18.0pt; mso-char-indent-count: 0; mso-list: l0 level1 lfo2;\"><!-- [if !supportLists]--><span style=\"font-family: Symbol; mso-fareast-font-family: Symbol; mso-bidi-font-family: Symbol;\"><span style=\"mso-list: Ignore;\">\u00b7<span style=\"font: 7.0pt 'Times New Roman';\">\u00a0\u00a0\u00a0\u00a0\u00a0\u00a0\u00a0\u00a0 <\/span><\/span><\/span><!--[endif]--><span style=\"font-family: 'Arial',sans-serif; mso-fareast-font-family: Arial;\">Los designados deber\u00e1n presentar las<b style=\"mso-bidi-font-weight: normal;\"> declaraciones juramentadas<\/b>, y autorizaci\u00f3n para levantamiento de sigilo bancario sobre sus cuentas.<\/span><\/p>\n<p class=\"MsoNormal\" style=\"margin-left: 0cm; mso-para-margin-left: 0gd; text-align: justify; text-indent: 0cm; mso-char-indent-count: 0;\"><b style=\"mso-bidi-font-weight: normal;\"><span style=\"font-family: 'Arial',sans-serif; mso-fareast-font-family: Arial;\">Importante:<\/span><\/b><span style=\"font-family: 'Arial',sans-serif; mso-fareast-font-family: Arial;\"> En cualquier caso los procesos deber\u00e1n mantener los principios de amplia participaci\u00f3n ciudadana, postulaci\u00f3n abierta, veedur\u00eda y vigilancia ciudadana en todas las etapas de la designaci\u00f3n, con acceso pleno a informaci\u00f3n tanto sobre procesos, cuanto sobre los postulantes.<\/span><\/p>\n","protected":false},"excerpt":{"rendered":"<p>La Corporaci\u00f3n Participaci\u00f3n Ciudadana presenta este lunes 26 de febrero la siguiente propuesta a la Comisi\u00f3n Ocasional de la Asamblea Nacional con aportes t\u00e9cnicos y jur\u00eddicos para la construcci\u00f3n del proyecto de Ley Org\u00e1nica reformatoria del Consejo de Participaci\u00f3n Ciudadana y Control Social: \u00b7\u00a0\u00a0\u00a0\u00a0\u00a0\u00a0\u00a0\u00a0 La elecci\u00f3n debe realizarse con filtro por consideraciones de car\u00e1cter log\u00edsticas [&hellip;]<\/p>\n","protected":false},"author":1,"featured_media":0,"comment_status":"open","ping_status":"open","sticky":false,"template":"","format":"standard","meta":{"site-sidebar-layout":"default","site-content-layout":"","ast-site-content-layout":"default","site-content-style":"default","site-sidebar-style":"default","ast-global-header-display":"","ast-banner-title-visibility":"","ast-main-header-display":"","ast-hfb-above-header-display":"","ast-hfb-below-header-display":"","ast-hfb-mobile-header-display":"","site-post-title":"","ast-breadcrumbs-content":"","ast-featured-img":"","footer-sml-layout":"","ast-disable-related-posts":"","theme-transparent-header-meta":"","adv-header-id-meta":"","stick-header-meta":"","header-above-stick-meta":"","header-main-stick-meta":"","header-below-stick-meta":"","astra-migrate-meta-layouts":"default","ast-page-background-enabled":"default","ast-page-background-meta":{"desktop":{"background-color":"","background-image":"","background-repeat":"repeat","background-position":"center center","background-size":"auto","background-attachment":"scroll","background-type":"","background-media":"","overlay-type":"","overlay-color":"","overlay-opacity":"","overlay-gradient":""},"tablet":{"background-color":"","background-image":"","background-repeat":"repeat","background-position":"center center","background-size":"auto","background-attachment":"scroll","background-type":"","background-media":"","overlay-type":"","overlay-color":"","overlay-opacity":"","overlay-gradient":""},"mobile":{"background-color":"","background-image":"","background-repeat":"repeat","background-position":"center center","background-size":"auto","background-attachment":"scroll","background-type":"","background-media":"","overlay-type":"","overlay-color":"","overlay-opacity":"","overlay-gradient":""}},"ast-content-background-meta":{"desktop":{"background-color":"var(--ast-global-color-5)","background-image":"","background-repeat":"repeat","background-position":"center center","background-size":"auto","background-attachment":"scroll","background-type":"","background-media":"","overlay-type":"","overlay-color":"","overlay-opacity":"","overlay-gradient":""},"tablet":{"background-color":"var(--ast-global-color-5)","background-image":"","background-repeat":"repeat","background-position":"center center","background-size":"auto","background-attachment":"scroll","background-type":"","background-media":"","overlay-type":"","overlay-color":"","overlay-opacity":"","overlay-gradient":""},"mobile":{"background-color":"var(--ast-global-color-5)","background-image":"","background-repeat":"repeat","background-position":"center center","background-size":"auto","background-attachment":"scroll","background-type":"","background-media":"","overlay-type":"","overlay-color":"","overlay-opacity":"","overlay-gradient":""}},"_joinchat":[],"footnotes":""},"categories":[16],"tags":[],"class_list":["post-1699","post","type-post","status-publish","format-standard","hentry","category-actualidad"],"yoast_head":"<!-- This site is optimized with the Yoast SEO plugin v26.5 - https:\/\/yoast.com\/wordpress\/plugins\/seo\/ -->\n<title>PC presenta propuestas a la Comisi\u00f3n Ocasional de la Asamblea - Participaci\u00f3n Ciudadana<\/title>\n<meta name=\"robots\" content=\"index, follow, max-snippet:-1, max-image-preview:large, max-video-preview:-1\" \/>\n<link rel=\"canonical\" href=\"https:\/\/www.participacionciudadana.org\/web\/2018\/02\/23\/pc-presenta-propuestas-a-la-comision-ocasional-de-la-asamblea\/\" \/>\n<meta property=\"og:locale\" content=\"es_ES\" \/>\n<meta property=\"og:type\" content=\"article\" \/>\n<meta property=\"og:title\" content=\"PC presenta propuestas a la Comisi\u00f3n Ocasional de la Asamblea - Participaci\u00f3n Ciudadana\" \/>\n<meta property=\"og:description\" content=\"La Corporaci\u00f3n Participaci\u00f3n Ciudadana presenta este lunes 26 de febrero la siguiente propuesta a la Comisi\u00f3n Ocasional de la Asamblea Nacional con aportes t\u00e9cnicos y jur\u00eddicos para la construcci\u00f3n del proyecto de Ley Org\u00e1nica reformatoria del Consejo de Participaci\u00f3n Ciudadana y Control Social: \u00b7\u00a0\u00a0\u00a0\u00a0\u00a0\u00a0\u00a0\u00a0 La elecci\u00f3n debe realizarse con filtro por consideraciones de car\u00e1cter log\u00edsticas [&hellip;]\" \/>\n<meta property=\"og:url\" content=\"https:\/\/www.participacionciudadana.org\/web\/2018\/02\/23\/pc-presenta-propuestas-a-la-comision-ocasional-de-la-asamblea\/\" \/>\n<meta property=\"og:site_name\" content=\"Participaci\u00f3n Ciudadana\" \/>\n<meta property=\"article:publisher\" content=\"https:\/\/www.facebook.com\/ParticipacionPC\/\" \/>\n<meta property=\"article:published_time\" content=\"2018-02-23T18:05:12+00:00\" \/>\n<meta name=\"author\" content=\"auzfabian\" \/>\n<meta name=\"twitter:card\" content=\"summary_large_image\" \/>\n<meta name=\"twitter:creator\" content=\"@ParticipacionPC\" \/>\n<meta name=\"twitter:site\" content=\"@ParticipacionPC\" \/>\n<meta name=\"twitter:label1\" content=\"Escrito por\" \/>\n\t<meta name=\"twitter:data1\" content=\"auzfabian\" \/>\n\t<meta name=\"twitter:label2\" content=\"Tiempo de lectura\" \/>\n\t<meta name=\"twitter:data2\" content=\"2 minutos\" \/>\n<script type=\"application\/ld+json\" class=\"yoast-schema-graph\">{\"@context\":\"https:\/\/schema.org\",\"@graph\":[{\"@type\":\"Article\",\"@id\":\"https:\/\/www.participacionciudadana.org\/web\/2018\/02\/23\/pc-presenta-propuestas-a-la-comision-ocasional-de-la-asamblea\/#article\",\"isPartOf\":{\"@id\":\"https:\/\/www.participacionciudadana.org\/web\/2018\/02\/23\/pc-presenta-propuestas-a-la-comision-ocasional-de-la-asamblea\/\"},\"author\":{\"name\":\"auzfabian\",\"@id\":\"https:\/\/www.participacionciudadana.org\/web\/#\/schema\/person\/67ded4b29f4c10d217a0e025340d23ea\"},\"headline\":\"PC presenta propuestas a la Comisi\u00f3n Ocasional de la Asamblea\",\"datePublished\":\"2018-02-23T18:05:12+00:00\",\"mainEntityOfPage\":{\"@id\":\"https:\/\/www.participacionciudadana.org\/web\/2018\/02\/23\/pc-presenta-propuestas-a-la-comision-ocasional-de-la-asamblea\/\"},\"wordCount\":324,\"commentCount\":0,\"publisher\":{\"@id\":\"https:\/\/www.participacionciudadana.org\/web\/#organization\"},\"articleSection\":[\"Actualidad\"],\"inLanguage\":\"es\",\"potentialAction\":[{\"@type\":\"CommentAction\",\"name\":\"Comment\",\"target\":[\"https:\/\/www.participacionciudadana.org\/web\/2018\/02\/23\/pc-presenta-propuestas-a-la-comision-ocasional-de-la-asamblea\/#respond\"]}]},{\"@type\":\"WebPage\",\"@id\":\"https:\/\/www.participacionciudadana.org\/web\/2018\/02\/23\/pc-presenta-propuestas-a-la-comision-ocasional-de-la-asamblea\/\",\"url\":\"https:\/\/www.participacionciudadana.org\/web\/2018\/02\/23\/pc-presenta-propuestas-a-la-comision-ocasional-de-la-asamblea\/\",\"name\":\"PC presenta propuestas a la Comisi\u00f3n Ocasional de la Asamblea - Participaci\u00f3n Ciudadana\",\"isPartOf\":{\"@id\":\"https:\/\/www.participacionciudadana.org\/web\/#website\"},\"datePublished\":\"2018-02-23T18:05:12+00:00\",\"breadcrumb\":{\"@id\":\"https:\/\/www.participacionciudadana.org\/web\/2018\/02\/23\/pc-presenta-propuestas-a-la-comision-ocasional-de-la-asamblea\/#breadcrumb\"},\"inLanguage\":\"es\",\"potentialAction\":[{\"@type\":\"ReadAction\",\"target\":[\"https:\/\/www.participacionciudadana.org\/web\/2018\/02\/23\/pc-presenta-propuestas-a-la-comision-ocasional-de-la-asamblea\/\"]}]},{\"@type\":\"BreadcrumbList\",\"@id\":\"https:\/\/www.participacionciudadana.org\/web\/2018\/02\/23\/pc-presenta-propuestas-a-la-comision-ocasional-de-la-asamblea\/#breadcrumb\",\"itemListElement\":[{\"@type\":\"ListItem\",\"position\":1,\"name\":\"Portada\",\"item\":\"https:\/\/www.participacionciudadana.org\/web\/\"},{\"@type\":\"ListItem\",\"position\":2,\"name\":\"PC presenta propuestas a la Comisi\u00f3n Ocasional de la Asamblea\"}]},{\"@type\":\"WebSite\",\"@id\":\"https:\/\/www.participacionciudadana.org\/web\/#website\",\"url\":\"https:\/\/www.participacionciudadana.org\/web\/\",\"name\":\"Participaci\u00f3n Ciudadana\",\"description\":\"Comprometidos con la democracia\",\"publisher\":{\"@id\":\"https:\/\/www.participacionciudadana.org\/web\/#organization\"},\"potentialAction\":[{\"@type\":\"SearchAction\",\"target\":{\"@type\":\"EntryPoint\",\"urlTemplate\":\"https:\/\/www.participacionciudadana.org\/web\/?s={search_term_string}\"},\"query-input\":{\"@type\":\"PropertyValueSpecification\",\"valueRequired\":true,\"valueName\":\"search_term_string\"}}],\"inLanguage\":\"es\"},{\"@type\":\"Organization\",\"@id\":\"https:\/\/www.participacionciudadana.org\/web\/#organization\",\"name\":\"Participaci\u00f3n Ciudadana\",\"url\":\"https:\/\/www.participacionciudadana.org\/web\/\",\"logo\":{\"@type\":\"ImageObject\",\"inLanguage\":\"es\",\"@id\":\"https:\/\/www.participacionciudadana.org\/web\/#\/schema\/logo\/image\/\",\"url\":\"https:\/\/www.participacionciudadana.org\/web\/wp-content\/uploads\/2021\/11\/cropped-logo_pc-1.png\",\"contentUrl\":\"https:\/\/www.participacionciudadana.org\/web\/wp-content\/uploads\/2021\/11\/cropped-logo_pc-1.png\",\"width\":340,\"height\":114,\"caption\":\"Participaci\u00f3n Ciudadana\"},\"image\":{\"@id\":\"https:\/\/www.participacionciudadana.org\/web\/#\/schema\/logo\/image\/\"},\"sameAs\":[\"https:\/\/www.facebook.com\/ParticipacionPC\/\",\"https:\/\/x.com\/ParticipacionPC\"]},{\"@type\":\"Person\",\"@id\":\"https:\/\/www.participacionciudadana.org\/web\/#\/schema\/person\/67ded4b29f4c10d217a0e025340d23ea\",\"name\":\"auzfabian\",\"image\":{\"@type\":\"ImageObject\",\"inLanguage\":\"es\",\"@id\":\"https:\/\/www.participacionciudadana.org\/web\/#\/schema\/person\/image\/\",\"url\":\"https:\/\/secure.gravatar.com\/avatar\/b07eacb2fae81fba8818d35abde16f5d26c3e833d77fabbeeb8d53523e796bde?s=96&d=mm&r=g\",\"contentUrl\":\"https:\/\/secure.gravatar.com\/avatar\/b07eacb2fae81fba8818d35abde16f5d26c3e833d77fabbeeb8d53523e796bde?s=96&d=mm&r=g\",\"caption\":\"auzfabian\"},\"sameAs\":[\"https:\/\/www.participacionciudadana.org\/web\"],\"url\":\"https:\/\/www.participacionciudadana.org\/web\/author\/auzfabian\/\"}]}<\/script>\n<!-- \/ Yoast SEO plugin. -->","yoast_head_json":{"title":"PC presenta propuestas a la Comisi\u00f3n Ocasional de la Asamblea - Participaci\u00f3n Ciudadana","robots":{"index":"index","follow":"follow","max-snippet":"max-snippet:-1","max-image-preview":"max-image-preview:large","max-video-preview":"max-video-preview:-1"},"canonical":"https:\/\/www.participacionciudadana.org\/web\/2018\/02\/23\/pc-presenta-propuestas-a-la-comision-ocasional-de-la-asamblea\/","og_locale":"es_ES","og_type":"article","og_title":"PC presenta propuestas a la Comisi\u00f3n Ocasional de la Asamblea - Participaci\u00f3n Ciudadana","og_description":"La Corporaci\u00f3n Participaci\u00f3n Ciudadana presenta este lunes 26 de febrero la siguiente propuesta a la Comisi\u00f3n Ocasional de la Asamblea Nacional con aportes t\u00e9cnicos y jur\u00eddicos para la construcci\u00f3n del proyecto de Ley Org\u00e1nica reformatoria del Consejo de Participaci\u00f3n Ciudadana y Control Social: \u00b7\u00a0\u00a0\u00a0\u00a0\u00a0\u00a0\u00a0\u00a0 La elecci\u00f3n debe realizarse con filtro por consideraciones de car\u00e1cter log\u00edsticas [&hellip;]","og_url":"https:\/\/www.participacionciudadana.org\/web\/2018\/02\/23\/pc-presenta-propuestas-a-la-comision-ocasional-de-la-asamblea\/","og_site_name":"Participaci\u00f3n Ciudadana","article_publisher":"https:\/\/www.facebook.com\/ParticipacionPC\/","article_published_time":"2018-02-23T18:05:12+00:00","author":"auzfabian","twitter_card":"summary_large_image","twitter_creator":"@ParticipacionPC","twitter_site":"@ParticipacionPC","twitter_misc":{"Escrito por":"auzfabian","Tiempo de lectura":"2 minutos"},"schema":{"@context":"https:\/\/schema.org","@graph":[{"@type":"Article","@id":"https:\/\/www.participacionciudadana.org\/web\/2018\/02\/23\/pc-presenta-propuestas-a-la-comision-ocasional-de-la-asamblea\/#article","isPartOf":{"@id":"https:\/\/www.participacionciudadana.org\/web\/2018\/02\/23\/pc-presenta-propuestas-a-la-comision-ocasional-de-la-asamblea\/"},"author":{"name":"auzfabian","@id":"https:\/\/www.participacionciudadana.org\/web\/#\/schema\/person\/67ded4b29f4c10d217a0e025340d23ea"},"headline":"PC presenta propuestas a la Comisi\u00f3n Ocasional de la Asamblea","datePublished":"2018-02-23T18:05:12+00:00","mainEntityOfPage":{"@id":"https:\/\/www.participacionciudadana.org\/web\/2018\/02\/23\/pc-presenta-propuestas-a-la-comision-ocasional-de-la-asamblea\/"},"wordCount":324,"commentCount":0,"publisher":{"@id":"https:\/\/www.participacionciudadana.org\/web\/#organization"},"articleSection":["Actualidad"],"inLanguage":"es","potentialAction":[{"@type":"CommentAction","name":"Comment","target":["https:\/\/www.participacionciudadana.org\/web\/2018\/02\/23\/pc-presenta-propuestas-a-la-comision-ocasional-de-la-asamblea\/#respond"]}]},{"@type":"WebPage","@id":"https:\/\/www.participacionciudadana.org\/web\/2018\/02\/23\/pc-presenta-propuestas-a-la-comision-ocasional-de-la-asamblea\/","url":"https:\/\/www.participacionciudadana.org\/web\/2018\/02\/23\/pc-presenta-propuestas-a-la-comision-ocasional-de-la-asamblea\/","name":"PC presenta propuestas a la Comisi\u00f3n Ocasional de la Asamblea - Participaci\u00f3n Ciudadana","isPartOf":{"@id":"https:\/\/www.participacionciudadana.org\/web\/#website"},"datePublished":"2018-02-23T18:05:12+00:00","breadcrumb":{"@id":"https:\/\/www.participacionciudadana.org\/web\/2018\/02\/23\/pc-presenta-propuestas-a-la-comision-ocasional-de-la-asamblea\/#breadcrumb"},"inLanguage":"es","potentialAction":[{"@type":"ReadAction","target":["https:\/\/www.participacionciudadana.org\/web\/2018\/02\/23\/pc-presenta-propuestas-a-la-comision-ocasional-de-la-asamblea\/"]}]},{"@type":"BreadcrumbList","@id":"https:\/\/www.participacionciudadana.org\/web\/2018\/02\/23\/pc-presenta-propuestas-a-la-comision-ocasional-de-la-asamblea\/#breadcrumb","itemListElement":[{"@type":"ListItem","position":1,"name":"Portada","item":"https:\/\/www.participacionciudadana.org\/web\/"},{"@type":"ListItem","position":2,"name":"PC presenta propuestas a la Comisi\u00f3n Ocasional de la Asamblea"}]},{"@type":"WebSite","@id":"https:\/\/www.participacionciudadana.org\/web\/#website","url":"https:\/\/www.participacionciudadana.org\/web\/","name":"Participaci\u00f3n Ciudadana","description":"Comprometidos con la democracia","publisher":{"@id":"https:\/\/www.participacionciudadana.org\/web\/#organization"},"potentialAction":[{"@type":"SearchAction","target":{"@type":"EntryPoint","urlTemplate":"https:\/\/www.participacionciudadana.org\/web\/?s={search_term_string}"},"query-input":{"@type":"PropertyValueSpecification","valueRequired":true,"valueName":"search_term_string"}}],"inLanguage":"es"},{"@type":"Organization","@id":"https:\/\/www.participacionciudadana.org\/web\/#organization","name":"Participaci\u00f3n Ciudadana","url":"https:\/\/www.participacionciudadana.org\/web\/","logo":{"@type":"ImageObject","inLanguage":"es","@id":"https:\/\/www.participacionciudadana.org\/web\/#\/schema\/logo\/image\/","url":"https:\/\/www.participacionciudadana.org\/web\/wp-content\/uploads\/2021\/11\/cropped-logo_pc-1.png","contentUrl":"https:\/\/www.participacionciudadana.org\/web\/wp-content\/uploads\/2021\/11\/cropped-logo_pc-1.png","width":340,"height":114,"caption":"Participaci\u00f3n Ciudadana"},"image":{"@id":"https:\/\/www.participacionciudadana.org\/web\/#\/schema\/logo\/image\/"},"sameAs":["https:\/\/www.facebook.com\/ParticipacionPC\/","https:\/\/x.com\/ParticipacionPC"]},{"@type":"Person","@id":"https:\/\/www.participacionciudadana.org\/web\/#\/schema\/person\/67ded4b29f4c10d217a0e025340d23ea","name":"auzfabian","image":{"@type":"ImageObject","inLanguage":"es","@id":"https:\/\/www.participacionciudadana.org\/web\/#\/schema\/person\/image\/","url":"https:\/\/secure.gravatar.com\/avatar\/b07eacb2fae81fba8818d35abde16f5d26c3e833d77fabbeeb8d53523e796bde?s=96&d=mm&r=g","contentUrl":"https:\/\/secure.gravatar.com\/avatar\/b07eacb2fae81fba8818d35abde16f5d26c3e833d77fabbeeb8d53523e796bde?s=96&d=mm&r=g","caption":"auzfabian"},"sameAs":["https:\/\/www.participacionciudadana.org\/web"],"url":"https:\/\/www.participacionciudadana.org\/web\/author\/auzfabian\/"}]}},"_links":{"self":[{"href":"https:\/\/www.participacionciudadana.org\/web\/wp-json\/wp\/v2\/posts\/1699","targetHints":{"allow":["GET"]}}],"collection":[{"href":"https:\/\/www.participacionciudadana.org\/web\/wp-json\/wp\/v2\/posts"}],"about":[{"href":"https:\/\/www.participacionciudadana.org\/web\/wp-json\/wp\/v2\/types\/post"}],"author":[{"embeddable":true,"href":"https:\/\/www.participacionciudadana.org\/web\/wp-json\/wp\/v2\/users\/1"}],"replies":[{"embeddable":true,"href":"https:\/\/www.participacionciudadana.org\/web\/wp-json\/wp\/v2\/comments?post=1699"}],"version-history":[{"count":0,"href":"https:\/\/www.participacionciudadana.org\/web\/wp-json\/wp\/v2\/posts\/1699\/revisions"}],"wp:attachment":[{"href":"https:\/\/www.participacionciudadana.org\/web\/wp-json\/wp\/v2\/media?parent=1699"}],"wp:term":[{"taxonomy":"category","embeddable":true,"href":"https:\/\/www.participacionciudadana.org\/web\/wp-json\/wp\/v2\/categories?post=1699"},{"taxonomy":"post_tag","embeddable":true,"href":"https:\/\/www.participacionciudadana.org\/web\/wp-json\/wp\/v2\/tags?post=1699"}],"curies":[{"name":"wp","href":"https:\/\/api.w.org\/{rel}","templated":true}]}}