{"id":1744,"date":"2018-07-09T13:02:30","date_gmt":"2018-07-09T18:02:30","guid":{"rendered":"https:\/\/www.participacionciudadana.org\/web\/2018\/07\/09\/presentamos-en-comision-de-asamblea-nuestras-propuestas-para-reforma-a-ley-de-comunicacion\/"},"modified":"2018-07-09T13:02:30","modified_gmt":"2018-07-09T18:02:30","slug":"presentamos-en-comision-de-asamblea-nuestras-propuestas-para-reforma-a-ley-de-comunicacion","status":"publish","type":"post","link":"https:\/\/www.participacionciudadana.org\/web\/2018\/07\/09\/presentamos-en-comision-de-asamblea-nuestras-propuestas-para-reforma-a-ley-de-comunicacion\/","title":{"rendered":"Presentamos en Comisi\u00f3n de Asamblea nuestras propuestas para reforma a Ley de Comunicaci\u00f3n"},"content":{"rendered":"<p>Los integrantes de la Comisi\u00f3n Legislativa de Derechos Colectivos contin\u00faan en el debate para reunir en uno solo los 10 proyectos de reforma a la Ley Org\u00e1nica de Comunicaci\u00f3n (LOC), entre ellos el del Ejecutivo.<\/p>\n<p>Para ellos, el lunes, 2 de julio, recibi\u00f3 nuestros criterios y observaciones a cargo de nuestra directora Ruth, Hidalgo y el subdirector, Sim\u00f3n Jaramillo. &nbsp;<\/p>\n<p><strong>Los siete temas que creemos se deben reformar son:<\/strong><\/p>\n<ul id=\"bul-ab5e2d3c-c821-bf76-c300-bcf4ffae2526\">\n<li><strong>Transparencia y Acceso a la Informaci\u00f3n. <\/strong>La Ley debe garantizar el acceso a los tarifarios que los medios de comunicaci\u00f3n aplican a la publicidad contratada por los entes p\u00fablicos y privados en sus sitios web. Los contratos de publicidad de instituciones p\u00fablicas, los montos y m\u00e1s detalles tambi\u00e9n deben ser p\u00fablicos porque es de inter\u00e9s colectivo y se destinan recursos p\u00fablicos.<\/li>\n<li>\u200b<strong>Consejo de Regulaci\u00f3n<\/strong>. La propuesta del Ejecutivo mantiene el criterio de que el delegado del Presidente presida el organismo. Proponemos que el directorio elija al Presidente para evitar la injerencia del Gobierno en la nominaci\u00f3n y control.<\/li>\n<li><strong>Espacios Gratuitos.<\/strong> Es necesario regular la utilizaci\u00f3n de espacios estatales, sobre todo el uso pol\u00edtico o electoral de dichos espacios.<\/li>\n<li><strong>Medios p\u00fablicos e incautados<\/strong>. Incluir normas sobre la venta de los medios incautados, y las restricciones para el uso de los mismos mientras est\u00e9n administrados por el Estado.<\/li>\n<li><strong>Regulaciones sobre publicidad oficial<\/strong>. La Relator\u00eda para la Libertad de Expresi\u00f3n de la CIDH establece una serie de par\u00e1metros y principios que deben guiar la normativa y pol\u00edticas al asignar\/contratar publicidad estatal. Estas tienen como concepto que la contrataci\u00f3n de publicidad no puede ser elemento para premiar o castigar l\u00edneas editoriales. Recomendamos incluir estas propuestas en la reforma.<\/li>\n<li><strong>Publicidad sin autor\u00eda.<\/strong> Sugerimos incluir una norma que obligue a se\u00f1alar la autor\u00eda de quien contrata publicidad, elemento esencial para garantizar un adecuado control tanto estatal, cuanto social y ciudadano.<\/li>\n<li><strong>Prohibici\u00f3n a la promoci\u00f3n personal de la autoridad en difusi\u00f3n de obras. <\/strong>La Ley debe reforzar el impedimento constante en el C\u00f3digo de la Democracia (Art.219) que proh\u00edbe que las autoridades promocionen sus nombres en la publicidad de las instituciones p\u00fablicas.<\/li>\n<\/ul>\n<style class=\"style-bul\" id=\"style-bul-ab5e2d3c-c821-bf76-c300-bcf4ffae2526\" type=\"text\/css\">#bul-ab5e2d3c-c821-bf76-c300-bcf4ffae2526 li {\n font-size: undefinedpx;\nmargin-left: NaNpx;\ntext-indent: -NaNpx;\n}\n#bul-ab5e2d3c-c821-bf76-c300-bcf4ffae2526 li:before {\n}\n<\/style>\n<p>Mire nuestra comparecencia completa:&nbsp;<\/p>\n<style class=\"style-bul\" id=\"style-bul-6d6dc982-0bf4-62df-6495-31af61b09da0\" type=\"text\/css\">#bul-6d6dc982-0bf4-62df-6495-31af61b09da0 li {\n font-size: undefinedpx;\nmargin-left: NaNpx;\ntext-indent: -NaNpx;\n}\n#bul-6d6dc982-0bf4-62df-6495-31af61b09da0 li:before {\n}\n<\/style>\n<p><iframe allowfullscreen=\"true\" allowtransparency=\"true\" frameborder=\"0\" height=\"476\" scrolling=\"no\" src=\"https:\/\/www.facebook.com\/plugins\/video.php?href=https%3A%2F%2Fwww.facebook.com%2FParticipacionPC%2Fvideos%2F1805672669472048%2F&amp;show_text=0&amp;width=267\" style=\"border:none;overflow:hidden\" width=\"267\"><\/iframe><\/p>\n","protected":false},"excerpt":{"rendered":"<p>Los integrantes de la Comisi\u00f3n Legislativa de Derechos Colectivos contin\u00faan en el debate para reunir en uno solo los 10 proyectos de reforma a la Ley Org\u00e1nica de Comunicaci\u00f3n (LOC), entre ellos el del Ejecutivo. Para ellos, el lunes, 2 de julio, recibi\u00f3 nuestros criterios y observaciones a cargo de nuestra directora Ruth, Hidalgo y [&hellip;]<\/p>\n","protected":false},"author":1,"featured_media":0,"comment_status":"open","ping_status":"open","sticky":false,"template":"","format":"standard","meta":{"site-sidebar-layout":"default","site-content-layout":"","ast-site-content-layout":"default","site-content-style":"default","site-sidebar-style":"default","ast-global-header-display":"","ast-banner-title-visibility":"","ast-main-header-display":"","ast-hfb-above-header-display":"","ast-hfb-below-header-display":"","ast-hfb-mobile-header-display":"","site-post-title":"","ast-breadcrumbs-content":"","ast-featured-img":"","footer-sml-layout":"","ast-disable-related-posts":"","theme-transparent-header-meta":"","adv-header-id-meta":"","stick-header-meta":"","header-above-stick-meta":"","header-main-stick-meta":"","header-below-stick-meta":"","astra-migrate-meta-layouts":"default","ast-page-background-enabled":"default","ast-page-background-meta":{"desktop":{"background-color":"","background-image":"","background-repeat":"repeat","background-position":"center center","background-size":"auto","background-attachment":"scroll","background-type":"","background-media":"","overlay-type":"","overlay-color":"","overlay-opacity":"","overlay-gradient":""},"tablet":{"background-color":"","background-image":"","background-repeat":"repeat","background-position":"center center","background-size":"auto","background-attachment":"scroll","background-type":"","background-media":"","overlay-type":"","overlay-color":"","overlay-opacity":"","overlay-gradient":""},"mobile":{"background-color":"","background-image":"","background-repeat":"repeat","background-position":"center center","background-size":"auto","background-attachment":"scroll","background-type":"","background-media":"","overlay-type":"","overlay-color":"","overlay-opacity":"","overlay-gradient":""}},"ast-content-background-meta":{"desktop":{"background-color":"var(--ast-global-color-5)","background-image":"","background-repeat":"repeat","background-position":"center center","background-size":"auto","background-attachment":"scroll","background-type":"","background-media":"","overlay-type":"","overlay-color":"","overlay-opacity":"","overlay-gradient":""},"tablet":{"background-color":"var(--ast-global-color-5)","background-image":"","background-repeat":"repeat","background-position":"center center","background-size":"auto","background-attachment":"scroll","background-type":"","background-media":"","overlay-type":"","overlay-color":"","overlay-opacity":"","overlay-gradient":""},"mobile":{"background-color":"var(--ast-global-color-5)","background-image":"","background-repeat":"repeat","background-position":"center center","background-size":"auto","background-attachment":"scroll","background-type":"","background-media":"","overlay-type":"","overlay-color":"","overlay-opacity":"","overlay-gradient":""}},"_joinchat":[],"footnotes":""},"categories":[16],"tags":[],"class_list":["post-1744","post","type-post","status-publish","format-standard","hentry","category-actualidad"],"yoast_head":"<!-- This site is optimized with the Yoast SEO plugin v26.5 - https:\/\/yoast.com\/wordpress\/plugins\/seo\/ -->\n<title>Presentamos en Comisi\u00f3n de Asamblea nuestras propuestas para reforma a Ley de Comunicaci\u00f3n - Participaci\u00f3n Ciudadana<\/title>\n<meta name=\"robots\" content=\"index, follow, max-snippet:-1, max-image-preview:large, max-video-preview:-1\" \/>\n<link rel=\"canonical\" href=\"https:\/\/www.participacionciudadana.org\/web\/2018\/07\/09\/presentamos-en-comision-de-asamblea-nuestras-propuestas-para-reforma-a-ley-de-comunicacion\/\" \/>\n<meta property=\"og:locale\" content=\"es_ES\" \/>\n<meta property=\"og:type\" content=\"article\" \/>\n<meta property=\"og:title\" content=\"Presentamos en Comisi\u00f3n de Asamblea nuestras propuestas para reforma a Ley de Comunicaci\u00f3n - Participaci\u00f3n Ciudadana\" \/>\n<meta property=\"og:description\" content=\"Los integrantes de la Comisi\u00f3n Legislativa de Derechos Colectivos contin\u00faan en el debate para reunir en uno solo los 10 proyectos de reforma a la Ley Org\u00e1nica de Comunicaci\u00f3n (LOC), entre ellos el del Ejecutivo. Para ellos, el lunes, 2 de julio, recibi\u00f3 nuestros criterios y observaciones a cargo de nuestra directora Ruth, Hidalgo y [&hellip;]\" \/>\n<meta property=\"og:url\" content=\"https:\/\/www.participacionciudadana.org\/web\/2018\/07\/09\/presentamos-en-comision-de-asamblea-nuestras-propuestas-para-reforma-a-ley-de-comunicacion\/\" \/>\n<meta property=\"og:site_name\" content=\"Participaci\u00f3n Ciudadana\" \/>\n<meta property=\"article:publisher\" content=\"https:\/\/www.facebook.com\/ParticipacionPC\/\" \/>\n<meta property=\"article:published_time\" content=\"2018-07-09T18:02:30+00:00\" \/>\n<meta name=\"author\" content=\"auzfabian\" \/>\n<meta name=\"twitter:card\" content=\"summary_large_image\" \/>\n<meta name=\"twitter:creator\" content=\"@ParticipacionPC\" \/>\n<meta name=\"twitter:site\" content=\"@ParticipacionPC\" \/>\n<meta name=\"twitter:label1\" content=\"Escrito por\" \/>\n\t<meta name=\"twitter:data1\" content=\"auzfabian\" \/>\n\t<meta name=\"twitter:label2\" content=\"Tiempo de lectura\" \/>\n\t<meta name=\"twitter:data2\" content=\"2 minutos\" \/>\n<script type=\"application\/ld+json\" class=\"yoast-schema-graph\">{\"@context\":\"https:\/\/schema.org\",\"@graph\":[{\"@type\":\"Article\",\"@id\":\"https:\/\/www.participacionciudadana.org\/web\/2018\/07\/09\/presentamos-en-comision-de-asamblea-nuestras-propuestas-para-reforma-a-ley-de-comunicacion\/#article\",\"isPartOf\":{\"@id\":\"https:\/\/www.participacionciudadana.org\/web\/2018\/07\/09\/presentamos-en-comision-de-asamblea-nuestras-propuestas-para-reforma-a-ley-de-comunicacion\/\"},\"author\":{\"name\":\"auzfabian\",\"@id\":\"https:\/\/www.participacionciudadana.org\/web\/#\/schema\/person\/67ded4b29f4c10d217a0e025340d23ea\"},\"headline\":\"Presentamos en Comisi\u00f3n de Asamblea nuestras propuestas para reforma a Ley de Comunicaci\u00f3n\",\"datePublished\":\"2018-07-09T18:02:30+00:00\",\"mainEntityOfPage\":{\"@id\":\"https:\/\/www.participacionciudadana.org\/web\/2018\/07\/09\/presentamos-en-comision-de-asamblea-nuestras-propuestas-para-reforma-a-ley-de-comunicacion\/\"},\"wordCount\":398,\"commentCount\":0,\"publisher\":{\"@id\":\"https:\/\/www.participacionciudadana.org\/web\/#organization\"},\"articleSection\":[\"Actualidad\"],\"inLanguage\":\"es\",\"potentialAction\":[{\"@type\":\"CommentAction\",\"name\":\"Comment\",\"target\":[\"https:\/\/www.participacionciudadana.org\/web\/2018\/07\/09\/presentamos-en-comision-de-asamblea-nuestras-propuestas-para-reforma-a-ley-de-comunicacion\/#respond\"]}]},{\"@type\":\"WebPage\",\"@id\":\"https:\/\/www.participacionciudadana.org\/web\/2018\/07\/09\/presentamos-en-comision-de-asamblea-nuestras-propuestas-para-reforma-a-ley-de-comunicacion\/\",\"url\":\"https:\/\/www.participacionciudadana.org\/web\/2018\/07\/09\/presentamos-en-comision-de-asamblea-nuestras-propuestas-para-reforma-a-ley-de-comunicacion\/\",\"name\":\"Presentamos en Comisi\u00f3n de Asamblea nuestras propuestas para reforma a Ley de Comunicaci\u00f3n - Participaci\u00f3n Ciudadana\",\"isPartOf\":{\"@id\":\"https:\/\/www.participacionciudadana.org\/web\/#website\"},\"datePublished\":\"2018-07-09T18:02:30+00:00\",\"breadcrumb\":{\"@id\":\"https:\/\/www.participacionciudadana.org\/web\/2018\/07\/09\/presentamos-en-comision-de-asamblea-nuestras-propuestas-para-reforma-a-ley-de-comunicacion\/#breadcrumb\"},\"inLanguage\":\"es\",\"potentialAction\":[{\"@type\":\"ReadAction\",\"target\":[\"https:\/\/www.participacionciudadana.org\/web\/2018\/07\/09\/presentamos-en-comision-de-asamblea-nuestras-propuestas-para-reforma-a-ley-de-comunicacion\/\"]}]},{\"@type\":\"BreadcrumbList\",\"@id\":\"https:\/\/www.participacionciudadana.org\/web\/2018\/07\/09\/presentamos-en-comision-de-asamblea-nuestras-propuestas-para-reforma-a-ley-de-comunicacion\/#breadcrumb\",\"itemListElement\":[{\"@type\":\"ListItem\",\"position\":1,\"name\":\"Portada\",\"item\":\"https:\/\/www.participacionciudadana.org\/web\/\"},{\"@type\":\"ListItem\",\"position\":2,\"name\":\"Presentamos en Comisi\u00f3n de Asamblea nuestras propuestas para reforma a Ley de Comunicaci\u00f3n\"}]},{\"@type\":\"WebSite\",\"@id\":\"https:\/\/www.participacionciudadana.org\/web\/#website\",\"url\":\"https:\/\/www.participacionciudadana.org\/web\/\",\"name\":\"Participaci\u00f3n Ciudadana\",\"description\":\"Comprometidos con la democracia\",\"publisher\":{\"@id\":\"https:\/\/www.participacionciudadana.org\/web\/#organization\"},\"potentialAction\":[{\"@type\":\"SearchAction\",\"target\":{\"@type\":\"EntryPoint\",\"urlTemplate\":\"https:\/\/www.participacionciudadana.org\/web\/?s={search_term_string}\"},\"query-input\":{\"@type\":\"PropertyValueSpecification\",\"valueRequired\":true,\"valueName\":\"search_term_string\"}}],\"inLanguage\":\"es\"},{\"@type\":\"Organization\",\"@id\":\"https:\/\/www.participacionciudadana.org\/web\/#organization\",\"name\":\"Participaci\u00f3n Ciudadana\",\"url\":\"https:\/\/www.participacionciudadana.org\/web\/\",\"logo\":{\"@type\":\"ImageObject\",\"inLanguage\":\"es\",\"@id\":\"https:\/\/www.participacionciudadana.org\/web\/#\/schema\/logo\/image\/\",\"url\":\"https:\/\/www.participacionciudadana.org\/web\/wp-content\/uploads\/2021\/11\/cropped-logo_pc-1.png\",\"contentUrl\":\"https:\/\/www.participacionciudadana.org\/web\/wp-content\/uploads\/2021\/11\/cropped-logo_pc-1.png\",\"width\":340,\"height\":114,\"caption\":\"Participaci\u00f3n Ciudadana\"},\"image\":{\"@id\":\"https:\/\/www.participacionciudadana.org\/web\/#\/schema\/logo\/image\/\"},\"sameAs\":[\"https:\/\/www.facebook.com\/ParticipacionPC\/\",\"https:\/\/x.com\/ParticipacionPC\"]},{\"@type\":\"Person\",\"@id\":\"https:\/\/www.participacionciudadana.org\/web\/#\/schema\/person\/67ded4b29f4c10d217a0e025340d23ea\",\"name\":\"auzfabian\",\"image\":{\"@type\":\"ImageObject\",\"inLanguage\":\"es\",\"@id\":\"https:\/\/www.participacionciudadana.org\/web\/#\/schema\/person\/image\/\",\"url\":\"https:\/\/secure.gravatar.com\/avatar\/b07eacb2fae81fba8818d35abde16f5d26c3e833d77fabbeeb8d53523e796bde?s=96&d=mm&r=g\",\"contentUrl\":\"https:\/\/secure.gravatar.com\/avatar\/b07eacb2fae81fba8818d35abde16f5d26c3e833d77fabbeeb8d53523e796bde?s=96&d=mm&r=g\",\"caption\":\"auzfabian\"},\"sameAs\":[\"https:\/\/www.participacionciudadana.org\/web\"],\"url\":\"https:\/\/www.participacionciudadana.org\/web\/author\/auzfabian\/\"}]}<\/script>\n<!-- \/ Yoast SEO plugin. -->","yoast_head_json":{"title":"Presentamos en Comisi\u00f3n de Asamblea nuestras propuestas para reforma a Ley de Comunicaci\u00f3n - Participaci\u00f3n Ciudadana","robots":{"index":"index","follow":"follow","max-snippet":"max-snippet:-1","max-image-preview":"max-image-preview:large","max-video-preview":"max-video-preview:-1"},"canonical":"https:\/\/www.participacionciudadana.org\/web\/2018\/07\/09\/presentamos-en-comision-de-asamblea-nuestras-propuestas-para-reforma-a-ley-de-comunicacion\/","og_locale":"es_ES","og_type":"article","og_title":"Presentamos en Comisi\u00f3n de Asamblea nuestras propuestas para reforma a Ley de Comunicaci\u00f3n - Participaci\u00f3n Ciudadana","og_description":"Los integrantes de la Comisi\u00f3n Legislativa de Derechos Colectivos contin\u00faan en el debate para reunir en uno solo los 10 proyectos de reforma a la Ley Org\u00e1nica de Comunicaci\u00f3n (LOC), entre ellos el del Ejecutivo. Para ellos, el lunes, 2 de julio, recibi\u00f3 nuestros criterios y observaciones a cargo de nuestra directora Ruth, Hidalgo y [&hellip;]","og_url":"https:\/\/www.participacionciudadana.org\/web\/2018\/07\/09\/presentamos-en-comision-de-asamblea-nuestras-propuestas-para-reforma-a-ley-de-comunicacion\/","og_site_name":"Participaci\u00f3n Ciudadana","article_publisher":"https:\/\/www.facebook.com\/ParticipacionPC\/","article_published_time":"2018-07-09T18:02:30+00:00","author":"auzfabian","twitter_card":"summary_large_image","twitter_creator":"@ParticipacionPC","twitter_site":"@ParticipacionPC","twitter_misc":{"Escrito por":"auzfabian","Tiempo de lectura":"2 minutos"},"schema":{"@context":"https:\/\/schema.org","@graph":[{"@type":"Article","@id":"https:\/\/www.participacionciudadana.org\/web\/2018\/07\/09\/presentamos-en-comision-de-asamblea-nuestras-propuestas-para-reforma-a-ley-de-comunicacion\/#article","isPartOf":{"@id":"https:\/\/www.participacionciudadana.org\/web\/2018\/07\/09\/presentamos-en-comision-de-asamblea-nuestras-propuestas-para-reforma-a-ley-de-comunicacion\/"},"author":{"name":"auzfabian","@id":"https:\/\/www.participacionciudadana.org\/web\/#\/schema\/person\/67ded4b29f4c10d217a0e025340d23ea"},"headline":"Presentamos en Comisi\u00f3n de Asamblea nuestras propuestas para reforma a Ley de Comunicaci\u00f3n","datePublished":"2018-07-09T18:02:30+00:00","mainEntityOfPage":{"@id":"https:\/\/www.participacionciudadana.org\/web\/2018\/07\/09\/presentamos-en-comision-de-asamblea-nuestras-propuestas-para-reforma-a-ley-de-comunicacion\/"},"wordCount":398,"commentCount":0,"publisher":{"@id":"https:\/\/www.participacionciudadana.org\/web\/#organization"},"articleSection":["Actualidad"],"inLanguage":"es","potentialAction":[{"@type":"CommentAction","name":"Comment","target":["https:\/\/www.participacionciudadana.org\/web\/2018\/07\/09\/presentamos-en-comision-de-asamblea-nuestras-propuestas-para-reforma-a-ley-de-comunicacion\/#respond"]}]},{"@type":"WebPage","@id":"https:\/\/www.participacionciudadana.org\/web\/2018\/07\/09\/presentamos-en-comision-de-asamblea-nuestras-propuestas-para-reforma-a-ley-de-comunicacion\/","url":"https:\/\/www.participacionciudadana.org\/web\/2018\/07\/09\/presentamos-en-comision-de-asamblea-nuestras-propuestas-para-reforma-a-ley-de-comunicacion\/","name":"Presentamos en Comisi\u00f3n de Asamblea nuestras propuestas para reforma a Ley de Comunicaci\u00f3n - Participaci\u00f3n Ciudadana","isPartOf":{"@id":"https:\/\/www.participacionciudadana.org\/web\/#website"},"datePublished":"2018-07-09T18:02:30+00:00","breadcrumb":{"@id":"https:\/\/www.participacionciudadana.org\/web\/2018\/07\/09\/presentamos-en-comision-de-asamblea-nuestras-propuestas-para-reforma-a-ley-de-comunicacion\/#breadcrumb"},"inLanguage":"es","potentialAction":[{"@type":"ReadAction","target":["https:\/\/www.participacionciudadana.org\/web\/2018\/07\/09\/presentamos-en-comision-de-asamblea-nuestras-propuestas-para-reforma-a-ley-de-comunicacion\/"]}]},{"@type":"BreadcrumbList","@id":"https:\/\/www.participacionciudadana.org\/web\/2018\/07\/09\/presentamos-en-comision-de-asamblea-nuestras-propuestas-para-reforma-a-ley-de-comunicacion\/#breadcrumb","itemListElement":[{"@type":"ListItem","position":1,"name":"Portada","item":"https:\/\/www.participacionciudadana.org\/web\/"},{"@type":"ListItem","position":2,"name":"Presentamos en Comisi\u00f3n de Asamblea nuestras propuestas para reforma a Ley de Comunicaci\u00f3n"}]},{"@type":"WebSite","@id":"https:\/\/www.participacionciudadana.org\/web\/#website","url":"https:\/\/www.participacionciudadana.org\/web\/","name":"Participaci\u00f3n Ciudadana","description":"Comprometidos con la democracia","publisher":{"@id":"https:\/\/www.participacionciudadana.org\/web\/#organization"},"potentialAction":[{"@type":"SearchAction","target":{"@type":"EntryPoint","urlTemplate":"https:\/\/www.participacionciudadana.org\/web\/?s={search_term_string}"},"query-input":{"@type":"PropertyValueSpecification","valueRequired":true,"valueName":"search_term_string"}}],"inLanguage":"es"},{"@type":"Organization","@id":"https:\/\/www.participacionciudadana.org\/web\/#organization","name":"Participaci\u00f3n Ciudadana","url":"https:\/\/www.participacionciudadana.org\/web\/","logo":{"@type":"ImageObject","inLanguage":"es","@id":"https:\/\/www.participacionciudadana.org\/web\/#\/schema\/logo\/image\/","url":"https:\/\/www.participacionciudadana.org\/web\/wp-content\/uploads\/2021\/11\/cropped-logo_pc-1.png","contentUrl":"https:\/\/www.participacionciudadana.org\/web\/wp-content\/uploads\/2021\/11\/cropped-logo_pc-1.png","width":340,"height":114,"caption":"Participaci\u00f3n Ciudadana"},"image":{"@id":"https:\/\/www.participacionciudadana.org\/web\/#\/schema\/logo\/image\/"},"sameAs":["https:\/\/www.facebook.com\/ParticipacionPC\/","https:\/\/x.com\/ParticipacionPC"]},{"@type":"Person","@id":"https:\/\/www.participacionciudadana.org\/web\/#\/schema\/person\/67ded4b29f4c10d217a0e025340d23ea","name":"auzfabian","image":{"@type":"ImageObject","inLanguage":"es","@id":"https:\/\/www.participacionciudadana.org\/web\/#\/schema\/person\/image\/","url":"https:\/\/secure.gravatar.com\/avatar\/b07eacb2fae81fba8818d35abde16f5d26c3e833d77fabbeeb8d53523e796bde?s=96&d=mm&r=g","contentUrl":"https:\/\/secure.gravatar.com\/avatar\/b07eacb2fae81fba8818d35abde16f5d26c3e833d77fabbeeb8d53523e796bde?s=96&d=mm&r=g","caption":"auzfabian"},"sameAs":["https:\/\/www.participacionciudadana.org\/web"],"url":"https:\/\/www.participacionciudadana.org\/web\/author\/auzfabian\/"}]}},"_links":{"self":[{"href":"https:\/\/www.participacionciudadana.org\/web\/wp-json\/wp\/v2\/posts\/1744","targetHints":{"allow":["GET"]}}],"collection":[{"href":"https:\/\/www.participacionciudadana.org\/web\/wp-json\/wp\/v2\/posts"}],"about":[{"href":"https:\/\/www.participacionciudadana.org\/web\/wp-json\/wp\/v2\/types\/post"}],"author":[{"embeddable":true,"href":"https:\/\/www.participacionciudadana.org\/web\/wp-json\/wp\/v2\/users\/1"}],"replies":[{"embeddable":true,"href":"https:\/\/www.participacionciudadana.org\/web\/wp-json\/wp\/v2\/comments?post=1744"}],"version-history":[{"count":0,"href":"https:\/\/www.participacionciudadana.org\/web\/wp-json\/wp\/v2\/posts\/1744\/revisions"}],"wp:attachment":[{"href":"https:\/\/www.participacionciudadana.org\/web\/wp-json\/wp\/v2\/media?parent=1744"}],"wp:term":[{"taxonomy":"category","embeddable":true,"href":"https:\/\/www.participacionciudadana.org\/web\/wp-json\/wp\/v2\/categories?post=1744"},{"taxonomy":"post_tag","embeddable":true,"href":"https:\/\/www.participacionciudadana.org\/web\/wp-json\/wp\/v2\/tags?post=1744"}],"curies":[{"name":"wp","href":"https:\/\/api.w.org\/{rel}","templated":true}]}}