{"id":1747,"date":"2018-07-17T12:25:26","date_gmt":"2018-07-17T17:25:26","guid":{"rendered":"https:\/\/www.participacionciudadana.org\/web\/2018\/07\/17\/proyecto-de-transparencia-fiscal-reforma-7-leyes-para-mejorar-la-transparencia-en-la-gestion-publica-2\/"},"modified":"2018-07-17T12:25:26","modified_gmt":"2018-07-17T17:25:26","slug":"proyecto-de-transparencia-fiscal-reforma-7-leyes-para-mejorar-la-transparencia-en-la-gestion-publica-2","status":"publish","type":"post","link":"https:\/\/www.participacionciudadana.org\/web\/2018\/07\/17\/proyecto-de-transparencia-fiscal-reforma-7-leyes-para-mejorar-la-transparencia-en-la-gestion-publica-2\/","title":{"rendered":"Proyecto de Transparencia Fiscal reforma 8 leyes para mejorar la transparencia en la gesti\u00f3n p\u00fablica"},"content":{"rendered":"<p style=\"margin-bottom:0cm;margin-bottom:.0001pt;text-align:justify;line-height:normal;\"><span style=\"background:white;\"><span style=\"font-family:arial,sans-serif;\"><span style=\"font-size:12.0pt;\">Este mi\u00e9rcoles 18 de julio de 2018, la Corporaci\u00f3n Participaci\u00f3n Ciudadana, Cordes y los asamble\u00edstas que conforman la Coalici\u00f3n Legislativa por la Transparencia presentaron a la Presidenta de la Asamblea, Elizabeth Cabezas, el proyecto de Ley Org\u00e1nica de Transparencia Fiscal.<\/span><\/span><\/span><\/p>\n<p style=\"margin-bottom:0cm;margin-bottom:.0001pt;line-height:normal;\"><span style=\"background:white;\"><span style=\"font-family:arial,sans-serif;\"><span style=\"font-size:12.0pt;\">La propuesta de Ley promueve la transparencia fiscal en la gesti\u00f3n de lo p\u00fablico en Ecuador, buenas pr\u00e1cticas entre instituciones p\u00fablicas, autoridades y ciudadanos para mejorar los niveles de transparencia y rendici\u00f3n de cuentas.<\/span><\/span><\/span><\/p>\n<p style=\"margin-bottom:0cm;margin-bottom:.0001pt;text-align:justify;line-height:normal;\"><span style=\"background:white;\"><span style=\"font-family:arial,sans-serif;\"><span style=\"font-size:12.0pt;\">Las reformas propuestas son producto del trabajado conjunto de 9 meses entre asamble\u00edstas de distintos bloques, la Presidenta de la Asamblea, Elizabeth Cabezas y los equipos t\u00e9cnicos de PC y Cordes; todos motivados por el compromiso de impulsar la transparencia como pol\u00edtica de Estado que sobrepase las ideolog\u00edas.<\/span><\/span><\/span><\/p>\n<p style=\"margin-bottom:0cm;margin-bottom:.0001pt;text-align:justify;line-height:normal;\"><span style=\"background:white;\"><span style=\"font-family:arial,sans-serif;\"><span style=\"font-size:12.0pt;\">Los temas que aborda el cuerpo legal est\u00e1n relacionados a<strong> la elaboraci\u00f3n, manejo y asignaci\u00f3n del Presupuesto General del Estado, adjudicaci\u00f3n de contratos sobre recursos extractivos, petroleros<\/strong>, mineros y adecuados mecanismos de transparencia en la informaci\u00f3n p\u00fablica, fiscalizaci\u00f3n y rendici\u00f3n de cuentas, adem\u00e1s, aumentar la participaci\u00f3n legislativa la elaboraci\u00f3n y ejecuci\u00f3n del presupuesto.<\/span><\/span><\/span><\/p>\n<p style=\"margin-bottom:0cm;margin-bottom:.0001pt;line-height:normal;\"><strong><span style=\"background:white;\"><span style=\"font-family:arial,sans-serif;\"><span style=\"font-size:12.0pt;\">El cuerpo legal tiene 32 art\u00edculos, ocho cap\u00edtulos<\/span><\/span><\/span><\/strong><span style=\"background:white;\"><span style=\"font-family:arial,sans-serif;\"><span style=\"font-size:12.0pt;\"> y plantea reformas ocho cuerpos legales:<\/span><\/span><\/span><\/p>\n<ol>\n<li style=\"color:#222222;margin-bottom:0cm;margin-bottom:.0001pt;line-height:normal;\"><span style=\"background:white;\"><span style=\"font-family:arial,sans-serif;\"><span style=\"font-size:12.0pt;\">C\u00f3digo Org\u00e1nico Monetario y Financiero<\/span><\/span><\/span><\/li>\n<li style=\"color:#222222;margin-bottom:0cm;margin-bottom:.0001pt;line-height:normal;\"><span style=\"background:white;\"><span style=\"font-family:arial,sans-serif;\"><span style=\"font-size:12.0pt;\">C\u00f3digo Org\u00e1nico de Planificaci\u00f3n y Finanzas P\u00fablicas.<\/span><\/span><\/span><\/li>\n<li style=\"color:#222222;margin-bottom:0cm;margin-bottom:.0001pt;line-height:normal;\"><span style=\"background:white;\"><span style=\"font-family:arial,sans-serif;\"><span style=\"font-size:12.0pt;\">Reformas a la Ley Org\u00e1nica de la Funci\u00f3n Legislativa.<\/span><\/span><\/span><\/li>\n<li style=\"color:#222222;margin-bottom:0cm;margin-bottom:.0001pt;line-height:normal;\"><span style=\"background:white;\"><span style=\"font-family:arial,sans-serif;\"><span style=\"font-size:12.0pt;\">Ley org\u00e1nica de la Contralor\u00eda General del Estado<\/span><\/span><\/span><\/li>\n<li style=\"color:#222222;margin-bottom:0cm;margin-bottom:.0001pt;line-height:normal;\"><span style=\"background:white;\"><span style=\"font-family:arial,sans-serif;\"><span style=\"font-size:12.0pt;\">Reformas a la Ley Org\u00e1nica de Transparencia y Acceso a la Informaci\u00f3n p\u00fablica, Lotaip.<\/span><\/span><\/span><\/li>\n<li style=\"color:#222222;margin-bottom:0cm;margin-bottom:.0001pt;line-height:normal;\"><span style=\"background:white;\"><span style=\"font-family:arial,sans-serif;\"><span style=\"font-size:12.0pt;\">Ley de contrataci\u00f3n P\u00fablica<\/span><\/span><\/span><\/li>\n<li style=\"color:#222222;margin-bottom:0cm;margin-bottom:.0001pt;line-height:normal;\"><span style=\"background:white;\"><span style=\"font-family:arial,sans-serif;\"><span style=\"font-size:12.0pt;\">Ley de Miner\u00eda<\/span><\/span><\/span><\/li>\n<li style=\"color:#222222;margin-bottom:0cm;margin-bottom:.0001pt;line-height:normal;\"><span style=\"background:white;\"><span style=\"font-family:arial,sans-serif;\"><span style=\"font-size:12.0pt;\">Ley de Hidrocarburos&nbsp;&nbsp; <\/span><\/span><\/span><\/li>\n<\/ol>\n<p style=\"text-align:justify;\"><strong><span style=\"background:white;\"><span style=\"font-family:arial,sans-serif;\"><span style=\"font-size:12.0pt;\">Los temas relevantes:<\/span><\/span><\/span><\/strong><\/p>\n<p style=\"text-align:justify;\"><strong><span style=\"font-family:arial,sans-serif;\"><span style=\"font-size:12.0pt;\">Autonom\u00eda del Banco Central:<\/span><\/span><\/strong><span style=\"font-family:arial,sans-serif;\"><span style=\"font-size:12.0pt;\"> Debe constituirse en un ente con total autonom\u00eda t\u00e9cnica y administrativa, tanto en su conformaci\u00f3n, cuanto en su funcionamiento, que brinde apoyo a los gobiernos y a la Asamblea en la formulaci\u00f3n de las pol\u00edticas monetaria, crediticia, cambiaria y financiera. Es necesario que tenga atribuciones como informar sobre el l\u00edmite de endeudamiento p\u00fablico.<\/span><\/span><\/p>\n<p style=\"text-align:justify;\"><strong><span style=\"font-family:arial,sans-serif;\"><span style=\"font-size:12.0pt;\">Replantear los l\u00edmites de endeudamiento<\/span><\/span><\/strong><span style=\"font-family:arial,sans-serif;\"><span style=\"font-size:12.0pt;\"> p\u00fablico a trav\u00e9s de sistemas claros y precisos con incidencia del Banco Central.<\/span><\/span><\/p>\n<p style=\"text-align:justify;\"><strong><span style=\"font-family:arial,sans-serif;\"><span style=\"font-size:12.0pt;\">Presupuesto y asignaci\u00f3n de recursos<\/span><\/span><\/strong><span style=\"font-family:arial,sans-serif;\"><span style=\"font-size:12.0pt;\">: Revisar los procesos de asignaci\u00f3n de recursos fiscales, desde la elaboraci\u00f3n, aprobaci\u00f3n de la proforma presupuestaria, hasta la transferencia de los recursos del Presupuesto del Estado a los beneficiarios.<\/span><\/span><\/p>\n<p style=\"text-align:justify;\"><strong><span style=\"font-family:arial,sans-serif;\"><span style=\"font-size:12.0pt;\">Fortalecer las funciones de la Asamblea y Contralor\u00eda. <\/span><\/span><\/strong><span style=\"font-family:arial,sans-serif;\"><span style=\"font-size:12.0pt;\">Las tareas deben ser compartidas en atribuciones y responsabilidades para la aprobaci\u00f3n del presupuesto, entonces es necesario fortalecer el rol de las dos instituciones.<\/span><\/span><\/p>\n<p style=\"text-align:justify;\"><strong><span style=\"font-family:arial,sans-serif;\"><span style=\"font-size:12.0pt;\">Acceso a la Informaci\u00f3n:<\/span><\/span><\/strong><span style=\"font-family:arial,sans-serif;\"><span style=\"font-size:12.0pt;\"> Promover el acceso a los documentos e informaci\u00f3n que reposan en el sector p\u00fablico, en especial al relacionado al presupuesto. El Ministerio de Econom\u00eda y Finanzas debe presentar en web el origen y el destino de los recursos del presupuesto con un alto nivel de detalle y calidad. Tambi\u00e9n es necesario que las Empresas P\u00fablicas, difundan las actas de las sesiones de directorios. Adem\u00e1s de limitar los casos de informaci\u00f3n reservada.<\/span><\/span><\/p>\n<p style=\"text-align:justify;\"><strong><span style=\"font-family:arial,sans-serif;\"><span style=\"font-size:12.0pt;\">Los contratos de emergencia.<\/span><\/span><\/strong><span style=\"font-family:arial,sans-serif;\"><span style=\"font-size:12.0pt;\"> La informaci\u00f3n no debe ser reservada y confidencial, debe ser de acceso p\u00fablico para mejorar los controles ciudadanos. El C\u00f3digo Org\u00e1nico de Finanzas P\u00fablicas establece como reservada, \u201cla divulgaci\u00f3n de la informaci\u00f3n contenida en actos administrativos, contratos, convenios o documentaci\u00f3n vinculada con operaciones de novaci\u00f3n de operaciones de endeudamiento p\u00fablico, emisi\u00f3n, colocaci\u00f3n o recompra de t\u00edtulos del Estado\u201d.<\/span><\/span><\/p>\n<p style=\"text-align:justify;\"><strong><span style=\"font-family:arial,sans-serif;\"><span style=\"font-size:12.0pt;\">Extracci\u00f3n de recursos<\/span><\/span><\/strong><span style=\"font-family:arial,sans-serif;\"><span style=\"font-size:12.0pt;\">. Revisar los mecanismos vigentes para la firma de contratos de explotaci\u00f3n o venta de recursos naturales, as\u00ed como los mecanismos de fiscalizaci\u00f3n y de rendici\u00f3n de cuentas respecto al uso adecuado de los recursos p\u00fablicos, para ello proponemos modificar tanto la Ley de Miner\u00eda a tono a los est\u00e1ndares de Iniciativa para la Transparencia en las Industrias Extractivas (EITI), en todas las fases de la operaci\u00f3n minera, incluyendo la negociaci\u00f3n, contrataci\u00f3n y operaci\u00f3n de los proyectos mineros.<\/span><\/span><\/p>\n<p style=\"text-align:justify;\"><span style=\"font-family:arial,sans-serif;\"><span style=\"font-size:12.0pt;\"><\/span><\/span><\/p>\n","protected":false},"excerpt":{"rendered":"<p>Este mi\u00e9rcoles 18 de julio de 2018, la Corporaci\u00f3n Participaci\u00f3n Ciudadana, Cordes y los asamble\u00edstas que conforman la Coalici\u00f3n Legislativa por la Transparencia presentaron a la Presidenta de la Asamblea, Elizabeth Cabezas, el proyecto de Ley Org\u00e1nica de Transparencia Fiscal. La propuesta de Ley promueve la transparencia fiscal en la gesti\u00f3n de lo p\u00fablico en [&hellip;]<\/p>\n","protected":false},"author":1,"featured_media":0,"comment_status":"open","ping_status":"open","sticky":false,"template":"","format":"standard","meta":{"site-sidebar-layout":"default","site-content-layout":"","ast-site-content-layout":"default","site-content-style":"default","site-sidebar-style":"default","ast-global-header-display":"","ast-banner-title-visibility":"","ast-main-header-display":"","ast-hfb-above-header-display":"","ast-hfb-below-header-display":"","ast-hfb-mobile-header-display":"","site-post-title":"","ast-breadcrumbs-content":"","ast-featured-img":"","footer-sml-layout":"","ast-disable-related-posts":"","theme-transparent-header-meta":"","adv-header-id-meta":"","stick-header-meta":"","header-above-stick-meta":"","header-main-stick-meta":"","header-below-stick-meta":"","astra-migrate-meta-layouts":"default","ast-page-background-enabled":"default","ast-page-background-meta":{"desktop":{"background-color":"","background-image":"","background-repeat":"repeat","background-position":"center center","background-size":"auto","background-attachment":"scroll","background-type":"","background-media":"","overlay-type":"","overlay-color":"","overlay-opacity":"","overlay-gradient":""},"tablet":{"background-color":"","background-image":"","background-repeat":"repeat","background-position":"center center","background-size":"auto","background-attachment":"scroll","background-type":"","background-media":"","overlay-type":"","overlay-color":"","overlay-opacity":"","overlay-gradient":""},"mobile":{"background-color":"","background-image":"","background-repeat":"repeat","background-position":"center center","background-size":"auto","background-attachment":"scroll","background-type":"","background-media":"","overlay-type":"","overlay-color":"","overlay-opacity":"","overlay-gradient":""}},"ast-content-background-meta":{"desktop":{"background-color":"var(--ast-global-color-5)","background-image":"","background-repeat":"repeat","background-position":"center center","background-size":"auto","background-attachment":"scroll","background-type":"","background-media":"","overlay-type":"","overlay-color":"","overlay-opacity":"","overlay-gradient":""},"tablet":{"background-color":"var(--ast-global-color-5)","background-image":"","background-repeat":"repeat","background-position":"center center","background-size":"auto","background-attachment":"scroll","background-type":"","background-media":"","overlay-type":"","overlay-color":"","overlay-opacity":"","overlay-gradient":""},"mobile":{"background-color":"var(--ast-global-color-5)","background-image":"","background-repeat":"repeat","background-position":"center center","background-size":"auto","background-attachment":"scroll","background-type":"","background-media":"","overlay-type":"","overlay-color":"","overlay-opacity":"","overlay-gradient":""}},"_joinchat":[],"footnotes":""},"categories":[16],"tags":[],"class_list":["post-1747","post","type-post","status-publish","format-standard","hentry","category-actualidad"],"yoast_head":"<!-- This site is optimized with the Yoast SEO plugin v26.5 - https:\/\/yoast.com\/wordpress\/plugins\/seo\/ -->\n<title>Proyecto de Transparencia Fiscal reforma 8 leyes para mejorar la transparencia en la gesti\u00f3n p\u00fablica - Participaci\u00f3n Ciudadana<\/title>\n<meta name=\"robots\" content=\"index, follow, max-snippet:-1, max-image-preview:large, max-video-preview:-1\" \/>\n<link rel=\"canonical\" href=\"https:\/\/www.participacionciudadana.org\/web\/2018\/07\/17\/proyecto-de-transparencia-fiscal-reforma-7-leyes-para-mejorar-la-transparencia-en-la-gestion-publica-2\/\" \/>\n<meta property=\"og:locale\" content=\"es_ES\" \/>\n<meta property=\"og:type\" content=\"article\" \/>\n<meta property=\"og:title\" content=\"Proyecto de Transparencia Fiscal reforma 8 leyes para mejorar la transparencia en la gesti\u00f3n p\u00fablica - Participaci\u00f3n Ciudadana\" \/>\n<meta property=\"og:description\" content=\"Este mi\u00e9rcoles 18 de julio de 2018, la Corporaci\u00f3n Participaci\u00f3n Ciudadana, Cordes y los asamble\u00edstas que conforman la Coalici\u00f3n Legislativa por la Transparencia presentaron a la Presidenta de la Asamblea, Elizabeth Cabezas, el proyecto de Ley Org\u00e1nica de Transparencia Fiscal. La propuesta de Ley promueve la transparencia fiscal en la gesti\u00f3n de lo p\u00fablico en [&hellip;]\" \/>\n<meta property=\"og:url\" content=\"https:\/\/www.participacionciudadana.org\/web\/2018\/07\/17\/proyecto-de-transparencia-fiscal-reforma-7-leyes-para-mejorar-la-transparencia-en-la-gestion-publica-2\/\" \/>\n<meta property=\"og:site_name\" content=\"Participaci\u00f3n Ciudadana\" \/>\n<meta property=\"article:publisher\" content=\"https:\/\/www.facebook.com\/ParticipacionPC\/\" \/>\n<meta property=\"article:published_time\" content=\"2018-07-17T17:25:26+00:00\" \/>\n<meta name=\"author\" content=\"auzfabian\" \/>\n<meta name=\"twitter:card\" content=\"summary_large_image\" \/>\n<meta name=\"twitter:creator\" content=\"@ParticipacionPC\" \/>\n<meta name=\"twitter:site\" content=\"@ParticipacionPC\" \/>\n<meta name=\"twitter:label1\" content=\"Escrito por\" \/>\n\t<meta name=\"twitter:data1\" content=\"auzfabian\" \/>\n\t<meta name=\"twitter:label2\" content=\"Tiempo de lectura\" \/>\n\t<meta name=\"twitter:data2\" content=\"3 minutos\" \/>\n<script type=\"application\/ld+json\" class=\"yoast-schema-graph\">{\"@context\":\"https:\/\/schema.org\",\"@graph\":[{\"@type\":\"Article\",\"@id\":\"https:\/\/www.participacionciudadana.org\/web\/2018\/07\/17\/proyecto-de-transparencia-fiscal-reforma-7-leyes-para-mejorar-la-transparencia-en-la-gestion-publica-2\/#article\",\"isPartOf\":{\"@id\":\"https:\/\/www.participacionciudadana.org\/web\/2018\/07\/17\/proyecto-de-transparencia-fiscal-reforma-7-leyes-para-mejorar-la-transparencia-en-la-gestion-publica-2\/\"},\"author\":{\"name\":\"auzfabian\",\"@id\":\"https:\/\/www.participacionciudadana.org\/web\/#\/schema\/person\/67ded4b29f4c10d217a0e025340d23ea\"},\"headline\":\"Proyecto de Transparencia Fiscal reforma 8 leyes para mejorar la transparencia en la gesti\u00f3n p\u00fablica\",\"datePublished\":\"2018-07-17T17:25:26+00:00\",\"mainEntityOfPage\":{\"@id\":\"https:\/\/www.participacionciudadana.org\/web\/2018\/07\/17\/proyecto-de-transparencia-fiscal-reforma-7-leyes-para-mejorar-la-transparencia-en-la-gestion-publica-2\/\"},\"wordCount\":711,\"commentCount\":0,\"publisher\":{\"@id\":\"https:\/\/www.participacionciudadana.org\/web\/#organization\"},\"articleSection\":[\"Actualidad\"],\"inLanguage\":\"es\",\"potentialAction\":[{\"@type\":\"CommentAction\",\"name\":\"Comment\",\"target\":[\"https:\/\/www.participacionciudadana.org\/web\/2018\/07\/17\/proyecto-de-transparencia-fiscal-reforma-7-leyes-para-mejorar-la-transparencia-en-la-gestion-publica-2\/#respond\"]}]},{\"@type\":\"WebPage\",\"@id\":\"https:\/\/www.participacionciudadana.org\/web\/2018\/07\/17\/proyecto-de-transparencia-fiscal-reforma-7-leyes-para-mejorar-la-transparencia-en-la-gestion-publica-2\/\",\"url\":\"https:\/\/www.participacionciudadana.org\/web\/2018\/07\/17\/proyecto-de-transparencia-fiscal-reforma-7-leyes-para-mejorar-la-transparencia-en-la-gestion-publica-2\/\",\"name\":\"Proyecto de Transparencia Fiscal reforma 8 leyes para mejorar la transparencia en la gesti\u00f3n p\u00fablica - Participaci\u00f3n Ciudadana\",\"isPartOf\":{\"@id\":\"https:\/\/www.participacionciudadana.org\/web\/#website\"},\"datePublished\":\"2018-07-17T17:25:26+00:00\",\"breadcrumb\":{\"@id\":\"https:\/\/www.participacionciudadana.org\/web\/2018\/07\/17\/proyecto-de-transparencia-fiscal-reforma-7-leyes-para-mejorar-la-transparencia-en-la-gestion-publica-2\/#breadcrumb\"},\"inLanguage\":\"es\",\"potentialAction\":[{\"@type\":\"ReadAction\",\"target\":[\"https:\/\/www.participacionciudadana.org\/web\/2018\/07\/17\/proyecto-de-transparencia-fiscal-reforma-7-leyes-para-mejorar-la-transparencia-en-la-gestion-publica-2\/\"]}]},{\"@type\":\"BreadcrumbList\",\"@id\":\"https:\/\/www.participacionciudadana.org\/web\/2018\/07\/17\/proyecto-de-transparencia-fiscal-reforma-7-leyes-para-mejorar-la-transparencia-en-la-gestion-publica-2\/#breadcrumb\",\"itemListElement\":[{\"@type\":\"ListItem\",\"position\":1,\"name\":\"Portada\",\"item\":\"https:\/\/www.participacionciudadana.org\/web\/\"},{\"@type\":\"ListItem\",\"position\":2,\"name\":\"Proyecto de Transparencia Fiscal reforma 8 leyes para mejorar la transparencia en la gesti\u00f3n p\u00fablica\"}]},{\"@type\":\"WebSite\",\"@id\":\"https:\/\/www.participacionciudadana.org\/web\/#website\",\"url\":\"https:\/\/www.participacionciudadana.org\/web\/\",\"name\":\"Participaci\u00f3n Ciudadana\",\"description\":\"Comprometidos con la democracia\",\"publisher\":{\"@id\":\"https:\/\/www.participacionciudadana.org\/web\/#organization\"},\"potentialAction\":[{\"@type\":\"SearchAction\",\"target\":{\"@type\":\"EntryPoint\",\"urlTemplate\":\"https:\/\/www.participacionciudadana.org\/web\/?s={search_term_string}\"},\"query-input\":{\"@type\":\"PropertyValueSpecification\",\"valueRequired\":true,\"valueName\":\"search_term_string\"}}],\"inLanguage\":\"es\"},{\"@type\":\"Organization\",\"@id\":\"https:\/\/www.participacionciudadana.org\/web\/#organization\",\"name\":\"Participaci\u00f3n Ciudadana\",\"url\":\"https:\/\/www.participacionciudadana.org\/web\/\",\"logo\":{\"@type\":\"ImageObject\",\"inLanguage\":\"es\",\"@id\":\"https:\/\/www.participacionciudadana.org\/web\/#\/schema\/logo\/image\/\",\"url\":\"https:\/\/www.participacionciudadana.org\/web\/wp-content\/uploads\/2021\/11\/cropped-logo_pc-1.png\",\"contentUrl\":\"https:\/\/www.participacionciudadana.org\/web\/wp-content\/uploads\/2021\/11\/cropped-logo_pc-1.png\",\"width\":340,\"height\":114,\"caption\":\"Participaci\u00f3n Ciudadana\"},\"image\":{\"@id\":\"https:\/\/www.participacionciudadana.org\/web\/#\/schema\/logo\/image\/\"},\"sameAs\":[\"https:\/\/www.facebook.com\/ParticipacionPC\/\",\"https:\/\/x.com\/ParticipacionPC\"]},{\"@type\":\"Person\",\"@id\":\"https:\/\/www.participacionciudadana.org\/web\/#\/schema\/person\/67ded4b29f4c10d217a0e025340d23ea\",\"name\":\"auzfabian\",\"image\":{\"@type\":\"ImageObject\",\"inLanguage\":\"es\",\"@id\":\"https:\/\/www.participacionciudadana.org\/web\/#\/schema\/person\/image\/\",\"url\":\"https:\/\/secure.gravatar.com\/avatar\/b07eacb2fae81fba8818d35abde16f5d26c3e833d77fabbeeb8d53523e796bde?s=96&d=mm&r=g\",\"contentUrl\":\"https:\/\/secure.gravatar.com\/avatar\/b07eacb2fae81fba8818d35abde16f5d26c3e833d77fabbeeb8d53523e796bde?s=96&d=mm&r=g\",\"caption\":\"auzfabian\"},\"sameAs\":[\"https:\/\/www.participacionciudadana.org\/web\"],\"url\":\"https:\/\/www.participacionciudadana.org\/web\/author\/auzfabian\/\"}]}<\/script>\n<!-- \/ Yoast SEO plugin. -->","yoast_head_json":{"title":"Proyecto de Transparencia Fiscal reforma 8 leyes para mejorar la transparencia en la gesti\u00f3n p\u00fablica - Participaci\u00f3n Ciudadana","robots":{"index":"index","follow":"follow","max-snippet":"max-snippet:-1","max-image-preview":"max-image-preview:large","max-video-preview":"max-video-preview:-1"},"canonical":"https:\/\/www.participacionciudadana.org\/web\/2018\/07\/17\/proyecto-de-transparencia-fiscal-reforma-7-leyes-para-mejorar-la-transparencia-en-la-gestion-publica-2\/","og_locale":"es_ES","og_type":"article","og_title":"Proyecto de Transparencia Fiscal reforma 8 leyes para mejorar la transparencia en la gesti\u00f3n p\u00fablica - Participaci\u00f3n Ciudadana","og_description":"Este mi\u00e9rcoles 18 de julio de 2018, la Corporaci\u00f3n Participaci\u00f3n Ciudadana, Cordes y los asamble\u00edstas que conforman la Coalici\u00f3n Legislativa por la Transparencia presentaron a la Presidenta de la Asamblea, Elizabeth Cabezas, el proyecto de Ley Org\u00e1nica de Transparencia Fiscal. La propuesta de Ley promueve la transparencia fiscal en la gesti\u00f3n de lo p\u00fablico en [&hellip;]","og_url":"https:\/\/www.participacionciudadana.org\/web\/2018\/07\/17\/proyecto-de-transparencia-fiscal-reforma-7-leyes-para-mejorar-la-transparencia-en-la-gestion-publica-2\/","og_site_name":"Participaci\u00f3n Ciudadana","article_publisher":"https:\/\/www.facebook.com\/ParticipacionPC\/","article_published_time":"2018-07-17T17:25:26+00:00","author":"auzfabian","twitter_card":"summary_large_image","twitter_creator":"@ParticipacionPC","twitter_site":"@ParticipacionPC","twitter_misc":{"Escrito por":"auzfabian","Tiempo de lectura":"3 minutos"},"schema":{"@context":"https:\/\/schema.org","@graph":[{"@type":"Article","@id":"https:\/\/www.participacionciudadana.org\/web\/2018\/07\/17\/proyecto-de-transparencia-fiscal-reforma-7-leyes-para-mejorar-la-transparencia-en-la-gestion-publica-2\/#article","isPartOf":{"@id":"https:\/\/www.participacionciudadana.org\/web\/2018\/07\/17\/proyecto-de-transparencia-fiscal-reforma-7-leyes-para-mejorar-la-transparencia-en-la-gestion-publica-2\/"},"author":{"name":"auzfabian","@id":"https:\/\/www.participacionciudadana.org\/web\/#\/schema\/person\/67ded4b29f4c10d217a0e025340d23ea"},"headline":"Proyecto de Transparencia Fiscal reforma 8 leyes para mejorar la transparencia en la gesti\u00f3n p\u00fablica","datePublished":"2018-07-17T17:25:26+00:00","mainEntityOfPage":{"@id":"https:\/\/www.participacionciudadana.org\/web\/2018\/07\/17\/proyecto-de-transparencia-fiscal-reforma-7-leyes-para-mejorar-la-transparencia-en-la-gestion-publica-2\/"},"wordCount":711,"commentCount":0,"publisher":{"@id":"https:\/\/www.participacionciudadana.org\/web\/#organization"},"articleSection":["Actualidad"],"inLanguage":"es","potentialAction":[{"@type":"CommentAction","name":"Comment","target":["https:\/\/www.participacionciudadana.org\/web\/2018\/07\/17\/proyecto-de-transparencia-fiscal-reforma-7-leyes-para-mejorar-la-transparencia-en-la-gestion-publica-2\/#respond"]}]},{"@type":"WebPage","@id":"https:\/\/www.participacionciudadana.org\/web\/2018\/07\/17\/proyecto-de-transparencia-fiscal-reforma-7-leyes-para-mejorar-la-transparencia-en-la-gestion-publica-2\/","url":"https:\/\/www.participacionciudadana.org\/web\/2018\/07\/17\/proyecto-de-transparencia-fiscal-reforma-7-leyes-para-mejorar-la-transparencia-en-la-gestion-publica-2\/","name":"Proyecto de Transparencia Fiscal reforma 8 leyes para mejorar la transparencia en la gesti\u00f3n p\u00fablica - Participaci\u00f3n Ciudadana","isPartOf":{"@id":"https:\/\/www.participacionciudadana.org\/web\/#website"},"datePublished":"2018-07-17T17:25:26+00:00","breadcrumb":{"@id":"https:\/\/www.participacionciudadana.org\/web\/2018\/07\/17\/proyecto-de-transparencia-fiscal-reforma-7-leyes-para-mejorar-la-transparencia-en-la-gestion-publica-2\/#breadcrumb"},"inLanguage":"es","potentialAction":[{"@type":"ReadAction","target":["https:\/\/www.participacionciudadana.org\/web\/2018\/07\/17\/proyecto-de-transparencia-fiscal-reforma-7-leyes-para-mejorar-la-transparencia-en-la-gestion-publica-2\/"]}]},{"@type":"BreadcrumbList","@id":"https:\/\/www.participacionciudadana.org\/web\/2018\/07\/17\/proyecto-de-transparencia-fiscal-reforma-7-leyes-para-mejorar-la-transparencia-en-la-gestion-publica-2\/#breadcrumb","itemListElement":[{"@type":"ListItem","position":1,"name":"Portada","item":"https:\/\/www.participacionciudadana.org\/web\/"},{"@type":"ListItem","position":2,"name":"Proyecto de Transparencia Fiscal reforma 8 leyes para mejorar la transparencia en la gesti\u00f3n p\u00fablica"}]},{"@type":"WebSite","@id":"https:\/\/www.participacionciudadana.org\/web\/#website","url":"https:\/\/www.participacionciudadana.org\/web\/","name":"Participaci\u00f3n Ciudadana","description":"Comprometidos con la democracia","publisher":{"@id":"https:\/\/www.participacionciudadana.org\/web\/#organization"},"potentialAction":[{"@type":"SearchAction","target":{"@type":"EntryPoint","urlTemplate":"https:\/\/www.participacionciudadana.org\/web\/?s={search_term_string}"},"query-input":{"@type":"PropertyValueSpecification","valueRequired":true,"valueName":"search_term_string"}}],"inLanguage":"es"},{"@type":"Organization","@id":"https:\/\/www.participacionciudadana.org\/web\/#organization","name":"Participaci\u00f3n Ciudadana","url":"https:\/\/www.participacionciudadana.org\/web\/","logo":{"@type":"ImageObject","inLanguage":"es","@id":"https:\/\/www.participacionciudadana.org\/web\/#\/schema\/logo\/image\/","url":"https:\/\/www.participacionciudadana.org\/web\/wp-content\/uploads\/2021\/11\/cropped-logo_pc-1.png","contentUrl":"https:\/\/www.participacionciudadana.org\/web\/wp-content\/uploads\/2021\/11\/cropped-logo_pc-1.png","width":340,"height":114,"caption":"Participaci\u00f3n Ciudadana"},"image":{"@id":"https:\/\/www.participacionciudadana.org\/web\/#\/schema\/logo\/image\/"},"sameAs":["https:\/\/www.facebook.com\/ParticipacionPC\/","https:\/\/x.com\/ParticipacionPC"]},{"@type":"Person","@id":"https:\/\/www.participacionciudadana.org\/web\/#\/schema\/person\/67ded4b29f4c10d217a0e025340d23ea","name":"auzfabian","image":{"@type":"ImageObject","inLanguage":"es","@id":"https:\/\/www.participacionciudadana.org\/web\/#\/schema\/person\/image\/","url":"https:\/\/secure.gravatar.com\/avatar\/b07eacb2fae81fba8818d35abde16f5d26c3e833d77fabbeeb8d53523e796bde?s=96&d=mm&r=g","contentUrl":"https:\/\/secure.gravatar.com\/avatar\/b07eacb2fae81fba8818d35abde16f5d26c3e833d77fabbeeb8d53523e796bde?s=96&d=mm&r=g","caption":"auzfabian"},"sameAs":["https:\/\/www.participacionciudadana.org\/web"],"url":"https:\/\/www.participacionciudadana.org\/web\/author\/auzfabian\/"}]}},"_links":{"self":[{"href":"https:\/\/www.participacionciudadana.org\/web\/wp-json\/wp\/v2\/posts\/1747","targetHints":{"allow":["GET"]}}],"collection":[{"href":"https:\/\/www.participacionciudadana.org\/web\/wp-json\/wp\/v2\/posts"}],"about":[{"href":"https:\/\/www.participacionciudadana.org\/web\/wp-json\/wp\/v2\/types\/post"}],"author":[{"embeddable":true,"href":"https:\/\/www.participacionciudadana.org\/web\/wp-json\/wp\/v2\/users\/1"}],"replies":[{"embeddable":true,"href":"https:\/\/www.participacionciudadana.org\/web\/wp-json\/wp\/v2\/comments?post=1747"}],"version-history":[{"count":0,"href":"https:\/\/www.participacionciudadana.org\/web\/wp-json\/wp\/v2\/posts\/1747\/revisions"}],"wp:attachment":[{"href":"https:\/\/www.participacionciudadana.org\/web\/wp-json\/wp\/v2\/media?parent=1747"}],"wp:term":[{"taxonomy":"category","embeddable":true,"href":"https:\/\/www.participacionciudadana.org\/web\/wp-json\/wp\/v2\/categories?post=1747"},{"taxonomy":"post_tag","embeddable":true,"href":"https:\/\/www.participacionciudadana.org\/web\/wp-json\/wp\/v2\/tags?post=1747"}],"curies":[{"name":"wp","href":"https:\/\/api.w.org\/{rel}","templated":true}]}}