{"id":1778,"date":"2019-02-04T14:40:14","date_gmt":"2019-02-04T19:40:14","guid":{"rendered":"https:\/\/www.participacionciudadana.org\/web\/2019\/02\/04\/proyecto-de-transparencia-fiscal-fue-acogido-por-la-comision-de-lo-economico-de-la-asamblea-nacional\/"},"modified":"2019-02-04T14:40:14","modified_gmt":"2019-02-04T19:40:14","slug":"proyecto-de-transparencia-fiscal-fue-acogido-por-la-comision-de-lo-economico-de-la-asamblea-nacional","status":"publish","type":"post","link":"https:\/\/www.participacionciudadana.org\/web\/2019\/02\/04\/proyecto-de-transparencia-fiscal-fue-acogido-por-la-comision-de-lo-economico-de-la-asamblea-nacional\/","title":{"rendered":"Proyecto de Transparencia Fiscal fue acogido por la Comisi\u00f3n de lo Econ\u00f3mico de la Asamblea Nacional"},"content":{"rendered":"<p style=\"margin: 10px 0px; padding: 0px; color: rgb(32, 32, 32); font-family: Helvetica; font-size: 16px; line-height: 24px; text-align: justify; background-color: rgb(255, 255, 255);\">Sin objeciones el mi\u00e9rcoles, 30 de enero,&nbsp;la Comisi\u00f3n de R\u00e9gimen Econ\u00f3mico de la Asamblea acogi\u00f3 nuestra propuesta de Ley de Trasparencia Fiscal, resultado del Trabajo t\u00e9cnico de 23 asamble\u00edstas que conforman la Coalici\u00f3n Legislativa por la Transparencia Fiscal y t\u00e9cnicos de Cordes y de nuestra organizaci\u00f3n.<\/p>\n<p>\u201cCon este conjunto de propuestas queremos el uso responsable de los fondos p\u00fablicos, relacionado con el manejo del presupuesto, concesi\u00f3n de industrias extractivas como miner\u00eda y petr\u00f3leo, sea una constante en Ecuador. Queremos que la transparencia caracterice el manejo de lo p\u00fablico, no el abuso y la opacidad\u201d, dijo Ruth Hidalgo, directora nuestra directora, Ruth Hidalgo.<\/p>\n<p>Nuestra propuesta de Ley, trabajada durante nueve meses de reuniones constantes, busca mayor participaci\u00f3n ciudadana y mayor responsabilidad estatal en el gasto p\u00fablico.<\/p>\n<p>Asamble\u00edsta Wilma Andrade, quien, a nombre de la Coalici\u00f3n Legislativa por la Transparencia, present\u00f3 la iniciativa en la Comisi\u00f3n de la Asamblea, dijo que \u201cfue grato presentar a nombre la Coalici\u00f3n Legislativa una propuesta que permitir\u00e1 un manejo presupuestario transparente y evaluar el uso adecuado de los recursos\u201d, dijo.<\/p>\n<p>La asamble\u00edsta Gabriela Larre\u00e1tegui, parte de la Comisi\u00f3n de R\u00e9gimen Econ\u00f3mico y de la Coalici\u00f3n, dijo que este proyecto ha sido cuidadosamente tratado con el equipo de asamble\u00edstas y que busca la transparencia, participaci\u00f3n ciudadana, rendici\u00f3n de cuentas y mayor responsabilidad estatal en el gasto p\u00fablico. &#8220;Trabajamos en muchas sesiones, es un trabajo muy serio y que redundar\u00e1 en el fortalecimiento de la transparencia.<\/p>\n<p>Ahora el proyecto deber\u00e1 ser abordado por la Comisi\u00f3n para elaborar el primer informe para el pleno de la Asamblea Nacional, previamente deber\u00e1 oficiar e invitar a que comparezcan a la Comisi\u00f3n todas autoridades y organismos vinculados a las reformas planteadas en la propuesta de Ley, a fin de recoger sus aportes para mejorar el contenido de la propuesta.<\/p>\n<p>La propuesta plantea reformar ocho cuerpos legales, tiene 32 art\u00edculos, ocho cap\u00edtulos:<\/p>\n<ol style=\"color: rgb(32, 32, 32); font-family: Helvetica; font-size: 16px; background-color: rgb(255, 255, 255);\">\n<li style=\"margin-left: 15px;\">C\u00f3digo Org\u00e1nico Monetario y Financiero<\/li>\n<li style=\"margin-left: 15px;\">C\u00f3digo Org\u00e1nico de Planificaci\u00f3n y Finanzas P\u00fablicas.<\/li>\n<li style=\"margin-left: 15px;\">Reformas a la Ley Org\u00e1nica de la Funci\u00f3n Legislativa.<\/li>\n<li style=\"margin-left: 15px;\">Ley org\u00e1nica de la Contralor\u00eda General del Estado<\/li>\n<li style=\"margin-left: 15px;\">Reformas a la Ley Org\u00e1nica de Transparencia y Acceso a la Informaci\u00f3n p\u00fablica, Lotaip.<\/li>\n<li style=\"margin-left: 15px;\">Ley de contrataci\u00f3n P\u00fablica<\/li>\n<li style=\"margin-left: 15px;\">Ley de Miner\u00eda<\/li>\n<li style=\"margin-left: 15px;\">Ley de Hidrocarburos.<\/li>\n<\/ol>\n<p><iframe allow=\"accelerometer; autoplay; encrypted-media; gyroscope; picture-in-picture\" allowfullscreen=\"\" frameborder=\"0\" height=\"315\" src=\"https:\/\/www.youtube.com\/embed\/qsbBVtXlilA\" width=\"560\"><\/iframe><\/p>\n","protected":false},"excerpt":{"rendered":"<p>Sin objeciones el mi\u00e9rcoles, 30 de enero,&nbsp;la Comisi\u00f3n de R\u00e9gimen Econ\u00f3mico de la Asamblea acogi\u00f3 nuestra propuesta de Ley de Trasparencia Fiscal, resultado del Trabajo t\u00e9cnico de 23 asamble\u00edstas que conforman la Coalici\u00f3n Legislativa por la Transparencia Fiscal y t\u00e9cnicos de Cordes y de nuestra organizaci\u00f3n. \u201cCon este conjunto de propuestas queremos el uso responsable [&hellip;]<\/p>\n","protected":false},"author":1,"featured_media":0,"comment_status":"open","ping_status":"open","sticky":false,"template":"","format":"standard","meta":{"site-sidebar-layout":"default","site-content-layout":"","ast-site-content-layout":"default","site-content-style":"default","site-sidebar-style":"default","ast-global-header-display":"","ast-banner-title-visibility":"","ast-main-header-display":"","ast-hfb-above-header-display":"","ast-hfb-below-header-display":"","ast-hfb-mobile-header-display":"","site-post-title":"","ast-breadcrumbs-content":"","ast-featured-img":"","footer-sml-layout":"","ast-disable-related-posts":"","theme-transparent-header-meta":"","adv-header-id-meta":"","stick-header-meta":"","header-above-stick-meta":"","header-main-stick-meta":"","header-below-stick-meta":"","astra-migrate-meta-layouts":"default","ast-page-background-enabled":"default","ast-page-background-meta":{"desktop":{"background-color":"","background-image":"","background-repeat":"repeat","background-position":"center center","background-size":"auto","background-attachment":"scroll","background-type":"","background-media":"","overlay-type":"","overlay-color":"","overlay-opacity":"","overlay-gradient":""},"tablet":{"background-color":"","background-image":"","background-repeat":"repeat","background-position":"center center","background-size":"auto","background-attachment":"scroll","background-type":"","background-media":"","overlay-type":"","overlay-color":"","overlay-opacity":"","overlay-gradient":""},"mobile":{"background-color":"","background-image":"","background-repeat":"repeat","background-position":"center center","background-size":"auto","background-attachment":"scroll","background-type":"","background-media":"","overlay-type":"","overlay-color":"","overlay-opacity":"","overlay-gradient":""}},"ast-content-background-meta":{"desktop":{"background-color":"var(--ast-global-color-5)","background-image":"","background-repeat":"repeat","background-position":"center center","background-size":"auto","background-attachment":"scroll","background-type":"","background-media":"","overlay-type":"","overlay-color":"","overlay-opacity":"","overlay-gradient":""},"tablet":{"background-color":"var(--ast-global-color-5)","background-image":"","background-repeat":"repeat","background-position":"center center","background-size":"auto","background-attachment":"scroll","background-type":"","background-media":"","overlay-type":"","overlay-color":"","overlay-opacity":"","overlay-gradient":""},"mobile":{"background-color":"var(--ast-global-color-5)","background-image":"","background-repeat":"repeat","background-position":"center center","background-size":"auto","background-attachment":"scroll","background-type":"","background-media":"","overlay-type":"","overlay-color":"","overlay-opacity":"","overlay-gradient":""}},"_joinchat":[],"footnotes":""},"categories":[16],"tags":[],"class_list":["post-1778","post","type-post","status-publish","format-standard","hentry","category-actualidad"],"yoast_head":"<!-- This site is optimized with the Yoast SEO plugin v26.5 - https:\/\/yoast.com\/wordpress\/plugins\/seo\/ -->\n<title>Proyecto de Transparencia Fiscal fue acogido por la Comisi\u00f3n de lo Econ\u00f3mico de la Asamblea Nacional - Participaci\u00f3n Ciudadana<\/title>\n<meta name=\"robots\" content=\"index, follow, max-snippet:-1, max-image-preview:large, max-video-preview:-1\" \/>\n<link rel=\"canonical\" href=\"https:\/\/www.participacionciudadana.org\/web\/2019\/02\/04\/proyecto-de-transparencia-fiscal-fue-acogido-por-la-comision-de-lo-economico-de-la-asamblea-nacional\/\" \/>\n<meta property=\"og:locale\" content=\"es_ES\" \/>\n<meta property=\"og:type\" content=\"article\" \/>\n<meta property=\"og:title\" content=\"Proyecto de Transparencia Fiscal fue acogido por la Comisi\u00f3n de lo Econ\u00f3mico de la Asamblea Nacional - Participaci\u00f3n Ciudadana\" \/>\n<meta property=\"og:description\" content=\"Sin objeciones el mi\u00e9rcoles, 30 de enero,&nbsp;la Comisi\u00f3n de R\u00e9gimen Econ\u00f3mico de la Asamblea acogi\u00f3 nuestra propuesta de Ley de Trasparencia Fiscal, resultado del Trabajo t\u00e9cnico de 23 asamble\u00edstas que conforman la Coalici\u00f3n Legislativa por la Transparencia Fiscal y t\u00e9cnicos de Cordes y de nuestra organizaci\u00f3n. \u201cCon este conjunto de propuestas queremos el uso responsable [&hellip;]\" \/>\n<meta property=\"og:url\" content=\"https:\/\/www.participacionciudadana.org\/web\/2019\/02\/04\/proyecto-de-transparencia-fiscal-fue-acogido-por-la-comision-de-lo-economico-de-la-asamblea-nacional\/\" \/>\n<meta property=\"og:site_name\" content=\"Participaci\u00f3n Ciudadana\" \/>\n<meta property=\"article:publisher\" content=\"https:\/\/www.facebook.com\/ParticipacionPC\/\" \/>\n<meta property=\"article:published_time\" content=\"2019-02-04T19:40:14+00:00\" \/>\n<meta name=\"author\" content=\"auzfabian\" \/>\n<meta name=\"twitter:card\" content=\"summary_large_image\" \/>\n<meta name=\"twitter:creator\" content=\"@ParticipacionPC\" \/>\n<meta name=\"twitter:site\" content=\"@ParticipacionPC\" \/>\n<meta name=\"twitter:label1\" content=\"Escrito por\" \/>\n\t<meta name=\"twitter:data1\" content=\"auzfabian\" \/>\n\t<meta name=\"twitter:label2\" content=\"Tiempo de lectura\" \/>\n\t<meta name=\"twitter:data2\" content=\"2 minutos\" \/>\n<script type=\"application\/ld+json\" class=\"yoast-schema-graph\">{\"@context\":\"https:\/\/schema.org\",\"@graph\":[{\"@type\":\"Article\",\"@id\":\"https:\/\/www.participacionciudadana.org\/web\/2019\/02\/04\/proyecto-de-transparencia-fiscal-fue-acogido-por-la-comision-de-lo-economico-de-la-asamblea-nacional\/#article\",\"isPartOf\":{\"@id\":\"https:\/\/www.participacionciudadana.org\/web\/2019\/02\/04\/proyecto-de-transparencia-fiscal-fue-acogido-por-la-comision-de-lo-economico-de-la-asamblea-nacional\/\"},\"author\":{\"name\":\"auzfabian\",\"@id\":\"https:\/\/www.participacionciudadana.org\/web\/#\/schema\/person\/67ded4b29f4c10d217a0e025340d23ea\"},\"headline\":\"Proyecto de Transparencia Fiscal fue acogido por la Comisi\u00f3n de lo Econ\u00f3mico de la Asamblea Nacional\",\"datePublished\":\"2019-02-04T19:40:14+00:00\",\"mainEntityOfPage\":{\"@id\":\"https:\/\/www.participacionciudadana.org\/web\/2019\/02\/04\/proyecto-de-transparencia-fiscal-fue-acogido-por-la-comision-de-lo-economico-de-la-asamblea-nacional\/\"},\"wordCount\":429,\"commentCount\":0,\"publisher\":{\"@id\":\"https:\/\/www.participacionciudadana.org\/web\/#organization\"},\"articleSection\":[\"Actualidad\"],\"inLanguage\":\"es\",\"potentialAction\":[{\"@type\":\"CommentAction\",\"name\":\"Comment\",\"target\":[\"https:\/\/www.participacionciudadana.org\/web\/2019\/02\/04\/proyecto-de-transparencia-fiscal-fue-acogido-por-la-comision-de-lo-economico-de-la-asamblea-nacional\/#respond\"]}]},{\"@type\":\"WebPage\",\"@id\":\"https:\/\/www.participacionciudadana.org\/web\/2019\/02\/04\/proyecto-de-transparencia-fiscal-fue-acogido-por-la-comision-de-lo-economico-de-la-asamblea-nacional\/\",\"url\":\"https:\/\/www.participacionciudadana.org\/web\/2019\/02\/04\/proyecto-de-transparencia-fiscal-fue-acogido-por-la-comision-de-lo-economico-de-la-asamblea-nacional\/\",\"name\":\"Proyecto de Transparencia Fiscal fue acogido por la Comisi\u00f3n de lo Econ\u00f3mico de la Asamblea Nacional - Participaci\u00f3n Ciudadana\",\"isPartOf\":{\"@id\":\"https:\/\/www.participacionciudadana.org\/web\/#website\"},\"datePublished\":\"2019-02-04T19:40:14+00:00\",\"breadcrumb\":{\"@id\":\"https:\/\/www.participacionciudadana.org\/web\/2019\/02\/04\/proyecto-de-transparencia-fiscal-fue-acogido-por-la-comision-de-lo-economico-de-la-asamblea-nacional\/#breadcrumb\"},\"inLanguage\":\"es\",\"potentialAction\":[{\"@type\":\"ReadAction\",\"target\":[\"https:\/\/www.participacionciudadana.org\/web\/2019\/02\/04\/proyecto-de-transparencia-fiscal-fue-acogido-por-la-comision-de-lo-economico-de-la-asamblea-nacional\/\"]}]},{\"@type\":\"BreadcrumbList\",\"@id\":\"https:\/\/www.participacionciudadana.org\/web\/2019\/02\/04\/proyecto-de-transparencia-fiscal-fue-acogido-por-la-comision-de-lo-economico-de-la-asamblea-nacional\/#breadcrumb\",\"itemListElement\":[{\"@type\":\"ListItem\",\"position\":1,\"name\":\"Portada\",\"item\":\"https:\/\/www.participacionciudadana.org\/web\/\"},{\"@type\":\"ListItem\",\"position\":2,\"name\":\"Proyecto de Transparencia Fiscal fue acogido por la Comisi\u00f3n de lo Econ\u00f3mico de la Asamblea Nacional\"}]},{\"@type\":\"WebSite\",\"@id\":\"https:\/\/www.participacionciudadana.org\/web\/#website\",\"url\":\"https:\/\/www.participacionciudadana.org\/web\/\",\"name\":\"Participaci\u00f3n Ciudadana\",\"description\":\"Comprometidos con la democracia\",\"publisher\":{\"@id\":\"https:\/\/www.participacionciudadana.org\/web\/#organization\"},\"potentialAction\":[{\"@type\":\"SearchAction\",\"target\":{\"@type\":\"EntryPoint\",\"urlTemplate\":\"https:\/\/www.participacionciudadana.org\/web\/?s={search_term_string}\"},\"query-input\":{\"@type\":\"PropertyValueSpecification\",\"valueRequired\":true,\"valueName\":\"search_term_string\"}}],\"inLanguage\":\"es\"},{\"@type\":\"Organization\",\"@id\":\"https:\/\/www.participacionciudadana.org\/web\/#organization\",\"name\":\"Participaci\u00f3n Ciudadana\",\"url\":\"https:\/\/www.participacionciudadana.org\/web\/\",\"logo\":{\"@type\":\"ImageObject\",\"inLanguage\":\"es\",\"@id\":\"https:\/\/www.participacionciudadana.org\/web\/#\/schema\/logo\/image\/\",\"url\":\"https:\/\/www.participacionciudadana.org\/web\/wp-content\/uploads\/2021\/11\/cropped-logo_pc-1.png\",\"contentUrl\":\"https:\/\/www.participacionciudadana.org\/web\/wp-content\/uploads\/2021\/11\/cropped-logo_pc-1.png\",\"width\":340,\"height\":114,\"caption\":\"Participaci\u00f3n Ciudadana\"},\"image\":{\"@id\":\"https:\/\/www.participacionciudadana.org\/web\/#\/schema\/logo\/image\/\"},\"sameAs\":[\"https:\/\/www.facebook.com\/ParticipacionPC\/\",\"https:\/\/x.com\/ParticipacionPC\"]},{\"@type\":\"Person\",\"@id\":\"https:\/\/www.participacionciudadana.org\/web\/#\/schema\/person\/67ded4b29f4c10d217a0e025340d23ea\",\"name\":\"auzfabian\",\"image\":{\"@type\":\"ImageObject\",\"inLanguage\":\"es\",\"@id\":\"https:\/\/www.participacionciudadana.org\/web\/#\/schema\/person\/image\/\",\"url\":\"https:\/\/secure.gravatar.com\/avatar\/b07eacb2fae81fba8818d35abde16f5d26c3e833d77fabbeeb8d53523e796bde?s=96&d=mm&r=g\",\"contentUrl\":\"https:\/\/secure.gravatar.com\/avatar\/b07eacb2fae81fba8818d35abde16f5d26c3e833d77fabbeeb8d53523e796bde?s=96&d=mm&r=g\",\"caption\":\"auzfabian\"},\"sameAs\":[\"https:\/\/www.participacionciudadana.org\/web\"],\"url\":\"https:\/\/www.participacionciudadana.org\/web\/author\/auzfabian\/\"}]}<\/script>\n<!-- \/ Yoast SEO plugin. -->","yoast_head_json":{"title":"Proyecto de Transparencia Fiscal fue acogido por la Comisi\u00f3n de lo Econ\u00f3mico de la Asamblea Nacional - Participaci\u00f3n Ciudadana","robots":{"index":"index","follow":"follow","max-snippet":"max-snippet:-1","max-image-preview":"max-image-preview:large","max-video-preview":"max-video-preview:-1"},"canonical":"https:\/\/www.participacionciudadana.org\/web\/2019\/02\/04\/proyecto-de-transparencia-fiscal-fue-acogido-por-la-comision-de-lo-economico-de-la-asamblea-nacional\/","og_locale":"es_ES","og_type":"article","og_title":"Proyecto de Transparencia Fiscal fue acogido por la Comisi\u00f3n de lo Econ\u00f3mico de la Asamblea Nacional - Participaci\u00f3n Ciudadana","og_description":"Sin objeciones el mi\u00e9rcoles, 30 de enero,&nbsp;la Comisi\u00f3n de R\u00e9gimen Econ\u00f3mico de la Asamblea acogi\u00f3 nuestra propuesta de Ley de Trasparencia Fiscal, resultado del Trabajo t\u00e9cnico de 23 asamble\u00edstas que conforman la Coalici\u00f3n Legislativa por la Transparencia Fiscal y t\u00e9cnicos de Cordes y de nuestra organizaci\u00f3n. \u201cCon este conjunto de propuestas queremos el uso responsable [&hellip;]","og_url":"https:\/\/www.participacionciudadana.org\/web\/2019\/02\/04\/proyecto-de-transparencia-fiscal-fue-acogido-por-la-comision-de-lo-economico-de-la-asamblea-nacional\/","og_site_name":"Participaci\u00f3n Ciudadana","article_publisher":"https:\/\/www.facebook.com\/ParticipacionPC\/","article_published_time":"2019-02-04T19:40:14+00:00","author":"auzfabian","twitter_card":"summary_large_image","twitter_creator":"@ParticipacionPC","twitter_site":"@ParticipacionPC","twitter_misc":{"Escrito por":"auzfabian","Tiempo de lectura":"2 minutos"},"schema":{"@context":"https:\/\/schema.org","@graph":[{"@type":"Article","@id":"https:\/\/www.participacionciudadana.org\/web\/2019\/02\/04\/proyecto-de-transparencia-fiscal-fue-acogido-por-la-comision-de-lo-economico-de-la-asamblea-nacional\/#article","isPartOf":{"@id":"https:\/\/www.participacionciudadana.org\/web\/2019\/02\/04\/proyecto-de-transparencia-fiscal-fue-acogido-por-la-comision-de-lo-economico-de-la-asamblea-nacional\/"},"author":{"name":"auzfabian","@id":"https:\/\/www.participacionciudadana.org\/web\/#\/schema\/person\/67ded4b29f4c10d217a0e025340d23ea"},"headline":"Proyecto de Transparencia Fiscal fue acogido por la Comisi\u00f3n de lo Econ\u00f3mico de la Asamblea Nacional","datePublished":"2019-02-04T19:40:14+00:00","mainEntityOfPage":{"@id":"https:\/\/www.participacionciudadana.org\/web\/2019\/02\/04\/proyecto-de-transparencia-fiscal-fue-acogido-por-la-comision-de-lo-economico-de-la-asamblea-nacional\/"},"wordCount":429,"commentCount":0,"publisher":{"@id":"https:\/\/www.participacionciudadana.org\/web\/#organization"},"articleSection":["Actualidad"],"inLanguage":"es","potentialAction":[{"@type":"CommentAction","name":"Comment","target":["https:\/\/www.participacionciudadana.org\/web\/2019\/02\/04\/proyecto-de-transparencia-fiscal-fue-acogido-por-la-comision-de-lo-economico-de-la-asamblea-nacional\/#respond"]}]},{"@type":"WebPage","@id":"https:\/\/www.participacionciudadana.org\/web\/2019\/02\/04\/proyecto-de-transparencia-fiscal-fue-acogido-por-la-comision-de-lo-economico-de-la-asamblea-nacional\/","url":"https:\/\/www.participacionciudadana.org\/web\/2019\/02\/04\/proyecto-de-transparencia-fiscal-fue-acogido-por-la-comision-de-lo-economico-de-la-asamblea-nacional\/","name":"Proyecto de Transparencia Fiscal fue acogido por la Comisi\u00f3n de lo Econ\u00f3mico de la Asamblea Nacional - Participaci\u00f3n Ciudadana","isPartOf":{"@id":"https:\/\/www.participacionciudadana.org\/web\/#website"},"datePublished":"2019-02-04T19:40:14+00:00","breadcrumb":{"@id":"https:\/\/www.participacionciudadana.org\/web\/2019\/02\/04\/proyecto-de-transparencia-fiscal-fue-acogido-por-la-comision-de-lo-economico-de-la-asamblea-nacional\/#breadcrumb"},"inLanguage":"es","potentialAction":[{"@type":"ReadAction","target":["https:\/\/www.participacionciudadana.org\/web\/2019\/02\/04\/proyecto-de-transparencia-fiscal-fue-acogido-por-la-comision-de-lo-economico-de-la-asamblea-nacional\/"]}]},{"@type":"BreadcrumbList","@id":"https:\/\/www.participacionciudadana.org\/web\/2019\/02\/04\/proyecto-de-transparencia-fiscal-fue-acogido-por-la-comision-de-lo-economico-de-la-asamblea-nacional\/#breadcrumb","itemListElement":[{"@type":"ListItem","position":1,"name":"Portada","item":"https:\/\/www.participacionciudadana.org\/web\/"},{"@type":"ListItem","position":2,"name":"Proyecto de Transparencia Fiscal fue acogido por la Comisi\u00f3n de lo Econ\u00f3mico de la Asamblea Nacional"}]},{"@type":"WebSite","@id":"https:\/\/www.participacionciudadana.org\/web\/#website","url":"https:\/\/www.participacionciudadana.org\/web\/","name":"Participaci\u00f3n Ciudadana","description":"Comprometidos con la democracia","publisher":{"@id":"https:\/\/www.participacionciudadana.org\/web\/#organization"},"potentialAction":[{"@type":"SearchAction","target":{"@type":"EntryPoint","urlTemplate":"https:\/\/www.participacionciudadana.org\/web\/?s={search_term_string}"},"query-input":{"@type":"PropertyValueSpecification","valueRequired":true,"valueName":"search_term_string"}}],"inLanguage":"es"},{"@type":"Organization","@id":"https:\/\/www.participacionciudadana.org\/web\/#organization","name":"Participaci\u00f3n Ciudadana","url":"https:\/\/www.participacionciudadana.org\/web\/","logo":{"@type":"ImageObject","inLanguage":"es","@id":"https:\/\/www.participacionciudadana.org\/web\/#\/schema\/logo\/image\/","url":"https:\/\/www.participacionciudadana.org\/web\/wp-content\/uploads\/2021\/11\/cropped-logo_pc-1.png","contentUrl":"https:\/\/www.participacionciudadana.org\/web\/wp-content\/uploads\/2021\/11\/cropped-logo_pc-1.png","width":340,"height":114,"caption":"Participaci\u00f3n Ciudadana"},"image":{"@id":"https:\/\/www.participacionciudadana.org\/web\/#\/schema\/logo\/image\/"},"sameAs":["https:\/\/www.facebook.com\/ParticipacionPC\/","https:\/\/x.com\/ParticipacionPC"]},{"@type":"Person","@id":"https:\/\/www.participacionciudadana.org\/web\/#\/schema\/person\/67ded4b29f4c10d217a0e025340d23ea","name":"auzfabian","image":{"@type":"ImageObject","inLanguage":"es","@id":"https:\/\/www.participacionciudadana.org\/web\/#\/schema\/person\/image\/","url":"https:\/\/secure.gravatar.com\/avatar\/b07eacb2fae81fba8818d35abde16f5d26c3e833d77fabbeeb8d53523e796bde?s=96&d=mm&r=g","contentUrl":"https:\/\/secure.gravatar.com\/avatar\/b07eacb2fae81fba8818d35abde16f5d26c3e833d77fabbeeb8d53523e796bde?s=96&d=mm&r=g","caption":"auzfabian"},"sameAs":["https:\/\/www.participacionciudadana.org\/web"],"url":"https:\/\/www.participacionciudadana.org\/web\/author\/auzfabian\/"}]}},"_links":{"self":[{"href":"https:\/\/www.participacionciudadana.org\/web\/wp-json\/wp\/v2\/posts\/1778","targetHints":{"allow":["GET"]}}],"collection":[{"href":"https:\/\/www.participacionciudadana.org\/web\/wp-json\/wp\/v2\/posts"}],"about":[{"href":"https:\/\/www.participacionciudadana.org\/web\/wp-json\/wp\/v2\/types\/post"}],"author":[{"embeddable":true,"href":"https:\/\/www.participacionciudadana.org\/web\/wp-json\/wp\/v2\/users\/1"}],"replies":[{"embeddable":true,"href":"https:\/\/www.participacionciudadana.org\/web\/wp-json\/wp\/v2\/comments?post=1778"}],"version-history":[{"count":0,"href":"https:\/\/www.participacionciudadana.org\/web\/wp-json\/wp\/v2\/posts\/1778\/revisions"}],"wp:attachment":[{"href":"https:\/\/www.participacionciudadana.org\/web\/wp-json\/wp\/v2\/media?parent=1778"}],"wp:term":[{"taxonomy":"category","embeddable":true,"href":"https:\/\/www.participacionciudadana.org\/web\/wp-json\/wp\/v2\/categories?post=1778"},{"taxonomy":"post_tag","embeddable":true,"href":"https:\/\/www.participacionciudadana.org\/web\/wp-json\/wp\/v2\/tags?post=1778"}],"curies":[{"name":"wp","href":"https:\/\/api.w.org\/{rel}","templated":true}]}}