{"id":1786,"date":"2019-02-13T12:50:57","date_gmt":"2019-02-13T17:50:57","guid":{"rendered":"https:\/\/www.participacionciudadana.org\/web\/2019\/02\/13\/publicidad-oficial-durante-las-elecciones-2019\/"},"modified":"2019-02-13T12:50:57","modified_gmt":"2019-02-13T17:50:57","slug":"publicidad-oficial-durante-las-elecciones-2019","status":"publish","type":"post","link":"https:\/\/www.participacionciudadana.org\/web\/2019\/02\/13\/publicidad-oficial-durante-las-elecciones-2019\/","title":{"rendered":"Publicidad oficial durante las Elecciones 2019"},"content":{"rendered":"<ol>\n<li align=\"center\" style=\"text-align:center;\" value=\"NaN\"><strong><span style=\"font-family:arial,sans-serif;\"><span style=\"font-size:10.0pt;\"><\/span><\/span><\/strong><strong><span style=\"font-family:arial,sans-serif;\"><span style=\"font-size:10.0pt;\">Publicidad Oficial (Estatal, Nacional y Seccional)<\/span><\/span><\/strong><\/li>\n<\/ol>\n<p style=\"margin-left:36.0pt;\">&nbsp;<\/p>\n<p align=\"center\" style=\"margin-left:36.0pt;text-align:center;\"><strong><span style=\"font-family:arial,sans-serif;\"><span style=\"font-size:10.0pt;\">INFORME PRIMERA SEMANA<\/span><\/span><\/strong><\/p>\n<p align=\"center\" style=\"margin-left:36.0pt;text-align:center;\"><strong><span style=\"font-family:arial,sans-serif;\"><span style=\"font-size:10.0pt;\">(05 de febrero al 10 febrero de 2019)<\/span><\/span><\/strong><\/p>\n<p style=\"text-align:justify;\"><span style=\"letter-spacing:.1pt;\"><span style=\"font-family:arial,sans-serif;\"><span style=\"font-size:11.0pt;\">El <\/span><\/span><\/span><span style=\"letter-spacing:-.05pt;\"><span style=\"font-family:arial,sans-serif;\"><span style=\"font-size:11.0pt;\">C<\/span><\/span><\/span><span style=\"font-family:arial,sans-serif;\"><span style=\"font-size:11.0pt;\">e<span style=\"letter-spacing:-.05pt;\">nt<\/span><span style=\"letter-spacing:.05pt;\">r<\/span>o de <span style=\"letter-spacing:-.2pt;\">M<\/span>o<span style=\"letter-spacing:-.05pt;\">ni<\/span><span style=\"letter-spacing:.05pt;\">t<\/span>oreo de <span style=\"letter-spacing:-.2pt;\">M<\/span>e<span style=\"letter-spacing:-.05pt;\">di<\/span>os de<span style=\"letter-spacing:.1pt;\"> la Corporaci\u00f3n <\/span><span style=\"letter-spacing:-.05pt;\">P<\/span>ar<span style=\"letter-spacing:.05pt;\">t<\/span><span style=\"letter-spacing:-.05pt;\">i<\/span>c<span style=\"letter-spacing:-.05pt;\">i<\/span>p<span style=\"letter-spacing:-.05pt;\">a<\/span>c<span style=\"letter-spacing:-.05pt;\">i<\/span>\u00f3n <span style=\"letter-spacing:-.05pt;\">Ci<\/span>u<span style=\"letter-spacing:-.05pt;\">d<\/span>a<span style=\"letter-spacing:-.05pt;\">d<\/span>a<span style=\"letter-spacing:-.05pt;\">n<\/span>a presenta el informe de <strong>publicidad oficial<\/strong> en la primera semana de campa\u00f1a electoral, en los 11 canales de televisi\u00f3n monitoreados:<\/span><\/span><span style=\"font-family:arial,sans-serif;\"><span style=\"font-size:11.0pt;\"><\/span><\/span><\/p>\n<p style=\"text-align:justify;\">&nbsp;<\/p>\n<p style=\"text-align:justify;\">Lee el <a data-link-type=\"custom\" href=\"https:\/\/participacionciudadana.org\/papers\/INFORME%20REPORTE%20PUBLICIDAD%20OFICIAL.pdf\" target=\"_blank\" title=\"\" rel=\"noopener\">informe completo aqu\u00ed<\/a><\/p>\n<p style=\"text-align:justify;\"><span style=\"font-family:arial,sans-serif;\"><span style=\"font-size:10.0pt;\"><\/span><\/span><strong><span style=\"font-family:arial,sans-serif;\"><span style=\"font-size:11.0pt;\"><\/span><\/span><\/strong><strong><span style=\"font-family:arial,sans-serif;\"><span style=\"font-size:11.0pt;\"><\/span><\/span><\/strong><\/p>\n","protected":false},"excerpt":{"rendered":"<p>Publicidad Oficial (Estatal, Nacional y Seccional) &nbsp; INFORME PRIMERA SEMANA (05 de febrero al 10 febrero de 2019) El Centro de Monitoreo de Medios de la Corporaci\u00f3n Participaci\u00f3n Ciudadana presenta el informe de publicidad oficial en la primera semana de campa\u00f1a electoral, en los 11 canales de televisi\u00f3n monitoreados: &nbsp; Lee el informe completo aqu\u00ed<\/p>\n","protected":false},"author":1,"featured_media":0,"comment_status":"open","ping_status":"open","sticky":false,"template":"","format":"standard","meta":{"site-sidebar-layout":"default","site-content-layout":"","ast-site-content-layout":"default","site-content-style":"default","site-sidebar-style":"default","ast-global-header-display":"","ast-banner-title-visibility":"","ast-main-header-display":"","ast-hfb-above-header-display":"","ast-hfb-below-header-display":"","ast-hfb-mobile-header-display":"","site-post-title":"","ast-breadcrumbs-content":"","ast-featured-img":"","footer-sml-layout":"","ast-disable-related-posts":"","theme-transparent-header-meta":"","adv-header-id-meta":"","stick-header-meta":"","header-above-stick-meta":"","header-main-stick-meta":"","header-below-stick-meta":"","astra-migrate-meta-layouts":"default","ast-page-background-enabled":"default","ast-page-background-meta":{"desktop":{"background-color":"","background-image":"","background-repeat":"repeat","background-position":"center center","background-size":"auto","background-attachment":"scroll","background-type":"","background-media":"","overlay-type":"","overlay-color":"","overlay-opacity":"","overlay-gradient":""},"tablet":{"background-color":"","background-image":"","background-repeat":"repeat","background-position":"center center","background-size":"auto","background-attachment":"scroll","background-type":"","background-media":"","overlay-type":"","overlay-color":"","overlay-opacity":"","overlay-gradient":""},"mobile":{"background-color":"","background-image":"","background-repeat":"repeat","background-position":"center center","background-size":"auto","background-attachment":"scroll","background-type":"","background-media":"","overlay-type":"","overlay-color":"","overlay-opacity":"","overlay-gradient":""}},"ast-content-background-meta":{"desktop":{"background-color":"var(--ast-global-color-5)","background-image":"","background-repeat":"repeat","background-position":"center center","background-size":"auto","background-attachment":"scroll","background-type":"","background-media":"","overlay-type":"","overlay-color":"","overlay-opacity":"","overlay-gradient":""},"tablet":{"background-color":"var(--ast-global-color-5)","background-image":"","background-repeat":"repeat","background-position":"center center","background-size":"auto","background-attachment":"scroll","background-type":"","background-media":"","overlay-type":"","overlay-color":"","overlay-opacity":"","overlay-gradient":""},"mobile":{"background-color":"var(--ast-global-color-5)","background-image":"","background-repeat":"repeat","background-position":"center center","background-size":"auto","background-attachment":"scroll","background-type":"","background-media":"","overlay-type":"","overlay-color":"","overlay-opacity":"","overlay-gradient":""}},"_joinchat":[],"footnotes":""},"categories":[16],"tags":[],"class_list":["post-1786","post","type-post","status-publish","format-standard","hentry","category-actualidad"],"yoast_head":"<!-- This site is optimized with the Yoast SEO plugin v26.5 - https:\/\/yoast.com\/wordpress\/plugins\/seo\/ -->\n<title>Publicidad oficial durante las Elecciones 2019 - Participaci\u00f3n Ciudadana<\/title>\n<meta name=\"robots\" content=\"index, follow, max-snippet:-1, max-image-preview:large, max-video-preview:-1\" \/>\n<link rel=\"canonical\" href=\"https:\/\/www.participacionciudadana.org\/web\/2019\/02\/13\/publicidad-oficial-durante-las-elecciones-2019\/\" \/>\n<meta property=\"og:locale\" content=\"es_ES\" \/>\n<meta property=\"og:type\" content=\"article\" \/>\n<meta property=\"og:title\" content=\"Publicidad oficial durante las Elecciones 2019 - Participaci\u00f3n Ciudadana\" \/>\n<meta property=\"og:description\" content=\"Publicidad Oficial (Estatal, Nacional y Seccional) &nbsp; INFORME PRIMERA SEMANA (05 de febrero al 10 febrero de 2019) El Centro de Monitoreo de Medios de la Corporaci\u00f3n Participaci\u00f3n Ciudadana presenta el informe de publicidad oficial en la primera semana de campa\u00f1a electoral, en los 11 canales de televisi\u00f3n monitoreados: &nbsp; Lee el informe completo aqu\u00ed\" \/>\n<meta property=\"og:url\" content=\"https:\/\/www.participacionciudadana.org\/web\/2019\/02\/13\/publicidad-oficial-durante-las-elecciones-2019\/\" \/>\n<meta property=\"og:site_name\" content=\"Participaci\u00f3n Ciudadana\" \/>\n<meta property=\"article:publisher\" content=\"https:\/\/www.facebook.com\/ParticipacionPC\/\" \/>\n<meta property=\"article:published_time\" content=\"2019-02-13T17:50:57+00:00\" \/>\n<meta name=\"author\" content=\"auzfabian\" \/>\n<meta name=\"twitter:card\" content=\"summary_large_image\" \/>\n<meta name=\"twitter:creator\" content=\"@ParticipacionPC\" \/>\n<meta name=\"twitter:site\" content=\"@ParticipacionPC\" \/>\n<meta name=\"twitter:label1\" content=\"Escrito por\" \/>\n\t<meta name=\"twitter:data1\" content=\"auzfabian\" \/>\n<script type=\"application\/ld+json\" class=\"yoast-schema-graph\">{\"@context\":\"https:\/\/schema.org\",\"@graph\":[{\"@type\":\"Article\",\"@id\":\"https:\/\/www.participacionciudadana.org\/web\/2019\/02\/13\/publicidad-oficial-durante-las-elecciones-2019\/#article\",\"isPartOf\":{\"@id\":\"https:\/\/www.participacionciudadana.org\/web\/2019\/02\/13\/publicidad-oficial-durante-las-elecciones-2019\/\"},\"author\":{\"name\":\"auzfabian\",\"@id\":\"https:\/\/www.participacionciudadana.org\/web\/#\/schema\/person\/67ded4b29f4c10d217a0e025340d23ea\"},\"headline\":\"Publicidad oficial durante las Elecciones 2019\",\"datePublished\":\"2019-02-13T17:50:57+00:00\",\"mainEntityOfPage\":{\"@id\":\"https:\/\/www.participacionciudadana.org\/web\/2019\/02\/13\/publicidad-oficial-durante-las-elecciones-2019\/\"},\"wordCount\":64,\"commentCount\":0,\"publisher\":{\"@id\":\"https:\/\/www.participacionciudadana.org\/web\/#organization\"},\"articleSection\":[\"Actualidad\"],\"inLanguage\":\"es\",\"potentialAction\":[{\"@type\":\"CommentAction\",\"name\":\"Comment\",\"target\":[\"https:\/\/www.participacionciudadana.org\/web\/2019\/02\/13\/publicidad-oficial-durante-las-elecciones-2019\/#respond\"]}]},{\"@type\":\"WebPage\",\"@id\":\"https:\/\/www.participacionciudadana.org\/web\/2019\/02\/13\/publicidad-oficial-durante-las-elecciones-2019\/\",\"url\":\"https:\/\/www.participacionciudadana.org\/web\/2019\/02\/13\/publicidad-oficial-durante-las-elecciones-2019\/\",\"name\":\"Publicidad oficial durante las Elecciones 2019 - Participaci\u00f3n Ciudadana\",\"isPartOf\":{\"@id\":\"https:\/\/www.participacionciudadana.org\/web\/#website\"},\"datePublished\":\"2019-02-13T17:50:57+00:00\",\"breadcrumb\":{\"@id\":\"https:\/\/www.participacionciudadana.org\/web\/2019\/02\/13\/publicidad-oficial-durante-las-elecciones-2019\/#breadcrumb\"},\"inLanguage\":\"es\",\"potentialAction\":[{\"@type\":\"ReadAction\",\"target\":[\"https:\/\/www.participacionciudadana.org\/web\/2019\/02\/13\/publicidad-oficial-durante-las-elecciones-2019\/\"]}]},{\"@type\":\"BreadcrumbList\",\"@id\":\"https:\/\/www.participacionciudadana.org\/web\/2019\/02\/13\/publicidad-oficial-durante-las-elecciones-2019\/#breadcrumb\",\"itemListElement\":[{\"@type\":\"ListItem\",\"position\":1,\"name\":\"Portada\",\"item\":\"https:\/\/www.participacionciudadana.org\/web\/\"},{\"@type\":\"ListItem\",\"position\":2,\"name\":\"Publicidad oficial durante las Elecciones 2019\"}]},{\"@type\":\"WebSite\",\"@id\":\"https:\/\/www.participacionciudadana.org\/web\/#website\",\"url\":\"https:\/\/www.participacionciudadana.org\/web\/\",\"name\":\"Participaci\u00f3n Ciudadana\",\"description\":\"Comprometidos con la democracia\",\"publisher\":{\"@id\":\"https:\/\/www.participacionciudadana.org\/web\/#organization\"},\"potentialAction\":[{\"@type\":\"SearchAction\",\"target\":{\"@type\":\"EntryPoint\",\"urlTemplate\":\"https:\/\/www.participacionciudadana.org\/web\/?s={search_term_string}\"},\"query-input\":{\"@type\":\"PropertyValueSpecification\",\"valueRequired\":true,\"valueName\":\"search_term_string\"}}],\"inLanguage\":\"es\"},{\"@type\":\"Organization\",\"@id\":\"https:\/\/www.participacionciudadana.org\/web\/#organization\",\"name\":\"Participaci\u00f3n Ciudadana\",\"url\":\"https:\/\/www.participacionciudadana.org\/web\/\",\"logo\":{\"@type\":\"ImageObject\",\"inLanguage\":\"es\",\"@id\":\"https:\/\/www.participacionciudadana.org\/web\/#\/schema\/logo\/image\/\",\"url\":\"https:\/\/www.participacionciudadana.org\/web\/wp-content\/uploads\/2021\/11\/cropped-logo_pc-1.png\",\"contentUrl\":\"https:\/\/www.participacionciudadana.org\/web\/wp-content\/uploads\/2021\/11\/cropped-logo_pc-1.png\",\"width\":340,\"height\":114,\"caption\":\"Participaci\u00f3n Ciudadana\"},\"image\":{\"@id\":\"https:\/\/www.participacionciudadana.org\/web\/#\/schema\/logo\/image\/\"},\"sameAs\":[\"https:\/\/www.facebook.com\/ParticipacionPC\/\",\"https:\/\/x.com\/ParticipacionPC\"]},{\"@type\":\"Person\",\"@id\":\"https:\/\/www.participacionciudadana.org\/web\/#\/schema\/person\/67ded4b29f4c10d217a0e025340d23ea\",\"name\":\"auzfabian\",\"image\":{\"@type\":\"ImageObject\",\"inLanguage\":\"es\",\"@id\":\"https:\/\/www.participacionciudadana.org\/web\/#\/schema\/person\/image\/\",\"url\":\"https:\/\/secure.gravatar.com\/avatar\/b07eacb2fae81fba8818d35abde16f5d26c3e833d77fabbeeb8d53523e796bde?s=96&d=mm&r=g\",\"contentUrl\":\"https:\/\/secure.gravatar.com\/avatar\/b07eacb2fae81fba8818d35abde16f5d26c3e833d77fabbeeb8d53523e796bde?s=96&d=mm&r=g\",\"caption\":\"auzfabian\"},\"sameAs\":[\"https:\/\/www.participacionciudadana.org\/web\"],\"url\":\"https:\/\/www.participacionciudadana.org\/web\/author\/auzfabian\/\"}]}<\/script>\n<!-- \/ Yoast SEO plugin. -->","yoast_head_json":{"title":"Publicidad oficial durante las Elecciones 2019 - Participaci\u00f3n Ciudadana","robots":{"index":"index","follow":"follow","max-snippet":"max-snippet:-1","max-image-preview":"max-image-preview:large","max-video-preview":"max-video-preview:-1"},"canonical":"https:\/\/www.participacionciudadana.org\/web\/2019\/02\/13\/publicidad-oficial-durante-las-elecciones-2019\/","og_locale":"es_ES","og_type":"article","og_title":"Publicidad oficial durante las Elecciones 2019 - Participaci\u00f3n Ciudadana","og_description":"Publicidad Oficial (Estatal, Nacional y Seccional) &nbsp; INFORME PRIMERA SEMANA (05 de febrero al 10 febrero de 2019) El Centro de Monitoreo de Medios de la Corporaci\u00f3n Participaci\u00f3n Ciudadana presenta el informe de publicidad oficial en la primera semana de campa\u00f1a electoral, en los 11 canales de televisi\u00f3n monitoreados: &nbsp; Lee el informe completo aqu\u00ed","og_url":"https:\/\/www.participacionciudadana.org\/web\/2019\/02\/13\/publicidad-oficial-durante-las-elecciones-2019\/","og_site_name":"Participaci\u00f3n Ciudadana","article_publisher":"https:\/\/www.facebook.com\/ParticipacionPC\/","article_published_time":"2019-02-13T17:50:57+00:00","author":"auzfabian","twitter_card":"summary_large_image","twitter_creator":"@ParticipacionPC","twitter_site":"@ParticipacionPC","twitter_misc":{"Escrito por":"auzfabian"},"schema":{"@context":"https:\/\/schema.org","@graph":[{"@type":"Article","@id":"https:\/\/www.participacionciudadana.org\/web\/2019\/02\/13\/publicidad-oficial-durante-las-elecciones-2019\/#article","isPartOf":{"@id":"https:\/\/www.participacionciudadana.org\/web\/2019\/02\/13\/publicidad-oficial-durante-las-elecciones-2019\/"},"author":{"name":"auzfabian","@id":"https:\/\/www.participacionciudadana.org\/web\/#\/schema\/person\/67ded4b29f4c10d217a0e025340d23ea"},"headline":"Publicidad oficial durante las Elecciones 2019","datePublished":"2019-02-13T17:50:57+00:00","mainEntityOfPage":{"@id":"https:\/\/www.participacionciudadana.org\/web\/2019\/02\/13\/publicidad-oficial-durante-las-elecciones-2019\/"},"wordCount":64,"commentCount":0,"publisher":{"@id":"https:\/\/www.participacionciudadana.org\/web\/#organization"},"articleSection":["Actualidad"],"inLanguage":"es","potentialAction":[{"@type":"CommentAction","name":"Comment","target":["https:\/\/www.participacionciudadana.org\/web\/2019\/02\/13\/publicidad-oficial-durante-las-elecciones-2019\/#respond"]}]},{"@type":"WebPage","@id":"https:\/\/www.participacionciudadana.org\/web\/2019\/02\/13\/publicidad-oficial-durante-las-elecciones-2019\/","url":"https:\/\/www.participacionciudadana.org\/web\/2019\/02\/13\/publicidad-oficial-durante-las-elecciones-2019\/","name":"Publicidad oficial durante las Elecciones 2019 - Participaci\u00f3n Ciudadana","isPartOf":{"@id":"https:\/\/www.participacionciudadana.org\/web\/#website"},"datePublished":"2019-02-13T17:50:57+00:00","breadcrumb":{"@id":"https:\/\/www.participacionciudadana.org\/web\/2019\/02\/13\/publicidad-oficial-durante-las-elecciones-2019\/#breadcrumb"},"inLanguage":"es","potentialAction":[{"@type":"ReadAction","target":["https:\/\/www.participacionciudadana.org\/web\/2019\/02\/13\/publicidad-oficial-durante-las-elecciones-2019\/"]}]},{"@type":"BreadcrumbList","@id":"https:\/\/www.participacionciudadana.org\/web\/2019\/02\/13\/publicidad-oficial-durante-las-elecciones-2019\/#breadcrumb","itemListElement":[{"@type":"ListItem","position":1,"name":"Portada","item":"https:\/\/www.participacionciudadana.org\/web\/"},{"@type":"ListItem","position":2,"name":"Publicidad oficial durante las Elecciones 2019"}]},{"@type":"WebSite","@id":"https:\/\/www.participacionciudadana.org\/web\/#website","url":"https:\/\/www.participacionciudadana.org\/web\/","name":"Participaci\u00f3n Ciudadana","description":"Comprometidos con la democracia","publisher":{"@id":"https:\/\/www.participacionciudadana.org\/web\/#organization"},"potentialAction":[{"@type":"SearchAction","target":{"@type":"EntryPoint","urlTemplate":"https:\/\/www.participacionciudadana.org\/web\/?s={search_term_string}"},"query-input":{"@type":"PropertyValueSpecification","valueRequired":true,"valueName":"search_term_string"}}],"inLanguage":"es"},{"@type":"Organization","@id":"https:\/\/www.participacionciudadana.org\/web\/#organization","name":"Participaci\u00f3n Ciudadana","url":"https:\/\/www.participacionciudadana.org\/web\/","logo":{"@type":"ImageObject","inLanguage":"es","@id":"https:\/\/www.participacionciudadana.org\/web\/#\/schema\/logo\/image\/","url":"https:\/\/www.participacionciudadana.org\/web\/wp-content\/uploads\/2021\/11\/cropped-logo_pc-1.png","contentUrl":"https:\/\/www.participacionciudadana.org\/web\/wp-content\/uploads\/2021\/11\/cropped-logo_pc-1.png","width":340,"height":114,"caption":"Participaci\u00f3n Ciudadana"},"image":{"@id":"https:\/\/www.participacionciudadana.org\/web\/#\/schema\/logo\/image\/"},"sameAs":["https:\/\/www.facebook.com\/ParticipacionPC\/","https:\/\/x.com\/ParticipacionPC"]},{"@type":"Person","@id":"https:\/\/www.participacionciudadana.org\/web\/#\/schema\/person\/67ded4b29f4c10d217a0e025340d23ea","name":"auzfabian","image":{"@type":"ImageObject","inLanguage":"es","@id":"https:\/\/www.participacionciudadana.org\/web\/#\/schema\/person\/image\/","url":"https:\/\/secure.gravatar.com\/avatar\/b07eacb2fae81fba8818d35abde16f5d26c3e833d77fabbeeb8d53523e796bde?s=96&d=mm&r=g","contentUrl":"https:\/\/secure.gravatar.com\/avatar\/b07eacb2fae81fba8818d35abde16f5d26c3e833d77fabbeeb8d53523e796bde?s=96&d=mm&r=g","caption":"auzfabian"},"sameAs":["https:\/\/www.participacionciudadana.org\/web"],"url":"https:\/\/www.participacionciudadana.org\/web\/author\/auzfabian\/"}]}},"_links":{"self":[{"href":"https:\/\/www.participacionciudadana.org\/web\/wp-json\/wp\/v2\/posts\/1786","targetHints":{"allow":["GET"]}}],"collection":[{"href":"https:\/\/www.participacionciudadana.org\/web\/wp-json\/wp\/v2\/posts"}],"about":[{"href":"https:\/\/www.participacionciudadana.org\/web\/wp-json\/wp\/v2\/types\/post"}],"author":[{"embeddable":true,"href":"https:\/\/www.participacionciudadana.org\/web\/wp-json\/wp\/v2\/users\/1"}],"replies":[{"embeddable":true,"href":"https:\/\/www.participacionciudadana.org\/web\/wp-json\/wp\/v2\/comments?post=1786"}],"version-history":[{"count":0,"href":"https:\/\/www.participacionciudadana.org\/web\/wp-json\/wp\/v2\/posts\/1786\/revisions"}],"wp:attachment":[{"href":"https:\/\/www.participacionciudadana.org\/web\/wp-json\/wp\/v2\/media?parent=1786"}],"wp:term":[{"taxonomy":"category","embeddable":true,"href":"https:\/\/www.participacionciudadana.org\/web\/wp-json\/wp\/v2\/categories?post=1786"},{"taxonomy":"post_tag","embeddable":true,"href":"https:\/\/www.participacionciudadana.org\/web\/wp-json\/wp\/v2\/tags?post=1786"}],"curies":[{"name":"wp","href":"https:\/\/api.w.org\/{rel}","templated":true}]}}