{"id":1793,"date":"2019-05-09T14:42:40","date_gmt":"2019-05-09T19:42:40","guid":{"rendered":"https:\/\/www.participacionciudadana.org\/web\/2019\/05\/09\/pc-aporta-en-la-construccion-de-la-ley-organica-de-organizaciones-de-la-sociedad-civil\/"},"modified":"2019-05-09T14:42:40","modified_gmt":"2019-05-09T19:42:40","slug":"pc-aporta-en-la-construccion-de-la-ley-organica-de-organizaciones-de-la-sociedad-civil","status":"publish","type":"post","link":"https:\/\/www.participacionciudadana.org\/web\/2019\/05\/09\/pc-aporta-en-la-construccion-de-la-ley-organica-de-organizaciones-de-la-sociedad-civil\/","title":{"rendered":"PC aporta en la construcci\u00f3n de la Ley Org\u00e1nica de Organizaciones de la Sociedad Civil"},"content":{"rendered":"<p style=\"text-align:justify;line-height:107%;\"><span style=\"font-family:arial,sans-serif;\">El pleno de la <\/span><span style=\"font-family:arial,sans-serif;\">Asamblea Nacional<\/span> <span style=\"font-family:arial,sans-serif;\">discutir\u00e1 hoy, 09 de mayo de 2019, en segundo debate, el informe sobre el <span style=\"background:white;\">Proyecto de Ley Org\u00e1nica de Organizaciones de la Sociedad Civil.<\/span><\/span><\/p>\n<p style=\"text-align:justify;\"><span style=\"letter-spacing:.1pt;\"><span style=\"font-family:arial,sans-serif;\">PC <\/span><\/span><span style=\"background:white;\"><span style=\"font-family:arial,sans-serif;\"><span style=\"font-size:12.0pt;\">aporta con las siguientes propuestas para la construcci\u00f3n de dicha normativa: <\/span><\/span><\/span><\/p>\n<p style=\"text-align:justify;\"><strong><span style=\"letter-spacing:.1pt;\"><span style=\"font-family:arial,sans-serif;\">1- Sobre las organizaciones de hecho y de derecho: <\/span><\/span><\/strong><span style=\"letter-spacing:.1pt;\"><span style=\"font-family:arial,sans-serif;\">es pertinente dejar sentada la legalidad y conveniencia de la existencia de personas y organizaciones tanto de derecho (corporaciones, fundaciones, comit\u00e9s, gremios, entre otras), como de hecho (colectivos, Oscs locales, grupos de incidencia y\/o pensamiento). <\/span><\/span><\/p>\n<p style=\"text-align:justify;\"><strong><span style=\"letter-spacing:.1pt;\"><span style=\"font-family:arial,sans-serif;\">&nbsp;2- Sobre el financiamiento: <\/span><\/span><\/strong><span style=\"letter-spacing:.1pt;\"><span style=\"font-family:arial,sans-serif;\">es necesario precisar el hecho de que las organizaciones al ser sin fines de lucro, si bien no pueden obtener ganancias (utilidades por sus actividades) si pueden gestionar proyectos y recursos.<\/span><\/span><\/p>\n<p style=\"text-align:justify;\"><strong><span style=\"letter-spacing:.1pt;\"><span style=\"font-family:arial,sans-serif;\">3- Sobre la organizaci\u00f3n\/estructura interna: <\/span><\/span><\/strong><span style=\"letter-spacing:.1pt;\"><span style=\"font-family:arial,sans-serif;\">es importante que la legislaci\u00f3n, en acatamiento a las normas internacionales sobre derecho de asociaci\u00f3n, consagre el derecho de los asociados a establecer la estructura interna y funcionamiento de cada organizaci\u00f3n (gobierno, directivas, normas internas y dem\u00e1s).<\/span><\/span><\/p>\n<p style=\"text-align:justify;\"><strong><span style=\"letter-spacing:.1pt;\"><span style=\"font-family:arial,sans-serif;\">&nbsp;4- Sobre el ente de Control:<\/span><\/span><\/strong><span style=\"letter-spacing:.1pt;\"><span style=\"font-family:arial,sans-serif;\"> PC considera que, a fin de garantizar la independencia en la acci\u00f3n de las OSCs, estas no pueden estar bajo tutela y control de entes gubernamentales (Presidencia de la Rep\u00fablica). Actualmente las Oscs est\u00e1n bajo el control de los ministerios, quienes tienen incluso potestad de cerrar las organizaciones.<\/span><\/span><\/p>\n<p style=\"text-align:justify;\"><strong><span style=\"letter-spacing:.1pt;\"><span style=\"font-family:arial,sans-serif;\">5- Sobre la disoluci\u00f3n de las organizaciones<\/span><\/span><\/strong><span style=\"letter-spacing:.1pt;\"><span style=\"font-family:arial,sans-serif;\">: consideramos que se debe evitar replicar la legislaci\u00f3n actual, respecto a causales de disoluci\u00f3n de interpretaci\u00f3n abierta discrecional y altamente subjetiva, y sujetos a procedimientos sin fases ni par\u00e1metros claros que garantizan el derecho a la leg\u00edtima defensa por parte de las OSCs.<\/span><\/span><\/p>\n<p style=\"text-align:justify;\"><strong><span style=\"font-family:arial,sans-serif;\">M\u00e1s informaci\u00f3n: <\/span><\/strong><strong><span style=\"font-family:arial,sans-serif;\"><span style=\"font-size:9.0pt;\">Soraya Chiluisa: 098 781 9702 \/ 3330 964 Ex 102<\/span><\/span><\/strong><strong><span style=\"font-family:arial,sans-serif;\"><\/span><\/strong><\/p>\n","protected":false},"excerpt":{"rendered":"<p>El pleno de la Asamblea Nacional discutir\u00e1 hoy, 09 de mayo de 2019, en segundo debate, el informe sobre el Proyecto de Ley Org\u00e1nica de Organizaciones de la Sociedad Civil. PC aporta con las siguientes propuestas para la construcci\u00f3n de dicha normativa: 1- Sobre las organizaciones de hecho y de derecho: es pertinente dejar sentada [&hellip;]<\/p>\n","protected":false},"author":1,"featured_media":0,"comment_status":"open","ping_status":"open","sticky":false,"template":"","format":"standard","meta":{"site-sidebar-layout":"default","site-content-layout":"","ast-site-content-layout":"default","site-content-style":"default","site-sidebar-style":"default","ast-global-header-display":"","ast-banner-title-visibility":"","ast-main-header-display":"","ast-hfb-above-header-display":"","ast-hfb-below-header-display":"","ast-hfb-mobile-header-display":"","site-post-title":"","ast-breadcrumbs-content":"","ast-featured-img":"","footer-sml-layout":"","ast-disable-related-posts":"","theme-transparent-header-meta":"","adv-header-id-meta":"","stick-header-meta":"","header-above-stick-meta":"","header-main-stick-meta":"","header-below-stick-meta":"","astra-migrate-meta-layouts":"default","ast-page-background-enabled":"default","ast-page-background-meta":{"desktop":{"background-color":"","background-image":"","background-repeat":"repeat","background-position":"center center","background-size":"auto","background-attachment":"scroll","background-type":"","background-media":"","overlay-type":"","overlay-color":"","overlay-opacity":"","overlay-gradient":""},"tablet":{"background-color":"","background-image":"","background-repeat":"repeat","background-position":"center center","background-size":"auto","background-attachment":"scroll","background-type":"","background-media":"","overlay-type":"","overlay-color":"","overlay-opacity":"","overlay-gradient":""},"mobile":{"background-color":"","background-image":"","background-repeat":"repeat","background-position":"center center","background-size":"auto","background-attachment":"scroll","background-type":"","background-media":"","overlay-type":"","overlay-color":"","overlay-opacity":"","overlay-gradient":""}},"ast-content-background-meta":{"desktop":{"background-color":"var(--ast-global-color-5)","background-image":"","background-repeat":"repeat","background-position":"center center","background-size":"auto","background-attachment":"scroll","background-type":"","background-media":"","overlay-type":"","overlay-color":"","overlay-opacity":"","overlay-gradient":""},"tablet":{"background-color":"var(--ast-global-color-5)","background-image":"","background-repeat":"repeat","background-position":"center center","background-size":"auto","background-attachment":"scroll","background-type":"","background-media":"","overlay-type":"","overlay-color":"","overlay-opacity":"","overlay-gradient":""},"mobile":{"background-color":"var(--ast-global-color-5)","background-image":"","background-repeat":"repeat","background-position":"center center","background-size":"auto","background-attachment":"scroll","background-type":"","background-media":"","overlay-type":"","overlay-color":"","overlay-opacity":"","overlay-gradient":""}},"_joinchat":[],"footnotes":""},"categories":[16],"tags":[],"class_list":["post-1793","post","type-post","status-publish","format-standard","hentry","category-actualidad"],"yoast_head":"<!-- This site is optimized with the Yoast SEO plugin v26.5 - https:\/\/yoast.com\/wordpress\/plugins\/seo\/ -->\n<title>PC aporta en la construcci\u00f3n de la Ley Org\u00e1nica de Organizaciones de la Sociedad Civil - Participaci\u00f3n Ciudadana<\/title>\n<meta name=\"robots\" content=\"index, follow, max-snippet:-1, max-image-preview:large, max-video-preview:-1\" \/>\n<link rel=\"canonical\" href=\"https:\/\/www.participacionciudadana.org\/web\/2019\/05\/09\/pc-aporta-en-la-construccion-de-la-ley-organica-de-organizaciones-de-la-sociedad-civil\/\" \/>\n<meta property=\"og:locale\" content=\"es_ES\" \/>\n<meta property=\"og:type\" content=\"article\" \/>\n<meta property=\"og:title\" content=\"PC aporta en la construcci\u00f3n de la Ley Org\u00e1nica de Organizaciones de la Sociedad Civil - Participaci\u00f3n Ciudadana\" \/>\n<meta property=\"og:description\" content=\"El pleno de la Asamblea Nacional discutir\u00e1 hoy, 09 de mayo de 2019, en segundo debate, el informe sobre el Proyecto de Ley Org\u00e1nica de Organizaciones de la Sociedad Civil. PC aporta con las siguientes propuestas para la construcci\u00f3n de dicha normativa: 1- Sobre las organizaciones de hecho y de derecho: es pertinente dejar sentada [&hellip;]\" \/>\n<meta property=\"og:url\" content=\"https:\/\/www.participacionciudadana.org\/web\/2019\/05\/09\/pc-aporta-en-la-construccion-de-la-ley-organica-de-organizaciones-de-la-sociedad-civil\/\" \/>\n<meta property=\"og:site_name\" content=\"Participaci\u00f3n Ciudadana\" \/>\n<meta property=\"article:publisher\" content=\"https:\/\/www.facebook.com\/ParticipacionPC\/\" \/>\n<meta property=\"article:published_time\" content=\"2019-05-09T19:42:40+00:00\" \/>\n<meta name=\"author\" content=\"auzfabian\" \/>\n<meta name=\"twitter:card\" content=\"summary_large_image\" \/>\n<meta name=\"twitter:creator\" content=\"@ParticipacionPC\" \/>\n<meta name=\"twitter:site\" content=\"@ParticipacionPC\" \/>\n<meta name=\"twitter:label1\" content=\"Escrito por\" \/>\n\t<meta name=\"twitter:data1\" content=\"auzfabian\" \/>\n\t<meta name=\"twitter:label2\" content=\"Tiempo de lectura\" \/>\n\t<meta name=\"twitter:data2\" content=\"1 minuto\" \/>\n<script type=\"application\/ld+json\" class=\"yoast-schema-graph\">{\"@context\":\"https:\/\/schema.org\",\"@graph\":[{\"@type\":\"Article\",\"@id\":\"https:\/\/www.participacionciudadana.org\/web\/2019\/05\/09\/pc-aporta-en-la-construccion-de-la-ley-organica-de-organizaciones-de-la-sociedad-civil\/#article\",\"isPartOf\":{\"@id\":\"https:\/\/www.participacionciudadana.org\/web\/2019\/05\/09\/pc-aporta-en-la-construccion-de-la-ley-organica-de-organizaciones-de-la-sociedad-civil\/\"},\"author\":{\"name\":\"auzfabian\",\"@id\":\"https:\/\/www.participacionciudadana.org\/web\/#\/schema\/person\/67ded4b29f4c10d217a0e025340d23ea\"},\"headline\":\"PC aporta en la construcci\u00f3n de la Ley Org\u00e1nica de Organizaciones de la Sociedad Civil\",\"datePublished\":\"2019-05-09T19:42:40+00:00\",\"mainEntityOfPage\":{\"@id\":\"https:\/\/www.participacionciudadana.org\/web\/2019\/05\/09\/pc-aporta-en-la-construccion-de-la-ley-organica-de-organizaciones-de-la-sociedad-civil\/\"},\"wordCount\":310,\"commentCount\":0,\"publisher\":{\"@id\":\"https:\/\/www.participacionciudadana.org\/web\/#organization\"},\"articleSection\":[\"Actualidad\"],\"inLanguage\":\"es\",\"potentialAction\":[{\"@type\":\"CommentAction\",\"name\":\"Comment\",\"target\":[\"https:\/\/www.participacionciudadana.org\/web\/2019\/05\/09\/pc-aporta-en-la-construccion-de-la-ley-organica-de-organizaciones-de-la-sociedad-civil\/#respond\"]}]},{\"@type\":\"WebPage\",\"@id\":\"https:\/\/www.participacionciudadana.org\/web\/2019\/05\/09\/pc-aporta-en-la-construccion-de-la-ley-organica-de-organizaciones-de-la-sociedad-civil\/\",\"url\":\"https:\/\/www.participacionciudadana.org\/web\/2019\/05\/09\/pc-aporta-en-la-construccion-de-la-ley-organica-de-organizaciones-de-la-sociedad-civil\/\",\"name\":\"PC aporta en la construcci\u00f3n de la Ley Org\u00e1nica de Organizaciones de la Sociedad Civil - Participaci\u00f3n Ciudadana\",\"isPartOf\":{\"@id\":\"https:\/\/www.participacionciudadana.org\/web\/#website\"},\"datePublished\":\"2019-05-09T19:42:40+00:00\",\"breadcrumb\":{\"@id\":\"https:\/\/www.participacionciudadana.org\/web\/2019\/05\/09\/pc-aporta-en-la-construccion-de-la-ley-organica-de-organizaciones-de-la-sociedad-civil\/#breadcrumb\"},\"inLanguage\":\"es\",\"potentialAction\":[{\"@type\":\"ReadAction\",\"target\":[\"https:\/\/www.participacionciudadana.org\/web\/2019\/05\/09\/pc-aporta-en-la-construccion-de-la-ley-organica-de-organizaciones-de-la-sociedad-civil\/\"]}]},{\"@type\":\"BreadcrumbList\",\"@id\":\"https:\/\/www.participacionciudadana.org\/web\/2019\/05\/09\/pc-aporta-en-la-construccion-de-la-ley-organica-de-organizaciones-de-la-sociedad-civil\/#breadcrumb\",\"itemListElement\":[{\"@type\":\"ListItem\",\"position\":1,\"name\":\"Portada\",\"item\":\"https:\/\/www.participacionciudadana.org\/web\/\"},{\"@type\":\"ListItem\",\"position\":2,\"name\":\"PC aporta en la construcci\u00f3n de la Ley Org\u00e1nica de Organizaciones de la Sociedad Civil\"}]},{\"@type\":\"WebSite\",\"@id\":\"https:\/\/www.participacionciudadana.org\/web\/#website\",\"url\":\"https:\/\/www.participacionciudadana.org\/web\/\",\"name\":\"Participaci\u00f3n Ciudadana\",\"description\":\"Comprometidos con la democracia\",\"publisher\":{\"@id\":\"https:\/\/www.participacionciudadana.org\/web\/#organization\"},\"potentialAction\":[{\"@type\":\"SearchAction\",\"target\":{\"@type\":\"EntryPoint\",\"urlTemplate\":\"https:\/\/www.participacionciudadana.org\/web\/?s={search_term_string}\"},\"query-input\":{\"@type\":\"PropertyValueSpecification\",\"valueRequired\":true,\"valueName\":\"search_term_string\"}}],\"inLanguage\":\"es\"},{\"@type\":\"Organization\",\"@id\":\"https:\/\/www.participacionciudadana.org\/web\/#organization\",\"name\":\"Participaci\u00f3n Ciudadana\",\"url\":\"https:\/\/www.participacionciudadana.org\/web\/\",\"logo\":{\"@type\":\"ImageObject\",\"inLanguage\":\"es\",\"@id\":\"https:\/\/www.participacionciudadana.org\/web\/#\/schema\/logo\/image\/\",\"url\":\"https:\/\/www.participacionciudadana.org\/web\/wp-content\/uploads\/2021\/11\/cropped-logo_pc-1.png\",\"contentUrl\":\"https:\/\/www.participacionciudadana.org\/web\/wp-content\/uploads\/2021\/11\/cropped-logo_pc-1.png\",\"width\":340,\"height\":114,\"caption\":\"Participaci\u00f3n Ciudadana\"},\"image\":{\"@id\":\"https:\/\/www.participacionciudadana.org\/web\/#\/schema\/logo\/image\/\"},\"sameAs\":[\"https:\/\/www.facebook.com\/ParticipacionPC\/\",\"https:\/\/x.com\/ParticipacionPC\"]},{\"@type\":\"Person\",\"@id\":\"https:\/\/www.participacionciudadana.org\/web\/#\/schema\/person\/67ded4b29f4c10d217a0e025340d23ea\",\"name\":\"auzfabian\",\"image\":{\"@type\":\"ImageObject\",\"inLanguage\":\"es\",\"@id\":\"https:\/\/www.participacionciudadana.org\/web\/#\/schema\/person\/image\/\",\"url\":\"https:\/\/secure.gravatar.com\/avatar\/b07eacb2fae81fba8818d35abde16f5d26c3e833d77fabbeeb8d53523e796bde?s=96&d=mm&r=g\",\"contentUrl\":\"https:\/\/secure.gravatar.com\/avatar\/b07eacb2fae81fba8818d35abde16f5d26c3e833d77fabbeeb8d53523e796bde?s=96&d=mm&r=g\",\"caption\":\"auzfabian\"},\"sameAs\":[\"https:\/\/www.participacionciudadana.org\/web\"],\"url\":\"https:\/\/www.participacionciudadana.org\/web\/author\/auzfabian\/\"}]}<\/script>\n<!-- \/ Yoast SEO plugin. -->","yoast_head_json":{"title":"PC aporta en la construcci\u00f3n de la Ley Org\u00e1nica de Organizaciones de la Sociedad Civil - Participaci\u00f3n Ciudadana","robots":{"index":"index","follow":"follow","max-snippet":"max-snippet:-1","max-image-preview":"max-image-preview:large","max-video-preview":"max-video-preview:-1"},"canonical":"https:\/\/www.participacionciudadana.org\/web\/2019\/05\/09\/pc-aporta-en-la-construccion-de-la-ley-organica-de-organizaciones-de-la-sociedad-civil\/","og_locale":"es_ES","og_type":"article","og_title":"PC aporta en la construcci\u00f3n de la Ley Org\u00e1nica de Organizaciones de la Sociedad Civil - Participaci\u00f3n Ciudadana","og_description":"El pleno de la Asamblea Nacional discutir\u00e1 hoy, 09 de mayo de 2019, en segundo debate, el informe sobre el Proyecto de Ley Org\u00e1nica de Organizaciones de la Sociedad Civil. PC aporta con las siguientes propuestas para la construcci\u00f3n de dicha normativa: 1- Sobre las organizaciones de hecho y de derecho: es pertinente dejar sentada [&hellip;]","og_url":"https:\/\/www.participacionciudadana.org\/web\/2019\/05\/09\/pc-aporta-en-la-construccion-de-la-ley-organica-de-organizaciones-de-la-sociedad-civil\/","og_site_name":"Participaci\u00f3n Ciudadana","article_publisher":"https:\/\/www.facebook.com\/ParticipacionPC\/","article_published_time":"2019-05-09T19:42:40+00:00","author":"auzfabian","twitter_card":"summary_large_image","twitter_creator":"@ParticipacionPC","twitter_site":"@ParticipacionPC","twitter_misc":{"Escrito por":"auzfabian","Tiempo de lectura":"1 minuto"},"schema":{"@context":"https:\/\/schema.org","@graph":[{"@type":"Article","@id":"https:\/\/www.participacionciudadana.org\/web\/2019\/05\/09\/pc-aporta-en-la-construccion-de-la-ley-organica-de-organizaciones-de-la-sociedad-civil\/#article","isPartOf":{"@id":"https:\/\/www.participacionciudadana.org\/web\/2019\/05\/09\/pc-aporta-en-la-construccion-de-la-ley-organica-de-organizaciones-de-la-sociedad-civil\/"},"author":{"name":"auzfabian","@id":"https:\/\/www.participacionciudadana.org\/web\/#\/schema\/person\/67ded4b29f4c10d217a0e025340d23ea"},"headline":"PC aporta en la construcci\u00f3n de la Ley Org\u00e1nica de Organizaciones de la Sociedad Civil","datePublished":"2019-05-09T19:42:40+00:00","mainEntityOfPage":{"@id":"https:\/\/www.participacionciudadana.org\/web\/2019\/05\/09\/pc-aporta-en-la-construccion-de-la-ley-organica-de-organizaciones-de-la-sociedad-civil\/"},"wordCount":310,"commentCount":0,"publisher":{"@id":"https:\/\/www.participacionciudadana.org\/web\/#organization"},"articleSection":["Actualidad"],"inLanguage":"es","potentialAction":[{"@type":"CommentAction","name":"Comment","target":["https:\/\/www.participacionciudadana.org\/web\/2019\/05\/09\/pc-aporta-en-la-construccion-de-la-ley-organica-de-organizaciones-de-la-sociedad-civil\/#respond"]}]},{"@type":"WebPage","@id":"https:\/\/www.participacionciudadana.org\/web\/2019\/05\/09\/pc-aporta-en-la-construccion-de-la-ley-organica-de-organizaciones-de-la-sociedad-civil\/","url":"https:\/\/www.participacionciudadana.org\/web\/2019\/05\/09\/pc-aporta-en-la-construccion-de-la-ley-organica-de-organizaciones-de-la-sociedad-civil\/","name":"PC aporta en la construcci\u00f3n de la Ley Org\u00e1nica de Organizaciones de la Sociedad Civil - Participaci\u00f3n Ciudadana","isPartOf":{"@id":"https:\/\/www.participacionciudadana.org\/web\/#website"},"datePublished":"2019-05-09T19:42:40+00:00","breadcrumb":{"@id":"https:\/\/www.participacionciudadana.org\/web\/2019\/05\/09\/pc-aporta-en-la-construccion-de-la-ley-organica-de-organizaciones-de-la-sociedad-civil\/#breadcrumb"},"inLanguage":"es","potentialAction":[{"@type":"ReadAction","target":["https:\/\/www.participacionciudadana.org\/web\/2019\/05\/09\/pc-aporta-en-la-construccion-de-la-ley-organica-de-organizaciones-de-la-sociedad-civil\/"]}]},{"@type":"BreadcrumbList","@id":"https:\/\/www.participacionciudadana.org\/web\/2019\/05\/09\/pc-aporta-en-la-construccion-de-la-ley-organica-de-organizaciones-de-la-sociedad-civil\/#breadcrumb","itemListElement":[{"@type":"ListItem","position":1,"name":"Portada","item":"https:\/\/www.participacionciudadana.org\/web\/"},{"@type":"ListItem","position":2,"name":"PC aporta en la construcci\u00f3n de la Ley Org\u00e1nica de Organizaciones de la Sociedad Civil"}]},{"@type":"WebSite","@id":"https:\/\/www.participacionciudadana.org\/web\/#website","url":"https:\/\/www.participacionciudadana.org\/web\/","name":"Participaci\u00f3n Ciudadana","description":"Comprometidos con la democracia","publisher":{"@id":"https:\/\/www.participacionciudadana.org\/web\/#organization"},"potentialAction":[{"@type":"SearchAction","target":{"@type":"EntryPoint","urlTemplate":"https:\/\/www.participacionciudadana.org\/web\/?s={search_term_string}"},"query-input":{"@type":"PropertyValueSpecification","valueRequired":true,"valueName":"search_term_string"}}],"inLanguage":"es"},{"@type":"Organization","@id":"https:\/\/www.participacionciudadana.org\/web\/#organization","name":"Participaci\u00f3n Ciudadana","url":"https:\/\/www.participacionciudadana.org\/web\/","logo":{"@type":"ImageObject","inLanguage":"es","@id":"https:\/\/www.participacionciudadana.org\/web\/#\/schema\/logo\/image\/","url":"https:\/\/www.participacionciudadana.org\/web\/wp-content\/uploads\/2021\/11\/cropped-logo_pc-1.png","contentUrl":"https:\/\/www.participacionciudadana.org\/web\/wp-content\/uploads\/2021\/11\/cropped-logo_pc-1.png","width":340,"height":114,"caption":"Participaci\u00f3n Ciudadana"},"image":{"@id":"https:\/\/www.participacionciudadana.org\/web\/#\/schema\/logo\/image\/"},"sameAs":["https:\/\/www.facebook.com\/ParticipacionPC\/","https:\/\/x.com\/ParticipacionPC"]},{"@type":"Person","@id":"https:\/\/www.participacionciudadana.org\/web\/#\/schema\/person\/67ded4b29f4c10d217a0e025340d23ea","name":"auzfabian","image":{"@type":"ImageObject","inLanguage":"es","@id":"https:\/\/www.participacionciudadana.org\/web\/#\/schema\/person\/image\/","url":"https:\/\/secure.gravatar.com\/avatar\/b07eacb2fae81fba8818d35abde16f5d26c3e833d77fabbeeb8d53523e796bde?s=96&d=mm&r=g","contentUrl":"https:\/\/secure.gravatar.com\/avatar\/b07eacb2fae81fba8818d35abde16f5d26c3e833d77fabbeeb8d53523e796bde?s=96&d=mm&r=g","caption":"auzfabian"},"sameAs":["https:\/\/www.participacionciudadana.org\/web"],"url":"https:\/\/www.participacionciudadana.org\/web\/author\/auzfabian\/"}]}},"_links":{"self":[{"href":"https:\/\/www.participacionciudadana.org\/web\/wp-json\/wp\/v2\/posts\/1793","targetHints":{"allow":["GET"]}}],"collection":[{"href":"https:\/\/www.participacionciudadana.org\/web\/wp-json\/wp\/v2\/posts"}],"about":[{"href":"https:\/\/www.participacionciudadana.org\/web\/wp-json\/wp\/v2\/types\/post"}],"author":[{"embeddable":true,"href":"https:\/\/www.participacionciudadana.org\/web\/wp-json\/wp\/v2\/users\/1"}],"replies":[{"embeddable":true,"href":"https:\/\/www.participacionciudadana.org\/web\/wp-json\/wp\/v2\/comments?post=1793"}],"version-history":[{"count":0,"href":"https:\/\/www.participacionciudadana.org\/web\/wp-json\/wp\/v2\/posts\/1793\/revisions"}],"wp:attachment":[{"href":"https:\/\/www.participacionciudadana.org\/web\/wp-json\/wp\/v2\/media?parent=1793"}],"wp:term":[{"taxonomy":"category","embeddable":true,"href":"https:\/\/www.participacionciudadana.org\/web\/wp-json\/wp\/v2\/categories?post=1793"},{"taxonomy":"post_tag","embeddable":true,"href":"https:\/\/www.participacionciudadana.org\/web\/wp-json\/wp\/v2\/tags?post=1793"}],"curies":[{"name":"wp","href":"https:\/\/api.w.org\/{rel}","templated":true}]}}