{"id":1795,"date":"2019-06-07T12:53:01","date_gmt":"2019-06-07T17:53:01","guid":{"rendered":"https:\/\/www.participacionciudadana.org\/web\/2019\/06\/07\/encuentro-violencia-en-contra-de-las-mujeres-politicas\/"},"modified":"2019-06-07T12:53:01","modified_gmt":"2019-06-07T17:53:01","slug":"encuentro-violencia-en-contra-de-las-mujeres-politicas","status":"publish","type":"post","link":"https:\/\/www.participacionciudadana.org\/web\/2019\/06\/07\/encuentro-violencia-en-contra-de-las-mujeres-politicas\/","title":{"rendered":"PC presenta el Informe sobre Violencia Contra las Mujeres Pol\u00edticas"},"content":{"rendered":"<p>El jueves 6 de junio nos reunimos con m\u00e1s de 30 Mujeres Pol\u00edticas para compartir con ellas los resultados del monitoreo realizado por nuestra organizaci\u00f3n los d\u00edas previos y durante las elecciones 2019; donde recopilamos datos relevantes sobre agresiones a mujeres con visibilidad p\u00fablica.<\/p>\n<p>Ruth Hidalgo, fue la encargada de compartir <a data-link-type=\"menuitem\" href=\"\" target=\"_blank\" title=\"https:\/\/www.participacionciudadana.org\/monitoreo\/2019\/REPORTE%20VIOLENCIA%20REDES%20CONSOLIDADO.pdf\" rel=\"noopener\">el informe<\/a> con las participantes. Entre los datos m\u00e1s relevantes que se hablaron en este&nbsp; evento se encuentran que hubo 659 expresiones violentas contra la mujer durante la campa\u00f1a.<\/p>\n<p style=\"text-align:justify;\">Al encuentro asistieron varias mujeres representativas, podemos destacar la participaci\u00f3n de Diana Atamait, Presidenta del Consejo Nacional Electoral, Liliana Yunda, Presidenta del Patronato San Jos\u00e9, Juana Fern\u00e1ndez, delegada de la Fiscal General; as\u00ed como tambi\u00e9n Asamble\u00edstas de diferentes bancadas, representantes de la academia y una delegaci\u00f3n de la Asociaci\u00f3n de Mujeres Abogadas del Ecuador.<\/p>\n<p style=\"text-align:justify;\"><img fetchpriority=\"high\" decoding=\"async\" class=\" size-full wp-image-1794\" alt=\"\" src=\"https:\/\/www.participacionciudadana.org\/web\/wp-content\/uploads\/2019\/06\/WhatsApp_Image_2019-06-07_at_160839.jpeg\" style=\"width: 500px; height: 280px;\" width=\"1280\" height=\"718\" srcset=\"https:\/\/www.participacionciudadana.org\/web\/wp-content\/uploads\/2019\/06\/WhatsApp_Image_2019-06-07_at_160839.jpeg 1280w, https:\/\/www.participacionciudadana.org\/web\/wp-content\/uploads\/2019\/06\/WhatsApp_Image_2019-06-07_at_160839-300x168.jpeg 300w, https:\/\/www.participacionciudadana.org\/web\/wp-content\/uploads\/2019\/06\/WhatsApp_Image_2019-06-07_at_160839-1024x574.jpeg 1024w, https:\/\/www.participacionciudadana.org\/web\/wp-content\/uploads\/2019\/06\/WhatsApp_Image_2019-06-07_at_160839-768x431.jpeg 768w\" sizes=\"(max-width: 1280px) 100vw, 1280px\" \/><\/p>\n<p style=\"text-align:justify;\">Puede revisar en nuestro <a data-link-type=\"menuitem\" href=\"\" target=\"_blank\" title=\"https:\/\/twitter.com\/ParticipacionPC\" rel=\"noopener\">Twitter<\/a> las intervenciones de algunas de las participantes.<\/p>\n","protected":false},"excerpt":{"rendered":"<p>El jueves 6 de junio nos reunimos con m\u00e1s de 30 Mujeres Pol\u00edticas para compartir con ellas los resultados del monitoreo realizado por nuestra organizaci\u00f3n los d\u00edas previos y durante las elecciones 2019; donde recopilamos datos relevantes sobre agresiones a mujeres con visibilidad p\u00fablica. Ruth Hidalgo, fue la encargada de compartir el informe con las [&hellip;]<\/p>\n","protected":false},"author":1,"featured_media":1794,"comment_status":"open","ping_status":"open","sticky":false,"template":"","format":"standard","meta":{"site-sidebar-layout":"default","site-content-layout":"","ast-site-content-layout":"default","site-content-style":"default","site-sidebar-style":"default","ast-global-header-display":"","ast-banner-title-visibility":"","ast-main-header-display":"","ast-hfb-above-header-display":"","ast-hfb-below-header-display":"","ast-hfb-mobile-header-display":"","site-post-title":"","ast-breadcrumbs-content":"","ast-featured-img":"","footer-sml-layout":"","ast-disable-related-posts":"","theme-transparent-header-meta":"","adv-header-id-meta":"","stick-header-meta":"","header-above-stick-meta":"","header-main-stick-meta":"","header-below-stick-meta":"","astra-migrate-meta-layouts":"default","ast-page-background-enabled":"default","ast-page-background-meta":{"desktop":{"background-color":"","background-image":"","background-repeat":"repeat","background-position":"center center","background-size":"auto","background-attachment":"scroll","background-type":"","background-media":"","overlay-type":"","overlay-color":"","overlay-opacity":"","overlay-gradient":""},"tablet":{"background-color":"","background-image":"","background-repeat":"repeat","background-position":"center center","background-size":"auto","background-attachment":"scroll","background-type":"","background-media":"","overlay-type":"","overlay-color":"","overlay-opacity":"","overlay-gradient":""},"mobile":{"background-color":"","background-image":"","background-repeat":"repeat","background-position":"center center","background-size":"auto","background-attachment":"scroll","background-type":"","background-media":"","overlay-type":"","overlay-color":"","overlay-opacity":"","overlay-gradient":""}},"ast-content-background-meta":{"desktop":{"background-color":"var(--ast-global-color-5)","background-image":"","background-repeat":"repeat","background-position":"center center","background-size":"auto","background-attachment":"scroll","background-type":"","background-media":"","overlay-type":"","overlay-color":"","overlay-opacity":"","overlay-gradient":""},"tablet":{"background-color":"var(--ast-global-color-5)","background-image":"","background-repeat":"repeat","background-position":"center center","background-size":"auto","background-attachment":"scroll","background-type":"","background-media":"","overlay-type":"","overlay-color":"","overlay-opacity":"","overlay-gradient":""},"mobile":{"background-color":"var(--ast-global-color-5)","background-image":"","background-repeat":"repeat","background-position":"center center","background-size":"auto","background-attachment":"scroll","background-type":"","background-media":"","overlay-type":"","overlay-color":"","overlay-opacity":"","overlay-gradient":""}},"_joinchat":[],"footnotes":""},"categories":[16],"tags":[],"class_list":["post-1795","post","type-post","status-publish","format-standard","has-post-thumbnail","hentry","category-actualidad"],"yoast_head":"<!-- This site is optimized with the Yoast SEO plugin v26.5 - https:\/\/yoast.com\/wordpress\/plugins\/seo\/ -->\n<title>PC presenta el Informe sobre Violencia Contra las Mujeres Pol\u00edticas - Participaci\u00f3n Ciudadana<\/title>\n<meta name=\"robots\" content=\"index, follow, max-snippet:-1, max-image-preview:large, max-video-preview:-1\" \/>\n<link rel=\"canonical\" href=\"https:\/\/www.participacionciudadana.org\/web\/2019\/06\/07\/encuentro-violencia-en-contra-de-las-mujeres-politicas\/\" \/>\n<meta property=\"og:locale\" content=\"es_ES\" \/>\n<meta property=\"og:type\" content=\"article\" \/>\n<meta property=\"og:title\" content=\"PC presenta el Informe sobre Violencia Contra las Mujeres Pol\u00edticas - Participaci\u00f3n Ciudadana\" \/>\n<meta property=\"og:description\" content=\"El jueves 6 de junio nos reunimos con m\u00e1s de 30 Mujeres Pol\u00edticas para compartir con ellas los resultados del monitoreo realizado por nuestra organizaci\u00f3n los d\u00edas previos y durante las elecciones 2019; donde recopilamos datos relevantes sobre agresiones a mujeres con visibilidad p\u00fablica. Ruth Hidalgo, fue la encargada de compartir el informe con las [&hellip;]\" \/>\n<meta property=\"og:url\" content=\"https:\/\/www.participacionciudadana.org\/web\/2019\/06\/07\/encuentro-violencia-en-contra-de-las-mujeres-politicas\/\" \/>\n<meta property=\"og:site_name\" content=\"Participaci\u00f3n Ciudadana\" \/>\n<meta property=\"article:publisher\" content=\"https:\/\/www.facebook.com\/ParticipacionPC\/\" \/>\n<meta property=\"article:published_time\" content=\"2019-06-07T17:53:01+00:00\" \/>\n<meta property=\"og:image\" content=\"https:\/\/www.participacionciudadana.org\/web\/wp-content\/uploads\/2019\/06\/WhatsApp_Image_2019-06-07_at_160839.jpeg\" \/>\n\t<meta property=\"og:image:width\" content=\"1280\" \/>\n\t<meta property=\"og:image:height\" content=\"718\" \/>\n\t<meta property=\"og:image:type\" content=\"image\/jpeg\" \/>\n<meta name=\"author\" content=\"auzfabian\" \/>\n<meta name=\"twitter:card\" content=\"summary_large_image\" \/>\n<meta name=\"twitter:creator\" content=\"@ParticipacionPC\" \/>\n<meta name=\"twitter:site\" content=\"@ParticipacionPC\" \/>\n<meta name=\"twitter:label1\" content=\"Escrito por\" \/>\n\t<meta name=\"twitter:data1\" content=\"auzfabian\" \/>\n\t<meta name=\"twitter:label2\" content=\"Tiempo de lectura\" \/>\n\t<meta name=\"twitter:data2\" content=\"1 minuto\" \/>\n<script type=\"application\/ld+json\" class=\"yoast-schema-graph\">{\"@context\":\"https:\/\/schema.org\",\"@graph\":[{\"@type\":\"Article\",\"@id\":\"https:\/\/www.participacionciudadana.org\/web\/2019\/06\/07\/encuentro-violencia-en-contra-de-las-mujeres-politicas\/#article\",\"isPartOf\":{\"@id\":\"https:\/\/www.participacionciudadana.org\/web\/2019\/06\/07\/encuentro-violencia-en-contra-de-las-mujeres-politicas\/\"},\"author\":{\"name\":\"auzfabian\",\"@id\":\"https:\/\/www.participacionciudadana.org\/web\/#\/schema\/person\/67ded4b29f4c10d217a0e025340d23ea\"},\"headline\":\"PC presenta el Informe sobre Violencia Contra las Mujeres Pol\u00edticas\",\"datePublished\":\"2019-06-07T17:53:01+00:00\",\"mainEntityOfPage\":{\"@id\":\"https:\/\/www.participacionciudadana.org\/web\/2019\/06\/07\/encuentro-violencia-en-contra-de-las-mujeres-politicas\/\"},\"wordCount\":167,\"commentCount\":0,\"publisher\":{\"@id\":\"https:\/\/www.participacionciudadana.org\/web\/#organization\"},\"image\":{\"@id\":\"https:\/\/www.participacionciudadana.org\/web\/2019\/06\/07\/encuentro-violencia-en-contra-de-las-mujeres-politicas\/#primaryimage\"},\"thumbnailUrl\":\"https:\/\/www.participacionciudadana.org\/web\/wp-content\/uploads\/2019\/06\/WhatsApp_Image_2019-06-07_at_160839.jpeg\",\"articleSection\":[\"Actualidad\"],\"inLanguage\":\"es\",\"potentialAction\":[{\"@type\":\"CommentAction\",\"name\":\"Comment\",\"target\":[\"https:\/\/www.participacionciudadana.org\/web\/2019\/06\/07\/encuentro-violencia-en-contra-de-las-mujeres-politicas\/#respond\"]}]},{\"@type\":\"WebPage\",\"@id\":\"https:\/\/www.participacionciudadana.org\/web\/2019\/06\/07\/encuentro-violencia-en-contra-de-las-mujeres-politicas\/\",\"url\":\"https:\/\/www.participacionciudadana.org\/web\/2019\/06\/07\/encuentro-violencia-en-contra-de-las-mujeres-politicas\/\",\"name\":\"PC presenta el Informe sobre Violencia Contra las Mujeres Pol\u00edticas - Participaci\u00f3n Ciudadana\",\"isPartOf\":{\"@id\":\"https:\/\/www.participacionciudadana.org\/web\/#website\"},\"primaryImageOfPage\":{\"@id\":\"https:\/\/www.participacionciudadana.org\/web\/2019\/06\/07\/encuentro-violencia-en-contra-de-las-mujeres-politicas\/#primaryimage\"},\"image\":{\"@id\":\"https:\/\/www.participacionciudadana.org\/web\/2019\/06\/07\/encuentro-violencia-en-contra-de-las-mujeres-politicas\/#primaryimage\"},\"thumbnailUrl\":\"https:\/\/www.participacionciudadana.org\/web\/wp-content\/uploads\/2019\/06\/WhatsApp_Image_2019-06-07_at_160839.jpeg\",\"datePublished\":\"2019-06-07T17:53:01+00:00\",\"breadcrumb\":{\"@id\":\"https:\/\/www.participacionciudadana.org\/web\/2019\/06\/07\/encuentro-violencia-en-contra-de-las-mujeres-politicas\/#breadcrumb\"},\"inLanguage\":\"es\",\"potentialAction\":[{\"@type\":\"ReadAction\",\"target\":[\"https:\/\/www.participacionciudadana.org\/web\/2019\/06\/07\/encuentro-violencia-en-contra-de-las-mujeres-politicas\/\"]}]},{\"@type\":\"ImageObject\",\"inLanguage\":\"es\",\"@id\":\"https:\/\/www.participacionciudadana.org\/web\/2019\/06\/07\/encuentro-violencia-en-contra-de-las-mujeres-politicas\/#primaryimage\",\"url\":\"https:\/\/www.participacionciudadana.org\/web\/wp-content\/uploads\/2019\/06\/WhatsApp_Image_2019-06-07_at_160839.jpeg\",\"contentUrl\":\"https:\/\/www.participacionciudadana.org\/web\/wp-content\/uploads\/2019\/06\/WhatsApp_Image_2019-06-07_at_160839.jpeg\",\"width\":1280,\"height\":718},{\"@type\":\"BreadcrumbList\",\"@id\":\"https:\/\/www.participacionciudadana.org\/web\/2019\/06\/07\/encuentro-violencia-en-contra-de-las-mujeres-politicas\/#breadcrumb\",\"itemListElement\":[{\"@type\":\"ListItem\",\"position\":1,\"name\":\"Portada\",\"item\":\"https:\/\/www.participacionciudadana.org\/web\/\"},{\"@type\":\"ListItem\",\"position\":2,\"name\":\"PC presenta el Informe sobre Violencia Contra las Mujeres Pol\u00edticas\"}]},{\"@type\":\"WebSite\",\"@id\":\"https:\/\/www.participacionciudadana.org\/web\/#website\",\"url\":\"https:\/\/www.participacionciudadana.org\/web\/\",\"name\":\"Participaci\u00f3n Ciudadana\",\"description\":\"Comprometidos con la democracia\",\"publisher\":{\"@id\":\"https:\/\/www.participacionciudadana.org\/web\/#organization\"},\"potentialAction\":[{\"@type\":\"SearchAction\",\"target\":{\"@type\":\"EntryPoint\",\"urlTemplate\":\"https:\/\/www.participacionciudadana.org\/web\/?s={search_term_string}\"},\"query-input\":{\"@type\":\"PropertyValueSpecification\",\"valueRequired\":true,\"valueName\":\"search_term_string\"}}],\"inLanguage\":\"es\"},{\"@type\":\"Organization\",\"@id\":\"https:\/\/www.participacionciudadana.org\/web\/#organization\",\"name\":\"Participaci\u00f3n Ciudadana\",\"url\":\"https:\/\/www.participacionciudadana.org\/web\/\",\"logo\":{\"@type\":\"ImageObject\",\"inLanguage\":\"es\",\"@id\":\"https:\/\/www.participacionciudadana.org\/web\/#\/schema\/logo\/image\/\",\"url\":\"https:\/\/www.participacionciudadana.org\/web\/wp-content\/uploads\/2021\/11\/cropped-logo_pc-1.png\",\"contentUrl\":\"https:\/\/www.participacionciudadana.org\/web\/wp-content\/uploads\/2021\/11\/cropped-logo_pc-1.png\",\"width\":340,\"height\":114,\"caption\":\"Participaci\u00f3n Ciudadana\"},\"image\":{\"@id\":\"https:\/\/www.participacionciudadana.org\/web\/#\/schema\/logo\/image\/\"},\"sameAs\":[\"https:\/\/www.facebook.com\/ParticipacionPC\/\",\"https:\/\/x.com\/ParticipacionPC\"]},{\"@type\":\"Person\",\"@id\":\"https:\/\/www.participacionciudadana.org\/web\/#\/schema\/person\/67ded4b29f4c10d217a0e025340d23ea\",\"name\":\"auzfabian\",\"image\":{\"@type\":\"ImageObject\",\"inLanguage\":\"es\",\"@id\":\"https:\/\/www.participacionciudadana.org\/web\/#\/schema\/person\/image\/\",\"url\":\"https:\/\/secure.gravatar.com\/avatar\/b07eacb2fae81fba8818d35abde16f5d26c3e833d77fabbeeb8d53523e796bde?s=96&d=mm&r=g\",\"contentUrl\":\"https:\/\/secure.gravatar.com\/avatar\/b07eacb2fae81fba8818d35abde16f5d26c3e833d77fabbeeb8d53523e796bde?s=96&d=mm&r=g\",\"caption\":\"auzfabian\"},\"sameAs\":[\"https:\/\/www.participacionciudadana.org\/web\"],\"url\":\"https:\/\/www.participacionciudadana.org\/web\/author\/auzfabian\/\"}]}<\/script>\n<!-- \/ Yoast SEO plugin. -->","yoast_head_json":{"title":"PC presenta el Informe sobre Violencia Contra las Mujeres Pol\u00edticas - Participaci\u00f3n Ciudadana","robots":{"index":"index","follow":"follow","max-snippet":"max-snippet:-1","max-image-preview":"max-image-preview:large","max-video-preview":"max-video-preview:-1"},"canonical":"https:\/\/www.participacionciudadana.org\/web\/2019\/06\/07\/encuentro-violencia-en-contra-de-las-mujeres-politicas\/","og_locale":"es_ES","og_type":"article","og_title":"PC presenta el Informe sobre Violencia Contra las Mujeres Pol\u00edticas - Participaci\u00f3n Ciudadana","og_description":"El jueves 6 de junio nos reunimos con m\u00e1s de 30 Mujeres Pol\u00edticas para compartir con ellas los resultados del monitoreo realizado por nuestra organizaci\u00f3n los d\u00edas previos y durante las elecciones 2019; donde recopilamos datos relevantes sobre agresiones a mujeres con visibilidad p\u00fablica. Ruth Hidalgo, fue la encargada de compartir el informe con las [&hellip;]","og_url":"https:\/\/www.participacionciudadana.org\/web\/2019\/06\/07\/encuentro-violencia-en-contra-de-las-mujeres-politicas\/","og_site_name":"Participaci\u00f3n Ciudadana","article_publisher":"https:\/\/www.facebook.com\/ParticipacionPC\/","article_published_time":"2019-06-07T17:53:01+00:00","og_image":[{"width":1280,"height":718,"url":"https:\/\/www.participacionciudadana.org\/web\/wp-content\/uploads\/2019\/06\/WhatsApp_Image_2019-06-07_at_160839.jpeg","type":"image\/jpeg"}],"author":"auzfabian","twitter_card":"summary_large_image","twitter_creator":"@ParticipacionPC","twitter_site":"@ParticipacionPC","twitter_misc":{"Escrito por":"auzfabian","Tiempo de lectura":"1 minuto"},"schema":{"@context":"https:\/\/schema.org","@graph":[{"@type":"Article","@id":"https:\/\/www.participacionciudadana.org\/web\/2019\/06\/07\/encuentro-violencia-en-contra-de-las-mujeres-politicas\/#article","isPartOf":{"@id":"https:\/\/www.participacionciudadana.org\/web\/2019\/06\/07\/encuentro-violencia-en-contra-de-las-mujeres-politicas\/"},"author":{"name":"auzfabian","@id":"https:\/\/www.participacionciudadana.org\/web\/#\/schema\/person\/67ded4b29f4c10d217a0e025340d23ea"},"headline":"PC presenta el Informe sobre Violencia Contra las Mujeres Pol\u00edticas","datePublished":"2019-06-07T17:53:01+00:00","mainEntityOfPage":{"@id":"https:\/\/www.participacionciudadana.org\/web\/2019\/06\/07\/encuentro-violencia-en-contra-de-las-mujeres-politicas\/"},"wordCount":167,"commentCount":0,"publisher":{"@id":"https:\/\/www.participacionciudadana.org\/web\/#organization"},"image":{"@id":"https:\/\/www.participacionciudadana.org\/web\/2019\/06\/07\/encuentro-violencia-en-contra-de-las-mujeres-politicas\/#primaryimage"},"thumbnailUrl":"https:\/\/www.participacionciudadana.org\/web\/wp-content\/uploads\/2019\/06\/WhatsApp_Image_2019-06-07_at_160839.jpeg","articleSection":["Actualidad"],"inLanguage":"es","potentialAction":[{"@type":"CommentAction","name":"Comment","target":["https:\/\/www.participacionciudadana.org\/web\/2019\/06\/07\/encuentro-violencia-en-contra-de-las-mujeres-politicas\/#respond"]}]},{"@type":"WebPage","@id":"https:\/\/www.participacionciudadana.org\/web\/2019\/06\/07\/encuentro-violencia-en-contra-de-las-mujeres-politicas\/","url":"https:\/\/www.participacionciudadana.org\/web\/2019\/06\/07\/encuentro-violencia-en-contra-de-las-mujeres-politicas\/","name":"PC presenta el Informe sobre Violencia Contra las Mujeres Pol\u00edticas - Participaci\u00f3n Ciudadana","isPartOf":{"@id":"https:\/\/www.participacionciudadana.org\/web\/#website"},"primaryImageOfPage":{"@id":"https:\/\/www.participacionciudadana.org\/web\/2019\/06\/07\/encuentro-violencia-en-contra-de-las-mujeres-politicas\/#primaryimage"},"image":{"@id":"https:\/\/www.participacionciudadana.org\/web\/2019\/06\/07\/encuentro-violencia-en-contra-de-las-mujeres-politicas\/#primaryimage"},"thumbnailUrl":"https:\/\/www.participacionciudadana.org\/web\/wp-content\/uploads\/2019\/06\/WhatsApp_Image_2019-06-07_at_160839.jpeg","datePublished":"2019-06-07T17:53:01+00:00","breadcrumb":{"@id":"https:\/\/www.participacionciudadana.org\/web\/2019\/06\/07\/encuentro-violencia-en-contra-de-las-mujeres-politicas\/#breadcrumb"},"inLanguage":"es","potentialAction":[{"@type":"ReadAction","target":["https:\/\/www.participacionciudadana.org\/web\/2019\/06\/07\/encuentro-violencia-en-contra-de-las-mujeres-politicas\/"]}]},{"@type":"ImageObject","inLanguage":"es","@id":"https:\/\/www.participacionciudadana.org\/web\/2019\/06\/07\/encuentro-violencia-en-contra-de-las-mujeres-politicas\/#primaryimage","url":"https:\/\/www.participacionciudadana.org\/web\/wp-content\/uploads\/2019\/06\/WhatsApp_Image_2019-06-07_at_160839.jpeg","contentUrl":"https:\/\/www.participacionciudadana.org\/web\/wp-content\/uploads\/2019\/06\/WhatsApp_Image_2019-06-07_at_160839.jpeg","width":1280,"height":718},{"@type":"BreadcrumbList","@id":"https:\/\/www.participacionciudadana.org\/web\/2019\/06\/07\/encuentro-violencia-en-contra-de-las-mujeres-politicas\/#breadcrumb","itemListElement":[{"@type":"ListItem","position":1,"name":"Portada","item":"https:\/\/www.participacionciudadana.org\/web\/"},{"@type":"ListItem","position":2,"name":"PC presenta el Informe sobre Violencia Contra las Mujeres Pol\u00edticas"}]},{"@type":"WebSite","@id":"https:\/\/www.participacionciudadana.org\/web\/#website","url":"https:\/\/www.participacionciudadana.org\/web\/","name":"Participaci\u00f3n Ciudadana","description":"Comprometidos con la democracia","publisher":{"@id":"https:\/\/www.participacionciudadana.org\/web\/#organization"},"potentialAction":[{"@type":"SearchAction","target":{"@type":"EntryPoint","urlTemplate":"https:\/\/www.participacionciudadana.org\/web\/?s={search_term_string}"},"query-input":{"@type":"PropertyValueSpecification","valueRequired":true,"valueName":"search_term_string"}}],"inLanguage":"es"},{"@type":"Organization","@id":"https:\/\/www.participacionciudadana.org\/web\/#organization","name":"Participaci\u00f3n Ciudadana","url":"https:\/\/www.participacionciudadana.org\/web\/","logo":{"@type":"ImageObject","inLanguage":"es","@id":"https:\/\/www.participacionciudadana.org\/web\/#\/schema\/logo\/image\/","url":"https:\/\/www.participacionciudadana.org\/web\/wp-content\/uploads\/2021\/11\/cropped-logo_pc-1.png","contentUrl":"https:\/\/www.participacionciudadana.org\/web\/wp-content\/uploads\/2021\/11\/cropped-logo_pc-1.png","width":340,"height":114,"caption":"Participaci\u00f3n Ciudadana"},"image":{"@id":"https:\/\/www.participacionciudadana.org\/web\/#\/schema\/logo\/image\/"},"sameAs":["https:\/\/www.facebook.com\/ParticipacionPC\/","https:\/\/x.com\/ParticipacionPC"]},{"@type":"Person","@id":"https:\/\/www.participacionciudadana.org\/web\/#\/schema\/person\/67ded4b29f4c10d217a0e025340d23ea","name":"auzfabian","image":{"@type":"ImageObject","inLanguage":"es","@id":"https:\/\/www.participacionciudadana.org\/web\/#\/schema\/person\/image\/","url":"https:\/\/secure.gravatar.com\/avatar\/b07eacb2fae81fba8818d35abde16f5d26c3e833d77fabbeeb8d53523e796bde?s=96&d=mm&r=g","contentUrl":"https:\/\/secure.gravatar.com\/avatar\/b07eacb2fae81fba8818d35abde16f5d26c3e833d77fabbeeb8d53523e796bde?s=96&d=mm&r=g","caption":"auzfabian"},"sameAs":["https:\/\/www.participacionciudadana.org\/web"],"url":"https:\/\/www.participacionciudadana.org\/web\/author\/auzfabian\/"}]}},"_links":{"self":[{"href":"https:\/\/www.participacionciudadana.org\/web\/wp-json\/wp\/v2\/posts\/1795","targetHints":{"allow":["GET"]}}],"collection":[{"href":"https:\/\/www.participacionciudadana.org\/web\/wp-json\/wp\/v2\/posts"}],"about":[{"href":"https:\/\/www.participacionciudadana.org\/web\/wp-json\/wp\/v2\/types\/post"}],"author":[{"embeddable":true,"href":"https:\/\/www.participacionciudadana.org\/web\/wp-json\/wp\/v2\/users\/1"}],"replies":[{"embeddable":true,"href":"https:\/\/www.participacionciudadana.org\/web\/wp-json\/wp\/v2\/comments?post=1795"}],"version-history":[{"count":0,"href":"https:\/\/www.participacionciudadana.org\/web\/wp-json\/wp\/v2\/posts\/1795\/revisions"}],"wp:featuredmedia":[{"embeddable":true,"href":"https:\/\/www.participacionciudadana.org\/web\/wp-json\/wp\/v2\/media\/1794"}],"wp:attachment":[{"href":"https:\/\/www.participacionciudadana.org\/web\/wp-json\/wp\/v2\/media?parent=1795"}],"wp:term":[{"taxonomy":"category","embeddable":true,"href":"https:\/\/www.participacionciudadana.org\/web\/wp-json\/wp\/v2\/categories?post=1795"},{"taxonomy":"post_tag","embeddable":true,"href":"https:\/\/www.participacionciudadana.org\/web\/wp-json\/wp\/v2\/tags?post=1795"}],"curies":[{"name":"wp","href":"https:\/\/api.w.org\/{rel}","templated":true}]}}