{"id":1796,"date":"2019-06-24T13:07:38","date_gmt":"2019-06-24T18:07:38","guid":{"rendered":"https:\/\/www.participacionciudadana.org\/web\/2019\/06\/24\/pc-considera-urgente-acelerar-la-reforma-al-codigo-de-la-democracia\/"},"modified":"2019-06-24T13:07:38","modified_gmt":"2019-06-24T18:07:38","slug":"pc-considera-urgente-acelerar-la-reforma-al-codigo-de-la-democracia","status":"publish","type":"post","link":"https:\/\/www.participacionciudadana.org\/web\/2019\/06\/24\/pc-considera-urgente-acelerar-la-reforma-al-codigo-de-la-democracia\/","title":{"rendered":"PC considera urgente acelerar la Reforma al C\u00f3digo de la Democracia"},"content":{"rendered":"<p style=\"text-align:justify;line-height:normal;\"><span style=\"font-family:arial,sans-serif;\"><span style=\"font-size:12.0pt;\">Desde la Corporaci\u00f3n Participaci\u00f3n Ciudadana, <strong>consideramos que es fundamental<\/strong> que la Asamblea Nacional concluya el tratamiento de las <strong>Reformas al Sistema Electoral y a la Ley Org\u00e1nica Electoral y de Organizaciones Pol\u00edticas<\/strong> \u2013 C\u00f3digo de la Democracia.<\/span><\/span><span style=\"font-family:times new roman,serif;\"><span style=\"font-size:12.0pt;\"><\/span><\/span><\/p>\n<p style=\"text-align:justify;line-height:normal;\"><strong><span style=\"font-family:arial,sans-serif;\"><span style=\"font-size:12.0pt;\">PC present\u00f3 una propuesta global<\/span><\/span><\/strong><span style=\"font-family:arial,sans-serif;\"><span style=\"font-size:12.0pt;\"> que abarca varios temas como: renuncia y licencia de autoridades en funciones, forma y f\u00f3rmula de asignaci\u00f3n de esca\u00f1os, normas de paridad, eliminaci\u00f3n de distritos, publicidad oficial durante la campa\u00f1a, implementaci\u00f3n de foros p\u00fablicos de debate, restricciones informativas durante la campa\u00f1a y actualizaci\u00f3n de montos de gasto electoral.&nbsp;<\/span><\/span><span style=\"font-family:times new roman,serif;\"><span style=\"font-size:12.0pt;\"><\/span><\/span><\/p>\n<p style=\"margin-bottom:0cm;margin-bottom:.0001pt;line-height:normal;\"><span style=\"font-family:arial,sans-serif;\"><span style=\"font-size:12.0pt;\">Sin embargo, considerando que la legislaci\u00f3n prev\u00e9 la posibilidad de realizar cambios hasta un a\u00f1o antes de las elecciones (febrero de 2020), <strong>planteamos que la reforma se centre en cuatro \u00edtems fundamentales:<\/strong><\/span><\/span><span style=\"font-family:times new roman,serif;\"><span style=\"font-size:12.0pt;\"><\/span><\/span><\/p>\n<ul style=\"list-style-type:circle;\">\n<li style=\"margin-top:0cm;margin-right:0cm;margin-bottom:0cm;margin-bottom:.0001pt;text-align:justify;\"><span style=\"font-family:wingdings;\"><span style=\"font-size:12.0pt;\"><\/span><\/span><span style=\"font-family:arial,sans-serif;\"><span style=\"font-size:12.0pt;\">Renuncia y licencia de autoridades en funciones que se postulen como candidatos.<\/span><\/span><\/li>\n<li style=\"margin-top:0cm;margin-right:0cm;margin-bottom:0cm;margin-bottom:.0001pt;text-align:justify;\"><span style=\"font-family:wingdings;\"><span style=\"font-size:12.0pt;\"><\/span><\/span><span style=\"font-family:arial,sans-serif;\"><span style=\"font-size:12.0pt;\">Forma de votaci\u00f3n y f\u00f3rmula de asignaci\u00f3n de esca\u00f1os.<\/span><\/span><\/li>\n<li style=\"margin-top:0cm;margin-right:0cm;margin-bottom:0cm;margin-bottom:.0001pt;text-align:justify;\"><span style=\"font-family:wingdings;\"><span style=\"font-size:12.0pt;\"><\/span><\/span><span style=\"font-family:arial,sans-serif;\"><span style=\"font-size:12.0pt;\">Inclusi\u00f3n de mujeres como cabezas de lista al menos en un 40%<\/span><\/span><span style=\"font-family:arial,sans-serif;\"><span style=\"font-size:12.0pt;\"><\/span><\/span><\/li>\n<li style=\"margin-top:0cm;margin-right:0cm;margin-bottom:0cm;margin-bottom:.0001pt;text-align:justify;\"><span style=\"text-decoration:none;text-underline:none;\"><span style=\"font-family:wingdings;\"><span style=\"font-size:12.0pt;\"><\/span><\/span><\/span><span style=\"font-family:arial,sans-serif;\"><span style=\"font-size:12.0pt;\">Actualizaci\u00f3n de montos de gasto electoral. <\/span><\/span><\/li>\n<\/ul>\n<p style=\"text-align:justify;line-height:normal;\"><span style=\"font-family:arial,sans-serif;\"><span style=\"font-size:12.0pt;\">Concluida esta reforma, se podr\u00e1 iniciar una revisi\u00f3n integral de la legislaci\u00f3n, pensando en los procesos electorales futuros.<\/span><\/span><span style=\"font-family:times new roman,serif;\"><span style=\"font-size:12.0pt;\"><\/span><\/span><\/p>\n<p style=\"margin-bottom:0cm;margin-bottom:.0001pt;line-height:normal;\"><strong><span style=\"font-family:arial,sans-serif;\"><span style=\"font-size:12.0pt;\">Si la Asamblea no consigue en los pr\u00f3ximos meses modificar al menos temas b\u00e1sicos como los cuatro se\u00f1alados, iremos a un nuevo proceso elector con serias deficiencias normativos como las que contiene la actual legislaci\u00f3n.<\/span><\/span><\/strong><span style=\"font-family:times new roman,serif;\"><span style=\"font-size:12.0pt;\"><\/span><\/span><\/p>\n<p style=\"text-align:justify;line-height:normal;\"><span style=\"font-family:arial,sans-serif;\"><span style=\"font-size:12.0pt;\">Les compartimos el an\u00e1lisis de estos puntos <\/span><\/span><a href=\"http:\/\/bit.ly\/2Xxx2NU\"><span style=\"font-family:arial,sans-serif;\"><span style=\"font-size:12.0pt;\">aqu\u00ed<\/span><\/span><\/a><span style=\"font-family:arial,sans-serif;\"><span style=\"font-size:12.0pt;\">.<\/span><\/span><span style=\"font-family:times new roman,serif;\"><span style=\"font-size:12.0pt;\"><\/span><\/span><\/p>\n","protected":false},"excerpt":{"rendered":"<p>Desde la Corporaci\u00f3n Participaci\u00f3n Ciudadana, consideramos que es fundamental que la Asamblea Nacional concluya el tratamiento de las Reformas al Sistema Electoral y a la Ley Org\u00e1nica Electoral y de Organizaciones Pol\u00edticas \u2013 C\u00f3digo de la Democracia. PC present\u00f3 una propuesta global que abarca varios temas como: renuncia y licencia de autoridades en funciones, forma [&hellip;]<\/p>\n","protected":false},"author":1,"featured_media":0,"comment_status":"open","ping_status":"open","sticky":false,"template":"","format":"standard","meta":{"site-sidebar-layout":"default","site-content-layout":"","ast-site-content-layout":"default","site-content-style":"default","site-sidebar-style":"default","ast-global-header-display":"","ast-banner-title-visibility":"","ast-main-header-display":"","ast-hfb-above-header-display":"","ast-hfb-below-header-display":"","ast-hfb-mobile-header-display":"","site-post-title":"","ast-breadcrumbs-content":"","ast-featured-img":"","footer-sml-layout":"","ast-disable-related-posts":"","theme-transparent-header-meta":"","adv-header-id-meta":"","stick-header-meta":"","header-above-stick-meta":"","header-main-stick-meta":"","header-below-stick-meta":"","astra-migrate-meta-layouts":"default","ast-page-background-enabled":"default","ast-page-background-meta":{"desktop":{"background-color":"","background-image":"","background-repeat":"repeat","background-position":"center center","background-size":"auto","background-attachment":"scroll","background-type":"","background-media":"","overlay-type":"","overlay-color":"","overlay-opacity":"","overlay-gradient":""},"tablet":{"background-color":"","background-image":"","background-repeat":"repeat","background-position":"center center","background-size":"auto","background-attachment":"scroll","background-type":"","background-media":"","overlay-type":"","overlay-color":"","overlay-opacity":"","overlay-gradient":""},"mobile":{"background-color":"","background-image":"","background-repeat":"repeat","background-position":"center center","background-size":"auto","background-attachment":"scroll","background-type":"","background-media":"","overlay-type":"","overlay-color":"","overlay-opacity":"","overlay-gradient":""}},"ast-content-background-meta":{"desktop":{"background-color":"var(--ast-global-color-5)","background-image":"","background-repeat":"repeat","background-position":"center center","background-size":"auto","background-attachment":"scroll","background-type":"","background-media":"","overlay-type":"","overlay-color":"","overlay-opacity":"","overlay-gradient":""},"tablet":{"background-color":"var(--ast-global-color-5)","background-image":"","background-repeat":"repeat","background-position":"center center","background-size":"auto","background-attachment":"scroll","background-type":"","background-media":"","overlay-type":"","overlay-color":"","overlay-opacity":"","overlay-gradient":""},"mobile":{"background-color":"var(--ast-global-color-5)","background-image":"","background-repeat":"repeat","background-position":"center center","background-size":"auto","background-attachment":"scroll","background-type":"","background-media":"","overlay-type":"","overlay-color":"","overlay-opacity":"","overlay-gradient":""}},"_joinchat":[],"footnotes":""},"categories":[16],"tags":[],"class_list":["post-1796","post","type-post","status-publish","format-standard","hentry","category-actualidad"],"yoast_head":"<!-- This site is optimized with the Yoast SEO plugin v26.5 - https:\/\/yoast.com\/wordpress\/plugins\/seo\/ -->\n<title>PC considera urgente acelerar la Reforma al C\u00f3digo de la Democracia - Participaci\u00f3n Ciudadana<\/title>\n<meta name=\"robots\" content=\"index, follow, max-snippet:-1, max-image-preview:large, max-video-preview:-1\" \/>\n<link rel=\"canonical\" href=\"https:\/\/www.participacionciudadana.org\/web\/2019\/06\/24\/pc-considera-urgente-acelerar-la-reforma-al-codigo-de-la-democracia\/\" \/>\n<meta property=\"og:locale\" content=\"es_ES\" \/>\n<meta property=\"og:type\" content=\"article\" \/>\n<meta property=\"og:title\" content=\"PC considera urgente acelerar la Reforma al C\u00f3digo de la Democracia - Participaci\u00f3n Ciudadana\" \/>\n<meta property=\"og:description\" content=\"Desde la Corporaci\u00f3n Participaci\u00f3n Ciudadana, consideramos que es fundamental que la Asamblea Nacional concluya el tratamiento de las Reformas al Sistema Electoral y a la Ley Org\u00e1nica Electoral y de Organizaciones Pol\u00edticas \u2013 C\u00f3digo de la Democracia. PC present\u00f3 una propuesta global que abarca varios temas como: renuncia y licencia de autoridades en funciones, forma [&hellip;]\" \/>\n<meta property=\"og:url\" content=\"https:\/\/www.participacionciudadana.org\/web\/2019\/06\/24\/pc-considera-urgente-acelerar-la-reforma-al-codigo-de-la-democracia\/\" \/>\n<meta property=\"og:site_name\" content=\"Participaci\u00f3n Ciudadana\" \/>\n<meta property=\"article:publisher\" content=\"https:\/\/www.facebook.com\/ParticipacionPC\/\" \/>\n<meta property=\"article:published_time\" content=\"2019-06-24T18:07:38+00:00\" \/>\n<meta name=\"author\" content=\"auzfabian\" \/>\n<meta name=\"twitter:card\" content=\"summary_large_image\" \/>\n<meta name=\"twitter:creator\" content=\"@ParticipacionPC\" \/>\n<meta name=\"twitter:site\" content=\"@ParticipacionPC\" \/>\n<meta name=\"twitter:label1\" content=\"Escrito por\" \/>\n\t<meta name=\"twitter:data1\" content=\"auzfabian\" \/>\n\t<meta name=\"twitter:label2\" content=\"Tiempo de lectura\" \/>\n\t<meta name=\"twitter:data2\" content=\"1 minuto\" \/>\n<script type=\"application\/ld+json\" class=\"yoast-schema-graph\">{\"@context\":\"https:\/\/schema.org\",\"@graph\":[{\"@type\":\"Article\",\"@id\":\"https:\/\/www.participacionciudadana.org\/web\/2019\/06\/24\/pc-considera-urgente-acelerar-la-reforma-al-codigo-de-la-democracia\/#article\",\"isPartOf\":{\"@id\":\"https:\/\/www.participacionciudadana.org\/web\/2019\/06\/24\/pc-considera-urgente-acelerar-la-reforma-al-codigo-de-la-democracia\/\"},\"author\":{\"name\":\"auzfabian\",\"@id\":\"https:\/\/www.participacionciudadana.org\/web\/#\/schema\/person\/67ded4b29f4c10d217a0e025340d23ea\"},\"headline\":\"PC considera urgente acelerar la Reforma al C\u00f3digo de la Democracia\",\"datePublished\":\"2019-06-24T18:07:38+00:00\",\"mainEntityOfPage\":{\"@id\":\"https:\/\/www.participacionciudadana.org\/web\/2019\/06\/24\/pc-considera-urgente-acelerar-la-reforma-al-codigo-de-la-democracia\/\"},\"wordCount\":261,\"commentCount\":0,\"publisher\":{\"@id\":\"https:\/\/www.participacionciudadana.org\/web\/#organization\"},\"articleSection\":[\"Actualidad\"],\"inLanguage\":\"es\",\"potentialAction\":[{\"@type\":\"CommentAction\",\"name\":\"Comment\",\"target\":[\"https:\/\/www.participacionciudadana.org\/web\/2019\/06\/24\/pc-considera-urgente-acelerar-la-reforma-al-codigo-de-la-democracia\/#respond\"]}]},{\"@type\":\"WebPage\",\"@id\":\"https:\/\/www.participacionciudadana.org\/web\/2019\/06\/24\/pc-considera-urgente-acelerar-la-reforma-al-codigo-de-la-democracia\/\",\"url\":\"https:\/\/www.participacionciudadana.org\/web\/2019\/06\/24\/pc-considera-urgente-acelerar-la-reforma-al-codigo-de-la-democracia\/\",\"name\":\"PC considera urgente acelerar la Reforma al C\u00f3digo de la Democracia - Participaci\u00f3n Ciudadana\",\"isPartOf\":{\"@id\":\"https:\/\/www.participacionciudadana.org\/web\/#website\"},\"datePublished\":\"2019-06-24T18:07:38+00:00\",\"breadcrumb\":{\"@id\":\"https:\/\/www.participacionciudadana.org\/web\/2019\/06\/24\/pc-considera-urgente-acelerar-la-reforma-al-codigo-de-la-democracia\/#breadcrumb\"},\"inLanguage\":\"es\",\"potentialAction\":[{\"@type\":\"ReadAction\",\"target\":[\"https:\/\/www.participacionciudadana.org\/web\/2019\/06\/24\/pc-considera-urgente-acelerar-la-reforma-al-codigo-de-la-democracia\/\"]}]},{\"@type\":\"BreadcrumbList\",\"@id\":\"https:\/\/www.participacionciudadana.org\/web\/2019\/06\/24\/pc-considera-urgente-acelerar-la-reforma-al-codigo-de-la-democracia\/#breadcrumb\",\"itemListElement\":[{\"@type\":\"ListItem\",\"position\":1,\"name\":\"Portada\",\"item\":\"https:\/\/www.participacionciudadana.org\/web\/\"},{\"@type\":\"ListItem\",\"position\":2,\"name\":\"PC considera urgente acelerar la Reforma al C\u00f3digo de la Democracia\"}]},{\"@type\":\"WebSite\",\"@id\":\"https:\/\/www.participacionciudadana.org\/web\/#website\",\"url\":\"https:\/\/www.participacionciudadana.org\/web\/\",\"name\":\"Participaci\u00f3n Ciudadana\",\"description\":\"Comprometidos con la democracia\",\"publisher\":{\"@id\":\"https:\/\/www.participacionciudadana.org\/web\/#organization\"},\"potentialAction\":[{\"@type\":\"SearchAction\",\"target\":{\"@type\":\"EntryPoint\",\"urlTemplate\":\"https:\/\/www.participacionciudadana.org\/web\/?s={search_term_string}\"},\"query-input\":{\"@type\":\"PropertyValueSpecification\",\"valueRequired\":true,\"valueName\":\"search_term_string\"}}],\"inLanguage\":\"es\"},{\"@type\":\"Organization\",\"@id\":\"https:\/\/www.participacionciudadana.org\/web\/#organization\",\"name\":\"Participaci\u00f3n Ciudadana\",\"url\":\"https:\/\/www.participacionciudadana.org\/web\/\",\"logo\":{\"@type\":\"ImageObject\",\"inLanguage\":\"es\",\"@id\":\"https:\/\/www.participacionciudadana.org\/web\/#\/schema\/logo\/image\/\",\"url\":\"https:\/\/www.participacionciudadana.org\/web\/wp-content\/uploads\/2021\/11\/cropped-logo_pc-1.png\",\"contentUrl\":\"https:\/\/www.participacionciudadana.org\/web\/wp-content\/uploads\/2021\/11\/cropped-logo_pc-1.png\",\"width\":340,\"height\":114,\"caption\":\"Participaci\u00f3n Ciudadana\"},\"image\":{\"@id\":\"https:\/\/www.participacionciudadana.org\/web\/#\/schema\/logo\/image\/\"},\"sameAs\":[\"https:\/\/www.facebook.com\/ParticipacionPC\/\",\"https:\/\/x.com\/ParticipacionPC\"]},{\"@type\":\"Person\",\"@id\":\"https:\/\/www.participacionciudadana.org\/web\/#\/schema\/person\/67ded4b29f4c10d217a0e025340d23ea\",\"name\":\"auzfabian\",\"image\":{\"@type\":\"ImageObject\",\"inLanguage\":\"es\",\"@id\":\"https:\/\/www.participacionciudadana.org\/web\/#\/schema\/person\/image\/\",\"url\":\"https:\/\/secure.gravatar.com\/avatar\/b07eacb2fae81fba8818d35abde16f5d26c3e833d77fabbeeb8d53523e796bde?s=96&d=mm&r=g\",\"contentUrl\":\"https:\/\/secure.gravatar.com\/avatar\/b07eacb2fae81fba8818d35abde16f5d26c3e833d77fabbeeb8d53523e796bde?s=96&d=mm&r=g\",\"caption\":\"auzfabian\"},\"sameAs\":[\"https:\/\/www.participacionciudadana.org\/web\"],\"url\":\"https:\/\/www.participacionciudadana.org\/web\/author\/auzfabian\/\"}]}<\/script>\n<!-- \/ Yoast SEO plugin. -->","yoast_head_json":{"title":"PC considera urgente acelerar la Reforma al C\u00f3digo de la Democracia - Participaci\u00f3n Ciudadana","robots":{"index":"index","follow":"follow","max-snippet":"max-snippet:-1","max-image-preview":"max-image-preview:large","max-video-preview":"max-video-preview:-1"},"canonical":"https:\/\/www.participacionciudadana.org\/web\/2019\/06\/24\/pc-considera-urgente-acelerar-la-reforma-al-codigo-de-la-democracia\/","og_locale":"es_ES","og_type":"article","og_title":"PC considera urgente acelerar la Reforma al C\u00f3digo de la Democracia - Participaci\u00f3n Ciudadana","og_description":"Desde la Corporaci\u00f3n Participaci\u00f3n Ciudadana, consideramos que es fundamental que la Asamblea Nacional concluya el tratamiento de las Reformas al Sistema Electoral y a la Ley Org\u00e1nica Electoral y de Organizaciones Pol\u00edticas \u2013 C\u00f3digo de la Democracia. PC present\u00f3 una propuesta global que abarca varios temas como: renuncia y licencia de autoridades en funciones, forma [&hellip;]","og_url":"https:\/\/www.participacionciudadana.org\/web\/2019\/06\/24\/pc-considera-urgente-acelerar-la-reforma-al-codigo-de-la-democracia\/","og_site_name":"Participaci\u00f3n Ciudadana","article_publisher":"https:\/\/www.facebook.com\/ParticipacionPC\/","article_published_time":"2019-06-24T18:07:38+00:00","author":"auzfabian","twitter_card":"summary_large_image","twitter_creator":"@ParticipacionPC","twitter_site":"@ParticipacionPC","twitter_misc":{"Escrito por":"auzfabian","Tiempo de lectura":"1 minuto"},"schema":{"@context":"https:\/\/schema.org","@graph":[{"@type":"Article","@id":"https:\/\/www.participacionciudadana.org\/web\/2019\/06\/24\/pc-considera-urgente-acelerar-la-reforma-al-codigo-de-la-democracia\/#article","isPartOf":{"@id":"https:\/\/www.participacionciudadana.org\/web\/2019\/06\/24\/pc-considera-urgente-acelerar-la-reforma-al-codigo-de-la-democracia\/"},"author":{"name":"auzfabian","@id":"https:\/\/www.participacionciudadana.org\/web\/#\/schema\/person\/67ded4b29f4c10d217a0e025340d23ea"},"headline":"PC considera urgente acelerar la Reforma al C\u00f3digo de la Democracia","datePublished":"2019-06-24T18:07:38+00:00","mainEntityOfPage":{"@id":"https:\/\/www.participacionciudadana.org\/web\/2019\/06\/24\/pc-considera-urgente-acelerar-la-reforma-al-codigo-de-la-democracia\/"},"wordCount":261,"commentCount":0,"publisher":{"@id":"https:\/\/www.participacionciudadana.org\/web\/#organization"},"articleSection":["Actualidad"],"inLanguage":"es","potentialAction":[{"@type":"CommentAction","name":"Comment","target":["https:\/\/www.participacionciudadana.org\/web\/2019\/06\/24\/pc-considera-urgente-acelerar-la-reforma-al-codigo-de-la-democracia\/#respond"]}]},{"@type":"WebPage","@id":"https:\/\/www.participacionciudadana.org\/web\/2019\/06\/24\/pc-considera-urgente-acelerar-la-reforma-al-codigo-de-la-democracia\/","url":"https:\/\/www.participacionciudadana.org\/web\/2019\/06\/24\/pc-considera-urgente-acelerar-la-reforma-al-codigo-de-la-democracia\/","name":"PC considera urgente acelerar la Reforma al C\u00f3digo de la Democracia - Participaci\u00f3n Ciudadana","isPartOf":{"@id":"https:\/\/www.participacionciudadana.org\/web\/#website"},"datePublished":"2019-06-24T18:07:38+00:00","breadcrumb":{"@id":"https:\/\/www.participacionciudadana.org\/web\/2019\/06\/24\/pc-considera-urgente-acelerar-la-reforma-al-codigo-de-la-democracia\/#breadcrumb"},"inLanguage":"es","potentialAction":[{"@type":"ReadAction","target":["https:\/\/www.participacionciudadana.org\/web\/2019\/06\/24\/pc-considera-urgente-acelerar-la-reforma-al-codigo-de-la-democracia\/"]}]},{"@type":"BreadcrumbList","@id":"https:\/\/www.participacionciudadana.org\/web\/2019\/06\/24\/pc-considera-urgente-acelerar-la-reforma-al-codigo-de-la-democracia\/#breadcrumb","itemListElement":[{"@type":"ListItem","position":1,"name":"Portada","item":"https:\/\/www.participacionciudadana.org\/web\/"},{"@type":"ListItem","position":2,"name":"PC considera urgente acelerar la Reforma al C\u00f3digo de la Democracia"}]},{"@type":"WebSite","@id":"https:\/\/www.participacionciudadana.org\/web\/#website","url":"https:\/\/www.participacionciudadana.org\/web\/","name":"Participaci\u00f3n Ciudadana","description":"Comprometidos con la democracia","publisher":{"@id":"https:\/\/www.participacionciudadana.org\/web\/#organization"},"potentialAction":[{"@type":"SearchAction","target":{"@type":"EntryPoint","urlTemplate":"https:\/\/www.participacionciudadana.org\/web\/?s={search_term_string}"},"query-input":{"@type":"PropertyValueSpecification","valueRequired":true,"valueName":"search_term_string"}}],"inLanguage":"es"},{"@type":"Organization","@id":"https:\/\/www.participacionciudadana.org\/web\/#organization","name":"Participaci\u00f3n Ciudadana","url":"https:\/\/www.participacionciudadana.org\/web\/","logo":{"@type":"ImageObject","inLanguage":"es","@id":"https:\/\/www.participacionciudadana.org\/web\/#\/schema\/logo\/image\/","url":"https:\/\/www.participacionciudadana.org\/web\/wp-content\/uploads\/2021\/11\/cropped-logo_pc-1.png","contentUrl":"https:\/\/www.participacionciudadana.org\/web\/wp-content\/uploads\/2021\/11\/cropped-logo_pc-1.png","width":340,"height":114,"caption":"Participaci\u00f3n Ciudadana"},"image":{"@id":"https:\/\/www.participacionciudadana.org\/web\/#\/schema\/logo\/image\/"},"sameAs":["https:\/\/www.facebook.com\/ParticipacionPC\/","https:\/\/x.com\/ParticipacionPC"]},{"@type":"Person","@id":"https:\/\/www.participacionciudadana.org\/web\/#\/schema\/person\/67ded4b29f4c10d217a0e025340d23ea","name":"auzfabian","image":{"@type":"ImageObject","inLanguage":"es","@id":"https:\/\/www.participacionciudadana.org\/web\/#\/schema\/person\/image\/","url":"https:\/\/secure.gravatar.com\/avatar\/b07eacb2fae81fba8818d35abde16f5d26c3e833d77fabbeeb8d53523e796bde?s=96&d=mm&r=g","contentUrl":"https:\/\/secure.gravatar.com\/avatar\/b07eacb2fae81fba8818d35abde16f5d26c3e833d77fabbeeb8d53523e796bde?s=96&d=mm&r=g","caption":"auzfabian"},"sameAs":["https:\/\/www.participacionciudadana.org\/web"],"url":"https:\/\/www.participacionciudadana.org\/web\/author\/auzfabian\/"}]}},"_links":{"self":[{"href":"https:\/\/www.participacionciudadana.org\/web\/wp-json\/wp\/v2\/posts\/1796","targetHints":{"allow":["GET"]}}],"collection":[{"href":"https:\/\/www.participacionciudadana.org\/web\/wp-json\/wp\/v2\/posts"}],"about":[{"href":"https:\/\/www.participacionciudadana.org\/web\/wp-json\/wp\/v2\/types\/post"}],"author":[{"embeddable":true,"href":"https:\/\/www.participacionciudadana.org\/web\/wp-json\/wp\/v2\/users\/1"}],"replies":[{"embeddable":true,"href":"https:\/\/www.participacionciudadana.org\/web\/wp-json\/wp\/v2\/comments?post=1796"}],"version-history":[{"count":0,"href":"https:\/\/www.participacionciudadana.org\/web\/wp-json\/wp\/v2\/posts\/1796\/revisions"}],"wp:attachment":[{"href":"https:\/\/www.participacionciudadana.org\/web\/wp-json\/wp\/v2\/media?parent=1796"}],"wp:term":[{"taxonomy":"category","embeddable":true,"href":"https:\/\/www.participacionciudadana.org\/web\/wp-json\/wp\/v2\/categories?post=1796"},{"taxonomy":"post_tag","embeddable":true,"href":"https:\/\/www.participacionciudadana.org\/web\/wp-json\/wp\/v2\/tags?post=1796"}],"curies":[{"name":"wp","href":"https:\/\/api.w.org\/{rel}","templated":true}]}}