{"id":1798,"date":"2019-07-23T12:23:01","date_gmt":"2019-07-23T17:23:01","guid":{"rendered":"https:\/\/www.participacionciudadana.org\/web\/2019\/07\/23\/jovenes-liderando-cuarto-modulo-de-capacitacion-resolucion-de-conflictos\/"},"modified":"2022-01-06T17:05:11","modified_gmt":"2022-01-06T22:05:11","slug":"jovenes-liderando-cuarto-modulo-de-capacitacion-resolucion-de-conflictos","status":"publish","type":"post","link":"https:\/\/www.participacionciudadana.org\/web\/2019\/07\/23\/jovenes-liderando-cuarto-modulo-de-capacitacion-resolucion-de-conflictos\/","title":{"rendered":"J\u00f3venes Liderando: cuarto m\u00f3dulo de capacitaci\u00f3n, Resoluci\u00f3n de Conflictos"},"content":{"rendered":"<p style=\"margin:0cm 0cm 8pt;color:rgb(34, 34, 34);line-height:11.75pt;background-image:initial;background-position:initial;background-size:initial;background-repeat:initial;background-origin:initial;background-clip:initial;font-size:11pt;font-family:Calibri, sans-serif;\">El pasado 20 de julio, miembros de la iniciativa \u2018J\u00f3venes Liderando\u2019 continuaron con la capacitaci\u00f3n, esta vez desde Quito.<\/p>\n<p style=\"margin:0cm 0cm 8pt;color:rgb(34, 34, 34);line-height:11.75pt;background-image:initial;background-position:initial;background-size:initial;background-repeat:initial;background-origin:initial;background-clip:initial;font-size:11pt;font-family:Calibri, sans-serif;\">Los j\u00f3venes miembros de nuestra iniciativa fueron capacitados en Resoluci\u00f3n de Conflictos y Estrategias de Comunicaci\u00f3n durante una jornada que inici\u00f3 a las 9:00 hasta las 17:00 en el Hotel Dann Carlton.<\/p>\n<p style=\"margin:0cm 0cm 8pt;color:rgb(34, 34, 34);line-height:11.75pt;background-image:initial;background-position:initial;background-size:initial;background-repeat:initial;background-origin:initial;background-clip:initial;font-size:11pt;font-family:Calibri, sans-serif;\">Durante el taller aprendieron t\u00e9cnicas para resolver conflictos a trav\u00e9s de actividades participativas. Tambi\u00e9n c\u00f3mo elaborar el mensaje correcto para comunicar a los dem\u00e1s en redes sociales. Durante la jornada los j\u00f3venes elaboraron productos que fueron expuestos a los asistentes.<\/p>\n<p style=\"margin:0cm 0cm 8pt;color:rgb(34, 34, 34);line-height:11.75pt;background-image:initial;background-position:initial;background-size:initial;background-repeat:initial;background-origin:initial;background-clip:initial;font-size:11pt;font-family:Calibri, sans-serif;\">Semanas atr\u00e1s los j\u00f3venes fueron capacitados en t\u00e9cnicas de liderazgo personal.<\/p>\n<p style=\"margin:0cm 0cm 8pt;color:rgb(34, 34, 34);line-height:11.75pt;background-image:initial;background-position:initial;background-size:initial;background-repeat:initial;background-origin:initial;background-clip:initial;font-size:11pt;font-family:Calibri, sans-serif;\">Los productos comunicacionales #J\u00f3venesLiderando est\u00e1n disponibles en la web de PC&nbsp;<a data-saferedirecturl=\"https:\/\/www.google.com\/url?q=http:\/\/www.participacionciudadana.org\/&amp;source=gmail&amp;ust=1563988615173000&amp;usg=AFQjCNGy554TDHcLsQOOuMCOnkBNhaWbRQ\" href=\"http:\/\/www.participacionciudadana.org\/\" style=\"color:rgb(17, 85, 204);\" target=\"_blank\" rel=\"noopener\">www.participacionciudadana.<wbr>org<\/a>&nbsp;y en nuestras redes sociales:<\/p>\n<p style=\"margin:0cm 0cm 8pt;color:rgb(34, 34, 34);line-height:11.75pt;background-image:initial;background-position:initial;background-size:initial;background-repeat:initial;background-origin:initial;background-clip:initial;font-size:11pt;font-family:Calibri, sans-serif;\">Twitter @Participaci\u00f3nPC y Facebook: &nbsp;J\u00f3venes Liderando&nbsp;<\/p>\n","protected":false},"excerpt":{"rendered":"<p>El pasado 20 de julio, miembros de la iniciativa \u2018J\u00f3venes Liderando\u2019 continuaron con la capacitaci\u00f3n, esta vez desde Quito. Los j\u00f3venes miembros de nuestra iniciativa fueron capacitados en Resoluci\u00f3n de Conflictos y Estrategias de Comunicaci\u00f3n durante una jornada que inici\u00f3 a las 9:00 hasta las 17:00 en el Hotel Dann Carlton. Durante el taller aprendieron [&hellip;]<\/p>\n","protected":false},"author":1,"featured_media":2626,"comment_status":"open","ping_status":"open","sticky":false,"template":"","format":"standard","meta":{"site-sidebar-layout":"default","site-content-layout":"","ast-site-content-layout":"default","site-content-style":"default","site-sidebar-style":"default","ast-global-header-display":"","ast-banner-title-visibility":"","ast-main-header-display":"","ast-hfb-above-header-display":"","ast-hfb-below-header-display":"","ast-hfb-mobile-header-display":"","site-post-title":"","ast-breadcrumbs-content":"","ast-featured-img":"","footer-sml-layout":"","ast-disable-related-posts":"","theme-transparent-header-meta":"","adv-header-id-meta":"","stick-header-meta":"","header-above-stick-meta":"","header-main-stick-meta":"","header-below-stick-meta":"","astra-migrate-meta-layouts":"default","ast-page-background-enabled":"default","ast-page-background-meta":{"desktop":{"background-color":"","background-image":"","background-repeat":"repeat","background-position":"center center","background-size":"auto","background-attachment":"scroll","background-type":"","background-media":"","overlay-type":"","overlay-color":"","overlay-opacity":"","overlay-gradient":""},"tablet":{"background-color":"","background-image":"","background-repeat":"repeat","background-position":"center center","background-size":"auto","background-attachment":"scroll","background-type":"","background-media":"","overlay-type":"","overlay-color":"","overlay-opacity":"","overlay-gradient":""},"mobile":{"background-color":"","background-image":"","background-repeat":"repeat","background-position":"center center","background-size":"auto","background-attachment":"scroll","background-type":"","background-media":"","overlay-type":"","overlay-color":"","overlay-opacity":"","overlay-gradient":""}},"ast-content-background-meta":{"desktop":{"background-color":"var(--ast-global-color-5)","background-image":"","background-repeat":"repeat","background-position":"center center","background-size":"auto","background-attachment":"scroll","background-type":"","background-media":"","overlay-type":"","overlay-color":"","overlay-opacity":"","overlay-gradient":""},"tablet":{"background-color":"var(--ast-global-color-5)","background-image":"","background-repeat":"repeat","background-position":"center center","background-size":"auto","background-attachment":"scroll","background-type":"","background-media":"","overlay-type":"","overlay-color":"","overlay-opacity":"","overlay-gradient":""},"mobile":{"background-color":"var(--ast-global-color-5)","background-image":"","background-repeat":"repeat","background-position":"center center","background-size":"auto","background-attachment":"scroll","background-type":"","background-media":"","overlay-type":"","overlay-color":"","overlay-opacity":"","overlay-gradient":""}},"_joinchat":[],"footnotes":""},"categories":[20],"tags":[],"class_list":["post-1798","post","type-post","status-publish","format-standard","has-post-thumbnail","hentry","category-jovenes-liderando"],"yoast_head":"<!-- This site is optimized with the Yoast SEO plugin v26.5 - https:\/\/yoast.com\/wordpress\/plugins\/seo\/ -->\n<title>J\u00f3venes Liderando: cuarto m\u00f3dulo de capacitaci\u00f3n, Resoluci\u00f3n de Conflictos - Participaci\u00f3n Ciudadana<\/title>\n<meta name=\"robots\" content=\"index, follow, max-snippet:-1, max-image-preview:large, max-video-preview:-1\" \/>\n<link rel=\"canonical\" href=\"https:\/\/www.participacionciudadana.org\/web\/2019\/07\/23\/jovenes-liderando-cuarto-modulo-de-capacitacion-resolucion-de-conflictos\/\" \/>\n<meta property=\"og:locale\" content=\"es_ES\" \/>\n<meta property=\"og:type\" content=\"article\" \/>\n<meta property=\"og:title\" content=\"J\u00f3venes Liderando: cuarto m\u00f3dulo de capacitaci\u00f3n, Resoluci\u00f3n de Conflictos - Participaci\u00f3n Ciudadana\" \/>\n<meta property=\"og:description\" content=\"El pasado 20 de julio, miembros de la iniciativa \u2018J\u00f3venes Liderando\u2019 continuaron con la capacitaci\u00f3n, esta vez desde Quito. Los j\u00f3venes miembros de nuestra iniciativa fueron capacitados en Resoluci\u00f3n de Conflictos y Estrategias de Comunicaci\u00f3n durante una jornada que inici\u00f3 a las 9:00 hasta las 17:00 en el Hotel Dann Carlton. Durante el taller aprendieron [&hellip;]\" \/>\n<meta property=\"og:url\" content=\"https:\/\/www.participacionciudadana.org\/web\/2019\/07\/23\/jovenes-liderando-cuarto-modulo-de-capacitacion-resolucion-de-conflictos\/\" \/>\n<meta property=\"og:site_name\" content=\"Participaci\u00f3n Ciudadana\" \/>\n<meta property=\"article:publisher\" content=\"https:\/\/www.facebook.com\/ParticipacionPC\/\" \/>\n<meta property=\"article:published_time\" content=\"2019-07-23T17:23:01+00:00\" \/>\n<meta property=\"article:modified_time\" content=\"2022-01-06T22:05:11+00:00\" \/>\n<meta property=\"og:image\" content=\"https:\/\/www.participacionciudadana.org\/web\/wp-content\/uploads\/2020\/05\/CuartoModulo.jpeg\" \/>\n\t<meta property=\"og:image:width\" content=\"400\" \/>\n\t<meta property=\"og:image:height\" content=\"300\" \/>\n\t<meta property=\"og:image:type\" content=\"image\/jpeg\" \/>\n<meta name=\"author\" content=\"auzfabian\" \/>\n<meta name=\"twitter:card\" content=\"summary_large_image\" \/>\n<meta name=\"twitter:creator\" content=\"@ParticipacionPC\" \/>\n<meta name=\"twitter:site\" content=\"@ParticipacionPC\" \/>\n<meta name=\"twitter:label1\" content=\"Escrito por\" \/>\n\t<meta name=\"twitter:data1\" content=\"auzfabian\" \/>\n\t<meta name=\"twitter:label2\" content=\"Tiempo de lectura\" \/>\n\t<meta name=\"twitter:data2\" content=\"1 minuto\" \/>\n<script type=\"application\/ld+json\" class=\"yoast-schema-graph\">{\"@context\":\"https:\/\/schema.org\",\"@graph\":[{\"@type\":\"Article\",\"@id\":\"https:\/\/www.participacionciudadana.org\/web\/2019\/07\/23\/jovenes-liderando-cuarto-modulo-de-capacitacion-resolucion-de-conflictos\/#article\",\"isPartOf\":{\"@id\":\"https:\/\/www.participacionciudadana.org\/web\/2019\/07\/23\/jovenes-liderando-cuarto-modulo-de-capacitacion-resolucion-de-conflictos\/\"},\"author\":{\"name\":\"auzfabian\",\"@id\":\"https:\/\/www.participacionciudadana.org\/web\/#\/schema\/person\/67ded4b29f4c10d217a0e025340d23ea\"},\"headline\":\"J\u00f3venes Liderando: cuarto m\u00f3dulo de capacitaci\u00f3n, Resoluci\u00f3n de Conflictos\",\"datePublished\":\"2019-07-23T17:23:01+00:00\",\"dateModified\":\"2022-01-06T22:05:11+00:00\",\"mainEntityOfPage\":{\"@id\":\"https:\/\/www.participacionciudadana.org\/web\/2019\/07\/23\/jovenes-liderando-cuarto-modulo-de-capacitacion-resolucion-de-conflictos\/\"},\"wordCount\":159,\"commentCount\":0,\"publisher\":{\"@id\":\"https:\/\/www.participacionciudadana.org\/web\/#organization\"},\"image\":{\"@id\":\"https:\/\/www.participacionciudadana.org\/web\/2019\/07\/23\/jovenes-liderando-cuarto-modulo-de-capacitacion-resolucion-de-conflictos\/#primaryimage\"},\"thumbnailUrl\":\"https:\/\/www.participacionciudadana.org\/web\/wp-content\/uploads\/2020\/05\/CuartoModulo.jpeg\",\"articleSection\":[\"J\u00f3venes Liderando\"],\"inLanguage\":\"es\",\"potentialAction\":[{\"@type\":\"CommentAction\",\"name\":\"Comment\",\"target\":[\"https:\/\/www.participacionciudadana.org\/web\/2019\/07\/23\/jovenes-liderando-cuarto-modulo-de-capacitacion-resolucion-de-conflictos\/#respond\"]}]},{\"@type\":\"WebPage\",\"@id\":\"https:\/\/www.participacionciudadana.org\/web\/2019\/07\/23\/jovenes-liderando-cuarto-modulo-de-capacitacion-resolucion-de-conflictos\/\",\"url\":\"https:\/\/www.participacionciudadana.org\/web\/2019\/07\/23\/jovenes-liderando-cuarto-modulo-de-capacitacion-resolucion-de-conflictos\/\",\"name\":\"J\u00f3venes Liderando: cuarto m\u00f3dulo de capacitaci\u00f3n, Resoluci\u00f3n de Conflictos - Participaci\u00f3n Ciudadana\",\"isPartOf\":{\"@id\":\"https:\/\/www.participacionciudadana.org\/web\/#website\"},\"primaryImageOfPage\":{\"@id\":\"https:\/\/www.participacionciudadana.org\/web\/2019\/07\/23\/jovenes-liderando-cuarto-modulo-de-capacitacion-resolucion-de-conflictos\/#primaryimage\"},\"image\":{\"@id\":\"https:\/\/www.participacionciudadana.org\/web\/2019\/07\/23\/jovenes-liderando-cuarto-modulo-de-capacitacion-resolucion-de-conflictos\/#primaryimage\"},\"thumbnailUrl\":\"https:\/\/www.participacionciudadana.org\/web\/wp-content\/uploads\/2020\/05\/CuartoModulo.jpeg\",\"datePublished\":\"2019-07-23T17:23:01+00:00\",\"dateModified\":\"2022-01-06T22:05:11+00:00\",\"breadcrumb\":{\"@id\":\"https:\/\/www.participacionciudadana.org\/web\/2019\/07\/23\/jovenes-liderando-cuarto-modulo-de-capacitacion-resolucion-de-conflictos\/#breadcrumb\"},\"inLanguage\":\"es\",\"potentialAction\":[{\"@type\":\"ReadAction\",\"target\":[\"https:\/\/www.participacionciudadana.org\/web\/2019\/07\/23\/jovenes-liderando-cuarto-modulo-de-capacitacion-resolucion-de-conflictos\/\"]}]},{\"@type\":\"ImageObject\",\"inLanguage\":\"es\",\"@id\":\"https:\/\/www.participacionciudadana.org\/web\/2019\/07\/23\/jovenes-liderando-cuarto-modulo-de-capacitacion-resolucion-de-conflictos\/#primaryimage\",\"url\":\"https:\/\/www.participacionciudadana.org\/web\/wp-content\/uploads\/2020\/05\/CuartoModulo.jpeg\",\"contentUrl\":\"https:\/\/www.participacionciudadana.org\/web\/wp-content\/uploads\/2020\/05\/CuartoModulo.jpeg\",\"width\":400,\"height\":300},{\"@type\":\"BreadcrumbList\",\"@id\":\"https:\/\/www.participacionciudadana.org\/web\/2019\/07\/23\/jovenes-liderando-cuarto-modulo-de-capacitacion-resolucion-de-conflictos\/#breadcrumb\",\"itemListElement\":[{\"@type\":\"ListItem\",\"position\":1,\"name\":\"Portada\",\"item\":\"https:\/\/www.participacionciudadana.org\/web\/\"},{\"@type\":\"ListItem\",\"position\":2,\"name\":\"J\u00f3venes Liderando: cuarto m\u00f3dulo de capacitaci\u00f3n, Resoluci\u00f3n de Conflictos\"}]},{\"@type\":\"WebSite\",\"@id\":\"https:\/\/www.participacionciudadana.org\/web\/#website\",\"url\":\"https:\/\/www.participacionciudadana.org\/web\/\",\"name\":\"Participaci\u00f3n Ciudadana\",\"description\":\"Comprometidos con la democracia\",\"publisher\":{\"@id\":\"https:\/\/www.participacionciudadana.org\/web\/#organization\"},\"potentialAction\":[{\"@type\":\"SearchAction\",\"target\":{\"@type\":\"EntryPoint\",\"urlTemplate\":\"https:\/\/www.participacionciudadana.org\/web\/?s={search_term_string}\"},\"query-input\":{\"@type\":\"PropertyValueSpecification\",\"valueRequired\":true,\"valueName\":\"search_term_string\"}}],\"inLanguage\":\"es\"},{\"@type\":\"Organization\",\"@id\":\"https:\/\/www.participacionciudadana.org\/web\/#organization\",\"name\":\"Participaci\u00f3n Ciudadana\",\"url\":\"https:\/\/www.participacionciudadana.org\/web\/\",\"logo\":{\"@type\":\"ImageObject\",\"inLanguage\":\"es\",\"@id\":\"https:\/\/www.participacionciudadana.org\/web\/#\/schema\/logo\/image\/\",\"url\":\"https:\/\/www.participacionciudadana.org\/web\/wp-content\/uploads\/2021\/11\/cropped-logo_pc-1.png\",\"contentUrl\":\"https:\/\/www.participacionciudadana.org\/web\/wp-content\/uploads\/2021\/11\/cropped-logo_pc-1.png\",\"width\":340,\"height\":114,\"caption\":\"Participaci\u00f3n Ciudadana\"},\"image\":{\"@id\":\"https:\/\/www.participacionciudadana.org\/web\/#\/schema\/logo\/image\/\"},\"sameAs\":[\"https:\/\/www.facebook.com\/ParticipacionPC\/\",\"https:\/\/x.com\/ParticipacionPC\"]},{\"@type\":\"Person\",\"@id\":\"https:\/\/www.participacionciudadana.org\/web\/#\/schema\/person\/67ded4b29f4c10d217a0e025340d23ea\",\"name\":\"auzfabian\",\"image\":{\"@type\":\"ImageObject\",\"inLanguage\":\"es\",\"@id\":\"https:\/\/www.participacionciudadana.org\/web\/#\/schema\/person\/image\/\",\"url\":\"https:\/\/secure.gravatar.com\/avatar\/b07eacb2fae81fba8818d35abde16f5d26c3e833d77fabbeeb8d53523e796bde?s=96&d=mm&r=g\",\"contentUrl\":\"https:\/\/secure.gravatar.com\/avatar\/b07eacb2fae81fba8818d35abde16f5d26c3e833d77fabbeeb8d53523e796bde?s=96&d=mm&r=g\",\"caption\":\"auzfabian\"},\"sameAs\":[\"https:\/\/www.participacionciudadana.org\/web\"],\"url\":\"https:\/\/www.participacionciudadana.org\/web\/author\/auzfabian\/\"}]}<\/script>\n<!-- \/ Yoast SEO plugin. -->","yoast_head_json":{"title":"J\u00f3venes Liderando: cuarto m\u00f3dulo de capacitaci\u00f3n, Resoluci\u00f3n de Conflictos - Participaci\u00f3n Ciudadana","robots":{"index":"index","follow":"follow","max-snippet":"max-snippet:-1","max-image-preview":"max-image-preview:large","max-video-preview":"max-video-preview:-1"},"canonical":"https:\/\/www.participacionciudadana.org\/web\/2019\/07\/23\/jovenes-liderando-cuarto-modulo-de-capacitacion-resolucion-de-conflictos\/","og_locale":"es_ES","og_type":"article","og_title":"J\u00f3venes Liderando: cuarto m\u00f3dulo de capacitaci\u00f3n, Resoluci\u00f3n de Conflictos - Participaci\u00f3n Ciudadana","og_description":"El pasado 20 de julio, miembros de la iniciativa \u2018J\u00f3venes Liderando\u2019 continuaron con la capacitaci\u00f3n, esta vez desde Quito. Los j\u00f3venes miembros de nuestra iniciativa fueron capacitados en Resoluci\u00f3n de Conflictos y Estrategias de Comunicaci\u00f3n durante una jornada que inici\u00f3 a las 9:00 hasta las 17:00 en el Hotel Dann Carlton. Durante el taller aprendieron [&hellip;]","og_url":"https:\/\/www.participacionciudadana.org\/web\/2019\/07\/23\/jovenes-liderando-cuarto-modulo-de-capacitacion-resolucion-de-conflictos\/","og_site_name":"Participaci\u00f3n Ciudadana","article_publisher":"https:\/\/www.facebook.com\/ParticipacionPC\/","article_published_time":"2019-07-23T17:23:01+00:00","article_modified_time":"2022-01-06T22:05:11+00:00","og_image":[{"width":400,"height":300,"url":"https:\/\/www.participacionciudadana.org\/web\/wp-content\/uploads\/2020\/05\/CuartoModulo.jpeg","type":"image\/jpeg"}],"author":"auzfabian","twitter_card":"summary_large_image","twitter_creator":"@ParticipacionPC","twitter_site":"@ParticipacionPC","twitter_misc":{"Escrito por":"auzfabian","Tiempo de lectura":"1 minuto"},"schema":{"@context":"https:\/\/schema.org","@graph":[{"@type":"Article","@id":"https:\/\/www.participacionciudadana.org\/web\/2019\/07\/23\/jovenes-liderando-cuarto-modulo-de-capacitacion-resolucion-de-conflictos\/#article","isPartOf":{"@id":"https:\/\/www.participacionciudadana.org\/web\/2019\/07\/23\/jovenes-liderando-cuarto-modulo-de-capacitacion-resolucion-de-conflictos\/"},"author":{"name":"auzfabian","@id":"https:\/\/www.participacionciudadana.org\/web\/#\/schema\/person\/67ded4b29f4c10d217a0e025340d23ea"},"headline":"J\u00f3venes Liderando: cuarto m\u00f3dulo de capacitaci\u00f3n, Resoluci\u00f3n de Conflictos","datePublished":"2019-07-23T17:23:01+00:00","dateModified":"2022-01-06T22:05:11+00:00","mainEntityOfPage":{"@id":"https:\/\/www.participacionciudadana.org\/web\/2019\/07\/23\/jovenes-liderando-cuarto-modulo-de-capacitacion-resolucion-de-conflictos\/"},"wordCount":159,"commentCount":0,"publisher":{"@id":"https:\/\/www.participacionciudadana.org\/web\/#organization"},"image":{"@id":"https:\/\/www.participacionciudadana.org\/web\/2019\/07\/23\/jovenes-liderando-cuarto-modulo-de-capacitacion-resolucion-de-conflictos\/#primaryimage"},"thumbnailUrl":"https:\/\/www.participacionciudadana.org\/web\/wp-content\/uploads\/2020\/05\/CuartoModulo.jpeg","articleSection":["J\u00f3venes Liderando"],"inLanguage":"es","potentialAction":[{"@type":"CommentAction","name":"Comment","target":["https:\/\/www.participacionciudadana.org\/web\/2019\/07\/23\/jovenes-liderando-cuarto-modulo-de-capacitacion-resolucion-de-conflictos\/#respond"]}]},{"@type":"WebPage","@id":"https:\/\/www.participacionciudadana.org\/web\/2019\/07\/23\/jovenes-liderando-cuarto-modulo-de-capacitacion-resolucion-de-conflictos\/","url":"https:\/\/www.participacionciudadana.org\/web\/2019\/07\/23\/jovenes-liderando-cuarto-modulo-de-capacitacion-resolucion-de-conflictos\/","name":"J\u00f3venes Liderando: cuarto m\u00f3dulo de capacitaci\u00f3n, Resoluci\u00f3n de Conflictos - Participaci\u00f3n Ciudadana","isPartOf":{"@id":"https:\/\/www.participacionciudadana.org\/web\/#website"},"primaryImageOfPage":{"@id":"https:\/\/www.participacionciudadana.org\/web\/2019\/07\/23\/jovenes-liderando-cuarto-modulo-de-capacitacion-resolucion-de-conflictos\/#primaryimage"},"image":{"@id":"https:\/\/www.participacionciudadana.org\/web\/2019\/07\/23\/jovenes-liderando-cuarto-modulo-de-capacitacion-resolucion-de-conflictos\/#primaryimage"},"thumbnailUrl":"https:\/\/www.participacionciudadana.org\/web\/wp-content\/uploads\/2020\/05\/CuartoModulo.jpeg","datePublished":"2019-07-23T17:23:01+00:00","dateModified":"2022-01-06T22:05:11+00:00","breadcrumb":{"@id":"https:\/\/www.participacionciudadana.org\/web\/2019\/07\/23\/jovenes-liderando-cuarto-modulo-de-capacitacion-resolucion-de-conflictos\/#breadcrumb"},"inLanguage":"es","potentialAction":[{"@type":"ReadAction","target":["https:\/\/www.participacionciudadana.org\/web\/2019\/07\/23\/jovenes-liderando-cuarto-modulo-de-capacitacion-resolucion-de-conflictos\/"]}]},{"@type":"ImageObject","inLanguage":"es","@id":"https:\/\/www.participacionciudadana.org\/web\/2019\/07\/23\/jovenes-liderando-cuarto-modulo-de-capacitacion-resolucion-de-conflictos\/#primaryimage","url":"https:\/\/www.participacionciudadana.org\/web\/wp-content\/uploads\/2020\/05\/CuartoModulo.jpeg","contentUrl":"https:\/\/www.participacionciudadana.org\/web\/wp-content\/uploads\/2020\/05\/CuartoModulo.jpeg","width":400,"height":300},{"@type":"BreadcrumbList","@id":"https:\/\/www.participacionciudadana.org\/web\/2019\/07\/23\/jovenes-liderando-cuarto-modulo-de-capacitacion-resolucion-de-conflictos\/#breadcrumb","itemListElement":[{"@type":"ListItem","position":1,"name":"Portada","item":"https:\/\/www.participacionciudadana.org\/web\/"},{"@type":"ListItem","position":2,"name":"J\u00f3venes Liderando: cuarto m\u00f3dulo de capacitaci\u00f3n, Resoluci\u00f3n de Conflictos"}]},{"@type":"WebSite","@id":"https:\/\/www.participacionciudadana.org\/web\/#website","url":"https:\/\/www.participacionciudadana.org\/web\/","name":"Participaci\u00f3n Ciudadana","description":"Comprometidos con la democracia","publisher":{"@id":"https:\/\/www.participacionciudadana.org\/web\/#organization"},"potentialAction":[{"@type":"SearchAction","target":{"@type":"EntryPoint","urlTemplate":"https:\/\/www.participacionciudadana.org\/web\/?s={search_term_string}"},"query-input":{"@type":"PropertyValueSpecification","valueRequired":true,"valueName":"search_term_string"}}],"inLanguage":"es"},{"@type":"Organization","@id":"https:\/\/www.participacionciudadana.org\/web\/#organization","name":"Participaci\u00f3n Ciudadana","url":"https:\/\/www.participacionciudadana.org\/web\/","logo":{"@type":"ImageObject","inLanguage":"es","@id":"https:\/\/www.participacionciudadana.org\/web\/#\/schema\/logo\/image\/","url":"https:\/\/www.participacionciudadana.org\/web\/wp-content\/uploads\/2021\/11\/cropped-logo_pc-1.png","contentUrl":"https:\/\/www.participacionciudadana.org\/web\/wp-content\/uploads\/2021\/11\/cropped-logo_pc-1.png","width":340,"height":114,"caption":"Participaci\u00f3n Ciudadana"},"image":{"@id":"https:\/\/www.participacionciudadana.org\/web\/#\/schema\/logo\/image\/"},"sameAs":["https:\/\/www.facebook.com\/ParticipacionPC\/","https:\/\/x.com\/ParticipacionPC"]},{"@type":"Person","@id":"https:\/\/www.participacionciudadana.org\/web\/#\/schema\/person\/67ded4b29f4c10d217a0e025340d23ea","name":"auzfabian","image":{"@type":"ImageObject","inLanguage":"es","@id":"https:\/\/www.participacionciudadana.org\/web\/#\/schema\/person\/image\/","url":"https:\/\/secure.gravatar.com\/avatar\/b07eacb2fae81fba8818d35abde16f5d26c3e833d77fabbeeb8d53523e796bde?s=96&d=mm&r=g","contentUrl":"https:\/\/secure.gravatar.com\/avatar\/b07eacb2fae81fba8818d35abde16f5d26c3e833d77fabbeeb8d53523e796bde?s=96&d=mm&r=g","caption":"auzfabian"},"sameAs":["https:\/\/www.participacionciudadana.org\/web"],"url":"https:\/\/www.participacionciudadana.org\/web\/author\/auzfabian\/"}]}},"_links":{"self":[{"href":"https:\/\/www.participacionciudadana.org\/web\/wp-json\/wp\/v2\/posts\/1798","targetHints":{"allow":["GET"]}}],"collection":[{"href":"https:\/\/www.participacionciudadana.org\/web\/wp-json\/wp\/v2\/posts"}],"about":[{"href":"https:\/\/www.participacionciudadana.org\/web\/wp-json\/wp\/v2\/types\/post"}],"author":[{"embeddable":true,"href":"https:\/\/www.participacionciudadana.org\/web\/wp-json\/wp\/v2\/users\/1"}],"replies":[{"embeddable":true,"href":"https:\/\/www.participacionciudadana.org\/web\/wp-json\/wp\/v2\/comments?post=1798"}],"version-history":[{"count":0,"href":"https:\/\/www.participacionciudadana.org\/web\/wp-json\/wp\/v2\/posts\/1798\/revisions"}],"wp:featuredmedia":[{"embeddable":true,"href":"https:\/\/www.participacionciudadana.org\/web\/wp-json\/wp\/v2\/media\/2626"}],"wp:attachment":[{"href":"https:\/\/www.participacionciudadana.org\/web\/wp-json\/wp\/v2\/media?parent=1798"}],"wp:term":[{"taxonomy":"category","embeddable":true,"href":"https:\/\/www.participacionciudadana.org\/web\/wp-json\/wp\/v2\/categories?post=1798"},{"taxonomy":"post_tag","embeddable":true,"href":"https:\/\/www.participacionciudadana.org\/web\/wp-json\/wp\/v2\/tags?post=1798"}],"curies":[{"name":"wp","href":"https:\/\/api.w.org\/{rel}","templated":true}]}}