{"id":1821,"date":"2019-09-27T09:57:24","date_gmt":"2019-09-27T14:57:24","guid":{"rendered":"https:\/\/www.participacionciudadana.org\/web\/2019\/09\/27\/pc-y-la-escuela-de-ciencias-politicas-y-relaciones-internacionales-de-la-universidad-de-las-americas-invitan-al-foro-de-discusion-la-propuesta-de-eliminacion-del-cpccs\/"},"modified":"2019-09-27T09:57:24","modified_gmt":"2019-09-27T14:57:24","slug":"pc-y-la-escuela-de-ciencias-politicas-y-relaciones-internacionales-de-la-universidad-de-las-americas-invitan-al-foro-de-discusion-la-propuesta-de-eliminacion-del-cpccs","status":"publish","type":"post","link":"https:\/\/www.participacionciudadana.org\/web\/2019\/09\/27\/pc-y-la-escuela-de-ciencias-politicas-y-relaciones-internacionales-de-la-universidad-de-las-americas-invitan-al-foro-de-discusion-la-propuesta-de-eliminacion-del-cpccs\/","title":{"rendered":"PC y la Escuela de Ciencias Pol\u00edticas y Relaciones Internacionales de la Universidad de las Am\u00e9ricas invitan al foro de discusi\u00f3n: \u201cLa Propuesta de Eliminaci\u00f3n del CPCCS\u201d"},"content":{"rendered":"<p>El 30 de septiembre del 2019 a las 10:00 hrs., en el Hotel Dann Carlton, realizaremos el foro de discusi\u00f3n: <strong>\u201cLa propuesta de eliminaci\u00f3n del CPCCS\u201d<\/strong>.<\/p>\n<p>Tanto para la sociedad civil, como para la academia, es de vital importancia abrir espacios de di\u00e1logo para tratar temas de actualidad nacional. Con respecto a la eliminaci\u00f3n del Consejo de Participaci\u00f3n Ciudadana y Control Social (CPCCS), existen diferentes posturas desde diversos sectores de la sociedad y la pol\u00edtica ecuatoriana, por ello pensamos que es fundamental seguir conversando y compartiendo con la ciudadan\u00eda estos temas.<\/p>\n<p>Desde diferentes sectores de la sociedad civil, se ha se\u00f1alado la importancia de eliminar este organismo, ya que la participaci\u00f3n ciudadana, es una facultad del pueblo y no de un ente que pertenece y da cuentas al Estado.<\/p>\n<p>Por ello, abrimos este espacio de di\u00e1logo, con la presencia de panelistas de alta trayectoria a nivel nacional, como: Pablo D\u00e1vila, abogado y experto en Pol\u00edticas P\u00fablicas y Gobernabilidad y Alegr\u00eda Donoso, Directora de Relaciones Internacionales en la Universidad de las Am\u00e9ricas.<\/p>\n<p>Esperamos contar con su participaci\u00f3n, en este espacio informativo.<\/p>\n<p><strong>M\u00e1s informaci\u00f3n<\/strong><strong>: <\/strong><strong>Ver\u00f3nica Ter\u00e1n: 095 898 7301 \/ 3330 964 Ex. 102.<\/strong><\/p>\n","protected":false},"excerpt":{"rendered":"<p>El 30 de septiembre del 2019 a las 10:00 hrs., en el Hotel Dann Carlton, realizaremos el foro de discusi\u00f3n: \u201cLa propuesta de eliminaci\u00f3n del CPCCS\u201d. Tanto para la sociedad civil, como para la academia, es de vital importancia abrir espacios de di\u00e1logo para tratar temas de actualidad nacional. Con respecto a la eliminaci\u00f3n del [&hellip;]<\/p>\n","protected":false},"author":1,"featured_media":0,"comment_status":"open","ping_status":"open","sticky":false,"template":"","format":"standard","meta":{"site-sidebar-layout":"default","site-content-layout":"","ast-site-content-layout":"default","site-content-style":"default","site-sidebar-style":"default","ast-global-header-display":"","ast-banner-title-visibility":"","ast-main-header-display":"","ast-hfb-above-header-display":"","ast-hfb-below-header-display":"","ast-hfb-mobile-header-display":"","site-post-title":"","ast-breadcrumbs-content":"","ast-featured-img":"","footer-sml-layout":"","ast-disable-related-posts":"","theme-transparent-header-meta":"","adv-header-id-meta":"","stick-header-meta":"","header-above-stick-meta":"","header-main-stick-meta":"","header-below-stick-meta":"","astra-migrate-meta-layouts":"default","ast-page-background-enabled":"default","ast-page-background-meta":{"desktop":{"background-color":"","background-image":"","background-repeat":"repeat","background-position":"center center","background-size":"auto","background-attachment":"scroll","background-type":"","background-media":"","overlay-type":"","overlay-color":"","overlay-opacity":"","overlay-gradient":""},"tablet":{"background-color":"","background-image":"","background-repeat":"repeat","background-position":"center center","background-size":"auto","background-attachment":"scroll","background-type":"","background-media":"","overlay-type":"","overlay-color":"","overlay-opacity":"","overlay-gradient":""},"mobile":{"background-color":"","background-image":"","background-repeat":"repeat","background-position":"center center","background-size":"auto","background-attachment":"scroll","background-type":"","background-media":"","overlay-type":"","overlay-color":"","overlay-opacity":"","overlay-gradient":""}},"ast-content-background-meta":{"desktop":{"background-color":"var(--ast-global-color-5)","background-image":"","background-repeat":"repeat","background-position":"center center","background-size":"auto","background-attachment":"scroll","background-type":"","background-media":"","overlay-type":"","overlay-color":"","overlay-opacity":"","overlay-gradient":""},"tablet":{"background-color":"var(--ast-global-color-5)","background-image":"","background-repeat":"repeat","background-position":"center center","background-size":"auto","background-attachment":"scroll","background-type":"","background-media":"","overlay-type":"","overlay-color":"","overlay-opacity":"","overlay-gradient":""},"mobile":{"background-color":"var(--ast-global-color-5)","background-image":"","background-repeat":"repeat","background-position":"center center","background-size":"auto","background-attachment":"scroll","background-type":"","background-media":"","overlay-type":"","overlay-color":"","overlay-opacity":"","overlay-gradient":""}},"_joinchat":[],"footnotes":""},"categories":[16],"tags":[],"class_list":["post-1821","post","type-post","status-publish","format-standard","hentry","category-actualidad"],"yoast_head":"<!-- This site is optimized with the Yoast SEO plugin v26.5 - https:\/\/yoast.com\/wordpress\/plugins\/seo\/ -->\n<title>PC y la Escuela de Ciencias Pol\u00edticas y Relaciones Internacionales de la Universidad de las Am\u00e9ricas invitan al foro de discusi\u00f3n: \u201cLa Propuesta de Eliminaci\u00f3n del CPCCS\u201d - Participaci\u00f3n Ciudadana<\/title>\n<meta name=\"robots\" content=\"index, follow, max-snippet:-1, max-image-preview:large, max-video-preview:-1\" \/>\n<link rel=\"canonical\" href=\"https:\/\/www.participacionciudadana.org\/web\/2019\/09\/27\/pc-y-la-escuela-de-ciencias-politicas-y-relaciones-internacionales-de-la-universidad-de-las-americas-invitan-al-foro-de-discusion-la-propuesta-de-eliminacion-del-cpccs\/\" \/>\n<meta property=\"og:locale\" content=\"es_ES\" \/>\n<meta property=\"og:type\" content=\"article\" \/>\n<meta property=\"og:title\" content=\"PC y la Escuela de Ciencias Pol\u00edticas y Relaciones Internacionales de la Universidad de las Am\u00e9ricas invitan al foro de discusi\u00f3n: \u201cLa Propuesta de Eliminaci\u00f3n del CPCCS\u201d - Participaci\u00f3n Ciudadana\" \/>\n<meta property=\"og:description\" content=\"El 30 de septiembre del 2019 a las 10:00 hrs., en el Hotel Dann Carlton, realizaremos el foro de discusi\u00f3n: \u201cLa propuesta de eliminaci\u00f3n del CPCCS\u201d. Tanto para la sociedad civil, como para la academia, es de vital importancia abrir espacios de di\u00e1logo para tratar temas de actualidad nacional. Con respecto a la eliminaci\u00f3n del [&hellip;]\" \/>\n<meta property=\"og:url\" content=\"https:\/\/www.participacionciudadana.org\/web\/2019\/09\/27\/pc-y-la-escuela-de-ciencias-politicas-y-relaciones-internacionales-de-la-universidad-de-las-americas-invitan-al-foro-de-discusion-la-propuesta-de-eliminacion-del-cpccs\/\" \/>\n<meta property=\"og:site_name\" content=\"Participaci\u00f3n Ciudadana\" \/>\n<meta property=\"article:publisher\" content=\"https:\/\/www.facebook.com\/ParticipacionPC\/\" \/>\n<meta property=\"article:published_time\" content=\"2019-09-27T14:57:24+00:00\" \/>\n<meta name=\"author\" content=\"auzfabian\" \/>\n<meta name=\"twitter:card\" content=\"summary_large_image\" \/>\n<meta name=\"twitter:creator\" content=\"@ParticipacionPC\" \/>\n<meta name=\"twitter:site\" content=\"@ParticipacionPC\" \/>\n<meta name=\"twitter:label1\" content=\"Escrito por\" \/>\n\t<meta name=\"twitter:data1\" content=\"auzfabian\" \/>\n\t<meta name=\"twitter:label2\" content=\"Tiempo de lectura\" \/>\n\t<meta name=\"twitter:data2\" content=\"1 minuto\" \/>\n<script type=\"application\/ld+json\" class=\"yoast-schema-graph\">{\"@context\":\"https:\/\/schema.org\",\"@graph\":[{\"@type\":\"Article\",\"@id\":\"https:\/\/www.participacionciudadana.org\/web\/2019\/09\/27\/pc-y-la-escuela-de-ciencias-politicas-y-relaciones-internacionales-de-la-universidad-de-las-americas-invitan-al-foro-de-discusion-la-propuesta-de-eliminacion-del-cpccs\/#article\",\"isPartOf\":{\"@id\":\"https:\/\/www.participacionciudadana.org\/web\/2019\/09\/27\/pc-y-la-escuela-de-ciencias-politicas-y-relaciones-internacionales-de-la-universidad-de-las-americas-invitan-al-foro-de-discusion-la-propuesta-de-eliminacion-del-cpccs\/\"},\"author\":{\"name\":\"auzfabian\",\"@id\":\"https:\/\/www.participacionciudadana.org\/web\/#\/schema\/person\/67ded4b29f4c10d217a0e025340d23ea\"},\"headline\":\"PC y la Escuela de Ciencias Pol\u00edticas y Relaciones Internacionales de la Universidad de las Am\u00e9ricas invitan al foro de discusi\u00f3n: \u201cLa Propuesta de Eliminaci\u00f3n del CPCCS\u201d\",\"datePublished\":\"2019-09-27T14:57:24+00:00\",\"mainEntityOfPage\":{\"@id\":\"https:\/\/www.participacionciudadana.org\/web\/2019\/09\/27\/pc-y-la-escuela-de-ciencias-politicas-y-relaciones-internacionales-de-la-universidad-de-las-americas-invitan-al-foro-de-discusion-la-propuesta-de-eliminacion-del-cpccs\/\"},\"wordCount\":233,\"commentCount\":0,\"publisher\":{\"@id\":\"https:\/\/www.participacionciudadana.org\/web\/#organization\"},\"articleSection\":[\"Actualidad\"],\"inLanguage\":\"es\",\"potentialAction\":[{\"@type\":\"CommentAction\",\"name\":\"Comment\",\"target\":[\"https:\/\/www.participacionciudadana.org\/web\/2019\/09\/27\/pc-y-la-escuela-de-ciencias-politicas-y-relaciones-internacionales-de-la-universidad-de-las-americas-invitan-al-foro-de-discusion-la-propuesta-de-eliminacion-del-cpccs\/#respond\"]}]},{\"@type\":\"WebPage\",\"@id\":\"https:\/\/www.participacionciudadana.org\/web\/2019\/09\/27\/pc-y-la-escuela-de-ciencias-politicas-y-relaciones-internacionales-de-la-universidad-de-las-americas-invitan-al-foro-de-discusion-la-propuesta-de-eliminacion-del-cpccs\/\",\"url\":\"https:\/\/www.participacionciudadana.org\/web\/2019\/09\/27\/pc-y-la-escuela-de-ciencias-politicas-y-relaciones-internacionales-de-la-universidad-de-las-americas-invitan-al-foro-de-discusion-la-propuesta-de-eliminacion-del-cpccs\/\",\"name\":\"PC y la Escuela de Ciencias Pol\u00edticas y Relaciones Internacionales de la Universidad de las Am\u00e9ricas invitan al foro de discusi\u00f3n: \u201cLa Propuesta de Eliminaci\u00f3n del CPCCS\u201d - Participaci\u00f3n Ciudadana\",\"isPartOf\":{\"@id\":\"https:\/\/www.participacionciudadana.org\/web\/#website\"},\"datePublished\":\"2019-09-27T14:57:24+00:00\",\"breadcrumb\":{\"@id\":\"https:\/\/www.participacionciudadana.org\/web\/2019\/09\/27\/pc-y-la-escuela-de-ciencias-politicas-y-relaciones-internacionales-de-la-universidad-de-las-americas-invitan-al-foro-de-discusion-la-propuesta-de-eliminacion-del-cpccs\/#breadcrumb\"},\"inLanguage\":\"es\",\"potentialAction\":[{\"@type\":\"ReadAction\",\"target\":[\"https:\/\/www.participacionciudadana.org\/web\/2019\/09\/27\/pc-y-la-escuela-de-ciencias-politicas-y-relaciones-internacionales-de-la-universidad-de-las-americas-invitan-al-foro-de-discusion-la-propuesta-de-eliminacion-del-cpccs\/\"]}]},{\"@type\":\"BreadcrumbList\",\"@id\":\"https:\/\/www.participacionciudadana.org\/web\/2019\/09\/27\/pc-y-la-escuela-de-ciencias-politicas-y-relaciones-internacionales-de-la-universidad-de-las-americas-invitan-al-foro-de-discusion-la-propuesta-de-eliminacion-del-cpccs\/#breadcrumb\",\"itemListElement\":[{\"@type\":\"ListItem\",\"position\":1,\"name\":\"Portada\",\"item\":\"https:\/\/www.participacionciudadana.org\/web\/\"},{\"@type\":\"ListItem\",\"position\":2,\"name\":\"PC y la Escuela de Ciencias Pol\u00edticas y Relaciones Internacionales de la Universidad de las Am\u00e9ricas invitan al foro de discusi\u00f3n: \u201cLa Propuesta de Eliminaci\u00f3n del CPCCS\u201d\"}]},{\"@type\":\"WebSite\",\"@id\":\"https:\/\/www.participacionciudadana.org\/web\/#website\",\"url\":\"https:\/\/www.participacionciudadana.org\/web\/\",\"name\":\"Participaci\u00f3n Ciudadana\",\"description\":\"Comprometidos con la democracia\",\"publisher\":{\"@id\":\"https:\/\/www.participacionciudadana.org\/web\/#organization\"},\"potentialAction\":[{\"@type\":\"SearchAction\",\"target\":{\"@type\":\"EntryPoint\",\"urlTemplate\":\"https:\/\/www.participacionciudadana.org\/web\/?s={search_term_string}\"},\"query-input\":{\"@type\":\"PropertyValueSpecification\",\"valueRequired\":true,\"valueName\":\"search_term_string\"}}],\"inLanguage\":\"es\"},{\"@type\":\"Organization\",\"@id\":\"https:\/\/www.participacionciudadana.org\/web\/#organization\",\"name\":\"Participaci\u00f3n Ciudadana\",\"url\":\"https:\/\/www.participacionciudadana.org\/web\/\",\"logo\":{\"@type\":\"ImageObject\",\"inLanguage\":\"es\",\"@id\":\"https:\/\/www.participacionciudadana.org\/web\/#\/schema\/logo\/image\/\",\"url\":\"https:\/\/www.participacionciudadana.org\/web\/wp-content\/uploads\/2021\/11\/cropped-logo_pc-1.png\",\"contentUrl\":\"https:\/\/www.participacionciudadana.org\/web\/wp-content\/uploads\/2021\/11\/cropped-logo_pc-1.png\",\"width\":340,\"height\":114,\"caption\":\"Participaci\u00f3n Ciudadana\"},\"image\":{\"@id\":\"https:\/\/www.participacionciudadana.org\/web\/#\/schema\/logo\/image\/\"},\"sameAs\":[\"https:\/\/www.facebook.com\/ParticipacionPC\/\",\"https:\/\/x.com\/ParticipacionPC\"]},{\"@type\":\"Person\",\"@id\":\"https:\/\/www.participacionciudadana.org\/web\/#\/schema\/person\/67ded4b29f4c10d217a0e025340d23ea\",\"name\":\"auzfabian\",\"image\":{\"@type\":\"ImageObject\",\"inLanguage\":\"es\",\"@id\":\"https:\/\/www.participacionciudadana.org\/web\/#\/schema\/person\/image\/\",\"url\":\"https:\/\/secure.gravatar.com\/avatar\/b07eacb2fae81fba8818d35abde16f5d26c3e833d77fabbeeb8d53523e796bde?s=96&d=mm&r=g\",\"contentUrl\":\"https:\/\/secure.gravatar.com\/avatar\/b07eacb2fae81fba8818d35abde16f5d26c3e833d77fabbeeb8d53523e796bde?s=96&d=mm&r=g\",\"caption\":\"auzfabian\"},\"sameAs\":[\"https:\/\/www.participacionciudadana.org\/web\"],\"url\":\"https:\/\/www.participacionciudadana.org\/web\/author\/auzfabian\/\"}]}<\/script>\n<!-- \/ Yoast SEO plugin. -->","yoast_head_json":{"title":"PC y la Escuela de Ciencias Pol\u00edticas y Relaciones Internacionales de la Universidad de las Am\u00e9ricas invitan al foro de discusi\u00f3n: \u201cLa Propuesta de Eliminaci\u00f3n del CPCCS\u201d - Participaci\u00f3n Ciudadana","robots":{"index":"index","follow":"follow","max-snippet":"max-snippet:-1","max-image-preview":"max-image-preview:large","max-video-preview":"max-video-preview:-1"},"canonical":"https:\/\/www.participacionciudadana.org\/web\/2019\/09\/27\/pc-y-la-escuela-de-ciencias-politicas-y-relaciones-internacionales-de-la-universidad-de-las-americas-invitan-al-foro-de-discusion-la-propuesta-de-eliminacion-del-cpccs\/","og_locale":"es_ES","og_type":"article","og_title":"PC y la Escuela de Ciencias Pol\u00edticas y Relaciones Internacionales de la Universidad de las Am\u00e9ricas invitan al foro de discusi\u00f3n: \u201cLa Propuesta de Eliminaci\u00f3n del CPCCS\u201d - Participaci\u00f3n Ciudadana","og_description":"El 30 de septiembre del 2019 a las 10:00 hrs., en el Hotel Dann Carlton, realizaremos el foro de discusi\u00f3n: \u201cLa propuesta de eliminaci\u00f3n del CPCCS\u201d. Tanto para la sociedad civil, como para la academia, es de vital importancia abrir espacios de di\u00e1logo para tratar temas de actualidad nacional. Con respecto a la eliminaci\u00f3n del [&hellip;]","og_url":"https:\/\/www.participacionciudadana.org\/web\/2019\/09\/27\/pc-y-la-escuela-de-ciencias-politicas-y-relaciones-internacionales-de-la-universidad-de-las-americas-invitan-al-foro-de-discusion-la-propuesta-de-eliminacion-del-cpccs\/","og_site_name":"Participaci\u00f3n Ciudadana","article_publisher":"https:\/\/www.facebook.com\/ParticipacionPC\/","article_published_time":"2019-09-27T14:57:24+00:00","author":"auzfabian","twitter_card":"summary_large_image","twitter_creator":"@ParticipacionPC","twitter_site":"@ParticipacionPC","twitter_misc":{"Escrito por":"auzfabian","Tiempo de lectura":"1 minuto"},"schema":{"@context":"https:\/\/schema.org","@graph":[{"@type":"Article","@id":"https:\/\/www.participacionciudadana.org\/web\/2019\/09\/27\/pc-y-la-escuela-de-ciencias-politicas-y-relaciones-internacionales-de-la-universidad-de-las-americas-invitan-al-foro-de-discusion-la-propuesta-de-eliminacion-del-cpccs\/#article","isPartOf":{"@id":"https:\/\/www.participacionciudadana.org\/web\/2019\/09\/27\/pc-y-la-escuela-de-ciencias-politicas-y-relaciones-internacionales-de-la-universidad-de-las-americas-invitan-al-foro-de-discusion-la-propuesta-de-eliminacion-del-cpccs\/"},"author":{"name":"auzfabian","@id":"https:\/\/www.participacionciudadana.org\/web\/#\/schema\/person\/67ded4b29f4c10d217a0e025340d23ea"},"headline":"PC y la Escuela de Ciencias Pol\u00edticas y Relaciones Internacionales de la Universidad de las Am\u00e9ricas invitan al foro de discusi\u00f3n: \u201cLa Propuesta de Eliminaci\u00f3n del CPCCS\u201d","datePublished":"2019-09-27T14:57:24+00:00","mainEntityOfPage":{"@id":"https:\/\/www.participacionciudadana.org\/web\/2019\/09\/27\/pc-y-la-escuela-de-ciencias-politicas-y-relaciones-internacionales-de-la-universidad-de-las-americas-invitan-al-foro-de-discusion-la-propuesta-de-eliminacion-del-cpccs\/"},"wordCount":233,"commentCount":0,"publisher":{"@id":"https:\/\/www.participacionciudadana.org\/web\/#organization"},"articleSection":["Actualidad"],"inLanguage":"es","potentialAction":[{"@type":"CommentAction","name":"Comment","target":["https:\/\/www.participacionciudadana.org\/web\/2019\/09\/27\/pc-y-la-escuela-de-ciencias-politicas-y-relaciones-internacionales-de-la-universidad-de-las-americas-invitan-al-foro-de-discusion-la-propuesta-de-eliminacion-del-cpccs\/#respond"]}]},{"@type":"WebPage","@id":"https:\/\/www.participacionciudadana.org\/web\/2019\/09\/27\/pc-y-la-escuela-de-ciencias-politicas-y-relaciones-internacionales-de-la-universidad-de-las-americas-invitan-al-foro-de-discusion-la-propuesta-de-eliminacion-del-cpccs\/","url":"https:\/\/www.participacionciudadana.org\/web\/2019\/09\/27\/pc-y-la-escuela-de-ciencias-politicas-y-relaciones-internacionales-de-la-universidad-de-las-americas-invitan-al-foro-de-discusion-la-propuesta-de-eliminacion-del-cpccs\/","name":"PC y la Escuela de Ciencias Pol\u00edticas y Relaciones Internacionales de la Universidad de las Am\u00e9ricas invitan al foro de discusi\u00f3n: \u201cLa Propuesta de Eliminaci\u00f3n del CPCCS\u201d - Participaci\u00f3n Ciudadana","isPartOf":{"@id":"https:\/\/www.participacionciudadana.org\/web\/#website"},"datePublished":"2019-09-27T14:57:24+00:00","breadcrumb":{"@id":"https:\/\/www.participacionciudadana.org\/web\/2019\/09\/27\/pc-y-la-escuela-de-ciencias-politicas-y-relaciones-internacionales-de-la-universidad-de-las-americas-invitan-al-foro-de-discusion-la-propuesta-de-eliminacion-del-cpccs\/#breadcrumb"},"inLanguage":"es","potentialAction":[{"@type":"ReadAction","target":["https:\/\/www.participacionciudadana.org\/web\/2019\/09\/27\/pc-y-la-escuela-de-ciencias-politicas-y-relaciones-internacionales-de-la-universidad-de-las-americas-invitan-al-foro-de-discusion-la-propuesta-de-eliminacion-del-cpccs\/"]}]},{"@type":"BreadcrumbList","@id":"https:\/\/www.participacionciudadana.org\/web\/2019\/09\/27\/pc-y-la-escuela-de-ciencias-politicas-y-relaciones-internacionales-de-la-universidad-de-las-americas-invitan-al-foro-de-discusion-la-propuesta-de-eliminacion-del-cpccs\/#breadcrumb","itemListElement":[{"@type":"ListItem","position":1,"name":"Portada","item":"https:\/\/www.participacionciudadana.org\/web\/"},{"@type":"ListItem","position":2,"name":"PC y la Escuela de Ciencias Pol\u00edticas y Relaciones Internacionales de la Universidad de las Am\u00e9ricas invitan al foro de discusi\u00f3n: \u201cLa Propuesta de Eliminaci\u00f3n del CPCCS\u201d"}]},{"@type":"WebSite","@id":"https:\/\/www.participacionciudadana.org\/web\/#website","url":"https:\/\/www.participacionciudadana.org\/web\/","name":"Participaci\u00f3n Ciudadana","description":"Comprometidos con la democracia","publisher":{"@id":"https:\/\/www.participacionciudadana.org\/web\/#organization"},"potentialAction":[{"@type":"SearchAction","target":{"@type":"EntryPoint","urlTemplate":"https:\/\/www.participacionciudadana.org\/web\/?s={search_term_string}"},"query-input":{"@type":"PropertyValueSpecification","valueRequired":true,"valueName":"search_term_string"}}],"inLanguage":"es"},{"@type":"Organization","@id":"https:\/\/www.participacionciudadana.org\/web\/#organization","name":"Participaci\u00f3n Ciudadana","url":"https:\/\/www.participacionciudadana.org\/web\/","logo":{"@type":"ImageObject","inLanguage":"es","@id":"https:\/\/www.participacionciudadana.org\/web\/#\/schema\/logo\/image\/","url":"https:\/\/www.participacionciudadana.org\/web\/wp-content\/uploads\/2021\/11\/cropped-logo_pc-1.png","contentUrl":"https:\/\/www.participacionciudadana.org\/web\/wp-content\/uploads\/2021\/11\/cropped-logo_pc-1.png","width":340,"height":114,"caption":"Participaci\u00f3n Ciudadana"},"image":{"@id":"https:\/\/www.participacionciudadana.org\/web\/#\/schema\/logo\/image\/"},"sameAs":["https:\/\/www.facebook.com\/ParticipacionPC\/","https:\/\/x.com\/ParticipacionPC"]},{"@type":"Person","@id":"https:\/\/www.participacionciudadana.org\/web\/#\/schema\/person\/67ded4b29f4c10d217a0e025340d23ea","name":"auzfabian","image":{"@type":"ImageObject","inLanguage":"es","@id":"https:\/\/www.participacionciudadana.org\/web\/#\/schema\/person\/image\/","url":"https:\/\/secure.gravatar.com\/avatar\/b07eacb2fae81fba8818d35abde16f5d26c3e833d77fabbeeb8d53523e796bde?s=96&d=mm&r=g","contentUrl":"https:\/\/secure.gravatar.com\/avatar\/b07eacb2fae81fba8818d35abde16f5d26c3e833d77fabbeeb8d53523e796bde?s=96&d=mm&r=g","caption":"auzfabian"},"sameAs":["https:\/\/www.participacionciudadana.org\/web"],"url":"https:\/\/www.participacionciudadana.org\/web\/author\/auzfabian\/"}]}},"_links":{"self":[{"href":"https:\/\/www.participacionciudadana.org\/web\/wp-json\/wp\/v2\/posts\/1821","targetHints":{"allow":["GET"]}}],"collection":[{"href":"https:\/\/www.participacionciudadana.org\/web\/wp-json\/wp\/v2\/posts"}],"about":[{"href":"https:\/\/www.participacionciudadana.org\/web\/wp-json\/wp\/v2\/types\/post"}],"author":[{"embeddable":true,"href":"https:\/\/www.participacionciudadana.org\/web\/wp-json\/wp\/v2\/users\/1"}],"replies":[{"embeddable":true,"href":"https:\/\/www.participacionciudadana.org\/web\/wp-json\/wp\/v2\/comments?post=1821"}],"version-history":[{"count":0,"href":"https:\/\/www.participacionciudadana.org\/web\/wp-json\/wp\/v2\/posts\/1821\/revisions"}],"wp:attachment":[{"href":"https:\/\/www.participacionciudadana.org\/web\/wp-json\/wp\/v2\/media?parent=1821"}],"wp:term":[{"taxonomy":"category","embeddable":true,"href":"https:\/\/www.participacionciudadana.org\/web\/wp-json\/wp\/v2\/categories?post=1821"},{"taxonomy":"post_tag","embeddable":true,"href":"https:\/\/www.participacionciudadana.org\/web\/wp-json\/wp\/v2\/tags?post=1821"}],"curies":[{"name":"wp","href":"https:\/\/api.w.org\/{rel}","templated":true}]}}