{"id":1830,"date":"2019-10-24T10:26:03","date_gmt":"2019-10-24T15:26:03","guid":{"rendered":"https:\/\/www.participacionciudadana.org\/web\/2019\/10\/24\/diana-atamaint-hay-tiempo-para-que-las-reformas-electorales-esten-vigentes-en-2021\/"},"modified":"2019-10-24T10:26:03","modified_gmt":"2019-10-24T15:26:03","slug":"diana-atamaint-hay-tiempo-para-que-las-reformas-electorales-esten-vigentes-en-2021","status":"publish","type":"post","link":"https:\/\/www.participacionciudadana.org\/web\/2019\/10\/24\/diana-atamaint-hay-tiempo-para-que-las-reformas-electorales-esten-vigentes-en-2021\/","title":{"rendered":"Diana Atamaint: \u201cHay tiempo para que las reformas electorales est\u00e9n vigentes en 2021\u201d"},"content":{"rendered":"<p><img decoding=\"async\" src=\"https:\/\/www.participacionciudadana.org\/\" alt=\"\" \/><img fetchpriority=\"high\" decoding=\"async\" class=\" size-full wp-image-1829\" src=\"https:\/\/www.participacionciudadana.org\/web\/wp-content\/uploads\/2019\/10\/Expreso_23.jpg\" alt=\"Expreso 23\" width=\"762\" height=\"428\" srcset=\"https:\/\/www.participacionciudadana.org\/web\/wp-content\/uploads\/2019\/10\/Expreso_23.jpg 762w, https:\/\/www.participacionciudadana.org\/web\/wp-content\/uploads\/2019\/10\/Expreso_23-300x169.jpg 300w\" sizes=\"(max-width: 762px) 100vw, 762px\" \/>Sobre la violencia pol\u00edtica, la&nbsp;<b>Corporaci\u00f3n Participaci\u00f3n Ciudadana&nbsp;<\/b>contabiliz\u00f3, en las \u00faltimas elecciones,&nbsp;<b>659 expresi\u00f3n violentas contra mujeres<\/b>&nbsp;en&nbsp;<b>redes sociales<\/b>: 554 eran tuits y 23 dirigidas a mujeres dentro de los espacios p\u00fablicos.&nbsp;<\/p>\n<p>Puedes leer la nota completa de Diario El Expreso <a href=\"https:\/\/www.expreso.ec\/actualidad\/ecuador-consejo-nacional-electoral-diana-atamaint-reformas-electorales-JX3220874\">aqu\u00ed<\/a>.<\/p>\n","protected":false},"excerpt":{"rendered":"<p>Sobre la violencia pol\u00edtica, la&nbsp;Corporaci\u00f3n Participaci\u00f3n Ciudadana&nbsp;contabiliz\u00f3, en las \u00faltimas elecciones,&nbsp;659 expresi\u00f3n violentas contra mujeres&nbsp;en&nbsp;redes sociales: 554 eran tuits y 23 dirigidas a mujeres dentro de los espacios p\u00fablicos.&nbsp; Puedes leer la nota completa de Diario El Expreso aqu\u00ed.<\/p>\n","protected":false},"author":1,"featured_media":0,"comment_status":"open","ping_status":"open","sticky":false,"template":"","format":"standard","meta":{"site-sidebar-layout":"default","site-content-layout":"","ast-site-content-layout":"default","site-content-style":"default","site-sidebar-style":"default","ast-global-header-display":"","ast-banner-title-visibility":"","ast-main-header-display":"","ast-hfb-above-header-display":"","ast-hfb-below-header-display":"","ast-hfb-mobile-header-display":"","site-post-title":"","ast-breadcrumbs-content":"","ast-featured-img":"","footer-sml-layout":"","ast-disable-related-posts":"","theme-transparent-header-meta":"","adv-header-id-meta":"","stick-header-meta":"","header-above-stick-meta":"","header-main-stick-meta":"","header-below-stick-meta":"","astra-migrate-meta-layouts":"default","ast-page-background-enabled":"default","ast-page-background-meta":{"desktop":{"background-color":"","background-image":"","background-repeat":"repeat","background-position":"center center","background-size":"auto","background-attachment":"scroll","background-type":"","background-media":"","overlay-type":"","overlay-color":"","overlay-opacity":"","overlay-gradient":""},"tablet":{"background-color":"","background-image":"","background-repeat":"repeat","background-position":"center center","background-size":"auto","background-attachment":"scroll","background-type":"","background-media":"","overlay-type":"","overlay-color":"","overlay-opacity":"","overlay-gradient":""},"mobile":{"background-color":"","background-image":"","background-repeat":"repeat","background-position":"center center","background-size":"auto","background-attachment":"scroll","background-type":"","background-media":"","overlay-type":"","overlay-color":"","overlay-opacity":"","overlay-gradient":""}},"ast-content-background-meta":{"desktop":{"background-color":"var(--ast-global-color-5)","background-image":"","background-repeat":"repeat","background-position":"center center","background-size":"auto","background-attachment":"scroll","background-type":"","background-media":"","overlay-type":"","overlay-color":"","overlay-opacity":"","overlay-gradient":""},"tablet":{"background-color":"var(--ast-global-color-5)","background-image":"","background-repeat":"repeat","background-position":"center center","background-size":"auto","background-attachment":"scroll","background-type":"","background-media":"","overlay-type":"","overlay-color":"","overlay-opacity":"","overlay-gradient":""},"mobile":{"background-color":"var(--ast-global-color-5)","background-image":"","background-repeat":"repeat","background-position":"center center","background-size":"auto","background-attachment":"scroll","background-type":"","background-media":"","overlay-type":"","overlay-color":"","overlay-opacity":"","overlay-gradient":""}},"_joinchat":[],"footnotes":""},"categories":[17],"tags":[],"class_list":["post-1830","post","type-post","status-publish","format-standard","hentry","category-medios"],"yoast_head":"<!-- This site is optimized with the Yoast SEO plugin v26.5 - https:\/\/yoast.com\/wordpress\/plugins\/seo\/ -->\n<title>Diana Atamaint: \u201cHay tiempo para que las reformas electorales est\u00e9n vigentes en 2021\u201d - Participaci\u00f3n Ciudadana<\/title>\n<meta name=\"robots\" content=\"index, follow, max-snippet:-1, max-image-preview:large, max-video-preview:-1\" \/>\n<link rel=\"canonical\" href=\"https:\/\/www.participacionciudadana.org\/web\/2019\/10\/24\/diana-atamaint-hay-tiempo-para-que-las-reformas-electorales-esten-vigentes-en-2021\/\" \/>\n<meta property=\"og:locale\" content=\"es_ES\" \/>\n<meta property=\"og:type\" content=\"article\" \/>\n<meta property=\"og:title\" content=\"Diana Atamaint: \u201cHay tiempo para que las reformas electorales est\u00e9n vigentes en 2021\u201d - Participaci\u00f3n Ciudadana\" \/>\n<meta property=\"og:description\" content=\"Sobre la violencia pol\u00edtica, la&nbsp;Corporaci\u00f3n Participaci\u00f3n Ciudadana&nbsp;contabiliz\u00f3, en las \u00faltimas elecciones,&nbsp;659 expresi\u00f3n violentas contra mujeres&nbsp;en&nbsp;redes sociales: 554 eran tuits y 23 dirigidas a mujeres dentro de los espacios p\u00fablicos.&nbsp; Puedes leer la nota completa de Diario El Expreso aqu\u00ed.\" \/>\n<meta property=\"og:url\" content=\"https:\/\/www.participacionciudadana.org\/web\/2019\/10\/24\/diana-atamaint-hay-tiempo-para-que-las-reformas-electorales-esten-vigentes-en-2021\/\" \/>\n<meta property=\"og:site_name\" content=\"Participaci\u00f3n Ciudadana\" \/>\n<meta property=\"article:publisher\" content=\"https:\/\/www.facebook.com\/ParticipacionPC\/\" \/>\n<meta property=\"article:published_time\" content=\"2019-10-24T15:26:03+00:00\" \/>\n<meta property=\"og:image\" content=\"https:\/\/www.participacionciudadana.org\/\" \/>\n<meta name=\"author\" content=\"auzfabian\" \/>\n<meta name=\"twitter:card\" content=\"summary_large_image\" \/>\n<meta name=\"twitter:creator\" content=\"@ParticipacionPC\" \/>\n<meta name=\"twitter:site\" content=\"@ParticipacionPC\" \/>\n<meta name=\"twitter:label1\" content=\"Escrito por\" \/>\n\t<meta name=\"twitter:data1\" content=\"auzfabian\" \/>\n<script type=\"application\/ld+json\" class=\"yoast-schema-graph\">{\"@context\":\"https:\/\/schema.org\",\"@graph\":[{\"@type\":\"Article\",\"@id\":\"https:\/\/www.participacionciudadana.org\/web\/2019\/10\/24\/diana-atamaint-hay-tiempo-para-que-las-reformas-electorales-esten-vigentes-en-2021\/#article\",\"isPartOf\":{\"@id\":\"https:\/\/www.participacionciudadana.org\/web\/2019\/10\/24\/diana-atamaint-hay-tiempo-para-que-las-reformas-electorales-esten-vigentes-en-2021\/\"},\"author\":{\"name\":\"auzfabian\",\"@id\":\"https:\/\/www.participacionciudadana.org\/web\/#\/schema\/person\/67ded4b29f4c10d217a0e025340d23ea\"},\"headline\":\"Diana Atamaint: \u201cHay tiempo para que las reformas electorales est\u00e9n vigentes en 2021\u201d\",\"datePublished\":\"2019-10-24T15:26:03+00:00\",\"mainEntityOfPage\":{\"@id\":\"https:\/\/www.participacionciudadana.org\/web\/2019\/10\/24\/diana-atamaint-hay-tiempo-para-que-las-reformas-electorales-esten-vigentes-en-2021\/\"},\"wordCount\":65,\"commentCount\":0,\"publisher\":{\"@id\":\"https:\/\/www.participacionciudadana.org\/web\/#organization\"},\"image\":{\"@id\":\"https:\/\/www.participacionciudadana.org\/web\/2019\/10\/24\/diana-atamaint-hay-tiempo-para-que-las-reformas-electorales-esten-vigentes-en-2021\/#primaryimage\"},\"thumbnailUrl\":\"https:\/\/www.participacionciudadana.org\/\",\"articleSection\":[\"PC en los Medios\"],\"inLanguage\":\"es\",\"potentialAction\":[{\"@type\":\"CommentAction\",\"name\":\"Comment\",\"target\":[\"https:\/\/www.participacionciudadana.org\/web\/2019\/10\/24\/diana-atamaint-hay-tiempo-para-que-las-reformas-electorales-esten-vigentes-en-2021\/#respond\"]}]},{\"@type\":\"WebPage\",\"@id\":\"https:\/\/www.participacionciudadana.org\/web\/2019\/10\/24\/diana-atamaint-hay-tiempo-para-que-las-reformas-electorales-esten-vigentes-en-2021\/\",\"url\":\"https:\/\/www.participacionciudadana.org\/web\/2019\/10\/24\/diana-atamaint-hay-tiempo-para-que-las-reformas-electorales-esten-vigentes-en-2021\/\",\"name\":\"Diana Atamaint: \u201cHay tiempo para que las reformas electorales est\u00e9n vigentes en 2021\u201d - Participaci\u00f3n Ciudadana\",\"isPartOf\":{\"@id\":\"https:\/\/www.participacionciudadana.org\/web\/#website\"},\"primaryImageOfPage\":{\"@id\":\"https:\/\/www.participacionciudadana.org\/web\/2019\/10\/24\/diana-atamaint-hay-tiempo-para-que-las-reformas-electorales-esten-vigentes-en-2021\/#primaryimage\"},\"image\":{\"@id\":\"https:\/\/www.participacionciudadana.org\/web\/2019\/10\/24\/diana-atamaint-hay-tiempo-para-que-las-reformas-electorales-esten-vigentes-en-2021\/#primaryimage\"},\"thumbnailUrl\":\"https:\/\/www.participacionciudadana.org\/\",\"datePublished\":\"2019-10-24T15:26:03+00:00\",\"breadcrumb\":{\"@id\":\"https:\/\/www.participacionciudadana.org\/web\/2019\/10\/24\/diana-atamaint-hay-tiempo-para-que-las-reformas-electorales-esten-vigentes-en-2021\/#breadcrumb\"},\"inLanguage\":\"es\",\"potentialAction\":[{\"@type\":\"ReadAction\",\"target\":[\"https:\/\/www.participacionciudadana.org\/web\/2019\/10\/24\/diana-atamaint-hay-tiempo-para-que-las-reformas-electorales-esten-vigentes-en-2021\/\"]}]},{\"@type\":\"ImageObject\",\"inLanguage\":\"es\",\"@id\":\"https:\/\/www.participacionciudadana.org\/web\/2019\/10\/24\/diana-atamaint-hay-tiempo-para-que-las-reformas-electorales-esten-vigentes-en-2021\/#primaryimage\",\"url\":\"https:\/\/www.participacionciudadana.org\/\",\"contentUrl\":\"https:\/\/www.participacionciudadana.org\/\"},{\"@type\":\"BreadcrumbList\",\"@id\":\"https:\/\/www.participacionciudadana.org\/web\/2019\/10\/24\/diana-atamaint-hay-tiempo-para-que-las-reformas-electorales-esten-vigentes-en-2021\/#breadcrumb\",\"itemListElement\":[{\"@type\":\"ListItem\",\"position\":1,\"name\":\"Portada\",\"item\":\"https:\/\/www.participacionciudadana.org\/web\/\"},{\"@type\":\"ListItem\",\"position\":2,\"name\":\"Diana Atamaint: \u201cHay tiempo para que las reformas electorales est\u00e9n vigentes en 2021\u201d\"}]},{\"@type\":\"WebSite\",\"@id\":\"https:\/\/www.participacionciudadana.org\/web\/#website\",\"url\":\"https:\/\/www.participacionciudadana.org\/web\/\",\"name\":\"Participaci\u00f3n Ciudadana\",\"description\":\"Comprometidos con la democracia\",\"publisher\":{\"@id\":\"https:\/\/www.participacionciudadana.org\/web\/#organization\"},\"potentialAction\":[{\"@type\":\"SearchAction\",\"target\":{\"@type\":\"EntryPoint\",\"urlTemplate\":\"https:\/\/www.participacionciudadana.org\/web\/?s={search_term_string}\"},\"query-input\":{\"@type\":\"PropertyValueSpecification\",\"valueRequired\":true,\"valueName\":\"search_term_string\"}}],\"inLanguage\":\"es\"},{\"@type\":\"Organization\",\"@id\":\"https:\/\/www.participacionciudadana.org\/web\/#organization\",\"name\":\"Participaci\u00f3n Ciudadana\",\"url\":\"https:\/\/www.participacionciudadana.org\/web\/\",\"logo\":{\"@type\":\"ImageObject\",\"inLanguage\":\"es\",\"@id\":\"https:\/\/www.participacionciudadana.org\/web\/#\/schema\/logo\/image\/\",\"url\":\"https:\/\/www.participacionciudadana.org\/web\/wp-content\/uploads\/2021\/11\/cropped-logo_pc-1.png\",\"contentUrl\":\"https:\/\/www.participacionciudadana.org\/web\/wp-content\/uploads\/2021\/11\/cropped-logo_pc-1.png\",\"width\":340,\"height\":114,\"caption\":\"Participaci\u00f3n Ciudadana\"},\"image\":{\"@id\":\"https:\/\/www.participacionciudadana.org\/web\/#\/schema\/logo\/image\/\"},\"sameAs\":[\"https:\/\/www.facebook.com\/ParticipacionPC\/\",\"https:\/\/x.com\/ParticipacionPC\"]},{\"@type\":\"Person\",\"@id\":\"https:\/\/www.participacionciudadana.org\/web\/#\/schema\/person\/67ded4b29f4c10d217a0e025340d23ea\",\"name\":\"auzfabian\",\"image\":{\"@type\":\"ImageObject\",\"inLanguage\":\"es\",\"@id\":\"https:\/\/www.participacionciudadana.org\/web\/#\/schema\/person\/image\/\",\"url\":\"https:\/\/secure.gravatar.com\/avatar\/b07eacb2fae81fba8818d35abde16f5d26c3e833d77fabbeeb8d53523e796bde?s=96&d=mm&r=g\",\"contentUrl\":\"https:\/\/secure.gravatar.com\/avatar\/b07eacb2fae81fba8818d35abde16f5d26c3e833d77fabbeeb8d53523e796bde?s=96&d=mm&r=g\",\"caption\":\"auzfabian\"},\"sameAs\":[\"https:\/\/www.participacionciudadana.org\/web\"],\"url\":\"https:\/\/www.participacionciudadana.org\/web\/author\/auzfabian\/\"}]}<\/script>\n<!-- \/ Yoast SEO plugin. -->","yoast_head_json":{"title":"Diana Atamaint: \u201cHay tiempo para que las reformas electorales est\u00e9n vigentes en 2021\u201d - Participaci\u00f3n Ciudadana","robots":{"index":"index","follow":"follow","max-snippet":"max-snippet:-1","max-image-preview":"max-image-preview:large","max-video-preview":"max-video-preview:-1"},"canonical":"https:\/\/www.participacionciudadana.org\/web\/2019\/10\/24\/diana-atamaint-hay-tiempo-para-que-las-reformas-electorales-esten-vigentes-en-2021\/","og_locale":"es_ES","og_type":"article","og_title":"Diana Atamaint: \u201cHay tiempo para que las reformas electorales est\u00e9n vigentes en 2021\u201d - Participaci\u00f3n Ciudadana","og_description":"Sobre la violencia pol\u00edtica, la&nbsp;Corporaci\u00f3n Participaci\u00f3n Ciudadana&nbsp;contabiliz\u00f3, en las \u00faltimas elecciones,&nbsp;659 expresi\u00f3n violentas contra mujeres&nbsp;en&nbsp;redes sociales: 554 eran tuits y 23 dirigidas a mujeres dentro de los espacios p\u00fablicos.&nbsp; Puedes leer la nota completa de Diario El Expreso aqu\u00ed.","og_url":"https:\/\/www.participacionciudadana.org\/web\/2019\/10\/24\/diana-atamaint-hay-tiempo-para-que-las-reformas-electorales-esten-vigentes-en-2021\/","og_site_name":"Participaci\u00f3n Ciudadana","article_publisher":"https:\/\/www.facebook.com\/ParticipacionPC\/","article_published_time":"2019-10-24T15:26:03+00:00","og_image":[{"url":"https:\/\/www.participacionciudadana.org\/","type":"","width":"","height":""}],"author":"auzfabian","twitter_card":"summary_large_image","twitter_creator":"@ParticipacionPC","twitter_site":"@ParticipacionPC","twitter_misc":{"Escrito por":"auzfabian"},"schema":{"@context":"https:\/\/schema.org","@graph":[{"@type":"Article","@id":"https:\/\/www.participacionciudadana.org\/web\/2019\/10\/24\/diana-atamaint-hay-tiempo-para-que-las-reformas-electorales-esten-vigentes-en-2021\/#article","isPartOf":{"@id":"https:\/\/www.participacionciudadana.org\/web\/2019\/10\/24\/diana-atamaint-hay-tiempo-para-que-las-reformas-electorales-esten-vigentes-en-2021\/"},"author":{"name":"auzfabian","@id":"https:\/\/www.participacionciudadana.org\/web\/#\/schema\/person\/67ded4b29f4c10d217a0e025340d23ea"},"headline":"Diana Atamaint: \u201cHay tiempo para que las reformas electorales est\u00e9n vigentes en 2021\u201d","datePublished":"2019-10-24T15:26:03+00:00","mainEntityOfPage":{"@id":"https:\/\/www.participacionciudadana.org\/web\/2019\/10\/24\/diana-atamaint-hay-tiempo-para-que-las-reformas-electorales-esten-vigentes-en-2021\/"},"wordCount":65,"commentCount":0,"publisher":{"@id":"https:\/\/www.participacionciudadana.org\/web\/#organization"},"image":{"@id":"https:\/\/www.participacionciudadana.org\/web\/2019\/10\/24\/diana-atamaint-hay-tiempo-para-que-las-reformas-electorales-esten-vigentes-en-2021\/#primaryimage"},"thumbnailUrl":"https:\/\/www.participacionciudadana.org\/","articleSection":["PC en los Medios"],"inLanguage":"es","potentialAction":[{"@type":"CommentAction","name":"Comment","target":["https:\/\/www.participacionciudadana.org\/web\/2019\/10\/24\/diana-atamaint-hay-tiempo-para-que-las-reformas-electorales-esten-vigentes-en-2021\/#respond"]}]},{"@type":"WebPage","@id":"https:\/\/www.participacionciudadana.org\/web\/2019\/10\/24\/diana-atamaint-hay-tiempo-para-que-las-reformas-electorales-esten-vigentes-en-2021\/","url":"https:\/\/www.participacionciudadana.org\/web\/2019\/10\/24\/diana-atamaint-hay-tiempo-para-que-las-reformas-electorales-esten-vigentes-en-2021\/","name":"Diana Atamaint: \u201cHay tiempo para que las reformas electorales est\u00e9n vigentes en 2021\u201d - Participaci\u00f3n Ciudadana","isPartOf":{"@id":"https:\/\/www.participacionciudadana.org\/web\/#website"},"primaryImageOfPage":{"@id":"https:\/\/www.participacionciudadana.org\/web\/2019\/10\/24\/diana-atamaint-hay-tiempo-para-que-las-reformas-electorales-esten-vigentes-en-2021\/#primaryimage"},"image":{"@id":"https:\/\/www.participacionciudadana.org\/web\/2019\/10\/24\/diana-atamaint-hay-tiempo-para-que-las-reformas-electorales-esten-vigentes-en-2021\/#primaryimage"},"thumbnailUrl":"https:\/\/www.participacionciudadana.org\/","datePublished":"2019-10-24T15:26:03+00:00","breadcrumb":{"@id":"https:\/\/www.participacionciudadana.org\/web\/2019\/10\/24\/diana-atamaint-hay-tiempo-para-que-las-reformas-electorales-esten-vigentes-en-2021\/#breadcrumb"},"inLanguage":"es","potentialAction":[{"@type":"ReadAction","target":["https:\/\/www.participacionciudadana.org\/web\/2019\/10\/24\/diana-atamaint-hay-tiempo-para-que-las-reformas-electorales-esten-vigentes-en-2021\/"]}]},{"@type":"ImageObject","inLanguage":"es","@id":"https:\/\/www.participacionciudadana.org\/web\/2019\/10\/24\/diana-atamaint-hay-tiempo-para-que-las-reformas-electorales-esten-vigentes-en-2021\/#primaryimage","url":"https:\/\/www.participacionciudadana.org\/","contentUrl":"https:\/\/www.participacionciudadana.org\/"},{"@type":"BreadcrumbList","@id":"https:\/\/www.participacionciudadana.org\/web\/2019\/10\/24\/diana-atamaint-hay-tiempo-para-que-las-reformas-electorales-esten-vigentes-en-2021\/#breadcrumb","itemListElement":[{"@type":"ListItem","position":1,"name":"Portada","item":"https:\/\/www.participacionciudadana.org\/web\/"},{"@type":"ListItem","position":2,"name":"Diana Atamaint: \u201cHay tiempo para que las reformas electorales est\u00e9n vigentes en 2021\u201d"}]},{"@type":"WebSite","@id":"https:\/\/www.participacionciudadana.org\/web\/#website","url":"https:\/\/www.participacionciudadana.org\/web\/","name":"Participaci\u00f3n Ciudadana","description":"Comprometidos con la democracia","publisher":{"@id":"https:\/\/www.participacionciudadana.org\/web\/#organization"},"potentialAction":[{"@type":"SearchAction","target":{"@type":"EntryPoint","urlTemplate":"https:\/\/www.participacionciudadana.org\/web\/?s={search_term_string}"},"query-input":{"@type":"PropertyValueSpecification","valueRequired":true,"valueName":"search_term_string"}}],"inLanguage":"es"},{"@type":"Organization","@id":"https:\/\/www.participacionciudadana.org\/web\/#organization","name":"Participaci\u00f3n Ciudadana","url":"https:\/\/www.participacionciudadana.org\/web\/","logo":{"@type":"ImageObject","inLanguage":"es","@id":"https:\/\/www.participacionciudadana.org\/web\/#\/schema\/logo\/image\/","url":"https:\/\/www.participacionciudadana.org\/web\/wp-content\/uploads\/2021\/11\/cropped-logo_pc-1.png","contentUrl":"https:\/\/www.participacionciudadana.org\/web\/wp-content\/uploads\/2021\/11\/cropped-logo_pc-1.png","width":340,"height":114,"caption":"Participaci\u00f3n Ciudadana"},"image":{"@id":"https:\/\/www.participacionciudadana.org\/web\/#\/schema\/logo\/image\/"},"sameAs":["https:\/\/www.facebook.com\/ParticipacionPC\/","https:\/\/x.com\/ParticipacionPC"]},{"@type":"Person","@id":"https:\/\/www.participacionciudadana.org\/web\/#\/schema\/person\/67ded4b29f4c10d217a0e025340d23ea","name":"auzfabian","image":{"@type":"ImageObject","inLanguage":"es","@id":"https:\/\/www.participacionciudadana.org\/web\/#\/schema\/person\/image\/","url":"https:\/\/secure.gravatar.com\/avatar\/b07eacb2fae81fba8818d35abde16f5d26c3e833d77fabbeeb8d53523e796bde?s=96&d=mm&r=g","contentUrl":"https:\/\/secure.gravatar.com\/avatar\/b07eacb2fae81fba8818d35abde16f5d26c3e833d77fabbeeb8d53523e796bde?s=96&d=mm&r=g","caption":"auzfabian"},"sameAs":["https:\/\/www.participacionciudadana.org\/web"],"url":"https:\/\/www.participacionciudadana.org\/web\/author\/auzfabian\/"}]}},"_links":{"self":[{"href":"https:\/\/www.participacionciudadana.org\/web\/wp-json\/wp\/v2\/posts\/1830","targetHints":{"allow":["GET"]}}],"collection":[{"href":"https:\/\/www.participacionciudadana.org\/web\/wp-json\/wp\/v2\/posts"}],"about":[{"href":"https:\/\/www.participacionciudadana.org\/web\/wp-json\/wp\/v2\/types\/post"}],"author":[{"embeddable":true,"href":"https:\/\/www.participacionciudadana.org\/web\/wp-json\/wp\/v2\/users\/1"}],"replies":[{"embeddable":true,"href":"https:\/\/www.participacionciudadana.org\/web\/wp-json\/wp\/v2\/comments?post=1830"}],"version-history":[{"count":0,"href":"https:\/\/www.participacionciudadana.org\/web\/wp-json\/wp\/v2\/posts\/1830\/revisions"}],"wp:attachment":[{"href":"https:\/\/www.participacionciudadana.org\/web\/wp-json\/wp\/v2\/media?parent=1830"}],"wp:term":[{"taxonomy":"category","embeddable":true,"href":"https:\/\/www.participacionciudadana.org\/web\/wp-json\/wp\/v2\/categories?post=1830"},{"taxonomy":"post_tag","embeddable":true,"href":"https:\/\/www.participacionciudadana.org\/web\/wp-json\/wp\/v2\/tags?post=1830"}],"curies":[{"name":"wp","href":"https:\/\/api.w.org\/{rel}","templated":true}]}}