{"id":1844,"date":"2020-01-30T12:06:02","date_gmt":"2020-01-30T17:06:02","guid":{"rendered":"https:\/\/www.participacionciudadana.org\/web\/2020\/01\/30\/500-agresiones-contra-mujeres-politicas\/"},"modified":"2020-01-30T12:06:02","modified_gmt":"2020-01-30T17:06:02","slug":"500-agresiones-contra-mujeres-politicas","status":"publish","type":"post","link":"https:\/\/www.participacionciudadana.org\/web\/2020\/01\/30\/500-agresiones-contra-mujeres-politicas\/","title":{"rendered":"500 agresiones contra mujeres pol\u00edticas"},"content":{"rendered":"<div class=\"blue-message\"><strong><span style=\"font-size:12.0pt;\">Alerta social:<\/span><\/strong><strong><span style=\"font-size:12.0pt;\"><\/span><\/strong><\/div>\n<div class=\"blue-message\"><strong><span style=\"font-size:12.0pt;\">Participaci\u00f3n Ciudadana reporta m\u00e1s de 500 agresiones contra mujeres pol\u00edtica<\/span><span style=\"font-size:12.0pt;\">s<\/span><\/strong><\/div>\n<p><span style=\"font-size:12.0pt;\">La corporaci\u00f3n Participaci\u00f3n Ciudadana (PC), comprometida con una cultura de equidad y paz, elabor\u00f3 el Monitoreo 2020 sobre violencia pol\u00edtica contra mujeres con representatividad p\u00fablica.<\/span><\/p>\n<p>Para acceder al informe completo,&nbsp;<a data-link-type=\"custom\" href=\"https:\/\/www.participacionciudadana.org\/web\/wp-content\/uploads\/2020\/01\/20200130-Reporte-Violencia-de-Genero.pdf\" target=\"_blank\" title=\"https:\/\/www.participacionciudadana.org\/papers\/20200130%20Reporte%20Violencia%20de%20Genero.pdf\" rel=\"noopener\">digite aqu\u00ed.<\/a><\/p>\n<p><img fetchpriority=\"high\" decoding=\"async\" class=\" alignright size-full wp-image-1842\" alt=\"Nelsa Curbelo, defensora de DD.HH., sostuvo que la mujer que participa en pol\u00edtica tiene un reto mayor: cambiar la forma de hacer pol\u00edtica.\" src=\"https:\/\/www.participacionciudadana.org\/web\/wp-content\/uploads\/2020\/01\/GYE002.jpg\" style=\"float: right;\" title=\"Nelsa Curbelo, defensora de DD.HH., sostuvo que la mujer que participa en pol\u00edtica tiene un reto mayor: cambiar la forma de hacer pol\u00edtica.\" width=\"1280\" height=\"720\" srcset=\"https:\/\/www.participacionciudadana.org\/web\/wp-content\/uploads\/2020\/01\/GYE002.jpg 1280w, https:\/\/www.participacionciudadana.org\/web\/wp-content\/uploads\/2020\/01\/GYE002-300x169.jpg 300w, https:\/\/www.participacionciudadana.org\/web\/wp-content\/uploads\/2020\/01\/GYE002-1024x576.jpg 1024w, https:\/\/www.participacionciudadana.org\/web\/wp-content\/uploads\/2020\/01\/GYE002-768x432.jpg 768w\" sizes=\"(max-width: 1280px) 100vw, 1280px\" \/><\/p>\n<div class=\"left-block\"><em>Nelsa Curbelo, defensora de DD.HH., sostuvo que la mujer que participa en pol\u00edtica tiene un reto mayor: cambiar la forma de hacer pol\u00edtica.<\/em><\/div>\n<p><span style=\"font-size:12.0pt;\">Se trata de un pulso a la red social Twitter, entre el 1 de diciembre de 2019 y el 12 de enero de 2020,&nbsp;en la cual<strong> se identific\u00f3 506 tuits desde los cuales se profirieron 538 expresiones que vulneran derechos<\/strong>, por diversos \u00e1mbitos de discriminaci\u00f3n: cuestiones de g\u00e9nero, apariencia f\u00edsica, etnia, clase social, etc. El 61% de los trinos desvaloriza el papel de la mujer en la vida p\u00fablica del pa\u00eds.<\/span><\/p>\n<p><img decoding=\"async\" class=\" alignleft size-full wp-image-1843\" alt=\"Ruth Hidalgo pidi\u00f3 que la sociedad civil se apropie de este monitoreo como una alerta social para decir basta a todo tipo de violencia hacia la mujer.\" src=\"https:\/\/www.participacionciudadana.org\/web\/wp-content\/uploads\/2020\/01\/GYE003.jpg\" style=\"float: left;\" title=\"Ruth Hidalgo pidi\u00f3 que la sociedad civil se apropie de este monitoreo como una alerta social para decir basta a todo tipo de violencia hacia la mujer.\" width=\"1280\" height=\"720\" srcset=\"https:\/\/www.participacionciudadana.org\/web\/wp-content\/uploads\/2020\/01\/GYE003.jpg 1280w, https:\/\/www.participacionciudadana.org\/web\/wp-content\/uploads\/2020\/01\/GYE003-300x169.jpg 300w, https:\/\/www.participacionciudadana.org\/web\/wp-content\/uploads\/2020\/01\/GYE003-1024x576.jpg 1024w, https:\/\/www.participacionciudadana.org\/web\/wp-content\/uploads\/2020\/01\/GYE003-768x432.jpg 768w\" sizes=\"(max-width: 1280px) 100vw, 1280px\" \/><\/p>\n<div class=\"left-block\"><em>Ruth Hidalgo pidi\u00f3 que la sociedad civil se apropie de este monitoreo como una alerta social para decir basta a todo tipo de violencia hacia la mujer.<\/em><\/div>\n<p>&nbsp;<\/p>\n<p>PC present\u00f3 los primeros resultados de su estudio en un emotivo encuentro en Guayaquil, el mi\u00e9rcoles 29 de enero. En la cita participaron 50 mujeres, entre acad\u00e9micas, periodistas y representantes de diversas organizaciones de derechos humanos.<\/p>\n<p>\n&nbsp;<\/p>\n<p><strong>Ruth Hidalgo<\/strong>, Directora Ejecutiva de la corporaci\u00f3n, abri\u00f3 el programa. \u201c<strong>Este informe busca ser una alerta social \u2013dijo\u2013, porque no se construye pol\u00edtica p\u00fablica sin las mujeres: el 51% de la poblaci\u00f3n<\/strong>. Y nuestros datos demuestran que las manifestaciones de violencia en espacios de discusi\u00f3n p\u00fablica son uno de los factores que m\u00e1s desincentivan una mayor participaci\u00f3n pol\u00edtica de las mujeres\u201d.<br \/>\nEl equipo t\u00e9cnico de PC, integrado por William G\u00e1ndara y Natalia Salgado, expusieron los detalles t\u00e9cnicos del monitoreo, subrayaron que <strong>la discriminaci\u00f3n en el caso ecuatoriano es correspondiente a un contexto regional de inequidad y violencia.<\/strong> Y recordaron un dato doloroso e impugnador: <strong>en Am\u00e9rica Latina, en un solo a\u00f1o, 3.529 mujeres fueron asesinadas<\/strong>.<\/p>\n<p>\nTras la exposici\u00f3n de las cifras del Monitoreo 2020 se vivi\u00f3 un conversatorio entre&nbsp; asistentes de diversas generaciones y procesos: activistas de los 80, pol\u00edticas de los 90, integrantes del pueblo afroecuatoriano, j\u00f3venes universitarias, etc. Entre todas ellas, un factor com\u00fan: <strong>en Ecuador, en lo jur\u00eddico, pol\u00edtico y social, no hay un ambiente habilitante para la participaci\u00f3n de las mujeres<\/strong>.<br \/>\n<strong>Nelsa Curbelo<\/strong>, defensora de DD.HH., respondi\u00f3 a esa constataci\u00f3n con un desaf\u00edo: \u201c<strong>la participaci\u00f3n de la mujer en pol\u00edtica tiene un reto mayor: se participa en la pol\u00edtica para cambiarla<\/strong>\u201d.<\/p>\n<div class=\"grey-message\"><em><strong>Video del reporte:<\/strong><\/em><\/div>\n<div class=\"grey-message\">{facebook}https:\/\/www.facebook.com\/ParticipacionPC\/videos\/205242787282970{\/facebook}<\/div>\n<p>&nbsp;<\/p>\n<p><strong>Prensa Nacional:<\/strong><\/p>\n<p><span style=\"font-family: &quot;Titillium Web&quot;, sans-serif; background-color: rgb(255, 255, 255);\">31 mujeres, v\u00edctimas de violencia pol\u00edtica en 1 mes<\/span><\/p>\n<p>El Telegrafo, link:&nbsp;<a href=\"https:\/\/www.eltelegrafo.com.ec\/noticias\/politica\/3\/mujeres-victimas-violencia-politica\">https:\/\/www.eltelegrafo.com.ec\/noticias\/politica\/3\/mujeres-victimas-violencia-politica<\/a><\/p>\n<p>LA VIOLENCIA POL\u00cdTICA EN TWITTER QUE SUFREN LAS MUJERES EN ECUADOR<\/p>\n<p>Revista Vistazo, link:&nbsp;<a href=\"https:\/\/www.vistazo.com\/seccion\/pais\/actualidad-nacional\/la-violencia-politica-en-twitter-que-sufren-las-mujeres-en-ecuador\">https:\/\/www.vistazo.com\/seccion\/pais\/actualidad-nacional\/la-violencia-politica-en-twitter-que-sufren-las-mujeres-en-ecuador<\/a><\/p>\n<p>Seg\u00fan la academia, democracia ecuatoriana padece de \u2018intolerancia\u2019<\/p>\n<p>Diario La Hora, link:&nbsp;<a href=\"https:\/\/www.lahora.com.ec\/noticia\/1102304387\/segun-la-academia-democracia-ecuatoriana-padece-de-intolerancia\">https:\/\/www.lahora.com.ec\/noticia\/1102304387\/segun-la-academia-democracia-ecuatoriana-padece-de-intolerancia<\/a><\/p>\n","protected":false},"excerpt":{"rendered":"<p>Alerta social: Participaci\u00f3n Ciudadana reporta m\u00e1s de 500 agresiones contra mujeres pol\u00edticas La corporaci\u00f3n Participaci\u00f3n Ciudadana (PC), comprometida con una cultura de equidad y paz, elabor\u00f3 el Monitoreo 2020 sobre violencia pol\u00edtica contra mujeres con representatividad p\u00fablica. Para acceder al informe completo,&nbsp;digite aqu\u00ed. Nelsa Curbelo, defensora de DD.HH., sostuvo que la mujer que participa en [&hellip;]<\/p>\n","protected":false},"author":1,"featured_media":1842,"comment_status":"open","ping_status":"open","sticky":false,"template":"","format":"standard","meta":{"site-sidebar-layout":"default","site-content-layout":"","ast-site-content-layout":"default","site-content-style":"default","site-sidebar-style":"default","ast-global-header-display":"","ast-banner-title-visibility":"","ast-main-header-display":"","ast-hfb-above-header-display":"","ast-hfb-below-header-display":"","ast-hfb-mobile-header-display":"","site-post-title":"","ast-breadcrumbs-content":"","ast-featured-img":"","footer-sml-layout":"","ast-disable-related-posts":"","theme-transparent-header-meta":"","adv-header-id-meta":"","stick-header-meta":"","header-above-stick-meta":"","header-main-stick-meta":"","header-below-stick-meta":"","astra-migrate-meta-layouts":"default","ast-page-background-enabled":"default","ast-page-background-meta":{"desktop":{"background-color":"","background-image":"","background-repeat":"repeat","background-position":"center center","background-size":"auto","background-attachment":"scroll","background-type":"","background-media":"","overlay-type":"","overlay-color":"","overlay-opacity":"","overlay-gradient":""},"tablet":{"background-color":"","background-image":"","background-repeat":"repeat","background-position":"center center","background-size":"auto","background-attachment":"scroll","background-type":"","background-media":"","overlay-type":"","overlay-color":"","overlay-opacity":"","overlay-gradient":""},"mobile":{"background-color":"","background-image":"","background-repeat":"repeat","background-position":"center center","background-size":"auto","background-attachment":"scroll","background-type":"","background-media":"","overlay-type":"","overlay-color":"","overlay-opacity":"","overlay-gradient":""}},"ast-content-background-meta":{"desktop":{"background-color":"var(--ast-global-color-5)","background-image":"","background-repeat":"repeat","background-position":"center center","background-size":"auto","background-attachment":"scroll","background-type":"","background-media":"","overlay-type":"","overlay-color":"","overlay-opacity":"","overlay-gradient":""},"tablet":{"background-color":"var(--ast-global-color-5)","background-image":"","background-repeat":"repeat","background-position":"center center","background-size":"auto","background-attachment":"scroll","background-type":"","background-media":"","overlay-type":"","overlay-color":"","overlay-opacity":"","overlay-gradient":""},"mobile":{"background-color":"var(--ast-global-color-5)","background-image":"","background-repeat":"repeat","background-position":"center center","background-size":"auto","background-attachment":"scroll","background-type":"","background-media":"","overlay-type":"","overlay-color":"","overlay-opacity":"","overlay-gradient":""}},"_joinchat":[],"footnotes":""},"categories":[16],"tags":[],"class_list":["post-1844","post","type-post","status-publish","format-standard","has-post-thumbnail","hentry","category-actualidad"],"yoast_head":"<!-- This site is optimized with the Yoast SEO plugin v26.5 - https:\/\/yoast.com\/wordpress\/plugins\/seo\/ -->\n<title>500 agresiones contra mujeres pol\u00edticas - Participaci\u00f3n Ciudadana<\/title>\n<meta name=\"robots\" content=\"index, follow, max-snippet:-1, max-image-preview:large, max-video-preview:-1\" \/>\n<link rel=\"canonical\" href=\"https:\/\/www.participacionciudadana.org\/web\/2020\/01\/30\/500-agresiones-contra-mujeres-politicas\/\" \/>\n<meta property=\"og:locale\" content=\"es_ES\" \/>\n<meta property=\"og:type\" content=\"article\" \/>\n<meta property=\"og:title\" content=\"500 agresiones contra mujeres pol\u00edticas - Participaci\u00f3n Ciudadana\" \/>\n<meta property=\"og:description\" content=\"Alerta social: Participaci\u00f3n Ciudadana reporta m\u00e1s de 500 agresiones contra mujeres pol\u00edticas La corporaci\u00f3n Participaci\u00f3n Ciudadana (PC), comprometida con una cultura de equidad y paz, elabor\u00f3 el Monitoreo 2020 sobre violencia pol\u00edtica contra mujeres con representatividad p\u00fablica. Para acceder al informe completo,&nbsp;digite aqu\u00ed. Nelsa Curbelo, defensora de DD.HH., sostuvo que la mujer que participa en [&hellip;]\" \/>\n<meta property=\"og:url\" content=\"https:\/\/www.participacionciudadana.org\/web\/2020\/01\/30\/500-agresiones-contra-mujeres-politicas\/\" \/>\n<meta property=\"og:site_name\" content=\"Participaci\u00f3n Ciudadana\" \/>\n<meta property=\"article:publisher\" content=\"https:\/\/www.facebook.com\/ParticipacionPC\/\" \/>\n<meta property=\"article:published_time\" content=\"2020-01-30T17:06:02+00:00\" \/>\n<meta property=\"og:image\" content=\"https:\/\/www.participacionciudadana.org\/web\/wp-content\/uploads\/2020\/01\/GYE002.jpg\" \/>\n\t<meta property=\"og:image:width\" content=\"1280\" \/>\n\t<meta property=\"og:image:height\" content=\"720\" \/>\n\t<meta property=\"og:image:type\" content=\"image\/jpeg\" \/>\n<meta name=\"author\" content=\"auzfabian\" \/>\n<meta name=\"twitter:card\" content=\"summary_large_image\" \/>\n<meta name=\"twitter:creator\" content=\"@ParticipacionPC\" \/>\n<meta name=\"twitter:site\" content=\"@ParticipacionPC\" \/>\n<meta name=\"twitter:label1\" content=\"Escrito por\" \/>\n\t<meta name=\"twitter:data1\" content=\"auzfabian\" \/>\n\t<meta name=\"twitter:label2\" content=\"Tiempo de lectura\" \/>\n\t<meta name=\"twitter:data2\" content=\"3 minutos\" \/>\n<script type=\"application\/ld+json\" class=\"yoast-schema-graph\">{\"@context\":\"https:\/\/schema.org\",\"@graph\":[{\"@type\":\"Article\",\"@id\":\"https:\/\/www.participacionciudadana.org\/web\/2020\/01\/30\/500-agresiones-contra-mujeres-politicas\/#article\",\"isPartOf\":{\"@id\":\"https:\/\/www.participacionciudadana.org\/web\/2020\/01\/30\/500-agresiones-contra-mujeres-politicas\/\"},\"author\":{\"name\":\"auzfabian\",\"@id\":\"https:\/\/www.participacionciudadana.org\/web\/#\/schema\/person\/67ded4b29f4c10d217a0e025340d23ea\"},\"headline\":\"500 agresiones contra mujeres pol\u00edticas\",\"datePublished\":\"2020-01-30T17:06:02+00:00\",\"mainEntityOfPage\":{\"@id\":\"https:\/\/www.participacionciudadana.org\/web\/2020\/01\/30\/500-agresiones-contra-mujeres-politicas\/\"},\"wordCount\":527,\"commentCount\":0,\"publisher\":{\"@id\":\"https:\/\/www.participacionciudadana.org\/web\/#organization\"},\"image\":{\"@id\":\"https:\/\/www.participacionciudadana.org\/web\/2020\/01\/30\/500-agresiones-contra-mujeres-politicas\/#primaryimage\"},\"thumbnailUrl\":\"https:\/\/www.participacionciudadana.org\/web\/wp-content\/uploads\/2020\/01\/GYE002.jpg\",\"articleSection\":[\"Actualidad\"],\"inLanguage\":\"es\",\"potentialAction\":[{\"@type\":\"CommentAction\",\"name\":\"Comment\",\"target\":[\"https:\/\/www.participacionciudadana.org\/web\/2020\/01\/30\/500-agresiones-contra-mujeres-politicas\/#respond\"]}]},{\"@type\":\"WebPage\",\"@id\":\"https:\/\/www.participacionciudadana.org\/web\/2020\/01\/30\/500-agresiones-contra-mujeres-politicas\/\",\"url\":\"https:\/\/www.participacionciudadana.org\/web\/2020\/01\/30\/500-agresiones-contra-mujeres-politicas\/\",\"name\":\"500 agresiones contra mujeres pol\u00edticas - Participaci\u00f3n Ciudadana\",\"isPartOf\":{\"@id\":\"https:\/\/www.participacionciudadana.org\/web\/#website\"},\"primaryImageOfPage\":{\"@id\":\"https:\/\/www.participacionciudadana.org\/web\/2020\/01\/30\/500-agresiones-contra-mujeres-politicas\/#primaryimage\"},\"image\":{\"@id\":\"https:\/\/www.participacionciudadana.org\/web\/2020\/01\/30\/500-agresiones-contra-mujeres-politicas\/#primaryimage\"},\"thumbnailUrl\":\"https:\/\/www.participacionciudadana.org\/web\/wp-content\/uploads\/2020\/01\/GYE002.jpg\",\"datePublished\":\"2020-01-30T17:06:02+00:00\",\"breadcrumb\":{\"@id\":\"https:\/\/www.participacionciudadana.org\/web\/2020\/01\/30\/500-agresiones-contra-mujeres-politicas\/#breadcrumb\"},\"inLanguage\":\"es\",\"potentialAction\":[{\"@type\":\"ReadAction\",\"target\":[\"https:\/\/www.participacionciudadana.org\/web\/2020\/01\/30\/500-agresiones-contra-mujeres-politicas\/\"]}]},{\"@type\":\"ImageObject\",\"inLanguage\":\"es\",\"@id\":\"https:\/\/www.participacionciudadana.org\/web\/2020\/01\/30\/500-agresiones-contra-mujeres-politicas\/#primaryimage\",\"url\":\"https:\/\/www.participacionciudadana.org\/web\/wp-content\/uploads\/2020\/01\/GYE002.jpg\",\"contentUrl\":\"https:\/\/www.participacionciudadana.org\/web\/wp-content\/uploads\/2020\/01\/GYE002.jpg\",\"width\":1280,\"height\":720,\"caption\":\"Nelsa Curbelo, defensora de DD.HH., sostuvo que la mujer que participa en pol\u00edtica tiene un reto mayor: cambiar la forma de hacer pol\u00edtica.\"},{\"@type\":\"BreadcrumbList\",\"@id\":\"https:\/\/www.participacionciudadana.org\/web\/2020\/01\/30\/500-agresiones-contra-mujeres-politicas\/#breadcrumb\",\"itemListElement\":[{\"@type\":\"ListItem\",\"position\":1,\"name\":\"Portada\",\"item\":\"https:\/\/www.participacionciudadana.org\/web\/\"},{\"@type\":\"ListItem\",\"position\":2,\"name\":\"500 agresiones contra mujeres pol\u00edticas\"}]},{\"@type\":\"WebSite\",\"@id\":\"https:\/\/www.participacionciudadana.org\/web\/#website\",\"url\":\"https:\/\/www.participacionciudadana.org\/web\/\",\"name\":\"Participaci\u00f3n Ciudadana\",\"description\":\"Comprometidos con la democracia\",\"publisher\":{\"@id\":\"https:\/\/www.participacionciudadana.org\/web\/#organization\"},\"potentialAction\":[{\"@type\":\"SearchAction\",\"target\":{\"@type\":\"EntryPoint\",\"urlTemplate\":\"https:\/\/www.participacionciudadana.org\/web\/?s={search_term_string}\"},\"query-input\":{\"@type\":\"PropertyValueSpecification\",\"valueRequired\":true,\"valueName\":\"search_term_string\"}}],\"inLanguage\":\"es\"},{\"@type\":\"Organization\",\"@id\":\"https:\/\/www.participacionciudadana.org\/web\/#organization\",\"name\":\"Participaci\u00f3n Ciudadana\",\"url\":\"https:\/\/www.participacionciudadana.org\/web\/\",\"logo\":{\"@type\":\"ImageObject\",\"inLanguage\":\"es\",\"@id\":\"https:\/\/www.participacionciudadana.org\/web\/#\/schema\/logo\/image\/\",\"url\":\"https:\/\/www.participacionciudadana.org\/web\/wp-content\/uploads\/2021\/11\/cropped-logo_pc-1.png\",\"contentUrl\":\"https:\/\/www.participacionciudadana.org\/web\/wp-content\/uploads\/2021\/11\/cropped-logo_pc-1.png\",\"width\":340,\"height\":114,\"caption\":\"Participaci\u00f3n Ciudadana\"},\"image\":{\"@id\":\"https:\/\/www.participacionciudadana.org\/web\/#\/schema\/logo\/image\/\"},\"sameAs\":[\"https:\/\/www.facebook.com\/ParticipacionPC\/\",\"https:\/\/x.com\/ParticipacionPC\"]},{\"@type\":\"Person\",\"@id\":\"https:\/\/www.participacionciudadana.org\/web\/#\/schema\/person\/67ded4b29f4c10d217a0e025340d23ea\",\"name\":\"auzfabian\",\"image\":{\"@type\":\"ImageObject\",\"inLanguage\":\"es\",\"@id\":\"https:\/\/www.participacionciudadana.org\/web\/#\/schema\/person\/image\/\",\"url\":\"https:\/\/secure.gravatar.com\/avatar\/b07eacb2fae81fba8818d35abde16f5d26c3e833d77fabbeeb8d53523e796bde?s=96&d=mm&r=g\",\"contentUrl\":\"https:\/\/secure.gravatar.com\/avatar\/b07eacb2fae81fba8818d35abde16f5d26c3e833d77fabbeeb8d53523e796bde?s=96&d=mm&r=g\",\"caption\":\"auzfabian\"},\"sameAs\":[\"https:\/\/www.participacionciudadana.org\/web\"],\"url\":\"https:\/\/www.participacionciudadana.org\/web\/author\/auzfabian\/\"}]}<\/script>\n<!-- \/ Yoast SEO plugin. -->","yoast_head_json":{"title":"500 agresiones contra mujeres pol\u00edticas - Participaci\u00f3n Ciudadana","robots":{"index":"index","follow":"follow","max-snippet":"max-snippet:-1","max-image-preview":"max-image-preview:large","max-video-preview":"max-video-preview:-1"},"canonical":"https:\/\/www.participacionciudadana.org\/web\/2020\/01\/30\/500-agresiones-contra-mujeres-politicas\/","og_locale":"es_ES","og_type":"article","og_title":"500 agresiones contra mujeres pol\u00edticas - Participaci\u00f3n Ciudadana","og_description":"Alerta social: Participaci\u00f3n Ciudadana reporta m\u00e1s de 500 agresiones contra mujeres pol\u00edticas La corporaci\u00f3n Participaci\u00f3n Ciudadana (PC), comprometida con una cultura de equidad y paz, elabor\u00f3 el Monitoreo 2020 sobre violencia pol\u00edtica contra mujeres con representatividad p\u00fablica. Para acceder al informe completo,&nbsp;digite aqu\u00ed. Nelsa Curbelo, defensora de DD.HH., sostuvo que la mujer que participa en [&hellip;]","og_url":"https:\/\/www.participacionciudadana.org\/web\/2020\/01\/30\/500-agresiones-contra-mujeres-politicas\/","og_site_name":"Participaci\u00f3n Ciudadana","article_publisher":"https:\/\/www.facebook.com\/ParticipacionPC\/","article_published_time":"2020-01-30T17:06:02+00:00","og_image":[{"width":1280,"height":720,"url":"https:\/\/www.participacionciudadana.org\/web\/wp-content\/uploads\/2020\/01\/GYE002.jpg","type":"image\/jpeg"}],"author":"auzfabian","twitter_card":"summary_large_image","twitter_creator":"@ParticipacionPC","twitter_site":"@ParticipacionPC","twitter_misc":{"Escrito por":"auzfabian","Tiempo de lectura":"3 minutos"},"schema":{"@context":"https:\/\/schema.org","@graph":[{"@type":"Article","@id":"https:\/\/www.participacionciudadana.org\/web\/2020\/01\/30\/500-agresiones-contra-mujeres-politicas\/#article","isPartOf":{"@id":"https:\/\/www.participacionciudadana.org\/web\/2020\/01\/30\/500-agresiones-contra-mujeres-politicas\/"},"author":{"name":"auzfabian","@id":"https:\/\/www.participacionciudadana.org\/web\/#\/schema\/person\/67ded4b29f4c10d217a0e025340d23ea"},"headline":"500 agresiones contra mujeres pol\u00edticas","datePublished":"2020-01-30T17:06:02+00:00","mainEntityOfPage":{"@id":"https:\/\/www.participacionciudadana.org\/web\/2020\/01\/30\/500-agresiones-contra-mujeres-politicas\/"},"wordCount":527,"commentCount":0,"publisher":{"@id":"https:\/\/www.participacionciudadana.org\/web\/#organization"},"image":{"@id":"https:\/\/www.participacionciudadana.org\/web\/2020\/01\/30\/500-agresiones-contra-mujeres-politicas\/#primaryimage"},"thumbnailUrl":"https:\/\/www.participacionciudadana.org\/web\/wp-content\/uploads\/2020\/01\/GYE002.jpg","articleSection":["Actualidad"],"inLanguage":"es","potentialAction":[{"@type":"CommentAction","name":"Comment","target":["https:\/\/www.participacionciudadana.org\/web\/2020\/01\/30\/500-agresiones-contra-mujeres-politicas\/#respond"]}]},{"@type":"WebPage","@id":"https:\/\/www.participacionciudadana.org\/web\/2020\/01\/30\/500-agresiones-contra-mujeres-politicas\/","url":"https:\/\/www.participacionciudadana.org\/web\/2020\/01\/30\/500-agresiones-contra-mujeres-politicas\/","name":"500 agresiones contra mujeres pol\u00edticas - Participaci\u00f3n Ciudadana","isPartOf":{"@id":"https:\/\/www.participacionciudadana.org\/web\/#website"},"primaryImageOfPage":{"@id":"https:\/\/www.participacionciudadana.org\/web\/2020\/01\/30\/500-agresiones-contra-mujeres-politicas\/#primaryimage"},"image":{"@id":"https:\/\/www.participacionciudadana.org\/web\/2020\/01\/30\/500-agresiones-contra-mujeres-politicas\/#primaryimage"},"thumbnailUrl":"https:\/\/www.participacionciudadana.org\/web\/wp-content\/uploads\/2020\/01\/GYE002.jpg","datePublished":"2020-01-30T17:06:02+00:00","breadcrumb":{"@id":"https:\/\/www.participacionciudadana.org\/web\/2020\/01\/30\/500-agresiones-contra-mujeres-politicas\/#breadcrumb"},"inLanguage":"es","potentialAction":[{"@type":"ReadAction","target":["https:\/\/www.participacionciudadana.org\/web\/2020\/01\/30\/500-agresiones-contra-mujeres-politicas\/"]}]},{"@type":"ImageObject","inLanguage":"es","@id":"https:\/\/www.participacionciudadana.org\/web\/2020\/01\/30\/500-agresiones-contra-mujeres-politicas\/#primaryimage","url":"https:\/\/www.participacionciudadana.org\/web\/wp-content\/uploads\/2020\/01\/GYE002.jpg","contentUrl":"https:\/\/www.participacionciudadana.org\/web\/wp-content\/uploads\/2020\/01\/GYE002.jpg","width":1280,"height":720,"caption":"Nelsa Curbelo, defensora de DD.HH., sostuvo que la mujer que participa en pol\u00edtica tiene un reto mayor: cambiar la forma de hacer pol\u00edtica."},{"@type":"BreadcrumbList","@id":"https:\/\/www.participacionciudadana.org\/web\/2020\/01\/30\/500-agresiones-contra-mujeres-politicas\/#breadcrumb","itemListElement":[{"@type":"ListItem","position":1,"name":"Portada","item":"https:\/\/www.participacionciudadana.org\/web\/"},{"@type":"ListItem","position":2,"name":"500 agresiones contra mujeres pol\u00edticas"}]},{"@type":"WebSite","@id":"https:\/\/www.participacionciudadana.org\/web\/#website","url":"https:\/\/www.participacionciudadana.org\/web\/","name":"Participaci\u00f3n Ciudadana","description":"Comprometidos con la democracia","publisher":{"@id":"https:\/\/www.participacionciudadana.org\/web\/#organization"},"potentialAction":[{"@type":"SearchAction","target":{"@type":"EntryPoint","urlTemplate":"https:\/\/www.participacionciudadana.org\/web\/?s={search_term_string}"},"query-input":{"@type":"PropertyValueSpecification","valueRequired":true,"valueName":"search_term_string"}}],"inLanguage":"es"},{"@type":"Organization","@id":"https:\/\/www.participacionciudadana.org\/web\/#organization","name":"Participaci\u00f3n Ciudadana","url":"https:\/\/www.participacionciudadana.org\/web\/","logo":{"@type":"ImageObject","inLanguage":"es","@id":"https:\/\/www.participacionciudadana.org\/web\/#\/schema\/logo\/image\/","url":"https:\/\/www.participacionciudadana.org\/web\/wp-content\/uploads\/2021\/11\/cropped-logo_pc-1.png","contentUrl":"https:\/\/www.participacionciudadana.org\/web\/wp-content\/uploads\/2021\/11\/cropped-logo_pc-1.png","width":340,"height":114,"caption":"Participaci\u00f3n Ciudadana"},"image":{"@id":"https:\/\/www.participacionciudadana.org\/web\/#\/schema\/logo\/image\/"},"sameAs":["https:\/\/www.facebook.com\/ParticipacionPC\/","https:\/\/x.com\/ParticipacionPC"]},{"@type":"Person","@id":"https:\/\/www.participacionciudadana.org\/web\/#\/schema\/person\/67ded4b29f4c10d217a0e025340d23ea","name":"auzfabian","image":{"@type":"ImageObject","inLanguage":"es","@id":"https:\/\/www.participacionciudadana.org\/web\/#\/schema\/person\/image\/","url":"https:\/\/secure.gravatar.com\/avatar\/b07eacb2fae81fba8818d35abde16f5d26c3e833d77fabbeeb8d53523e796bde?s=96&d=mm&r=g","contentUrl":"https:\/\/secure.gravatar.com\/avatar\/b07eacb2fae81fba8818d35abde16f5d26c3e833d77fabbeeb8d53523e796bde?s=96&d=mm&r=g","caption":"auzfabian"},"sameAs":["https:\/\/www.participacionciudadana.org\/web"],"url":"https:\/\/www.participacionciudadana.org\/web\/author\/auzfabian\/"}]}},"_links":{"self":[{"href":"https:\/\/www.participacionciudadana.org\/web\/wp-json\/wp\/v2\/posts\/1844","targetHints":{"allow":["GET"]}}],"collection":[{"href":"https:\/\/www.participacionciudadana.org\/web\/wp-json\/wp\/v2\/posts"}],"about":[{"href":"https:\/\/www.participacionciudadana.org\/web\/wp-json\/wp\/v2\/types\/post"}],"author":[{"embeddable":true,"href":"https:\/\/www.participacionciudadana.org\/web\/wp-json\/wp\/v2\/users\/1"}],"replies":[{"embeddable":true,"href":"https:\/\/www.participacionciudadana.org\/web\/wp-json\/wp\/v2\/comments?post=1844"}],"version-history":[{"count":0,"href":"https:\/\/www.participacionciudadana.org\/web\/wp-json\/wp\/v2\/posts\/1844\/revisions"}],"wp:featuredmedia":[{"embeddable":true,"href":"https:\/\/www.participacionciudadana.org\/web\/wp-json\/wp\/v2\/media\/1842"}],"wp:attachment":[{"href":"https:\/\/www.participacionciudadana.org\/web\/wp-json\/wp\/v2\/media?parent=1844"}],"wp:term":[{"taxonomy":"category","embeddable":true,"href":"https:\/\/www.participacionciudadana.org\/web\/wp-json\/wp\/v2\/categories?post=1844"},{"taxonomy":"post_tag","embeddable":true,"href":"https:\/\/www.participacionciudadana.org\/web\/wp-json\/wp\/v2\/tags?post=1844"}],"curies":[{"name":"wp","href":"https:\/\/api.w.org\/{rel}","templated":true}]}}