{"id":1845,"date":"2020-02-04T12:08:33","date_gmt":"2020-02-04T17:08:33","guid":{"rendered":"https:\/\/www.participacionciudadana.org\/web\/2020\/02\/04\/un-nuevo-pulso-sobre-la-politica-y-democracia-en-el-ecuador\/"},"modified":"2020-02-04T12:08:33","modified_gmt":"2020-02-04T17:08:33","slug":"un-nuevo-pulso-sobre-la-politica-y-democracia-en-el-ecuador","status":"publish","type":"post","link":"https:\/\/www.participacionciudadana.org\/web\/2020\/02\/04\/un-nuevo-pulso-sobre-la-politica-y-democracia-en-el-ecuador\/","title":{"rendered":"Un nuevo pulso sobre la pol\u00edtica y democracia en el Ecuador"},"content":{"rendered":"<div class=\"grey-message\">Un nuevo pulso sobre la pol\u00edtica y democracia en el Ecuador<\/div>\n<p><strong><span style=\"font-size:18.0pt;\">Bar\u00f3metro de las Am\u00e9ricas muestra la radiograf\u00eda<br \/>\npol\u00edtica m\u00e1s completa del Ecuador contempor\u00e1neo<\/span><\/strong><\/p>\n<p>&nbsp;<\/p>\n<p><span style=\"font-size:14.0pt;\">Este <strong>martes 4<\/strong> de febrero, a las 17:30, se toma el pulso a la democracia en el pa\u00eds. La corporaci\u00f3n <strong>Participaci\u00f3n Ciudadana (PC)<\/strong> y la Escuela de Ciencias Pol\u00edticas y Relaciones Internacionales de la Udla presentan el m\u00e1s reciente estudio del Bar\u00f3metro de las Am\u00e9ricas: \u201c<strong>Cultura pol\u00edtica de la democracia en Ecuador y en las Am\u00e9ricas, 2018\/2019<\/strong>\u201d. El encuentro se realizar\u00e1 en el auditorio del campus Udlapark (ubicado en la v\u00eda a Nay\u00f3n).<\/span><\/p>\n<p>??<strong><em>Transmisi\u00f3n en VIVO:<\/em><\/strong><\/p>\n<p>{facebook}https:\/\/www.facebook.com\/jessy.gatita\/videos\/10158012910270645\/{\/facebook}<\/p>\n<p><span style=\"font-size:12.0pt;\">El informe es desarrollado por el <span style=\"background:white;\">Proyecto de Opini\u00f3n P\u00fablica de Am\u00e9rica Latina (<strong>Lapop<\/strong>, por sus siglas en ingl\u00e9s), de Vanderbilt University. La iniciativa regional cuenta con el apoyo de la Agencia de los Estados Unidos para el Desarrollo Internacional (Usaid) y, para el contexto ecuatoriano, con el aporte de Counterpart International, Cedatos como equipo conductor de las encuestas de campo y el Grupo de An\u00e1lisis Pol\u00edtico 50+1.<\/span><\/span><\/p>\n<p><span style=\"font-size:12.0pt;\">El estudio \u201cCultura pol\u00edtica de la democracia en Ecuador y en las Am\u00e9ricas, 2018\/2019: tom\u00e1ndole el pulso a la democracia\u201d resulta muy oportuno pues se trata de la primera encuesta realizada despu\u00e9s de los diez a\u00f1os del gobierno del expresidente Rafael Correa y de los casi tres a\u00f1os de la gesti\u00f3n del presidente Len\u00edn Moreno. As\u00ed lo destaca <strong>Sim\u00f3n Pachano<\/strong>, catedr\u00e1tico de Flacso, en el pre\u00e1mbulo de la publicaci\u00f3n.<\/span><\/p>\n<p><span style=\"font-size:12.0pt;\">\u201cEn gran medida, la situaci\u00f3n observada \u2013escribe Pachano\u2013 es el resultado de los <strong>cambios y tensiones<\/strong> producidos por la sucesi\u00f3n de etapas por las que ha atravesado el pa\u00eds en las \u00faltimas d\u00e9cadas. La crisis econ\u00f3mica y pol\u00edtica de fin del siglo pasado y comienzos del presente, la bonanza del auge de la exportaci\u00f3n de materias primas, la instauraci\u00f3n de un modelo tendencialmente autoritario y el fin del auge de ese modelo, son etapas que se han sucedido en un tiempo relativamente corto y que inevitablemente se manifiestan en las opiniones de las personas\u201d.<\/span><\/p>\n<p><strong><em>Video:<\/em><\/strong><\/p>\n<p>{facebook}https:\/\/www.facebook.com\/ParticipacionPC\/videos\/464750141079695{\/facebook}<\/p>\n<div class=\"left-block\">\u00a1La radiograf\u00eda pol\u00edtica m\u00e1s completa del pa\u00eds!<\/div>\n<p><span style=\"font-size:12.0pt;\">Junto a estas anotaciones, el estudio es tambi\u00e9n relevante porque sirve de <strong>espejo para evaluar la maduraci\u00f3n democr\u00e1tica<\/strong>, idiosincr\u00e1tica y cultural de la sociedad ecuatoriana. La politizaci\u00f3n de la ciudadan\u00eda, la interacci\u00f3n pol\u00edtica en las redes sociales y el choque de ideas entre progresismo y conservadurismo son algunos de los ejes reveladores del estudio.<\/span><\/p>\n<p><span style=\"font-size:12.0pt;\">El programa del martes 4 de febrero se iniciar\u00e1 con las palabras introductorias de <strong>Ruth Hidalgo<\/strong>, Directora Ejecutiva de PC. La exposici\u00f3n del informe estar\u00e1 a cargo de <strong>Daniel Montalvo, Arturo Moscoso y Paolo Moncagatta<\/strong>, catedr\u00e1ticos de Vanderbil University, Udla y Universidad San Francisco de Quito, respectivamente.<\/span><\/p>\n<p><span style=\"font-size:12.0pt;\">Posteriormente<strong>, Carolina Curvale<\/strong>, docente de Flacso, y <strong>\u00c1ngel Polibio C\u00f3rdova<\/strong>, presidente de Cedatos, comentar\u00e1n el estudio, con la moderaci\u00f3n de Sim\u00f3n Pachano. El \u00faltimo acto ser\u00e1 la ronda de preguntas de los asistentes.<\/span><\/p>\n<h2 class=\"drop_h2\">\u201cCultura pol\u00edtica de la democracia en Ecuador y en las Am\u00e9ricas, 2018\/2019\u201d es la octava edici\u00f3n del trabajo desarrollado en el Bar\u00f3metro de las Am\u00e9ricas, del Lapop de Vanderbilt University. La muestra actual se sostiene en 31.050 entrevistas a ciudadanos de 20 pa\u00edses.&nbsp;<\/h2>\n<p>#PulsoDemocraciaEC<\/p>\n","protected":false},"excerpt":{"rendered":"<p>Un nuevo pulso sobre la pol\u00edtica y democracia en el Ecuador Bar\u00f3metro de las Am\u00e9ricas muestra la radiograf\u00eda pol\u00edtica m\u00e1s completa del Ecuador contempor\u00e1neo &nbsp; Este martes 4 de febrero, a las 17:30, se toma el pulso a la democracia en el pa\u00eds. La corporaci\u00f3n Participaci\u00f3n Ciudadana (PC) y la Escuela de Ciencias Pol\u00edticas y [&hellip;]<\/p>\n","protected":false},"author":1,"featured_media":0,"comment_status":"open","ping_status":"open","sticky":false,"template":"","format":"standard","meta":{"site-sidebar-layout":"default","site-content-layout":"","ast-site-content-layout":"default","site-content-style":"default","site-sidebar-style":"default","ast-global-header-display":"","ast-banner-title-visibility":"","ast-main-header-display":"","ast-hfb-above-header-display":"","ast-hfb-below-header-display":"","ast-hfb-mobile-header-display":"","site-post-title":"","ast-breadcrumbs-content":"","ast-featured-img":"","footer-sml-layout":"","ast-disable-related-posts":"","theme-transparent-header-meta":"","adv-header-id-meta":"","stick-header-meta":"","header-above-stick-meta":"","header-main-stick-meta":"","header-below-stick-meta":"","astra-migrate-meta-layouts":"default","ast-page-background-enabled":"default","ast-page-background-meta":{"desktop":{"background-color":"","background-image":"","background-repeat":"repeat","background-position":"center center","background-size":"auto","background-attachment":"scroll","background-type":"","background-media":"","overlay-type":"","overlay-color":"","overlay-opacity":"","overlay-gradient":""},"tablet":{"background-color":"","background-image":"","background-repeat":"repeat","background-position":"center center","background-size":"auto","background-attachment":"scroll","background-type":"","background-media":"","overlay-type":"","overlay-color":"","overlay-opacity":"","overlay-gradient":""},"mobile":{"background-color":"","background-image":"","background-repeat":"repeat","background-position":"center center","background-size":"auto","background-attachment":"scroll","background-type":"","background-media":"","overlay-type":"","overlay-color":"","overlay-opacity":"","overlay-gradient":""}},"ast-content-background-meta":{"desktop":{"background-color":"var(--ast-global-color-5)","background-image":"","background-repeat":"repeat","background-position":"center center","background-size":"auto","background-attachment":"scroll","background-type":"","background-media":"","overlay-type":"","overlay-color":"","overlay-opacity":"","overlay-gradient":""},"tablet":{"background-color":"var(--ast-global-color-5)","background-image":"","background-repeat":"repeat","background-position":"center center","background-size":"auto","background-attachment":"scroll","background-type":"","background-media":"","overlay-type":"","overlay-color":"","overlay-opacity":"","overlay-gradient":""},"mobile":{"background-color":"var(--ast-global-color-5)","background-image":"","background-repeat":"repeat","background-position":"center center","background-size":"auto","background-attachment":"scroll","background-type":"","background-media":"","overlay-type":"","overlay-color":"","overlay-opacity":"","overlay-gradient":""}},"_joinchat":[],"footnotes":""},"categories":[16],"tags":[],"class_list":["post-1845","post","type-post","status-publish","format-standard","hentry","category-actualidad"],"yoast_head":"<!-- This site is optimized with the Yoast SEO plugin v26.5 - https:\/\/yoast.com\/wordpress\/plugins\/seo\/ -->\n<title>Un nuevo pulso sobre la pol\u00edtica y democracia en el Ecuador - Participaci\u00f3n Ciudadana<\/title>\n<meta name=\"robots\" content=\"index, follow, max-snippet:-1, max-image-preview:large, max-video-preview:-1\" \/>\n<link rel=\"canonical\" href=\"https:\/\/www.participacionciudadana.org\/web\/2020\/02\/04\/un-nuevo-pulso-sobre-la-politica-y-democracia-en-el-ecuador\/\" \/>\n<meta property=\"og:locale\" content=\"es_ES\" \/>\n<meta property=\"og:type\" content=\"article\" \/>\n<meta property=\"og:title\" content=\"Un nuevo pulso sobre la pol\u00edtica y democracia en el Ecuador - Participaci\u00f3n Ciudadana\" \/>\n<meta property=\"og:description\" content=\"Un nuevo pulso sobre la pol\u00edtica y democracia en el Ecuador Bar\u00f3metro de las Am\u00e9ricas muestra la radiograf\u00eda pol\u00edtica m\u00e1s completa del Ecuador contempor\u00e1neo &nbsp; Este martes 4 de febrero, a las 17:30, se toma el pulso a la democracia en el pa\u00eds. La corporaci\u00f3n Participaci\u00f3n Ciudadana (PC) y la Escuela de Ciencias Pol\u00edticas y [&hellip;]\" \/>\n<meta property=\"og:url\" content=\"https:\/\/www.participacionciudadana.org\/web\/2020\/02\/04\/un-nuevo-pulso-sobre-la-politica-y-democracia-en-el-ecuador\/\" \/>\n<meta property=\"og:site_name\" content=\"Participaci\u00f3n Ciudadana\" \/>\n<meta property=\"article:publisher\" content=\"https:\/\/www.facebook.com\/ParticipacionPC\/\" \/>\n<meta property=\"article:published_time\" content=\"2020-02-04T17:08:33+00:00\" \/>\n<meta name=\"author\" content=\"auzfabian\" \/>\n<meta name=\"twitter:card\" content=\"summary_large_image\" \/>\n<meta name=\"twitter:creator\" content=\"@ParticipacionPC\" \/>\n<meta name=\"twitter:site\" content=\"@ParticipacionPC\" \/>\n<meta name=\"twitter:label1\" content=\"Escrito por\" \/>\n\t<meta name=\"twitter:data1\" content=\"auzfabian\" \/>\n\t<meta name=\"twitter:label2\" content=\"Tiempo de lectura\" \/>\n\t<meta name=\"twitter:data2\" content=\"3 minutos\" \/>\n<script type=\"application\/ld+json\" class=\"yoast-schema-graph\">{\"@context\":\"https:\/\/schema.org\",\"@graph\":[{\"@type\":\"Article\",\"@id\":\"https:\/\/www.participacionciudadana.org\/web\/2020\/02\/04\/un-nuevo-pulso-sobre-la-politica-y-democracia-en-el-ecuador\/#article\",\"isPartOf\":{\"@id\":\"https:\/\/www.participacionciudadana.org\/web\/2020\/02\/04\/un-nuevo-pulso-sobre-la-politica-y-democracia-en-el-ecuador\/\"},\"author\":{\"name\":\"auzfabian\",\"@id\":\"https:\/\/www.participacionciudadana.org\/web\/#\/schema\/person\/67ded4b29f4c10d217a0e025340d23ea\"},\"headline\":\"Un nuevo pulso sobre la pol\u00edtica y democracia en el Ecuador\",\"datePublished\":\"2020-02-04T17:08:33+00:00\",\"mainEntityOfPage\":{\"@id\":\"https:\/\/www.participacionciudadana.org\/web\/2020\/02\/04\/un-nuevo-pulso-sobre-la-politica-y-democracia-en-el-ecuador\/\"},\"wordCount\":608,\"commentCount\":0,\"publisher\":{\"@id\":\"https:\/\/www.participacionciudadana.org\/web\/#organization\"},\"articleSection\":[\"Actualidad\"],\"inLanguage\":\"es\",\"potentialAction\":[{\"@type\":\"CommentAction\",\"name\":\"Comment\",\"target\":[\"https:\/\/www.participacionciudadana.org\/web\/2020\/02\/04\/un-nuevo-pulso-sobre-la-politica-y-democracia-en-el-ecuador\/#respond\"]}]},{\"@type\":\"WebPage\",\"@id\":\"https:\/\/www.participacionciudadana.org\/web\/2020\/02\/04\/un-nuevo-pulso-sobre-la-politica-y-democracia-en-el-ecuador\/\",\"url\":\"https:\/\/www.participacionciudadana.org\/web\/2020\/02\/04\/un-nuevo-pulso-sobre-la-politica-y-democracia-en-el-ecuador\/\",\"name\":\"Un nuevo pulso sobre la pol\u00edtica y democracia en el Ecuador - Participaci\u00f3n Ciudadana\",\"isPartOf\":{\"@id\":\"https:\/\/www.participacionciudadana.org\/web\/#website\"},\"datePublished\":\"2020-02-04T17:08:33+00:00\",\"breadcrumb\":{\"@id\":\"https:\/\/www.participacionciudadana.org\/web\/2020\/02\/04\/un-nuevo-pulso-sobre-la-politica-y-democracia-en-el-ecuador\/#breadcrumb\"},\"inLanguage\":\"es\",\"potentialAction\":[{\"@type\":\"ReadAction\",\"target\":[\"https:\/\/www.participacionciudadana.org\/web\/2020\/02\/04\/un-nuevo-pulso-sobre-la-politica-y-democracia-en-el-ecuador\/\"]}]},{\"@type\":\"BreadcrumbList\",\"@id\":\"https:\/\/www.participacionciudadana.org\/web\/2020\/02\/04\/un-nuevo-pulso-sobre-la-politica-y-democracia-en-el-ecuador\/#breadcrumb\",\"itemListElement\":[{\"@type\":\"ListItem\",\"position\":1,\"name\":\"Portada\",\"item\":\"https:\/\/www.participacionciudadana.org\/web\/\"},{\"@type\":\"ListItem\",\"position\":2,\"name\":\"Un nuevo pulso sobre la pol\u00edtica y democracia en el Ecuador\"}]},{\"@type\":\"WebSite\",\"@id\":\"https:\/\/www.participacionciudadana.org\/web\/#website\",\"url\":\"https:\/\/www.participacionciudadana.org\/web\/\",\"name\":\"Participaci\u00f3n Ciudadana\",\"description\":\"Comprometidos con la democracia\",\"publisher\":{\"@id\":\"https:\/\/www.participacionciudadana.org\/web\/#organization\"},\"potentialAction\":[{\"@type\":\"SearchAction\",\"target\":{\"@type\":\"EntryPoint\",\"urlTemplate\":\"https:\/\/www.participacionciudadana.org\/web\/?s={search_term_string}\"},\"query-input\":{\"@type\":\"PropertyValueSpecification\",\"valueRequired\":true,\"valueName\":\"search_term_string\"}}],\"inLanguage\":\"es\"},{\"@type\":\"Organization\",\"@id\":\"https:\/\/www.participacionciudadana.org\/web\/#organization\",\"name\":\"Participaci\u00f3n Ciudadana\",\"url\":\"https:\/\/www.participacionciudadana.org\/web\/\",\"logo\":{\"@type\":\"ImageObject\",\"inLanguage\":\"es\",\"@id\":\"https:\/\/www.participacionciudadana.org\/web\/#\/schema\/logo\/image\/\",\"url\":\"https:\/\/www.participacionciudadana.org\/web\/wp-content\/uploads\/2021\/11\/cropped-logo_pc-1.png\",\"contentUrl\":\"https:\/\/www.participacionciudadana.org\/web\/wp-content\/uploads\/2021\/11\/cropped-logo_pc-1.png\",\"width\":340,\"height\":114,\"caption\":\"Participaci\u00f3n Ciudadana\"},\"image\":{\"@id\":\"https:\/\/www.participacionciudadana.org\/web\/#\/schema\/logo\/image\/\"},\"sameAs\":[\"https:\/\/www.facebook.com\/ParticipacionPC\/\",\"https:\/\/x.com\/ParticipacionPC\"]},{\"@type\":\"Person\",\"@id\":\"https:\/\/www.participacionciudadana.org\/web\/#\/schema\/person\/67ded4b29f4c10d217a0e025340d23ea\",\"name\":\"auzfabian\",\"image\":{\"@type\":\"ImageObject\",\"inLanguage\":\"es\",\"@id\":\"https:\/\/www.participacionciudadana.org\/web\/#\/schema\/person\/image\/\",\"url\":\"https:\/\/secure.gravatar.com\/avatar\/b07eacb2fae81fba8818d35abde16f5d26c3e833d77fabbeeb8d53523e796bde?s=96&d=mm&r=g\",\"contentUrl\":\"https:\/\/secure.gravatar.com\/avatar\/b07eacb2fae81fba8818d35abde16f5d26c3e833d77fabbeeb8d53523e796bde?s=96&d=mm&r=g\",\"caption\":\"auzfabian\"},\"sameAs\":[\"https:\/\/www.participacionciudadana.org\/web\"],\"url\":\"https:\/\/www.participacionciudadana.org\/web\/author\/auzfabian\/\"}]}<\/script>\n<!-- \/ Yoast SEO plugin. -->","yoast_head_json":{"title":"Un nuevo pulso sobre la pol\u00edtica y democracia en el Ecuador - Participaci\u00f3n Ciudadana","robots":{"index":"index","follow":"follow","max-snippet":"max-snippet:-1","max-image-preview":"max-image-preview:large","max-video-preview":"max-video-preview:-1"},"canonical":"https:\/\/www.participacionciudadana.org\/web\/2020\/02\/04\/un-nuevo-pulso-sobre-la-politica-y-democracia-en-el-ecuador\/","og_locale":"es_ES","og_type":"article","og_title":"Un nuevo pulso sobre la pol\u00edtica y democracia en el Ecuador - Participaci\u00f3n Ciudadana","og_description":"Un nuevo pulso sobre la pol\u00edtica y democracia en el Ecuador Bar\u00f3metro de las Am\u00e9ricas muestra la radiograf\u00eda pol\u00edtica m\u00e1s completa del Ecuador contempor\u00e1neo &nbsp; Este martes 4 de febrero, a las 17:30, se toma el pulso a la democracia en el pa\u00eds. La corporaci\u00f3n Participaci\u00f3n Ciudadana (PC) y la Escuela de Ciencias Pol\u00edticas y [&hellip;]","og_url":"https:\/\/www.participacionciudadana.org\/web\/2020\/02\/04\/un-nuevo-pulso-sobre-la-politica-y-democracia-en-el-ecuador\/","og_site_name":"Participaci\u00f3n Ciudadana","article_publisher":"https:\/\/www.facebook.com\/ParticipacionPC\/","article_published_time":"2020-02-04T17:08:33+00:00","author":"auzfabian","twitter_card":"summary_large_image","twitter_creator":"@ParticipacionPC","twitter_site":"@ParticipacionPC","twitter_misc":{"Escrito por":"auzfabian","Tiempo de lectura":"3 minutos"},"schema":{"@context":"https:\/\/schema.org","@graph":[{"@type":"Article","@id":"https:\/\/www.participacionciudadana.org\/web\/2020\/02\/04\/un-nuevo-pulso-sobre-la-politica-y-democracia-en-el-ecuador\/#article","isPartOf":{"@id":"https:\/\/www.participacionciudadana.org\/web\/2020\/02\/04\/un-nuevo-pulso-sobre-la-politica-y-democracia-en-el-ecuador\/"},"author":{"name":"auzfabian","@id":"https:\/\/www.participacionciudadana.org\/web\/#\/schema\/person\/67ded4b29f4c10d217a0e025340d23ea"},"headline":"Un nuevo pulso sobre la pol\u00edtica y democracia en el Ecuador","datePublished":"2020-02-04T17:08:33+00:00","mainEntityOfPage":{"@id":"https:\/\/www.participacionciudadana.org\/web\/2020\/02\/04\/un-nuevo-pulso-sobre-la-politica-y-democracia-en-el-ecuador\/"},"wordCount":608,"commentCount":0,"publisher":{"@id":"https:\/\/www.participacionciudadana.org\/web\/#organization"},"articleSection":["Actualidad"],"inLanguage":"es","potentialAction":[{"@type":"CommentAction","name":"Comment","target":["https:\/\/www.participacionciudadana.org\/web\/2020\/02\/04\/un-nuevo-pulso-sobre-la-politica-y-democracia-en-el-ecuador\/#respond"]}]},{"@type":"WebPage","@id":"https:\/\/www.participacionciudadana.org\/web\/2020\/02\/04\/un-nuevo-pulso-sobre-la-politica-y-democracia-en-el-ecuador\/","url":"https:\/\/www.participacionciudadana.org\/web\/2020\/02\/04\/un-nuevo-pulso-sobre-la-politica-y-democracia-en-el-ecuador\/","name":"Un nuevo pulso sobre la pol\u00edtica y democracia en el Ecuador - Participaci\u00f3n Ciudadana","isPartOf":{"@id":"https:\/\/www.participacionciudadana.org\/web\/#website"},"datePublished":"2020-02-04T17:08:33+00:00","breadcrumb":{"@id":"https:\/\/www.participacionciudadana.org\/web\/2020\/02\/04\/un-nuevo-pulso-sobre-la-politica-y-democracia-en-el-ecuador\/#breadcrumb"},"inLanguage":"es","potentialAction":[{"@type":"ReadAction","target":["https:\/\/www.participacionciudadana.org\/web\/2020\/02\/04\/un-nuevo-pulso-sobre-la-politica-y-democracia-en-el-ecuador\/"]}]},{"@type":"BreadcrumbList","@id":"https:\/\/www.participacionciudadana.org\/web\/2020\/02\/04\/un-nuevo-pulso-sobre-la-politica-y-democracia-en-el-ecuador\/#breadcrumb","itemListElement":[{"@type":"ListItem","position":1,"name":"Portada","item":"https:\/\/www.participacionciudadana.org\/web\/"},{"@type":"ListItem","position":2,"name":"Un nuevo pulso sobre la pol\u00edtica y democracia en el Ecuador"}]},{"@type":"WebSite","@id":"https:\/\/www.participacionciudadana.org\/web\/#website","url":"https:\/\/www.participacionciudadana.org\/web\/","name":"Participaci\u00f3n Ciudadana","description":"Comprometidos con la democracia","publisher":{"@id":"https:\/\/www.participacionciudadana.org\/web\/#organization"},"potentialAction":[{"@type":"SearchAction","target":{"@type":"EntryPoint","urlTemplate":"https:\/\/www.participacionciudadana.org\/web\/?s={search_term_string}"},"query-input":{"@type":"PropertyValueSpecification","valueRequired":true,"valueName":"search_term_string"}}],"inLanguage":"es"},{"@type":"Organization","@id":"https:\/\/www.participacionciudadana.org\/web\/#organization","name":"Participaci\u00f3n Ciudadana","url":"https:\/\/www.participacionciudadana.org\/web\/","logo":{"@type":"ImageObject","inLanguage":"es","@id":"https:\/\/www.participacionciudadana.org\/web\/#\/schema\/logo\/image\/","url":"https:\/\/www.participacionciudadana.org\/web\/wp-content\/uploads\/2021\/11\/cropped-logo_pc-1.png","contentUrl":"https:\/\/www.participacionciudadana.org\/web\/wp-content\/uploads\/2021\/11\/cropped-logo_pc-1.png","width":340,"height":114,"caption":"Participaci\u00f3n Ciudadana"},"image":{"@id":"https:\/\/www.participacionciudadana.org\/web\/#\/schema\/logo\/image\/"},"sameAs":["https:\/\/www.facebook.com\/ParticipacionPC\/","https:\/\/x.com\/ParticipacionPC"]},{"@type":"Person","@id":"https:\/\/www.participacionciudadana.org\/web\/#\/schema\/person\/67ded4b29f4c10d217a0e025340d23ea","name":"auzfabian","image":{"@type":"ImageObject","inLanguage":"es","@id":"https:\/\/www.participacionciudadana.org\/web\/#\/schema\/person\/image\/","url":"https:\/\/secure.gravatar.com\/avatar\/b07eacb2fae81fba8818d35abde16f5d26c3e833d77fabbeeb8d53523e796bde?s=96&d=mm&r=g","contentUrl":"https:\/\/secure.gravatar.com\/avatar\/b07eacb2fae81fba8818d35abde16f5d26c3e833d77fabbeeb8d53523e796bde?s=96&d=mm&r=g","caption":"auzfabian"},"sameAs":["https:\/\/www.participacionciudadana.org\/web"],"url":"https:\/\/www.participacionciudadana.org\/web\/author\/auzfabian\/"}]}},"_links":{"self":[{"href":"https:\/\/www.participacionciudadana.org\/web\/wp-json\/wp\/v2\/posts\/1845","targetHints":{"allow":["GET"]}}],"collection":[{"href":"https:\/\/www.participacionciudadana.org\/web\/wp-json\/wp\/v2\/posts"}],"about":[{"href":"https:\/\/www.participacionciudadana.org\/web\/wp-json\/wp\/v2\/types\/post"}],"author":[{"embeddable":true,"href":"https:\/\/www.participacionciudadana.org\/web\/wp-json\/wp\/v2\/users\/1"}],"replies":[{"embeddable":true,"href":"https:\/\/www.participacionciudadana.org\/web\/wp-json\/wp\/v2\/comments?post=1845"}],"version-history":[{"count":0,"href":"https:\/\/www.participacionciudadana.org\/web\/wp-json\/wp\/v2\/posts\/1845\/revisions"}],"wp:attachment":[{"href":"https:\/\/www.participacionciudadana.org\/web\/wp-json\/wp\/v2\/media?parent=1845"}],"wp:term":[{"taxonomy":"category","embeddable":true,"href":"https:\/\/www.participacionciudadana.org\/web\/wp-json\/wp\/v2\/categories?post=1845"},{"taxonomy":"post_tag","embeddable":true,"href":"https:\/\/www.participacionciudadana.org\/web\/wp-json\/wp\/v2\/tags?post=1845"}],"curies":[{"name":"wp","href":"https:\/\/api.w.org\/{rel}","templated":true}]}}