{"id":1850,"date":"2020-02-05T12:06:48","date_gmt":"2020-02-05T17:06:48","guid":{"rendered":"https:\/\/www.participacionciudadana.org\/web\/2020\/02\/05\/polarizacion-millenials-redes-sociales\/"},"modified":"2020-02-05T12:06:48","modified_gmt":"2020-02-05T17:06:48","slug":"polarizacion-millenials-redes-sociales","status":"publish","type":"post","link":"https:\/\/www.participacionciudadana.org\/web\/2020\/02\/05\/polarizacion-millenials-redes-sociales\/","title":{"rendered":"Polarizaci\u00f3n, millenials y redes sociales"},"content":{"rendered":"<div class=\"grey-message\">Polarizaci\u00f3n, millenials y redes sociales:<\/div>\n<h2 class=\"drop_h2\">La nueva mina de datos sobre el Ecuador pol\u00edtico&nbsp;<\/h2>\n<p>La corporaci\u00f3n Participaci\u00f3n Ciudadana (PC) y la Escuela de Ciencias Pol\u00edticas y Relaciones Internacionales de la Udla presentaron ayer (martes 4 de febrero) el m\u00e1s reciente estudio del Bar\u00f3metro de las Am\u00e9ricas: \u201cCultura pol\u00edtica de la democracia en Ecuador y en las Am\u00e9ricas, 2018\/2019\u201d.&nbsp;<\/p>\n<p>El informe es desarrollado por el&nbsp;<strong>Proyecto de Opini\u00f3n P\u00fablica de Am\u00e9rica Latina<\/strong>&nbsp;(Lapop, por sus siglas en ingl\u00e9s), de Vanderbilt University. La iniciativa regional cuenta con el apoyo de la Agencia de los Estados Unidos para el Desarrollo Internacional (Usaid) y, para el contexto ecuatoriano, con el aporte de&nbsp;<strong>Counterpart International, Cedatos<\/strong>&nbsp;como equipo conductor de las encuestas de campo y el Grupo de An\u00e1lisis Pol\u00edtico 50+1.<\/p>\n<p><img fetchpriority=\"high\" decoding=\"async\" class=\" size-full wp-image-1846\" alt=\"\" class=\"pull-center\" src=\"https:\/\/www.participacionciudadana.org\/web\/wp-content\/uploads\/2020\/02\/Lapop007.jpg\" title=\"Presentaci\u00f3n de LAPOP 2020\" width=\"1280\" height=\"720\" srcset=\"https:\/\/www.participacionciudadana.org\/web\/wp-content\/uploads\/2020\/02\/Lapop007.jpg 1280w, https:\/\/www.participacionciudadana.org\/web\/wp-content\/uploads\/2020\/02\/Lapop007-300x169.jpg 300w, https:\/\/www.participacionciudadana.org\/web\/wp-content\/uploads\/2020\/02\/Lapop007-1024x576.jpg 1024w, https:\/\/www.participacionciudadana.org\/web\/wp-content\/uploads\/2020\/02\/Lapop007-768x432.jpg 768w\" sizes=\"(max-width: 1280px) 100vw, 1280px\" \/><\/p>\n<p>La presentaci\u00f3n del estudio suscit\u00f3 una importante participaci\u00f3n de asamble\u00edstas, miembros de organizaciones de la sociedad civil, acad\u00e9micos y estudiantes universitarios.<\/p>\n<p>El programa incluy\u00f3 las reflexiones Ruth Hidalgo, Directora Ejecutiva de PC y decana de la Escuela de Ciencias Pol\u00edticas y Relaciones Internacionales de Udla; Daniel Montalvo, Arturo Moscoso y Paolo Moncagatta, catedr\u00e1ticos de Vanderbilt University, Udla y Universidad San Francisco de Quito, respectivamente; Carolina Curvale y Sim\u00f3n Pachano, docentes de Flacso, y \u00c1ngel Polibio C\u00f3rdova, presidente de Cedatos.<\/p>\n<div class=\"grey-message\">Video de la presentaci\u00f3n:<\/div>\n<p>{facebook}https:\/\/www.facebook.com\/jessy.gatita\/videos\/10158012910270645{\/facebook}<\/p>\n<p>&nbsp;<\/p>\n<p><img decoding=\"async\" class=\" size-full wp-image-1847\" alt=\"Auditorio lleno en la presentaci\u00f3n del estudio\" class=\"pull-left\" src=\"https:\/\/www.participacionciudadana.org\/web\/wp-content\/uploads\/2020\/02\/Lapop002.jpg\" title=\"Auditorio lleno en la presentaci\u00f3n del estudio\" width=\"1280\" height=\"720\" srcset=\"https:\/\/www.participacionciudadana.org\/web\/wp-content\/uploads\/2020\/02\/Lapop002.jpg 1280w, https:\/\/www.participacionciudadana.org\/web\/wp-content\/uploads\/2020\/02\/Lapop002-300x169.jpg 300w, https:\/\/www.participacionciudadana.org\/web\/wp-content\/uploads\/2020\/02\/Lapop002-1024x576.jpg 1024w, https:\/\/www.participacionciudadana.org\/web\/wp-content\/uploads\/2020\/02\/Lapop002-768x432.jpg 768w\" sizes=\"(max-width: 1280px) 100vw, 1280px\" \/><\/p>\n<p>Con sala llena, el auditorio de la Udla fue el espacio en el cual, durante m\u00e1s de dos horas, los asistentes interactuaron con los expositores sobre los datos m\u00e1s reveladores del informe. Uno de ellos indica, por ejemplo, que dentro de una autodefinici\u00f3n pol\u00edtica, los encuestados se identifican en la derecha, con tendencia al centro.<\/p>\n<p>&nbsp;<br \/>\nLos ponentes coincidieron en un eje: <strong>el nuevo estudio del Bar\u00f3metro de las Am\u00e9ricas es una cantera de informaci\u00f3n para releer la cultura pol\u00edtica del pa\u00eds<\/strong>, la autodefinici\u00f3n ideol\u00f3gica de los ecuatorianos y el peso de las redes sociales en la construcci\u00f3n de corrientes de opini\u00f3n.<\/p>\n<p><img decoding=\"async\" class=\" size-full wp-image-1848\" alt=\"Auditorio lleno en la presentaci\u00f3n del estudio\" class=\"pull-right\" src=\"https:\/\/www.participacionciudadana.org\/web\/wp-content\/uploads\/2020\/02\/Lapop004.jpg\" title=\"Auditorio lleno en la presentaci\u00f3n del estudio\" width=\"1280\" height=\"720\" srcset=\"https:\/\/www.participacionciudadana.org\/web\/wp-content\/uploads\/2020\/02\/Lapop004.jpg 1280w, https:\/\/www.participacionciudadana.org\/web\/wp-content\/uploads\/2020\/02\/Lapop004-300x169.jpg 300w, https:\/\/www.participacionciudadana.org\/web\/wp-content\/uploads\/2020\/02\/Lapop004-1024x576.jpg 1024w, https:\/\/www.participacionciudadana.org\/web\/wp-content\/uploads\/2020\/02\/Lapop004-768x432.jpg 768w\" sizes=\"(max-width: 1280px) 100vw, 1280px\" \/><\/p>\n<div class=\"grey-message\">\u201cCultura pol\u00edtica de la democracia en Ecuador y en las Am\u00e9ricas, 2018\/2019\u201d es la octava edici\u00f3n del trabajo desarrollado en el Bar\u00f3metro de las Am\u00e9ricas, del Lapop de Vanderbilt University. La muestra actual se sostiene en 31.050 entrevistas a ciudadanos de 20 pa\u00edses.<\/div>\n<h3 class=\"drop_h3\">\nPara ahondar en los detalles del informe,&nbsp;<a data-link-type=\"custom\" href=\"https:\/\/www.participacionciudadana.org\/web\/wp-content\/uploads\/2020\/02\/Barometro-Americas-Ecuador-2018-2019.pdf\" target=\"_blank\" title=\"https:\/\/www.participacionciudadana.org\/papers\/Bar%C3%B3metro-Am%C3%A9ricas%20Ecuador-2018-2019.pdf\" rel=\"noopener\">ingrese aqu\u00ed<\/a>.<\/h3>\n","protected":false},"excerpt":{"rendered":"<p>Polarizaci\u00f3n, millenials y redes sociales: La nueva mina de datos sobre el Ecuador pol\u00edtico&nbsp; La corporaci\u00f3n Participaci\u00f3n Ciudadana (PC) y la Escuela de Ciencias Pol\u00edticas y Relaciones Internacionales de la Udla presentaron ayer (martes 4 de febrero) el m\u00e1s reciente estudio del Bar\u00f3metro de las Am\u00e9ricas: \u201cCultura pol\u00edtica de la democracia en Ecuador y en [&hellip;]<\/p>\n","protected":false},"author":1,"featured_media":1846,"comment_status":"open","ping_status":"open","sticky":false,"template":"","format":"standard","meta":{"site-sidebar-layout":"default","site-content-layout":"","ast-site-content-layout":"default","site-content-style":"default","site-sidebar-style":"default","ast-global-header-display":"","ast-banner-title-visibility":"","ast-main-header-display":"","ast-hfb-above-header-display":"","ast-hfb-below-header-display":"","ast-hfb-mobile-header-display":"","site-post-title":"","ast-breadcrumbs-content":"","ast-featured-img":"","footer-sml-layout":"","ast-disable-related-posts":"","theme-transparent-header-meta":"","adv-header-id-meta":"","stick-header-meta":"","header-above-stick-meta":"","header-main-stick-meta":"","header-below-stick-meta":"","astra-migrate-meta-layouts":"default","ast-page-background-enabled":"default","ast-page-background-meta":{"desktop":{"background-color":"","background-image":"","background-repeat":"repeat","background-position":"center center","background-size":"auto","background-attachment":"scroll","background-type":"","background-media":"","overlay-type":"","overlay-color":"","overlay-opacity":"","overlay-gradient":""},"tablet":{"background-color":"","background-image":"","background-repeat":"repeat","background-position":"center center","background-size":"auto","background-attachment":"scroll","background-type":"","background-media":"","overlay-type":"","overlay-color":"","overlay-opacity":"","overlay-gradient":""},"mobile":{"background-color":"","background-image":"","background-repeat":"repeat","background-position":"center center","background-size":"auto","background-attachment":"scroll","background-type":"","background-media":"","overlay-type":"","overlay-color":"","overlay-opacity":"","overlay-gradient":""}},"ast-content-background-meta":{"desktop":{"background-color":"var(--ast-global-color-5)","background-image":"","background-repeat":"repeat","background-position":"center center","background-size":"auto","background-attachment":"scroll","background-type":"","background-media":"","overlay-type":"","overlay-color":"","overlay-opacity":"","overlay-gradient":""},"tablet":{"background-color":"var(--ast-global-color-5)","background-image":"","background-repeat":"repeat","background-position":"center center","background-size":"auto","background-attachment":"scroll","background-type":"","background-media":"","overlay-type":"","overlay-color":"","overlay-opacity":"","overlay-gradient":""},"mobile":{"background-color":"var(--ast-global-color-5)","background-image":"","background-repeat":"repeat","background-position":"center center","background-size":"auto","background-attachment":"scroll","background-type":"","background-media":"","overlay-type":"","overlay-color":"","overlay-opacity":"","overlay-gradient":""}},"_joinchat":[],"footnotes":""},"categories":[16],"tags":[],"class_list":["post-1850","post","type-post","status-publish","format-standard","has-post-thumbnail","hentry","category-actualidad"],"yoast_head":"<!-- This site is optimized with the Yoast SEO plugin v26.5 - https:\/\/yoast.com\/wordpress\/plugins\/seo\/ -->\n<title>Polarizaci\u00f3n, millenials y redes sociales - Participaci\u00f3n Ciudadana<\/title>\n<meta name=\"robots\" content=\"index, follow, max-snippet:-1, max-image-preview:large, max-video-preview:-1\" \/>\n<link rel=\"canonical\" href=\"https:\/\/www.participacionciudadana.org\/web\/2020\/02\/05\/polarizacion-millenials-redes-sociales\/\" \/>\n<meta property=\"og:locale\" content=\"es_ES\" \/>\n<meta property=\"og:type\" content=\"article\" \/>\n<meta property=\"og:title\" content=\"Polarizaci\u00f3n, millenials y redes sociales - Participaci\u00f3n Ciudadana\" \/>\n<meta property=\"og:description\" content=\"Polarizaci\u00f3n, millenials y redes sociales: La nueva mina de datos sobre el Ecuador pol\u00edtico&nbsp; La corporaci\u00f3n Participaci\u00f3n Ciudadana (PC) y la Escuela de Ciencias Pol\u00edticas y Relaciones Internacionales de la Udla presentaron ayer (martes 4 de febrero) el m\u00e1s reciente estudio del Bar\u00f3metro de las Am\u00e9ricas: \u201cCultura pol\u00edtica de la democracia en Ecuador y en [&hellip;]\" \/>\n<meta property=\"og:url\" content=\"https:\/\/www.participacionciudadana.org\/web\/2020\/02\/05\/polarizacion-millenials-redes-sociales\/\" \/>\n<meta property=\"og:site_name\" content=\"Participaci\u00f3n Ciudadana\" \/>\n<meta property=\"article:publisher\" content=\"https:\/\/www.facebook.com\/ParticipacionPC\/\" \/>\n<meta property=\"article:published_time\" content=\"2020-02-05T17:06:48+00:00\" \/>\n<meta property=\"og:image\" content=\"https:\/\/www.participacionciudadana.org\/web\/wp-content\/uploads\/2020\/02\/Lapop007.jpg\" \/>\n\t<meta property=\"og:image:width\" content=\"1280\" \/>\n\t<meta property=\"og:image:height\" content=\"720\" \/>\n\t<meta property=\"og:image:type\" content=\"image\/jpeg\" \/>\n<meta name=\"author\" content=\"auzfabian\" \/>\n<meta name=\"twitter:card\" content=\"summary_large_image\" \/>\n<meta name=\"twitter:creator\" content=\"@ParticipacionPC\" \/>\n<meta name=\"twitter:site\" content=\"@ParticipacionPC\" \/>\n<meta name=\"twitter:label1\" content=\"Escrito por\" \/>\n\t<meta name=\"twitter:data1\" content=\"auzfabian\" \/>\n\t<meta name=\"twitter:label2\" content=\"Tiempo de lectura\" \/>\n\t<meta name=\"twitter:data2\" content=\"2 minutos\" \/>\n<script type=\"application\/ld+json\" class=\"yoast-schema-graph\">{\"@context\":\"https:\/\/schema.org\",\"@graph\":[{\"@type\":\"Article\",\"@id\":\"https:\/\/www.participacionciudadana.org\/web\/2020\/02\/05\/polarizacion-millenials-redes-sociales\/#article\",\"isPartOf\":{\"@id\":\"https:\/\/www.participacionciudadana.org\/web\/2020\/02\/05\/polarizacion-millenials-redes-sociales\/\"},\"author\":{\"name\":\"auzfabian\",\"@id\":\"https:\/\/www.participacionciudadana.org\/web\/#\/schema\/person\/67ded4b29f4c10d217a0e025340d23ea\"},\"headline\":\"Polarizaci\u00f3n, millenials y redes sociales\",\"datePublished\":\"2020-02-05T17:06:48+00:00\",\"mainEntityOfPage\":{\"@id\":\"https:\/\/www.participacionciudadana.org\/web\/2020\/02\/05\/polarizacion-millenials-redes-sociales\/\"},\"wordCount\":424,\"commentCount\":0,\"publisher\":{\"@id\":\"https:\/\/www.participacionciudadana.org\/web\/#organization\"},\"image\":{\"@id\":\"https:\/\/www.participacionciudadana.org\/web\/2020\/02\/05\/polarizacion-millenials-redes-sociales\/#primaryimage\"},\"thumbnailUrl\":\"https:\/\/www.participacionciudadana.org\/web\/wp-content\/uploads\/2020\/02\/Lapop007.jpg\",\"articleSection\":[\"Actualidad\"],\"inLanguage\":\"es\",\"potentialAction\":[{\"@type\":\"CommentAction\",\"name\":\"Comment\",\"target\":[\"https:\/\/www.participacionciudadana.org\/web\/2020\/02\/05\/polarizacion-millenials-redes-sociales\/#respond\"]}]},{\"@type\":\"WebPage\",\"@id\":\"https:\/\/www.participacionciudadana.org\/web\/2020\/02\/05\/polarizacion-millenials-redes-sociales\/\",\"url\":\"https:\/\/www.participacionciudadana.org\/web\/2020\/02\/05\/polarizacion-millenials-redes-sociales\/\",\"name\":\"Polarizaci\u00f3n, millenials y redes sociales - Participaci\u00f3n Ciudadana\",\"isPartOf\":{\"@id\":\"https:\/\/www.participacionciudadana.org\/web\/#website\"},\"primaryImageOfPage\":{\"@id\":\"https:\/\/www.participacionciudadana.org\/web\/2020\/02\/05\/polarizacion-millenials-redes-sociales\/#primaryimage\"},\"image\":{\"@id\":\"https:\/\/www.participacionciudadana.org\/web\/2020\/02\/05\/polarizacion-millenials-redes-sociales\/#primaryimage\"},\"thumbnailUrl\":\"https:\/\/www.participacionciudadana.org\/web\/wp-content\/uploads\/2020\/02\/Lapop007.jpg\",\"datePublished\":\"2020-02-05T17:06:48+00:00\",\"breadcrumb\":{\"@id\":\"https:\/\/www.participacionciudadana.org\/web\/2020\/02\/05\/polarizacion-millenials-redes-sociales\/#breadcrumb\"},\"inLanguage\":\"es\",\"potentialAction\":[{\"@type\":\"ReadAction\",\"target\":[\"https:\/\/www.participacionciudadana.org\/web\/2020\/02\/05\/polarizacion-millenials-redes-sociales\/\"]}]},{\"@type\":\"ImageObject\",\"inLanguage\":\"es\",\"@id\":\"https:\/\/www.participacionciudadana.org\/web\/2020\/02\/05\/polarizacion-millenials-redes-sociales\/#primaryimage\",\"url\":\"https:\/\/www.participacionciudadana.org\/web\/wp-content\/uploads\/2020\/02\/Lapop007.jpg\",\"contentUrl\":\"https:\/\/www.participacionciudadana.org\/web\/wp-content\/uploads\/2020\/02\/Lapop007.jpg\",\"width\":1280,\"height\":720,\"caption\":\"Presentaci\u00f3n de LAPOP 2020\"},{\"@type\":\"BreadcrumbList\",\"@id\":\"https:\/\/www.participacionciudadana.org\/web\/2020\/02\/05\/polarizacion-millenials-redes-sociales\/#breadcrumb\",\"itemListElement\":[{\"@type\":\"ListItem\",\"position\":1,\"name\":\"Portada\",\"item\":\"https:\/\/www.participacionciudadana.org\/web\/\"},{\"@type\":\"ListItem\",\"position\":2,\"name\":\"Polarizaci\u00f3n, millenials y redes sociales\"}]},{\"@type\":\"WebSite\",\"@id\":\"https:\/\/www.participacionciudadana.org\/web\/#website\",\"url\":\"https:\/\/www.participacionciudadana.org\/web\/\",\"name\":\"Participaci\u00f3n Ciudadana\",\"description\":\"Comprometidos con la democracia\",\"publisher\":{\"@id\":\"https:\/\/www.participacionciudadana.org\/web\/#organization\"},\"potentialAction\":[{\"@type\":\"SearchAction\",\"target\":{\"@type\":\"EntryPoint\",\"urlTemplate\":\"https:\/\/www.participacionciudadana.org\/web\/?s={search_term_string}\"},\"query-input\":{\"@type\":\"PropertyValueSpecification\",\"valueRequired\":true,\"valueName\":\"search_term_string\"}}],\"inLanguage\":\"es\"},{\"@type\":\"Organization\",\"@id\":\"https:\/\/www.participacionciudadana.org\/web\/#organization\",\"name\":\"Participaci\u00f3n Ciudadana\",\"url\":\"https:\/\/www.participacionciudadana.org\/web\/\",\"logo\":{\"@type\":\"ImageObject\",\"inLanguage\":\"es\",\"@id\":\"https:\/\/www.participacionciudadana.org\/web\/#\/schema\/logo\/image\/\",\"url\":\"https:\/\/www.participacionciudadana.org\/web\/wp-content\/uploads\/2021\/11\/cropped-logo_pc-1.png\",\"contentUrl\":\"https:\/\/www.participacionciudadana.org\/web\/wp-content\/uploads\/2021\/11\/cropped-logo_pc-1.png\",\"width\":340,\"height\":114,\"caption\":\"Participaci\u00f3n Ciudadana\"},\"image\":{\"@id\":\"https:\/\/www.participacionciudadana.org\/web\/#\/schema\/logo\/image\/\"},\"sameAs\":[\"https:\/\/www.facebook.com\/ParticipacionPC\/\",\"https:\/\/x.com\/ParticipacionPC\"]},{\"@type\":\"Person\",\"@id\":\"https:\/\/www.participacionciudadana.org\/web\/#\/schema\/person\/67ded4b29f4c10d217a0e025340d23ea\",\"name\":\"auzfabian\",\"image\":{\"@type\":\"ImageObject\",\"inLanguage\":\"es\",\"@id\":\"https:\/\/www.participacionciudadana.org\/web\/#\/schema\/person\/image\/\",\"url\":\"https:\/\/secure.gravatar.com\/avatar\/b07eacb2fae81fba8818d35abde16f5d26c3e833d77fabbeeb8d53523e796bde?s=96&d=mm&r=g\",\"contentUrl\":\"https:\/\/secure.gravatar.com\/avatar\/b07eacb2fae81fba8818d35abde16f5d26c3e833d77fabbeeb8d53523e796bde?s=96&d=mm&r=g\",\"caption\":\"auzfabian\"},\"sameAs\":[\"https:\/\/www.participacionciudadana.org\/web\"],\"url\":\"https:\/\/www.participacionciudadana.org\/web\/author\/auzfabian\/\"}]}<\/script>\n<!-- \/ Yoast SEO plugin. -->","yoast_head_json":{"title":"Polarizaci\u00f3n, millenials y redes sociales - Participaci\u00f3n Ciudadana","robots":{"index":"index","follow":"follow","max-snippet":"max-snippet:-1","max-image-preview":"max-image-preview:large","max-video-preview":"max-video-preview:-1"},"canonical":"https:\/\/www.participacionciudadana.org\/web\/2020\/02\/05\/polarizacion-millenials-redes-sociales\/","og_locale":"es_ES","og_type":"article","og_title":"Polarizaci\u00f3n, millenials y redes sociales - Participaci\u00f3n Ciudadana","og_description":"Polarizaci\u00f3n, millenials y redes sociales: La nueva mina de datos sobre el Ecuador pol\u00edtico&nbsp; La corporaci\u00f3n Participaci\u00f3n Ciudadana (PC) y la Escuela de Ciencias Pol\u00edticas y Relaciones Internacionales de la Udla presentaron ayer (martes 4 de febrero) el m\u00e1s reciente estudio del Bar\u00f3metro de las Am\u00e9ricas: \u201cCultura pol\u00edtica de la democracia en Ecuador y en [&hellip;]","og_url":"https:\/\/www.participacionciudadana.org\/web\/2020\/02\/05\/polarizacion-millenials-redes-sociales\/","og_site_name":"Participaci\u00f3n Ciudadana","article_publisher":"https:\/\/www.facebook.com\/ParticipacionPC\/","article_published_time":"2020-02-05T17:06:48+00:00","og_image":[{"width":1280,"height":720,"url":"https:\/\/www.participacionciudadana.org\/web\/wp-content\/uploads\/2020\/02\/Lapop007.jpg","type":"image\/jpeg"}],"author":"auzfabian","twitter_card":"summary_large_image","twitter_creator":"@ParticipacionPC","twitter_site":"@ParticipacionPC","twitter_misc":{"Escrito por":"auzfabian","Tiempo de lectura":"2 minutos"},"schema":{"@context":"https:\/\/schema.org","@graph":[{"@type":"Article","@id":"https:\/\/www.participacionciudadana.org\/web\/2020\/02\/05\/polarizacion-millenials-redes-sociales\/#article","isPartOf":{"@id":"https:\/\/www.participacionciudadana.org\/web\/2020\/02\/05\/polarizacion-millenials-redes-sociales\/"},"author":{"name":"auzfabian","@id":"https:\/\/www.participacionciudadana.org\/web\/#\/schema\/person\/67ded4b29f4c10d217a0e025340d23ea"},"headline":"Polarizaci\u00f3n, millenials y redes sociales","datePublished":"2020-02-05T17:06:48+00:00","mainEntityOfPage":{"@id":"https:\/\/www.participacionciudadana.org\/web\/2020\/02\/05\/polarizacion-millenials-redes-sociales\/"},"wordCount":424,"commentCount":0,"publisher":{"@id":"https:\/\/www.participacionciudadana.org\/web\/#organization"},"image":{"@id":"https:\/\/www.participacionciudadana.org\/web\/2020\/02\/05\/polarizacion-millenials-redes-sociales\/#primaryimage"},"thumbnailUrl":"https:\/\/www.participacionciudadana.org\/web\/wp-content\/uploads\/2020\/02\/Lapop007.jpg","articleSection":["Actualidad"],"inLanguage":"es","potentialAction":[{"@type":"CommentAction","name":"Comment","target":["https:\/\/www.participacionciudadana.org\/web\/2020\/02\/05\/polarizacion-millenials-redes-sociales\/#respond"]}]},{"@type":"WebPage","@id":"https:\/\/www.participacionciudadana.org\/web\/2020\/02\/05\/polarizacion-millenials-redes-sociales\/","url":"https:\/\/www.participacionciudadana.org\/web\/2020\/02\/05\/polarizacion-millenials-redes-sociales\/","name":"Polarizaci\u00f3n, millenials y redes sociales - Participaci\u00f3n Ciudadana","isPartOf":{"@id":"https:\/\/www.participacionciudadana.org\/web\/#website"},"primaryImageOfPage":{"@id":"https:\/\/www.participacionciudadana.org\/web\/2020\/02\/05\/polarizacion-millenials-redes-sociales\/#primaryimage"},"image":{"@id":"https:\/\/www.participacionciudadana.org\/web\/2020\/02\/05\/polarizacion-millenials-redes-sociales\/#primaryimage"},"thumbnailUrl":"https:\/\/www.participacionciudadana.org\/web\/wp-content\/uploads\/2020\/02\/Lapop007.jpg","datePublished":"2020-02-05T17:06:48+00:00","breadcrumb":{"@id":"https:\/\/www.participacionciudadana.org\/web\/2020\/02\/05\/polarizacion-millenials-redes-sociales\/#breadcrumb"},"inLanguage":"es","potentialAction":[{"@type":"ReadAction","target":["https:\/\/www.participacionciudadana.org\/web\/2020\/02\/05\/polarizacion-millenials-redes-sociales\/"]}]},{"@type":"ImageObject","inLanguage":"es","@id":"https:\/\/www.participacionciudadana.org\/web\/2020\/02\/05\/polarizacion-millenials-redes-sociales\/#primaryimage","url":"https:\/\/www.participacionciudadana.org\/web\/wp-content\/uploads\/2020\/02\/Lapop007.jpg","contentUrl":"https:\/\/www.participacionciudadana.org\/web\/wp-content\/uploads\/2020\/02\/Lapop007.jpg","width":1280,"height":720,"caption":"Presentaci\u00f3n de LAPOP 2020"},{"@type":"BreadcrumbList","@id":"https:\/\/www.participacionciudadana.org\/web\/2020\/02\/05\/polarizacion-millenials-redes-sociales\/#breadcrumb","itemListElement":[{"@type":"ListItem","position":1,"name":"Portada","item":"https:\/\/www.participacionciudadana.org\/web\/"},{"@type":"ListItem","position":2,"name":"Polarizaci\u00f3n, millenials y redes sociales"}]},{"@type":"WebSite","@id":"https:\/\/www.participacionciudadana.org\/web\/#website","url":"https:\/\/www.participacionciudadana.org\/web\/","name":"Participaci\u00f3n Ciudadana","description":"Comprometidos con la democracia","publisher":{"@id":"https:\/\/www.participacionciudadana.org\/web\/#organization"},"potentialAction":[{"@type":"SearchAction","target":{"@type":"EntryPoint","urlTemplate":"https:\/\/www.participacionciudadana.org\/web\/?s={search_term_string}"},"query-input":{"@type":"PropertyValueSpecification","valueRequired":true,"valueName":"search_term_string"}}],"inLanguage":"es"},{"@type":"Organization","@id":"https:\/\/www.participacionciudadana.org\/web\/#organization","name":"Participaci\u00f3n Ciudadana","url":"https:\/\/www.participacionciudadana.org\/web\/","logo":{"@type":"ImageObject","inLanguage":"es","@id":"https:\/\/www.participacionciudadana.org\/web\/#\/schema\/logo\/image\/","url":"https:\/\/www.participacionciudadana.org\/web\/wp-content\/uploads\/2021\/11\/cropped-logo_pc-1.png","contentUrl":"https:\/\/www.participacionciudadana.org\/web\/wp-content\/uploads\/2021\/11\/cropped-logo_pc-1.png","width":340,"height":114,"caption":"Participaci\u00f3n Ciudadana"},"image":{"@id":"https:\/\/www.participacionciudadana.org\/web\/#\/schema\/logo\/image\/"},"sameAs":["https:\/\/www.facebook.com\/ParticipacionPC\/","https:\/\/x.com\/ParticipacionPC"]},{"@type":"Person","@id":"https:\/\/www.participacionciudadana.org\/web\/#\/schema\/person\/67ded4b29f4c10d217a0e025340d23ea","name":"auzfabian","image":{"@type":"ImageObject","inLanguage":"es","@id":"https:\/\/www.participacionciudadana.org\/web\/#\/schema\/person\/image\/","url":"https:\/\/secure.gravatar.com\/avatar\/b07eacb2fae81fba8818d35abde16f5d26c3e833d77fabbeeb8d53523e796bde?s=96&d=mm&r=g","contentUrl":"https:\/\/secure.gravatar.com\/avatar\/b07eacb2fae81fba8818d35abde16f5d26c3e833d77fabbeeb8d53523e796bde?s=96&d=mm&r=g","caption":"auzfabian"},"sameAs":["https:\/\/www.participacionciudadana.org\/web"],"url":"https:\/\/www.participacionciudadana.org\/web\/author\/auzfabian\/"}]}},"_links":{"self":[{"href":"https:\/\/www.participacionciudadana.org\/web\/wp-json\/wp\/v2\/posts\/1850","targetHints":{"allow":["GET"]}}],"collection":[{"href":"https:\/\/www.participacionciudadana.org\/web\/wp-json\/wp\/v2\/posts"}],"about":[{"href":"https:\/\/www.participacionciudadana.org\/web\/wp-json\/wp\/v2\/types\/post"}],"author":[{"embeddable":true,"href":"https:\/\/www.participacionciudadana.org\/web\/wp-json\/wp\/v2\/users\/1"}],"replies":[{"embeddable":true,"href":"https:\/\/www.participacionciudadana.org\/web\/wp-json\/wp\/v2\/comments?post=1850"}],"version-history":[{"count":0,"href":"https:\/\/www.participacionciudadana.org\/web\/wp-json\/wp\/v2\/posts\/1850\/revisions"}],"wp:featuredmedia":[{"embeddable":true,"href":"https:\/\/www.participacionciudadana.org\/web\/wp-json\/wp\/v2\/media\/1846"}],"wp:attachment":[{"href":"https:\/\/www.participacionciudadana.org\/web\/wp-json\/wp\/v2\/media?parent=1850"}],"wp:term":[{"taxonomy":"category","embeddable":true,"href":"https:\/\/www.participacionciudadana.org\/web\/wp-json\/wp\/v2\/categories?post=1850"},{"taxonomy":"post_tag","embeddable":true,"href":"https:\/\/www.participacionciudadana.org\/web\/wp-json\/wp\/v2\/tags?post=1850"}],"curies":[{"name":"wp","href":"https:\/\/api.w.org\/{rel}","templated":true}]}}