{"id":1852,"date":"2020-02-06T11:18:22","date_gmt":"2020-02-06T16:18:22","guid":{"rendered":"https:\/\/www.participacionciudadana.org\/web\/2020\/02\/06\/panel-pulso-democracia-ecuador\/"},"modified":"2020-02-06T11:18:22","modified_gmt":"2020-02-06T16:18:22","slug":"panel-pulso-democracia-ecuador","status":"publish","type":"post","link":"https:\/\/www.participacionciudadana.org\/web\/2020\/02\/06\/panel-pulso-democracia-ecuador\/","title":{"rendered":"Panel sobre Pulso a la Democracia en Ecuador"},"content":{"rendered":"<div class=\"grey-message\">Panel sobre Pulso a la Democracia en Ecuador<\/div>\n<h3 class=\"drop_h3\">&nbsp;<\/h3>\n<h3 class=\"drop_h3\">Entrevista en NotiHoy<\/h3>\n<h3 class=\"drop_h3\">Radio Centro&nbsp;97.7 FM<\/h3>\n<p>En el panel: Sim\u00f3n Jaramillo&nbsp;Subdirector Corporaci\u00f3n Participaci\u00f3n Ciudadana, Daniel Montalvo y&nbsp;Arturo Moscoso, catedr\u00e1ticos de Vanderbilt University,&nbsp;Udla&nbsp;respectivamente. Abordaron&nbsp;sobre el informe&nbsp;desarrollado por el Proyecto de Opini\u00f3n P\u00fablica de Am\u00e9rica Latina (Lapop, por sus siglas en ingl\u00e9s). El Bar\u00f3metro de las Am\u00e9ricas es una cantera de informaci\u00f3n para releer la cultura pol\u00edtica del pa\u00eds<\/p>\n<p>&nbsp;<\/p>\n<div class=\"grey-message\"><span style=\"color: rgb(255, 255, 255); background-color: rgb(83, 85, 92);\">Para ahondar en los detalles del informe,<\/span><strong style=\"color: rgb(255, 255, 255);\">&nbsp;<a data-link-type=\"custom\" href=\"https:\/\/www.participacionciudadana.org\/web\/wp-content\/uploads\/2020\/02\/Barometro-Americas-Ecuador-2018-2019.pdf\" target=\"_blank\" title=\"https:\/\/www.participacionciudadana.org\/papers\/Bar%C3%B3metro-Am%C3%A9ricas%20Ecuador-2018-2019.pdf\" rel=\"noopener\">ingrese aqu\u00ed<\/a>.<\/strong><\/div>\n<div class=\"grey-message\">Video de la presentaci\u00f3n:<\/div>\n<div class=\"grey-message\">{facebook}https:\/\/www.facebook.com\/CentroEcuador\/videos\/183377072761207{\/facebook}<\/div>\n<p>Sim\u00f3n Jaramillo indica que es la muestra que el ecuatoriano correlaciona satisfacci\u00f3n con la democracia con satisfacci\u00f3n con el gobierno, adem\u00e1s, busca que el electorado entienda c\u00f3mo funcionan la sociedad y la pol\u00edtica, cu\u00e1les son las prioridades para tomar decisiones. Es una radiograf\u00eda cruda y dura.<\/p>\n<p>Daniel Montalvo,&nbsp;explica que para #PulsoDemocraciaEC la muestra es de 1.533 encuestas elaboradas en 51 cantones.<\/p>\n<p>Arturo Moscoso destaca en&nbsp;los porqu\u00e9s de la polarizaci\u00f3n pol\u00edtica que se vive en el Ecuador contempor\u00e1neo.<\/p>\n<div class=\"grey-message\">&nbsp;<\/div>\n<p><img fetchpriority=\"high\" decoding=\"async\" class=\" alignright size-full wp-image-1851\" alt=\"Redes Sociales\" src=\"https:\/\/www.participacionciudadana.org\/web\/wp-content\/uploads\/2020\/02\/20200206_Entrevista_RadioCentro.png\" style=\"color: rgb(255, 255, 255); background-color: rgb(83, 85, 92); width: 150px; height: 150px; float: right;\" title=\"Redes Sociales\" width=\"3000\" height=\"3000\" srcset=\"https:\/\/www.participacionciudadana.org\/web\/wp-content\/uploads\/2020\/02\/20200206_Entrevista_RadioCentro.png 3000w, https:\/\/www.participacionciudadana.org\/web\/wp-content\/uploads\/2020\/02\/20200206_Entrevista_RadioCentro-300x300.png 300w, https:\/\/www.participacionciudadana.org\/web\/wp-content\/uploads\/2020\/02\/20200206_Entrevista_RadioCentro-1024x1024.png 1024w, https:\/\/www.participacionciudadana.org\/web\/wp-content\/uploads\/2020\/02\/20200206_Entrevista_RadioCentro-150x150.png 150w, https:\/\/www.participacionciudadana.org\/web\/wp-content\/uploads\/2020\/02\/20200206_Entrevista_RadioCentro-768x768.png 768w, https:\/\/www.participacionciudadana.org\/web\/wp-content\/uploads\/2020\/02\/20200206_Entrevista_RadioCentro-1536x1536.png 1536w, https:\/\/www.participacionciudadana.org\/web\/wp-content\/uploads\/2020\/02\/20200206_Entrevista_RadioCentro-2048x2048.png 2048w\" sizes=\"(max-width: 3000px) 100vw, 3000px\" \/><\/p>\n","protected":false},"excerpt":{"rendered":"<p>Panel sobre Pulso a la Democracia en Ecuador &nbsp; Entrevista en NotiHoy Radio Centro&nbsp;97.7 FM En el panel: Sim\u00f3n Jaramillo&nbsp;Subdirector Corporaci\u00f3n Participaci\u00f3n Ciudadana, Daniel Montalvo y&nbsp;Arturo Moscoso, catedr\u00e1ticos de Vanderbilt University,&nbsp;Udla&nbsp;respectivamente. Abordaron&nbsp;sobre el informe&nbsp;desarrollado por el Proyecto de Opini\u00f3n P\u00fablica de Am\u00e9rica Latina (Lapop, por sus siglas en ingl\u00e9s). El Bar\u00f3metro de las Am\u00e9ricas es [&hellip;]<\/p>\n","protected":false},"author":1,"featured_media":1851,"comment_status":"open","ping_status":"open","sticky":false,"template":"","format":"standard","meta":{"site-sidebar-layout":"default","site-content-layout":"","ast-site-content-layout":"default","site-content-style":"default","site-sidebar-style":"default","ast-global-header-display":"","ast-banner-title-visibility":"","ast-main-header-display":"","ast-hfb-above-header-display":"","ast-hfb-below-header-display":"","ast-hfb-mobile-header-display":"","site-post-title":"","ast-breadcrumbs-content":"","ast-featured-img":"","footer-sml-layout":"","ast-disable-related-posts":"","theme-transparent-header-meta":"","adv-header-id-meta":"","stick-header-meta":"","header-above-stick-meta":"","header-main-stick-meta":"","header-below-stick-meta":"","astra-migrate-meta-layouts":"default","ast-page-background-enabled":"default","ast-page-background-meta":{"desktop":{"background-color":"","background-image":"","background-repeat":"repeat","background-position":"center center","background-size":"auto","background-attachment":"scroll","background-type":"","background-media":"","overlay-type":"","overlay-color":"","overlay-opacity":"","overlay-gradient":""},"tablet":{"background-color":"","background-image":"","background-repeat":"repeat","background-position":"center center","background-size":"auto","background-attachment":"scroll","background-type":"","background-media":"","overlay-type":"","overlay-color":"","overlay-opacity":"","overlay-gradient":""},"mobile":{"background-color":"","background-image":"","background-repeat":"repeat","background-position":"center center","background-size":"auto","background-attachment":"scroll","background-type":"","background-media":"","overlay-type":"","overlay-color":"","overlay-opacity":"","overlay-gradient":""}},"ast-content-background-meta":{"desktop":{"background-color":"var(--ast-global-color-5)","background-image":"","background-repeat":"repeat","background-position":"center center","background-size":"auto","background-attachment":"scroll","background-type":"","background-media":"","overlay-type":"","overlay-color":"","overlay-opacity":"","overlay-gradient":""},"tablet":{"background-color":"var(--ast-global-color-5)","background-image":"","background-repeat":"repeat","background-position":"center center","background-size":"auto","background-attachment":"scroll","background-type":"","background-media":"","overlay-type":"","overlay-color":"","overlay-opacity":"","overlay-gradient":""},"mobile":{"background-color":"var(--ast-global-color-5)","background-image":"","background-repeat":"repeat","background-position":"center center","background-size":"auto","background-attachment":"scroll","background-type":"","background-media":"","overlay-type":"","overlay-color":"","overlay-opacity":"","overlay-gradient":""}},"_joinchat":[],"footnotes":""},"categories":[16],"tags":[],"class_list":["post-1852","post","type-post","status-publish","format-standard","has-post-thumbnail","hentry","category-actualidad"],"yoast_head":"<!-- This site is optimized with the Yoast SEO plugin v26.5 - https:\/\/yoast.com\/wordpress\/plugins\/seo\/ -->\n<title>Panel sobre Pulso a la Democracia en Ecuador - Participaci\u00f3n Ciudadana<\/title>\n<meta name=\"robots\" content=\"index, follow, max-snippet:-1, max-image-preview:large, max-video-preview:-1\" \/>\n<link rel=\"canonical\" href=\"https:\/\/www.participacionciudadana.org\/web\/2020\/02\/06\/panel-pulso-democracia-ecuador\/\" \/>\n<meta property=\"og:locale\" content=\"es_ES\" \/>\n<meta property=\"og:type\" content=\"article\" \/>\n<meta property=\"og:title\" content=\"Panel sobre Pulso a la Democracia en Ecuador - Participaci\u00f3n Ciudadana\" \/>\n<meta property=\"og:description\" content=\"Panel sobre Pulso a la Democracia en Ecuador &nbsp; Entrevista en NotiHoy Radio Centro&nbsp;97.7 FM En el panel: Sim\u00f3n Jaramillo&nbsp;Subdirector Corporaci\u00f3n Participaci\u00f3n Ciudadana, Daniel Montalvo y&nbsp;Arturo Moscoso, catedr\u00e1ticos de Vanderbilt University,&nbsp;Udla&nbsp;respectivamente. Abordaron&nbsp;sobre el informe&nbsp;desarrollado por el Proyecto de Opini\u00f3n P\u00fablica de Am\u00e9rica Latina (Lapop, por sus siglas en ingl\u00e9s). El Bar\u00f3metro de las Am\u00e9ricas es [&hellip;]\" \/>\n<meta property=\"og:url\" content=\"https:\/\/www.participacionciudadana.org\/web\/2020\/02\/06\/panel-pulso-democracia-ecuador\/\" \/>\n<meta property=\"og:site_name\" content=\"Participaci\u00f3n Ciudadana\" \/>\n<meta property=\"article:publisher\" content=\"https:\/\/www.facebook.com\/ParticipacionPC\/\" \/>\n<meta property=\"article:published_time\" content=\"2020-02-06T16:18:22+00:00\" \/>\n<meta property=\"og:image\" content=\"https:\/\/www.participacionciudadana.org\/web\/wp-content\/uploads\/2020\/02\/20200206_Entrevista_RadioCentro.png\" \/>\n\t<meta property=\"og:image:width\" content=\"3000\" \/>\n\t<meta property=\"og:image:height\" content=\"3000\" \/>\n\t<meta property=\"og:image:type\" content=\"image\/png\" \/>\n<meta name=\"author\" content=\"auzfabian\" \/>\n<meta name=\"twitter:card\" content=\"summary_large_image\" \/>\n<meta name=\"twitter:creator\" content=\"@ParticipacionPC\" \/>\n<meta name=\"twitter:site\" content=\"@ParticipacionPC\" \/>\n<meta name=\"twitter:label1\" content=\"Escrito por\" \/>\n\t<meta name=\"twitter:data1\" content=\"auzfabian\" \/>\n\t<meta name=\"twitter:label2\" content=\"Tiempo de lectura\" \/>\n\t<meta name=\"twitter:data2\" content=\"1 minuto\" \/>\n<script type=\"application\/ld+json\" class=\"yoast-schema-graph\">{\"@context\":\"https:\/\/schema.org\",\"@graph\":[{\"@type\":\"Article\",\"@id\":\"https:\/\/www.participacionciudadana.org\/web\/2020\/02\/06\/panel-pulso-democracia-ecuador\/#article\",\"isPartOf\":{\"@id\":\"https:\/\/www.participacionciudadana.org\/web\/2020\/02\/06\/panel-pulso-democracia-ecuador\/\"},\"author\":{\"name\":\"auzfabian\",\"@id\":\"https:\/\/www.participacionciudadana.org\/web\/#\/schema\/person\/67ded4b29f4c10d217a0e025340d23ea\"},\"headline\":\"Panel sobre Pulso a la Democracia en Ecuador\",\"datePublished\":\"2020-02-06T16:18:22+00:00\",\"mainEntityOfPage\":{\"@id\":\"https:\/\/www.participacionciudadana.org\/web\/2020\/02\/06\/panel-pulso-democracia-ecuador\/\"},\"wordCount\":216,\"commentCount\":0,\"publisher\":{\"@id\":\"https:\/\/www.participacionciudadana.org\/web\/#organization\"},\"image\":{\"@id\":\"https:\/\/www.participacionciudadana.org\/web\/2020\/02\/06\/panel-pulso-democracia-ecuador\/#primaryimage\"},\"thumbnailUrl\":\"https:\/\/www.participacionciudadana.org\/web\/wp-content\/uploads\/2020\/02\/20200206_Entrevista_RadioCentro.png\",\"articleSection\":[\"Actualidad\"],\"inLanguage\":\"es\",\"potentialAction\":[{\"@type\":\"CommentAction\",\"name\":\"Comment\",\"target\":[\"https:\/\/www.participacionciudadana.org\/web\/2020\/02\/06\/panel-pulso-democracia-ecuador\/#respond\"]}]},{\"@type\":\"WebPage\",\"@id\":\"https:\/\/www.participacionciudadana.org\/web\/2020\/02\/06\/panel-pulso-democracia-ecuador\/\",\"url\":\"https:\/\/www.participacionciudadana.org\/web\/2020\/02\/06\/panel-pulso-democracia-ecuador\/\",\"name\":\"Panel sobre Pulso a la Democracia en Ecuador - Participaci\u00f3n Ciudadana\",\"isPartOf\":{\"@id\":\"https:\/\/www.participacionciudadana.org\/web\/#website\"},\"primaryImageOfPage\":{\"@id\":\"https:\/\/www.participacionciudadana.org\/web\/2020\/02\/06\/panel-pulso-democracia-ecuador\/#primaryimage\"},\"image\":{\"@id\":\"https:\/\/www.participacionciudadana.org\/web\/2020\/02\/06\/panel-pulso-democracia-ecuador\/#primaryimage\"},\"thumbnailUrl\":\"https:\/\/www.participacionciudadana.org\/web\/wp-content\/uploads\/2020\/02\/20200206_Entrevista_RadioCentro.png\",\"datePublished\":\"2020-02-06T16:18:22+00:00\",\"breadcrumb\":{\"@id\":\"https:\/\/www.participacionciudadana.org\/web\/2020\/02\/06\/panel-pulso-democracia-ecuador\/#breadcrumb\"},\"inLanguage\":\"es\",\"potentialAction\":[{\"@type\":\"ReadAction\",\"target\":[\"https:\/\/www.participacionciudadana.org\/web\/2020\/02\/06\/panel-pulso-democracia-ecuador\/\"]}]},{\"@type\":\"ImageObject\",\"inLanguage\":\"es\",\"@id\":\"https:\/\/www.participacionciudadana.org\/web\/2020\/02\/06\/panel-pulso-democracia-ecuador\/#primaryimage\",\"url\":\"https:\/\/www.participacionciudadana.org\/web\/wp-content\/uploads\/2020\/02\/20200206_Entrevista_RadioCentro.png\",\"contentUrl\":\"https:\/\/www.participacionciudadana.org\/web\/wp-content\/uploads\/2020\/02\/20200206_Entrevista_RadioCentro.png\",\"width\":3000,\"height\":3000,\"caption\":\"Redes Sociales\"},{\"@type\":\"BreadcrumbList\",\"@id\":\"https:\/\/www.participacionciudadana.org\/web\/2020\/02\/06\/panel-pulso-democracia-ecuador\/#breadcrumb\",\"itemListElement\":[{\"@type\":\"ListItem\",\"position\":1,\"name\":\"Portada\",\"item\":\"https:\/\/www.participacionciudadana.org\/web\/\"},{\"@type\":\"ListItem\",\"position\":2,\"name\":\"Panel sobre Pulso a la Democracia en Ecuador\"}]},{\"@type\":\"WebSite\",\"@id\":\"https:\/\/www.participacionciudadana.org\/web\/#website\",\"url\":\"https:\/\/www.participacionciudadana.org\/web\/\",\"name\":\"Participaci\u00f3n Ciudadana\",\"description\":\"Comprometidos con la democracia\",\"publisher\":{\"@id\":\"https:\/\/www.participacionciudadana.org\/web\/#organization\"},\"potentialAction\":[{\"@type\":\"SearchAction\",\"target\":{\"@type\":\"EntryPoint\",\"urlTemplate\":\"https:\/\/www.participacionciudadana.org\/web\/?s={search_term_string}\"},\"query-input\":{\"@type\":\"PropertyValueSpecification\",\"valueRequired\":true,\"valueName\":\"search_term_string\"}}],\"inLanguage\":\"es\"},{\"@type\":\"Organization\",\"@id\":\"https:\/\/www.participacionciudadana.org\/web\/#organization\",\"name\":\"Participaci\u00f3n Ciudadana\",\"url\":\"https:\/\/www.participacionciudadana.org\/web\/\",\"logo\":{\"@type\":\"ImageObject\",\"inLanguage\":\"es\",\"@id\":\"https:\/\/www.participacionciudadana.org\/web\/#\/schema\/logo\/image\/\",\"url\":\"https:\/\/www.participacionciudadana.org\/web\/wp-content\/uploads\/2021\/11\/cropped-logo_pc-1.png\",\"contentUrl\":\"https:\/\/www.participacionciudadana.org\/web\/wp-content\/uploads\/2021\/11\/cropped-logo_pc-1.png\",\"width\":340,\"height\":114,\"caption\":\"Participaci\u00f3n Ciudadana\"},\"image\":{\"@id\":\"https:\/\/www.participacionciudadana.org\/web\/#\/schema\/logo\/image\/\"},\"sameAs\":[\"https:\/\/www.facebook.com\/ParticipacionPC\/\",\"https:\/\/x.com\/ParticipacionPC\"]},{\"@type\":\"Person\",\"@id\":\"https:\/\/www.participacionciudadana.org\/web\/#\/schema\/person\/67ded4b29f4c10d217a0e025340d23ea\",\"name\":\"auzfabian\",\"image\":{\"@type\":\"ImageObject\",\"inLanguage\":\"es\",\"@id\":\"https:\/\/www.participacionciudadana.org\/web\/#\/schema\/person\/image\/\",\"url\":\"https:\/\/secure.gravatar.com\/avatar\/b07eacb2fae81fba8818d35abde16f5d26c3e833d77fabbeeb8d53523e796bde?s=96&d=mm&r=g\",\"contentUrl\":\"https:\/\/secure.gravatar.com\/avatar\/b07eacb2fae81fba8818d35abde16f5d26c3e833d77fabbeeb8d53523e796bde?s=96&d=mm&r=g\",\"caption\":\"auzfabian\"},\"sameAs\":[\"https:\/\/www.participacionciudadana.org\/web\"],\"url\":\"https:\/\/www.participacionciudadana.org\/web\/author\/auzfabian\/\"}]}<\/script>\n<!-- \/ Yoast SEO plugin. -->","yoast_head_json":{"title":"Panel sobre Pulso a la Democracia en Ecuador - Participaci\u00f3n Ciudadana","robots":{"index":"index","follow":"follow","max-snippet":"max-snippet:-1","max-image-preview":"max-image-preview:large","max-video-preview":"max-video-preview:-1"},"canonical":"https:\/\/www.participacionciudadana.org\/web\/2020\/02\/06\/panel-pulso-democracia-ecuador\/","og_locale":"es_ES","og_type":"article","og_title":"Panel sobre Pulso a la Democracia en Ecuador - Participaci\u00f3n Ciudadana","og_description":"Panel sobre Pulso a la Democracia en Ecuador &nbsp; Entrevista en NotiHoy Radio Centro&nbsp;97.7 FM En el panel: Sim\u00f3n Jaramillo&nbsp;Subdirector Corporaci\u00f3n Participaci\u00f3n Ciudadana, Daniel Montalvo y&nbsp;Arturo Moscoso, catedr\u00e1ticos de Vanderbilt University,&nbsp;Udla&nbsp;respectivamente. Abordaron&nbsp;sobre el informe&nbsp;desarrollado por el Proyecto de Opini\u00f3n P\u00fablica de Am\u00e9rica Latina (Lapop, por sus siglas en ingl\u00e9s). El Bar\u00f3metro de las Am\u00e9ricas es [&hellip;]","og_url":"https:\/\/www.participacionciudadana.org\/web\/2020\/02\/06\/panel-pulso-democracia-ecuador\/","og_site_name":"Participaci\u00f3n Ciudadana","article_publisher":"https:\/\/www.facebook.com\/ParticipacionPC\/","article_published_time":"2020-02-06T16:18:22+00:00","og_image":[{"width":3000,"height":3000,"url":"https:\/\/www.participacionciudadana.org\/web\/wp-content\/uploads\/2020\/02\/20200206_Entrevista_RadioCentro.png","type":"image\/png"}],"author":"auzfabian","twitter_card":"summary_large_image","twitter_creator":"@ParticipacionPC","twitter_site":"@ParticipacionPC","twitter_misc":{"Escrito por":"auzfabian","Tiempo de lectura":"1 minuto"},"schema":{"@context":"https:\/\/schema.org","@graph":[{"@type":"Article","@id":"https:\/\/www.participacionciudadana.org\/web\/2020\/02\/06\/panel-pulso-democracia-ecuador\/#article","isPartOf":{"@id":"https:\/\/www.participacionciudadana.org\/web\/2020\/02\/06\/panel-pulso-democracia-ecuador\/"},"author":{"name":"auzfabian","@id":"https:\/\/www.participacionciudadana.org\/web\/#\/schema\/person\/67ded4b29f4c10d217a0e025340d23ea"},"headline":"Panel sobre Pulso a la Democracia en Ecuador","datePublished":"2020-02-06T16:18:22+00:00","mainEntityOfPage":{"@id":"https:\/\/www.participacionciudadana.org\/web\/2020\/02\/06\/panel-pulso-democracia-ecuador\/"},"wordCount":216,"commentCount":0,"publisher":{"@id":"https:\/\/www.participacionciudadana.org\/web\/#organization"},"image":{"@id":"https:\/\/www.participacionciudadana.org\/web\/2020\/02\/06\/panel-pulso-democracia-ecuador\/#primaryimage"},"thumbnailUrl":"https:\/\/www.participacionciudadana.org\/web\/wp-content\/uploads\/2020\/02\/20200206_Entrevista_RadioCentro.png","articleSection":["Actualidad"],"inLanguage":"es","potentialAction":[{"@type":"CommentAction","name":"Comment","target":["https:\/\/www.participacionciudadana.org\/web\/2020\/02\/06\/panel-pulso-democracia-ecuador\/#respond"]}]},{"@type":"WebPage","@id":"https:\/\/www.participacionciudadana.org\/web\/2020\/02\/06\/panel-pulso-democracia-ecuador\/","url":"https:\/\/www.participacionciudadana.org\/web\/2020\/02\/06\/panel-pulso-democracia-ecuador\/","name":"Panel sobre Pulso a la Democracia en Ecuador - Participaci\u00f3n Ciudadana","isPartOf":{"@id":"https:\/\/www.participacionciudadana.org\/web\/#website"},"primaryImageOfPage":{"@id":"https:\/\/www.participacionciudadana.org\/web\/2020\/02\/06\/panel-pulso-democracia-ecuador\/#primaryimage"},"image":{"@id":"https:\/\/www.participacionciudadana.org\/web\/2020\/02\/06\/panel-pulso-democracia-ecuador\/#primaryimage"},"thumbnailUrl":"https:\/\/www.participacionciudadana.org\/web\/wp-content\/uploads\/2020\/02\/20200206_Entrevista_RadioCentro.png","datePublished":"2020-02-06T16:18:22+00:00","breadcrumb":{"@id":"https:\/\/www.participacionciudadana.org\/web\/2020\/02\/06\/panel-pulso-democracia-ecuador\/#breadcrumb"},"inLanguage":"es","potentialAction":[{"@type":"ReadAction","target":["https:\/\/www.participacionciudadana.org\/web\/2020\/02\/06\/panel-pulso-democracia-ecuador\/"]}]},{"@type":"ImageObject","inLanguage":"es","@id":"https:\/\/www.participacionciudadana.org\/web\/2020\/02\/06\/panel-pulso-democracia-ecuador\/#primaryimage","url":"https:\/\/www.participacionciudadana.org\/web\/wp-content\/uploads\/2020\/02\/20200206_Entrevista_RadioCentro.png","contentUrl":"https:\/\/www.participacionciudadana.org\/web\/wp-content\/uploads\/2020\/02\/20200206_Entrevista_RadioCentro.png","width":3000,"height":3000,"caption":"Redes Sociales"},{"@type":"BreadcrumbList","@id":"https:\/\/www.participacionciudadana.org\/web\/2020\/02\/06\/panel-pulso-democracia-ecuador\/#breadcrumb","itemListElement":[{"@type":"ListItem","position":1,"name":"Portada","item":"https:\/\/www.participacionciudadana.org\/web\/"},{"@type":"ListItem","position":2,"name":"Panel sobre Pulso a la Democracia en Ecuador"}]},{"@type":"WebSite","@id":"https:\/\/www.participacionciudadana.org\/web\/#website","url":"https:\/\/www.participacionciudadana.org\/web\/","name":"Participaci\u00f3n Ciudadana","description":"Comprometidos con la democracia","publisher":{"@id":"https:\/\/www.participacionciudadana.org\/web\/#organization"},"potentialAction":[{"@type":"SearchAction","target":{"@type":"EntryPoint","urlTemplate":"https:\/\/www.participacionciudadana.org\/web\/?s={search_term_string}"},"query-input":{"@type":"PropertyValueSpecification","valueRequired":true,"valueName":"search_term_string"}}],"inLanguage":"es"},{"@type":"Organization","@id":"https:\/\/www.participacionciudadana.org\/web\/#organization","name":"Participaci\u00f3n Ciudadana","url":"https:\/\/www.participacionciudadana.org\/web\/","logo":{"@type":"ImageObject","inLanguage":"es","@id":"https:\/\/www.participacionciudadana.org\/web\/#\/schema\/logo\/image\/","url":"https:\/\/www.participacionciudadana.org\/web\/wp-content\/uploads\/2021\/11\/cropped-logo_pc-1.png","contentUrl":"https:\/\/www.participacionciudadana.org\/web\/wp-content\/uploads\/2021\/11\/cropped-logo_pc-1.png","width":340,"height":114,"caption":"Participaci\u00f3n Ciudadana"},"image":{"@id":"https:\/\/www.participacionciudadana.org\/web\/#\/schema\/logo\/image\/"},"sameAs":["https:\/\/www.facebook.com\/ParticipacionPC\/","https:\/\/x.com\/ParticipacionPC"]},{"@type":"Person","@id":"https:\/\/www.participacionciudadana.org\/web\/#\/schema\/person\/67ded4b29f4c10d217a0e025340d23ea","name":"auzfabian","image":{"@type":"ImageObject","inLanguage":"es","@id":"https:\/\/www.participacionciudadana.org\/web\/#\/schema\/person\/image\/","url":"https:\/\/secure.gravatar.com\/avatar\/b07eacb2fae81fba8818d35abde16f5d26c3e833d77fabbeeb8d53523e796bde?s=96&d=mm&r=g","contentUrl":"https:\/\/secure.gravatar.com\/avatar\/b07eacb2fae81fba8818d35abde16f5d26c3e833d77fabbeeb8d53523e796bde?s=96&d=mm&r=g","caption":"auzfabian"},"sameAs":["https:\/\/www.participacionciudadana.org\/web"],"url":"https:\/\/www.participacionciudadana.org\/web\/author\/auzfabian\/"}]}},"_links":{"self":[{"href":"https:\/\/www.participacionciudadana.org\/web\/wp-json\/wp\/v2\/posts\/1852","targetHints":{"allow":["GET"]}}],"collection":[{"href":"https:\/\/www.participacionciudadana.org\/web\/wp-json\/wp\/v2\/posts"}],"about":[{"href":"https:\/\/www.participacionciudadana.org\/web\/wp-json\/wp\/v2\/types\/post"}],"author":[{"embeddable":true,"href":"https:\/\/www.participacionciudadana.org\/web\/wp-json\/wp\/v2\/users\/1"}],"replies":[{"embeddable":true,"href":"https:\/\/www.participacionciudadana.org\/web\/wp-json\/wp\/v2\/comments?post=1852"}],"version-history":[{"count":0,"href":"https:\/\/www.participacionciudadana.org\/web\/wp-json\/wp\/v2\/posts\/1852\/revisions"}],"wp:featuredmedia":[{"embeddable":true,"href":"https:\/\/www.participacionciudadana.org\/web\/wp-json\/wp\/v2\/media\/1851"}],"wp:attachment":[{"href":"https:\/\/www.participacionciudadana.org\/web\/wp-json\/wp\/v2\/media?parent=1852"}],"wp:term":[{"taxonomy":"category","embeddable":true,"href":"https:\/\/www.participacionciudadana.org\/web\/wp-json\/wp\/v2\/categories?post=1852"},{"taxonomy":"post_tag","embeddable":true,"href":"https:\/\/www.participacionciudadana.org\/web\/wp-json\/wp\/v2\/tags?post=1852"}],"curies":[{"name":"wp","href":"https:\/\/api.w.org\/{rel}","templated":true}]}}