{"id":1862,"date":"2020-02-14T12:36:25","date_gmt":"2020-02-14T17:36:25","guid":{"rendered":"https:\/\/www.participacionciudadana.org\/web\/2020\/02\/14\/avances-postulacion-iniciativa-eiti\/"},"modified":"2020-02-14T12:36:25","modified_gmt":"2020-02-14T17:36:25","slug":"avances-postulacion-iniciativa-eiti","status":"publish","type":"post","link":"https:\/\/www.participacionciudadana.org\/web\/2020\/02\/14\/avances-postulacion-iniciativa-eiti\/","title":{"rendered":"Avances de la postulaci\u00f3n del pa\u00eds a la iniciativa EITI"},"content":{"rendered":"<div class=\"grey-message\">Los avances de la&nbsp;postulaci\u00f3n&nbsp;del pa\u00eds a la iniciativa EITI Ecuador<\/div>\n<p>&nbsp;<\/p>\n<p><strong>Ruth Hidalgo,&nbsp;<\/strong>Destaca que cerca de 50 naciones ya participan en esta experiencia de gobierno abierto y transparencia de las industrias extractivas.<\/p>\n<p>&nbsp;<\/p>\n<p><strong>Natalia Greene,&nbsp;<\/strong>Indica que los contratos hoy en d\u00eda siguen siendo a puerta cerrada y pone en contexto lo que pasa con las empresas chinas que se llevan las tierras de las concesiones mineras.<\/p>\n<p><img fetchpriority=\"high\" decoding=\"async\" class=\" size-full wp-image-1859\" alt=\"\" src=\"https:\/\/www.participacionciudadana.org\/web\/wp-content\/uploads\/2020\/02\/20200213Eiti-fcd.jpg\" width=\"1280\" height=\"720\" srcset=\"https:\/\/www.participacionciudadana.org\/web\/wp-content\/uploads\/2020\/02\/20200213Eiti-fcd.jpg 1280w, https:\/\/www.participacionciudadana.org\/web\/wp-content\/uploads\/2020\/02\/20200213Eiti-fcd-300x169.jpg 300w, https:\/\/www.participacionciudadana.org\/web\/wp-content\/uploads\/2020\/02\/20200213Eiti-fcd-1024x576.jpg 1024w, https:\/\/www.participacionciudadana.org\/web\/wp-content\/uploads\/2020\/02\/20200213Eiti-fcd-768x432.jpg 768w\" sizes=\"(max-width: 1280px) 100vw, 1280px\" \/><\/p>\n<p><strong>Ren\u00e9 Ortiz,&nbsp;<\/strong>El est\u00e1ndar eiti puede ser una gran herramienta para combatir la corrupci\u00f3n, nos ayudar\u00e1 para saber qu\u00e9 hace la industria extractiva. Destaca que la comunidad internacional es nuestro cobijo, nuestra ayuda.<\/p>\n<p><img decoding=\"async\" class=\" size-full wp-image-1860\" alt=\"\" src=\"https:\/\/www.participacionciudadana.org\/web\/wp-content\/uploads\/2020\/02\/20200213Eiti-fcd03.jpg\" width=\"1280\" height=\"720\" srcset=\"https:\/\/www.participacionciudadana.org\/web\/wp-content\/uploads\/2020\/02\/20200213Eiti-fcd03.jpg 1280w, https:\/\/www.participacionciudadana.org\/web\/wp-content\/uploads\/2020\/02\/20200213Eiti-fcd03-300x169.jpg 300w, https:\/\/www.participacionciudadana.org\/web\/wp-content\/uploads\/2020\/02\/20200213Eiti-fcd03-1024x576.jpg 1024w, https:\/\/www.participacionciudadana.org\/web\/wp-content\/uploads\/2020\/02\/20200213Eiti-fcd03-768x432.jpg 768w\" sizes=\"(max-width: 1280px) 100vw, 1280px\" \/><\/p>\n<p><strong>Juan Carlos Calder\u00f3n,&nbsp;<\/strong>Hay falta de continuidad en todo y en especial en las pol\u00edticas, somos un Estado fallido. La pelea es en la Asamblea Nacional para que no sea reservada la informaci\u00f3n.<\/p>\n<p><img decoding=\"async\" class=\" size-full wp-image-1861\" alt=\"\" src=\"https:\/\/www.participacionciudadana.org\/web\/wp-content\/uploads\/2020\/02\/20200213Eiti-fcd02.jpg\" width=\"1280\" height=\"720\" srcset=\"https:\/\/www.participacionciudadana.org\/web\/wp-content\/uploads\/2020\/02\/20200213Eiti-fcd02.jpg 1280w, https:\/\/www.participacionciudadana.org\/web\/wp-content\/uploads\/2020\/02\/20200213Eiti-fcd02-300x169.jpg 300w, https:\/\/www.participacionciudadana.org\/web\/wp-content\/uploads\/2020\/02\/20200213Eiti-fcd02-1024x576.jpg 1024w, https:\/\/www.participacionciudadana.org\/web\/wp-content\/uploads\/2020\/02\/20200213Eiti-fcd02-768x432.jpg 768w\" sizes=\"(max-width: 1280px) 100vw, 1280px\" \/><\/p>\n<p>&nbsp;<\/p>\n<p>&nbsp;<\/p>\n","protected":false},"excerpt":{"rendered":"<p>Los avances de la&nbsp;postulaci\u00f3n&nbsp;del pa\u00eds a la iniciativa EITI Ecuador &nbsp; Ruth Hidalgo,&nbsp;Destaca que cerca de 50 naciones ya participan en esta experiencia de gobierno abierto y transparencia de las industrias extractivas. &nbsp; Natalia Greene,&nbsp;Indica que los contratos hoy en d\u00eda siguen siendo a puerta cerrada y pone en contexto lo que pasa con las [&hellip;]<\/p>\n","protected":false},"author":1,"featured_media":1859,"comment_status":"open","ping_status":"open","sticky":false,"template":"","format":"standard","meta":{"site-sidebar-layout":"default","site-content-layout":"","ast-site-content-layout":"default","site-content-style":"default","site-sidebar-style":"default","ast-global-header-display":"","ast-banner-title-visibility":"","ast-main-header-display":"","ast-hfb-above-header-display":"","ast-hfb-below-header-display":"","ast-hfb-mobile-header-display":"","site-post-title":"","ast-breadcrumbs-content":"","ast-featured-img":"","footer-sml-layout":"","ast-disable-related-posts":"","theme-transparent-header-meta":"","adv-header-id-meta":"","stick-header-meta":"","header-above-stick-meta":"","header-main-stick-meta":"","header-below-stick-meta":"","astra-migrate-meta-layouts":"default","ast-page-background-enabled":"default","ast-page-background-meta":{"desktop":{"background-color":"","background-image":"","background-repeat":"repeat","background-position":"center center","background-size":"auto","background-attachment":"scroll","background-type":"","background-media":"","overlay-type":"","overlay-color":"","overlay-opacity":"","overlay-gradient":""},"tablet":{"background-color":"","background-image":"","background-repeat":"repeat","background-position":"center center","background-size":"auto","background-attachment":"scroll","background-type":"","background-media":"","overlay-type":"","overlay-color":"","overlay-opacity":"","overlay-gradient":""},"mobile":{"background-color":"","background-image":"","background-repeat":"repeat","background-position":"center center","background-size":"auto","background-attachment":"scroll","background-type":"","background-media":"","overlay-type":"","overlay-color":"","overlay-opacity":"","overlay-gradient":""}},"ast-content-background-meta":{"desktop":{"background-color":"var(--ast-global-color-5)","background-image":"","background-repeat":"repeat","background-position":"center center","background-size":"auto","background-attachment":"scroll","background-type":"","background-media":"","overlay-type":"","overlay-color":"","overlay-opacity":"","overlay-gradient":""},"tablet":{"background-color":"var(--ast-global-color-5)","background-image":"","background-repeat":"repeat","background-position":"center center","background-size":"auto","background-attachment":"scroll","background-type":"","background-media":"","overlay-type":"","overlay-color":"","overlay-opacity":"","overlay-gradient":""},"mobile":{"background-color":"var(--ast-global-color-5)","background-image":"","background-repeat":"repeat","background-position":"center center","background-size":"auto","background-attachment":"scroll","background-type":"","background-media":"","overlay-type":"","overlay-color":"","overlay-opacity":"","overlay-gradient":""}},"_joinchat":[],"footnotes":""},"categories":[27],"tags":[],"class_list":["post-1862","post","type-post","status-publish","format-standard","has-post-thumbnail","hentry","category-transparencia-fiscal"],"yoast_head":"<!-- This site is optimized with the Yoast SEO plugin v26.5 - https:\/\/yoast.com\/wordpress\/plugins\/seo\/ -->\n<title>Avances de la postulaci\u00f3n del pa\u00eds a la iniciativa EITI - Participaci\u00f3n Ciudadana<\/title>\n<meta name=\"robots\" content=\"index, follow, max-snippet:-1, max-image-preview:large, max-video-preview:-1\" \/>\n<link rel=\"canonical\" href=\"https:\/\/www.participacionciudadana.org\/web\/2020\/02\/14\/avances-postulacion-iniciativa-eiti\/\" \/>\n<meta property=\"og:locale\" content=\"es_ES\" \/>\n<meta property=\"og:type\" content=\"article\" \/>\n<meta property=\"og:title\" content=\"Avances de la postulaci\u00f3n del pa\u00eds a la iniciativa EITI - Participaci\u00f3n Ciudadana\" \/>\n<meta property=\"og:description\" content=\"Los avances de la&nbsp;postulaci\u00f3n&nbsp;del pa\u00eds a la iniciativa EITI Ecuador &nbsp; Ruth Hidalgo,&nbsp;Destaca que cerca de 50 naciones ya participan en esta experiencia de gobierno abierto y transparencia de las industrias extractivas. &nbsp; Natalia Greene,&nbsp;Indica que los contratos hoy en d\u00eda siguen siendo a puerta cerrada y pone en contexto lo que pasa con las [&hellip;]\" \/>\n<meta property=\"og:url\" content=\"https:\/\/www.participacionciudadana.org\/web\/2020\/02\/14\/avances-postulacion-iniciativa-eiti\/\" \/>\n<meta property=\"og:site_name\" content=\"Participaci\u00f3n Ciudadana\" \/>\n<meta property=\"article:publisher\" content=\"https:\/\/www.facebook.com\/ParticipacionPC\/\" \/>\n<meta property=\"article:published_time\" content=\"2020-02-14T17:36:25+00:00\" \/>\n<meta property=\"og:image\" content=\"https:\/\/www.participacionciudadana.org\/web\/wp-content\/uploads\/2020\/02\/20200213Eiti-fcd.jpg\" \/>\n\t<meta property=\"og:image:width\" content=\"1280\" \/>\n\t<meta property=\"og:image:height\" content=\"720\" \/>\n\t<meta property=\"og:image:type\" content=\"image\/jpeg\" \/>\n<meta name=\"author\" content=\"auzfabian\" \/>\n<meta name=\"twitter:card\" content=\"summary_large_image\" \/>\n<meta name=\"twitter:creator\" content=\"@ParticipacionPC\" \/>\n<meta name=\"twitter:site\" content=\"@ParticipacionPC\" \/>\n<meta name=\"twitter:label1\" content=\"Escrito por\" \/>\n\t<meta name=\"twitter:data1\" content=\"auzfabian\" \/>\n\t<meta name=\"twitter:label2\" content=\"Tiempo de lectura\" \/>\n\t<meta name=\"twitter:data2\" content=\"1 minuto\" \/>\n<script type=\"application\/ld+json\" class=\"yoast-schema-graph\">{\"@context\":\"https:\/\/schema.org\",\"@graph\":[{\"@type\":\"Article\",\"@id\":\"https:\/\/www.participacionciudadana.org\/web\/2020\/02\/14\/avances-postulacion-iniciativa-eiti\/#article\",\"isPartOf\":{\"@id\":\"https:\/\/www.participacionciudadana.org\/web\/2020\/02\/14\/avances-postulacion-iniciativa-eiti\/\"},\"author\":{\"name\":\"auzfabian\",\"@id\":\"https:\/\/www.participacionciudadana.org\/web\/#\/schema\/person\/67ded4b29f4c10d217a0e025340d23ea\"},\"headline\":\"Avances de la postulaci\u00f3n del pa\u00eds a la iniciativa EITI\",\"datePublished\":\"2020-02-14T17:36:25+00:00\",\"mainEntityOfPage\":{\"@id\":\"https:\/\/www.participacionciudadana.org\/web\/2020\/02\/14\/avances-postulacion-iniciativa-eiti\/\"},\"wordCount\":163,\"commentCount\":0,\"publisher\":{\"@id\":\"https:\/\/www.participacionciudadana.org\/web\/#organization\"},\"image\":{\"@id\":\"https:\/\/www.participacionciudadana.org\/web\/2020\/02\/14\/avances-postulacion-iniciativa-eiti\/#primaryimage\"},\"thumbnailUrl\":\"https:\/\/www.participacionciudadana.org\/web\/wp-content\/uploads\/2020\/02\/20200213Eiti-fcd.jpg\",\"articleSection\":[\"Transparencia fiscal\"],\"inLanguage\":\"es\",\"potentialAction\":[{\"@type\":\"CommentAction\",\"name\":\"Comment\",\"target\":[\"https:\/\/www.participacionciudadana.org\/web\/2020\/02\/14\/avances-postulacion-iniciativa-eiti\/#respond\"]}]},{\"@type\":\"WebPage\",\"@id\":\"https:\/\/www.participacionciudadana.org\/web\/2020\/02\/14\/avances-postulacion-iniciativa-eiti\/\",\"url\":\"https:\/\/www.participacionciudadana.org\/web\/2020\/02\/14\/avances-postulacion-iniciativa-eiti\/\",\"name\":\"Avances de la postulaci\u00f3n del pa\u00eds a la iniciativa EITI - Participaci\u00f3n Ciudadana\",\"isPartOf\":{\"@id\":\"https:\/\/www.participacionciudadana.org\/web\/#website\"},\"primaryImageOfPage\":{\"@id\":\"https:\/\/www.participacionciudadana.org\/web\/2020\/02\/14\/avances-postulacion-iniciativa-eiti\/#primaryimage\"},\"image\":{\"@id\":\"https:\/\/www.participacionciudadana.org\/web\/2020\/02\/14\/avances-postulacion-iniciativa-eiti\/#primaryimage\"},\"thumbnailUrl\":\"https:\/\/www.participacionciudadana.org\/web\/wp-content\/uploads\/2020\/02\/20200213Eiti-fcd.jpg\",\"datePublished\":\"2020-02-14T17:36:25+00:00\",\"breadcrumb\":{\"@id\":\"https:\/\/www.participacionciudadana.org\/web\/2020\/02\/14\/avances-postulacion-iniciativa-eiti\/#breadcrumb\"},\"inLanguage\":\"es\",\"potentialAction\":[{\"@type\":\"ReadAction\",\"target\":[\"https:\/\/www.participacionciudadana.org\/web\/2020\/02\/14\/avances-postulacion-iniciativa-eiti\/\"]}]},{\"@type\":\"ImageObject\",\"inLanguage\":\"es\",\"@id\":\"https:\/\/www.participacionciudadana.org\/web\/2020\/02\/14\/avances-postulacion-iniciativa-eiti\/#primaryimage\",\"url\":\"https:\/\/www.participacionciudadana.org\/web\/wp-content\/uploads\/2020\/02\/20200213Eiti-fcd.jpg\",\"contentUrl\":\"https:\/\/www.participacionciudadana.org\/web\/wp-content\/uploads\/2020\/02\/20200213Eiti-fcd.jpg\",\"width\":1280,\"height\":720},{\"@type\":\"BreadcrumbList\",\"@id\":\"https:\/\/www.participacionciudadana.org\/web\/2020\/02\/14\/avances-postulacion-iniciativa-eiti\/#breadcrumb\",\"itemListElement\":[{\"@type\":\"ListItem\",\"position\":1,\"name\":\"Portada\",\"item\":\"https:\/\/www.participacionciudadana.org\/web\/\"},{\"@type\":\"ListItem\",\"position\":2,\"name\":\"Avances de la postulaci\u00f3n del pa\u00eds a la iniciativa EITI\"}]},{\"@type\":\"WebSite\",\"@id\":\"https:\/\/www.participacionciudadana.org\/web\/#website\",\"url\":\"https:\/\/www.participacionciudadana.org\/web\/\",\"name\":\"Participaci\u00f3n Ciudadana\",\"description\":\"Comprometidos con la democracia\",\"publisher\":{\"@id\":\"https:\/\/www.participacionciudadana.org\/web\/#organization\"},\"potentialAction\":[{\"@type\":\"SearchAction\",\"target\":{\"@type\":\"EntryPoint\",\"urlTemplate\":\"https:\/\/www.participacionciudadana.org\/web\/?s={search_term_string}\"},\"query-input\":{\"@type\":\"PropertyValueSpecification\",\"valueRequired\":true,\"valueName\":\"search_term_string\"}}],\"inLanguage\":\"es\"},{\"@type\":\"Organization\",\"@id\":\"https:\/\/www.participacionciudadana.org\/web\/#organization\",\"name\":\"Participaci\u00f3n Ciudadana\",\"url\":\"https:\/\/www.participacionciudadana.org\/web\/\",\"logo\":{\"@type\":\"ImageObject\",\"inLanguage\":\"es\",\"@id\":\"https:\/\/www.participacionciudadana.org\/web\/#\/schema\/logo\/image\/\",\"url\":\"https:\/\/www.participacionciudadana.org\/web\/wp-content\/uploads\/2021\/11\/cropped-logo_pc-1.png\",\"contentUrl\":\"https:\/\/www.participacionciudadana.org\/web\/wp-content\/uploads\/2021\/11\/cropped-logo_pc-1.png\",\"width\":340,\"height\":114,\"caption\":\"Participaci\u00f3n Ciudadana\"},\"image\":{\"@id\":\"https:\/\/www.participacionciudadana.org\/web\/#\/schema\/logo\/image\/\"},\"sameAs\":[\"https:\/\/www.facebook.com\/ParticipacionPC\/\",\"https:\/\/x.com\/ParticipacionPC\"]},{\"@type\":\"Person\",\"@id\":\"https:\/\/www.participacionciudadana.org\/web\/#\/schema\/person\/67ded4b29f4c10d217a0e025340d23ea\",\"name\":\"auzfabian\",\"image\":{\"@type\":\"ImageObject\",\"inLanguage\":\"es\",\"@id\":\"https:\/\/www.participacionciudadana.org\/web\/#\/schema\/person\/image\/\",\"url\":\"https:\/\/secure.gravatar.com\/avatar\/b07eacb2fae81fba8818d35abde16f5d26c3e833d77fabbeeb8d53523e796bde?s=96&d=mm&r=g\",\"contentUrl\":\"https:\/\/secure.gravatar.com\/avatar\/b07eacb2fae81fba8818d35abde16f5d26c3e833d77fabbeeb8d53523e796bde?s=96&d=mm&r=g\",\"caption\":\"auzfabian\"},\"sameAs\":[\"https:\/\/www.participacionciudadana.org\/web\"],\"url\":\"https:\/\/www.participacionciudadana.org\/web\/author\/auzfabian\/\"}]}<\/script>\n<!-- \/ Yoast SEO plugin. -->","yoast_head_json":{"title":"Avances de la postulaci\u00f3n del pa\u00eds a la iniciativa EITI - Participaci\u00f3n Ciudadana","robots":{"index":"index","follow":"follow","max-snippet":"max-snippet:-1","max-image-preview":"max-image-preview:large","max-video-preview":"max-video-preview:-1"},"canonical":"https:\/\/www.participacionciudadana.org\/web\/2020\/02\/14\/avances-postulacion-iniciativa-eiti\/","og_locale":"es_ES","og_type":"article","og_title":"Avances de la postulaci\u00f3n del pa\u00eds a la iniciativa EITI - Participaci\u00f3n Ciudadana","og_description":"Los avances de la&nbsp;postulaci\u00f3n&nbsp;del pa\u00eds a la iniciativa EITI Ecuador &nbsp; Ruth Hidalgo,&nbsp;Destaca que cerca de 50 naciones ya participan en esta experiencia de gobierno abierto y transparencia de las industrias extractivas. &nbsp; Natalia Greene,&nbsp;Indica que los contratos hoy en d\u00eda siguen siendo a puerta cerrada y pone en contexto lo que pasa con las [&hellip;]","og_url":"https:\/\/www.participacionciudadana.org\/web\/2020\/02\/14\/avances-postulacion-iniciativa-eiti\/","og_site_name":"Participaci\u00f3n Ciudadana","article_publisher":"https:\/\/www.facebook.com\/ParticipacionPC\/","article_published_time":"2020-02-14T17:36:25+00:00","og_image":[{"width":1280,"height":720,"url":"https:\/\/www.participacionciudadana.org\/web\/wp-content\/uploads\/2020\/02\/20200213Eiti-fcd.jpg","type":"image\/jpeg"}],"author":"auzfabian","twitter_card":"summary_large_image","twitter_creator":"@ParticipacionPC","twitter_site":"@ParticipacionPC","twitter_misc":{"Escrito por":"auzfabian","Tiempo de lectura":"1 minuto"},"schema":{"@context":"https:\/\/schema.org","@graph":[{"@type":"Article","@id":"https:\/\/www.participacionciudadana.org\/web\/2020\/02\/14\/avances-postulacion-iniciativa-eiti\/#article","isPartOf":{"@id":"https:\/\/www.participacionciudadana.org\/web\/2020\/02\/14\/avances-postulacion-iniciativa-eiti\/"},"author":{"name":"auzfabian","@id":"https:\/\/www.participacionciudadana.org\/web\/#\/schema\/person\/67ded4b29f4c10d217a0e025340d23ea"},"headline":"Avances de la postulaci\u00f3n del pa\u00eds a la iniciativa EITI","datePublished":"2020-02-14T17:36:25+00:00","mainEntityOfPage":{"@id":"https:\/\/www.participacionciudadana.org\/web\/2020\/02\/14\/avances-postulacion-iniciativa-eiti\/"},"wordCount":163,"commentCount":0,"publisher":{"@id":"https:\/\/www.participacionciudadana.org\/web\/#organization"},"image":{"@id":"https:\/\/www.participacionciudadana.org\/web\/2020\/02\/14\/avances-postulacion-iniciativa-eiti\/#primaryimage"},"thumbnailUrl":"https:\/\/www.participacionciudadana.org\/web\/wp-content\/uploads\/2020\/02\/20200213Eiti-fcd.jpg","articleSection":["Transparencia fiscal"],"inLanguage":"es","potentialAction":[{"@type":"CommentAction","name":"Comment","target":["https:\/\/www.participacionciudadana.org\/web\/2020\/02\/14\/avances-postulacion-iniciativa-eiti\/#respond"]}]},{"@type":"WebPage","@id":"https:\/\/www.participacionciudadana.org\/web\/2020\/02\/14\/avances-postulacion-iniciativa-eiti\/","url":"https:\/\/www.participacionciudadana.org\/web\/2020\/02\/14\/avances-postulacion-iniciativa-eiti\/","name":"Avances de la postulaci\u00f3n del pa\u00eds a la iniciativa EITI - Participaci\u00f3n Ciudadana","isPartOf":{"@id":"https:\/\/www.participacionciudadana.org\/web\/#website"},"primaryImageOfPage":{"@id":"https:\/\/www.participacionciudadana.org\/web\/2020\/02\/14\/avances-postulacion-iniciativa-eiti\/#primaryimage"},"image":{"@id":"https:\/\/www.participacionciudadana.org\/web\/2020\/02\/14\/avances-postulacion-iniciativa-eiti\/#primaryimage"},"thumbnailUrl":"https:\/\/www.participacionciudadana.org\/web\/wp-content\/uploads\/2020\/02\/20200213Eiti-fcd.jpg","datePublished":"2020-02-14T17:36:25+00:00","breadcrumb":{"@id":"https:\/\/www.participacionciudadana.org\/web\/2020\/02\/14\/avances-postulacion-iniciativa-eiti\/#breadcrumb"},"inLanguage":"es","potentialAction":[{"@type":"ReadAction","target":["https:\/\/www.participacionciudadana.org\/web\/2020\/02\/14\/avances-postulacion-iniciativa-eiti\/"]}]},{"@type":"ImageObject","inLanguage":"es","@id":"https:\/\/www.participacionciudadana.org\/web\/2020\/02\/14\/avances-postulacion-iniciativa-eiti\/#primaryimage","url":"https:\/\/www.participacionciudadana.org\/web\/wp-content\/uploads\/2020\/02\/20200213Eiti-fcd.jpg","contentUrl":"https:\/\/www.participacionciudadana.org\/web\/wp-content\/uploads\/2020\/02\/20200213Eiti-fcd.jpg","width":1280,"height":720},{"@type":"BreadcrumbList","@id":"https:\/\/www.participacionciudadana.org\/web\/2020\/02\/14\/avances-postulacion-iniciativa-eiti\/#breadcrumb","itemListElement":[{"@type":"ListItem","position":1,"name":"Portada","item":"https:\/\/www.participacionciudadana.org\/web\/"},{"@type":"ListItem","position":2,"name":"Avances de la postulaci\u00f3n del pa\u00eds a la iniciativa EITI"}]},{"@type":"WebSite","@id":"https:\/\/www.participacionciudadana.org\/web\/#website","url":"https:\/\/www.participacionciudadana.org\/web\/","name":"Participaci\u00f3n Ciudadana","description":"Comprometidos con la democracia","publisher":{"@id":"https:\/\/www.participacionciudadana.org\/web\/#organization"},"potentialAction":[{"@type":"SearchAction","target":{"@type":"EntryPoint","urlTemplate":"https:\/\/www.participacionciudadana.org\/web\/?s={search_term_string}"},"query-input":{"@type":"PropertyValueSpecification","valueRequired":true,"valueName":"search_term_string"}}],"inLanguage":"es"},{"@type":"Organization","@id":"https:\/\/www.participacionciudadana.org\/web\/#organization","name":"Participaci\u00f3n Ciudadana","url":"https:\/\/www.participacionciudadana.org\/web\/","logo":{"@type":"ImageObject","inLanguage":"es","@id":"https:\/\/www.participacionciudadana.org\/web\/#\/schema\/logo\/image\/","url":"https:\/\/www.participacionciudadana.org\/web\/wp-content\/uploads\/2021\/11\/cropped-logo_pc-1.png","contentUrl":"https:\/\/www.participacionciudadana.org\/web\/wp-content\/uploads\/2021\/11\/cropped-logo_pc-1.png","width":340,"height":114,"caption":"Participaci\u00f3n Ciudadana"},"image":{"@id":"https:\/\/www.participacionciudadana.org\/web\/#\/schema\/logo\/image\/"},"sameAs":["https:\/\/www.facebook.com\/ParticipacionPC\/","https:\/\/x.com\/ParticipacionPC"]},{"@type":"Person","@id":"https:\/\/www.participacionciudadana.org\/web\/#\/schema\/person\/67ded4b29f4c10d217a0e025340d23ea","name":"auzfabian","image":{"@type":"ImageObject","inLanguage":"es","@id":"https:\/\/www.participacionciudadana.org\/web\/#\/schema\/person\/image\/","url":"https:\/\/secure.gravatar.com\/avatar\/b07eacb2fae81fba8818d35abde16f5d26c3e833d77fabbeeb8d53523e796bde?s=96&d=mm&r=g","contentUrl":"https:\/\/secure.gravatar.com\/avatar\/b07eacb2fae81fba8818d35abde16f5d26c3e833d77fabbeeb8d53523e796bde?s=96&d=mm&r=g","caption":"auzfabian"},"sameAs":["https:\/\/www.participacionciudadana.org\/web"],"url":"https:\/\/www.participacionciudadana.org\/web\/author\/auzfabian\/"}]}},"_links":{"self":[{"href":"https:\/\/www.participacionciudadana.org\/web\/wp-json\/wp\/v2\/posts\/1862","targetHints":{"allow":["GET"]}}],"collection":[{"href":"https:\/\/www.participacionciudadana.org\/web\/wp-json\/wp\/v2\/posts"}],"about":[{"href":"https:\/\/www.participacionciudadana.org\/web\/wp-json\/wp\/v2\/types\/post"}],"author":[{"embeddable":true,"href":"https:\/\/www.participacionciudadana.org\/web\/wp-json\/wp\/v2\/users\/1"}],"replies":[{"embeddable":true,"href":"https:\/\/www.participacionciudadana.org\/web\/wp-json\/wp\/v2\/comments?post=1862"}],"version-history":[{"count":0,"href":"https:\/\/www.participacionciudadana.org\/web\/wp-json\/wp\/v2\/posts\/1862\/revisions"}],"wp:featuredmedia":[{"embeddable":true,"href":"https:\/\/www.participacionciudadana.org\/web\/wp-json\/wp\/v2\/media\/1859"}],"wp:attachment":[{"href":"https:\/\/www.participacionciudadana.org\/web\/wp-json\/wp\/v2\/media?parent=1862"}],"wp:term":[{"taxonomy":"category","embeddable":true,"href":"https:\/\/www.participacionciudadana.org\/web\/wp-json\/wp\/v2\/categories?post=1862"},{"taxonomy":"post_tag","embeddable":true,"href":"https:\/\/www.participacionciudadana.org\/web\/wp-json\/wp\/v2\/tags?post=1862"}],"curies":[{"name":"wp","href":"https:\/\/api.w.org\/{rel}","templated":true}]}}