{"id":1958,"date":"2020-05-18T08:21:48","date_gmt":"2020-05-18T13:21:48","guid":{"rendered":"https:\/\/www.participacionciudadana.org\/web\/2020\/05\/18\/radio-america-impacto-covid-19-politica\/"},"modified":"2020-05-18T08:21:48","modified_gmt":"2020-05-18T13:21:48","slug":"radio-america-impacto-covid-19-politica","status":"publish","type":"post","link":"https:\/\/www.participacionciudadana.org\/web\/2020\/05\/18\/radio-america-impacto-covid-19-politica\/","title":{"rendered":"Radio Am\u00e9rica: Impacto del #Covid_19 en la pol\u00edtica"},"content":{"rendered":"<div class=\"red-message\">Entrevista: Impacto del #Covid_19 en la pol\u00edtica<\/div>\n<p>En Radio Am\u00e9rica:&nbsp;<\/p>\n<p><strong>Ruth Hidalgo<\/strong>, DIR. DE PC Y DECANA DE CIENCIAS POL\u00cdTICAS, UDLA.&nbsp;Parte de la g\u00e9nesis del descalabro econ\u00f3mico actual est\u00e1 en la indisciplina fiscal de la \u00faltima d\u00e9cada. Y se espera que la Ley de Ordenamiento de las Finanzas P\u00fablicas permita recuperar cierta disciplina.<\/p>\n<p>Un sistema de justicia prob\u00f3 desincentiva el accionar de redes corruptas enquistadas en el Estado. La impunidad,&nbsp;provoca un desapego a la institucionalidad democr\u00e1tica. El&nbsp;Lapop_Barometro de la Democracia&nbsp;dice por ejemplo que 25% de ecuatorianos justificar\u00eda pagar un soborno.<\/p>\n<p>&nbsp;<\/p>\n<div class=\"red-message\">Transmisi\u00f3n en vivo por Facebook LIVE:<\/div>\n<p>{facebook}https:\/\/www.facebook.com\/ParticipacionPC\/videos\/614710299146518{\/facebook}<\/p>\n<p>Link del medio,&nbsp;tiempo 1:36:20<\/p>\n<p>{facebook}https:\/\/www.facebook.com\/radioamericaestereo\/videos\/243709333403596{\/facebook}<\/p>\n","protected":false},"excerpt":{"rendered":"<p>Entrevista: Impacto del #Covid_19 en la pol\u00edtica En Radio Am\u00e9rica:&nbsp; Ruth Hidalgo, DIR. DE PC Y DECANA DE CIENCIAS POL\u00cdTICAS, UDLA.&nbsp;Parte de la g\u00e9nesis del descalabro econ\u00f3mico actual est\u00e1 en la indisciplina fiscal de la \u00faltima d\u00e9cada. Y se espera que la Ley de Ordenamiento de las Finanzas P\u00fablicas permita recuperar cierta disciplina. Un sistema [&hellip;]<\/p>\n","protected":false},"author":1,"featured_media":0,"comment_status":"open","ping_status":"open","sticky":false,"template":"","format":"standard","meta":{"site-sidebar-layout":"default","site-content-layout":"","ast-site-content-layout":"default","site-content-style":"default","site-sidebar-style":"default","ast-global-header-display":"","ast-banner-title-visibility":"","ast-main-header-display":"","ast-hfb-above-header-display":"","ast-hfb-below-header-display":"","ast-hfb-mobile-header-display":"","site-post-title":"","ast-breadcrumbs-content":"","ast-featured-img":"","footer-sml-layout":"","ast-disable-related-posts":"","theme-transparent-header-meta":"","adv-header-id-meta":"","stick-header-meta":"","header-above-stick-meta":"","header-main-stick-meta":"","header-below-stick-meta":"","astra-migrate-meta-layouts":"default","ast-page-background-enabled":"default","ast-page-background-meta":{"desktop":{"background-color":"","background-image":"","background-repeat":"repeat","background-position":"center center","background-size":"auto","background-attachment":"scroll","background-type":"","background-media":"","overlay-type":"","overlay-color":"","overlay-opacity":"","overlay-gradient":""},"tablet":{"background-color":"","background-image":"","background-repeat":"repeat","background-position":"center center","background-size":"auto","background-attachment":"scroll","background-type":"","background-media":"","overlay-type":"","overlay-color":"","overlay-opacity":"","overlay-gradient":""},"mobile":{"background-color":"","background-image":"","background-repeat":"repeat","background-position":"center center","background-size":"auto","background-attachment":"scroll","background-type":"","background-media":"","overlay-type":"","overlay-color":"","overlay-opacity":"","overlay-gradient":""}},"ast-content-background-meta":{"desktop":{"background-color":"var(--ast-global-color-5)","background-image":"","background-repeat":"repeat","background-position":"center center","background-size":"auto","background-attachment":"scroll","background-type":"","background-media":"","overlay-type":"","overlay-color":"","overlay-opacity":"","overlay-gradient":""},"tablet":{"background-color":"var(--ast-global-color-5)","background-image":"","background-repeat":"repeat","background-position":"center center","background-size":"auto","background-attachment":"scroll","background-type":"","background-media":"","overlay-type":"","overlay-color":"","overlay-opacity":"","overlay-gradient":""},"mobile":{"background-color":"var(--ast-global-color-5)","background-image":"","background-repeat":"repeat","background-position":"center center","background-size":"auto","background-attachment":"scroll","background-type":"","background-media":"","overlay-type":"","overlay-color":"","overlay-opacity":"","overlay-gradient":""}},"_joinchat":[],"footnotes":""},"categories":[17],"tags":[],"class_list":["post-1958","post","type-post","status-publish","format-standard","hentry","category-medios"],"yoast_head":"<!-- This site is optimized with the Yoast SEO plugin v26.5 - https:\/\/yoast.com\/wordpress\/plugins\/seo\/ -->\n<title>Radio Am\u00e9rica: Impacto del #Covid_19 en la pol\u00edtica - Participaci\u00f3n Ciudadana<\/title>\n<meta name=\"robots\" content=\"index, follow, max-snippet:-1, max-image-preview:large, max-video-preview:-1\" \/>\n<link rel=\"canonical\" href=\"https:\/\/www.participacionciudadana.org\/web\/2020\/05\/18\/radio-america-impacto-covid-19-politica\/\" \/>\n<meta property=\"og:locale\" content=\"es_ES\" \/>\n<meta property=\"og:type\" content=\"article\" \/>\n<meta property=\"og:title\" content=\"Radio Am\u00e9rica: Impacto del #Covid_19 en la pol\u00edtica - Participaci\u00f3n Ciudadana\" \/>\n<meta property=\"og:description\" content=\"Entrevista: Impacto del #Covid_19 en la pol\u00edtica En Radio Am\u00e9rica:&nbsp; Ruth Hidalgo, DIR. DE PC Y DECANA DE CIENCIAS POL\u00cdTICAS, UDLA.&nbsp;Parte de la g\u00e9nesis del descalabro econ\u00f3mico actual est\u00e1 en la indisciplina fiscal de la \u00faltima d\u00e9cada. Y se espera que la Ley de Ordenamiento de las Finanzas P\u00fablicas permita recuperar cierta disciplina. Un sistema [&hellip;]\" \/>\n<meta property=\"og:url\" content=\"https:\/\/www.participacionciudadana.org\/web\/2020\/05\/18\/radio-america-impacto-covid-19-politica\/\" \/>\n<meta property=\"og:site_name\" content=\"Participaci\u00f3n Ciudadana\" \/>\n<meta property=\"article:publisher\" content=\"https:\/\/www.facebook.com\/ParticipacionPC\/\" \/>\n<meta property=\"article:published_time\" content=\"2020-05-18T13:21:48+00:00\" \/>\n<meta name=\"author\" content=\"auzfabian\" \/>\n<meta name=\"twitter:card\" content=\"summary_large_image\" \/>\n<meta name=\"twitter:creator\" content=\"@ParticipacionPC\" \/>\n<meta name=\"twitter:site\" content=\"@ParticipacionPC\" \/>\n<meta name=\"twitter:label1\" content=\"Escrito por\" \/>\n\t<meta name=\"twitter:data1\" content=\"auzfabian\" \/>\n\t<meta name=\"twitter:label2\" content=\"Tiempo de lectura\" \/>\n\t<meta name=\"twitter:data2\" content=\"1 minuto\" \/>\n<script type=\"application\/ld+json\" class=\"yoast-schema-graph\">{\"@context\":\"https:\/\/schema.org\",\"@graph\":[{\"@type\":\"Article\",\"@id\":\"https:\/\/www.participacionciudadana.org\/web\/2020\/05\/18\/radio-america-impacto-covid-19-politica\/#article\",\"isPartOf\":{\"@id\":\"https:\/\/www.participacionciudadana.org\/web\/2020\/05\/18\/radio-america-impacto-covid-19-politica\/\"},\"author\":{\"name\":\"auzfabian\",\"@id\":\"https:\/\/www.participacionciudadana.org\/web\/#\/schema\/person\/67ded4b29f4c10d217a0e025340d23ea\"},\"headline\":\"Radio Am\u00e9rica: Impacto del #Covid_19 en la pol\u00edtica\",\"datePublished\":\"2020-05-18T13:21:48+00:00\",\"mainEntityOfPage\":{\"@id\":\"https:\/\/www.participacionciudadana.org\/web\/2020\/05\/18\/radio-america-impacto-covid-19-politica\/\"},\"wordCount\":147,\"commentCount\":0,\"publisher\":{\"@id\":\"https:\/\/www.participacionciudadana.org\/web\/#organization\"},\"articleSection\":[\"PC en los Medios\"],\"inLanguage\":\"es\",\"potentialAction\":[{\"@type\":\"CommentAction\",\"name\":\"Comment\",\"target\":[\"https:\/\/www.participacionciudadana.org\/web\/2020\/05\/18\/radio-america-impacto-covid-19-politica\/#respond\"]}]},{\"@type\":\"WebPage\",\"@id\":\"https:\/\/www.participacionciudadana.org\/web\/2020\/05\/18\/radio-america-impacto-covid-19-politica\/\",\"url\":\"https:\/\/www.participacionciudadana.org\/web\/2020\/05\/18\/radio-america-impacto-covid-19-politica\/\",\"name\":\"Radio Am\u00e9rica: Impacto del #Covid_19 en la pol\u00edtica - Participaci\u00f3n Ciudadana\",\"isPartOf\":{\"@id\":\"https:\/\/www.participacionciudadana.org\/web\/#website\"},\"datePublished\":\"2020-05-18T13:21:48+00:00\",\"breadcrumb\":{\"@id\":\"https:\/\/www.participacionciudadana.org\/web\/2020\/05\/18\/radio-america-impacto-covid-19-politica\/#breadcrumb\"},\"inLanguage\":\"es\",\"potentialAction\":[{\"@type\":\"ReadAction\",\"target\":[\"https:\/\/www.participacionciudadana.org\/web\/2020\/05\/18\/radio-america-impacto-covid-19-politica\/\"]}]},{\"@type\":\"BreadcrumbList\",\"@id\":\"https:\/\/www.participacionciudadana.org\/web\/2020\/05\/18\/radio-america-impacto-covid-19-politica\/#breadcrumb\",\"itemListElement\":[{\"@type\":\"ListItem\",\"position\":1,\"name\":\"Portada\",\"item\":\"https:\/\/www.participacionciudadana.org\/web\/\"},{\"@type\":\"ListItem\",\"position\":2,\"name\":\"Radio Am\u00e9rica: Impacto del #Covid_19 en la pol\u00edtica\"}]},{\"@type\":\"WebSite\",\"@id\":\"https:\/\/www.participacionciudadana.org\/web\/#website\",\"url\":\"https:\/\/www.participacionciudadana.org\/web\/\",\"name\":\"Participaci\u00f3n Ciudadana\",\"description\":\"Comprometidos con la democracia\",\"publisher\":{\"@id\":\"https:\/\/www.participacionciudadana.org\/web\/#organization\"},\"potentialAction\":[{\"@type\":\"SearchAction\",\"target\":{\"@type\":\"EntryPoint\",\"urlTemplate\":\"https:\/\/www.participacionciudadana.org\/web\/?s={search_term_string}\"},\"query-input\":{\"@type\":\"PropertyValueSpecification\",\"valueRequired\":true,\"valueName\":\"search_term_string\"}}],\"inLanguage\":\"es\"},{\"@type\":\"Organization\",\"@id\":\"https:\/\/www.participacionciudadana.org\/web\/#organization\",\"name\":\"Participaci\u00f3n Ciudadana\",\"url\":\"https:\/\/www.participacionciudadana.org\/web\/\",\"logo\":{\"@type\":\"ImageObject\",\"inLanguage\":\"es\",\"@id\":\"https:\/\/www.participacionciudadana.org\/web\/#\/schema\/logo\/image\/\",\"url\":\"https:\/\/www.participacionciudadana.org\/web\/wp-content\/uploads\/2021\/11\/cropped-logo_pc-1.png\",\"contentUrl\":\"https:\/\/www.participacionciudadana.org\/web\/wp-content\/uploads\/2021\/11\/cropped-logo_pc-1.png\",\"width\":340,\"height\":114,\"caption\":\"Participaci\u00f3n Ciudadana\"},\"image\":{\"@id\":\"https:\/\/www.participacionciudadana.org\/web\/#\/schema\/logo\/image\/\"},\"sameAs\":[\"https:\/\/www.facebook.com\/ParticipacionPC\/\",\"https:\/\/x.com\/ParticipacionPC\"]},{\"@type\":\"Person\",\"@id\":\"https:\/\/www.participacionciudadana.org\/web\/#\/schema\/person\/67ded4b29f4c10d217a0e025340d23ea\",\"name\":\"auzfabian\",\"image\":{\"@type\":\"ImageObject\",\"inLanguage\":\"es\",\"@id\":\"https:\/\/www.participacionciudadana.org\/web\/#\/schema\/person\/image\/\",\"url\":\"https:\/\/secure.gravatar.com\/avatar\/b07eacb2fae81fba8818d35abde16f5d26c3e833d77fabbeeb8d53523e796bde?s=96&d=mm&r=g\",\"contentUrl\":\"https:\/\/secure.gravatar.com\/avatar\/b07eacb2fae81fba8818d35abde16f5d26c3e833d77fabbeeb8d53523e796bde?s=96&d=mm&r=g\",\"caption\":\"auzfabian\"},\"sameAs\":[\"https:\/\/www.participacionciudadana.org\/web\"],\"url\":\"https:\/\/www.participacionciudadana.org\/web\/author\/auzfabian\/\"}]}<\/script>\n<!-- \/ Yoast SEO plugin. -->","yoast_head_json":{"title":"Radio Am\u00e9rica: Impacto del #Covid_19 en la pol\u00edtica - Participaci\u00f3n Ciudadana","robots":{"index":"index","follow":"follow","max-snippet":"max-snippet:-1","max-image-preview":"max-image-preview:large","max-video-preview":"max-video-preview:-1"},"canonical":"https:\/\/www.participacionciudadana.org\/web\/2020\/05\/18\/radio-america-impacto-covid-19-politica\/","og_locale":"es_ES","og_type":"article","og_title":"Radio Am\u00e9rica: Impacto del #Covid_19 en la pol\u00edtica - Participaci\u00f3n Ciudadana","og_description":"Entrevista: Impacto del #Covid_19 en la pol\u00edtica En Radio Am\u00e9rica:&nbsp; Ruth Hidalgo, DIR. DE PC Y DECANA DE CIENCIAS POL\u00cdTICAS, UDLA.&nbsp;Parte de la g\u00e9nesis del descalabro econ\u00f3mico actual est\u00e1 en la indisciplina fiscal de la \u00faltima d\u00e9cada. Y se espera que la Ley de Ordenamiento de las Finanzas P\u00fablicas permita recuperar cierta disciplina. Un sistema [&hellip;]","og_url":"https:\/\/www.participacionciudadana.org\/web\/2020\/05\/18\/radio-america-impacto-covid-19-politica\/","og_site_name":"Participaci\u00f3n Ciudadana","article_publisher":"https:\/\/www.facebook.com\/ParticipacionPC\/","article_published_time":"2020-05-18T13:21:48+00:00","author":"auzfabian","twitter_card":"summary_large_image","twitter_creator":"@ParticipacionPC","twitter_site":"@ParticipacionPC","twitter_misc":{"Escrito por":"auzfabian","Tiempo de lectura":"1 minuto"},"schema":{"@context":"https:\/\/schema.org","@graph":[{"@type":"Article","@id":"https:\/\/www.participacionciudadana.org\/web\/2020\/05\/18\/radio-america-impacto-covid-19-politica\/#article","isPartOf":{"@id":"https:\/\/www.participacionciudadana.org\/web\/2020\/05\/18\/radio-america-impacto-covid-19-politica\/"},"author":{"name":"auzfabian","@id":"https:\/\/www.participacionciudadana.org\/web\/#\/schema\/person\/67ded4b29f4c10d217a0e025340d23ea"},"headline":"Radio Am\u00e9rica: Impacto del #Covid_19 en la pol\u00edtica","datePublished":"2020-05-18T13:21:48+00:00","mainEntityOfPage":{"@id":"https:\/\/www.participacionciudadana.org\/web\/2020\/05\/18\/radio-america-impacto-covid-19-politica\/"},"wordCount":147,"commentCount":0,"publisher":{"@id":"https:\/\/www.participacionciudadana.org\/web\/#organization"},"articleSection":["PC en los Medios"],"inLanguage":"es","potentialAction":[{"@type":"CommentAction","name":"Comment","target":["https:\/\/www.participacionciudadana.org\/web\/2020\/05\/18\/radio-america-impacto-covid-19-politica\/#respond"]}]},{"@type":"WebPage","@id":"https:\/\/www.participacionciudadana.org\/web\/2020\/05\/18\/radio-america-impacto-covid-19-politica\/","url":"https:\/\/www.participacionciudadana.org\/web\/2020\/05\/18\/radio-america-impacto-covid-19-politica\/","name":"Radio Am\u00e9rica: Impacto del #Covid_19 en la pol\u00edtica - Participaci\u00f3n Ciudadana","isPartOf":{"@id":"https:\/\/www.participacionciudadana.org\/web\/#website"},"datePublished":"2020-05-18T13:21:48+00:00","breadcrumb":{"@id":"https:\/\/www.participacionciudadana.org\/web\/2020\/05\/18\/radio-america-impacto-covid-19-politica\/#breadcrumb"},"inLanguage":"es","potentialAction":[{"@type":"ReadAction","target":["https:\/\/www.participacionciudadana.org\/web\/2020\/05\/18\/radio-america-impacto-covid-19-politica\/"]}]},{"@type":"BreadcrumbList","@id":"https:\/\/www.participacionciudadana.org\/web\/2020\/05\/18\/radio-america-impacto-covid-19-politica\/#breadcrumb","itemListElement":[{"@type":"ListItem","position":1,"name":"Portada","item":"https:\/\/www.participacionciudadana.org\/web\/"},{"@type":"ListItem","position":2,"name":"Radio Am\u00e9rica: Impacto del #Covid_19 en la pol\u00edtica"}]},{"@type":"WebSite","@id":"https:\/\/www.participacionciudadana.org\/web\/#website","url":"https:\/\/www.participacionciudadana.org\/web\/","name":"Participaci\u00f3n Ciudadana","description":"Comprometidos con la democracia","publisher":{"@id":"https:\/\/www.participacionciudadana.org\/web\/#organization"},"potentialAction":[{"@type":"SearchAction","target":{"@type":"EntryPoint","urlTemplate":"https:\/\/www.participacionciudadana.org\/web\/?s={search_term_string}"},"query-input":{"@type":"PropertyValueSpecification","valueRequired":true,"valueName":"search_term_string"}}],"inLanguage":"es"},{"@type":"Organization","@id":"https:\/\/www.participacionciudadana.org\/web\/#organization","name":"Participaci\u00f3n Ciudadana","url":"https:\/\/www.participacionciudadana.org\/web\/","logo":{"@type":"ImageObject","inLanguage":"es","@id":"https:\/\/www.participacionciudadana.org\/web\/#\/schema\/logo\/image\/","url":"https:\/\/www.participacionciudadana.org\/web\/wp-content\/uploads\/2021\/11\/cropped-logo_pc-1.png","contentUrl":"https:\/\/www.participacionciudadana.org\/web\/wp-content\/uploads\/2021\/11\/cropped-logo_pc-1.png","width":340,"height":114,"caption":"Participaci\u00f3n Ciudadana"},"image":{"@id":"https:\/\/www.participacionciudadana.org\/web\/#\/schema\/logo\/image\/"},"sameAs":["https:\/\/www.facebook.com\/ParticipacionPC\/","https:\/\/x.com\/ParticipacionPC"]},{"@type":"Person","@id":"https:\/\/www.participacionciudadana.org\/web\/#\/schema\/person\/67ded4b29f4c10d217a0e025340d23ea","name":"auzfabian","image":{"@type":"ImageObject","inLanguage":"es","@id":"https:\/\/www.participacionciudadana.org\/web\/#\/schema\/person\/image\/","url":"https:\/\/secure.gravatar.com\/avatar\/b07eacb2fae81fba8818d35abde16f5d26c3e833d77fabbeeb8d53523e796bde?s=96&d=mm&r=g","contentUrl":"https:\/\/secure.gravatar.com\/avatar\/b07eacb2fae81fba8818d35abde16f5d26c3e833d77fabbeeb8d53523e796bde?s=96&d=mm&r=g","caption":"auzfabian"},"sameAs":["https:\/\/www.participacionciudadana.org\/web"],"url":"https:\/\/www.participacionciudadana.org\/web\/author\/auzfabian\/"}]}},"_links":{"self":[{"href":"https:\/\/www.participacionciudadana.org\/web\/wp-json\/wp\/v2\/posts\/1958","targetHints":{"allow":["GET"]}}],"collection":[{"href":"https:\/\/www.participacionciudadana.org\/web\/wp-json\/wp\/v2\/posts"}],"about":[{"href":"https:\/\/www.participacionciudadana.org\/web\/wp-json\/wp\/v2\/types\/post"}],"author":[{"embeddable":true,"href":"https:\/\/www.participacionciudadana.org\/web\/wp-json\/wp\/v2\/users\/1"}],"replies":[{"embeddable":true,"href":"https:\/\/www.participacionciudadana.org\/web\/wp-json\/wp\/v2\/comments?post=1958"}],"version-history":[{"count":0,"href":"https:\/\/www.participacionciudadana.org\/web\/wp-json\/wp\/v2\/posts\/1958\/revisions"}],"wp:attachment":[{"href":"https:\/\/www.participacionciudadana.org\/web\/wp-json\/wp\/v2\/media?parent=1958"}],"wp:term":[{"taxonomy":"category","embeddable":true,"href":"https:\/\/www.participacionciudadana.org\/web\/wp-json\/wp\/v2\/categories?post=1958"},{"taxonomy":"post_tag","embeddable":true,"href":"https:\/\/www.participacionciudadana.org\/web\/wp-json\/wp\/v2\/tags?post=1958"}],"curies":[{"name":"wp","href":"https:\/\/api.w.org\/{rel}","templated":true}]}}