{"id":1974,"date":"2020-06-01T12:11:12","date_gmt":"2020-06-01T17:11:12","guid":{"rendered":"https:\/\/www.participacionciudadana.org\/web\/2020\/06\/01\/crisis-economica-democracia-y-lideres\/"},"modified":"2022-01-06T16:57:20","modified_gmt":"2022-01-06T21:57:20","slug":"crisis-economica-democracia-y-lideres","status":"publish","type":"post","link":"https:\/\/www.participacionciudadana.org\/web\/2020\/06\/01\/crisis-economica-democracia-y-lideres\/","title":{"rendered":"J\u00f3venes liderando: crisis econ\u00f3mica, democracia y l\u00edderes"},"content":{"rendered":"<div class=\"orange-message\">\u00bfQu\u00e9 es lo que m\u00e1s preocupa a los j\u00f3venes en esta coyuntura?<\/div>\n<p>&nbsp;<\/p>\n<p>Los hiperliderazgos pueden ser positivos o negativos, dependiendo de las caracter\u00edsticas del l\u00edder<\/p>\n<p>Sin duda, la crisis de respeto a los DD.HH. y los niveles de confianza en el sistema democr\u00e1tico.<br \/>\nAs\u00ed se expresaron los participantes de nuestro programa #J\u00f3venesLiderando.<\/p>\n<p>Link de la infograf\u00eda: <a data-link-type=\"custom\" href=\"https:\/\/www.participacionciudadana.org\/web\/wp-content\/uploads\/2020\/06\/20200601-hiperliderzgo.pdf\" target=\"_self\" title=\"https:\/\/www.participacionciudadana.org\/papers\/20200601-hiperliderzgo.pdf\" rel=\"noopener\">? AQU\u00cd<\/a><\/p>\n<p>Agradecemos a Counterpart International por su apoyo a esta iniciativa.<\/p>\n<p>&nbsp;<\/p>\n","protected":false},"excerpt":{"rendered":"<p>\u00bfQu\u00e9 es lo que m\u00e1s preocupa a los j\u00f3venes en esta coyuntura? &nbsp; Los hiperliderazgos pueden ser positivos o negativos, dependiendo de las caracter\u00edsticas del l\u00edder Sin duda, la crisis de respeto a los DD.HH. y los niveles de confianza en el sistema democr\u00e1tico. As\u00ed se expresaron los participantes de nuestro programa #J\u00f3venesLiderando. Link de [&hellip;]<\/p>\n","protected":false},"author":1,"featured_media":2614,"comment_status":"open","ping_status":"open","sticky":false,"template":"","format":"standard","meta":{"site-sidebar-layout":"default","site-content-layout":"","ast-site-content-layout":"default","site-content-style":"default","site-sidebar-style":"default","ast-global-header-display":"","ast-banner-title-visibility":"","ast-main-header-display":"","ast-hfb-above-header-display":"","ast-hfb-below-header-display":"","ast-hfb-mobile-header-display":"","site-post-title":"","ast-breadcrumbs-content":"","ast-featured-img":"","footer-sml-layout":"","ast-disable-related-posts":"","theme-transparent-header-meta":"","adv-header-id-meta":"","stick-header-meta":"","header-above-stick-meta":"","header-main-stick-meta":"","header-below-stick-meta":"","astra-migrate-meta-layouts":"default","ast-page-background-enabled":"default","ast-page-background-meta":{"desktop":{"background-color":"","background-image":"","background-repeat":"repeat","background-position":"center center","background-size":"auto","background-attachment":"scroll","background-type":"","background-media":"","overlay-type":"","overlay-color":"","overlay-opacity":"","overlay-gradient":""},"tablet":{"background-color":"","background-image":"","background-repeat":"repeat","background-position":"center center","background-size":"auto","background-attachment":"scroll","background-type":"","background-media":"","overlay-type":"","overlay-color":"","overlay-opacity":"","overlay-gradient":""},"mobile":{"background-color":"","background-image":"","background-repeat":"repeat","background-position":"center center","background-size":"auto","background-attachment":"scroll","background-type":"","background-media":"","overlay-type":"","overlay-color":"","overlay-opacity":"","overlay-gradient":""}},"ast-content-background-meta":{"desktop":{"background-color":"var(--ast-global-color-5)","background-image":"","background-repeat":"repeat","background-position":"center center","background-size":"auto","background-attachment":"scroll","background-type":"","background-media":"","overlay-type":"","overlay-color":"","overlay-opacity":"","overlay-gradient":""},"tablet":{"background-color":"var(--ast-global-color-5)","background-image":"","background-repeat":"repeat","background-position":"center center","background-size":"auto","background-attachment":"scroll","background-type":"","background-media":"","overlay-type":"","overlay-color":"","overlay-opacity":"","overlay-gradient":""},"mobile":{"background-color":"var(--ast-global-color-5)","background-image":"","background-repeat":"repeat","background-position":"center center","background-size":"auto","background-attachment":"scroll","background-type":"","background-media":"","overlay-type":"","overlay-color":"","overlay-opacity":"","overlay-gradient":""}},"_joinchat":[],"footnotes":""},"categories":[20],"tags":[],"class_list":["post-1974","post","type-post","status-publish","format-standard","has-post-thumbnail","hentry","category-jovenes-liderando"],"yoast_head":"<!-- This site is optimized with the Yoast SEO plugin v26.5 - https:\/\/yoast.com\/wordpress\/plugins\/seo\/ -->\n<title>J\u00f3venes liderando: crisis econ\u00f3mica, democracia y l\u00edderes - Participaci\u00f3n Ciudadana<\/title>\n<meta name=\"robots\" content=\"index, follow, max-snippet:-1, max-image-preview:large, max-video-preview:-1\" \/>\n<link rel=\"canonical\" href=\"https:\/\/www.participacionciudadana.org\/web\/2020\/06\/01\/crisis-economica-democracia-y-lideres\/\" \/>\n<meta property=\"og:locale\" content=\"es_ES\" \/>\n<meta property=\"og:type\" content=\"article\" \/>\n<meta property=\"og:title\" content=\"J\u00f3venes liderando: crisis econ\u00f3mica, democracia y l\u00edderes - Participaci\u00f3n Ciudadana\" \/>\n<meta property=\"og:description\" content=\"\u00bfQu\u00e9 es lo que m\u00e1s preocupa a los j\u00f3venes en esta coyuntura? &nbsp; Los hiperliderazgos pueden ser positivos o negativos, dependiendo de las caracter\u00edsticas del l\u00edder Sin duda, la crisis de respeto a los DD.HH. y los niveles de confianza en el sistema democr\u00e1tico. As\u00ed se expresaron los participantes de nuestro programa #J\u00f3venesLiderando. Link de [&hellip;]\" \/>\n<meta property=\"og:url\" content=\"https:\/\/www.participacionciudadana.org\/web\/2020\/06\/01\/crisis-economica-democracia-y-lideres\/\" \/>\n<meta property=\"og:site_name\" content=\"Participaci\u00f3n Ciudadana\" \/>\n<meta property=\"article:publisher\" content=\"https:\/\/www.facebook.com\/ParticipacionPC\/\" \/>\n<meta property=\"article:published_time\" content=\"2020-06-01T17:11:12+00:00\" \/>\n<meta property=\"article:modified_time\" content=\"2022-01-06T21:57:20+00:00\" \/>\n<meta property=\"og:image\" content=\"https:\/\/www.participacionciudadana.org\/web\/wp-content\/uploads\/2021\/11\/CrisisEconomica.png\" \/>\n\t<meta property=\"og:image:width\" content=\"399\" \/>\n\t<meta property=\"og:image:height\" content=\"224\" \/>\n\t<meta property=\"og:image:type\" content=\"image\/png\" \/>\n<meta name=\"author\" content=\"auzfabian\" \/>\n<meta name=\"twitter:card\" content=\"summary_large_image\" \/>\n<meta name=\"twitter:creator\" content=\"@ParticipacionPC\" \/>\n<meta name=\"twitter:site\" content=\"@ParticipacionPC\" \/>\n<meta name=\"twitter:label1\" content=\"Escrito por\" \/>\n\t<meta name=\"twitter:data1\" content=\"auzfabian\" \/>\n<script type=\"application\/ld+json\" class=\"yoast-schema-graph\">{\"@context\":\"https:\/\/schema.org\",\"@graph\":[{\"@type\":\"Article\",\"@id\":\"https:\/\/www.participacionciudadana.org\/web\/2020\/06\/01\/crisis-economica-democracia-y-lideres\/#article\",\"isPartOf\":{\"@id\":\"https:\/\/www.participacionciudadana.org\/web\/2020\/06\/01\/crisis-economica-democracia-y-lideres\/\"},\"author\":{\"name\":\"auzfabian\",\"@id\":\"https:\/\/www.participacionciudadana.org\/web\/#\/schema\/person\/67ded4b29f4c10d217a0e025340d23ea\"},\"headline\":\"J\u00f3venes liderando: crisis econ\u00f3mica, democracia y l\u00edderes\",\"datePublished\":\"2020-06-01T17:11:12+00:00\",\"dateModified\":\"2022-01-06T21:57:20+00:00\",\"mainEntityOfPage\":{\"@id\":\"https:\/\/www.participacionciudadana.org\/web\/2020\/06\/01\/crisis-economica-democracia-y-lideres\/\"},\"wordCount\":87,\"commentCount\":0,\"publisher\":{\"@id\":\"https:\/\/www.participacionciudadana.org\/web\/#organization\"},\"image\":{\"@id\":\"https:\/\/www.participacionciudadana.org\/web\/2020\/06\/01\/crisis-economica-democracia-y-lideres\/#primaryimage\"},\"thumbnailUrl\":\"https:\/\/www.participacionciudadana.org\/web\/wp-content\/uploads\/2021\/11\/CrisisEconomica.png\",\"articleSection\":[\"J\u00f3venes Liderando\"],\"inLanguage\":\"es\",\"potentialAction\":[{\"@type\":\"CommentAction\",\"name\":\"Comment\",\"target\":[\"https:\/\/www.participacionciudadana.org\/web\/2020\/06\/01\/crisis-economica-democracia-y-lideres\/#respond\"]}]},{\"@type\":\"WebPage\",\"@id\":\"https:\/\/www.participacionciudadana.org\/web\/2020\/06\/01\/crisis-economica-democracia-y-lideres\/\",\"url\":\"https:\/\/www.participacionciudadana.org\/web\/2020\/06\/01\/crisis-economica-democracia-y-lideres\/\",\"name\":\"J\u00f3venes liderando: crisis econ\u00f3mica, democracia y l\u00edderes - Participaci\u00f3n Ciudadana\",\"isPartOf\":{\"@id\":\"https:\/\/www.participacionciudadana.org\/web\/#website\"},\"primaryImageOfPage\":{\"@id\":\"https:\/\/www.participacionciudadana.org\/web\/2020\/06\/01\/crisis-economica-democracia-y-lideres\/#primaryimage\"},\"image\":{\"@id\":\"https:\/\/www.participacionciudadana.org\/web\/2020\/06\/01\/crisis-economica-democracia-y-lideres\/#primaryimage\"},\"thumbnailUrl\":\"https:\/\/www.participacionciudadana.org\/web\/wp-content\/uploads\/2021\/11\/CrisisEconomica.png\",\"datePublished\":\"2020-06-01T17:11:12+00:00\",\"dateModified\":\"2022-01-06T21:57:20+00:00\",\"breadcrumb\":{\"@id\":\"https:\/\/www.participacionciudadana.org\/web\/2020\/06\/01\/crisis-economica-democracia-y-lideres\/#breadcrumb\"},\"inLanguage\":\"es\",\"potentialAction\":[{\"@type\":\"ReadAction\",\"target\":[\"https:\/\/www.participacionciudadana.org\/web\/2020\/06\/01\/crisis-economica-democracia-y-lideres\/\"]}]},{\"@type\":\"ImageObject\",\"inLanguage\":\"es\",\"@id\":\"https:\/\/www.participacionciudadana.org\/web\/2020\/06\/01\/crisis-economica-democracia-y-lideres\/#primaryimage\",\"url\":\"https:\/\/www.participacionciudadana.org\/web\/wp-content\/uploads\/2021\/11\/CrisisEconomica.png\",\"contentUrl\":\"https:\/\/www.participacionciudadana.org\/web\/wp-content\/uploads\/2021\/11\/CrisisEconomica.png\",\"width\":399,\"height\":224},{\"@type\":\"BreadcrumbList\",\"@id\":\"https:\/\/www.participacionciudadana.org\/web\/2020\/06\/01\/crisis-economica-democracia-y-lideres\/#breadcrumb\",\"itemListElement\":[{\"@type\":\"ListItem\",\"position\":1,\"name\":\"Portada\",\"item\":\"https:\/\/www.participacionciudadana.org\/web\/\"},{\"@type\":\"ListItem\",\"position\":2,\"name\":\"J\u00f3venes liderando: crisis econ\u00f3mica, democracia y l\u00edderes\"}]},{\"@type\":\"WebSite\",\"@id\":\"https:\/\/www.participacionciudadana.org\/web\/#website\",\"url\":\"https:\/\/www.participacionciudadana.org\/web\/\",\"name\":\"Participaci\u00f3n Ciudadana\",\"description\":\"Comprometidos con la democracia\",\"publisher\":{\"@id\":\"https:\/\/www.participacionciudadana.org\/web\/#organization\"},\"potentialAction\":[{\"@type\":\"SearchAction\",\"target\":{\"@type\":\"EntryPoint\",\"urlTemplate\":\"https:\/\/www.participacionciudadana.org\/web\/?s={search_term_string}\"},\"query-input\":{\"@type\":\"PropertyValueSpecification\",\"valueRequired\":true,\"valueName\":\"search_term_string\"}}],\"inLanguage\":\"es\"},{\"@type\":\"Organization\",\"@id\":\"https:\/\/www.participacionciudadana.org\/web\/#organization\",\"name\":\"Participaci\u00f3n Ciudadana\",\"url\":\"https:\/\/www.participacionciudadana.org\/web\/\",\"logo\":{\"@type\":\"ImageObject\",\"inLanguage\":\"es\",\"@id\":\"https:\/\/www.participacionciudadana.org\/web\/#\/schema\/logo\/image\/\",\"url\":\"https:\/\/www.participacionciudadana.org\/web\/wp-content\/uploads\/2021\/11\/cropped-logo_pc-1.png\",\"contentUrl\":\"https:\/\/www.participacionciudadana.org\/web\/wp-content\/uploads\/2021\/11\/cropped-logo_pc-1.png\",\"width\":340,\"height\":114,\"caption\":\"Participaci\u00f3n Ciudadana\"},\"image\":{\"@id\":\"https:\/\/www.participacionciudadana.org\/web\/#\/schema\/logo\/image\/\"},\"sameAs\":[\"https:\/\/www.facebook.com\/ParticipacionPC\/\",\"https:\/\/x.com\/ParticipacionPC\"]},{\"@type\":\"Person\",\"@id\":\"https:\/\/www.participacionciudadana.org\/web\/#\/schema\/person\/67ded4b29f4c10d217a0e025340d23ea\",\"name\":\"auzfabian\",\"image\":{\"@type\":\"ImageObject\",\"inLanguage\":\"es\",\"@id\":\"https:\/\/www.participacionciudadana.org\/web\/#\/schema\/person\/image\/\",\"url\":\"https:\/\/secure.gravatar.com\/avatar\/b07eacb2fae81fba8818d35abde16f5d26c3e833d77fabbeeb8d53523e796bde?s=96&d=mm&r=g\",\"contentUrl\":\"https:\/\/secure.gravatar.com\/avatar\/b07eacb2fae81fba8818d35abde16f5d26c3e833d77fabbeeb8d53523e796bde?s=96&d=mm&r=g\",\"caption\":\"auzfabian\"},\"sameAs\":[\"https:\/\/www.participacionciudadana.org\/web\"],\"url\":\"https:\/\/www.participacionciudadana.org\/web\/author\/auzfabian\/\"}]}<\/script>\n<!-- \/ Yoast SEO plugin. -->","yoast_head_json":{"title":"J\u00f3venes liderando: crisis econ\u00f3mica, democracia y l\u00edderes - Participaci\u00f3n Ciudadana","robots":{"index":"index","follow":"follow","max-snippet":"max-snippet:-1","max-image-preview":"max-image-preview:large","max-video-preview":"max-video-preview:-1"},"canonical":"https:\/\/www.participacionciudadana.org\/web\/2020\/06\/01\/crisis-economica-democracia-y-lideres\/","og_locale":"es_ES","og_type":"article","og_title":"J\u00f3venes liderando: crisis econ\u00f3mica, democracia y l\u00edderes - Participaci\u00f3n Ciudadana","og_description":"\u00bfQu\u00e9 es lo que m\u00e1s preocupa a los j\u00f3venes en esta coyuntura? &nbsp; Los hiperliderazgos pueden ser positivos o negativos, dependiendo de las caracter\u00edsticas del l\u00edder Sin duda, la crisis de respeto a los DD.HH. y los niveles de confianza en el sistema democr\u00e1tico. As\u00ed se expresaron los participantes de nuestro programa #J\u00f3venesLiderando. Link de [&hellip;]","og_url":"https:\/\/www.participacionciudadana.org\/web\/2020\/06\/01\/crisis-economica-democracia-y-lideres\/","og_site_name":"Participaci\u00f3n Ciudadana","article_publisher":"https:\/\/www.facebook.com\/ParticipacionPC\/","article_published_time":"2020-06-01T17:11:12+00:00","article_modified_time":"2022-01-06T21:57:20+00:00","og_image":[{"width":399,"height":224,"url":"https:\/\/www.participacionciudadana.org\/web\/wp-content\/uploads\/2021\/11\/CrisisEconomica.png","type":"image\/png"}],"author":"auzfabian","twitter_card":"summary_large_image","twitter_creator":"@ParticipacionPC","twitter_site":"@ParticipacionPC","twitter_misc":{"Escrito por":"auzfabian"},"schema":{"@context":"https:\/\/schema.org","@graph":[{"@type":"Article","@id":"https:\/\/www.participacionciudadana.org\/web\/2020\/06\/01\/crisis-economica-democracia-y-lideres\/#article","isPartOf":{"@id":"https:\/\/www.participacionciudadana.org\/web\/2020\/06\/01\/crisis-economica-democracia-y-lideres\/"},"author":{"name":"auzfabian","@id":"https:\/\/www.participacionciudadana.org\/web\/#\/schema\/person\/67ded4b29f4c10d217a0e025340d23ea"},"headline":"J\u00f3venes liderando: crisis econ\u00f3mica, democracia y l\u00edderes","datePublished":"2020-06-01T17:11:12+00:00","dateModified":"2022-01-06T21:57:20+00:00","mainEntityOfPage":{"@id":"https:\/\/www.participacionciudadana.org\/web\/2020\/06\/01\/crisis-economica-democracia-y-lideres\/"},"wordCount":87,"commentCount":0,"publisher":{"@id":"https:\/\/www.participacionciudadana.org\/web\/#organization"},"image":{"@id":"https:\/\/www.participacionciudadana.org\/web\/2020\/06\/01\/crisis-economica-democracia-y-lideres\/#primaryimage"},"thumbnailUrl":"https:\/\/www.participacionciudadana.org\/web\/wp-content\/uploads\/2021\/11\/CrisisEconomica.png","articleSection":["J\u00f3venes Liderando"],"inLanguage":"es","potentialAction":[{"@type":"CommentAction","name":"Comment","target":["https:\/\/www.participacionciudadana.org\/web\/2020\/06\/01\/crisis-economica-democracia-y-lideres\/#respond"]}]},{"@type":"WebPage","@id":"https:\/\/www.participacionciudadana.org\/web\/2020\/06\/01\/crisis-economica-democracia-y-lideres\/","url":"https:\/\/www.participacionciudadana.org\/web\/2020\/06\/01\/crisis-economica-democracia-y-lideres\/","name":"J\u00f3venes liderando: crisis econ\u00f3mica, democracia y l\u00edderes - Participaci\u00f3n Ciudadana","isPartOf":{"@id":"https:\/\/www.participacionciudadana.org\/web\/#website"},"primaryImageOfPage":{"@id":"https:\/\/www.participacionciudadana.org\/web\/2020\/06\/01\/crisis-economica-democracia-y-lideres\/#primaryimage"},"image":{"@id":"https:\/\/www.participacionciudadana.org\/web\/2020\/06\/01\/crisis-economica-democracia-y-lideres\/#primaryimage"},"thumbnailUrl":"https:\/\/www.participacionciudadana.org\/web\/wp-content\/uploads\/2021\/11\/CrisisEconomica.png","datePublished":"2020-06-01T17:11:12+00:00","dateModified":"2022-01-06T21:57:20+00:00","breadcrumb":{"@id":"https:\/\/www.participacionciudadana.org\/web\/2020\/06\/01\/crisis-economica-democracia-y-lideres\/#breadcrumb"},"inLanguage":"es","potentialAction":[{"@type":"ReadAction","target":["https:\/\/www.participacionciudadana.org\/web\/2020\/06\/01\/crisis-economica-democracia-y-lideres\/"]}]},{"@type":"ImageObject","inLanguage":"es","@id":"https:\/\/www.participacionciudadana.org\/web\/2020\/06\/01\/crisis-economica-democracia-y-lideres\/#primaryimage","url":"https:\/\/www.participacionciudadana.org\/web\/wp-content\/uploads\/2021\/11\/CrisisEconomica.png","contentUrl":"https:\/\/www.participacionciudadana.org\/web\/wp-content\/uploads\/2021\/11\/CrisisEconomica.png","width":399,"height":224},{"@type":"BreadcrumbList","@id":"https:\/\/www.participacionciudadana.org\/web\/2020\/06\/01\/crisis-economica-democracia-y-lideres\/#breadcrumb","itemListElement":[{"@type":"ListItem","position":1,"name":"Portada","item":"https:\/\/www.participacionciudadana.org\/web\/"},{"@type":"ListItem","position":2,"name":"J\u00f3venes liderando: crisis econ\u00f3mica, democracia y l\u00edderes"}]},{"@type":"WebSite","@id":"https:\/\/www.participacionciudadana.org\/web\/#website","url":"https:\/\/www.participacionciudadana.org\/web\/","name":"Participaci\u00f3n Ciudadana","description":"Comprometidos con la democracia","publisher":{"@id":"https:\/\/www.participacionciudadana.org\/web\/#organization"},"potentialAction":[{"@type":"SearchAction","target":{"@type":"EntryPoint","urlTemplate":"https:\/\/www.participacionciudadana.org\/web\/?s={search_term_string}"},"query-input":{"@type":"PropertyValueSpecification","valueRequired":true,"valueName":"search_term_string"}}],"inLanguage":"es"},{"@type":"Organization","@id":"https:\/\/www.participacionciudadana.org\/web\/#organization","name":"Participaci\u00f3n Ciudadana","url":"https:\/\/www.participacionciudadana.org\/web\/","logo":{"@type":"ImageObject","inLanguage":"es","@id":"https:\/\/www.participacionciudadana.org\/web\/#\/schema\/logo\/image\/","url":"https:\/\/www.participacionciudadana.org\/web\/wp-content\/uploads\/2021\/11\/cropped-logo_pc-1.png","contentUrl":"https:\/\/www.participacionciudadana.org\/web\/wp-content\/uploads\/2021\/11\/cropped-logo_pc-1.png","width":340,"height":114,"caption":"Participaci\u00f3n Ciudadana"},"image":{"@id":"https:\/\/www.participacionciudadana.org\/web\/#\/schema\/logo\/image\/"},"sameAs":["https:\/\/www.facebook.com\/ParticipacionPC\/","https:\/\/x.com\/ParticipacionPC"]},{"@type":"Person","@id":"https:\/\/www.participacionciudadana.org\/web\/#\/schema\/person\/67ded4b29f4c10d217a0e025340d23ea","name":"auzfabian","image":{"@type":"ImageObject","inLanguage":"es","@id":"https:\/\/www.participacionciudadana.org\/web\/#\/schema\/person\/image\/","url":"https:\/\/secure.gravatar.com\/avatar\/b07eacb2fae81fba8818d35abde16f5d26c3e833d77fabbeeb8d53523e796bde?s=96&d=mm&r=g","contentUrl":"https:\/\/secure.gravatar.com\/avatar\/b07eacb2fae81fba8818d35abde16f5d26c3e833d77fabbeeb8d53523e796bde?s=96&d=mm&r=g","caption":"auzfabian"},"sameAs":["https:\/\/www.participacionciudadana.org\/web"],"url":"https:\/\/www.participacionciudadana.org\/web\/author\/auzfabian\/"}]}},"_links":{"self":[{"href":"https:\/\/www.participacionciudadana.org\/web\/wp-json\/wp\/v2\/posts\/1974","targetHints":{"allow":["GET"]}}],"collection":[{"href":"https:\/\/www.participacionciudadana.org\/web\/wp-json\/wp\/v2\/posts"}],"about":[{"href":"https:\/\/www.participacionciudadana.org\/web\/wp-json\/wp\/v2\/types\/post"}],"author":[{"embeddable":true,"href":"https:\/\/www.participacionciudadana.org\/web\/wp-json\/wp\/v2\/users\/1"}],"replies":[{"embeddable":true,"href":"https:\/\/www.participacionciudadana.org\/web\/wp-json\/wp\/v2\/comments?post=1974"}],"version-history":[{"count":0,"href":"https:\/\/www.participacionciudadana.org\/web\/wp-json\/wp\/v2\/posts\/1974\/revisions"}],"wp:featuredmedia":[{"embeddable":true,"href":"https:\/\/www.participacionciudadana.org\/web\/wp-json\/wp\/v2\/media\/2614"}],"wp:attachment":[{"href":"https:\/\/www.participacionciudadana.org\/web\/wp-json\/wp\/v2\/media?parent=1974"}],"wp:term":[{"taxonomy":"category","embeddable":true,"href":"https:\/\/www.participacionciudadana.org\/web\/wp-json\/wp\/v2\/categories?post=1974"},{"taxonomy":"post_tag","embeddable":true,"href":"https:\/\/www.participacionciudadana.org\/web\/wp-json\/wp\/v2\/tags?post=1974"}],"curies":[{"name":"wp","href":"https:\/\/api.w.org\/{rel}","templated":true}]}}