{"id":1975,"date":"2020-06-02T16:45:16","date_gmt":"2020-06-02T21:45:16","guid":{"rendered":"https:\/\/www.participacionciudadana.org\/web\/2020\/06\/02\/violencia-politica-recrudece-durante-el-confinamiento\/"},"modified":"2022-01-06T00:26:17","modified_gmt":"2022-01-06T05:26:17","slug":"violencia-politica-recrudece-durante-el-confinamiento","status":"publish","type":"post","link":"https:\/\/www.participacionciudadana.org\/web\/2020\/06\/02\/violencia-politica-recrudece-durante-el-confinamiento\/","title":{"rendered":"Bolet\u00edn: La violencia pol\u00edtica recrudece durante el confinamiento"},"content":{"rendered":"<div class=\"blue-message\">Quito, 02 de junio de 2020<br \/>\nBOLET\u00cdN DE PRENSA N\u00b0 453<\/div>\n<h3 class=\"drop_h3\">\nLa violencia pol\u00edtica recrudece&nbsp;<br \/>\ndurante el confinamiento<\/h3>\n<p>El Centro de Monitoreo de la Corporaci\u00f3n Participaci\u00f3n Ciudadana presenta su m\u00e1s reciente informe sobre violencia pol\u00edtica en Twitter contra 31 mujeres pol\u00edticas o con representatividad p\u00fablica (periodistas, activistas, artistas&#8230;).<\/p>\n<p>El estudio indica que desde el inicio del confinamiento por la pandemia, en la segunda quincena de marzo, el n\u00famero de agresiones ha crecido en promedio en un 53 por ciento.<\/p>\n<p>As\u00ed, en marzo se registraron 725 tuits violentos y en abril 1.120. El acumulado desde el 1 de diciembre de 2019 hasta el 30 de abril de 2020 es de 2.810 tuits violentos.<\/p>\n<p>En dichos tuits se han emitido una o m\u00e1s de una expresiones agresivas (adjetivos, frases, emojis de connotaci\u00f3n negativa\u2026). En marzo, por ejemplo, se contabilizaron 945 expresiones discriminatorias y en abril 1.563. El total entre diciembre y abril fue de 3.818 expresiones.<\/p>\n<p>De todo este universo negativo, el 53,8% de ofensas descalifica el rol de la mujer en la sociedad y el 23,4% corresponde a burlas por la apariencia f\u00edsica de las mujeres monitoreadas en este estudio.<br \/>\nDe igual manera, el n\u00famero de mujeres v\u00edctimas de estas agresiones en Twitter ha crecido. Si el promedio en los meses precedentes fue de 16 mujeres violentadas, abril cerr\u00f3 con 26 mujeres agredidas.<\/p>\n<p>Para Ruth Hidalgo, Directora Ejecutiva de Participaci\u00f3n Ciudadana, el prop\u00f3sito de este estudio permanente es visibilizar la violencia en redes como una de las pr\u00e1cticas nocivas que m\u00e1s desincentivan la participaci\u00f3n de m\u00e1s mujeres en la vida p\u00fablica del pa\u00eds.<\/p>\n<p>Esta iniciativa cuenta con el apoyo del Instituto Nacional Dem\u00f3crata y Counterpart Ecuador.<\/p>\n<p>Para acceder al estudio completo, <a data-link-type=\"custom\" href=\"https:\/\/www.participacionciudadana.org\/web\/2020\/05\/25\/monitoreo-violencia-politica-contra-mujer-crecido-exponencialmente\/\" target=\"_self\" title=\"https:\/\/www.participacionciudadana.org\/boletines\/351-monitoreo-violencia-politica-contra-mujer-crecido-exponencialmente\" rel=\"noopener\">ingrese aqu\u00ed:<\/a>&nbsp;<\/p>\n","protected":false},"excerpt":{"rendered":"<p>Quito, 02 de junio de 2020 BOLET\u00cdN DE PRENSA N\u00b0 453 La violencia pol\u00edtica recrudece&nbsp; durante el confinamiento El Centro de Monitoreo de la Corporaci\u00f3n Participaci\u00f3n Ciudadana presenta su m\u00e1s reciente informe sobre violencia pol\u00edtica en Twitter contra 31 mujeres pol\u00edticas o con representatividad p\u00fablica (periodistas, activistas, artistas&#8230;). El estudio indica que desde el inicio [&hellip;]<\/p>\n","protected":false},"author":1,"featured_media":0,"comment_status":"open","ping_status":"open","sticky":false,"template":"","format":"standard","meta":{"site-sidebar-layout":"default","site-content-layout":"","ast-site-content-layout":"default","site-content-style":"default","site-sidebar-style":"default","ast-global-header-display":"","ast-banner-title-visibility":"","ast-main-header-display":"","ast-hfb-above-header-display":"","ast-hfb-below-header-display":"","ast-hfb-mobile-header-display":"","site-post-title":"","ast-breadcrumbs-content":"","ast-featured-img":"","footer-sml-layout":"","ast-disable-related-posts":"","theme-transparent-header-meta":"","adv-header-id-meta":"","stick-header-meta":"","header-above-stick-meta":"","header-main-stick-meta":"","header-below-stick-meta":"","astra-migrate-meta-layouts":"default","ast-page-background-enabled":"default","ast-page-background-meta":{"desktop":{"background-color":"","background-image":"","background-repeat":"repeat","background-position":"center center","background-size":"auto","background-attachment":"scroll","background-type":"","background-media":"","overlay-type":"","overlay-color":"","overlay-opacity":"","overlay-gradient":""},"tablet":{"background-color":"","background-image":"","background-repeat":"repeat","background-position":"center center","background-size":"auto","background-attachment":"scroll","background-type":"","background-media":"","overlay-type":"","overlay-color":"","overlay-opacity":"","overlay-gradient":""},"mobile":{"background-color":"","background-image":"","background-repeat":"repeat","background-position":"center center","background-size":"auto","background-attachment":"scroll","background-type":"","background-media":"","overlay-type":"","overlay-color":"","overlay-opacity":"","overlay-gradient":""}},"ast-content-background-meta":{"desktop":{"background-color":"var(--ast-global-color-5)","background-image":"","background-repeat":"repeat","background-position":"center center","background-size":"auto","background-attachment":"scroll","background-type":"","background-media":"","overlay-type":"","overlay-color":"","overlay-opacity":"","overlay-gradient":""},"tablet":{"background-color":"var(--ast-global-color-5)","background-image":"","background-repeat":"repeat","background-position":"center center","background-size":"auto","background-attachment":"scroll","background-type":"","background-media":"","overlay-type":"","overlay-color":"","overlay-opacity":"","overlay-gradient":""},"mobile":{"background-color":"var(--ast-global-color-5)","background-image":"","background-repeat":"repeat","background-position":"center center","background-size":"auto","background-attachment":"scroll","background-type":"","background-media":"","overlay-type":"","overlay-color":"","overlay-opacity":"","overlay-gradient":""}},"_joinchat":[],"footnotes":""},"categories":[16],"tags":[],"class_list":["post-1975","post","type-post","status-publish","format-standard","hentry","category-actualidad"],"yoast_head":"<!-- This site is optimized with the Yoast SEO plugin v26.5 - https:\/\/yoast.com\/wordpress\/plugins\/seo\/ -->\n<title>Bolet\u00edn: La violencia pol\u00edtica recrudece durante el confinamiento - Participaci\u00f3n Ciudadana<\/title>\n<meta name=\"robots\" content=\"index, follow, max-snippet:-1, max-image-preview:large, max-video-preview:-1\" \/>\n<link rel=\"canonical\" href=\"https:\/\/www.participacionciudadana.org\/web\/2020\/06\/02\/violencia-politica-recrudece-durante-el-confinamiento\/\" \/>\n<meta property=\"og:locale\" content=\"es_ES\" \/>\n<meta property=\"og:type\" content=\"article\" \/>\n<meta property=\"og:title\" content=\"Bolet\u00edn: La violencia pol\u00edtica recrudece durante el confinamiento - Participaci\u00f3n Ciudadana\" \/>\n<meta property=\"og:description\" content=\"Quito, 02 de junio de 2020 BOLET\u00cdN DE PRENSA N\u00b0 453 La violencia pol\u00edtica recrudece&nbsp; durante el confinamiento El Centro de Monitoreo de la Corporaci\u00f3n Participaci\u00f3n Ciudadana presenta su m\u00e1s reciente informe sobre violencia pol\u00edtica en Twitter contra 31 mujeres pol\u00edticas o con representatividad p\u00fablica (periodistas, activistas, artistas&#8230;). El estudio indica que desde el inicio [&hellip;]\" \/>\n<meta property=\"og:url\" content=\"https:\/\/www.participacionciudadana.org\/web\/2020\/06\/02\/violencia-politica-recrudece-durante-el-confinamiento\/\" \/>\n<meta property=\"og:site_name\" content=\"Participaci\u00f3n Ciudadana\" \/>\n<meta property=\"article:publisher\" content=\"https:\/\/www.facebook.com\/ParticipacionPC\/\" \/>\n<meta property=\"article:published_time\" content=\"2020-06-02T21:45:16+00:00\" \/>\n<meta property=\"article:modified_time\" content=\"2022-01-06T05:26:17+00:00\" \/>\n<meta name=\"author\" content=\"auzfabian\" \/>\n<meta name=\"twitter:card\" content=\"summary_large_image\" \/>\n<meta name=\"twitter:creator\" content=\"@ParticipacionPC\" \/>\n<meta name=\"twitter:site\" content=\"@ParticipacionPC\" \/>\n<meta name=\"twitter:label1\" content=\"Escrito por\" \/>\n\t<meta name=\"twitter:data1\" content=\"auzfabian\" \/>\n\t<meta name=\"twitter:label2\" content=\"Tiempo de lectura\" \/>\n\t<meta name=\"twitter:data2\" content=\"1 minuto\" \/>\n<script type=\"application\/ld+json\" class=\"yoast-schema-graph\">{\"@context\":\"https:\/\/schema.org\",\"@graph\":[{\"@type\":\"Article\",\"@id\":\"https:\/\/www.participacionciudadana.org\/web\/2020\/06\/02\/violencia-politica-recrudece-durante-el-confinamiento\/#article\",\"isPartOf\":{\"@id\":\"https:\/\/www.participacionciudadana.org\/web\/2020\/06\/02\/violencia-politica-recrudece-durante-el-confinamiento\/\"},\"author\":{\"name\":\"auzfabian\",\"@id\":\"https:\/\/www.participacionciudadana.org\/web\/#\/schema\/person\/67ded4b29f4c10d217a0e025340d23ea\"},\"headline\":\"Bolet\u00edn: La violencia pol\u00edtica recrudece durante el confinamiento\",\"datePublished\":\"2020-06-02T21:45:16+00:00\",\"dateModified\":\"2022-01-06T05:26:17+00:00\",\"mainEntityOfPage\":{\"@id\":\"https:\/\/www.participacionciudadana.org\/web\/2020\/06\/02\/violencia-politica-recrudece-durante-el-confinamiento\/\"},\"wordCount\":298,\"commentCount\":0,\"publisher\":{\"@id\":\"https:\/\/www.participacionciudadana.org\/web\/#organization\"},\"articleSection\":[\"Actualidad\"],\"inLanguage\":\"es\",\"potentialAction\":[{\"@type\":\"CommentAction\",\"name\":\"Comment\",\"target\":[\"https:\/\/www.participacionciudadana.org\/web\/2020\/06\/02\/violencia-politica-recrudece-durante-el-confinamiento\/#respond\"]}]},{\"@type\":\"WebPage\",\"@id\":\"https:\/\/www.participacionciudadana.org\/web\/2020\/06\/02\/violencia-politica-recrudece-durante-el-confinamiento\/\",\"url\":\"https:\/\/www.participacionciudadana.org\/web\/2020\/06\/02\/violencia-politica-recrudece-durante-el-confinamiento\/\",\"name\":\"Bolet\u00edn: La violencia pol\u00edtica recrudece durante el confinamiento - Participaci\u00f3n Ciudadana\",\"isPartOf\":{\"@id\":\"https:\/\/www.participacionciudadana.org\/web\/#website\"},\"datePublished\":\"2020-06-02T21:45:16+00:00\",\"dateModified\":\"2022-01-06T05:26:17+00:00\",\"breadcrumb\":{\"@id\":\"https:\/\/www.participacionciudadana.org\/web\/2020\/06\/02\/violencia-politica-recrudece-durante-el-confinamiento\/#breadcrumb\"},\"inLanguage\":\"es\",\"potentialAction\":[{\"@type\":\"ReadAction\",\"target\":[\"https:\/\/www.participacionciudadana.org\/web\/2020\/06\/02\/violencia-politica-recrudece-durante-el-confinamiento\/\"]}]},{\"@type\":\"BreadcrumbList\",\"@id\":\"https:\/\/www.participacionciudadana.org\/web\/2020\/06\/02\/violencia-politica-recrudece-durante-el-confinamiento\/#breadcrumb\",\"itemListElement\":[{\"@type\":\"ListItem\",\"position\":1,\"name\":\"Portada\",\"item\":\"https:\/\/www.participacionciudadana.org\/web\/\"},{\"@type\":\"ListItem\",\"position\":2,\"name\":\"Bolet\u00edn: La violencia pol\u00edtica recrudece durante el confinamiento\"}]},{\"@type\":\"WebSite\",\"@id\":\"https:\/\/www.participacionciudadana.org\/web\/#website\",\"url\":\"https:\/\/www.participacionciudadana.org\/web\/\",\"name\":\"Participaci\u00f3n Ciudadana\",\"description\":\"Comprometidos con la democracia\",\"publisher\":{\"@id\":\"https:\/\/www.participacionciudadana.org\/web\/#organization\"},\"potentialAction\":[{\"@type\":\"SearchAction\",\"target\":{\"@type\":\"EntryPoint\",\"urlTemplate\":\"https:\/\/www.participacionciudadana.org\/web\/?s={search_term_string}\"},\"query-input\":{\"@type\":\"PropertyValueSpecification\",\"valueRequired\":true,\"valueName\":\"search_term_string\"}}],\"inLanguage\":\"es\"},{\"@type\":\"Organization\",\"@id\":\"https:\/\/www.participacionciudadana.org\/web\/#organization\",\"name\":\"Participaci\u00f3n Ciudadana\",\"url\":\"https:\/\/www.participacionciudadana.org\/web\/\",\"logo\":{\"@type\":\"ImageObject\",\"inLanguage\":\"es\",\"@id\":\"https:\/\/www.participacionciudadana.org\/web\/#\/schema\/logo\/image\/\",\"url\":\"https:\/\/www.participacionciudadana.org\/web\/wp-content\/uploads\/2021\/11\/cropped-logo_pc-1.png\",\"contentUrl\":\"https:\/\/www.participacionciudadana.org\/web\/wp-content\/uploads\/2021\/11\/cropped-logo_pc-1.png\",\"width\":340,\"height\":114,\"caption\":\"Participaci\u00f3n Ciudadana\"},\"image\":{\"@id\":\"https:\/\/www.participacionciudadana.org\/web\/#\/schema\/logo\/image\/\"},\"sameAs\":[\"https:\/\/www.facebook.com\/ParticipacionPC\/\",\"https:\/\/x.com\/ParticipacionPC\"]},{\"@type\":\"Person\",\"@id\":\"https:\/\/www.participacionciudadana.org\/web\/#\/schema\/person\/67ded4b29f4c10d217a0e025340d23ea\",\"name\":\"auzfabian\",\"image\":{\"@type\":\"ImageObject\",\"inLanguage\":\"es\",\"@id\":\"https:\/\/www.participacionciudadana.org\/web\/#\/schema\/person\/image\/\",\"url\":\"https:\/\/secure.gravatar.com\/avatar\/b07eacb2fae81fba8818d35abde16f5d26c3e833d77fabbeeb8d53523e796bde?s=96&d=mm&r=g\",\"contentUrl\":\"https:\/\/secure.gravatar.com\/avatar\/b07eacb2fae81fba8818d35abde16f5d26c3e833d77fabbeeb8d53523e796bde?s=96&d=mm&r=g\",\"caption\":\"auzfabian\"},\"sameAs\":[\"https:\/\/www.participacionciudadana.org\/web\"],\"url\":\"https:\/\/www.participacionciudadana.org\/web\/author\/auzfabian\/\"}]}<\/script>\n<!-- \/ Yoast SEO plugin. -->","yoast_head_json":{"title":"Bolet\u00edn: La violencia pol\u00edtica recrudece durante el confinamiento - Participaci\u00f3n Ciudadana","robots":{"index":"index","follow":"follow","max-snippet":"max-snippet:-1","max-image-preview":"max-image-preview:large","max-video-preview":"max-video-preview:-1"},"canonical":"https:\/\/www.participacionciudadana.org\/web\/2020\/06\/02\/violencia-politica-recrudece-durante-el-confinamiento\/","og_locale":"es_ES","og_type":"article","og_title":"Bolet\u00edn: La violencia pol\u00edtica recrudece durante el confinamiento - Participaci\u00f3n Ciudadana","og_description":"Quito, 02 de junio de 2020 BOLET\u00cdN DE PRENSA N\u00b0 453 La violencia pol\u00edtica recrudece&nbsp; durante el confinamiento El Centro de Monitoreo de la Corporaci\u00f3n Participaci\u00f3n Ciudadana presenta su m\u00e1s reciente informe sobre violencia pol\u00edtica en Twitter contra 31 mujeres pol\u00edticas o con representatividad p\u00fablica (periodistas, activistas, artistas&#8230;). El estudio indica que desde el inicio [&hellip;]","og_url":"https:\/\/www.participacionciudadana.org\/web\/2020\/06\/02\/violencia-politica-recrudece-durante-el-confinamiento\/","og_site_name":"Participaci\u00f3n Ciudadana","article_publisher":"https:\/\/www.facebook.com\/ParticipacionPC\/","article_published_time":"2020-06-02T21:45:16+00:00","article_modified_time":"2022-01-06T05:26:17+00:00","author":"auzfabian","twitter_card":"summary_large_image","twitter_creator":"@ParticipacionPC","twitter_site":"@ParticipacionPC","twitter_misc":{"Escrito por":"auzfabian","Tiempo de lectura":"1 minuto"},"schema":{"@context":"https:\/\/schema.org","@graph":[{"@type":"Article","@id":"https:\/\/www.participacionciudadana.org\/web\/2020\/06\/02\/violencia-politica-recrudece-durante-el-confinamiento\/#article","isPartOf":{"@id":"https:\/\/www.participacionciudadana.org\/web\/2020\/06\/02\/violencia-politica-recrudece-durante-el-confinamiento\/"},"author":{"name":"auzfabian","@id":"https:\/\/www.participacionciudadana.org\/web\/#\/schema\/person\/67ded4b29f4c10d217a0e025340d23ea"},"headline":"Bolet\u00edn: La violencia pol\u00edtica recrudece durante el confinamiento","datePublished":"2020-06-02T21:45:16+00:00","dateModified":"2022-01-06T05:26:17+00:00","mainEntityOfPage":{"@id":"https:\/\/www.participacionciudadana.org\/web\/2020\/06\/02\/violencia-politica-recrudece-durante-el-confinamiento\/"},"wordCount":298,"commentCount":0,"publisher":{"@id":"https:\/\/www.participacionciudadana.org\/web\/#organization"},"articleSection":["Actualidad"],"inLanguage":"es","potentialAction":[{"@type":"CommentAction","name":"Comment","target":["https:\/\/www.participacionciudadana.org\/web\/2020\/06\/02\/violencia-politica-recrudece-durante-el-confinamiento\/#respond"]}]},{"@type":"WebPage","@id":"https:\/\/www.participacionciudadana.org\/web\/2020\/06\/02\/violencia-politica-recrudece-durante-el-confinamiento\/","url":"https:\/\/www.participacionciudadana.org\/web\/2020\/06\/02\/violencia-politica-recrudece-durante-el-confinamiento\/","name":"Bolet\u00edn: La violencia pol\u00edtica recrudece durante el confinamiento - Participaci\u00f3n Ciudadana","isPartOf":{"@id":"https:\/\/www.participacionciudadana.org\/web\/#website"},"datePublished":"2020-06-02T21:45:16+00:00","dateModified":"2022-01-06T05:26:17+00:00","breadcrumb":{"@id":"https:\/\/www.participacionciudadana.org\/web\/2020\/06\/02\/violencia-politica-recrudece-durante-el-confinamiento\/#breadcrumb"},"inLanguage":"es","potentialAction":[{"@type":"ReadAction","target":["https:\/\/www.participacionciudadana.org\/web\/2020\/06\/02\/violencia-politica-recrudece-durante-el-confinamiento\/"]}]},{"@type":"BreadcrumbList","@id":"https:\/\/www.participacionciudadana.org\/web\/2020\/06\/02\/violencia-politica-recrudece-durante-el-confinamiento\/#breadcrumb","itemListElement":[{"@type":"ListItem","position":1,"name":"Portada","item":"https:\/\/www.participacionciudadana.org\/web\/"},{"@type":"ListItem","position":2,"name":"Bolet\u00edn: La violencia pol\u00edtica recrudece durante el confinamiento"}]},{"@type":"WebSite","@id":"https:\/\/www.participacionciudadana.org\/web\/#website","url":"https:\/\/www.participacionciudadana.org\/web\/","name":"Participaci\u00f3n Ciudadana","description":"Comprometidos con la democracia","publisher":{"@id":"https:\/\/www.participacionciudadana.org\/web\/#organization"},"potentialAction":[{"@type":"SearchAction","target":{"@type":"EntryPoint","urlTemplate":"https:\/\/www.participacionciudadana.org\/web\/?s={search_term_string}"},"query-input":{"@type":"PropertyValueSpecification","valueRequired":true,"valueName":"search_term_string"}}],"inLanguage":"es"},{"@type":"Organization","@id":"https:\/\/www.participacionciudadana.org\/web\/#organization","name":"Participaci\u00f3n Ciudadana","url":"https:\/\/www.participacionciudadana.org\/web\/","logo":{"@type":"ImageObject","inLanguage":"es","@id":"https:\/\/www.participacionciudadana.org\/web\/#\/schema\/logo\/image\/","url":"https:\/\/www.participacionciudadana.org\/web\/wp-content\/uploads\/2021\/11\/cropped-logo_pc-1.png","contentUrl":"https:\/\/www.participacionciudadana.org\/web\/wp-content\/uploads\/2021\/11\/cropped-logo_pc-1.png","width":340,"height":114,"caption":"Participaci\u00f3n Ciudadana"},"image":{"@id":"https:\/\/www.participacionciudadana.org\/web\/#\/schema\/logo\/image\/"},"sameAs":["https:\/\/www.facebook.com\/ParticipacionPC\/","https:\/\/x.com\/ParticipacionPC"]},{"@type":"Person","@id":"https:\/\/www.participacionciudadana.org\/web\/#\/schema\/person\/67ded4b29f4c10d217a0e025340d23ea","name":"auzfabian","image":{"@type":"ImageObject","inLanguage":"es","@id":"https:\/\/www.participacionciudadana.org\/web\/#\/schema\/person\/image\/","url":"https:\/\/secure.gravatar.com\/avatar\/b07eacb2fae81fba8818d35abde16f5d26c3e833d77fabbeeb8d53523e796bde?s=96&d=mm&r=g","contentUrl":"https:\/\/secure.gravatar.com\/avatar\/b07eacb2fae81fba8818d35abde16f5d26c3e833d77fabbeeb8d53523e796bde?s=96&d=mm&r=g","caption":"auzfabian"},"sameAs":["https:\/\/www.participacionciudadana.org\/web"],"url":"https:\/\/www.participacionciudadana.org\/web\/author\/auzfabian\/"}]}},"_links":{"self":[{"href":"https:\/\/www.participacionciudadana.org\/web\/wp-json\/wp\/v2\/posts\/1975","targetHints":{"allow":["GET"]}}],"collection":[{"href":"https:\/\/www.participacionciudadana.org\/web\/wp-json\/wp\/v2\/posts"}],"about":[{"href":"https:\/\/www.participacionciudadana.org\/web\/wp-json\/wp\/v2\/types\/post"}],"author":[{"embeddable":true,"href":"https:\/\/www.participacionciudadana.org\/web\/wp-json\/wp\/v2\/users\/1"}],"replies":[{"embeddable":true,"href":"https:\/\/www.participacionciudadana.org\/web\/wp-json\/wp\/v2\/comments?post=1975"}],"version-history":[{"count":0,"href":"https:\/\/www.participacionciudadana.org\/web\/wp-json\/wp\/v2\/posts\/1975\/revisions"}],"wp:attachment":[{"href":"https:\/\/www.participacionciudadana.org\/web\/wp-json\/wp\/v2\/media?parent=1975"}],"wp:term":[{"taxonomy":"category","embeddable":true,"href":"https:\/\/www.participacionciudadana.org\/web\/wp-json\/wp\/v2\/categories?post=1975"},{"taxonomy":"post_tag","embeddable":true,"href":"https:\/\/www.participacionciudadana.org\/web\/wp-json\/wp\/v2\/tags?post=1975"}],"curies":[{"name":"wp","href":"https:\/\/api.w.org\/{rel}","templated":true}]}}