{"id":1976,"date":"2020-06-03T08:31:58","date_gmt":"2020-06-03T13:31:58","guid":{"rendered":"https:\/\/www.participacionciudadana.org\/web\/2020\/06\/03\/radio-majestad-visibilizar-estas-gresiones-genera-incidencia-politica\/"},"modified":"2020-06-03T08:31:58","modified_gmt":"2020-06-03T13:31:58","slug":"radio-majestad-visibilizar-estas-gresiones-genera-incidencia-politica","status":"publish","type":"post","link":"https:\/\/www.participacionciudadana.org\/web\/2020\/06\/03\/radio-majestad-visibilizar-estas-gresiones-genera-incidencia-politica\/","title":{"rendered":"Entrevista: Radio Majestad FM &#8211; Visibilizar estas agresiones genera incidencia pol\u00edtica"},"content":{"rendered":"<p>Entrevista: Radio Majestad FM &#8211; Nuevo reporte de Violencia pol\u00edtica de g\u00e9nero<\/p>\n<p><strong>Ruth Hidalgo:<\/strong>&nbsp;Visibilizar estas agresiones genera incidencia y eso se ve en las recientes reformas al C\u00f3digo de la Democracia, para apuntar a un escenario pol\u00edtico libre de violencia.<\/p>\n<p>Adem\u00e1s, Participaci\u00f3n Ciudadana&nbsp;ha envi\u00f3 al Consejo Nacional Electoral (CNE)&nbsp;una propuesta que sintoniza con buenas pr\u00e1cticas internacionales para erradicar violencia pol\u00edtica contra mujeres en elecciones de 2021.<\/p>\n<p>{facebook}https:\/\/www.facebook.com\/ParticipacionPC\/videos\/245714623377332{\/facebook}<\/p>\n<p style=\"box-sizing: inherit; margin: 1.5rem 0px; color: rgb(145, 146, 156); font-family: &quot;Varela Round&quot;; font-size: 14.4px; background-color: rgb(255, 255, 255);\">Presentamos nuestro m\u00e1s reciente&nbsp;<\/p>\n<p style=\"box-sizing: inherit; margin: 1.5rem 0px; color: rgb(145, 146, 156); font-family: &quot;Varela Round&quot;; font-size: 14.4px; background-color: rgb(255, 255, 255);\">El informe completo&nbsp;<a data-link-type=\"custom\" href=\"https:\/\/www.participacionciudadana.org\/monitoreo\/2020\/20200525-Informe-Violencia-04a.pdf\" style=\"box-sizing: inherit; background: transparent; text-decoration-line: none; color: rgb(33, 194, 248); transition: color 0.2s ease 0s;\" target=\"_self\" title=\"https:\/\/www.participacionciudadana.org\/monitoreo\/2020\/20200525-Informe-Violencia-04a.pdf\" rel=\"noopener\">?&nbsp;<em style=\"box-sizing: inherit;\"><strong style=\"box-sizing: inherit; color: rgb(45, 61, 77);\">Aqu\u00ed:<\/strong><\/em><\/a><\/p>\n<p style=\"box-sizing: inherit; margin: 1.5rem 0px; color: rgb(145, 146, 156); font-family: &quot;Varela Round&quot;; font-size: 14.4px; background-color: rgb(255, 255, 255);\">El Fact sheet&nbsp;<a data-link-type=\"custom\" href=\"https:\/\/www.participacionciudadana.org\/web\/wp-content\/uploads\/2020\/05\/20200525-Informe-Violencia-04.pdf\" style=\"box-sizing: inherit; background: transparent; text-decoration-line: none; color: rgb(33, 194, 248); transition: color 0.2s ease 0s;\" target=\"_self\" title=\"https:\/\/www.participacionciudadana.org\/papers\/20200525-Informe-Violencia-04.pdf\" rel=\"noopener\">?&nbsp;<em style=\"box-sizing: inherit;\"><strong style=\"box-sizing: inherit; color: rgb(45, 61, 77);\">Aqu\u00ed:<\/strong><\/em><\/a><\/p>\n<p style=\"box-sizing: inherit; margin: 1.5rem 0px; color: rgb(145, 146, 156); font-family: &quot;Varela Round&quot;; font-size: 14.4px; background-color: rgb(255, 255, 255);\"><em style=\"box-sizing: inherit;\"><strong style=\"box-sizing: inherit; color: rgb(45, 61, 77);\">Link del Medio: minuto 1:43:40<\/strong><\/em><\/p>\n<p style=\"box-sizing: inherit; margin: 1.5rem 0px; color: rgb(145, 146, 156); font-family: &quot;Varela Round&quot;; font-size: 14.4px; background-color: rgb(255, 255, 255);\">{facebook}https:\/\/www.facebook.com\/majestadfm\/videos\/183453462988949{\/facebook}<\/p>\n<p style=\"box-sizing: inherit; margin: 1.5rem 0px; color: rgb(145, 146, 156); font-family: &quot;Varela Round&quot;; font-size: 14.4px; background-color: rgb(255, 255, 255);\">#LecturaRecomendadaPC<\/p>\n<p style=\"box-sizing: inherit; margin: 1.5rem 0px; color: rgb(145, 146, 156); font-family: &quot;Varela Round&quot;; font-size: 14.4px; background-color: rgb(255, 255, 255);\"><a data-link-type=\"custom\" href=\"https:\/\/twitter.com\/ParticipacionPC\/status\/1267919950976614400\" target=\"_self\" title=\"https:\/\/twitter.com\/ParticipacionPC\/status\/1267919950976614400\" rel=\"noopener\">TWITTER<\/a><\/p>\n<p><a data-link-type=\"custom\" href=\"https:\/\/www.facebook.com\/ParticipacionPC\/posts\/3039951532710816\" target=\"_self\" title=\"https:\/\/www.facebook.com\/ParticipacionPC\/posts\/3039951532710816\" rel=\"noopener\">FACEBOOK<\/a><\/p>\n<p><a data-link-type=\"custom\" href=\"https:\/\/www.instagram.com\/p\/CA8koBVDXy3\/?utm_source=ig_web_copy_link\" target=\"_self\" title=\"https:\/\/www.instagram.com\/p\/CA8koBVDXy3\/?utm_source=ig_web_copy_link\" rel=\"noopener\">INSTAGRAM<\/a><br \/>\n&nbsp;<\/p>\n<p>&nbsp;<\/p>\n","protected":false},"excerpt":{"rendered":"<p>Entrevista: Radio Majestad FM &#8211; Nuevo reporte de Violencia pol\u00edtica de g\u00e9nero Ruth Hidalgo:&nbsp;Visibilizar estas agresiones genera incidencia y eso se ve en las recientes reformas al C\u00f3digo de la Democracia, para apuntar a un escenario pol\u00edtico libre de violencia. Adem\u00e1s, Participaci\u00f3n Ciudadana&nbsp;ha envi\u00f3 al Consejo Nacional Electoral (CNE)&nbsp;una propuesta que sintoniza con buenas pr\u00e1cticas [&hellip;]<\/p>\n","protected":false},"author":1,"featured_media":0,"comment_status":"open","ping_status":"open","sticky":false,"template":"","format":"standard","meta":{"site-sidebar-layout":"default","site-content-layout":"","ast-site-content-layout":"default","site-content-style":"default","site-sidebar-style":"default","ast-global-header-display":"","ast-banner-title-visibility":"","ast-main-header-display":"","ast-hfb-above-header-display":"","ast-hfb-below-header-display":"","ast-hfb-mobile-header-display":"","site-post-title":"","ast-breadcrumbs-content":"","ast-featured-img":"","footer-sml-layout":"","ast-disable-related-posts":"","theme-transparent-header-meta":"","adv-header-id-meta":"","stick-header-meta":"","header-above-stick-meta":"","header-main-stick-meta":"","header-below-stick-meta":"","astra-migrate-meta-layouts":"default","ast-page-background-enabled":"default","ast-page-background-meta":{"desktop":{"background-color":"","background-image":"","background-repeat":"repeat","background-position":"center center","background-size":"auto","background-attachment":"scroll","background-type":"","background-media":"","overlay-type":"","overlay-color":"","overlay-opacity":"","overlay-gradient":""},"tablet":{"background-color":"","background-image":"","background-repeat":"repeat","background-position":"center center","background-size":"auto","background-attachment":"scroll","background-type":"","background-media":"","overlay-type":"","overlay-color":"","overlay-opacity":"","overlay-gradient":""},"mobile":{"background-color":"","background-image":"","background-repeat":"repeat","background-position":"center center","background-size":"auto","background-attachment":"scroll","background-type":"","background-media":"","overlay-type":"","overlay-color":"","overlay-opacity":"","overlay-gradient":""}},"ast-content-background-meta":{"desktop":{"background-color":"var(--ast-global-color-5)","background-image":"","background-repeat":"repeat","background-position":"center center","background-size":"auto","background-attachment":"scroll","background-type":"","background-media":"","overlay-type":"","overlay-color":"","overlay-opacity":"","overlay-gradient":""},"tablet":{"background-color":"var(--ast-global-color-5)","background-image":"","background-repeat":"repeat","background-position":"center center","background-size":"auto","background-attachment":"scroll","background-type":"","background-media":"","overlay-type":"","overlay-color":"","overlay-opacity":"","overlay-gradient":""},"mobile":{"background-color":"var(--ast-global-color-5)","background-image":"","background-repeat":"repeat","background-position":"center center","background-size":"auto","background-attachment":"scroll","background-type":"","background-media":"","overlay-type":"","overlay-color":"","overlay-opacity":"","overlay-gradient":""}},"_joinchat":[],"footnotes":""},"categories":[17],"tags":[],"class_list":["post-1976","post","type-post","status-publish","format-standard","hentry","category-medios"],"yoast_head":"<!-- This site is optimized with the Yoast SEO plugin v26.5 - https:\/\/yoast.com\/wordpress\/plugins\/seo\/ -->\n<title>Entrevista: Radio Majestad FM - Visibilizar estas agresiones genera incidencia pol\u00edtica - Participaci\u00f3n Ciudadana<\/title>\n<meta name=\"robots\" content=\"index, follow, max-snippet:-1, max-image-preview:large, max-video-preview:-1\" \/>\n<link rel=\"canonical\" href=\"https:\/\/www.participacionciudadana.org\/web\/2020\/06\/03\/radio-majestad-visibilizar-estas-gresiones-genera-incidencia-politica\/\" \/>\n<meta property=\"og:locale\" content=\"es_ES\" \/>\n<meta property=\"og:type\" content=\"article\" \/>\n<meta property=\"og:title\" content=\"Entrevista: Radio Majestad FM - Visibilizar estas agresiones genera incidencia pol\u00edtica - Participaci\u00f3n Ciudadana\" \/>\n<meta property=\"og:description\" content=\"Entrevista: Radio Majestad FM &#8211; Nuevo reporte de Violencia pol\u00edtica de g\u00e9nero Ruth Hidalgo:&nbsp;Visibilizar estas agresiones genera incidencia y eso se ve en las recientes reformas al C\u00f3digo de la Democracia, para apuntar a un escenario pol\u00edtico libre de violencia. Adem\u00e1s, Participaci\u00f3n Ciudadana&nbsp;ha envi\u00f3 al Consejo Nacional Electoral (CNE)&nbsp;una propuesta que sintoniza con buenas pr\u00e1cticas [&hellip;]\" \/>\n<meta property=\"og:url\" content=\"https:\/\/www.participacionciudadana.org\/web\/2020\/06\/03\/radio-majestad-visibilizar-estas-gresiones-genera-incidencia-politica\/\" \/>\n<meta property=\"og:site_name\" content=\"Participaci\u00f3n Ciudadana\" \/>\n<meta property=\"article:publisher\" content=\"https:\/\/www.facebook.com\/ParticipacionPC\/\" \/>\n<meta property=\"article:published_time\" content=\"2020-06-03T13:31:58+00:00\" \/>\n<meta name=\"author\" content=\"auzfabian\" \/>\n<meta name=\"twitter:card\" content=\"summary_large_image\" \/>\n<meta name=\"twitter:creator\" content=\"@ParticipacionPC\" \/>\n<meta name=\"twitter:site\" content=\"@ParticipacionPC\" \/>\n<meta name=\"twitter:label1\" content=\"Escrito por\" \/>\n\t<meta name=\"twitter:data1\" content=\"auzfabian\" \/>\n\t<meta name=\"twitter:label2\" content=\"Tiempo de lectura\" \/>\n\t<meta name=\"twitter:data2\" content=\"1 minuto\" \/>\n<script type=\"application\/ld+json\" class=\"yoast-schema-graph\">{\"@context\":\"https:\/\/schema.org\",\"@graph\":[{\"@type\":\"Article\",\"@id\":\"https:\/\/www.participacionciudadana.org\/web\/2020\/06\/03\/radio-majestad-visibilizar-estas-gresiones-genera-incidencia-politica\/#article\",\"isPartOf\":{\"@id\":\"https:\/\/www.participacionciudadana.org\/web\/2020\/06\/03\/radio-majestad-visibilizar-estas-gresiones-genera-incidencia-politica\/\"},\"author\":{\"name\":\"auzfabian\",\"@id\":\"https:\/\/www.participacionciudadana.org\/web\/#\/schema\/person\/67ded4b29f4c10d217a0e025340d23ea\"},\"headline\":\"Entrevista: Radio Majestad FM &#8211; Visibilizar estas agresiones genera incidencia pol\u00edtica\",\"datePublished\":\"2020-06-03T13:31:58+00:00\",\"mainEntityOfPage\":{\"@id\":\"https:\/\/www.participacionciudadana.org\/web\/2020\/06\/03\/radio-majestad-visibilizar-estas-gresiones-genera-incidencia-politica\/\"},\"wordCount\":135,\"commentCount\":0,\"publisher\":{\"@id\":\"https:\/\/www.participacionciudadana.org\/web\/#organization\"},\"articleSection\":[\"PC en los Medios\"],\"inLanguage\":\"es\",\"potentialAction\":[{\"@type\":\"CommentAction\",\"name\":\"Comment\",\"target\":[\"https:\/\/www.participacionciudadana.org\/web\/2020\/06\/03\/radio-majestad-visibilizar-estas-gresiones-genera-incidencia-politica\/#respond\"]}]},{\"@type\":\"WebPage\",\"@id\":\"https:\/\/www.participacionciudadana.org\/web\/2020\/06\/03\/radio-majestad-visibilizar-estas-gresiones-genera-incidencia-politica\/\",\"url\":\"https:\/\/www.participacionciudadana.org\/web\/2020\/06\/03\/radio-majestad-visibilizar-estas-gresiones-genera-incidencia-politica\/\",\"name\":\"Entrevista: Radio Majestad FM - Visibilizar estas agresiones genera incidencia pol\u00edtica - Participaci\u00f3n Ciudadana\",\"isPartOf\":{\"@id\":\"https:\/\/www.participacionciudadana.org\/web\/#website\"},\"datePublished\":\"2020-06-03T13:31:58+00:00\",\"breadcrumb\":{\"@id\":\"https:\/\/www.participacionciudadana.org\/web\/2020\/06\/03\/radio-majestad-visibilizar-estas-gresiones-genera-incidencia-politica\/#breadcrumb\"},\"inLanguage\":\"es\",\"potentialAction\":[{\"@type\":\"ReadAction\",\"target\":[\"https:\/\/www.participacionciudadana.org\/web\/2020\/06\/03\/radio-majestad-visibilizar-estas-gresiones-genera-incidencia-politica\/\"]}]},{\"@type\":\"BreadcrumbList\",\"@id\":\"https:\/\/www.participacionciudadana.org\/web\/2020\/06\/03\/radio-majestad-visibilizar-estas-gresiones-genera-incidencia-politica\/#breadcrumb\",\"itemListElement\":[{\"@type\":\"ListItem\",\"position\":1,\"name\":\"Portada\",\"item\":\"https:\/\/www.participacionciudadana.org\/web\/\"},{\"@type\":\"ListItem\",\"position\":2,\"name\":\"Entrevista: Radio Majestad FM &#8211; Visibilizar estas agresiones genera incidencia pol\u00edtica\"}]},{\"@type\":\"WebSite\",\"@id\":\"https:\/\/www.participacionciudadana.org\/web\/#website\",\"url\":\"https:\/\/www.participacionciudadana.org\/web\/\",\"name\":\"Participaci\u00f3n Ciudadana\",\"description\":\"Comprometidos con la democracia\",\"publisher\":{\"@id\":\"https:\/\/www.participacionciudadana.org\/web\/#organization\"},\"potentialAction\":[{\"@type\":\"SearchAction\",\"target\":{\"@type\":\"EntryPoint\",\"urlTemplate\":\"https:\/\/www.participacionciudadana.org\/web\/?s={search_term_string}\"},\"query-input\":{\"@type\":\"PropertyValueSpecification\",\"valueRequired\":true,\"valueName\":\"search_term_string\"}}],\"inLanguage\":\"es\"},{\"@type\":\"Organization\",\"@id\":\"https:\/\/www.participacionciudadana.org\/web\/#organization\",\"name\":\"Participaci\u00f3n Ciudadana\",\"url\":\"https:\/\/www.participacionciudadana.org\/web\/\",\"logo\":{\"@type\":\"ImageObject\",\"inLanguage\":\"es\",\"@id\":\"https:\/\/www.participacionciudadana.org\/web\/#\/schema\/logo\/image\/\",\"url\":\"https:\/\/www.participacionciudadana.org\/web\/wp-content\/uploads\/2021\/11\/cropped-logo_pc-1.png\",\"contentUrl\":\"https:\/\/www.participacionciudadana.org\/web\/wp-content\/uploads\/2021\/11\/cropped-logo_pc-1.png\",\"width\":340,\"height\":114,\"caption\":\"Participaci\u00f3n Ciudadana\"},\"image\":{\"@id\":\"https:\/\/www.participacionciudadana.org\/web\/#\/schema\/logo\/image\/\"},\"sameAs\":[\"https:\/\/www.facebook.com\/ParticipacionPC\/\",\"https:\/\/x.com\/ParticipacionPC\"]},{\"@type\":\"Person\",\"@id\":\"https:\/\/www.participacionciudadana.org\/web\/#\/schema\/person\/67ded4b29f4c10d217a0e025340d23ea\",\"name\":\"auzfabian\",\"image\":{\"@type\":\"ImageObject\",\"inLanguage\":\"es\",\"@id\":\"https:\/\/www.participacionciudadana.org\/web\/#\/schema\/person\/image\/\",\"url\":\"https:\/\/secure.gravatar.com\/avatar\/b07eacb2fae81fba8818d35abde16f5d26c3e833d77fabbeeb8d53523e796bde?s=96&d=mm&r=g\",\"contentUrl\":\"https:\/\/secure.gravatar.com\/avatar\/b07eacb2fae81fba8818d35abde16f5d26c3e833d77fabbeeb8d53523e796bde?s=96&d=mm&r=g\",\"caption\":\"auzfabian\"},\"sameAs\":[\"https:\/\/www.participacionciudadana.org\/web\"],\"url\":\"https:\/\/www.participacionciudadana.org\/web\/author\/auzfabian\/\"}]}<\/script>\n<!-- \/ Yoast SEO plugin. -->","yoast_head_json":{"title":"Entrevista: Radio Majestad FM - Visibilizar estas agresiones genera incidencia pol\u00edtica - Participaci\u00f3n Ciudadana","robots":{"index":"index","follow":"follow","max-snippet":"max-snippet:-1","max-image-preview":"max-image-preview:large","max-video-preview":"max-video-preview:-1"},"canonical":"https:\/\/www.participacionciudadana.org\/web\/2020\/06\/03\/radio-majestad-visibilizar-estas-gresiones-genera-incidencia-politica\/","og_locale":"es_ES","og_type":"article","og_title":"Entrevista: Radio Majestad FM - Visibilizar estas agresiones genera incidencia pol\u00edtica - Participaci\u00f3n Ciudadana","og_description":"Entrevista: Radio Majestad FM &#8211; Nuevo reporte de Violencia pol\u00edtica de g\u00e9nero Ruth Hidalgo:&nbsp;Visibilizar estas agresiones genera incidencia y eso se ve en las recientes reformas al C\u00f3digo de la Democracia, para apuntar a un escenario pol\u00edtico libre de violencia. Adem\u00e1s, Participaci\u00f3n Ciudadana&nbsp;ha envi\u00f3 al Consejo Nacional Electoral (CNE)&nbsp;una propuesta que sintoniza con buenas pr\u00e1cticas [&hellip;]","og_url":"https:\/\/www.participacionciudadana.org\/web\/2020\/06\/03\/radio-majestad-visibilizar-estas-gresiones-genera-incidencia-politica\/","og_site_name":"Participaci\u00f3n Ciudadana","article_publisher":"https:\/\/www.facebook.com\/ParticipacionPC\/","article_published_time":"2020-06-03T13:31:58+00:00","author":"auzfabian","twitter_card":"summary_large_image","twitter_creator":"@ParticipacionPC","twitter_site":"@ParticipacionPC","twitter_misc":{"Escrito por":"auzfabian","Tiempo de lectura":"1 minuto"},"schema":{"@context":"https:\/\/schema.org","@graph":[{"@type":"Article","@id":"https:\/\/www.participacionciudadana.org\/web\/2020\/06\/03\/radio-majestad-visibilizar-estas-gresiones-genera-incidencia-politica\/#article","isPartOf":{"@id":"https:\/\/www.participacionciudadana.org\/web\/2020\/06\/03\/radio-majestad-visibilizar-estas-gresiones-genera-incidencia-politica\/"},"author":{"name":"auzfabian","@id":"https:\/\/www.participacionciudadana.org\/web\/#\/schema\/person\/67ded4b29f4c10d217a0e025340d23ea"},"headline":"Entrevista: Radio Majestad FM &#8211; Visibilizar estas agresiones genera incidencia pol\u00edtica","datePublished":"2020-06-03T13:31:58+00:00","mainEntityOfPage":{"@id":"https:\/\/www.participacionciudadana.org\/web\/2020\/06\/03\/radio-majestad-visibilizar-estas-gresiones-genera-incidencia-politica\/"},"wordCount":135,"commentCount":0,"publisher":{"@id":"https:\/\/www.participacionciudadana.org\/web\/#organization"},"articleSection":["PC en los Medios"],"inLanguage":"es","potentialAction":[{"@type":"CommentAction","name":"Comment","target":["https:\/\/www.participacionciudadana.org\/web\/2020\/06\/03\/radio-majestad-visibilizar-estas-gresiones-genera-incidencia-politica\/#respond"]}]},{"@type":"WebPage","@id":"https:\/\/www.participacionciudadana.org\/web\/2020\/06\/03\/radio-majestad-visibilizar-estas-gresiones-genera-incidencia-politica\/","url":"https:\/\/www.participacionciudadana.org\/web\/2020\/06\/03\/radio-majestad-visibilizar-estas-gresiones-genera-incidencia-politica\/","name":"Entrevista: Radio Majestad FM - Visibilizar estas agresiones genera incidencia pol\u00edtica - Participaci\u00f3n Ciudadana","isPartOf":{"@id":"https:\/\/www.participacionciudadana.org\/web\/#website"},"datePublished":"2020-06-03T13:31:58+00:00","breadcrumb":{"@id":"https:\/\/www.participacionciudadana.org\/web\/2020\/06\/03\/radio-majestad-visibilizar-estas-gresiones-genera-incidencia-politica\/#breadcrumb"},"inLanguage":"es","potentialAction":[{"@type":"ReadAction","target":["https:\/\/www.participacionciudadana.org\/web\/2020\/06\/03\/radio-majestad-visibilizar-estas-gresiones-genera-incidencia-politica\/"]}]},{"@type":"BreadcrumbList","@id":"https:\/\/www.participacionciudadana.org\/web\/2020\/06\/03\/radio-majestad-visibilizar-estas-gresiones-genera-incidencia-politica\/#breadcrumb","itemListElement":[{"@type":"ListItem","position":1,"name":"Portada","item":"https:\/\/www.participacionciudadana.org\/web\/"},{"@type":"ListItem","position":2,"name":"Entrevista: Radio Majestad FM &#8211; Visibilizar estas agresiones genera incidencia pol\u00edtica"}]},{"@type":"WebSite","@id":"https:\/\/www.participacionciudadana.org\/web\/#website","url":"https:\/\/www.participacionciudadana.org\/web\/","name":"Participaci\u00f3n Ciudadana","description":"Comprometidos con la democracia","publisher":{"@id":"https:\/\/www.participacionciudadana.org\/web\/#organization"},"potentialAction":[{"@type":"SearchAction","target":{"@type":"EntryPoint","urlTemplate":"https:\/\/www.participacionciudadana.org\/web\/?s={search_term_string}"},"query-input":{"@type":"PropertyValueSpecification","valueRequired":true,"valueName":"search_term_string"}}],"inLanguage":"es"},{"@type":"Organization","@id":"https:\/\/www.participacionciudadana.org\/web\/#organization","name":"Participaci\u00f3n Ciudadana","url":"https:\/\/www.participacionciudadana.org\/web\/","logo":{"@type":"ImageObject","inLanguage":"es","@id":"https:\/\/www.participacionciudadana.org\/web\/#\/schema\/logo\/image\/","url":"https:\/\/www.participacionciudadana.org\/web\/wp-content\/uploads\/2021\/11\/cropped-logo_pc-1.png","contentUrl":"https:\/\/www.participacionciudadana.org\/web\/wp-content\/uploads\/2021\/11\/cropped-logo_pc-1.png","width":340,"height":114,"caption":"Participaci\u00f3n Ciudadana"},"image":{"@id":"https:\/\/www.participacionciudadana.org\/web\/#\/schema\/logo\/image\/"},"sameAs":["https:\/\/www.facebook.com\/ParticipacionPC\/","https:\/\/x.com\/ParticipacionPC"]},{"@type":"Person","@id":"https:\/\/www.participacionciudadana.org\/web\/#\/schema\/person\/67ded4b29f4c10d217a0e025340d23ea","name":"auzfabian","image":{"@type":"ImageObject","inLanguage":"es","@id":"https:\/\/www.participacionciudadana.org\/web\/#\/schema\/person\/image\/","url":"https:\/\/secure.gravatar.com\/avatar\/b07eacb2fae81fba8818d35abde16f5d26c3e833d77fabbeeb8d53523e796bde?s=96&d=mm&r=g","contentUrl":"https:\/\/secure.gravatar.com\/avatar\/b07eacb2fae81fba8818d35abde16f5d26c3e833d77fabbeeb8d53523e796bde?s=96&d=mm&r=g","caption":"auzfabian"},"sameAs":["https:\/\/www.participacionciudadana.org\/web"],"url":"https:\/\/www.participacionciudadana.org\/web\/author\/auzfabian\/"}]}},"_links":{"self":[{"href":"https:\/\/www.participacionciudadana.org\/web\/wp-json\/wp\/v2\/posts\/1976","targetHints":{"allow":["GET"]}}],"collection":[{"href":"https:\/\/www.participacionciudadana.org\/web\/wp-json\/wp\/v2\/posts"}],"about":[{"href":"https:\/\/www.participacionciudadana.org\/web\/wp-json\/wp\/v2\/types\/post"}],"author":[{"embeddable":true,"href":"https:\/\/www.participacionciudadana.org\/web\/wp-json\/wp\/v2\/users\/1"}],"replies":[{"embeddable":true,"href":"https:\/\/www.participacionciudadana.org\/web\/wp-json\/wp\/v2\/comments?post=1976"}],"version-history":[{"count":0,"href":"https:\/\/www.participacionciudadana.org\/web\/wp-json\/wp\/v2\/posts\/1976\/revisions"}],"wp:attachment":[{"href":"https:\/\/www.participacionciudadana.org\/web\/wp-json\/wp\/v2\/media?parent=1976"}],"wp:term":[{"taxonomy":"category","embeddable":true,"href":"https:\/\/www.participacionciudadana.org\/web\/wp-json\/wp\/v2\/categories?post=1976"},{"taxonomy":"post_tag","embeddable":true,"href":"https:\/\/www.participacionciudadana.org\/web\/wp-json\/wp\/v2\/tags?post=1976"}],"curies":[{"name":"wp","href":"https:\/\/api.w.org\/{rel}","templated":true}]}}