{"id":2084,"date":"2020-09-16T07:42:12","date_gmt":"2020-09-16T12:42:12","guid":{"rendered":"https:\/\/www.participacionciudadana.org\/web\/2020\/09\/16\/violencia-politica-de-genero-informe-de-agosto\/"},"modified":"2020-09-16T07:42:12","modified_gmt":"2020-09-16T12:42:12","slug":"violencia-politica-de-genero-informe-de-agosto","status":"publish","type":"post","link":"https:\/\/www.participacionciudadana.org\/web\/2020\/09\/16\/violencia-politica-de-genero-informe-de-agosto\/","title":{"rendered":"Violencia pol\u00edtica de Genero &#8211; Informe de Agosto"},"content":{"rendered":"<div class=\"orange-message\">Violencia pol\u00edtica de Genero &#8211; Informe de Agosto<\/div>\n<p><span class=\"_5afx\" style=\"color: rgb(56, 88, 152); cursor: pointer; font-family: inherit; background-color: rgb(255, 255, 255); direction: ltr; unicode-bidi: isolate;\"><span class=\"_58cm\" style=\"font-family: inherit;\"><\/span><\/span>Hagamos de las redes un espacio libre de violencia pol\u00edtica. Para ese fin, Corporaci\u00f3n Participaci\u00f3n Ciudadana visibiliza todas las agresiones que sufren las mujeres pol\u00edticas en el Twitter Latinoam\u00e9rica.<\/p>\n<p>Presentamos los datos m\u00e1s relevantes de nuestro nuevo&nbsp;<span class=\"_5afx\" style=\"cursor: pointer; background-color: rgb(255, 255, 255); direction: ltr; unicode-bidi: isolate;\"><span class=\"_58cm\" style=\"color: rgb(56, 88, 152); font-family: inherit;\">#MonitoreoViolenciaPC<\/span><span class=\"_58cm\" style=\"\"><font color=\"#1d2129\" face=\"system-ui, -apple-system, system-ui, .SFNSText-Regular, sans-serif\">.<\/font><\/span><\/span><\/p>\n<p><a data-link-type=\"custom\" href=\"https:\/\/www.participacionciudadana.org\/web\/wp-content\/uploads\/2020\/09\/20200916-informe-violencia.pdf\" target=\"_self\" title=\"Informe de agosto 2020\" rel=\"noopener\">Descarga la infograf\u00eda:&nbsp;??<\/a><\/p>\n<h3 class=\"drop_h3\">Invitamos a las gu\u00edas b\u00e1sicas que PC ha desarrollado para un voto responsable.&nbsp;<br \/>\n<a data-link-type=\"custom\" href=\"https:\/\/bit.ly\/3hflJj9\" target=\"_self\" title=\"Descubre a tus candidatos\" rel=\"noopener\">Gu\u00eda Uno ?<\/a><\/h3>\n<h3 class=\"drop_h3\"><a data-link-type=\"custom\" href=\"https:\/\/bit.ly\/3hCvcRX\" target=\"_self\" title=\"Anatom\u00eda de un candidato\" rel=\"noopener\">Gu\u00eda Dos&nbsp;?<\/a><\/h3>\n","protected":false},"excerpt":{"rendered":"<p>Violencia pol\u00edtica de Genero &#8211; Informe de Agosto Hagamos de las redes un espacio libre de violencia pol\u00edtica. Para ese fin, Corporaci\u00f3n Participaci\u00f3n Ciudadana visibiliza todas las agresiones que sufren las mujeres pol\u00edticas en el Twitter Latinoam\u00e9rica. Presentamos los datos m\u00e1s relevantes de nuestro nuevo&nbsp;#MonitoreoViolenciaPC. Descarga la infograf\u00eda:&nbsp;?? Invitamos a las gu\u00edas b\u00e1sicas que PC [&hellip;]<\/p>\n","protected":false},"author":1,"featured_media":0,"comment_status":"open","ping_status":"open","sticky":false,"template":"","format":"standard","meta":{"site-sidebar-layout":"default","site-content-layout":"","ast-site-content-layout":"default","site-content-style":"default","site-sidebar-style":"default","ast-global-header-display":"","ast-banner-title-visibility":"","ast-main-header-display":"","ast-hfb-above-header-display":"","ast-hfb-below-header-display":"","ast-hfb-mobile-header-display":"","site-post-title":"","ast-breadcrumbs-content":"","ast-featured-img":"","footer-sml-layout":"","ast-disable-related-posts":"","theme-transparent-header-meta":"","adv-header-id-meta":"","stick-header-meta":"","header-above-stick-meta":"","header-main-stick-meta":"","header-below-stick-meta":"","astra-migrate-meta-layouts":"default","ast-page-background-enabled":"default","ast-page-background-meta":{"desktop":{"background-color":"","background-image":"","background-repeat":"repeat","background-position":"center center","background-size":"auto","background-attachment":"scroll","background-type":"","background-media":"","overlay-type":"","overlay-color":"","overlay-opacity":"","overlay-gradient":""},"tablet":{"background-color":"","background-image":"","background-repeat":"repeat","background-position":"center center","background-size":"auto","background-attachment":"scroll","background-type":"","background-media":"","overlay-type":"","overlay-color":"","overlay-opacity":"","overlay-gradient":""},"mobile":{"background-color":"","background-image":"","background-repeat":"repeat","background-position":"center center","background-size":"auto","background-attachment":"scroll","background-type":"","background-media":"","overlay-type":"","overlay-color":"","overlay-opacity":"","overlay-gradient":""}},"ast-content-background-meta":{"desktop":{"background-color":"var(--ast-global-color-5)","background-image":"","background-repeat":"repeat","background-position":"center center","background-size":"auto","background-attachment":"scroll","background-type":"","background-media":"","overlay-type":"","overlay-color":"","overlay-opacity":"","overlay-gradient":""},"tablet":{"background-color":"var(--ast-global-color-5)","background-image":"","background-repeat":"repeat","background-position":"center center","background-size":"auto","background-attachment":"scroll","background-type":"","background-media":"","overlay-type":"","overlay-color":"","overlay-opacity":"","overlay-gradient":""},"mobile":{"background-color":"var(--ast-global-color-5)","background-image":"","background-repeat":"repeat","background-position":"center center","background-size":"auto","background-attachment":"scroll","background-type":"","background-media":"","overlay-type":"","overlay-color":"","overlay-opacity":"","overlay-gradient":""}},"_joinchat":[],"footnotes":""},"categories":[16],"tags":[],"class_list":["post-2084","post","type-post","status-publish","format-standard","hentry","category-actualidad"],"yoast_head":"<!-- This site is optimized with the Yoast SEO plugin v26.5 - https:\/\/yoast.com\/wordpress\/plugins\/seo\/ -->\n<title>Violencia pol\u00edtica de Genero - Informe de Agosto - Participaci\u00f3n Ciudadana<\/title>\n<meta name=\"robots\" content=\"index, follow, max-snippet:-1, max-image-preview:large, max-video-preview:-1\" \/>\n<link rel=\"canonical\" href=\"https:\/\/www.participacionciudadana.org\/web\/2020\/09\/16\/violencia-politica-de-genero-informe-de-agosto\/\" \/>\n<meta property=\"og:locale\" content=\"es_ES\" \/>\n<meta property=\"og:type\" content=\"article\" \/>\n<meta property=\"og:title\" content=\"Violencia pol\u00edtica de Genero - Informe de Agosto - Participaci\u00f3n Ciudadana\" \/>\n<meta property=\"og:description\" content=\"Violencia pol\u00edtica de Genero &#8211; Informe de Agosto Hagamos de las redes un espacio libre de violencia pol\u00edtica. Para ese fin, Corporaci\u00f3n Participaci\u00f3n Ciudadana visibiliza todas las agresiones que sufren las mujeres pol\u00edticas en el Twitter Latinoam\u00e9rica. Presentamos los datos m\u00e1s relevantes de nuestro nuevo&nbsp;#MonitoreoViolenciaPC. Descarga la infograf\u00eda:&nbsp;?? Invitamos a las gu\u00edas b\u00e1sicas que PC [&hellip;]\" \/>\n<meta property=\"og:url\" content=\"https:\/\/www.participacionciudadana.org\/web\/2020\/09\/16\/violencia-politica-de-genero-informe-de-agosto\/\" \/>\n<meta property=\"og:site_name\" content=\"Participaci\u00f3n Ciudadana\" \/>\n<meta property=\"article:publisher\" content=\"https:\/\/www.facebook.com\/ParticipacionPC\/\" \/>\n<meta property=\"article:published_time\" content=\"2020-09-16T12:42:12+00:00\" \/>\n<meta name=\"author\" content=\"auzfabian\" \/>\n<meta name=\"twitter:card\" content=\"summary_large_image\" \/>\n<meta name=\"twitter:creator\" content=\"@ParticipacionPC\" \/>\n<meta name=\"twitter:site\" content=\"@ParticipacionPC\" \/>\n<meta name=\"twitter:label1\" content=\"Escrito por\" \/>\n\t<meta name=\"twitter:data1\" content=\"auzfabian\" \/>\n<script type=\"application\/ld+json\" class=\"yoast-schema-graph\">{\"@context\":\"https:\/\/schema.org\",\"@graph\":[{\"@type\":\"Article\",\"@id\":\"https:\/\/www.participacionciudadana.org\/web\/2020\/09\/16\/violencia-politica-de-genero-informe-de-agosto\/#article\",\"isPartOf\":{\"@id\":\"https:\/\/www.participacionciudadana.org\/web\/2020\/09\/16\/violencia-politica-de-genero-informe-de-agosto\/\"},\"author\":{\"name\":\"auzfabian\",\"@id\":\"https:\/\/www.participacionciudadana.org\/web\/#\/schema\/person\/67ded4b29f4c10d217a0e025340d23ea\"},\"headline\":\"Violencia pol\u00edtica de Genero &#8211; Informe de Agosto\",\"datePublished\":\"2020-09-16T12:42:12+00:00\",\"mainEntityOfPage\":{\"@id\":\"https:\/\/www.participacionciudadana.org\/web\/2020\/09\/16\/violencia-politica-de-genero-informe-de-agosto\/\"},\"wordCount\":91,\"commentCount\":0,\"publisher\":{\"@id\":\"https:\/\/www.participacionciudadana.org\/web\/#organization\"},\"articleSection\":[\"Actualidad\"],\"inLanguage\":\"es\",\"potentialAction\":[{\"@type\":\"CommentAction\",\"name\":\"Comment\",\"target\":[\"https:\/\/www.participacionciudadana.org\/web\/2020\/09\/16\/violencia-politica-de-genero-informe-de-agosto\/#respond\"]}]},{\"@type\":\"WebPage\",\"@id\":\"https:\/\/www.participacionciudadana.org\/web\/2020\/09\/16\/violencia-politica-de-genero-informe-de-agosto\/\",\"url\":\"https:\/\/www.participacionciudadana.org\/web\/2020\/09\/16\/violencia-politica-de-genero-informe-de-agosto\/\",\"name\":\"Violencia pol\u00edtica de Genero - Informe de Agosto - Participaci\u00f3n Ciudadana\",\"isPartOf\":{\"@id\":\"https:\/\/www.participacionciudadana.org\/web\/#website\"},\"datePublished\":\"2020-09-16T12:42:12+00:00\",\"breadcrumb\":{\"@id\":\"https:\/\/www.participacionciudadana.org\/web\/2020\/09\/16\/violencia-politica-de-genero-informe-de-agosto\/#breadcrumb\"},\"inLanguage\":\"es\",\"potentialAction\":[{\"@type\":\"ReadAction\",\"target\":[\"https:\/\/www.participacionciudadana.org\/web\/2020\/09\/16\/violencia-politica-de-genero-informe-de-agosto\/\"]}]},{\"@type\":\"BreadcrumbList\",\"@id\":\"https:\/\/www.participacionciudadana.org\/web\/2020\/09\/16\/violencia-politica-de-genero-informe-de-agosto\/#breadcrumb\",\"itemListElement\":[{\"@type\":\"ListItem\",\"position\":1,\"name\":\"Portada\",\"item\":\"https:\/\/www.participacionciudadana.org\/web\/\"},{\"@type\":\"ListItem\",\"position\":2,\"name\":\"Violencia pol\u00edtica de Genero &#8211; Informe de Agosto\"}]},{\"@type\":\"WebSite\",\"@id\":\"https:\/\/www.participacionciudadana.org\/web\/#website\",\"url\":\"https:\/\/www.participacionciudadana.org\/web\/\",\"name\":\"Participaci\u00f3n Ciudadana\",\"description\":\"Comprometidos con la democracia\",\"publisher\":{\"@id\":\"https:\/\/www.participacionciudadana.org\/web\/#organization\"},\"potentialAction\":[{\"@type\":\"SearchAction\",\"target\":{\"@type\":\"EntryPoint\",\"urlTemplate\":\"https:\/\/www.participacionciudadana.org\/web\/?s={search_term_string}\"},\"query-input\":{\"@type\":\"PropertyValueSpecification\",\"valueRequired\":true,\"valueName\":\"search_term_string\"}}],\"inLanguage\":\"es\"},{\"@type\":\"Organization\",\"@id\":\"https:\/\/www.participacionciudadana.org\/web\/#organization\",\"name\":\"Participaci\u00f3n Ciudadana\",\"url\":\"https:\/\/www.participacionciudadana.org\/web\/\",\"logo\":{\"@type\":\"ImageObject\",\"inLanguage\":\"es\",\"@id\":\"https:\/\/www.participacionciudadana.org\/web\/#\/schema\/logo\/image\/\",\"url\":\"https:\/\/www.participacionciudadana.org\/web\/wp-content\/uploads\/2021\/11\/cropped-logo_pc-1.png\",\"contentUrl\":\"https:\/\/www.participacionciudadana.org\/web\/wp-content\/uploads\/2021\/11\/cropped-logo_pc-1.png\",\"width\":340,\"height\":114,\"caption\":\"Participaci\u00f3n Ciudadana\"},\"image\":{\"@id\":\"https:\/\/www.participacionciudadana.org\/web\/#\/schema\/logo\/image\/\"},\"sameAs\":[\"https:\/\/www.facebook.com\/ParticipacionPC\/\",\"https:\/\/x.com\/ParticipacionPC\"]},{\"@type\":\"Person\",\"@id\":\"https:\/\/www.participacionciudadana.org\/web\/#\/schema\/person\/67ded4b29f4c10d217a0e025340d23ea\",\"name\":\"auzfabian\",\"image\":{\"@type\":\"ImageObject\",\"inLanguage\":\"es\",\"@id\":\"https:\/\/www.participacionciudadana.org\/web\/#\/schema\/person\/image\/\",\"url\":\"https:\/\/secure.gravatar.com\/avatar\/b07eacb2fae81fba8818d35abde16f5d26c3e833d77fabbeeb8d53523e796bde?s=96&d=mm&r=g\",\"contentUrl\":\"https:\/\/secure.gravatar.com\/avatar\/b07eacb2fae81fba8818d35abde16f5d26c3e833d77fabbeeb8d53523e796bde?s=96&d=mm&r=g\",\"caption\":\"auzfabian\"},\"sameAs\":[\"https:\/\/www.participacionciudadana.org\/web\"],\"url\":\"https:\/\/www.participacionciudadana.org\/web\/author\/auzfabian\/\"}]}<\/script>\n<!-- \/ Yoast SEO plugin. -->","yoast_head_json":{"title":"Violencia pol\u00edtica de Genero - Informe de Agosto - Participaci\u00f3n Ciudadana","robots":{"index":"index","follow":"follow","max-snippet":"max-snippet:-1","max-image-preview":"max-image-preview:large","max-video-preview":"max-video-preview:-1"},"canonical":"https:\/\/www.participacionciudadana.org\/web\/2020\/09\/16\/violencia-politica-de-genero-informe-de-agosto\/","og_locale":"es_ES","og_type":"article","og_title":"Violencia pol\u00edtica de Genero - Informe de Agosto - Participaci\u00f3n Ciudadana","og_description":"Violencia pol\u00edtica de Genero &#8211; Informe de Agosto Hagamos de las redes un espacio libre de violencia pol\u00edtica. Para ese fin, Corporaci\u00f3n Participaci\u00f3n Ciudadana visibiliza todas las agresiones que sufren las mujeres pol\u00edticas en el Twitter Latinoam\u00e9rica. Presentamos los datos m\u00e1s relevantes de nuestro nuevo&nbsp;#MonitoreoViolenciaPC. Descarga la infograf\u00eda:&nbsp;?? Invitamos a las gu\u00edas b\u00e1sicas que PC [&hellip;]","og_url":"https:\/\/www.participacionciudadana.org\/web\/2020\/09\/16\/violencia-politica-de-genero-informe-de-agosto\/","og_site_name":"Participaci\u00f3n Ciudadana","article_publisher":"https:\/\/www.facebook.com\/ParticipacionPC\/","article_published_time":"2020-09-16T12:42:12+00:00","author":"auzfabian","twitter_card":"summary_large_image","twitter_creator":"@ParticipacionPC","twitter_site":"@ParticipacionPC","twitter_misc":{"Escrito por":"auzfabian"},"schema":{"@context":"https:\/\/schema.org","@graph":[{"@type":"Article","@id":"https:\/\/www.participacionciudadana.org\/web\/2020\/09\/16\/violencia-politica-de-genero-informe-de-agosto\/#article","isPartOf":{"@id":"https:\/\/www.participacionciudadana.org\/web\/2020\/09\/16\/violencia-politica-de-genero-informe-de-agosto\/"},"author":{"name":"auzfabian","@id":"https:\/\/www.participacionciudadana.org\/web\/#\/schema\/person\/67ded4b29f4c10d217a0e025340d23ea"},"headline":"Violencia pol\u00edtica de Genero &#8211; Informe de Agosto","datePublished":"2020-09-16T12:42:12+00:00","mainEntityOfPage":{"@id":"https:\/\/www.participacionciudadana.org\/web\/2020\/09\/16\/violencia-politica-de-genero-informe-de-agosto\/"},"wordCount":91,"commentCount":0,"publisher":{"@id":"https:\/\/www.participacionciudadana.org\/web\/#organization"},"articleSection":["Actualidad"],"inLanguage":"es","potentialAction":[{"@type":"CommentAction","name":"Comment","target":["https:\/\/www.participacionciudadana.org\/web\/2020\/09\/16\/violencia-politica-de-genero-informe-de-agosto\/#respond"]}]},{"@type":"WebPage","@id":"https:\/\/www.participacionciudadana.org\/web\/2020\/09\/16\/violencia-politica-de-genero-informe-de-agosto\/","url":"https:\/\/www.participacionciudadana.org\/web\/2020\/09\/16\/violencia-politica-de-genero-informe-de-agosto\/","name":"Violencia pol\u00edtica de Genero - Informe de Agosto - Participaci\u00f3n Ciudadana","isPartOf":{"@id":"https:\/\/www.participacionciudadana.org\/web\/#website"},"datePublished":"2020-09-16T12:42:12+00:00","breadcrumb":{"@id":"https:\/\/www.participacionciudadana.org\/web\/2020\/09\/16\/violencia-politica-de-genero-informe-de-agosto\/#breadcrumb"},"inLanguage":"es","potentialAction":[{"@type":"ReadAction","target":["https:\/\/www.participacionciudadana.org\/web\/2020\/09\/16\/violencia-politica-de-genero-informe-de-agosto\/"]}]},{"@type":"BreadcrumbList","@id":"https:\/\/www.participacionciudadana.org\/web\/2020\/09\/16\/violencia-politica-de-genero-informe-de-agosto\/#breadcrumb","itemListElement":[{"@type":"ListItem","position":1,"name":"Portada","item":"https:\/\/www.participacionciudadana.org\/web\/"},{"@type":"ListItem","position":2,"name":"Violencia pol\u00edtica de Genero &#8211; Informe de Agosto"}]},{"@type":"WebSite","@id":"https:\/\/www.participacionciudadana.org\/web\/#website","url":"https:\/\/www.participacionciudadana.org\/web\/","name":"Participaci\u00f3n Ciudadana","description":"Comprometidos con la democracia","publisher":{"@id":"https:\/\/www.participacionciudadana.org\/web\/#organization"},"potentialAction":[{"@type":"SearchAction","target":{"@type":"EntryPoint","urlTemplate":"https:\/\/www.participacionciudadana.org\/web\/?s={search_term_string}"},"query-input":{"@type":"PropertyValueSpecification","valueRequired":true,"valueName":"search_term_string"}}],"inLanguage":"es"},{"@type":"Organization","@id":"https:\/\/www.participacionciudadana.org\/web\/#organization","name":"Participaci\u00f3n Ciudadana","url":"https:\/\/www.participacionciudadana.org\/web\/","logo":{"@type":"ImageObject","inLanguage":"es","@id":"https:\/\/www.participacionciudadana.org\/web\/#\/schema\/logo\/image\/","url":"https:\/\/www.participacionciudadana.org\/web\/wp-content\/uploads\/2021\/11\/cropped-logo_pc-1.png","contentUrl":"https:\/\/www.participacionciudadana.org\/web\/wp-content\/uploads\/2021\/11\/cropped-logo_pc-1.png","width":340,"height":114,"caption":"Participaci\u00f3n Ciudadana"},"image":{"@id":"https:\/\/www.participacionciudadana.org\/web\/#\/schema\/logo\/image\/"},"sameAs":["https:\/\/www.facebook.com\/ParticipacionPC\/","https:\/\/x.com\/ParticipacionPC"]},{"@type":"Person","@id":"https:\/\/www.participacionciudadana.org\/web\/#\/schema\/person\/67ded4b29f4c10d217a0e025340d23ea","name":"auzfabian","image":{"@type":"ImageObject","inLanguage":"es","@id":"https:\/\/www.participacionciudadana.org\/web\/#\/schema\/person\/image\/","url":"https:\/\/secure.gravatar.com\/avatar\/b07eacb2fae81fba8818d35abde16f5d26c3e833d77fabbeeb8d53523e796bde?s=96&d=mm&r=g","contentUrl":"https:\/\/secure.gravatar.com\/avatar\/b07eacb2fae81fba8818d35abde16f5d26c3e833d77fabbeeb8d53523e796bde?s=96&d=mm&r=g","caption":"auzfabian"},"sameAs":["https:\/\/www.participacionciudadana.org\/web"],"url":"https:\/\/www.participacionciudadana.org\/web\/author\/auzfabian\/"}]}},"_links":{"self":[{"href":"https:\/\/www.participacionciudadana.org\/web\/wp-json\/wp\/v2\/posts\/2084","targetHints":{"allow":["GET"]}}],"collection":[{"href":"https:\/\/www.participacionciudadana.org\/web\/wp-json\/wp\/v2\/posts"}],"about":[{"href":"https:\/\/www.participacionciudadana.org\/web\/wp-json\/wp\/v2\/types\/post"}],"author":[{"embeddable":true,"href":"https:\/\/www.participacionciudadana.org\/web\/wp-json\/wp\/v2\/users\/1"}],"replies":[{"embeddable":true,"href":"https:\/\/www.participacionciudadana.org\/web\/wp-json\/wp\/v2\/comments?post=2084"}],"version-history":[{"count":0,"href":"https:\/\/www.participacionciudadana.org\/web\/wp-json\/wp\/v2\/posts\/2084\/revisions"}],"wp:attachment":[{"href":"https:\/\/www.participacionciudadana.org\/web\/wp-json\/wp\/v2\/media?parent=2084"}],"wp:term":[{"taxonomy":"category","embeddable":true,"href":"https:\/\/www.participacionciudadana.org\/web\/wp-json\/wp\/v2\/categories?post=2084"},{"taxonomy":"post_tag","embeddable":true,"href":"https:\/\/www.participacionciudadana.org\/web\/wp-json\/wp\/v2\/tags?post=2084"}],"curies":[{"name":"wp","href":"https:\/\/api.w.org\/{rel}","templated":true}]}}