{"id":2124,"date":"2020-10-21T12:08:29","date_gmt":"2020-10-21T17:08:29","guid":{"rendered":"https:\/\/www.participacionciudadana.org\/web\/2020\/10\/21\/capacitacion-45-comunicadores-nivel-nacional-taller-normas-electorales\/"},"modified":"2020-10-21T12:08:29","modified_gmt":"2020-10-21T17:08:29","slug":"capacitacion-45-comunicadores-nivel-nacional-taller-normas-electorales","status":"publish","type":"post","link":"https:\/\/www.participacionciudadana.org\/web\/2020\/10\/21\/capacitacion-45-comunicadores-nivel-nacional-taller-normas-electorales\/","title":{"rendered":"Capacitaci\u00f3n: 45 comunicadores a nivel nacional en el taller de Normas electorales"},"content":{"rendered":"<p>La Corporaci\u00f3n Participaci\u00f3n Ciudadana&nbsp;desarrolla el primer taller de normas electorales para periodistas.<\/p>\n<p>Asisten 45 comunicadores de Pichincha, Guayas, Manab\u00ed, El Oro, Los R\u00edos, Imbabura y Azuay.<\/p>\n<p>Las tem\u00e1ticas del encuentro ser\u00e1n las siguientes:<\/p>\n<ul id=\"bul-8282d8dd-afc7-6b83-c9b7-6b13a6ed2e44\">\n<li>Restricciones de publicidad oficial en \u00e9poca electoral de acuerdo con la Constituci\u00f3n y el C\u00f3digo de la Democracia.<\/li>\n<li>Par\u00e1metros legales para la publicidad electoral.<\/li>\n<li>Franjas publicitarias con financiamiento estatal.<\/li>\n<li>Restricciones en la publicidad electoral: uso de ni\u00f1os, violencia pol\u00edtica y otras normas. 5.- \u00bfQu\u00e9 pasa con la publicidad electoral en redes sociales?<\/li>\n<li>Cambio a listas cerradas y bloqueadas en la forma de votaci\u00f3n de asamble\u00edstas.<\/li>\n<li>Especificidades del m\u00e9todo Webster para la asignaci\u00f3n de esca\u00f1os de asamble\u00edstas nacionales y provinciales.<\/li>\n<\/ul>\n<p>Equidad hacia los actores pol\u00edticos en la cobertura period\u00edstica: prohibici\u00f3n de incidir a favor o en contra de un candidato.<\/p>\n<p>Conocedores de su alta responsabilidad ante sus lectores y audiencias, agradecemos&nbsp;a&nbsp;USAID,&nbsp;CounterpartEc y&nbsp;NDIecuador&nbsp;por su valioso apoyo a estas iniciativas.<\/p>\n<p>#TransparenciaPC<br \/>\n#Comunicaci\u00f3nPC<\/p>\n","protected":false},"excerpt":{"rendered":"<p>La Corporaci\u00f3n Participaci\u00f3n Ciudadana&nbsp;desarrolla el primer taller de normas electorales para periodistas. Asisten 45 comunicadores de Pichincha, Guayas, Manab\u00ed, El Oro, Los R\u00edos, Imbabura y Azuay. Las tem\u00e1ticas del encuentro ser\u00e1n las siguientes: Restricciones de publicidad oficial en \u00e9poca electoral de acuerdo con la Constituci\u00f3n y el C\u00f3digo de la Democracia. Par\u00e1metros legales para la [&hellip;]<\/p>\n","protected":false},"author":1,"featured_media":0,"comment_status":"open","ping_status":"open","sticky":false,"template":"","format":"standard","meta":{"site-sidebar-layout":"default","site-content-layout":"","ast-site-content-layout":"default","site-content-style":"default","site-sidebar-style":"default","ast-global-header-display":"","ast-banner-title-visibility":"","ast-main-header-display":"","ast-hfb-above-header-display":"","ast-hfb-below-header-display":"","ast-hfb-mobile-header-display":"","site-post-title":"","ast-breadcrumbs-content":"","ast-featured-img":"","footer-sml-layout":"","ast-disable-related-posts":"","theme-transparent-header-meta":"","adv-header-id-meta":"","stick-header-meta":"","header-above-stick-meta":"","header-main-stick-meta":"","header-below-stick-meta":"","astra-migrate-meta-layouts":"default","ast-page-background-enabled":"default","ast-page-background-meta":{"desktop":{"background-color":"","background-image":"","background-repeat":"repeat","background-position":"center center","background-size":"auto","background-attachment":"scroll","background-type":"","background-media":"","overlay-type":"","overlay-color":"","overlay-opacity":"","overlay-gradient":""},"tablet":{"background-color":"","background-image":"","background-repeat":"repeat","background-position":"center center","background-size":"auto","background-attachment":"scroll","background-type":"","background-media":"","overlay-type":"","overlay-color":"","overlay-opacity":"","overlay-gradient":""},"mobile":{"background-color":"","background-image":"","background-repeat":"repeat","background-position":"center center","background-size":"auto","background-attachment":"scroll","background-type":"","background-media":"","overlay-type":"","overlay-color":"","overlay-opacity":"","overlay-gradient":""}},"ast-content-background-meta":{"desktop":{"background-color":"var(--ast-global-color-5)","background-image":"","background-repeat":"repeat","background-position":"center center","background-size":"auto","background-attachment":"scroll","background-type":"","background-media":"","overlay-type":"","overlay-color":"","overlay-opacity":"","overlay-gradient":""},"tablet":{"background-color":"var(--ast-global-color-5)","background-image":"","background-repeat":"repeat","background-position":"center center","background-size":"auto","background-attachment":"scroll","background-type":"","background-media":"","overlay-type":"","overlay-color":"","overlay-opacity":"","overlay-gradient":""},"mobile":{"background-color":"var(--ast-global-color-5)","background-image":"","background-repeat":"repeat","background-position":"center center","background-size":"auto","background-attachment":"scroll","background-type":"","background-media":"","overlay-type":"","overlay-color":"","overlay-opacity":"","overlay-gradient":""}},"_joinchat":[],"footnotes":""},"categories":[16],"tags":[],"class_list":["post-2124","post","type-post","status-publish","format-standard","hentry","category-actualidad"],"yoast_head":"<!-- This site is optimized with the Yoast SEO plugin v26.5 - https:\/\/yoast.com\/wordpress\/plugins\/seo\/ -->\n<title>Capacitaci\u00f3n: 45 comunicadores a nivel nacional en el taller de Normas electorales - Participaci\u00f3n Ciudadana<\/title>\n<meta name=\"robots\" content=\"index, follow, max-snippet:-1, max-image-preview:large, max-video-preview:-1\" \/>\n<link rel=\"canonical\" href=\"https:\/\/www.participacionciudadana.org\/web\/2020\/10\/21\/capacitacion-45-comunicadores-nivel-nacional-taller-normas-electorales\/\" \/>\n<meta property=\"og:locale\" content=\"es_ES\" \/>\n<meta property=\"og:type\" content=\"article\" \/>\n<meta property=\"og:title\" content=\"Capacitaci\u00f3n: 45 comunicadores a nivel nacional en el taller de Normas electorales - Participaci\u00f3n Ciudadana\" \/>\n<meta property=\"og:description\" content=\"La Corporaci\u00f3n Participaci\u00f3n Ciudadana&nbsp;desarrolla el primer taller de normas electorales para periodistas. Asisten 45 comunicadores de Pichincha, Guayas, Manab\u00ed, El Oro, Los R\u00edos, Imbabura y Azuay. Las tem\u00e1ticas del encuentro ser\u00e1n las siguientes: Restricciones de publicidad oficial en \u00e9poca electoral de acuerdo con la Constituci\u00f3n y el C\u00f3digo de la Democracia. Par\u00e1metros legales para la [&hellip;]\" \/>\n<meta property=\"og:url\" content=\"https:\/\/www.participacionciudadana.org\/web\/2020\/10\/21\/capacitacion-45-comunicadores-nivel-nacional-taller-normas-electorales\/\" \/>\n<meta property=\"og:site_name\" content=\"Participaci\u00f3n Ciudadana\" \/>\n<meta property=\"article:publisher\" content=\"https:\/\/www.facebook.com\/ParticipacionPC\/\" \/>\n<meta property=\"article:published_time\" content=\"2020-10-21T17:08:29+00:00\" \/>\n<meta name=\"author\" content=\"auzfabian\" \/>\n<meta name=\"twitter:card\" content=\"summary_large_image\" \/>\n<meta name=\"twitter:creator\" content=\"@ParticipacionPC\" \/>\n<meta name=\"twitter:site\" content=\"@ParticipacionPC\" \/>\n<meta name=\"twitter:label1\" content=\"Escrito por\" \/>\n\t<meta name=\"twitter:data1\" content=\"auzfabian\" \/>\n\t<meta name=\"twitter:label2\" content=\"Tiempo de lectura\" \/>\n\t<meta name=\"twitter:data2\" content=\"1 minuto\" \/>\n<script type=\"application\/ld+json\" class=\"yoast-schema-graph\">{\"@context\":\"https:\/\/schema.org\",\"@graph\":[{\"@type\":\"Article\",\"@id\":\"https:\/\/www.participacionciudadana.org\/web\/2020\/10\/21\/capacitacion-45-comunicadores-nivel-nacional-taller-normas-electorales\/#article\",\"isPartOf\":{\"@id\":\"https:\/\/www.participacionciudadana.org\/web\/2020\/10\/21\/capacitacion-45-comunicadores-nivel-nacional-taller-normas-electorales\/\"},\"author\":{\"name\":\"auzfabian\",\"@id\":\"https:\/\/www.participacionciudadana.org\/web\/#\/schema\/person\/67ded4b29f4c10d217a0e025340d23ea\"},\"headline\":\"Capacitaci\u00f3n: 45 comunicadores a nivel nacional en el taller de Normas electorales\",\"datePublished\":\"2020-10-21T17:08:29+00:00\",\"mainEntityOfPage\":{\"@id\":\"https:\/\/www.participacionciudadana.org\/web\/2020\/10\/21\/capacitacion-45-comunicadores-nivel-nacional-taller-normas-electorales\/\"},\"wordCount\":195,\"commentCount\":0,\"publisher\":{\"@id\":\"https:\/\/www.participacionciudadana.org\/web\/#organization\"},\"articleSection\":[\"Actualidad\"],\"inLanguage\":\"es\",\"potentialAction\":[{\"@type\":\"CommentAction\",\"name\":\"Comment\",\"target\":[\"https:\/\/www.participacionciudadana.org\/web\/2020\/10\/21\/capacitacion-45-comunicadores-nivel-nacional-taller-normas-electorales\/#respond\"]}]},{\"@type\":\"WebPage\",\"@id\":\"https:\/\/www.participacionciudadana.org\/web\/2020\/10\/21\/capacitacion-45-comunicadores-nivel-nacional-taller-normas-electorales\/\",\"url\":\"https:\/\/www.participacionciudadana.org\/web\/2020\/10\/21\/capacitacion-45-comunicadores-nivel-nacional-taller-normas-electorales\/\",\"name\":\"Capacitaci\u00f3n: 45 comunicadores a nivel nacional en el taller de Normas electorales - Participaci\u00f3n Ciudadana\",\"isPartOf\":{\"@id\":\"https:\/\/www.participacionciudadana.org\/web\/#website\"},\"datePublished\":\"2020-10-21T17:08:29+00:00\",\"breadcrumb\":{\"@id\":\"https:\/\/www.participacionciudadana.org\/web\/2020\/10\/21\/capacitacion-45-comunicadores-nivel-nacional-taller-normas-electorales\/#breadcrumb\"},\"inLanguage\":\"es\",\"potentialAction\":[{\"@type\":\"ReadAction\",\"target\":[\"https:\/\/www.participacionciudadana.org\/web\/2020\/10\/21\/capacitacion-45-comunicadores-nivel-nacional-taller-normas-electorales\/\"]}]},{\"@type\":\"BreadcrumbList\",\"@id\":\"https:\/\/www.participacionciudadana.org\/web\/2020\/10\/21\/capacitacion-45-comunicadores-nivel-nacional-taller-normas-electorales\/#breadcrumb\",\"itemListElement\":[{\"@type\":\"ListItem\",\"position\":1,\"name\":\"Portada\",\"item\":\"https:\/\/www.participacionciudadana.org\/web\/\"},{\"@type\":\"ListItem\",\"position\":2,\"name\":\"Capacitaci\u00f3n: 45 comunicadores a nivel nacional en el taller de Normas electorales\"}]},{\"@type\":\"WebSite\",\"@id\":\"https:\/\/www.participacionciudadana.org\/web\/#website\",\"url\":\"https:\/\/www.participacionciudadana.org\/web\/\",\"name\":\"Participaci\u00f3n Ciudadana\",\"description\":\"Comprometidos con la democracia\",\"publisher\":{\"@id\":\"https:\/\/www.participacionciudadana.org\/web\/#organization\"},\"potentialAction\":[{\"@type\":\"SearchAction\",\"target\":{\"@type\":\"EntryPoint\",\"urlTemplate\":\"https:\/\/www.participacionciudadana.org\/web\/?s={search_term_string}\"},\"query-input\":{\"@type\":\"PropertyValueSpecification\",\"valueRequired\":true,\"valueName\":\"search_term_string\"}}],\"inLanguage\":\"es\"},{\"@type\":\"Organization\",\"@id\":\"https:\/\/www.participacionciudadana.org\/web\/#organization\",\"name\":\"Participaci\u00f3n Ciudadana\",\"url\":\"https:\/\/www.participacionciudadana.org\/web\/\",\"logo\":{\"@type\":\"ImageObject\",\"inLanguage\":\"es\",\"@id\":\"https:\/\/www.participacionciudadana.org\/web\/#\/schema\/logo\/image\/\",\"url\":\"https:\/\/www.participacionciudadana.org\/web\/wp-content\/uploads\/2021\/11\/cropped-logo_pc-1.png\",\"contentUrl\":\"https:\/\/www.participacionciudadana.org\/web\/wp-content\/uploads\/2021\/11\/cropped-logo_pc-1.png\",\"width\":340,\"height\":114,\"caption\":\"Participaci\u00f3n Ciudadana\"},\"image\":{\"@id\":\"https:\/\/www.participacionciudadana.org\/web\/#\/schema\/logo\/image\/\"},\"sameAs\":[\"https:\/\/www.facebook.com\/ParticipacionPC\/\",\"https:\/\/x.com\/ParticipacionPC\"]},{\"@type\":\"Person\",\"@id\":\"https:\/\/www.participacionciudadana.org\/web\/#\/schema\/person\/67ded4b29f4c10d217a0e025340d23ea\",\"name\":\"auzfabian\",\"image\":{\"@type\":\"ImageObject\",\"inLanguage\":\"es\",\"@id\":\"https:\/\/www.participacionciudadana.org\/web\/#\/schema\/person\/image\/\",\"url\":\"https:\/\/secure.gravatar.com\/avatar\/b07eacb2fae81fba8818d35abde16f5d26c3e833d77fabbeeb8d53523e796bde?s=96&d=mm&r=g\",\"contentUrl\":\"https:\/\/secure.gravatar.com\/avatar\/b07eacb2fae81fba8818d35abde16f5d26c3e833d77fabbeeb8d53523e796bde?s=96&d=mm&r=g\",\"caption\":\"auzfabian\"},\"sameAs\":[\"https:\/\/www.participacionciudadana.org\/web\"],\"url\":\"https:\/\/www.participacionciudadana.org\/web\/author\/auzfabian\/\"}]}<\/script>\n<!-- \/ Yoast SEO plugin. -->","yoast_head_json":{"title":"Capacitaci\u00f3n: 45 comunicadores a nivel nacional en el taller de Normas electorales - Participaci\u00f3n Ciudadana","robots":{"index":"index","follow":"follow","max-snippet":"max-snippet:-1","max-image-preview":"max-image-preview:large","max-video-preview":"max-video-preview:-1"},"canonical":"https:\/\/www.participacionciudadana.org\/web\/2020\/10\/21\/capacitacion-45-comunicadores-nivel-nacional-taller-normas-electorales\/","og_locale":"es_ES","og_type":"article","og_title":"Capacitaci\u00f3n: 45 comunicadores a nivel nacional en el taller de Normas electorales - Participaci\u00f3n Ciudadana","og_description":"La Corporaci\u00f3n Participaci\u00f3n Ciudadana&nbsp;desarrolla el primer taller de normas electorales para periodistas. Asisten 45 comunicadores de Pichincha, Guayas, Manab\u00ed, El Oro, Los R\u00edos, Imbabura y Azuay. Las tem\u00e1ticas del encuentro ser\u00e1n las siguientes: Restricciones de publicidad oficial en \u00e9poca electoral de acuerdo con la Constituci\u00f3n y el C\u00f3digo de la Democracia. Par\u00e1metros legales para la [&hellip;]","og_url":"https:\/\/www.participacionciudadana.org\/web\/2020\/10\/21\/capacitacion-45-comunicadores-nivel-nacional-taller-normas-electorales\/","og_site_name":"Participaci\u00f3n Ciudadana","article_publisher":"https:\/\/www.facebook.com\/ParticipacionPC\/","article_published_time":"2020-10-21T17:08:29+00:00","author":"auzfabian","twitter_card":"summary_large_image","twitter_creator":"@ParticipacionPC","twitter_site":"@ParticipacionPC","twitter_misc":{"Escrito por":"auzfabian","Tiempo de lectura":"1 minuto"},"schema":{"@context":"https:\/\/schema.org","@graph":[{"@type":"Article","@id":"https:\/\/www.participacionciudadana.org\/web\/2020\/10\/21\/capacitacion-45-comunicadores-nivel-nacional-taller-normas-electorales\/#article","isPartOf":{"@id":"https:\/\/www.participacionciudadana.org\/web\/2020\/10\/21\/capacitacion-45-comunicadores-nivel-nacional-taller-normas-electorales\/"},"author":{"name":"auzfabian","@id":"https:\/\/www.participacionciudadana.org\/web\/#\/schema\/person\/67ded4b29f4c10d217a0e025340d23ea"},"headline":"Capacitaci\u00f3n: 45 comunicadores a nivel nacional en el taller de Normas electorales","datePublished":"2020-10-21T17:08:29+00:00","mainEntityOfPage":{"@id":"https:\/\/www.participacionciudadana.org\/web\/2020\/10\/21\/capacitacion-45-comunicadores-nivel-nacional-taller-normas-electorales\/"},"wordCount":195,"commentCount":0,"publisher":{"@id":"https:\/\/www.participacionciudadana.org\/web\/#organization"},"articleSection":["Actualidad"],"inLanguage":"es","potentialAction":[{"@type":"CommentAction","name":"Comment","target":["https:\/\/www.participacionciudadana.org\/web\/2020\/10\/21\/capacitacion-45-comunicadores-nivel-nacional-taller-normas-electorales\/#respond"]}]},{"@type":"WebPage","@id":"https:\/\/www.participacionciudadana.org\/web\/2020\/10\/21\/capacitacion-45-comunicadores-nivel-nacional-taller-normas-electorales\/","url":"https:\/\/www.participacionciudadana.org\/web\/2020\/10\/21\/capacitacion-45-comunicadores-nivel-nacional-taller-normas-electorales\/","name":"Capacitaci\u00f3n: 45 comunicadores a nivel nacional en el taller de Normas electorales - Participaci\u00f3n Ciudadana","isPartOf":{"@id":"https:\/\/www.participacionciudadana.org\/web\/#website"},"datePublished":"2020-10-21T17:08:29+00:00","breadcrumb":{"@id":"https:\/\/www.participacionciudadana.org\/web\/2020\/10\/21\/capacitacion-45-comunicadores-nivel-nacional-taller-normas-electorales\/#breadcrumb"},"inLanguage":"es","potentialAction":[{"@type":"ReadAction","target":["https:\/\/www.participacionciudadana.org\/web\/2020\/10\/21\/capacitacion-45-comunicadores-nivel-nacional-taller-normas-electorales\/"]}]},{"@type":"BreadcrumbList","@id":"https:\/\/www.participacionciudadana.org\/web\/2020\/10\/21\/capacitacion-45-comunicadores-nivel-nacional-taller-normas-electorales\/#breadcrumb","itemListElement":[{"@type":"ListItem","position":1,"name":"Portada","item":"https:\/\/www.participacionciudadana.org\/web\/"},{"@type":"ListItem","position":2,"name":"Capacitaci\u00f3n: 45 comunicadores a nivel nacional en el taller de Normas electorales"}]},{"@type":"WebSite","@id":"https:\/\/www.participacionciudadana.org\/web\/#website","url":"https:\/\/www.participacionciudadana.org\/web\/","name":"Participaci\u00f3n Ciudadana","description":"Comprometidos con la democracia","publisher":{"@id":"https:\/\/www.participacionciudadana.org\/web\/#organization"},"potentialAction":[{"@type":"SearchAction","target":{"@type":"EntryPoint","urlTemplate":"https:\/\/www.participacionciudadana.org\/web\/?s={search_term_string}"},"query-input":{"@type":"PropertyValueSpecification","valueRequired":true,"valueName":"search_term_string"}}],"inLanguage":"es"},{"@type":"Organization","@id":"https:\/\/www.participacionciudadana.org\/web\/#organization","name":"Participaci\u00f3n Ciudadana","url":"https:\/\/www.participacionciudadana.org\/web\/","logo":{"@type":"ImageObject","inLanguage":"es","@id":"https:\/\/www.participacionciudadana.org\/web\/#\/schema\/logo\/image\/","url":"https:\/\/www.participacionciudadana.org\/web\/wp-content\/uploads\/2021\/11\/cropped-logo_pc-1.png","contentUrl":"https:\/\/www.participacionciudadana.org\/web\/wp-content\/uploads\/2021\/11\/cropped-logo_pc-1.png","width":340,"height":114,"caption":"Participaci\u00f3n Ciudadana"},"image":{"@id":"https:\/\/www.participacionciudadana.org\/web\/#\/schema\/logo\/image\/"},"sameAs":["https:\/\/www.facebook.com\/ParticipacionPC\/","https:\/\/x.com\/ParticipacionPC"]},{"@type":"Person","@id":"https:\/\/www.participacionciudadana.org\/web\/#\/schema\/person\/67ded4b29f4c10d217a0e025340d23ea","name":"auzfabian","image":{"@type":"ImageObject","inLanguage":"es","@id":"https:\/\/www.participacionciudadana.org\/web\/#\/schema\/person\/image\/","url":"https:\/\/secure.gravatar.com\/avatar\/b07eacb2fae81fba8818d35abde16f5d26c3e833d77fabbeeb8d53523e796bde?s=96&d=mm&r=g","contentUrl":"https:\/\/secure.gravatar.com\/avatar\/b07eacb2fae81fba8818d35abde16f5d26c3e833d77fabbeeb8d53523e796bde?s=96&d=mm&r=g","caption":"auzfabian"},"sameAs":["https:\/\/www.participacionciudadana.org\/web"],"url":"https:\/\/www.participacionciudadana.org\/web\/author\/auzfabian\/"}]}},"_links":{"self":[{"href":"https:\/\/www.participacionciudadana.org\/web\/wp-json\/wp\/v2\/posts\/2124","targetHints":{"allow":["GET"]}}],"collection":[{"href":"https:\/\/www.participacionciudadana.org\/web\/wp-json\/wp\/v2\/posts"}],"about":[{"href":"https:\/\/www.participacionciudadana.org\/web\/wp-json\/wp\/v2\/types\/post"}],"author":[{"embeddable":true,"href":"https:\/\/www.participacionciudadana.org\/web\/wp-json\/wp\/v2\/users\/1"}],"replies":[{"embeddable":true,"href":"https:\/\/www.participacionciudadana.org\/web\/wp-json\/wp\/v2\/comments?post=2124"}],"version-history":[{"count":0,"href":"https:\/\/www.participacionciudadana.org\/web\/wp-json\/wp\/v2\/posts\/2124\/revisions"}],"wp:attachment":[{"href":"https:\/\/www.participacionciudadana.org\/web\/wp-json\/wp\/v2\/media?parent=2124"}],"wp:term":[{"taxonomy":"category","embeddable":true,"href":"https:\/\/www.participacionciudadana.org\/web\/wp-json\/wp\/v2\/categories?post=2124"},{"taxonomy":"post_tag","embeddable":true,"href":"https:\/\/www.participacionciudadana.org\/web\/wp-json\/wp\/v2\/tags?post=2124"}],"curies":[{"name":"wp","href":"https:\/\/api.w.org\/{rel}","templated":true}]}}