{"id":2238,"date":"2021-04-01T16:41:13","date_gmt":"2021-04-01T21:41:13","guid":{"rendered":"https:\/\/www.participacionciudadana.org\/web\/2021\/04\/01\/septimo-informe-de-pc-sobre-utilizacion-del-fondo-de-promocion-electoral\/"},"modified":"2021-04-01T16:41:13","modified_gmt":"2021-04-01T21:41:13","slug":"septimo-informe-de-pc-sobre-utilizacion-del-fondo-de-promocion-electoral","status":"publish","type":"post","link":"https:\/\/www.participacionciudadana.org\/web\/2021\/04\/01\/septimo-informe-de-pc-sobre-utilizacion-del-fondo-de-promocion-electoral\/","title":{"rendered":"S\u00e9ptimo informe de PC sobre utilizaci\u00f3n del Fondo de Promoci\u00f3n Electoral"},"content":{"rendered":"<p style=\"text-align: justify;\"><span style=\"color: #000000;\">El Centro de Monitoreo de Medios de la Corporaci\u00f3n Participaci\u00f3n Ciudadana presenta el informe del 22 al 28 de marzo de 2021. En este tiempo se observ\u00f3 promoci\u00f3n electoral de los dos candidatos a la Presidencia de la Rep\u00fablica, en los 11 canales de televisi\u00f3n de se\u00f1al nacional que monitorea el centro.<\/span><\/p>\n<p style=\"text-align: justify;\"><span style=\"color: #000000;\">El Centro de Monitoreo tambi\u00e9n realiz\u00f3 una medici\u00f3n del tiempo de exposici\u00f3n de entrevistas de los candidatos presidenciales en los 11 canales de televisi\u00f3n observados: Televisi\u00f3n: Ecuavisa, Teleamazonas, Ecuador TV, GamaTV, RTU, RTS, Canal Uno, ETV Telerama, TC Televisi\u00f3n, Oromar, TVC.<\/span><\/p>\n<p style=\"text-align: justify;\"><span style=\"color: #000000;\">Descarga los resultados del monitoreo aqu\u00ed:<\/span><\/p>\n<p><img decoding=\"async\" class=\" size-full wp-image-2197\" src=\"https:\/\/www.participacionciudadana.org\/web\/wp-content\/uploads\/2021\/01\/t.gif\" alt=\"\" style=\"background: url('\/components\/com_dropfiles\/assets\/images\/file_download.png') no-repeat scroll center center #444444; height: 100px; border-radius: 10px; width: 99%;\" data-dropfilesfile=\"36\" data-dropfilesfilecategory=\"25\" data-file=\"36\" width=\"1\" height=\"1\" \/><\/p>\n<p><img decoding=\"async\" class=\" size-full wp-image-2197\" src=\"https:\/\/www.participacionciudadana.org\/web\/wp-content\/uploads\/2021\/01\/t.gif\" alt=\"\" style=\"background: url('\/components\/com_dropfiles\/assets\/images\/file_download.png') no-repeat scroll center center #444444; height: 100px; border-radius: 10px; width: 99%;\" data-dropfilesfile=\"37\" data-dropfilesfilecategory=\"25\" data-file=\"37\" width=\"1\" height=\"1\" \/><\/p>\n","protected":false},"excerpt":{"rendered":"<p>El Centro de Monitoreo de Medios de la Corporaci\u00f3n Participaci\u00f3n Ciudadana presenta el informe del 22 al 28 de marzo de 2021. En este tiempo se observ\u00f3 promoci\u00f3n electoral de los dos candidatos a la Presidencia de la Rep\u00fablica, en los 11 canales de televisi\u00f3n de se\u00f1al nacional que monitorea el centro. El Centro de [&hellip;]<\/p>\n","protected":false},"author":1,"featured_media":2197,"comment_status":"open","ping_status":"open","sticky":false,"template":"","format":"standard","meta":{"site-sidebar-layout":"default","site-content-layout":"","ast-site-content-layout":"default","site-content-style":"default","site-sidebar-style":"default","ast-global-header-display":"","ast-banner-title-visibility":"","ast-main-header-display":"","ast-hfb-above-header-display":"","ast-hfb-below-header-display":"","ast-hfb-mobile-header-display":"","site-post-title":"","ast-breadcrumbs-content":"","ast-featured-img":"","footer-sml-layout":"","ast-disable-related-posts":"","theme-transparent-header-meta":"","adv-header-id-meta":"","stick-header-meta":"","header-above-stick-meta":"","header-main-stick-meta":"","header-below-stick-meta":"","astra-migrate-meta-layouts":"default","ast-page-background-enabled":"default","ast-page-background-meta":{"desktop":{"background-color":"","background-image":"","background-repeat":"repeat","background-position":"center center","background-size":"auto","background-attachment":"scroll","background-type":"","background-media":"","overlay-type":"","overlay-color":"","overlay-opacity":"","overlay-gradient":""},"tablet":{"background-color":"","background-image":"","background-repeat":"repeat","background-position":"center center","background-size":"auto","background-attachment":"scroll","background-type":"","background-media":"","overlay-type":"","overlay-color":"","overlay-opacity":"","overlay-gradient":""},"mobile":{"background-color":"","background-image":"","background-repeat":"repeat","background-position":"center center","background-size":"auto","background-attachment":"scroll","background-type":"","background-media":"","overlay-type":"","overlay-color":"","overlay-opacity":"","overlay-gradient":""}},"ast-content-background-meta":{"desktop":{"background-color":"var(--ast-global-color-5)","background-image":"","background-repeat":"repeat","background-position":"center center","background-size":"auto","background-attachment":"scroll","background-type":"","background-media":"","overlay-type":"","overlay-color":"","overlay-opacity":"","overlay-gradient":""},"tablet":{"background-color":"var(--ast-global-color-5)","background-image":"","background-repeat":"repeat","background-position":"center center","background-size":"auto","background-attachment":"scroll","background-type":"","background-media":"","overlay-type":"","overlay-color":"","overlay-opacity":"","overlay-gradient":""},"mobile":{"background-color":"var(--ast-global-color-5)","background-image":"","background-repeat":"repeat","background-position":"center center","background-size":"auto","background-attachment":"scroll","background-type":"","background-media":"","overlay-type":"","overlay-color":"","overlay-opacity":"","overlay-gradient":""}},"_joinchat":[],"footnotes":""},"categories":[16],"tags":[],"class_list":["post-2238","post","type-post","status-publish","format-standard","has-post-thumbnail","hentry","category-actualidad"],"yoast_head":"<!-- This site is optimized with the Yoast SEO plugin v26.5 - https:\/\/yoast.com\/wordpress\/plugins\/seo\/ -->\n<title>S\u00e9ptimo informe de PC sobre utilizaci\u00f3n del Fondo de Promoci\u00f3n Electoral - Participaci\u00f3n Ciudadana<\/title>\n<meta name=\"robots\" content=\"index, follow, max-snippet:-1, max-image-preview:large, max-video-preview:-1\" \/>\n<link rel=\"canonical\" href=\"https:\/\/www.participacionciudadana.org\/web\/2021\/04\/01\/septimo-informe-de-pc-sobre-utilizacion-del-fondo-de-promocion-electoral\/\" \/>\n<meta property=\"og:locale\" content=\"es_ES\" \/>\n<meta property=\"og:type\" content=\"article\" \/>\n<meta property=\"og:title\" content=\"S\u00e9ptimo informe de PC sobre utilizaci\u00f3n del Fondo de Promoci\u00f3n Electoral - Participaci\u00f3n Ciudadana\" \/>\n<meta property=\"og:description\" content=\"El Centro de Monitoreo de Medios de la Corporaci\u00f3n Participaci\u00f3n Ciudadana presenta el informe del 22 al 28 de marzo de 2021. En este tiempo se observ\u00f3 promoci\u00f3n electoral de los dos candidatos a la Presidencia de la Rep\u00fablica, en los 11 canales de televisi\u00f3n de se\u00f1al nacional que monitorea el centro. El Centro de [&hellip;]\" \/>\n<meta property=\"og:url\" content=\"https:\/\/www.participacionciudadana.org\/web\/2021\/04\/01\/septimo-informe-de-pc-sobre-utilizacion-del-fondo-de-promocion-electoral\/\" \/>\n<meta property=\"og:site_name\" content=\"Participaci\u00f3n Ciudadana\" \/>\n<meta property=\"article:publisher\" content=\"https:\/\/www.facebook.com\/ParticipacionPC\/\" \/>\n<meta property=\"article:published_time\" content=\"2021-04-01T21:41:13+00:00\" \/>\n<meta property=\"og:image\" content=\"https:\/\/www.participacionciudadana.org\/web\/wp-content\/uploads\/2021\/01\/t.gif\" \/>\n\t<meta property=\"og:image:width\" content=\"1\" \/>\n\t<meta property=\"og:image:height\" content=\"1\" \/>\n\t<meta property=\"og:image:type\" content=\"image\/gif\" \/>\n<meta name=\"author\" content=\"auzfabian\" \/>\n<meta name=\"twitter:card\" content=\"summary_large_image\" \/>\n<meta name=\"twitter:creator\" content=\"@ParticipacionPC\" \/>\n<meta name=\"twitter:site\" content=\"@ParticipacionPC\" \/>\n<meta name=\"twitter:label1\" content=\"Escrito por\" \/>\n\t<meta name=\"twitter:data1\" content=\"auzfabian\" \/>\n\t<meta name=\"twitter:label2\" content=\"Tiempo de lectura\" \/>\n\t<meta name=\"twitter:data2\" content=\"1 minuto\" \/>\n<script type=\"application\/ld+json\" class=\"yoast-schema-graph\">{\"@context\":\"https:\/\/schema.org\",\"@graph\":[{\"@type\":\"Article\",\"@id\":\"https:\/\/www.participacionciudadana.org\/web\/2021\/04\/01\/septimo-informe-de-pc-sobre-utilizacion-del-fondo-de-promocion-electoral\/#article\",\"isPartOf\":{\"@id\":\"https:\/\/www.participacionciudadana.org\/web\/2021\/04\/01\/septimo-informe-de-pc-sobre-utilizacion-del-fondo-de-promocion-electoral\/\"},\"author\":{\"name\":\"auzfabian\",\"@id\":\"https:\/\/www.participacionciudadana.org\/web\/#\/schema\/person\/67ded4b29f4c10d217a0e025340d23ea\"},\"headline\":\"S\u00e9ptimo informe de PC sobre utilizaci\u00f3n del Fondo de Promoci\u00f3n Electoral\",\"datePublished\":\"2021-04-01T21:41:13+00:00\",\"mainEntityOfPage\":{\"@id\":\"https:\/\/www.participacionciudadana.org\/web\/2021\/04\/01\/septimo-informe-de-pc-sobre-utilizacion-del-fondo-de-promocion-electoral\/\"},\"wordCount\":120,\"commentCount\":0,\"publisher\":{\"@id\":\"https:\/\/www.participacionciudadana.org\/web\/#organization\"},\"image\":{\"@id\":\"https:\/\/www.participacionciudadana.org\/web\/2021\/04\/01\/septimo-informe-de-pc-sobre-utilizacion-del-fondo-de-promocion-electoral\/#primaryimage\"},\"thumbnailUrl\":\"https:\/\/www.participacionciudadana.org\/web\/wp-content\/uploads\/2021\/01\/t.gif\",\"articleSection\":[\"Actualidad\"],\"inLanguage\":\"es\",\"potentialAction\":[{\"@type\":\"CommentAction\",\"name\":\"Comment\",\"target\":[\"https:\/\/www.participacionciudadana.org\/web\/2021\/04\/01\/septimo-informe-de-pc-sobre-utilizacion-del-fondo-de-promocion-electoral\/#respond\"]}]},{\"@type\":\"WebPage\",\"@id\":\"https:\/\/www.participacionciudadana.org\/web\/2021\/04\/01\/septimo-informe-de-pc-sobre-utilizacion-del-fondo-de-promocion-electoral\/\",\"url\":\"https:\/\/www.participacionciudadana.org\/web\/2021\/04\/01\/septimo-informe-de-pc-sobre-utilizacion-del-fondo-de-promocion-electoral\/\",\"name\":\"S\u00e9ptimo informe de PC sobre utilizaci\u00f3n del Fondo de Promoci\u00f3n Electoral - Participaci\u00f3n Ciudadana\",\"isPartOf\":{\"@id\":\"https:\/\/www.participacionciudadana.org\/web\/#website\"},\"primaryImageOfPage\":{\"@id\":\"https:\/\/www.participacionciudadana.org\/web\/2021\/04\/01\/septimo-informe-de-pc-sobre-utilizacion-del-fondo-de-promocion-electoral\/#primaryimage\"},\"image\":{\"@id\":\"https:\/\/www.participacionciudadana.org\/web\/2021\/04\/01\/septimo-informe-de-pc-sobre-utilizacion-del-fondo-de-promocion-electoral\/#primaryimage\"},\"thumbnailUrl\":\"https:\/\/www.participacionciudadana.org\/web\/wp-content\/uploads\/2021\/01\/t.gif\",\"datePublished\":\"2021-04-01T21:41:13+00:00\",\"breadcrumb\":{\"@id\":\"https:\/\/www.participacionciudadana.org\/web\/2021\/04\/01\/septimo-informe-de-pc-sobre-utilizacion-del-fondo-de-promocion-electoral\/#breadcrumb\"},\"inLanguage\":\"es\",\"potentialAction\":[{\"@type\":\"ReadAction\",\"target\":[\"https:\/\/www.participacionciudadana.org\/web\/2021\/04\/01\/septimo-informe-de-pc-sobre-utilizacion-del-fondo-de-promocion-electoral\/\"]}]},{\"@type\":\"ImageObject\",\"inLanguage\":\"es\",\"@id\":\"https:\/\/www.participacionciudadana.org\/web\/2021\/04\/01\/septimo-informe-de-pc-sobre-utilizacion-del-fondo-de-promocion-electoral\/#primaryimage\",\"url\":\"https:\/\/www.participacionciudadana.org\/web\/wp-content\/uploads\/2021\/01\/t.gif\",\"contentUrl\":\"https:\/\/www.participacionciudadana.org\/web\/wp-content\/uploads\/2021\/01\/t.gif\",\"width\":1,\"height\":1},{\"@type\":\"BreadcrumbList\",\"@id\":\"https:\/\/www.participacionciudadana.org\/web\/2021\/04\/01\/septimo-informe-de-pc-sobre-utilizacion-del-fondo-de-promocion-electoral\/#breadcrumb\",\"itemListElement\":[{\"@type\":\"ListItem\",\"position\":1,\"name\":\"Portada\",\"item\":\"https:\/\/www.participacionciudadana.org\/web\/\"},{\"@type\":\"ListItem\",\"position\":2,\"name\":\"S\u00e9ptimo informe de PC sobre utilizaci\u00f3n del Fondo de Promoci\u00f3n Electoral\"}]},{\"@type\":\"WebSite\",\"@id\":\"https:\/\/www.participacionciudadana.org\/web\/#website\",\"url\":\"https:\/\/www.participacionciudadana.org\/web\/\",\"name\":\"Participaci\u00f3n Ciudadana\",\"description\":\"Comprometidos con la democracia\",\"publisher\":{\"@id\":\"https:\/\/www.participacionciudadana.org\/web\/#organization\"},\"potentialAction\":[{\"@type\":\"SearchAction\",\"target\":{\"@type\":\"EntryPoint\",\"urlTemplate\":\"https:\/\/www.participacionciudadana.org\/web\/?s={search_term_string}\"},\"query-input\":{\"@type\":\"PropertyValueSpecification\",\"valueRequired\":true,\"valueName\":\"search_term_string\"}}],\"inLanguage\":\"es\"},{\"@type\":\"Organization\",\"@id\":\"https:\/\/www.participacionciudadana.org\/web\/#organization\",\"name\":\"Participaci\u00f3n Ciudadana\",\"url\":\"https:\/\/www.participacionciudadana.org\/web\/\",\"logo\":{\"@type\":\"ImageObject\",\"inLanguage\":\"es\",\"@id\":\"https:\/\/www.participacionciudadana.org\/web\/#\/schema\/logo\/image\/\",\"url\":\"https:\/\/www.participacionciudadana.org\/web\/wp-content\/uploads\/2021\/11\/cropped-logo_pc-1.png\",\"contentUrl\":\"https:\/\/www.participacionciudadana.org\/web\/wp-content\/uploads\/2021\/11\/cropped-logo_pc-1.png\",\"width\":340,\"height\":114,\"caption\":\"Participaci\u00f3n Ciudadana\"},\"image\":{\"@id\":\"https:\/\/www.participacionciudadana.org\/web\/#\/schema\/logo\/image\/\"},\"sameAs\":[\"https:\/\/www.facebook.com\/ParticipacionPC\/\",\"https:\/\/x.com\/ParticipacionPC\"]},{\"@type\":\"Person\",\"@id\":\"https:\/\/www.participacionciudadana.org\/web\/#\/schema\/person\/67ded4b29f4c10d217a0e025340d23ea\",\"name\":\"auzfabian\",\"image\":{\"@type\":\"ImageObject\",\"inLanguage\":\"es\",\"@id\":\"https:\/\/www.participacionciudadana.org\/web\/#\/schema\/person\/image\/\",\"url\":\"https:\/\/secure.gravatar.com\/avatar\/b07eacb2fae81fba8818d35abde16f5d26c3e833d77fabbeeb8d53523e796bde?s=96&d=mm&r=g\",\"contentUrl\":\"https:\/\/secure.gravatar.com\/avatar\/b07eacb2fae81fba8818d35abde16f5d26c3e833d77fabbeeb8d53523e796bde?s=96&d=mm&r=g\",\"caption\":\"auzfabian\"},\"sameAs\":[\"https:\/\/www.participacionciudadana.org\/web\"],\"url\":\"https:\/\/www.participacionciudadana.org\/web\/author\/auzfabian\/\"}]}<\/script>\n<!-- \/ Yoast SEO plugin. -->","yoast_head_json":{"title":"S\u00e9ptimo informe de PC sobre utilizaci\u00f3n del Fondo de Promoci\u00f3n Electoral - Participaci\u00f3n Ciudadana","robots":{"index":"index","follow":"follow","max-snippet":"max-snippet:-1","max-image-preview":"max-image-preview:large","max-video-preview":"max-video-preview:-1"},"canonical":"https:\/\/www.participacionciudadana.org\/web\/2021\/04\/01\/septimo-informe-de-pc-sobre-utilizacion-del-fondo-de-promocion-electoral\/","og_locale":"es_ES","og_type":"article","og_title":"S\u00e9ptimo informe de PC sobre utilizaci\u00f3n del Fondo de Promoci\u00f3n Electoral - Participaci\u00f3n Ciudadana","og_description":"El Centro de Monitoreo de Medios de la Corporaci\u00f3n Participaci\u00f3n Ciudadana presenta el informe del 22 al 28 de marzo de 2021. En este tiempo se observ\u00f3 promoci\u00f3n electoral de los dos candidatos a la Presidencia de la Rep\u00fablica, en los 11 canales de televisi\u00f3n de se\u00f1al nacional que monitorea el centro. El Centro de [&hellip;]","og_url":"https:\/\/www.participacionciudadana.org\/web\/2021\/04\/01\/septimo-informe-de-pc-sobre-utilizacion-del-fondo-de-promocion-electoral\/","og_site_name":"Participaci\u00f3n Ciudadana","article_publisher":"https:\/\/www.facebook.com\/ParticipacionPC\/","article_published_time":"2021-04-01T21:41:13+00:00","og_image":[{"width":1,"height":1,"url":"https:\/\/www.participacionciudadana.org\/web\/wp-content\/uploads\/2021\/01\/t.gif","type":"image\/gif"}],"author":"auzfabian","twitter_card":"summary_large_image","twitter_creator":"@ParticipacionPC","twitter_site":"@ParticipacionPC","twitter_misc":{"Escrito por":"auzfabian","Tiempo de lectura":"1 minuto"},"schema":{"@context":"https:\/\/schema.org","@graph":[{"@type":"Article","@id":"https:\/\/www.participacionciudadana.org\/web\/2021\/04\/01\/septimo-informe-de-pc-sobre-utilizacion-del-fondo-de-promocion-electoral\/#article","isPartOf":{"@id":"https:\/\/www.participacionciudadana.org\/web\/2021\/04\/01\/septimo-informe-de-pc-sobre-utilizacion-del-fondo-de-promocion-electoral\/"},"author":{"name":"auzfabian","@id":"https:\/\/www.participacionciudadana.org\/web\/#\/schema\/person\/67ded4b29f4c10d217a0e025340d23ea"},"headline":"S\u00e9ptimo informe de PC sobre utilizaci\u00f3n del Fondo de Promoci\u00f3n Electoral","datePublished":"2021-04-01T21:41:13+00:00","mainEntityOfPage":{"@id":"https:\/\/www.participacionciudadana.org\/web\/2021\/04\/01\/septimo-informe-de-pc-sobre-utilizacion-del-fondo-de-promocion-electoral\/"},"wordCount":120,"commentCount":0,"publisher":{"@id":"https:\/\/www.participacionciudadana.org\/web\/#organization"},"image":{"@id":"https:\/\/www.participacionciudadana.org\/web\/2021\/04\/01\/septimo-informe-de-pc-sobre-utilizacion-del-fondo-de-promocion-electoral\/#primaryimage"},"thumbnailUrl":"https:\/\/www.participacionciudadana.org\/web\/wp-content\/uploads\/2021\/01\/t.gif","articleSection":["Actualidad"],"inLanguage":"es","potentialAction":[{"@type":"CommentAction","name":"Comment","target":["https:\/\/www.participacionciudadana.org\/web\/2021\/04\/01\/septimo-informe-de-pc-sobre-utilizacion-del-fondo-de-promocion-electoral\/#respond"]}]},{"@type":"WebPage","@id":"https:\/\/www.participacionciudadana.org\/web\/2021\/04\/01\/septimo-informe-de-pc-sobre-utilizacion-del-fondo-de-promocion-electoral\/","url":"https:\/\/www.participacionciudadana.org\/web\/2021\/04\/01\/septimo-informe-de-pc-sobre-utilizacion-del-fondo-de-promocion-electoral\/","name":"S\u00e9ptimo informe de PC sobre utilizaci\u00f3n del Fondo de Promoci\u00f3n Electoral - Participaci\u00f3n Ciudadana","isPartOf":{"@id":"https:\/\/www.participacionciudadana.org\/web\/#website"},"primaryImageOfPage":{"@id":"https:\/\/www.participacionciudadana.org\/web\/2021\/04\/01\/septimo-informe-de-pc-sobre-utilizacion-del-fondo-de-promocion-electoral\/#primaryimage"},"image":{"@id":"https:\/\/www.participacionciudadana.org\/web\/2021\/04\/01\/septimo-informe-de-pc-sobre-utilizacion-del-fondo-de-promocion-electoral\/#primaryimage"},"thumbnailUrl":"https:\/\/www.participacionciudadana.org\/web\/wp-content\/uploads\/2021\/01\/t.gif","datePublished":"2021-04-01T21:41:13+00:00","breadcrumb":{"@id":"https:\/\/www.participacionciudadana.org\/web\/2021\/04\/01\/septimo-informe-de-pc-sobre-utilizacion-del-fondo-de-promocion-electoral\/#breadcrumb"},"inLanguage":"es","potentialAction":[{"@type":"ReadAction","target":["https:\/\/www.participacionciudadana.org\/web\/2021\/04\/01\/septimo-informe-de-pc-sobre-utilizacion-del-fondo-de-promocion-electoral\/"]}]},{"@type":"ImageObject","inLanguage":"es","@id":"https:\/\/www.participacionciudadana.org\/web\/2021\/04\/01\/septimo-informe-de-pc-sobre-utilizacion-del-fondo-de-promocion-electoral\/#primaryimage","url":"https:\/\/www.participacionciudadana.org\/web\/wp-content\/uploads\/2021\/01\/t.gif","contentUrl":"https:\/\/www.participacionciudadana.org\/web\/wp-content\/uploads\/2021\/01\/t.gif","width":1,"height":1},{"@type":"BreadcrumbList","@id":"https:\/\/www.participacionciudadana.org\/web\/2021\/04\/01\/septimo-informe-de-pc-sobre-utilizacion-del-fondo-de-promocion-electoral\/#breadcrumb","itemListElement":[{"@type":"ListItem","position":1,"name":"Portada","item":"https:\/\/www.participacionciudadana.org\/web\/"},{"@type":"ListItem","position":2,"name":"S\u00e9ptimo informe de PC sobre utilizaci\u00f3n del Fondo de Promoci\u00f3n Electoral"}]},{"@type":"WebSite","@id":"https:\/\/www.participacionciudadana.org\/web\/#website","url":"https:\/\/www.participacionciudadana.org\/web\/","name":"Participaci\u00f3n Ciudadana","description":"Comprometidos con la democracia","publisher":{"@id":"https:\/\/www.participacionciudadana.org\/web\/#organization"},"potentialAction":[{"@type":"SearchAction","target":{"@type":"EntryPoint","urlTemplate":"https:\/\/www.participacionciudadana.org\/web\/?s={search_term_string}"},"query-input":{"@type":"PropertyValueSpecification","valueRequired":true,"valueName":"search_term_string"}}],"inLanguage":"es"},{"@type":"Organization","@id":"https:\/\/www.participacionciudadana.org\/web\/#organization","name":"Participaci\u00f3n Ciudadana","url":"https:\/\/www.participacionciudadana.org\/web\/","logo":{"@type":"ImageObject","inLanguage":"es","@id":"https:\/\/www.participacionciudadana.org\/web\/#\/schema\/logo\/image\/","url":"https:\/\/www.participacionciudadana.org\/web\/wp-content\/uploads\/2021\/11\/cropped-logo_pc-1.png","contentUrl":"https:\/\/www.participacionciudadana.org\/web\/wp-content\/uploads\/2021\/11\/cropped-logo_pc-1.png","width":340,"height":114,"caption":"Participaci\u00f3n Ciudadana"},"image":{"@id":"https:\/\/www.participacionciudadana.org\/web\/#\/schema\/logo\/image\/"},"sameAs":["https:\/\/www.facebook.com\/ParticipacionPC\/","https:\/\/x.com\/ParticipacionPC"]},{"@type":"Person","@id":"https:\/\/www.participacionciudadana.org\/web\/#\/schema\/person\/67ded4b29f4c10d217a0e025340d23ea","name":"auzfabian","image":{"@type":"ImageObject","inLanguage":"es","@id":"https:\/\/www.participacionciudadana.org\/web\/#\/schema\/person\/image\/","url":"https:\/\/secure.gravatar.com\/avatar\/b07eacb2fae81fba8818d35abde16f5d26c3e833d77fabbeeb8d53523e796bde?s=96&d=mm&r=g","contentUrl":"https:\/\/secure.gravatar.com\/avatar\/b07eacb2fae81fba8818d35abde16f5d26c3e833d77fabbeeb8d53523e796bde?s=96&d=mm&r=g","caption":"auzfabian"},"sameAs":["https:\/\/www.participacionciudadana.org\/web"],"url":"https:\/\/www.participacionciudadana.org\/web\/author\/auzfabian\/"}]}},"_links":{"self":[{"href":"https:\/\/www.participacionciudadana.org\/web\/wp-json\/wp\/v2\/posts\/2238","targetHints":{"allow":["GET"]}}],"collection":[{"href":"https:\/\/www.participacionciudadana.org\/web\/wp-json\/wp\/v2\/posts"}],"about":[{"href":"https:\/\/www.participacionciudadana.org\/web\/wp-json\/wp\/v2\/types\/post"}],"author":[{"embeddable":true,"href":"https:\/\/www.participacionciudadana.org\/web\/wp-json\/wp\/v2\/users\/1"}],"replies":[{"embeddable":true,"href":"https:\/\/www.participacionciudadana.org\/web\/wp-json\/wp\/v2\/comments?post=2238"}],"version-history":[{"count":0,"href":"https:\/\/www.participacionciudadana.org\/web\/wp-json\/wp\/v2\/posts\/2238\/revisions"}],"wp:featuredmedia":[{"embeddable":true,"href":"https:\/\/www.participacionciudadana.org\/web\/wp-json\/wp\/v2\/media\/2197"}],"wp:attachment":[{"href":"https:\/\/www.participacionciudadana.org\/web\/wp-json\/wp\/v2\/media?parent=2238"}],"wp:term":[{"taxonomy":"category","embeddable":true,"href":"https:\/\/www.participacionciudadana.org\/web\/wp-json\/wp\/v2\/categories?post=2238"},{"taxonomy":"post_tag","embeddable":true,"href":"https:\/\/www.participacionciudadana.org\/web\/wp-json\/wp\/v2\/tags?post=2238"}],"curies":[{"name":"wp","href":"https:\/\/api.w.org\/{rel}","templated":true}]}}