{"id":2243,"date":"2021-04-09T11:59:49","date_gmt":"2021-04-09T16:59:49","guid":{"rendered":"https:\/\/www.participacionciudadana.org\/web\/2021\/04\/09\/como-ciudadana-quiero-un-pais-de-libertades-y-oportunidades\/"},"modified":"2021-04-09T11:59:49","modified_gmt":"2021-04-09T16:59:49","slug":"como-ciudadana-quiero-un-pais-de-libertades-y-oportunidades","status":"publish","type":"post","link":"https:\/\/www.participacionciudadana.org\/web\/2021\/04\/09\/como-ciudadana-quiero-un-pais-de-libertades-y-oportunidades\/","title":{"rendered":"\u201cComo ciudadana quiero un pa\u00eds de libertades y oportunidades\u201d"},"content":{"rendered":"<p style=\"text-align: justify;\"><span style=\"color: #000000;\">El jueves 8 de abril, nuestra directora Ruth Hidalgo sostuvo una entrevista en radio Forever, para abordar temas en el marco de la coyuntura de las elecciones del 11 de abril.<\/span><\/p>\n<p style=\"text-align: justify;\"><span style=\"color: #000000;\">Ruth Hidalgo sostuvo que se vive una campa\u00f1a electoral agresiva, y con manipulaci\u00f3n deliberada de la informaci\u00f3n para intentar incidir en el voto de la ciudadan\u00eda. \u201cHemos heredado una escuela de 10 a\u00f1os de agresi\u00f3n pol\u00edtica. En t\u00e9rminos generacionales significa j\u00f3venes que crecieron normalizando la violencia pol\u00edtica. Adem\u00e1s, los partidos pol\u00edticos d\u00e9biles y no estructurados son caldo de cultivo para que estos fen\u00f3menos se den\u201d. Contar con partidos pol\u00edticos con suficiente estructura para que respondan con \u00e9tica en campa\u00f1a, es de vital importancia, pero \u201ctenemos un proceso de debilitamiento de las organizaciones pol\u00edticas. El ejercicio de la pol\u00edtica est\u00e1 venido de menos\u201d, a\u00f1adi\u00f3.<\/span><\/p>\n<p style=\"text-align: justify;\"><span style=\"color: #000000;\">La reforma al C\u00f3digo de la Democracia obliga a los candidatos a debatir. El debate en pol\u00edtica mide la capacidad de cada candidato. \u201cEl \u00faltimo debate estuvo matizado de falencias, no fue bien orientado ni permiti\u00f3 a los candidatos dar detalles y centrarse en el c\u00f3mo\u201d, analiz\u00f3 nuestra Directora.<\/span><\/p>\n<p style=\"text-align: justify;\"><span style=\"color: #000000;\">Para Ruth Hidalgo el escenario para cualquiera de los dos candidatos que llegue a la Presidencia es demasiado complejo: conformaci\u00f3n de la Asamblea que no dar\u00e1 mayor\u00eda a ninguno de los dos, crisis econ\u00f3mica y pandemia en medio del caos institucional que deja el gobierno actual; y tambi\u00e9n hizo una importante acotaci\u00f3n sobre la din\u00e1mica del electorado: \u201cHabr\u00e1 que ver este 11 de abril qu\u00e9 candidato logr\u00f3 escuchar y llegar al electorado joven que se decanta por causas sociales y derechos humanos, y que es un electorado significativo. Adem\u00e1s qu\u00e9 candidato podr\u00e1 manejar la crisis derivada de la pandemia\u201d, se\u00f1al\u00f3.<\/span><\/p>\n<p style=\"text-align: justify;\"><span style=\"color: #000000;\">Por \u00faltimo hizo una reflexi\u00f3n a nivel personal. \u201cComo ciudadana quiero un pa\u00eds de libertades y oportunidades; donde pueda opinar y disentir sin miedo a la persecuci\u00f3n. Que me brinde esperanza de progreso dentro del marco de la ley. Un pa\u00eds con independencia de funciones. Demos un #VotoResponsable\u201d, sentenci\u00f3.<\/span><\/p>\n<p style=\"text-align: justify;\"><span style=\"color: #000000;\">Escucha un extracto de la entrevista aqu\u00ed:&nbsp;<\/span><\/p>\n<p>{facebook} https:\/\/fb.watch\/4Mglq2777b\/ {\/facebook}<\/p>\n<p>&nbsp;<\/p>\n<p style=\"text-align: justify;\"><span style=\"font-size: 0.9rem; -webkit-text-size-adjust: 100%; color: #000000;\"><\/span><\/p>\n<p style=\"text-align: justify;\">&nbsp;<\/p>\n","protected":false},"excerpt":{"rendered":"<p>El jueves 8 de abril, nuestra directora Ruth Hidalgo sostuvo una entrevista en radio Forever, para abordar temas en el marco de la coyuntura de las elecciones del 11 de abril. Ruth Hidalgo sostuvo que se vive una campa\u00f1a electoral agresiva, y con manipulaci\u00f3n deliberada de la informaci\u00f3n para intentar incidir en el voto de [&hellip;]<\/p>\n","protected":false},"author":1,"featured_media":0,"comment_status":"open","ping_status":"open","sticky":false,"template":"","format":"standard","meta":{"site-sidebar-layout":"default","site-content-layout":"","ast-site-content-layout":"default","site-content-style":"default","site-sidebar-style":"default","ast-global-header-display":"","ast-banner-title-visibility":"","ast-main-header-display":"","ast-hfb-above-header-display":"","ast-hfb-below-header-display":"","ast-hfb-mobile-header-display":"","site-post-title":"","ast-breadcrumbs-content":"","ast-featured-img":"","footer-sml-layout":"","ast-disable-related-posts":"","theme-transparent-header-meta":"","adv-header-id-meta":"","stick-header-meta":"","header-above-stick-meta":"","header-main-stick-meta":"","header-below-stick-meta":"","astra-migrate-meta-layouts":"default","ast-page-background-enabled":"default","ast-page-background-meta":{"desktop":{"background-color":"","background-image":"","background-repeat":"repeat","background-position":"center center","background-size":"auto","background-attachment":"scroll","background-type":"","background-media":"","overlay-type":"","overlay-color":"","overlay-opacity":"","overlay-gradient":""},"tablet":{"background-color":"","background-image":"","background-repeat":"repeat","background-position":"center center","background-size":"auto","background-attachment":"scroll","background-type":"","background-media":"","overlay-type":"","overlay-color":"","overlay-opacity":"","overlay-gradient":""},"mobile":{"background-color":"","background-image":"","background-repeat":"repeat","background-position":"center center","background-size":"auto","background-attachment":"scroll","background-type":"","background-media":"","overlay-type":"","overlay-color":"","overlay-opacity":"","overlay-gradient":""}},"ast-content-background-meta":{"desktop":{"background-color":"var(--ast-global-color-5)","background-image":"","background-repeat":"repeat","background-position":"center center","background-size":"auto","background-attachment":"scroll","background-type":"","background-media":"","overlay-type":"","overlay-color":"","overlay-opacity":"","overlay-gradient":""},"tablet":{"background-color":"var(--ast-global-color-5)","background-image":"","background-repeat":"repeat","background-position":"center center","background-size":"auto","background-attachment":"scroll","background-type":"","background-media":"","overlay-type":"","overlay-color":"","overlay-opacity":"","overlay-gradient":""},"mobile":{"background-color":"var(--ast-global-color-5)","background-image":"","background-repeat":"repeat","background-position":"center center","background-size":"auto","background-attachment":"scroll","background-type":"","background-media":"","overlay-type":"","overlay-color":"","overlay-opacity":"","overlay-gradient":""}},"_joinchat":[],"footnotes":""},"categories":[17],"tags":[],"class_list":["post-2243","post","type-post","status-publish","format-standard","hentry","category-medios"],"yoast_head":"<!-- This site is optimized with the Yoast SEO plugin v26.5 - https:\/\/yoast.com\/wordpress\/plugins\/seo\/ -->\n<title>\u201cComo ciudadana quiero un pa\u00eds de libertades y oportunidades\u201d - Participaci\u00f3n Ciudadana<\/title>\n<meta name=\"robots\" content=\"index, follow, max-snippet:-1, max-image-preview:large, max-video-preview:-1\" \/>\n<link rel=\"canonical\" href=\"https:\/\/www.participacionciudadana.org\/web\/2021\/04\/09\/como-ciudadana-quiero-un-pais-de-libertades-y-oportunidades\/\" \/>\n<meta property=\"og:locale\" content=\"es_ES\" \/>\n<meta property=\"og:type\" content=\"article\" \/>\n<meta property=\"og:title\" content=\"\u201cComo ciudadana quiero un pa\u00eds de libertades y oportunidades\u201d - Participaci\u00f3n Ciudadana\" \/>\n<meta property=\"og:description\" content=\"El jueves 8 de abril, nuestra directora Ruth Hidalgo sostuvo una entrevista en radio Forever, para abordar temas en el marco de la coyuntura de las elecciones del 11 de abril. Ruth Hidalgo sostuvo que se vive una campa\u00f1a electoral agresiva, y con manipulaci\u00f3n deliberada de la informaci\u00f3n para intentar incidir en el voto de [&hellip;]\" \/>\n<meta property=\"og:url\" content=\"https:\/\/www.participacionciudadana.org\/web\/2021\/04\/09\/como-ciudadana-quiero-un-pais-de-libertades-y-oportunidades\/\" \/>\n<meta property=\"og:site_name\" content=\"Participaci\u00f3n Ciudadana\" \/>\n<meta property=\"article:publisher\" content=\"https:\/\/www.facebook.com\/ParticipacionPC\/\" \/>\n<meta property=\"article:published_time\" content=\"2021-04-09T16:59:49+00:00\" \/>\n<meta name=\"author\" content=\"auzfabian\" \/>\n<meta name=\"twitter:card\" content=\"summary_large_image\" \/>\n<meta name=\"twitter:creator\" content=\"@ParticipacionPC\" \/>\n<meta name=\"twitter:site\" content=\"@ParticipacionPC\" \/>\n<meta name=\"twitter:label1\" content=\"Escrito por\" \/>\n\t<meta name=\"twitter:data1\" content=\"auzfabian\" \/>\n\t<meta name=\"twitter:label2\" content=\"Tiempo de lectura\" \/>\n\t<meta name=\"twitter:data2\" content=\"2 minutos\" \/>\n<script type=\"application\/ld+json\" class=\"yoast-schema-graph\">{\"@context\":\"https:\/\/schema.org\",\"@graph\":[{\"@type\":\"Article\",\"@id\":\"https:\/\/www.participacionciudadana.org\/web\/2021\/04\/09\/como-ciudadana-quiero-un-pais-de-libertades-y-oportunidades\/#article\",\"isPartOf\":{\"@id\":\"https:\/\/www.participacionciudadana.org\/web\/2021\/04\/09\/como-ciudadana-quiero-un-pais-de-libertades-y-oportunidades\/\"},\"author\":{\"name\":\"auzfabian\",\"@id\":\"https:\/\/www.participacionciudadana.org\/web\/#\/schema\/person\/67ded4b29f4c10d217a0e025340d23ea\"},\"headline\":\"\u201cComo ciudadana quiero un pa\u00eds de libertades y oportunidades\u201d\",\"datePublished\":\"2021-04-09T16:59:49+00:00\",\"mainEntityOfPage\":{\"@id\":\"https:\/\/www.participacionciudadana.org\/web\/2021\/04\/09\/como-ciudadana-quiero-un-pais-de-libertades-y-oportunidades\/\"},\"wordCount\":389,\"commentCount\":0,\"publisher\":{\"@id\":\"https:\/\/www.participacionciudadana.org\/web\/#organization\"},\"articleSection\":[\"PC en los Medios\"],\"inLanguage\":\"es\",\"potentialAction\":[{\"@type\":\"CommentAction\",\"name\":\"Comment\",\"target\":[\"https:\/\/www.participacionciudadana.org\/web\/2021\/04\/09\/como-ciudadana-quiero-un-pais-de-libertades-y-oportunidades\/#respond\"]}]},{\"@type\":\"WebPage\",\"@id\":\"https:\/\/www.participacionciudadana.org\/web\/2021\/04\/09\/como-ciudadana-quiero-un-pais-de-libertades-y-oportunidades\/\",\"url\":\"https:\/\/www.participacionciudadana.org\/web\/2021\/04\/09\/como-ciudadana-quiero-un-pais-de-libertades-y-oportunidades\/\",\"name\":\"\u201cComo ciudadana quiero un pa\u00eds de libertades y oportunidades\u201d - Participaci\u00f3n Ciudadana\",\"isPartOf\":{\"@id\":\"https:\/\/www.participacionciudadana.org\/web\/#website\"},\"datePublished\":\"2021-04-09T16:59:49+00:00\",\"breadcrumb\":{\"@id\":\"https:\/\/www.participacionciudadana.org\/web\/2021\/04\/09\/como-ciudadana-quiero-un-pais-de-libertades-y-oportunidades\/#breadcrumb\"},\"inLanguage\":\"es\",\"potentialAction\":[{\"@type\":\"ReadAction\",\"target\":[\"https:\/\/www.participacionciudadana.org\/web\/2021\/04\/09\/como-ciudadana-quiero-un-pais-de-libertades-y-oportunidades\/\"]}]},{\"@type\":\"BreadcrumbList\",\"@id\":\"https:\/\/www.participacionciudadana.org\/web\/2021\/04\/09\/como-ciudadana-quiero-un-pais-de-libertades-y-oportunidades\/#breadcrumb\",\"itemListElement\":[{\"@type\":\"ListItem\",\"position\":1,\"name\":\"Portada\",\"item\":\"https:\/\/www.participacionciudadana.org\/web\/\"},{\"@type\":\"ListItem\",\"position\":2,\"name\":\"\u201cComo ciudadana quiero un pa\u00eds de libertades y oportunidades\u201d\"}]},{\"@type\":\"WebSite\",\"@id\":\"https:\/\/www.participacionciudadana.org\/web\/#website\",\"url\":\"https:\/\/www.participacionciudadana.org\/web\/\",\"name\":\"Participaci\u00f3n Ciudadana\",\"description\":\"Comprometidos con la democracia\",\"publisher\":{\"@id\":\"https:\/\/www.participacionciudadana.org\/web\/#organization\"},\"potentialAction\":[{\"@type\":\"SearchAction\",\"target\":{\"@type\":\"EntryPoint\",\"urlTemplate\":\"https:\/\/www.participacionciudadana.org\/web\/?s={search_term_string}\"},\"query-input\":{\"@type\":\"PropertyValueSpecification\",\"valueRequired\":true,\"valueName\":\"search_term_string\"}}],\"inLanguage\":\"es\"},{\"@type\":\"Organization\",\"@id\":\"https:\/\/www.participacionciudadana.org\/web\/#organization\",\"name\":\"Participaci\u00f3n Ciudadana\",\"url\":\"https:\/\/www.participacionciudadana.org\/web\/\",\"logo\":{\"@type\":\"ImageObject\",\"inLanguage\":\"es\",\"@id\":\"https:\/\/www.participacionciudadana.org\/web\/#\/schema\/logo\/image\/\",\"url\":\"https:\/\/www.participacionciudadana.org\/web\/wp-content\/uploads\/2021\/11\/cropped-logo_pc-1.png\",\"contentUrl\":\"https:\/\/www.participacionciudadana.org\/web\/wp-content\/uploads\/2021\/11\/cropped-logo_pc-1.png\",\"width\":340,\"height\":114,\"caption\":\"Participaci\u00f3n Ciudadana\"},\"image\":{\"@id\":\"https:\/\/www.participacionciudadana.org\/web\/#\/schema\/logo\/image\/\"},\"sameAs\":[\"https:\/\/www.facebook.com\/ParticipacionPC\/\",\"https:\/\/x.com\/ParticipacionPC\"]},{\"@type\":\"Person\",\"@id\":\"https:\/\/www.participacionciudadana.org\/web\/#\/schema\/person\/67ded4b29f4c10d217a0e025340d23ea\",\"name\":\"auzfabian\",\"image\":{\"@type\":\"ImageObject\",\"inLanguage\":\"es\",\"@id\":\"https:\/\/www.participacionciudadana.org\/web\/#\/schema\/person\/image\/\",\"url\":\"https:\/\/secure.gravatar.com\/avatar\/b07eacb2fae81fba8818d35abde16f5d26c3e833d77fabbeeb8d53523e796bde?s=96&d=mm&r=g\",\"contentUrl\":\"https:\/\/secure.gravatar.com\/avatar\/b07eacb2fae81fba8818d35abde16f5d26c3e833d77fabbeeb8d53523e796bde?s=96&d=mm&r=g\",\"caption\":\"auzfabian\"},\"sameAs\":[\"https:\/\/www.participacionciudadana.org\/web\"],\"url\":\"https:\/\/www.participacionciudadana.org\/web\/author\/auzfabian\/\"}]}<\/script>\n<!-- \/ Yoast SEO plugin. -->","yoast_head_json":{"title":"\u201cComo ciudadana quiero un pa\u00eds de libertades y oportunidades\u201d - Participaci\u00f3n Ciudadana","robots":{"index":"index","follow":"follow","max-snippet":"max-snippet:-1","max-image-preview":"max-image-preview:large","max-video-preview":"max-video-preview:-1"},"canonical":"https:\/\/www.participacionciudadana.org\/web\/2021\/04\/09\/como-ciudadana-quiero-un-pais-de-libertades-y-oportunidades\/","og_locale":"es_ES","og_type":"article","og_title":"\u201cComo ciudadana quiero un pa\u00eds de libertades y oportunidades\u201d - Participaci\u00f3n Ciudadana","og_description":"El jueves 8 de abril, nuestra directora Ruth Hidalgo sostuvo una entrevista en radio Forever, para abordar temas en el marco de la coyuntura de las elecciones del 11 de abril. Ruth Hidalgo sostuvo que se vive una campa\u00f1a electoral agresiva, y con manipulaci\u00f3n deliberada de la informaci\u00f3n para intentar incidir en el voto de [&hellip;]","og_url":"https:\/\/www.participacionciudadana.org\/web\/2021\/04\/09\/como-ciudadana-quiero-un-pais-de-libertades-y-oportunidades\/","og_site_name":"Participaci\u00f3n Ciudadana","article_publisher":"https:\/\/www.facebook.com\/ParticipacionPC\/","article_published_time":"2021-04-09T16:59:49+00:00","author":"auzfabian","twitter_card":"summary_large_image","twitter_creator":"@ParticipacionPC","twitter_site":"@ParticipacionPC","twitter_misc":{"Escrito por":"auzfabian","Tiempo de lectura":"2 minutos"},"schema":{"@context":"https:\/\/schema.org","@graph":[{"@type":"Article","@id":"https:\/\/www.participacionciudadana.org\/web\/2021\/04\/09\/como-ciudadana-quiero-un-pais-de-libertades-y-oportunidades\/#article","isPartOf":{"@id":"https:\/\/www.participacionciudadana.org\/web\/2021\/04\/09\/como-ciudadana-quiero-un-pais-de-libertades-y-oportunidades\/"},"author":{"name":"auzfabian","@id":"https:\/\/www.participacionciudadana.org\/web\/#\/schema\/person\/67ded4b29f4c10d217a0e025340d23ea"},"headline":"\u201cComo ciudadana quiero un pa\u00eds de libertades y oportunidades\u201d","datePublished":"2021-04-09T16:59:49+00:00","mainEntityOfPage":{"@id":"https:\/\/www.participacionciudadana.org\/web\/2021\/04\/09\/como-ciudadana-quiero-un-pais-de-libertades-y-oportunidades\/"},"wordCount":389,"commentCount":0,"publisher":{"@id":"https:\/\/www.participacionciudadana.org\/web\/#organization"},"articleSection":["PC en los Medios"],"inLanguage":"es","potentialAction":[{"@type":"CommentAction","name":"Comment","target":["https:\/\/www.participacionciudadana.org\/web\/2021\/04\/09\/como-ciudadana-quiero-un-pais-de-libertades-y-oportunidades\/#respond"]}]},{"@type":"WebPage","@id":"https:\/\/www.participacionciudadana.org\/web\/2021\/04\/09\/como-ciudadana-quiero-un-pais-de-libertades-y-oportunidades\/","url":"https:\/\/www.participacionciudadana.org\/web\/2021\/04\/09\/como-ciudadana-quiero-un-pais-de-libertades-y-oportunidades\/","name":"\u201cComo ciudadana quiero un pa\u00eds de libertades y oportunidades\u201d - Participaci\u00f3n Ciudadana","isPartOf":{"@id":"https:\/\/www.participacionciudadana.org\/web\/#website"},"datePublished":"2021-04-09T16:59:49+00:00","breadcrumb":{"@id":"https:\/\/www.participacionciudadana.org\/web\/2021\/04\/09\/como-ciudadana-quiero-un-pais-de-libertades-y-oportunidades\/#breadcrumb"},"inLanguage":"es","potentialAction":[{"@type":"ReadAction","target":["https:\/\/www.participacionciudadana.org\/web\/2021\/04\/09\/como-ciudadana-quiero-un-pais-de-libertades-y-oportunidades\/"]}]},{"@type":"BreadcrumbList","@id":"https:\/\/www.participacionciudadana.org\/web\/2021\/04\/09\/como-ciudadana-quiero-un-pais-de-libertades-y-oportunidades\/#breadcrumb","itemListElement":[{"@type":"ListItem","position":1,"name":"Portada","item":"https:\/\/www.participacionciudadana.org\/web\/"},{"@type":"ListItem","position":2,"name":"\u201cComo ciudadana quiero un pa\u00eds de libertades y oportunidades\u201d"}]},{"@type":"WebSite","@id":"https:\/\/www.participacionciudadana.org\/web\/#website","url":"https:\/\/www.participacionciudadana.org\/web\/","name":"Participaci\u00f3n Ciudadana","description":"Comprometidos con la democracia","publisher":{"@id":"https:\/\/www.participacionciudadana.org\/web\/#organization"},"potentialAction":[{"@type":"SearchAction","target":{"@type":"EntryPoint","urlTemplate":"https:\/\/www.participacionciudadana.org\/web\/?s={search_term_string}"},"query-input":{"@type":"PropertyValueSpecification","valueRequired":true,"valueName":"search_term_string"}}],"inLanguage":"es"},{"@type":"Organization","@id":"https:\/\/www.participacionciudadana.org\/web\/#organization","name":"Participaci\u00f3n Ciudadana","url":"https:\/\/www.participacionciudadana.org\/web\/","logo":{"@type":"ImageObject","inLanguage":"es","@id":"https:\/\/www.participacionciudadana.org\/web\/#\/schema\/logo\/image\/","url":"https:\/\/www.participacionciudadana.org\/web\/wp-content\/uploads\/2021\/11\/cropped-logo_pc-1.png","contentUrl":"https:\/\/www.participacionciudadana.org\/web\/wp-content\/uploads\/2021\/11\/cropped-logo_pc-1.png","width":340,"height":114,"caption":"Participaci\u00f3n Ciudadana"},"image":{"@id":"https:\/\/www.participacionciudadana.org\/web\/#\/schema\/logo\/image\/"},"sameAs":["https:\/\/www.facebook.com\/ParticipacionPC\/","https:\/\/x.com\/ParticipacionPC"]},{"@type":"Person","@id":"https:\/\/www.participacionciudadana.org\/web\/#\/schema\/person\/67ded4b29f4c10d217a0e025340d23ea","name":"auzfabian","image":{"@type":"ImageObject","inLanguage":"es","@id":"https:\/\/www.participacionciudadana.org\/web\/#\/schema\/person\/image\/","url":"https:\/\/secure.gravatar.com\/avatar\/b07eacb2fae81fba8818d35abde16f5d26c3e833d77fabbeeb8d53523e796bde?s=96&d=mm&r=g","contentUrl":"https:\/\/secure.gravatar.com\/avatar\/b07eacb2fae81fba8818d35abde16f5d26c3e833d77fabbeeb8d53523e796bde?s=96&d=mm&r=g","caption":"auzfabian"},"sameAs":["https:\/\/www.participacionciudadana.org\/web"],"url":"https:\/\/www.participacionciudadana.org\/web\/author\/auzfabian\/"}]}},"_links":{"self":[{"href":"https:\/\/www.participacionciudadana.org\/web\/wp-json\/wp\/v2\/posts\/2243","targetHints":{"allow":["GET"]}}],"collection":[{"href":"https:\/\/www.participacionciudadana.org\/web\/wp-json\/wp\/v2\/posts"}],"about":[{"href":"https:\/\/www.participacionciudadana.org\/web\/wp-json\/wp\/v2\/types\/post"}],"author":[{"embeddable":true,"href":"https:\/\/www.participacionciudadana.org\/web\/wp-json\/wp\/v2\/users\/1"}],"replies":[{"embeddable":true,"href":"https:\/\/www.participacionciudadana.org\/web\/wp-json\/wp\/v2\/comments?post=2243"}],"version-history":[{"count":0,"href":"https:\/\/www.participacionciudadana.org\/web\/wp-json\/wp\/v2\/posts\/2243\/revisions"}],"wp:attachment":[{"href":"https:\/\/www.participacionciudadana.org\/web\/wp-json\/wp\/v2\/media?parent=2243"}],"wp:term":[{"taxonomy":"category","embeddable":true,"href":"https:\/\/www.participacionciudadana.org\/web\/wp-json\/wp\/v2\/categories?post=2243"},{"taxonomy":"post_tag","embeddable":true,"href":"https:\/\/www.participacionciudadana.org\/web\/wp-json\/wp\/v2\/tags?post=2243"}],"curies":[{"name":"wp","href":"https:\/\/api.w.org\/{rel}","templated":true}]}}