{"id":2260,"date":"2021-05-11T17:18:38","date_gmt":"2021-05-11T22:18:38","guid":{"rendered":"https:\/\/www.participacionciudadana.org\/web\/2021\/05\/11\/ecuador-es-el-pais-55-en-implementar-el-estandar-eiti\/"},"modified":"2021-05-11T17:18:38","modified_gmt":"2021-05-11T22:18:38","slug":"ecuador-es-el-pais-55-en-implementar-el-estandar-eiti","status":"publish","type":"post","link":"https:\/\/www.participacionciudadana.org\/web\/2021\/05\/11\/ecuador-es-el-pais-55-en-implementar-el-estandar-eiti\/","title":{"rendered":"Ecuador es el pa\u00eds 55 en implementar est\u00e1ndar EITI"},"content":{"rendered":"<p style=\"text-align: justify;\"><span style=\"color: #000000;\">Ecuador se convirti\u00f3 en el pa\u00eds 55 en implementar del Est\u00e1ndar EITI (Iniciativa para la Transparencia de las Industrias Extractivas) y el 11 a nivel de Am\u00e9rica Latina, lo que le obliga a la divulgaci\u00f3n p\u00fablica de informaci\u00f3n de todo el sector extractivo del Ecuador.<\/span><\/p>\n<p><span style=\"color: #000000;\">De esta manera, Ecuador entra a formar parte de un grupo de pa\u00edses comprometidos con la lucha contra la corrupci\u00f3n y en apoyar los esfuerzos de publicar datos de mejor calidad, m\u00e1s accesibles y actualizados sobre los sectores petroleros, gas\u00edferos y mineros. Estos datos van desde los procesos de adjudicaci\u00f3n de los derechos extractivos hasta de los detalles de los ingresos por estas actividades.<\/span><\/p>\n<p><span style=\"color: #000000;\">En julio del 2019, Ecuador conform\u00f3 el Grupo Multi Part\u00edcipe con representantes de Gobierno, Industria y Sociedad Civil requisito que exige el Est\u00e1ndar EITI para empezar la elaboraci\u00f3n del Primer Plan de Trabajo y el Reglamento de Operaciones de EITI en Ecuador.<\/span><\/p>\n<p><span style=\"color: #000000;\">Un a\u00f1o despu\u00e9s, en agosto de 2020 el Grupo Multi Part\u00edcipe termin\u00f3 la elaboraci\u00f3n del Plan de Trabajo y el Reglamento de Operaciones y present\u00f3 oficialmente su candidatura para ser parte de EITI. En el mes siguiente se oficializ\u00f3 la participaci\u00f3n del Ecuador en el Est\u00e1ndar y el 15 de octubre del mismo a\u00f1o, el pa\u00eds anunci\u00f3 ser el nuevo implementador de esta iniciativa.<\/span><\/p>\n","protected":false},"excerpt":{"rendered":"<p>Ecuador se convirti\u00f3 en el pa\u00eds 55 en implementar del Est\u00e1ndar EITI (Iniciativa para la Transparencia de las Industrias Extractivas) y el 11 a nivel de Am\u00e9rica Latina, lo que le obliga a la divulgaci\u00f3n p\u00fablica de informaci\u00f3n de todo el sector extractivo del Ecuador. De esta manera, Ecuador entra a formar parte de un [&hellip;]<\/p>\n","protected":false},"author":1,"featured_media":0,"comment_status":"open","ping_status":"open","sticky":false,"template":"","format":"standard","meta":{"site-sidebar-layout":"default","site-content-layout":"","ast-site-content-layout":"default","site-content-style":"default","site-sidebar-style":"default","ast-global-header-display":"","ast-banner-title-visibility":"","ast-main-header-display":"","ast-hfb-above-header-display":"","ast-hfb-below-header-display":"","ast-hfb-mobile-header-display":"","site-post-title":"","ast-breadcrumbs-content":"","ast-featured-img":"","footer-sml-layout":"","ast-disable-related-posts":"","theme-transparent-header-meta":"","adv-header-id-meta":"","stick-header-meta":"","header-above-stick-meta":"","header-main-stick-meta":"","header-below-stick-meta":"","astra-migrate-meta-layouts":"default","ast-page-background-enabled":"default","ast-page-background-meta":{"desktop":{"background-color":"","background-image":"","background-repeat":"repeat","background-position":"center center","background-size":"auto","background-attachment":"scroll","background-type":"","background-media":"","overlay-type":"","overlay-color":"","overlay-opacity":"","overlay-gradient":""},"tablet":{"background-color":"","background-image":"","background-repeat":"repeat","background-position":"center center","background-size":"auto","background-attachment":"scroll","background-type":"","background-media":"","overlay-type":"","overlay-color":"","overlay-opacity":"","overlay-gradient":""},"mobile":{"background-color":"","background-image":"","background-repeat":"repeat","background-position":"center center","background-size":"auto","background-attachment":"scroll","background-type":"","background-media":"","overlay-type":"","overlay-color":"","overlay-opacity":"","overlay-gradient":""}},"ast-content-background-meta":{"desktop":{"background-color":"var(--ast-global-color-5)","background-image":"","background-repeat":"repeat","background-position":"center center","background-size":"auto","background-attachment":"scroll","background-type":"","background-media":"","overlay-type":"","overlay-color":"","overlay-opacity":"","overlay-gradient":""},"tablet":{"background-color":"var(--ast-global-color-5)","background-image":"","background-repeat":"repeat","background-position":"center center","background-size":"auto","background-attachment":"scroll","background-type":"","background-media":"","overlay-type":"","overlay-color":"","overlay-opacity":"","overlay-gradient":""},"mobile":{"background-color":"var(--ast-global-color-5)","background-image":"","background-repeat":"repeat","background-position":"center center","background-size":"auto","background-attachment":"scroll","background-type":"","background-media":"","overlay-type":"","overlay-color":"","overlay-opacity":"","overlay-gradient":""}},"_joinchat":[],"footnotes":""},"categories":[28],"tags":[],"class_list":["post-2260","post","type-post","status-publish","format-standard","hentry","category-observatorio-eiti"],"yoast_head":"<!-- This site is optimized with the Yoast SEO plugin v26.5 - https:\/\/yoast.com\/wordpress\/plugins\/seo\/ -->\n<title>Ecuador es el pa\u00eds 55 en implementar est\u00e1ndar EITI - Participaci\u00f3n Ciudadana<\/title>\n<meta name=\"robots\" content=\"index, follow, max-snippet:-1, max-image-preview:large, max-video-preview:-1\" \/>\n<link rel=\"canonical\" href=\"https:\/\/www.participacionciudadana.org\/web\/2021\/05\/11\/ecuador-es-el-pais-55-en-implementar-el-estandar-eiti\/\" \/>\n<meta property=\"og:locale\" content=\"es_ES\" \/>\n<meta property=\"og:type\" content=\"article\" \/>\n<meta property=\"og:title\" content=\"Ecuador es el pa\u00eds 55 en implementar est\u00e1ndar EITI - Participaci\u00f3n Ciudadana\" \/>\n<meta property=\"og:description\" content=\"Ecuador se convirti\u00f3 en el pa\u00eds 55 en implementar del Est\u00e1ndar EITI (Iniciativa para la Transparencia de las Industrias Extractivas) y el 11 a nivel de Am\u00e9rica Latina, lo que le obliga a la divulgaci\u00f3n p\u00fablica de informaci\u00f3n de todo el sector extractivo del Ecuador. De esta manera, Ecuador entra a formar parte de un [&hellip;]\" \/>\n<meta property=\"og:url\" content=\"https:\/\/www.participacionciudadana.org\/web\/2021\/05\/11\/ecuador-es-el-pais-55-en-implementar-el-estandar-eiti\/\" \/>\n<meta property=\"og:site_name\" content=\"Participaci\u00f3n Ciudadana\" \/>\n<meta property=\"article:publisher\" content=\"https:\/\/www.facebook.com\/ParticipacionPC\/\" \/>\n<meta property=\"article:published_time\" content=\"2021-05-11T22:18:38+00:00\" \/>\n<meta name=\"author\" content=\"auzfabian\" \/>\n<meta name=\"twitter:card\" content=\"summary_large_image\" \/>\n<meta name=\"twitter:creator\" content=\"@ParticipacionPC\" \/>\n<meta name=\"twitter:site\" content=\"@ParticipacionPC\" \/>\n<meta name=\"twitter:label1\" content=\"Escrito por\" \/>\n\t<meta name=\"twitter:data1\" content=\"auzfabian\" \/>\n\t<meta name=\"twitter:label2\" content=\"Tiempo de lectura\" \/>\n\t<meta name=\"twitter:data2\" content=\"1 minuto\" \/>\n<script type=\"application\/ld+json\" class=\"yoast-schema-graph\">{\"@context\":\"https:\/\/schema.org\",\"@graph\":[{\"@type\":\"Article\",\"@id\":\"https:\/\/www.participacionciudadana.org\/web\/2021\/05\/11\/ecuador-es-el-pais-55-en-implementar-el-estandar-eiti\/#article\",\"isPartOf\":{\"@id\":\"https:\/\/www.participacionciudadana.org\/web\/2021\/05\/11\/ecuador-es-el-pais-55-en-implementar-el-estandar-eiti\/\"},\"author\":{\"name\":\"auzfabian\",\"@id\":\"https:\/\/www.participacionciudadana.org\/web\/#\/schema\/person\/67ded4b29f4c10d217a0e025340d23ea\"},\"headline\":\"Ecuador es el pa\u00eds 55 en implementar est\u00e1ndar EITI\",\"datePublished\":\"2021-05-11T22:18:38+00:00\",\"mainEntityOfPage\":{\"@id\":\"https:\/\/www.participacionciudadana.org\/web\/2021\/05\/11\/ecuador-es-el-pais-55-en-implementar-el-estandar-eiti\/\"},\"wordCount\":242,\"commentCount\":0,\"publisher\":{\"@id\":\"https:\/\/www.participacionciudadana.org\/web\/#organization\"},\"articleSection\":[\"Observatorio EITI\"],\"inLanguage\":\"es\",\"potentialAction\":[{\"@type\":\"CommentAction\",\"name\":\"Comment\",\"target\":[\"https:\/\/www.participacionciudadana.org\/web\/2021\/05\/11\/ecuador-es-el-pais-55-en-implementar-el-estandar-eiti\/#respond\"]}]},{\"@type\":\"WebPage\",\"@id\":\"https:\/\/www.participacionciudadana.org\/web\/2021\/05\/11\/ecuador-es-el-pais-55-en-implementar-el-estandar-eiti\/\",\"url\":\"https:\/\/www.participacionciudadana.org\/web\/2021\/05\/11\/ecuador-es-el-pais-55-en-implementar-el-estandar-eiti\/\",\"name\":\"Ecuador es el pa\u00eds 55 en implementar est\u00e1ndar EITI - Participaci\u00f3n Ciudadana\",\"isPartOf\":{\"@id\":\"https:\/\/www.participacionciudadana.org\/web\/#website\"},\"datePublished\":\"2021-05-11T22:18:38+00:00\",\"breadcrumb\":{\"@id\":\"https:\/\/www.participacionciudadana.org\/web\/2021\/05\/11\/ecuador-es-el-pais-55-en-implementar-el-estandar-eiti\/#breadcrumb\"},\"inLanguage\":\"es\",\"potentialAction\":[{\"@type\":\"ReadAction\",\"target\":[\"https:\/\/www.participacionciudadana.org\/web\/2021\/05\/11\/ecuador-es-el-pais-55-en-implementar-el-estandar-eiti\/\"]}]},{\"@type\":\"BreadcrumbList\",\"@id\":\"https:\/\/www.participacionciudadana.org\/web\/2021\/05\/11\/ecuador-es-el-pais-55-en-implementar-el-estandar-eiti\/#breadcrumb\",\"itemListElement\":[{\"@type\":\"ListItem\",\"position\":1,\"name\":\"Portada\",\"item\":\"https:\/\/www.participacionciudadana.org\/web\/\"},{\"@type\":\"ListItem\",\"position\":2,\"name\":\"Ecuador es el pa\u00eds 55 en implementar est\u00e1ndar EITI\"}]},{\"@type\":\"WebSite\",\"@id\":\"https:\/\/www.participacionciudadana.org\/web\/#website\",\"url\":\"https:\/\/www.participacionciudadana.org\/web\/\",\"name\":\"Participaci\u00f3n Ciudadana\",\"description\":\"Comprometidos con la democracia\",\"publisher\":{\"@id\":\"https:\/\/www.participacionciudadana.org\/web\/#organization\"},\"potentialAction\":[{\"@type\":\"SearchAction\",\"target\":{\"@type\":\"EntryPoint\",\"urlTemplate\":\"https:\/\/www.participacionciudadana.org\/web\/?s={search_term_string}\"},\"query-input\":{\"@type\":\"PropertyValueSpecification\",\"valueRequired\":true,\"valueName\":\"search_term_string\"}}],\"inLanguage\":\"es\"},{\"@type\":\"Organization\",\"@id\":\"https:\/\/www.participacionciudadana.org\/web\/#organization\",\"name\":\"Participaci\u00f3n Ciudadana\",\"url\":\"https:\/\/www.participacionciudadana.org\/web\/\",\"logo\":{\"@type\":\"ImageObject\",\"inLanguage\":\"es\",\"@id\":\"https:\/\/www.participacionciudadana.org\/web\/#\/schema\/logo\/image\/\",\"url\":\"https:\/\/www.participacionciudadana.org\/web\/wp-content\/uploads\/2021\/11\/cropped-logo_pc-1.png\",\"contentUrl\":\"https:\/\/www.participacionciudadana.org\/web\/wp-content\/uploads\/2021\/11\/cropped-logo_pc-1.png\",\"width\":340,\"height\":114,\"caption\":\"Participaci\u00f3n Ciudadana\"},\"image\":{\"@id\":\"https:\/\/www.participacionciudadana.org\/web\/#\/schema\/logo\/image\/\"},\"sameAs\":[\"https:\/\/www.facebook.com\/ParticipacionPC\/\",\"https:\/\/x.com\/ParticipacionPC\"]},{\"@type\":\"Person\",\"@id\":\"https:\/\/www.participacionciudadana.org\/web\/#\/schema\/person\/67ded4b29f4c10d217a0e025340d23ea\",\"name\":\"auzfabian\",\"image\":{\"@type\":\"ImageObject\",\"inLanguage\":\"es\",\"@id\":\"https:\/\/www.participacionciudadana.org\/web\/#\/schema\/person\/image\/\",\"url\":\"https:\/\/secure.gravatar.com\/avatar\/b07eacb2fae81fba8818d35abde16f5d26c3e833d77fabbeeb8d53523e796bde?s=96&d=mm&r=g\",\"contentUrl\":\"https:\/\/secure.gravatar.com\/avatar\/b07eacb2fae81fba8818d35abde16f5d26c3e833d77fabbeeb8d53523e796bde?s=96&d=mm&r=g\",\"caption\":\"auzfabian\"},\"sameAs\":[\"https:\/\/www.participacionciudadana.org\/web\"],\"url\":\"https:\/\/www.participacionciudadana.org\/web\/author\/auzfabian\/\"}]}<\/script>\n<!-- \/ Yoast SEO plugin. -->","yoast_head_json":{"title":"Ecuador es el pa\u00eds 55 en implementar est\u00e1ndar EITI - Participaci\u00f3n Ciudadana","robots":{"index":"index","follow":"follow","max-snippet":"max-snippet:-1","max-image-preview":"max-image-preview:large","max-video-preview":"max-video-preview:-1"},"canonical":"https:\/\/www.participacionciudadana.org\/web\/2021\/05\/11\/ecuador-es-el-pais-55-en-implementar-el-estandar-eiti\/","og_locale":"es_ES","og_type":"article","og_title":"Ecuador es el pa\u00eds 55 en implementar est\u00e1ndar EITI - Participaci\u00f3n Ciudadana","og_description":"Ecuador se convirti\u00f3 en el pa\u00eds 55 en implementar del Est\u00e1ndar EITI (Iniciativa para la Transparencia de las Industrias Extractivas) y el 11 a nivel de Am\u00e9rica Latina, lo que le obliga a la divulgaci\u00f3n p\u00fablica de informaci\u00f3n de todo el sector extractivo del Ecuador. De esta manera, Ecuador entra a formar parte de un [&hellip;]","og_url":"https:\/\/www.participacionciudadana.org\/web\/2021\/05\/11\/ecuador-es-el-pais-55-en-implementar-el-estandar-eiti\/","og_site_name":"Participaci\u00f3n Ciudadana","article_publisher":"https:\/\/www.facebook.com\/ParticipacionPC\/","article_published_time":"2021-05-11T22:18:38+00:00","author":"auzfabian","twitter_card":"summary_large_image","twitter_creator":"@ParticipacionPC","twitter_site":"@ParticipacionPC","twitter_misc":{"Escrito por":"auzfabian","Tiempo de lectura":"1 minuto"},"schema":{"@context":"https:\/\/schema.org","@graph":[{"@type":"Article","@id":"https:\/\/www.participacionciudadana.org\/web\/2021\/05\/11\/ecuador-es-el-pais-55-en-implementar-el-estandar-eiti\/#article","isPartOf":{"@id":"https:\/\/www.participacionciudadana.org\/web\/2021\/05\/11\/ecuador-es-el-pais-55-en-implementar-el-estandar-eiti\/"},"author":{"name":"auzfabian","@id":"https:\/\/www.participacionciudadana.org\/web\/#\/schema\/person\/67ded4b29f4c10d217a0e025340d23ea"},"headline":"Ecuador es el pa\u00eds 55 en implementar est\u00e1ndar EITI","datePublished":"2021-05-11T22:18:38+00:00","mainEntityOfPage":{"@id":"https:\/\/www.participacionciudadana.org\/web\/2021\/05\/11\/ecuador-es-el-pais-55-en-implementar-el-estandar-eiti\/"},"wordCount":242,"commentCount":0,"publisher":{"@id":"https:\/\/www.participacionciudadana.org\/web\/#organization"},"articleSection":["Observatorio EITI"],"inLanguage":"es","potentialAction":[{"@type":"CommentAction","name":"Comment","target":["https:\/\/www.participacionciudadana.org\/web\/2021\/05\/11\/ecuador-es-el-pais-55-en-implementar-el-estandar-eiti\/#respond"]}]},{"@type":"WebPage","@id":"https:\/\/www.participacionciudadana.org\/web\/2021\/05\/11\/ecuador-es-el-pais-55-en-implementar-el-estandar-eiti\/","url":"https:\/\/www.participacionciudadana.org\/web\/2021\/05\/11\/ecuador-es-el-pais-55-en-implementar-el-estandar-eiti\/","name":"Ecuador es el pa\u00eds 55 en implementar est\u00e1ndar EITI - Participaci\u00f3n Ciudadana","isPartOf":{"@id":"https:\/\/www.participacionciudadana.org\/web\/#website"},"datePublished":"2021-05-11T22:18:38+00:00","breadcrumb":{"@id":"https:\/\/www.participacionciudadana.org\/web\/2021\/05\/11\/ecuador-es-el-pais-55-en-implementar-el-estandar-eiti\/#breadcrumb"},"inLanguage":"es","potentialAction":[{"@type":"ReadAction","target":["https:\/\/www.participacionciudadana.org\/web\/2021\/05\/11\/ecuador-es-el-pais-55-en-implementar-el-estandar-eiti\/"]}]},{"@type":"BreadcrumbList","@id":"https:\/\/www.participacionciudadana.org\/web\/2021\/05\/11\/ecuador-es-el-pais-55-en-implementar-el-estandar-eiti\/#breadcrumb","itemListElement":[{"@type":"ListItem","position":1,"name":"Portada","item":"https:\/\/www.participacionciudadana.org\/web\/"},{"@type":"ListItem","position":2,"name":"Ecuador es el pa\u00eds 55 en implementar est\u00e1ndar EITI"}]},{"@type":"WebSite","@id":"https:\/\/www.participacionciudadana.org\/web\/#website","url":"https:\/\/www.participacionciudadana.org\/web\/","name":"Participaci\u00f3n Ciudadana","description":"Comprometidos con la democracia","publisher":{"@id":"https:\/\/www.participacionciudadana.org\/web\/#organization"},"potentialAction":[{"@type":"SearchAction","target":{"@type":"EntryPoint","urlTemplate":"https:\/\/www.participacionciudadana.org\/web\/?s={search_term_string}"},"query-input":{"@type":"PropertyValueSpecification","valueRequired":true,"valueName":"search_term_string"}}],"inLanguage":"es"},{"@type":"Organization","@id":"https:\/\/www.participacionciudadana.org\/web\/#organization","name":"Participaci\u00f3n Ciudadana","url":"https:\/\/www.participacionciudadana.org\/web\/","logo":{"@type":"ImageObject","inLanguage":"es","@id":"https:\/\/www.participacionciudadana.org\/web\/#\/schema\/logo\/image\/","url":"https:\/\/www.participacionciudadana.org\/web\/wp-content\/uploads\/2021\/11\/cropped-logo_pc-1.png","contentUrl":"https:\/\/www.participacionciudadana.org\/web\/wp-content\/uploads\/2021\/11\/cropped-logo_pc-1.png","width":340,"height":114,"caption":"Participaci\u00f3n Ciudadana"},"image":{"@id":"https:\/\/www.participacionciudadana.org\/web\/#\/schema\/logo\/image\/"},"sameAs":["https:\/\/www.facebook.com\/ParticipacionPC\/","https:\/\/x.com\/ParticipacionPC"]},{"@type":"Person","@id":"https:\/\/www.participacionciudadana.org\/web\/#\/schema\/person\/67ded4b29f4c10d217a0e025340d23ea","name":"auzfabian","image":{"@type":"ImageObject","inLanguage":"es","@id":"https:\/\/www.participacionciudadana.org\/web\/#\/schema\/person\/image\/","url":"https:\/\/secure.gravatar.com\/avatar\/b07eacb2fae81fba8818d35abde16f5d26c3e833d77fabbeeb8d53523e796bde?s=96&d=mm&r=g","contentUrl":"https:\/\/secure.gravatar.com\/avatar\/b07eacb2fae81fba8818d35abde16f5d26c3e833d77fabbeeb8d53523e796bde?s=96&d=mm&r=g","caption":"auzfabian"},"sameAs":["https:\/\/www.participacionciudadana.org\/web"],"url":"https:\/\/www.participacionciudadana.org\/web\/author\/auzfabian\/"}]}},"_links":{"self":[{"href":"https:\/\/www.participacionciudadana.org\/web\/wp-json\/wp\/v2\/posts\/2260","targetHints":{"allow":["GET"]}}],"collection":[{"href":"https:\/\/www.participacionciudadana.org\/web\/wp-json\/wp\/v2\/posts"}],"about":[{"href":"https:\/\/www.participacionciudadana.org\/web\/wp-json\/wp\/v2\/types\/post"}],"author":[{"embeddable":true,"href":"https:\/\/www.participacionciudadana.org\/web\/wp-json\/wp\/v2\/users\/1"}],"replies":[{"embeddable":true,"href":"https:\/\/www.participacionciudadana.org\/web\/wp-json\/wp\/v2\/comments?post=2260"}],"version-history":[{"count":0,"href":"https:\/\/www.participacionciudadana.org\/web\/wp-json\/wp\/v2\/posts\/2260\/revisions"}],"wp:attachment":[{"href":"https:\/\/www.participacionciudadana.org\/web\/wp-json\/wp\/v2\/media?parent=2260"}],"wp:term":[{"taxonomy":"category","embeddable":true,"href":"https:\/\/www.participacionciudadana.org\/web\/wp-json\/wp\/v2\/categories?post=2260"},{"taxonomy":"post_tag","embeddable":true,"href":"https:\/\/www.participacionciudadana.org\/web\/wp-json\/wp\/v2\/tags?post=2260"}],"curies":[{"name":"wp","href":"https:\/\/api.w.org\/{rel}","templated":true}]}}