{"id":2278,"date":"2021-06-04T11:30:16","date_gmt":"2021-06-04T16:30:16","guid":{"rendered":"https:\/\/www.participacionciudadana.org\/web\/2021\/06\/04\/pc-dicta-taller-a-jovenes-sobre-democracia-ciudadania-y-estado\/"},"modified":"2022-01-06T16:55:55","modified_gmt":"2022-01-06T21:55:55","slug":"pc-dicta-taller-a-jovenes-sobre-democracia-ciudadania-y-estado","status":"publish","type":"post","link":"https:\/\/www.participacionciudadana.org\/web\/2021\/06\/04\/pc-dicta-taller-a-jovenes-sobre-democracia-ciudadania-y-estado\/","title":{"rendered":"PC dicta taller a j\u00f3venes sobre Democracia, ciudadan\u00eda y Estado"},"content":{"rendered":"<p>El pasado s\u00e1bado 30 de mayo, la t\u00e9cnica de Participaci\u00f3n Ciudadana, Virginia Paredes, dict\u00f3 un taller a los miembros del proyecto J\u00f3venes Liderando, sobre \u201cDemocracia, ciudadan\u00eda y Estado: una mirada hacia la transversalizaci\u00f3n de la perspectiva de g\u00e9nero en pol\u00edticas p\u00fablicas\u201d.<\/p>\n<p>Durante el taller se discutieron temas como las barreras que dificultan la participaci\u00f3n pol\u00edtica de las mujeres y su representaci\u00f3n. Adem\u00e1s de los monopolitos del poder de los partidos pol\u00edticas, donde se deciden quien participa y quienes eligen candidatos para participar en las elecciones generales y seccionales en el pa\u00eds.<\/p>\n<p>Viriginia Paredes tambi\u00e9n hizo un an\u00e1lisis&nbsp; de la ausencia de pol\u00edticas de cuotas de g\u00e9nero y de voluntad pol\u00edtica para que las mujeres encabecen listas y se cumpla con la paridad de g\u00e9nero.<\/p>\n<p>\u201cEs importante visibilizar &nbsp;cuales son las barreras culturales que hacen creer que las mujeres somos incapaces para participar en pol\u00edtica u ocupar puestos de decisi\u00f3n, creando estereotipos de g\u00e9nero. Todo esto tambi\u00e9n provoca barreras estructurales que se reflejan en el campo laboral, por ejemplo que una mujer gana menos que un hombre a pesar de ocupar un mismo puesto de decisi\u00f3n\u201d, destac\u00f3 la t\u00e9cnica de PC.<\/p>\n<p>Por ello dijo, es importante que desde el Estado se incorpore la transversalizaci\u00f3n de la perspectiva de g\u00e9nero en pol\u00edticas p\u00fablicas, legislaci\u00f3n, estrategias y acciones.<\/p>\n","protected":false},"excerpt":{"rendered":"<p>El pasado s\u00e1bado 30 de mayo, la t\u00e9cnica de Participaci\u00f3n Ciudadana, Virginia Paredes, dict\u00f3 un taller a los miembros del proyecto J\u00f3venes Liderando, sobre \u201cDemocracia, ciudadan\u00eda y Estado: una mirada hacia la transversalizaci\u00f3n de la perspectiva de g\u00e9nero en pol\u00edticas p\u00fablicas\u201d. Durante el taller se discutieron temas como las barreras que dificultan la participaci\u00f3n pol\u00edtica [&hellip;]<\/p>\n","protected":false},"author":1,"featured_media":2608,"comment_status":"open","ping_status":"open","sticky":false,"template":"","format":"standard","meta":{"site-sidebar-layout":"default","site-content-layout":"","ast-site-content-layout":"default","site-content-style":"default","site-sidebar-style":"default","ast-global-header-display":"","ast-banner-title-visibility":"","ast-main-header-display":"","ast-hfb-above-header-display":"","ast-hfb-below-header-display":"","ast-hfb-mobile-header-display":"","site-post-title":"","ast-breadcrumbs-content":"","ast-featured-img":"","footer-sml-layout":"","ast-disable-related-posts":"","theme-transparent-header-meta":"","adv-header-id-meta":"","stick-header-meta":"","header-above-stick-meta":"","header-main-stick-meta":"","header-below-stick-meta":"","astra-migrate-meta-layouts":"default","ast-page-background-enabled":"default","ast-page-background-meta":{"desktop":{"background-color":"","background-image":"","background-repeat":"repeat","background-position":"center center","background-size":"auto","background-attachment":"scroll","background-type":"","background-media":"","overlay-type":"","overlay-color":"","overlay-opacity":"","overlay-gradient":""},"tablet":{"background-color":"","background-image":"","background-repeat":"repeat","background-position":"center center","background-size":"auto","background-attachment":"scroll","background-type":"","background-media":"","overlay-type":"","overlay-color":"","overlay-opacity":"","overlay-gradient":""},"mobile":{"background-color":"","background-image":"","background-repeat":"repeat","background-position":"center center","background-size":"auto","background-attachment":"scroll","background-type":"","background-media":"","overlay-type":"","overlay-color":"","overlay-opacity":"","overlay-gradient":""}},"ast-content-background-meta":{"desktop":{"background-color":"var(--ast-global-color-5)","background-image":"","background-repeat":"repeat","background-position":"center center","background-size":"auto","background-attachment":"scroll","background-type":"","background-media":"","overlay-type":"","overlay-color":"","overlay-opacity":"","overlay-gradient":""},"tablet":{"background-color":"var(--ast-global-color-5)","background-image":"","background-repeat":"repeat","background-position":"center center","background-size":"auto","background-attachment":"scroll","background-type":"","background-media":"","overlay-type":"","overlay-color":"","overlay-opacity":"","overlay-gradient":""},"mobile":{"background-color":"var(--ast-global-color-5)","background-image":"","background-repeat":"repeat","background-position":"center center","background-size":"auto","background-attachment":"scroll","background-type":"","background-media":"","overlay-type":"","overlay-color":"","overlay-opacity":"","overlay-gradient":""}},"_joinchat":[],"footnotes":""},"categories":[20],"tags":[],"class_list":["post-2278","post","type-post","status-publish","format-standard","has-post-thumbnail","hentry","category-jovenes-liderando"],"yoast_head":"<!-- This site is optimized with the Yoast SEO plugin v26.5 - https:\/\/yoast.com\/wordpress\/plugins\/seo\/ -->\n<title>PC dicta taller a j\u00f3venes sobre Democracia, ciudadan\u00eda y Estado - Participaci\u00f3n Ciudadana<\/title>\n<meta name=\"robots\" content=\"index, follow, max-snippet:-1, max-image-preview:large, max-video-preview:-1\" \/>\n<link rel=\"canonical\" href=\"https:\/\/www.participacionciudadana.org\/web\/2021\/06\/04\/pc-dicta-taller-a-jovenes-sobre-democracia-ciudadania-y-estado\/\" \/>\n<meta property=\"og:locale\" content=\"es_ES\" \/>\n<meta property=\"og:type\" content=\"article\" \/>\n<meta property=\"og:title\" content=\"PC dicta taller a j\u00f3venes sobre Democracia, ciudadan\u00eda y Estado - Participaci\u00f3n Ciudadana\" \/>\n<meta property=\"og:description\" content=\"El pasado s\u00e1bado 30 de mayo, la t\u00e9cnica de Participaci\u00f3n Ciudadana, Virginia Paredes, dict\u00f3 un taller a los miembros del proyecto J\u00f3venes Liderando, sobre \u201cDemocracia, ciudadan\u00eda y Estado: una mirada hacia la transversalizaci\u00f3n de la perspectiva de g\u00e9nero en pol\u00edticas p\u00fablicas\u201d. Durante el taller se discutieron temas como las barreras que dificultan la participaci\u00f3n pol\u00edtica [&hellip;]\" \/>\n<meta property=\"og:url\" content=\"https:\/\/www.participacionciudadana.org\/web\/2021\/06\/04\/pc-dicta-taller-a-jovenes-sobre-democracia-ciudadania-y-estado\/\" \/>\n<meta property=\"og:site_name\" content=\"Participaci\u00f3n Ciudadana\" \/>\n<meta property=\"article:publisher\" content=\"https:\/\/www.facebook.com\/ParticipacionPC\/\" \/>\n<meta property=\"article:published_time\" content=\"2021-06-04T16:30:16+00:00\" \/>\n<meta property=\"article:modified_time\" content=\"2022-01-06T21:55:55+00:00\" \/>\n<meta property=\"og:image\" content=\"https:\/\/www.participacionciudadana.org\/web\/wp-content\/uploads\/2021\/11\/TallerDemocracia.png\" \/>\n\t<meta property=\"og:image:width\" content=\"400\" \/>\n\t<meta property=\"og:image:height\" content=\"225\" \/>\n\t<meta property=\"og:image:type\" content=\"image\/png\" \/>\n<meta name=\"author\" content=\"auzfabian\" \/>\n<meta name=\"twitter:card\" content=\"summary_large_image\" \/>\n<meta name=\"twitter:creator\" content=\"@ParticipacionPC\" \/>\n<meta name=\"twitter:site\" content=\"@ParticipacionPC\" \/>\n<meta name=\"twitter:label1\" content=\"Escrito por\" \/>\n\t<meta name=\"twitter:data1\" content=\"auzfabian\" \/>\n\t<meta name=\"twitter:label2\" content=\"Tiempo de lectura\" \/>\n\t<meta name=\"twitter:data2\" content=\"1 minuto\" \/>\n<script type=\"application\/ld+json\" class=\"yoast-schema-graph\">{\"@context\":\"https:\/\/schema.org\",\"@graph\":[{\"@type\":\"Article\",\"@id\":\"https:\/\/www.participacionciudadana.org\/web\/2021\/06\/04\/pc-dicta-taller-a-jovenes-sobre-democracia-ciudadania-y-estado\/#article\",\"isPartOf\":{\"@id\":\"https:\/\/www.participacionciudadana.org\/web\/2021\/06\/04\/pc-dicta-taller-a-jovenes-sobre-democracia-ciudadania-y-estado\/\"},\"author\":{\"name\":\"auzfabian\",\"@id\":\"https:\/\/www.participacionciudadana.org\/web\/#\/schema\/person\/67ded4b29f4c10d217a0e025340d23ea\"},\"headline\":\"PC dicta taller a j\u00f3venes sobre Democracia, ciudadan\u00eda y Estado\",\"datePublished\":\"2021-06-04T16:30:16+00:00\",\"dateModified\":\"2022-01-06T21:55:55+00:00\",\"mainEntityOfPage\":{\"@id\":\"https:\/\/www.participacionciudadana.org\/web\/2021\/06\/04\/pc-dicta-taller-a-jovenes-sobre-democracia-ciudadania-y-estado\/\"},\"wordCount\":260,\"commentCount\":0,\"publisher\":{\"@id\":\"https:\/\/www.participacionciudadana.org\/web\/#organization\"},\"image\":{\"@id\":\"https:\/\/www.participacionciudadana.org\/web\/2021\/06\/04\/pc-dicta-taller-a-jovenes-sobre-democracia-ciudadania-y-estado\/#primaryimage\"},\"thumbnailUrl\":\"https:\/\/www.participacionciudadana.org\/web\/wp-content\/uploads\/2021\/11\/TallerDemocracia.png\",\"articleSection\":[\"J\u00f3venes Liderando\"],\"inLanguage\":\"es\",\"potentialAction\":[{\"@type\":\"CommentAction\",\"name\":\"Comment\",\"target\":[\"https:\/\/www.participacionciudadana.org\/web\/2021\/06\/04\/pc-dicta-taller-a-jovenes-sobre-democracia-ciudadania-y-estado\/#respond\"]}]},{\"@type\":\"WebPage\",\"@id\":\"https:\/\/www.participacionciudadana.org\/web\/2021\/06\/04\/pc-dicta-taller-a-jovenes-sobre-democracia-ciudadania-y-estado\/\",\"url\":\"https:\/\/www.participacionciudadana.org\/web\/2021\/06\/04\/pc-dicta-taller-a-jovenes-sobre-democracia-ciudadania-y-estado\/\",\"name\":\"PC dicta taller a j\u00f3venes sobre Democracia, ciudadan\u00eda y Estado - Participaci\u00f3n Ciudadana\",\"isPartOf\":{\"@id\":\"https:\/\/www.participacionciudadana.org\/web\/#website\"},\"primaryImageOfPage\":{\"@id\":\"https:\/\/www.participacionciudadana.org\/web\/2021\/06\/04\/pc-dicta-taller-a-jovenes-sobre-democracia-ciudadania-y-estado\/#primaryimage\"},\"image\":{\"@id\":\"https:\/\/www.participacionciudadana.org\/web\/2021\/06\/04\/pc-dicta-taller-a-jovenes-sobre-democracia-ciudadania-y-estado\/#primaryimage\"},\"thumbnailUrl\":\"https:\/\/www.participacionciudadana.org\/web\/wp-content\/uploads\/2021\/11\/TallerDemocracia.png\",\"datePublished\":\"2021-06-04T16:30:16+00:00\",\"dateModified\":\"2022-01-06T21:55:55+00:00\",\"breadcrumb\":{\"@id\":\"https:\/\/www.participacionciudadana.org\/web\/2021\/06\/04\/pc-dicta-taller-a-jovenes-sobre-democracia-ciudadania-y-estado\/#breadcrumb\"},\"inLanguage\":\"es\",\"potentialAction\":[{\"@type\":\"ReadAction\",\"target\":[\"https:\/\/www.participacionciudadana.org\/web\/2021\/06\/04\/pc-dicta-taller-a-jovenes-sobre-democracia-ciudadania-y-estado\/\"]}]},{\"@type\":\"ImageObject\",\"inLanguage\":\"es\",\"@id\":\"https:\/\/www.participacionciudadana.org\/web\/2021\/06\/04\/pc-dicta-taller-a-jovenes-sobre-democracia-ciudadania-y-estado\/#primaryimage\",\"url\":\"https:\/\/www.participacionciudadana.org\/web\/wp-content\/uploads\/2021\/11\/TallerDemocracia.png\",\"contentUrl\":\"https:\/\/www.participacionciudadana.org\/web\/wp-content\/uploads\/2021\/11\/TallerDemocracia.png\",\"width\":400,\"height\":225},{\"@type\":\"BreadcrumbList\",\"@id\":\"https:\/\/www.participacionciudadana.org\/web\/2021\/06\/04\/pc-dicta-taller-a-jovenes-sobre-democracia-ciudadania-y-estado\/#breadcrumb\",\"itemListElement\":[{\"@type\":\"ListItem\",\"position\":1,\"name\":\"Portada\",\"item\":\"https:\/\/www.participacionciudadana.org\/web\/\"},{\"@type\":\"ListItem\",\"position\":2,\"name\":\"PC dicta taller a j\u00f3venes sobre Democracia, ciudadan\u00eda y Estado\"}]},{\"@type\":\"WebSite\",\"@id\":\"https:\/\/www.participacionciudadana.org\/web\/#website\",\"url\":\"https:\/\/www.participacionciudadana.org\/web\/\",\"name\":\"Participaci\u00f3n Ciudadana\",\"description\":\"Comprometidos con la democracia\",\"publisher\":{\"@id\":\"https:\/\/www.participacionciudadana.org\/web\/#organization\"},\"potentialAction\":[{\"@type\":\"SearchAction\",\"target\":{\"@type\":\"EntryPoint\",\"urlTemplate\":\"https:\/\/www.participacionciudadana.org\/web\/?s={search_term_string}\"},\"query-input\":{\"@type\":\"PropertyValueSpecification\",\"valueRequired\":true,\"valueName\":\"search_term_string\"}}],\"inLanguage\":\"es\"},{\"@type\":\"Organization\",\"@id\":\"https:\/\/www.participacionciudadana.org\/web\/#organization\",\"name\":\"Participaci\u00f3n Ciudadana\",\"url\":\"https:\/\/www.participacionciudadana.org\/web\/\",\"logo\":{\"@type\":\"ImageObject\",\"inLanguage\":\"es\",\"@id\":\"https:\/\/www.participacionciudadana.org\/web\/#\/schema\/logo\/image\/\",\"url\":\"https:\/\/www.participacionciudadana.org\/web\/wp-content\/uploads\/2021\/11\/cropped-logo_pc-1.png\",\"contentUrl\":\"https:\/\/www.participacionciudadana.org\/web\/wp-content\/uploads\/2021\/11\/cropped-logo_pc-1.png\",\"width\":340,\"height\":114,\"caption\":\"Participaci\u00f3n Ciudadana\"},\"image\":{\"@id\":\"https:\/\/www.participacionciudadana.org\/web\/#\/schema\/logo\/image\/\"},\"sameAs\":[\"https:\/\/www.facebook.com\/ParticipacionPC\/\",\"https:\/\/x.com\/ParticipacionPC\"]},{\"@type\":\"Person\",\"@id\":\"https:\/\/www.participacionciudadana.org\/web\/#\/schema\/person\/67ded4b29f4c10d217a0e025340d23ea\",\"name\":\"auzfabian\",\"image\":{\"@type\":\"ImageObject\",\"inLanguage\":\"es\",\"@id\":\"https:\/\/www.participacionciudadana.org\/web\/#\/schema\/person\/image\/\",\"url\":\"https:\/\/secure.gravatar.com\/avatar\/b07eacb2fae81fba8818d35abde16f5d26c3e833d77fabbeeb8d53523e796bde?s=96&d=mm&r=g\",\"contentUrl\":\"https:\/\/secure.gravatar.com\/avatar\/b07eacb2fae81fba8818d35abde16f5d26c3e833d77fabbeeb8d53523e796bde?s=96&d=mm&r=g\",\"caption\":\"auzfabian\"},\"sameAs\":[\"https:\/\/www.participacionciudadana.org\/web\"],\"url\":\"https:\/\/www.participacionciudadana.org\/web\/author\/auzfabian\/\"}]}<\/script>\n<!-- \/ Yoast SEO plugin. -->","yoast_head_json":{"title":"PC dicta taller a j\u00f3venes sobre Democracia, ciudadan\u00eda y Estado - Participaci\u00f3n Ciudadana","robots":{"index":"index","follow":"follow","max-snippet":"max-snippet:-1","max-image-preview":"max-image-preview:large","max-video-preview":"max-video-preview:-1"},"canonical":"https:\/\/www.participacionciudadana.org\/web\/2021\/06\/04\/pc-dicta-taller-a-jovenes-sobre-democracia-ciudadania-y-estado\/","og_locale":"es_ES","og_type":"article","og_title":"PC dicta taller a j\u00f3venes sobre Democracia, ciudadan\u00eda y Estado - Participaci\u00f3n Ciudadana","og_description":"El pasado s\u00e1bado 30 de mayo, la t\u00e9cnica de Participaci\u00f3n Ciudadana, Virginia Paredes, dict\u00f3 un taller a los miembros del proyecto J\u00f3venes Liderando, sobre \u201cDemocracia, ciudadan\u00eda y Estado: una mirada hacia la transversalizaci\u00f3n de la perspectiva de g\u00e9nero en pol\u00edticas p\u00fablicas\u201d. Durante el taller se discutieron temas como las barreras que dificultan la participaci\u00f3n pol\u00edtica [&hellip;]","og_url":"https:\/\/www.participacionciudadana.org\/web\/2021\/06\/04\/pc-dicta-taller-a-jovenes-sobre-democracia-ciudadania-y-estado\/","og_site_name":"Participaci\u00f3n Ciudadana","article_publisher":"https:\/\/www.facebook.com\/ParticipacionPC\/","article_published_time":"2021-06-04T16:30:16+00:00","article_modified_time":"2022-01-06T21:55:55+00:00","og_image":[{"width":400,"height":225,"url":"https:\/\/www.participacionciudadana.org\/web\/wp-content\/uploads\/2021\/11\/TallerDemocracia.png","type":"image\/png"}],"author":"auzfabian","twitter_card":"summary_large_image","twitter_creator":"@ParticipacionPC","twitter_site":"@ParticipacionPC","twitter_misc":{"Escrito por":"auzfabian","Tiempo de lectura":"1 minuto"},"schema":{"@context":"https:\/\/schema.org","@graph":[{"@type":"Article","@id":"https:\/\/www.participacionciudadana.org\/web\/2021\/06\/04\/pc-dicta-taller-a-jovenes-sobre-democracia-ciudadania-y-estado\/#article","isPartOf":{"@id":"https:\/\/www.participacionciudadana.org\/web\/2021\/06\/04\/pc-dicta-taller-a-jovenes-sobre-democracia-ciudadania-y-estado\/"},"author":{"name":"auzfabian","@id":"https:\/\/www.participacionciudadana.org\/web\/#\/schema\/person\/67ded4b29f4c10d217a0e025340d23ea"},"headline":"PC dicta taller a j\u00f3venes sobre Democracia, ciudadan\u00eda y Estado","datePublished":"2021-06-04T16:30:16+00:00","dateModified":"2022-01-06T21:55:55+00:00","mainEntityOfPage":{"@id":"https:\/\/www.participacionciudadana.org\/web\/2021\/06\/04\/pc-dicta-taller-a-jovenes-sobre-democracia-ciudadania-y-estado\/"},"wordCount":260,"commentCount":0,"publisher":{"@id":"https:\/\/www.participacionciudadana.org\/web\/#organization"},"image":{"@id":"https:\/\/www.participacionciudadana.org\/web\/2021\/06\/04\/pc-dicta-taller-a-jovenes-sobre-democracia-ciudadania-y-estado\/#primaryimage"},"thumbnailUrl":"https:\/\/www.participacionciudadana.org\/web\/wp-content\/uploads\/2021\/11\/TallerDemocracia.png","articleSection":["J\u00f3venes Liderando"],"inLanguage":"es","potentialAction":[{"@type":"CommentAction","name":"Comment","target":["https:\/\/www.participacionciudadana.org\/web\/2021\/06\/04\/pc-dicta-taller-a-jovenes-sobre-democracia-ciudadania-y-estado\/#respond"]}]},{"@type":"WebPage","@id":"https:\/\/www.participacionciudadana.org\/web\/2021\/06\/04\/pc-dicta-taller-a-jovenes-sobre-democracia-ciudadania-y-estado\/","url":"https:\/\/www.participacionciudadana.org\/web\/2021\/06\/04\/pc-dicta-taller-a-jovenes-sobre-democracia-ciudadania-y-estado\/","name":"PC dicta taller a j\u00f3venes sobre Democracia, ciudadan\u00eda y Estado - Participaci\u00f3n Ciudadana","isPartOf":{"@id":"https:\/\/www.participacionciudadana.org\/web\/#website"},"primaryImageOfPage":{"@id":"https:\/\/www.participacionciudadana.org\/web\/2021\/06\/04\/pc-dicta-taller-a-jovenes-sobre-democracia-ciudadania-y-estado\/#primaryimage"},"image":{"@id":"https:\/\/www.participacionciudadana.org\/web\/2021\/06\/04\/pc-dicta-taller-a-jovenes-sobre-democracia-ciudadania-y-estado\/#primaryimage"},"thumbnailUrl":"https:\/\/www.participacionciudadana.org\/web\/wp-content\/uploads\/2021\/11\/TallerDemocracia.png","datePublished":"2021-06-04T16:30:16+00:00","dateModified":"2022-01-06T21:55:55+00:00","breadcrumb":{"@id":"https:\/\/www.participacionciudadana.org\/web\/2021\/06\/04\/pc-dicta-taller-a-jovenes-sobre-democracia-ciudadania-y-estado\/#breadcrumb"},"inLanguage":"es","potentialAction":[{"@type":"ReadAction","target":["https:\/\/www.participacionciudadana.org\/web\/2021\/06\/04\/pc-dicta-taller-a-jovenes-sobre-democracia-ciudadania-y-estado\/"]}]},{"@type":"ImageObject","inLanguage":"es","@id":"https:\/\/www.participacionciudadana.org\/web\/2021\/06\/04\/pc-dicta-taller-a-jovenes-sobre-democracia-ciudadania-y-estado\/#primaryimage","url":"https:\/\/www.participacionciudadana.org\/web\/wp-content\/uploads\/2021\/11\/TallerDemocracia.png","contentUrl":"https:\/\/www.participacionciudadana.org\/web\/wp-content\/uploads\/2021\/11\/TallerDemocracia.png","width":400,"height":225},{"@type":"BreadcrumbList","@id":"https:\/\/www.participacionciudadana.org\/web\/2021\/06\/04\/pc-dicta-taller-a-jovenes-sobre-democracia-ciudadania-y-estado\/#breadcrumb","itemListElement":[{"@type":"ListItem","position":1,"name":"Portada","item":"https:\/\/www.participacionciudadana.org\/web\/"},{"@type":"ListItem","position":2,"name":"PC dicta taller a j\u00f3venes sobre Democracia, ciudadan\u00eda y Estado"}]},{"@type":"WebSite","@id":"https:\/\/www.participacionciudadana.org\/web\/#website","url":"https:\/\/www.participacionciudadana.org\/web\/","name":"Participaci\u00f3n Ciudadana","description":"Comprometidos con la democracia","publisher":{"@id":"https:\/\/www.participacionciudadana.org\/web\/#organization"},"potentialAction":[{"@type":"SearchAction","target":{"@type":"EntryPoint","urlTemplate":"https:\/\/www.participacionciudadana.org\/web\/?s={search_term_string}"},"query-input":{"@type":"PropertyValueSpecification","valueRequired":true,"valueName":"search_term_string"}}],"inLanguage":"es"},{"@type":"Organization","@id":"https:\/\/www.participacionciudadana.org\/web\/#organization","name":"Participaci\u00f3n Ciudadana","url":"https:\/\/www.participacionciudadana.org\/web\/","logo":{"@type":"ImageObject","inLanguage":"es","@id":"https:\/\/www.participacionciudadana.org\/web\/#\/schema\/logo\/image\/","url":"https:\/\/www.participacionciudadana.org\/web\/wp-content\/uploads\/2021\/11\/cropped-logo_pc-1.png","contentUrl":"https:\/\/www.participacionciudadana.org\/web\/wp-content\/uploads\/2021\/11\/cropped-logo_pc-1.png","width":340,"height":114,"caption":"Participaci\u00f3n Ciudadana"},"image":{"@id":"https:\/\/www.participacionciudadana.org\/web\/#\/schema\/logo\/image\/"},"sameAs":["https:\/\/www.facebook.com\/ParticipacionPC\/","https:\/\/x.com\/ParticipacionPC"]},{"@type":"Person","@id":"https:\/\/www.participacionciudadana.org\/web\/#\/schema\/person\/67ded4b29f4c10d217a0e025340d23ea","name":"auzfabian","image":{"@type":"ImageObject","inLanguage":"es","@id":"https:\/\/www.participacionciudadana.org\/web\/#\/schema\/person\/image\/","url":"https:\/\/secure.gravatar.com\/avatar\/b07eacb2fae81fba8818d35abde16f5d26c3e833d77fabbeeb8d53523e796bde?s=96&d=mm&r=g","contentUrl":"https:\/\/secure.gravatar.com\/avatar\/b07eacb2fae81fba8818d35abde16f5d26c3e833d77fabbeeb8d53523e796bde?s=96&d=mm&r=g","caption":"auzfabian"},"sameAs":["https:\/\/www.participacionciudadana.org\/web"],"url":"https:\/\/www.participacionciudadana.org\/web\/author\/auzfabian\/"}]}},"_links":{"self":[{"href":"https:\/\/www.participacionciudadana.org\/web\/wp-json\/wp\/v2\/posts\/2278","targetHints":{"allow":["GET"]}}],"collection":[{"href":"https:\/\/www.participacionciudadana.org\/web\/wp-json\/wp\/v2\/posts"}],"about":[{"href":"https:\/\/www.participacionciudadana.org\/web\/wp-json\/wp\/v2\/types\/post"}],"author":[{"embeddable":true,"href":"https:\/\/www.participacionciudadana.org\/web\/wp-json\/wp\/v2\/users\/1"}],"replies":[{"embeddable":true,"href":"https:\/\/www.participacionciudadana.org\/web\/wp-json\/wp\/v2\/comments?post=2278"}],"version-history":[{"count":0,"href":"https:\/\/www.participacionciudadana.org\/web\/wp-json\/wp\/v2\/posts\/2278\/revisions"}],"wp:featuredmedia":[{"embeddable":true,"href":"https:\/\/www.participacionciudadana.org\/web\/wp-json\/wp\/v2\/media\/2608"}],"wp:attachment":[{"href":"https:\/\/www.participacionciudadana.org\/web\/wp-json\/wp\/v2\/media?parent=2278"}],"wp:term":[{"taxonomy":"category","embeddable":true,"href":"https:\/\/www.participacionciudadana.org\/web\/wp-json\/wp\/v2\/categories?post=2278"},{"taxonomy":"post_tag","embeddable":true,"href":"https:\/\/www.participacionciudadana.org\/web\/wp-json\/wp\/v2\/tags?post=2278"}],"curies":[{"name":"wp","href":"https:\/\/api.w.org\/{rel}","templated":true}]}}