{"id":2307,"date":"2021-08-11T12:27:21","date_gmt":"2021-08-11T17:27:21","guid":{"rendered":"https:\/\/www.participacionciudadana.org\/web\/2021\/08\/11\/la-marcha-de-hoy-es-contra-la-corrupcion-y-por-quito\/"},"modified":"2021-08-11T12:27:21","modified_gmt":"2021-08-11T17:27:21","slug":"la-marcha-de-hoy-es-contra-la-corrupcion-y-por-quito","status":"publish","type":"post","link":"https:\/\/www.participacionciudadana.org\/web\/2021\/08\/11\/la-marcha-de-hoy-es-contra-la-corrupcion-y-por-quito\/","title":{"rendered":"La marcha de hoy es contra la corrupci\u00f3n y por Quito"},"content":{"rendered":"<p><span style=\"color: rgb(34, 34, 34); font-family: Arial, Helvetica, sans-serif; font-size: small; background-color: rgb(255, 255, 255);\">La marcha de diferentes sectores sociales de Quito convocada para este 10 de agosto es simb\u00f3lico, declar\u00f3 nuestra directora Ruth Hidalgo, durante una entrevista con el programa de opini\u00f3n Impacto Informativo.<\/span><br style=\"color: rgb(34, 34, 34); font-family: Arial, Helvetica, sans-serif; font-size: small; background-color: rgb(255, 255, 255);\" \/><br \/>\n<br style=\"color: rgb(34, 34, 34); font-family: Arial, Helvetica, sans-serif; font-size: small; background-color: rgb(255, 255, 255);\" \/><br \/>\n<span style=\"color: rgb(34, 34, 34); font-family: Arial, Helvetica, sans-serif; font-size: small; background-color: rgb(255, 255, 255);\">\u201cLa marcha convocada para hoy es contra la corrupci\u00f3n, por Quito y porque queremos que se cumpla y prevalezca el estado de derecho, con una soluci\u00f3n legal y consideramos que eso le corresponde a la Corte Constitucional\u201d, se\u00f1al\u00f3.<\/span><br style=\"color: rgb(34, 34, 34); font-family: Arial, Helvetica, sans-serif; font-size: small; background-color: rgb(255, 255, 255);\" \/><br \/>\n<br style=\"color: rgb(34, 34, 34); font-family: Arial, Helvetica, sans-serif; font-size: small; background-color: rgb(255, 255, 255);\" \/><br \/>\n<span style=\"color: rgb(34, 34, 34); font-family: Arial, Helvetica, sans-serif; font-size: small; background-color: rgb(255, 255, 255);\">La intenci\u00f3n, dijo, es que la Corte Constitucional aplique el art\u00edculo 25 de Ley Org\u00e1nica de Garant\u00edas Constitucionales y revis\u00e9 la sentencia de la Corte Provincial de Pichincha, que ha permitido que dos personas se disputen la alcald\u00eda de Quito.<\/span><br style=\"color: rgb(34, 34, 34); font-family: Arial, Helvetica, sans-serif; font-size: small; background-color: rgb(255, 255, 255);\" \/><br \/>\n<br style=\"color: rgb(34, 34, 34); font-family: Arial, Helvetica, sans-serif; font-size: small; background-color: rgb(255, 255, 255);\" \/><br \/>\n<span style=\"color: rgb(34, 34, 34); font-family: Arial, Helvetica, sans-serif; font-size: small; background-color: rgb(255, 255, 255);\">\u201cLa sentencia de la Corte Provincial vulnera el derecho de la ciudadan\u00eda quite\u00f1a a ejercer control pol\u00edtico y fiscalizaci\u00f3n que pone en contra la pared al funcionario p\u00fablico cuando comete actos anti\u00e9ticos y de corrupci\u00f3n. Adem\u00e1s, esta \u00faltima sentencia que restituy\u00f3 a alcalde (Jorge Yunda) ha provocado un embrollo jur\u00eddico y a todas luces se ve que ha sido un fallo p\u00edrrico, que nos muestra el desastre y debacle del sistema judicial, que dicta sentencias sin \u00e9tica y contra derecho\u201d, reiter\u00f3 nuestra directora.<\/span><br style=\"color: rgb(34, 34, 34); font-family: Arial, Helvetica, sans-serif; font-size: small; background-color: rgb(255, 255, 255);\" \/><br \/>\n<br style=\"color: rgb(34, 34, 34); font-family: Arial, Helvetica, sans-serif; font-size: small; background-color: rgb(255, 255, 255);\" \/><br \/>\n<span style=\"color: rgb(34, 34, 34); font-family: Arial, Helvetica, sans-serif; font-size: small; background-color: rgb(255, 255, 255);\">Ruth Hidalgo dijo adem\u00e1s que \u201chay que tener valent\u00eda y decirlo: Quito est\u00e1 sumido en corrupci\u00f3n grosera y evidente. Hay pruebas y denuncias en Fiscal\u00eda de tr\u00e1fico de influencias, uso de bienes p\u00fablicos para negocios personales de familiares de la primera autoridad de la ciudad\u201d.<\/span><br style=\"color: rgb(34, 34, 34); font-family: Arial, Helvetica, sans-serif; font-size: small; background-color: rgb(255, 255, 255);\" \/><br \/>\n<br style=\"color: rgb(34, 34, 34); font-family: Arial, Helvetica, sans-serif; font-size: small; background-color: rgb(255, 255, 255);\" \/><br \/>\n<span style=\"color: rgb(34, 34, 34); font-family: Arial, Helvetica, sans-serif; font-size: small; background-color: rgb(255, 255, 255);\">Sobre la contra marcha anunciada por los transportistas, dijo que est\u00e1n en su derecho de articularse y hacer vigilia. \u201cSi hay foco de violencia, quedar\u00e1 claro qui\u00e9n es qui\u00e9n. No me sorprende esta contramarcha porque se intenta replicar pr\u00e1cticas pol\u00edticas anteriores. Pero la marcha de diferentes de colectivos ciudadanos y sociedad civil ser\u00e1 pac\u00edfica\u201d.<\/span><\/p>\n<div class=\"yj6qo\" style=\"color: rgb(34, 34, 34); font-family: Arial, Helvetica, sans-serif; font-size: small; background-color: rgb(255, 255, 255);\">&nbsp;<\/div>\n<div><span style=\"color: rgb(34, 34, 34); font-family: Arial, Helvetica, sans-serif; font-size: small; background-color: rgb(255, 255, 255);\"><\/span><\/div>\n","protected":false},"excerpt":{"rendered":"<p>La marcha de diferentes sectores sociales de Quito convocada para este 10 de agosto es simb\u00f3lico, declar\u00f3 nuestra directora Ruth Hidalgo, durante una entrevista con el programa de opini\u00f3n Impacto Informativo. \u201cLa marcha convocada para hoy es contra la corrupci\u00f3n, por Quito y porque queremos que se cumpla y prevalezca el estado de derecho, con [&hellip;]<\/p>\n","protected":false},"author":1,"featured_media":0,"comment_status":"open","ping_status":"open","sticky":false,"template":"","format":"standard","meta":{"site-sidebar-layout":"default","site-content-layout":"","ast-site-content-layout":"default","site-content-style":"default","site-sidebar-style":"default","ast-global-header-display":"","ast-banner-title-visibility":"","ast-main-header-display":"","ast-hfb-above-header-display":"","ast-hfb-below-header-display":"","ast-hfb-mobile-header-display":"","site-post-title":"","ast-breadcrumbs-content":"","ast-featured-img":"","footer-sml-layout":"","ast-disable-related-posts":"","theme-transparent-header-meta":"","adv-header-id-meta":"","stick-header-meta":"","header-above-stick-meta":"","header-main-stick-meta":"","header-below-stick-meta":"","astra-migrate-meta-layouts":"default","ast-page-background-enabled":"default","ast-page-background-meta":{"desktop":{"background-color":"","background-image":"","background-repeat":"repeat","background-position":"center center","background-size":"auto","background-attachment":"scroll","background-type":"","background-media":"","overlay-type":"","overlay-color":"","overlay-opacity":"","overlay-gradient":""},"tablet":{"background-color":"","background-image":"","background-repeat":"repeat","background-position":"center center","background-size":"auto","background-attachment":"scroll","background-type":"","background-media":"","overlay-type":"","overlay-color":"","overlay-opacity":"","overlay-gradient":""},"mobile":{"background-color":"","background-image":"","background-repeat":"repeat","background-position":"center center","background-size":"auto","background-attachment":"scroll","background-type":"","background-media":"","overlay-type":"","overlay-color":"","overlay-opacity":"","overlay-gradient":""}},"ast-content-background-meta":{"desktop":{"background-color":"var(--ast-global-color-5)","background-image":"","background-repeat":"repeat","background-position":"center center","background-size":"auto","background-attachment":"scroll","background-type":"","background-media":"","overlay-type":"","overlay-color":"","overlay-opacity":"","overlay-gradient":""},"tablet":{"background-color":"var(--ast-global-color-5)","background-image":"","background-repeat":"repeat","background-position":"center center","background-size":"auto","background-attachment":"scroll","background-type":"","background-media":"","overlay-type":"","overlay-color":"","overlay-opacity":"","overlay-gradient":""},"mobile":{"background-color":"var(--ast-global-color-5)","background-image":"","background-repeat":"repeat","background-position":"center center","background-size":"auto","background-attachment":"scroll","background-type":"","background-media":"","overlay-type":"","overlay-color":"","overlay-opacity":"","overlay-gradient":""}},"_joinchat":[],"footnotes":""},"categories":[16],"tags":[],"class_list":["post-2307","post","type-post","status-publish","format-standard","hentry","category-actualidad"],"yoast_head":"<!-- This site is optimized with the Yoast SEO plugin v26.5 - https:\/\/yoast.com\/wordpress\/plugins\/seo\/ -->\n<title>La marcha de hoy es contra la corrupci\u00f3n y por Quito - Participaci\u00f3n Ciudadana<\/title>\n<meta name=\"robots\" content=\"index, follow, max-snippet:-1, max-image-preview:large, max-video-preview:-1\" \/>\n<link rel=\"canonical\" href=\"https:\/\/www.participacionciudadana.org\/web\/2021\/08\/11\/la-marcha-de-hoy-es-contra-la-corrupcion-y-por-quito\/\" \/>\n<meta property=\"og:locale\" content=\"es_ES\" \/>\n<meta property=\"og:type\" content=\"article\" \/>\n<meta property=\"og:title\" content=\"La marcha de hoy es contra la corrupci\u00f3n y por Quito - Participaci\u00f3n Ciudadana\" \/>\n<meta property=\"og:description\" content=\"La marcha de diferentes sectores sociales de Quito convocada para este 10 de agosto es simb\u00f3lico, declar\u00f3 nuestra directora Ruth Hidalgo, durante una entrevista con el programa de opini\u00f3n Impacto Informativo. \u201cLa marcha convocada para hoy es contra la corrupci\u00f3n, por Quito y porque queremos que se cumpla y prevalezca el estado de derecho, con [&hellip;]\" \/>\n<meta property=\"og:url\" content=\"https:\/\/www.participacionciudadana.org\/web\/2021\/08\/11\/la-marcha-de-hoy-es-contra-la-corrupcion-y-por-quito\/\" \/>\n<meta property=\"og:site_name\" content=\"Participaci\u00f3n Ciudadana\" \/>\n<meta property=\"article:publisher\" content=\"https:\/\/www.facebook.com\/ParticipacionPC\/\" \/>\n<meta property=\"article:published_time\" content=\"2021-08-11T17:27:21+00:00\" \/>\n<meta name=\"author\" content=\"auzfabian\" \/>\n<meta name=\"twitter:card\" content=\"summary_large_image\" \/>\n<meta name=\"twitter:creator\" content=\"@ParticipacionPC\" \/>\n<meta name=\"twitter:site\" content=\"@ParticipacionPC\" \/>\n<meta name=\"twitter:label1\" content=\"Escrito por\" \/>\n\t<meta name=\"twitter:data1\" content=\"auzfabian\" \/>\n\t<meta name=\"twitter:label2\" content=\"Tiempo de lectura\" \/>\n\t<meta name=\"twitter:data2\" content=\"2 minutos\" \/>\n<script type=\"application\/ld+json\" class=\"yoast-schema-graph\">{\"@context\":\"https:\/\/schema.org\",\"@graph\":[{\"@type\":\"Article\",\"@id\":\"https:\/\/www.participacionciudadana.org\/web\/2021\/08\/11\/la-marcha-de-hoy-es-contra-la-corrupcion-y-por-quito\/#article\",\"isPartOf\":{\"@id\":\"https:\/\/www.participacionciudadana.org\/web\/2021\/08\/11\/la-marcha-de-hoy-es-contra-la-corrupcion-y-por-quito\/\"},\"author\":{\"name\":\"auzfabian\",\"@id\":\"https:\/\/www.participacionciudadana.org\/web\/#\/schema\/person\/67ded4b29f4c10d217a0e025340d23ea\"},\"headline\":\"La marcha de hoy es contra la corrupci\u00f3n y por Quito\",\"datePublished\":\"2021-08-11T17:27:21+00:00\",\"mainEntityOfPage\":{\"@id\":\"https:\/\/www.participacionciudadana.org\/web\/2021\/08\/11\/la-marcha-de-hoy-es-contra-la-corrupcion-y-por-quito\/\"},\"wordCount\":334,\"commentCount\":0,\"publisher\":{\"@id\":\"https:\/\/www.participacionciudadana.org\/web\/#organization\"},\"articleSection\":[\"Actualidad\"],\"inLanguage\":\"es\",\"potentialAction\":[{\"@type\":\"CommentAction\",\"name\":\"Comment\",\"target\":[\"https:\/\/www.participacionciudadana.org\/web\/2021\/08\/11\/la-marcha-de-hoy-es-contra-la-corrupcion-y-por-quito\/#respond\"]}]},{\"@type\":\"WebPage\",\"@id\":\"https:\/\/www.participacionciudadana.org\/web\/2021\/08\/11\/la-marcha-de-hoy-es-contra-la-corrupcion-y-por-quito\/\",\"url\":\"https:\/\/www.participacionciudadana.org\/web\/2021\/08\/11\/la-marcha-de-hoy-es-contra-la-corrupcion-y-por-quito\/\",\"name\":\"La marcha de hoy es contra la corrupci\u00f3n y por Quito - Participaci\u00f3n Ciudadana\",\"isPartOf\":{\"@id\":\"https:\/\/www.participacionciudadana.org\/web\/#website\"},\"datePublished\":\"2021-08-11T17:27:21+00:00\",\"breadcrumb\":{\"@id\":\"https:\/\/www.participacionciudadana.org\/web\/2021\/08\/11\/la-marcha-de-hoy-es-contra-la-corrupcion-y-por-quito\/#breadcrumb\"},\"inLanguage\":\"es\",\"potentialAction\":[{\"@type\":\"ReadAction\",\"target\":[\"https:\/\/www.participacionciudadana.org\/web\/2021\/08\/11\/la-marcha-de-hoy-es-contra-la-corrupcion-y-por-quito\/\"]}]},{\"@type\":\"BreadcrumbList\",\"@id\":\"https:\/\/www.participacionciudadana.org\/web\/2021\/08\/11\/la-marcha-de-hoy-es-contra-la-corrupcion-y-por-quito\/#breadcrumb\",\"itemListElement\":[{\"@type\":\"ListItem\",\"position\":1,\"name\":\"Portada\",\"item\":\"https:\/\/www.participacionciudadana.org\/web\/\"},{\"@type\":\"ListItem\",\"position\":2,\"name\":\"La marcha de hoy es contra la corrupci\u00f3n y por Quito\"}]},{\"@type\":\"WebSite\",\"@id\":\"https:\/\/www.participacionciudadana.org\/web\/#website\",\"url\":\"https:\/\/www.participacionciudadana.org\/web\/\",\"name\":\"Participaci\u00f3n Ciudadana\",\"description\":\"Comprometidos con la democracia\",\"publisher\":{\"@id\":\"https:\/\/www.participacionciudadana.org\/web\/#organization\"},\"potentialAction\":[{\"@type\":\"SearchAction\",\"target\":{\"@type\":\"EntryPoint\",\"urlTemplate\":\"https:\/\/www.participacionciudadana.org\/web\/?s={search_term_string}\"},\"query-input\":{\"@type\":\"PropertyValueSpecification\",\"valueRequired\":true,\"valueName\":\"search_term_string\"}}],\"inLanguage\":\"es\"},{\"@type\":\"Organization\",\"@id\":\"https:\/\/www.participacionciudadana.org\/web\/#organization\",\"name\":\"Participaci\u00f3n Ciudadana\",\"url\":\"https:\/\/www.participacionciudadana.org\/web\/\",\"logo\":{\"@type\":\"ImageObject\",\"inLanguage\":\"es\",\"@id\":\"https:\/\/www.participacionciudadana.org\/web\/#\/schema\/logo\/image\/\",\"url\":\"https:\/\/www.participacionciudadana.org\/web\/wp-content\/uploads\/2021\/11\/cropped-logo_pc-1.png\",\"contentUrl\":\"https:\/\/www.participacionciudadana.org\/web\/wp-content\/uploads\/2021\/11\/cropped-logo_pc-1.png\",\"width\":340,\"height\":114,\"caption\":\"Participaci\u00f3n Ciudadana\"},\"image\":{\"@id\":\"https:\/\/www.participacionciudadana.org\/web\/#\/schema\/logo\/image\/\"},\"sameAs\":[\"https:\/\/www.facebook.com\/ParticipacionPC\/\",\"https:\/\/x.com\/ParticipacionPC\"]},{\"@type\":\"Person\",\"@id\":\"https:\/\/www.participacionciudadana.org\/web\/#\/schema\/person\/67ded4b29f4c10d217a0e025340d23ea\",\"name\":\"auzfabian\",\"image\":{\"@type\":\"ImageObject\",\"inLanguage\":\"es\",\"@id\":\"https:\/\/www.participacionciudadana.org\/web\/#\/schema\/person\/image\/\",\"url\":\"https:\/\/secure.gravatar.com\/avatar\/b07eacb2fae81fba8818d35abde16f5d26c3e833d77fabbeeb8d53523e796bde?s=96&d=mm&r=g\",\"contentUrl\":\"https:\/\/secure.gravatar.com\/avatar\/b07eacb2fae81fba8818d35abde16f5d26c3e833d77fabbeeb8d53523e796bde?s=96&d=mm&r=g\",\"caption\":\"auzfabian\"},\"sameAs\":[\"https:\/\/www.participacionciudadana.org\/web\"],\"url\":\"https:\/\/www.participacionciudadana.org\/web\/author\/auzfabian\/\"}]}<\/script>\n<!-- \/ Yoast SEO plugin. -->","yoast_head_json":{"title":"La marcha de hoy es contra la corrupci\u00f3n y por Quito - Participaci\u00f3n Ciudadana","robots":{"index":"index","follow":"follow","max-snippet":"max-snippet:-1","max-image-preview":"max-image-preview:large","max-video-preview":"max-video-preview:-1"},"canonical":"https:\/\/www.participacionciudadana.org\/web\/2021\/08\/11\/la-marcha-de-hoy-es-contra-la-corrupcion-y-por-quito\/","og_locale":"es_ES","og_type":"article","og_title":"La marcha de hoy es contra la corrupci\u00f3n y por Quito - Participaci\u00f3n Ciudadana","og_description":"La marcha de diferentes sectores sociales de Quito convocada para este 10 de agosto es simb\u00f3lico, declar\u00f3 nuestra directora Ruth Hidalgo, durante una entrevista con el programa de opini\u00f3n Impacto Informativo. \u201cLa marcha convocada para hoy es contra la corrupci\u00f3n, por Quito y porque queremos que se cumpla y prevalezca el estado de derecho, con [&hellip;]","og_url":"https:\/\/www.participacionciudadana.org\/web\/2021\/08\/11\/la-marcha-de-hoy-es-contra-la-corrupcion-y-por-quito\/","og_site_name":"Participaci\u00f3n Ciudadana","article_publisher":"https:\/\/www.facebook.com\/ParticipacionPC\/","article_published_time":"2021-08-11T17:27:21+00:00","author":"auzfabian","twitter_card":"summary_large_image","twitter_creator":"@ParticipacionPC","twitter_site":"@ParticipacionPC","twitter_misc":{"Escrito por":"auzfabian","Tiempo de lectura":"2 minutos"},"schema":{"@context":"https:\/\/schema.org","@graph":[{"@type":"Article","@id":"https:\/\/www.participacionciudadana.org\/web\/2021\/08\/11\/la-marcha-de-hoy-es-contra-la-corrupcion-y-por-quito\/#article","isPartOf":{"@id":"https:\/\/www.participacionciudadana.org\/web\/2021\/08\/11\/la-marcha-de-hoy-es-contra-la-corrupcion-y-por-quito\/"},"author":{"name":"auzfabian","@id":"https:\/\/www.participacionciudadana.org\/web\/#\/schema\/person\/67ded4b29f4c10d217a0e025340d23ea"},"headline":"La marcha de hoy es contra la corrupci\u00f3n y por Quito","datePublished":"2021-08-11T17:27:21+00:00","mainEntityOfPage":{"@id":"https:\/\/www.participacionciudadana.org\/web\/2021\/08\/11\/la-marcha-de-hoy-es-contra-la-corrupcion-y-por-quito\/"},"wordCount":334,"commentCount":0,"publisher":{"@id":"https:\/\/www.participacionciudadana.org\/web\/#organization"},"articleSection":["Actualidad"],"inLanguage":"es","potentialAction":[{"@type":"CommentAction","name":"Comment","target":["https:\/\/www.participacionciudadana.org\/web\/2021\/08\/11\/la-marcha-de-hoy-es-contra-la-corrupcion-y-por-quito\/#respond"]}]},{"@type":"WebPage","@id":"https:\/\/www.participacionciudadana.org\/web\/2021\/08\/11\/la-marcha-de-hoy-es-contra-la-corrupcion-y-por-quito\/","url":"https:\/\/www.participacionciudadana.org\/web\/2021\/08\/11\/la-marcha-de-hoy-es-contra-la-corrupcion-y-por-quito\/","name":"La marcha de hoy es contra la corrupci\u00f3n y por Quito - Participaci\u00f3n Ciudadana","isPartOf":{"@id":"https:\/\/www.participacionciudadana.org\/web\/#website"},"datePublished":"2021-08-11T17:27:21+00:00","breadcrumb":{"@id":"https:\/\/www.participacionciudadana.org\/web\/2021\/08\/11\/la-marcha-de-hoy-es-contra-la-corrupcion-y-por-quito\/#breadcrumb"},"inLanguage":"es","potentialAction":[{"@type":"ReadAction","target":["https:\/\/www.participacionciudadana.org\/web\/2021\/08\/11\/la-marcha-de-hoy-es-contra-la-corrupcion-y-por-quito\/"]}]},{"@type":"BreadcrumbList","@id":"https:\/\/www.participacionciudadana.org\/web\/2021\/08\/11\/la-marcha-de-hoy-es-contra-la-corrupcion-y-por-quito\/#breadcrumb","itemListElement":[{"@type":"ListItem","position":1,"name":"Portada","item":"https:\/\/www.participacionciudadana.org\/web\/"},{"@type":"ListItem","position":2,"name":"La marcha de hoy es contra la corrupci\u00f3n y por Quito"}]},{"@type":"WebSite","@id":"https:\/\/www.participacionciudadana.org\/web\/#website","url":"https:\/\/www.participacionciudadana.org\/web\/","name":"Participaci\u00f3n Ciudadana","description":"Comprometidos con la democracia","publisher":{"@id":"https:\/\/www.participacionciudadana.org\/web\/#organization"},"potentialAction":[{"@type":"SearchAction","target":{"@type":"EntryPoint","urlTemplate":"https:\/\/www.participacionciudadana.org\/web\/?s={search_term_string}"},"query-input":{"@type":"PropertyValueSpecification","valueRequired":true,"valueName":"search_term_string"}}],"inLanguage":"es"},{"@type":"Organization","@id":"https:\/\/www.participacionciudadana.org\/web\/#organization","name":"Participaci\u00f3n Ciudadana","url":"https:\/\/www.participacionciudadana.org\/web\/","logo":{"@type":"ImageObject","inLanguage":"es","@id":"https:\/\/www.participacionciudadana.org\/web\/#\/schema\/logo\/image\/","url":"https:\/\/www.participacionciudadana.org\/web\/wp-content\/uploads\/2021\/11\/cropped-logo_pc-1.png","contentUrl":"https:\/\/www.participacionciudadana.org\/web\/wp-content\/uploads\/2021\/11\/cropped-logo_pc-1.png","width":340,"height":114,"caption":"Participaci\u00f3n Ciudadana"},"image":{"@id":"https:\/\/www.participacionciudadana.org\/web\/#\/schema\/logo\/image\/"},"sameAs":["https:\/\/www.facebook.com\/ParticipacionPC\/","https:\/\/x.com\/ParticipacionPC"]},{"@type":"Person","@id":"https:\/\/www.participacionciudadana.org\/web\/#\/schema\/person\/67ded4b29f4c10d217a0e025340d23ea","name":"auzfabian","image":{"@type":"ImageObject","inLanguage":"es","@id":"https:\/\/www.participacionciudadana.org\/web\/#\/schema\/person\/image\/","url":"https:\/\/secure.gravatar.com\/avatar\/b07eacb2fae81fba8818d35abde16f5d26c3e833d77fabbeeb8d53523e796bde?s=96&d=mm&r=g","contentUrl":"https:\/\/secure.gravatar.com\/avatar\/b07eacb2fae81fba8818d35abde16f5d26c3e833d77fabbeeb8d53523e796bde?s=96&d=mm&r=g","caption":"auzfabian"},"sameAs":["https:\/\/www.participacionciudadana.org\/web"],"url":"https:\/\/www.participacionciudadana.org\/web\/author\/auzfabian\/"}]}},"_links":{"self":[{"href":"https:\/\/www.participacionciudadana.org\/web\/wp-json\/wp\/v2\/posts\/2307","targetHints":{"allow":["GET"]}}],"collection":[{"href":"https:\/\/www.participacionciudadana.org\/web\/wp-json\/wp\/v2\/posts"}],"about":[{"href":"https:\/\/www.participacionciudadana.org\/web\/wp-json\/wp\/v2\/types\/post"}],"author":[{"embeddable":true,"href":"https:\/\/www.participacionciudadana.org\/web\/wp-json\/wp\/v2\/users\/1"}],"replies":[{"embeddable":true,"href":"https:\/\/www.participacionciudadana.org\/web\/wp-json\/wp\/v2\/comments?post=2307"}],"version-history":[{"count":0,"href":"https:\/\/www.participacionciudadana.org\/web\/wp-json\/wp\/v2\/posts\/2307\/revisions"}],"wp:attachment":[{"href":"https:\/\/www.participacionciudadana.org\/web\/wp-json\/wp\/v2\/media?parent=2307"}],"wp:term":[{"taxonomy":"category","embeddable":true,"href":"https:\/\/www.participacionciudadana.org\/web\/wp-json\/wp\/v2\/categories?post=2307"},{"taxonomy":"post_tag","embeddable":true,"href":"https:\/\/www.participacionciudadana.org\/web\/wp-json\/wp\/v2\/tags?post=2307"}],"curies":[{"name":"wp","href":"https:\/\/api.w.org\/{rel}","templated":true}]}}