{"id":2313,"date":"2021-08-20T12:37:00","date_gmt":"2021-08-20T17:37:00","guid":{"rendered":"https:\/\/www.participacionciudadana.org\/web\/2021\/08\/20\/hay-que-tratar-de-llegar-a-acuerdos-y-concertar-entre-gobierno-y-transportistas\/"},"modified":"2021-08-20T12:37:00","modified_gmt":"2021-08-20T17:37:00","slug":"hay-que-tratar-de-llegar-a-acuerdos-y-concertar-entre-gobierno-y-transportistas","status":"publish","type":"post","link":"https:\/\/www.participacionciudadana.org\/web\/2021\/08\/20\/hay-que-tratar-de-llegar-a-acuerdos-y-concertar-entre-gobierno-y-transportistas\/","title":{"rendered":"\u201cHay que tratar de llegar a acuerdos y concertar entre Gobierno y transportistas\u201d"},"content":{"rendered":"<p>En el programa de opini\u00f3n \u201cDescifrando con Thal\u00eda Flores\u201d, en radio Centro 97.7 FM, nuestra directora Ruth Hidalgo, dijo ver con <span style=\"background:white;\"><span style=\"font-size:12.0pt;\">buenas luces que se sienten en la mesa de negociaci\u00f3n, el presidente de la Rep\u00fablica Guillermo Lasso y los representantes de los transportistas y otros grupos relacionados con las movilizaciones y tratar de llegar a acuerdos y concertar temas comunes. \u201cEsta voluntad hay que rescatar<\/span><\/span>\u201d, se\u00f1al\u00f3.<\/p>\n<p><span style=\"background:white;\"><span style=\"font-size:12.0pt;\">Y agreg\u00f3 que hay que garantizar que cuando el Gobierno tome decisiones, se lo haga frente a actores involucrados, m\u00e1s all\u00e1 de que estos no est\u00e9n de acuerdo. <\/span><\/span><\/p>\n<p><span style=\"background:white;\"><span style=\"font-size:12.0pt;\">Pero tambi\u00e9n, dijo, hay que lograr que esos actores, posteriormente realicen oposici\u00f3n responsable sin paralizaciones que afecten o estanquen al pa\u00eds<\/span><\/span> que a\u00fan no logra sostener una reactivaci\u00f3n econ\u00f3mica adecuada.<\/p>\n<p><span style=\"font-size:12.0pt;\">Sobre la reforma laboral que prepara el gobierno, Ruth Hidalgo, opin\u00f3 que no ve una voluntad pol\u00edtica en la Asamblea Nacional para aprobarla, porque de lo que se conoce hasta hoy, los grupos pol\u00edticos la consideran como regresiva en derechos. Anticip\u00f3 una complicada discusi\u00f3n<\/span><span style=\"background:white;\">.<\/span><\/p>\n<p><span style=\"font-size:12.0pt;\">\u201cDeber\u00eda hacerse un estudio m\u00e1s espec\u00edfico y t\u00e9cnico sobre la flexibilizaci\u00f3n laboral y se elabore propuesta h\u00edbrida que no solo contemple la flexibilizaci\u00f3n sino tambi\u00e9n que cuide y proteja los derechos de los trabajadores que son irrenunciables<\/span>\u201d, destac\u00f3.<\/p>\n<p><span style=\"font-size:12.0pt;\">El di\u00e1logo con la Asamblea dijo, es vital sobre todo en temas cruciales como el laboral y con presencia de medios y sociedad civil para que quede claro ante el pa\u00eds, cu\u00e1les son los sectores pol\u00edticos que no quieren conversar y acordar. Deben asumir el costo pol\u00edtico<\/span>, finaliz\u00f3.<span style=\"background:white;\"><\/span><\/p>\n","protected":false},"excerpt":{"rendered":"<p>En el programa de opini\u00f3n \u201cDescifrando con Thal\u00eda Flores\u201d, en radio Centro 97.7 FM, nuestra directora Ruth Hidalgo, dijo ver con buenas luces que se sienten en la mesa de negociaci\u00f3n, el presidente de la Rep\u00fablica Guillermo Lasso y los representantes de los transportistas y otros grupos relacionados con las movilizaciones y tratar de llegar [&hellip;]<\/p>\n","protected":false},"author":1,"featured_media":0,"comment_status":"open","ping_status":"open","sticky":false,"template":"","format":"standard","meta":{"site-sidebar-layout":"default","site-content-layout":"","ast-site-content-layout":"default","site-content-style":"default","site-sidebar-style":"default","ast-global-header-display":"","ast-banner-title-visibility":"","ast-main-header-display":"","ast-hfb-above-header-display":"","ast-hfb-below-header-display":"","ast-hfb-mobile-header-display":"","site-post-title":"","ast-breadcrumbs-content":"","ast-featured-img":"","footer-sml-layout":"","ast-disable-related-posts":"","theme-transparent-header-meta":"","adv-header-id-meta":"","stick-header-meta":"","header-above-stick-meta":"","header-main-stick-meta":"","header-below-stick-meta":"","astra-migrate-meta-layouts":"default","ast-page-background-enabled":"default","ast-page-background-meta":{"desktop":{"background-color":"","background-image":"","background-repeat":"repeat","background-position":"center center","background-size":"auto","background-attachment":"scroll","background-type":"","background-media":"","overlay-type":"","overlay-color":"","overlay-opacity":"","overlay-gradient":""},"tablet":{"background-color":"","background-image":"","background-repeat":"repeat","background-position":"center center","background-size":"auto","background-attachment":"scroll","background-type":"","background-media":"","overlay-type":"","overlay-color":"","overlay-opacity":"","overlay-gradient":""},"mobile":{"background-color":"","background-image":"","background-repeat":"repeat","background-position":"center center","background-size":"auto","background-attachment":"scroll","background-type":"","background-media":"","overlay-type":"","overlay-color":"","overlay-opacity":"","overlay-gradient":""}},"ast-content-background-meta":{"desktop":{"background-color":"var(--ast-global-color-5)","background-image":"","background-repeat":"repeat","background-position":"center center","background-size":"auto","background-attachment":"scroll","background-type":"","background-media":"","overlay-type":"","overlay-color":"","overlay-opacity":"","overlay-gradient":""},"tablet":{"background-color":"var(--ast-global-color-5)","background-image":"","background-repeat":"repeat","background-position":"center center","background-size":"auto","background-attachment":"scroll","background-type":"","background-media":"","overlay-type":"","overlay-color":"","overlay-opacity":"","overlay-gradient":""},"mobile":{"background-color":"var(--ast-global-color-5)","background-image":"","background-repeat":"repeat","background-position":"center center","background-size":"auto","background-attachment":"scroll","background-type":"","background-media":"","overlay-type":"","overlay-color":"","overlay-opacity":"","overlay-gradient":""}},"_joinchat":[],"footnotes":""},"categories":[16],"tags":[],"class_list":["post-2313","post","type-post","status-publish","format-standard","hentry","category-actualidad"],"yoast_head":"<!-- This site is optimized with the Yoast SEO plugin v26.5 - https:\/\/yoast.com\/wordpress\/plugins\/seo\/ -->\n<title>\u201cHay que tratar de llegar a acuerdos y concertar entre Gobierno y transportistas\u201d - Participaci\u00f3n Ciudadana<\/title>\n<meta name=\"robots\" content=\"index, follow, max-snippet:-1, max-image-preview:large, max-video-preview:-1\" \/>\n<link rel=\"canonical\" href=\"https:\/\/www.participacionciudadana.org\/web\/2021\/08\/20\/hay-que-tratar-de-llegar-a-acuerdos-y-concertar-entre-gobierno-y-transportistas\/\" \/>\n<meta property=\"og:locale\" content=\"es_ES\" \/>\n<meta property=\"og:type\" content=\"article\" \/>\n<meta property=\"og:title\" content=\"\u201cHay que tratar de llegar a acuerdos y concertar entre Gobierno y transportistas\u201d - Participaci\u00f3n Ciudadana\" \/>\n<meta property=\"og:description\" content=\"En el programa de opini\u00f3n \u201cDescifrando con Thal\u00eda Flores\u201d, en radio Centro 97.7 FM, nuestra directora Ruth Hidalgo, dijo ver con buenas luces que se sienten en la mesa de negociaci\u00f3n, el presidente de la Rep\u00fablica Guillermo Lasso y los representantes de los transportistas y otros grupos relacionados con las movilizaciones y tratar de llegar [&hellip;]\" \/>\n<meta property=\"og:url\" content=\"https:\/\/www.participacionciudadana.org\/web\/2021\/08\/20\/hay-que-tratar-de-llegar-a-acuerdos-y-concertar-entre-gobierno-y-transportistas\/\" \/>\n<meta property=\"og:site_name\" content=\"Participaci\u00f3n Ciudadana\" \/>\n<meta property=\"article:publisher\" content=\"https:\/\/www.facebook.com\/ParticipacionPC\/\" \/>\n<meta property=\"article:published_time\" content=\"2021-08-20T17:37:00+00:00\" \/>\n<meta name=\"author\" content=\"auzfabian\" \/>\n<meta name=\"twitter:card\" content=\"summary_large_image\" \/>\n<meta name=\"twitter:creator\" content=\"@ParticipacionPC\" \/>\n<meta name=\"twitter:site\" content=\"@ParticipacionPC\" \/>\n<meta name=\"twitter:label1\" content=\"Escrito por\" \/>\n\t<meta name=\"twitter:data1\" content=\"auzfabian\" \/>\n\t<meta name=\"twitter:label2\" content=\"Tiempo de lectura\" \/>\n\t<meta name=\"twitter:data2\" content=\"1 minuto\" \/>\n<script type=\"application\/ld+json\" class=\"yoast-schema-graph\">{\"@context\":\"https:\/\/schema.org\",\"@graph\":[{\"@type\":\"Article\",\"@id\":\"https:\/\/www.participacionciudadana.org\/web\/2021\/08\/20\/hay-que-tratar-de-llegar-a-acuerdos-y-concertar-entre-gobierno-y-transportistas\/#article\",\"isPartOf\":{\"@id\":\"https:\/\/www.participacionciudadana.org\/web\/2021\/08\/20\/hay-que-tratar-de-llegar-a-acuerdos-y-concertar-entre-gobierno-y-transportistas\/\"},\"author\":{\"name\":\"auzfabian\",\"@id\":\"https:\/\/www.participacionciudadana.org\/web\/#\/schema\/person\/67ded4b29f4c10d217a0e025340d23ea\"},\"headline\":\"\u201cHay que tratar de llegar a acuerdos y concertar entre Gobierno y transportistas\u201d\",\"datePublished\":\"2021-08-20T17:37:00+00:00\",\"mainEntityOfPage\":{\"@id\":\"https:\/\/www.participacionciudadana.org\/web\/2021\/08\/20\/hay-que-tratar-de-llegar-a-acuerdos-y-concertar-entre-gobierno-y-transportistas\/\"},\"wordCount\":296,\"commentCount\":0,\"publisher\":{\"@id\":\"https:\/\/www.participacionciudadana.org\/web\/#organization\"},\"articleSection\":[\"Actualidad\"],\"inLanguage\":\"es\",\"potentialAction\":[{\"@type\":\"CommentAction\",\"name\":\"Comment\",\"target\":[\"https:\/\/www.participacionciudadana.org\/web\/2021\/08\/20\/hay-que-tratar-de-llegar-a-acuerdos-y-concertar-entre-gobierno-y-transportistas\/#respond\"]}]},{\"@type\":\"WebPage\",\"@id\":\"https:\/\/www.participacionciudadana.org\/web\/2021\/08\/20\/hay-que-tratar-de-llegar-a-acuerdos-y-concertar-entre-gobierno-y-transportistas\/\",\"url\":\"https:\/\/www.participacionciudadana.org\/web\/2021\/08\/20\/hay-que-tratar-de-llegar-a-acuerdos-y-concertar-entre-gobierno-y-transportistas\/\",\"name\":\"\u201cHay que tratar de llegar a acuerdos y concertar entre Gobierno y transportistas\u201d - Participaci\u00f3n Ciudadana\",\"isPartOf\":{\"@id\":\"https:\/\/www.participacionciudadana.org\/web\/#website\"},\"datePublished\":\"2021-08-20T17:37:00+00:00\",\"breadcrumb\":{\"@id\":\"https:\/\/www.participacionciudadana.org\/web\/2021\/08\/20\/hay-que-tratar-de-llegar-a-acuerdos-y-concertar-entre-gobierno-y-transportistas\/#breadcrumb\"},\"inLanguage\":\"es\",\"potentialAction\":[{\"@type\":\"ReadAction\",\"target\":[\"https:\/\/www.participacionciudadana.org\/web\/2021\/08\/20\/hay-que-tratar-de-llegar-a-acuerdos-y-concertar-entre-gobierno-y-transportistas\/\"]}]},{\"@type\":\"BreadcrumbList\",\"@id\":\"https:\/\/www.participacionciudadana.org\/web\/2021\/08\/20\/hay-que-tratar-de-llegar-a-acuerdos-y-concertar-entre-gobierno-y-transportistas\/#breadcrumb\",\"itemListElement\":[{\"@type\":\"ListItem\",\"position\":1,\"name\":\"Portada\",\"item\":\"https:\/\/www.participacionciudadana.org\/web\/\"},{\"@type\":\"ListItem\",\"position\":2,\"name\":\"\u201cHay que tratar de llegar a acuerdos y concertar entre Gobierno y transportistas\u201d\"}]},{\"@type\":\"WebSite\",\"@id\":\"https:\/\/www.participacionciudadana.org\/web\/#website\",\"url\":\"https:\/\/www.participacionciudadana.org\/web\/\",\"name\":\"Participaci\u00f3n Ciudadana\",\"description\":\"Comprometidos con la democracia\",\"publisher\":{\"@id\":\"https:\/\/www.participacionciudadana.org\/web\/#organization\"},\"potentialAction\":[{\"@type\":\"SearchAction\",\"target\":{\"@type\":\"EntryPoint\",\"urlTemplate\":\"https:\/\/www.participacionciudadana.org\/web\/?s={search_term_string}\"},\"query-input\":{\"@type\":\"PropertyValueSpecification\",\"valueRequired\":true,\"valueName\":\"search_term_string\"}}],\"inLanguage\":\"es\"},{\"@type\":\"Organization\",\"@id\":\"https:\/\/www.participacionciudadana.org\/web\/#organization\",\"name\":\"Participaci\u00f3n Ciudadana\",\"url\":\"https:\/\/www.participacionciudadana.org\/web\/\",\"logo\":{\"@type\":\"ImageObject\",\"inLanguage\":\"es\",\"@id\":\"https:\/\/www.participacionciudadana.org\/web\/#\/schema\/logo\/image\/\",\"url\":\"https:\/\/www.participacionciudadana.org\/web\/wp-content\/uploads\/2021\/11\/cropped-logo_pc-1.png\",\"contentUrl\":\"https:\/\/www.participacionciudadana.org\/web\/wp-content\/uploads\/2021\/11\/cropped-logo_pc-1.png\",\"width\":340,\"height\":114,\"caption\":\"Participaci\u00f3n Ciudadana\"},\"image\":{\"@id\":\"https:\/\/www.participacionciudadana.org\/web\/#\/schema\/logo\/image\/\"},\"sameAs\":[\"https:\/\/www.facebook.com\/ParticipacionPC\/\",\"https:\/\/x.com\/ParticipacionPC\"]},{\"@type\":\"Person\",\"@id\":\"https:\/\/www.participacionciudadana.org\/web\/#\/schema\/person\/67ded4b29f4c10d217a0e025340d23ea\",\"name\":\"auzfabian\",\"image\":{\"@type\":\"ImageObject\",\"inLanguage\":\"es\",\"@id\":\"https:\/\/www.participacionciudadana.org\/web\/#\/schema\/person\/image\/\",\"url\":\"https:\/\/secure.gravatar.com\/avatar\/b07eacb2fae81fba8818d35abde16f5d26c3e833d77fabbeeb8d53523e796bde?s=96&d=mm&r=g\",\"contentUrl\":\"https:\/\/secure.gravatar.com\/avatar\/b07eacb2fae81fba8818d35abde16f5d26c3e833d77fabbeeb8d53523e796bde?s=96&d=mm&r=g\",\"caption\":\"auzfabian\"},\"sameAs\":[\"https:\/\/www.participacionciudadana.org\/web\"],\"url\":\"https:\/\/www.participacionciudadana.org\/web\/author\/auzfabian\/\"}]}<\/script>\n<!-- \/ Yoast SEO plugin. -->","yoast_head_json":{"title":"\u201cHay que tratar de llegar a acuerdos y concertar entre Gobierno y transportistas\u201d - Participaci\u00f3n Ciudadana","robots":{"index":"index","follow":"follow","max-snippet":"max-snippet:-1","max-image-preview":"max-image-preview:large","max-video-preview":"max-video-preview:-1"},"canonical":"https:\/\/www.participacionciudadana.org\/web\/2021\/08\/20\/hay-que-tratar-de-llegar-a-acuerdos-y-concertar-entre-gobierno-y-transportistas\/","og_locale":"es_ES","og_type":"article","og_title":"\u201cHay que tratar de llegar a acuerdos y concertar entre Gobierno y transportistas\u201d - Participaci\u00f3n Ciudadana","og_description":"En el programa de opini\u00f3n \u201cDescifrando con Thal\u00eda Flores\u201d, en radio Centro 97.7 FM, nuestra directora Ruth Hidalgo, dijo ver con buenas luces que se sienten en la mesa de negociaci\u00f3n, el presidente de la Rep\u00fablica Guillermo Lasso y los representantes de los transportistas y otros grupos relacionados con las movilizaciones y tratar de llegar [&hellip;]","og_url":"https:\/\/www.participacionciudadana.org\/web\/2021\/08\/20\/hay-que-tratar-de-llegar-a-acuerdos-y-concertar-entre-gobierno-y-transportistas\/","og_site_name":"Participaci\u00f3n Ciudadana","article_publisher":"https:\/\/www.facebook.com\/ParticipacionPC\/","article_published_time":"2021-08-20T17:37:00+00:00","author":"auzfabian","twitter_card":"summary_large_image","twitter_creator":"@ParticipacionPC","twitter_site":"@ParticipacionPC","twitter_misc":{"Escrito por":"auzfabian","Tiempo de lectura":"1 minuto"},"schema":{"@context":"https:\/\/schema.org","@graph":[{"@type":"Article","@id":"https:\/\/www.participacionciudadana.org\/web\/2021\/08\/20\/hay-que-tratar-de-llegar-a-acuerdos-y-concertar-entre-gobierno-y-transportistas\/#article","isPartOf":{"@id":"https:\/\/www.participacionciudadana.org\/web\/2021\/08\/20\/hay-que-tratar-de-llegar-a-acuerdos-y-concertar-entre-gobierno-y-transportistas\/"},"author":{"name":"auzfabian","@id":"https:\/\/www.participacionciudadana.org\/web\/#\/schema\/person\/67ded4b29f4c10d217a0e025340d23ea"},"headline":"\u201cHay que tratar de llegar a acuerdos y concertar entre Gobierno y transportistas\u201d","datePublished":"2021-08-20T17:37:00+00:00","mainEntityOfPage":{"@id":"https:\/\/www.participacionciudadana.org\/web\/2021\/08\/20\/hay-que-tratar-de-llegar-a-acuerdos-y-concertar-entre-gobierno-y-transportistas\/"},"wordCount":296,"commentCount":0,"publisher":{"@id":"https:\/\/www.participacionciudadana.org\/web\/#organization"},"articleSection":["Actualidad"],"inLanguage":"es","potentialAction":[{"@type":"CommentAction","name":"Comment","target":["https:\/\/www.participacionciudadana.org\/web\/2021\/08\/20\/hay-que-tratar-de-llegar-a-acuerdos-y-concertar-entre-gobierno-y-transportistas\/#respond"]}]},{"@type":"WebPage","@id":"https:\/\/www.participacionciudadana.org\/web\/2021\/08\/20\/hay-que-tratar-de-llegar-a-acuerdos-y-concertar-entre-gobierno-y-transportistas\/","url":"https:\/\/www.participacionciudadana.org\/web\/2021\/08\/20\/hay-que-tratar-de-llegar-a-acuerdos-y-concertar-entre-gobierno-y-transportistas\/","name":"\u201cHay que tratar de llegar a acuerdos y concertar entre Gobierno y transportistas\u201d - Participaci\u00f3n Ciudadana","isPartOf":{"@id":"https:\/\/www.participacionciudadana.org\/web\/#website"},"datePublished":"2021-08-20T17:37:00+00:00","breadcrumb":{"@id":"https:\/\/www.participacionciudadana.org\/web\/2021\/08\/20\/hay-que-tratar-de-llegar-a-acuerdos-y-concertar-entre-gobierno-y-transportistas\/#breadcrumb"},"inLanguage":"es","potentialAction":[{"@type":"ReadAction","target":["https:\/\/www.participacionciudadana.org\/web\/2021\/08\/20\/hay-que-tratar-de-llegar-a-acuerdos-y-concertar-entre-gobierno-y-transportistas\/"]}]},{"@type":"BreadcrumbList","@id":"https:\/\/www.participacionciudadana.org\/web\/2021\/08\/20\/hay-que-tratar-de-llegar-a-acuerdos-y-concertar-entre-gobierno-y-transportistas\/#breadcrumb","itemListElement":[{"@type":"ListItem","position":1,"name":"Portada","item":"https:\/\/www.participacionciudadana.org\/web\/"},{"@type":"ListItem","position":2,"name":"\u201cHay que tratar de llegar a acuerdos y concertar entre Gobierno y transportistas\u201d"}]},{"@type":"WebSite","@id":"https:\/\/www.participacionciudadana.org\/web\/#website","url":"https:\/\/www.participacionciudadana.org\/web\/","name":"Participaci\u00f3n Ciudadana","description":"Comprometidos con la democracia","publisher":{"@id":"https:\/\/www.participacionciudadana.org\/web\/#organization"},"potentialAction":[{"@type":"SearchAction","target":{"@type":"EntryPoint","urlTemplate":"https:\/\/www.participacionciudadana.org\/web\/?s={search_term_string}"},"query-input":{"@type":"PropertyValueSpecification","valueRequired":true,"valueName":"search_term_string"}}],"inLanguage":"es"},{"@type":"Organization","@id":"https:\/\/www.participacionciudadana.org\/web\/#organization","name":"Participaci\u00f3n Ciudadana","url":"https:\/\/www.participacionciudadana.org\/web\/","logo":{"@type":"ImageObject","inLanguage":"es","@id":"https:\/\/www.participacionciudadana.org\/web\/#\/schema\/logo\/image\/","url":"https:\/\/www.participacionciudadana.org\/web\/wp-content\/uploads\/2021\/11\/cropped-logo_pc-1.png","contentUrl":"https:\/\/www.participacionciudadana.org\/web\/wp-content\/uploads\/2021\/11\/cropped-logo_pc-1.png","width":340,"height":114,"caption":"Participaci\u00f3n Ciudadana"},"image":{"@id":"https:\/\/www.participacionciudadana.org\/web\/#\/schema\/logo\/image\/"},"sameAs":["https:\/\/www.facebook.com\/ParticipacionPC\/","https:\/\/x.com\/ParticipacionPC"]},{"@type":"Person","@id":"https:\/\/www.participacionciudadana.org\/web\/#\/schema\/person\/67ded4b29f4c10d217a0e025340d23ea","name":"auzfabian","image":{"@type":"ImageObject","inLanguage":"es","@id":"https:\/\/www.participacionciudadana.org\/web\/#\/schema\/person\/image\/","url":"https:\/\/secure.gravatar.com\/avatar\/b07eacb2fae81fba8818d35abde16f5d26c3e833d77fabbeeb8d53523e796bde?s=96&d=mm&r=g","contentUrl":"https:\/\/secure.gravatar.com\/avatar\/b07eacb2fae81fba8818d35abde16f5d26c3e833d77fabbeeb8d53523e796bde?s=96&d=mm&r=g","caption":"auzfabian"},"sameAs":["https:\/\/www.participacionciudadana.org\/web"],"url":"https:\/\/www.participacionciudadana.org\/web\/author\/auzfabian\/"}]}},"_links":{"self":[{"href":"https:\/\/www.participacionciudadana.org\/web\/wp-json\/wp\/v2\/posts\/2313","targetHints":{"allow":["GET"]}}],"collection":[{"href":"https:\/\/www.participacionciudadana.org\/web\/wp-json\/wp\/v2\/posts"}],"about":[{"href":"https:\/\/www.participacionciudadana.org\/web\/wp-json\/wp\/v2\/types\/post"}],"author":[{"embeddable":true,"href":"https:\/\/www.participacionciudadana.org\/web\/wp-json\/wp\/v2\/users\/1"}],"replies":[{"embeddable":true,"href":"https:\/\/www.participacionciudadana.org\/web\/wp-json\/wp\/v2\/comments?post=2313"}],"version-history":[{"count":0,"href":"https:\/\/www.participacionciudadana.org\/web\/wp-json\/wp\/v2\/posts\/2313\/revisions"}],"wp:attachment":[{"href":"https:\/\/www.participacionciudadana.org\/web\/wp-json\/wp\/v2\/media?parent=2313"}],"wp:term":[{"taxonomy":"category","embeddable":true,"href":"https:\/\/www.participacionciudadana.org\/web\/wp-json\/wp\/v2\/categories?post=2313"},{"taxonomy":"post_tag","embeddable":true,"href":"https:\/\/www.participacionciudadana.org\/web\/wp-json\/wp\/v2\/tags?post=2313"}],"curies":[{"name":"wp","href":"https:\/\/api.w.org\/{rel}","templated":true}]}}