{"id":2316,"date":"2021-08-20T13:02:27","date_gmt":"2021-08-20T18:02:27","guid":{"rendered":"https:\/\/www.participacionciudadana.org\/web\/2021\/08\/20\/capacitacion-a-asambleistas-sobre-manejo-de-finanzas-publicas\/"},"modified":"2021-08-20T13:02:27","modified_gmt":"2021-08-20T18:02:27","slug":"capacitacion-a-asambleistas-sobre-manejo-de-finanzas-publicas","status":"publish","type":"post","link":"https:\/\/www.participacionciudadana.org\/web\/2021\/08\/20\/capacitacion-a-asambleistas-sobre-manejo-de-finanzas-publicas\/","title":{"rendered":"Capacitaci\u00f3n a asamble\u00edstas sobre manejo de finanzas p\u00fablicas"},"content":{"rendered":"<p><span style=\"font-size:12.0pt;\">Este jueves 19 de agosto, asamble\u00edstas de diferentes bancadas pol\u00edticas participaron en el taller sobre \u201cManejo de las finanzas p\u00fablicas\u201d que lo dict\u00f3 Jos\u00e9 Hidalgo, director de Cordes Ecuador, una de las instituciones aliadas de Participaci\u00f3n Ciudadana.<\/span><\/p>\n<p><span style=\"font-size:12.0pt;\">En el taller de una hora y media, se abordaron temas sobre el presupuesto general del Estado, evoluci\u00f3n de la deuda p\u00fablica, el riesgo pa\u00eds, entre otros temas que generaron inter\u00e9s y preguntas por parte de los legisladores presentes.<\/span><\/p>\n<p>La asamble\u00edsta Marjorie Ch\u00e1vez (PSC) destac\u00f3 la importancia del taller al obtener informaci\u00f3n valiosa para su trabajo legislativa. Mientras que la asamble\u00edsta Wilma Salgado (ID), destac\u00f3 como importante el manejo de las diferentes herramientas para un manejo eficaz de las finanzas p\u00fablicas.. &#8220;Gracias a Participaci\u00f3n Ciudadana por esta invitaci\u00f3n para fortalecer los conocimientos de quienes estamos en el quehacer pol\u00edtico&#8221;, escribi\u00f3 en su cuenta de Twitter.<\/p>\n<p>&nbsp;<\/p>\n","protected":false},"excerpt":{"rendered":"<p>Este jueves 19 de agosto, asamble\u00edstas de diferentes bancadas pol\u00edticas participaron en el taller sobre \u201cManejo de las finanzas p\u00fablicas\u201d que lo dict\u00f3 Jos\u00e9 Hidalgo, director de Cordes Ecuador, una de las instituciones aliadas de Participaci\u00f3n Ciudadana. En el taller de una hora y media, se abordaron temas sobre el presupuesto general del Estado, evoluci\u00f3n [&hellip;]<\/p>\n","protected":false},"author":1,"featured_media":0,"comment_status":"open","ping_status":"open","sticky":false,"template":"","format":"standard","meta":{"site-sidebar-layout":"default","site-content-layout":"","ast-site-content-layout":"default","site-content-style":"default","site-sidebar-style":"default","ast-global-header-display":"","ast-banner-title-visibility":"","ast-main-header-display":"","ast-hfb-above-header-display":"","ast-hfb-below-header-display":"","ast-hfb-mobile-header-display":"","site-post-title":"","ast-breadcrumbs-content":"","ast-featured-img":"","footer-sml-layout":"","ast-disable-related-posts":"","theme-transparent-header-meta":"","adv-header-id-meta":"","stick-header-meta":"","header-above-stick-meta":"","header-main-stick-meta":"","header-below-stick-meta":"","astra-migrate-meta-layouts":"default","ast-page-background-enabled":"default","ast-page-background-meta":{"desktop":{"background-color":"","background-image":"","background-repeat":"repeat","background-position":"center center","background-size":"auto","background-attachment":"scroll","background-type":"","background-media":"","overlay-type":"","overlay-color":"","overlay-opacity":"","overlay-gradient":""},"tablet":{"background-color":"","background-image":"","background-repeat":"repeat","background-position":"center center","background-size":"auto","background-attachment":"scroll","background-type":"","background-media":"","overlay-type":"","overlay-color":"","overlay-opacity":"","overlay-gradient":""},"mobile":{"background-color":"","background-image":"","background-repeat":"repeat","background-position":"center center","background-size":"auto","background-attachment":"scroll","background-type":"","background-media":"","overlay-type":"","overlay-color":"","overlay-opacity":"","overlay-gradient":""}},"ast-content-background-meta":{"desktop":{"background-color":"var(--ast-global-color-5)","background-image":"","background-repeat":"repeat","background-position":"center center","background-size":"auto","background-attachment":"scroll","background-type":"","background-media":"","overlay-type":"","overlay-color":"","overlay-opacity":"","overlay-gradient":""},"tablet":{"background-color":"var(--ast-global-color-5)","background-image":"","background-repeat":"repeat","background-position":"center center","background-size":"auto","background-attachment":"scroll","background-type":"","background-media":"","overlay-type":"","overlay-color":"","overlay-opacity":"","overlay-gradient":""},"mobile":{"background-color":"var(--ast-global-color-5)","background-image":"","background-repeat":"repeat","background-position":"center center","background-size":"auto","background-attachment":"scroll","background-type":"","background-media":"","overlay-type":"","overlay-color":"","overlay-opacity":"","overlay-gradient":""}},"_joinchat":[],"footnotes":""},"categories":[16],"tags":[],"class_list":["post-2316","post","type-post","status-publish","format-standard","hentry","category-actualidad"],"yoast_head":"<!-- This site is optimized with the Yoast SEO plugin v26.5 - https:\/\/yoast.com\/wordpress\/plugins\/seo\/ -->\n<title>Capacitaci\u00f3n a asamble\u00edstas sobre manejo de finanzas p\u00fablicas - Participaci\u00f3n Ciudadana<\/title>\n<meta name=\"robots\" content=\"index, follow, max-snippet:-1, max-image-preview:large, max-video-preview:-1\" \/>\n<link rel=\"canonical\" href=\"https:\/\/www.participacionciudadana.org\/web\/2021\/08\/20\/capacitacion-a-asambleistas-sobre-manejo-de-finanzas-publicas\/\" \/>\n<meta property=\"og:locale\" content=\"es_ES\" \/>\n<meta property=\"og:type\" content=\"article\" \/>\n<meta property=\"og:title\" content=\"Capacitaci\u00f3n a asamble\u00edstas sobre manejo de finanzas p\u00fablicas - Participaci\u00f3n Ciudadana\" \/>\n<meta property=\"og:description\" content=\"Este jueves 19 de agosto, asamble\u00edstas de diferentes bancadas pol\u00edticas participaron en el taller sobre \u201cManejo de las finanzas p\u00fablicas\u201d que lo dict\u00f3 Jos\u00e9 Hidalgo, director de Cordes Ecuador, una de las instituciones aliadas de Participaci\u00f3n Ciudadana. En el taller de una hora y media, se abordaron temas sobre el presupuesto general del Estado, evoluci\u00f3n [&hellip;]\" \/>\n<meta property=\"og:url\" content=\"https:\/\/www.participacionciudadana.org\/web\/2021\/08\/20\/capacitacion-a-asambleistas-sobre-manejo-de-finanzas-publicas\/\" \/>\n<meta property=\"og:site_name\" content=\"Participaci\u00f3n Ciudadana\" \/>\n<meta property=\"article:publisher\" content=\"https:\/\/www.facebook.com\/ParticipacionPC\/\" \/>\n<meta property=\"article:published_time\" content=\"2021-08-20T18:02:27+00:00\" \/>\n<meta name=\"author\" content=\"auzfabian\" \/>\n<meta name=\"twitter:card\" content=\"summary_large_image\" \/>\n<meta name=\"twitter:creator\" content=\"@ParticipacionPC\" \/>\n<meta name=\"twitter:site\" content=\"@ParticipacionPC\" \/>\n<meta name=\"twitter:label1\" content=\"Escrito por\" \/>\n\t<meta name=\"twitter:data1\" content=\"auzfabian\" \/>\n\t<meta name=\"twitter:label2\" content=\"Tiempo de lectura\" \/>\n\t<meta name=\"twitter:data2\" content=\"1 minuto\" \/>\n<script type=\"application\/ld+json\" class=\"yoast-schema-graph\">{\"@context\":\"https:\/\/schema.org\",\"@graph\":[{\"@type\":\"Article\",\"@id\":\"https:\/\/www.participacionciudadana.org\/web\/2021\/08\/20\/capacitacion-a-asambleistas-sobre-manejo-de-finanzas-publicas\/#article\",\"isPartOf\":{\"@id\":\"https:\/\/www.participacionciudadana.org\/web\/2021\/08\/20\/capacitacion-a-asambleistas-sobre-manejo-de-finanzas-publicas\/\"},\"author\":{\"name\":\"auzfabian\",\"@id\":\"https:\/\/www.participacionciudadana.org\/web\/#\/schema\/person\/67ded4b29f4c10d217a0e025340d23ea\"},\"headline\":\"Capacitaci\u00f3n a asamble\u00edstas sobre manejo de finanzas p\u00fablicas\",\"datePublished\":\"2021-08-20T18:02:27+00:00\",\"mainEntityOfPage\":{\"@id\":\"https:\/\/www.participacionciudadana.org\/web\/2021\/08\/20\/capacitacion-a-asambleistas-sobre-manejo-de-finanzas-publicas\/\"},\"wordCount\":169,\"commentCount\":0,\"publisher\":{\"@id\":\"https:\/\/www.participacionciudadana.org\/web\/#organization\"},\"articleSection\":[\"Actualidad\"],\"inLanguage\":\"es\",\"potentialAction\":[{\"@type\":\"CommentAction\",\"name\":\"Comment\",\"target\":[\"https:\/\/www.participacionciudadana.org\/web\/2021\/08\/20\/capacitacion-a-asambleistas-sobre-manejo-de-finanzas-publicas\/#respond\"]}]},{\"@type\":\"WebPage\",\"@id\":\"https:\/\/www.participacionciudadana.org\/web\/2021\/08\/20\/capacitacion-a-asambleistas-sobre-manejo-de-finanzas-publicas\/\",\"url\":\"https:\/\/www.participacionciudadana.org\/web\/2021\/08\/20\/capacitacion-a-asambleistas-sobre-manejo-de-finanzas-publicas\/\",\"name\":\"Capacitaci\u00f3n a asamble\u00edstas sobre manejo de finanzas p\u00fablicas - Participaci\u00f3n Ciudadana\",\"isPartOf\":{\"@id\":\"https:\/\/www.participacionciudadana.org\/web\/#website\"},\"datePublished\":\"2021-08-20T18:02:27+00:00\",\"breadcrumb\":{\"@id\":\"https:\/\/www.participacionciudadana.org\/web\/2021\/08\/20\/capacitacion-a-asambleistas-sobre-manejo-de-finanzas-publicas\/#breadcrumb\"},\"inLanguage\":\"es\",\"potentialAction\":[{\"@type\":\"ReadAction\",\"target\":[\"https:\/\/www.participacionciudadana.org\/web\/2021\/08\/20\/capacitacion-a-asambleistas-sobre-manejo-de-finanzas-publicas\/\"]}]},{\"@type\":\"BreadcrumbList\",\"@id\":\"https:\/\/www.participacionciudadana.org\/web\/2021\/08\/20\/capacitacion-a-asambleistas-sobre-manejo-de-finanzas-publicas\/#breadcrumb\",\"itemListElement\":[{\"@type\":\"ListItem\",\"position\":1,\"name\":\"Portada\",\"item\":\"https:\/\/www.participacionciudadana.org\/web\/\"},{\"@type\":\"ListItem\",\"position\":2,\"name\":\"Capacitaci\u00f3n a asamble\u00edstas sobre manejo de finanzas p\u00fablicas\"}]},{\"@type\":\"WebSite\",\"@id\":\"https:\/\/www.participacionciudadana.org\/web\/#website\",\"url\":\"https:\/\/www.participacionciudadana.org\/web\/\",\"name\":\"Participaci\u00f3n Ciudadana\",\"description\":\"Comprometidos con la democracia\",\"publisher\":{\"@id\":\"https:\/\/www.participacionciudadana.org\/web\/#organization\"},\"potentialAction\":[{\"@type\":\"SearchAction\",\"target\":{\"@type\":\"EntryPoint\",\"urlTemplate\":\"https:\/\/www.participacionciudadana.org\/web\/?s={search_term_string}\"},\"query-input\":{\"@type\":\"PropertyValueSpecification\",\"valueRequired\":true,\"valueName\":\"search_term_string\"}}],\"inLanguage\":\"es\"},{\"@type\":\"Organization\",\"@id\":\"https:\/\/www.participacionciudadana.org\/web\/#organization\",\"name\":\"Participaci\u00f3n Ciudadana\",\"url\":\"https:\/\/www.participacionciudadana.org\/web\/\",\"logo\":{\"@type\":\"ImageObject\",\"inLanguage\":\"es\",\"@id\":\"https:\/\/www.participacionciudadana.org\/web\/#\/schema\/logo\/image\/\",\"url\":\"https:\/\/www.participacionciudadana.org\/web\/wp-content\/uploads\/2021\/11\/cropped-logo_pc-1.png\",\"contentUrl\":\"https:\/\/www.participacionciudadana.org\/web\/wp-content\/uploads\/2021\/11\/cropped-logo_pc-1.png\",\"width\":340,\"height\":114,\"caption\":\"Participaci\u00f3n Ciudadana\"},\"image\":{\"@id\":\"https:\/\/www.participacionciudadana.org\/web\/#\/schema\/logo\/image\/\"},\"sameAs\":[\"https:\/\/www.facebook.com\/ParticipacionPC\/\",\"https:\/\/x.com\/ParticipacionPC\"]},{\"@type\":\"Person\",\"@id\":\"https:\/\/www.participacionciudadana.org\/web\/#\/schema\/person\/67ded4b29f4c10d217a0e025340d23ea\",\"name\":\"auzfabian\",\"image\":{\"@type\":\"ImageObject\",\"inLanguage\":\"es\",\"@id\":\"https:\/\/www.participacionciudadana.org\/web\/#\/schema\/person\/image\/\",\"url\":\"https:\/\/secure.gravatar.com\/avatar\/b07eacb2fae81fba8818d35abde16f5d26c3e833d77fabbeeb8d53523e796bde?s=96&d=mm&r=g\",\"contentUrl\":\"https:\/\/secure.gravatar.com\/avatar\/b07eacb2fae81fba8818d35abde16f5d26c3e833d77fabbeeb8d53523e796bde?s=96&d=mm&r=g\",\"caption\":\"auzfabian\"},\"sameAs\":[\"https:\/\/www.participacionciudadana.org\/web\"],\"url\":\"https:\/\/www.participacionciudadana.org\/web\/author\/auzfabian\/\"}]}<\/script>\n<!-- \/ Yoast SEO plugin. -->","yoast_head_json":{"title":"Capacitaci\u00f3n a asamble\u00edstas sobre manejo de finanzas p\u00fablicas - Participaci\u00f3n Ciudadana","robots":{"index":"index","follow":"follow","max-snippet":"max-snippet:-1","max-image-preview":"max-image-preview:large","max-video-preview":"max-video-preview:-1"},"canonical":"https:\/\/www.participacionciudadana.org\/web\/2021\/08\/20\/capacitacion-a-asambleistas-sobre-manejo-de-finanzas-publicas\/","og_locale":"es_ES","og_type":"article","og_title":"Capacitaci\u00f3n a asamble\u00edstas sobre manejo de finanzas p\u00fablicas - Participaci\u00f3n Ciudadana","og_description":"Este jueves 19 de agosto, asamble\u00edstas de diferentes bancadas pol\u00edticas participaron en el taller sobre \u201cManejo de las finanzas p\u00fablicas\u201d que lo dict\u00f3 Jos\u00e9 Hidalgo, director de Cordes Ecuador, una de las instituciones aliadas de Participaci\u00f3n Ciudadana. En el taller de una hora y media, se abordaron temas sobre el presupuesto general del Estado, evoluci\u00f3n [&hellip;]","og_url":"https:\/\/www.participacionciudadana.org\/web\/2021\/08\/20\/capacitacion-a-asambleistas-sobre-manejo-de-finanzas-publicas\/","og_site_name":"Participaci\u00f3n Ciudadana","article_publisher":"https:\/\/www.facebook.com\/ParticipacionPC\/","article_published_time":"2021-08-20T18:02:27+00:00","author":"auzfabian","twitter_card":"summary_large_image","twitter_creator":"@ParticipacionPC","twitter_site":"@ParticipacionPC","twitter_misc":{"Escrito por":"auzfabian","Tiempo de lectura":"1 minuto"},"schema":{"@context":"https:\/\/schema.org","@graph":[{"@type":"Article","@id":"https:\/\/www.participacionciudadana.org\/web\/2021\/08\/20\/capacitacion-a-asambleistas-sobre-manejo-de-finanzas-publicas\/#article","isPartOf":{"@id":"https:\/\/www.participacionciudadana.org\/web\/2021\/08\/20\/capacitacion-a-asambleistas-sobre-manejo-de-finanzas-publicas\/"},"author":{"name":"auzfabian","@id":"https:\/\/www.participacionciudadana.org\/web\/#\/schema\/person\/67ded4b29f4c10d217a0e025340d23ea"},"headline":"Capacitaci\u00f3n a asamble\u00edstas sobre manejo de finanzas p\u00fablicas","datePublished":"2021-08-20T18:02:27+00:00","mainEntityOfPage":{"@id":"https:\/\/www.participacionciudadana.org\/web\/2021\/08\/20\/capacitacion-a-asambleistas-sobre-manejo-de-finanzas-publicas\/"},"wordCount":169,"commentCount":0,"publisher":{"@id":"https:\/\/www.participacionciudadana.org\/web\/#organization"},"articleSection":["Actualidad"],"inLanguage":"es","potentialAction":[{"@type":"CommentAction","name":"Comment","target":["https:\/\/www.participacionciudadana.org\/web\/2021\/08\/20\/capacitacion-a-asambleistas-sobre-manejo-de-finanzas-publicas\/#respond"]}]},{"@type":"WebPage","@id":"https:\/\/www.participacionciudadana.org\/web\/2021\/08\/20\/capacitacion-a-asambleistas-sobre-manejo-de-finanzas-publicas\/","url":"https:\/\/www.participacionciudadana.org\/web\/2021\/08\/20\/capacitacion-a-asambleistas-sobre-manejo-de-finanzas-publicas\/","name":"Capacitaci\u00f3n a asamble\u00edstas sobre manejo de finanzas p\u00fablicas - Participaci\u00f3n Ciudadana","isPartOf":{"@id":"https:\/\/www.participacionciudadana.org\/web\/#website"},"datePublished":"2021-08-20T18:02:27+00:00","breadcrumb":{"@id":"https:\/\/www.participacionciudadana.org\/web\/2021\/08\/20\/capacitacion-a-asambleistas-sobre-manejo-de-finanzas-publicas\/#breadcrumb"},"inLanguage":"es","potentialAction":[{"@type":"ReadAction","target":["https:\/\/www.participacionciudadana.org\/web\/2021\/08\/20\/capacitacion-a-asambleistas-sobre-manejo-de-finanzas-publicas\/"]}]},{"@type":"BreadcrumbList","@id":"https:\/\/www.participacionciudadana.org\/web\/2021\/08\/20\/capacitacion-a-asambleistas-sobre-manejo-de-finanzas-publicas\/#breadcrumb","itemListElement":[{"@type":"ListItem","position":1,"name":"Portada","item":"https:\/\/www.participacionciudadana.org\/web\/"},{"@type":"ListItem","position":2,"name":"Capacitaci\u00f3n a asamble\u00edstas sobre manejo de finanzas p\u00fablicas"}]},{"@type":"WebSite","@id":"https:\/\/www.participacionciudadana.org\/web\/#website","url":"https:\/\/www.participacionciudadana.org\/web\/","name":"Participaci\u00f3n Ciudadana","description":"Comprometidos con la democracia","publisher":{"@id":"https:\/\/www.participacionciudadana.org\/web\/#organization"},"potentialAction":[{"@type":"SearchAction","target":{"@type":"EntryPoint","urlTemplate":"https:\/\/www.participacionciudadana.org\/web\/?s={search_term_string}"},"query-input":{"@type":"PropertyValueSpecification","valueRequired":true,"valueName":"search_term_string"}}],"inLanguage":"es"},{"@type":"Organization","@id":"https:\/\/www.participacionciudadana.org\/web\/#organization","name":"Participaci\u00f3n Ciudadana","url":"https:\/\/www.participacionciudadana.org\/web\/","logo":{"@type":"ImageObject","inLanguage":"es","@id":"https:\/\/www.participacionciudadana.org\/web\/#\/schema\/logo\/image\/","url":"https:\/\/www.participacionciudadana.org\/web\/wp-content\/uploads\/2021\/11\/cropped-logo_pc-1.png","contentUrl":"https:\/\/www.participacionciudadana.org\/web\/wp-content\/uploads\/2021\/11\/cropped-logo_pc-1.png","width":340,"height":114,"caption":"Participaci\u00f3n Ciudadana"},"image":{"@id":"https:\/\/www.participacionciudadana.org\/web\/#\/schema\/logo\/image\/"},"sameAs":["https:\/\/www.facebook.com\/ParticipacionPC\/","https:\/\/x.com\/ParticipacionPC"]},{"@type":"Person","@id":"https:\/\/www.participacionciudadana.org\/web\/#\/schema\/person\/67ded4b29f4c10d217a0e025340d23ea","name":"auzfabian","image":{"@type":"ImageObject","inLanguage":"es","@id":"https:\/\/www.participacionciudadana.org\/web\/#\/schema\/person\/image\/","url":"https:\/\/secure.gravatar.com\/avatar\/b07eacb2fae81fba8818d35abde16f5d26c3e833d77fabbeeb8d53523e796bde?s=96&d=mm&r=g","contentUrl":"https:\/\/secure.gravatar.com\/avatar\/b07eacb2fae81fba8818d35abde16f5d26c3e833d77fabbeeb8d53523e796bde?s=96&d=mm&r=g","caption":"auzfabian"},"sameAs":["https:\/\/www.participacionciudadana.org\/web"],"url":"https:\/\/www.participacionciudadana.org\/web\/author\/auzfabian\/"}]}},"_links":{"self":[{"href":"https:\/\/www.participacionciudadana.org\/web\/wp-json\/wp\/v2\/posts\/2316","targetHints":{"allow":["GET"]}}],"collection":[{"href":"https:\/\/www.participacionciudadana.org\/web\/wp-json\/wp\/v2\/posts"}],"about":[{"href":"https:\/\/www.participacionciudadana.org\/web\/wp-json\/wp\/v2\/types\/post"}],"author":[{"embeddable":true,"href":"https:\/\/www.participacionciudadana.org\/web\/wp-json\/wp\/v2\/users\/1"}],"replies":[{"embeddable":true,"href":"https:\/\/www.participacionciudadana.org\/web\/wp-json\/wp\/v2\/comments?post=2316"}],"version-history":[{"count":0,"href":"https:\/\/www.participacionciudadana.org\/web\/wp-json\/wp\/v2\/posts\/2316\/revisions"}],"wp:attachment":[{"href":"https:\/\/www.participacionciudadana.org\/web\/wp-json\/wp\/v2\/media?parent=2316"}],"wp:term":[{"taxonomy":"category","embeddable":true,"href":"https:\/\/www.participacionciudadana.org\/web\/wp-json\/wp\/v2\/categories?post=2316"},{"taxonomy":"post_tag","embeddable":true,"href":"https:\/\/www.participacionciudadana.org\/web\/wp-json\/wp\/v2\/tags?post=2316"}],"curies":[{"name":"wp","href":"https:\/\/api.w.org\/{rel}","templated":true}]}}