{"id":2317,"date":"2021-08-24T16:32:49","date_gmt":"2021-08-24T21:32:49","guid":{"rendered":"https:\/\/www.participacionciudadana.org\/web\/2021\/08\/24\/pc-presenta-estudio-como-se-ve-la-participacion-politica-de-la-mujer-en-ecuador\/"},"modified":"2021-08-24T16:32:49","modified_gmt":"2021-08-24T21:32:49","slug":"pc-presenta-estudio-como-se-ve-la-participacion-politica-de-la-mujer-en-ecuador","status":"publish","type":"post","link":"https:\/\/www.participacionciudadana.org\/web\/2021\/08\/24\/pc-presenta-estudio-como-se-ve-la-participacion-politica-de-la-mujer-en-ecuador\/","title":{"rendered":"PC presenta estudio: \u00bfC\u00f3mo se ve la participaci\u00f3n pol\u00edtica de la mujer en Ecuador?"},"content":{"rendered":"<div class=\"gmail_default\" style=\"font-family:arial,helvetica,sans-serif\">El estudio del catedr\u00e1tico Arturo Moscoso hace un an\u00e1lisis sobre c\u00f3mo&nbsp;se han dado cambios en la sociedad ecuatoriana en temas de g\u00e9nero, apoyado en la Encuesta Mundial de Valores para conocer qu\u00e9 piensan los ciudadanos sobre la participaci\u00f3n de la mujer en la pol\u00edtica.<\/div>\n<div class=\"gmail_default\" style=\"font-family:arial,helvetica,sans-serif\">&nbsp;<\/div>\n<div class=\"gmail_default\" style=\"font-family:arial,helvetica,sans-serif\">&#8220;Lo que se ha encontrado es que en efecto, el apoyo a la idea de que los hombres sean mejores l\u00edderes pol\u00edticos que las mujeres ha perdido apoyo en el Ecuador desde la encuesta del 2013, hall\u00e1ndose que el porcentaje de quienes no est\u00e1n de acuerdo con esa idea ha subido del 43% al 58%. Mientras que el de quienes est\u00e1n muy de acuerdo ha disminuido del 12% al 6%, lo que podr\u00eda dar a entender que, efectivamente, en Ecuador durante los a\u00f1os entre la Sexta y la S\u00e9ptima Ola de la Encuesta Mundial de Valores, se ha operado un cambio importante en la percepci\u00f3n del papel de las mujeres en la pol\u00edtica.&nbsp;As\u00ed mismo, luego de hacer un cruce de esta idea con las variables de edad, nivel de ingresos y educaci\u00f3n, se encuentra que la variable que m\u00e1s incidencia tiene en el apoyo a la idea de que los hombres&nbsp;sean mejores l\u00edderes pol\u00edticos&nbsp;que las mujeres&nbsp;es la edad. Est\u00e1 muy claro que mientras m\u00e1s edad se tenga, mayor ser\u00e1 el apoyo a dicha idea&#8221;, se\u00f1ala el consultor en su estudio.<\/div>\n<div class=\"gmail_default\" style=\"font-family:arial,helvetica,sans-serif\">\nEn todo caso dice el autor, queda claro que Ecuador es tambi\u00e9n parte de los&nbsp;cambios que se dan a nivel mundial y&nbsp;&#8220;al menos en cuanto a participaci\u00f3n pol\u00edtica de la mujer, las tendencias est\u00e1n cambiando, lo que seguramente implicar\u00e1 que a corto y mediano plazo, m\u00e1s mujeres sean elegidas para cargos p\u00fablicos, lo que a su vez, incidir\u00e1 en m\u00e1s y mejores pol\u00edticas p\u00fablicas que consideren el tema de g\u00e9nero&#8221;.<\/div>\n<div class=\"gmail_default\" style=\"font-family:arial,helvetica,sans-serif\">&nbsp;<\/div>\n<div class=\"gmail_default\" style=\"font-family:arial,helvetica,sans-serif\">Descargue el informe aqu\u00ed:&nbsp;<\/div>\n<div class=\"gmail_default\" style=\"font-family:arial,helvetica,sans-serif\">&nbsp;<\/div>\n<div class=\"gmail_default\" style=\"font-family:arial,helvetica,sans-serif\">&nbsp;<\/div>\n<div class=\"gmail_default\" style=\"font-family:arial,helvetica,sans-serif\"><img decoding=\"async\" class=\" size-full wp-image-2197\" data-dropfilesfile=\"61\" data-dropfilesfilecategory=\"25\" data-file=\"61\" src=\"https:\/\/www.participacionciudadana.org\/web\/wp-content\/uploads\/2021\/01\/t.gif\" style=\"background: url(\/components\/com_dropfiles\/assets\/images\/file_download.png) no-repeat scroll center center #444444;height: 100px;border-radius: 10px;width: 99%;\" width=\"1\" height=\"1\" \/><\/div>\n","protected":false},"excerpt":{"rendered":"<p>El estudio del catedr\u00e1tico Arturo Moscoso hace un an\u00e1lisis sobre c\u00f3mo&nbsp;se han dado cambios en la sociedad ecuatoriana en temas de g\u00e9nero, apoyado en la Encuesta Mundial de Valores para conocer qu\u00e9 piensan los ciudadanos sobre la participaci\u00f3n de la mujer en la pol\u00edtica. &nbsp; &#8220;Lo que se ha encontrado es que en efecto, el [&hellip;]<\/p>\n","protected":false},"author":1,"featured_media":2197,"comment_status":"open","ping_status":"open","sticky":false,"template":"","format":"standard","meta":{"site-sidebar-layout":"default","site-content-layout":"","ast-site-content-layout":"default","site-content-style":"default","site-sidebar-style":"default","ast-global-header-display":"","ast-banner-title-visibility":"","ast-main-header-display":"","ast-hfb-above-header-display":"","ast-hfb-below-header-display":"","ast-hfb-mobile-header-display":"","site-post-title":"","ast-breadcrumbs-content":"","ast-featured-img":"","footer-sml-layout":"","ast-disable-related-posts":"","theme-transparent-header-meta":"","adv-header-id-meta":"","stick-header-meta":"","header-above-stick-meta":"","header-main-stick-meta":"","header-below-stick-meta":"","astra-migrate-meta-layouts":"default","ast-page-background-enabled":"default","ast-page-background-meta":{"desktop":{"background-color":"","background-image":"","background-repeat":"repeat","background-position":"center center","background-size":"auto","background-attachment":"scroll","background-type":"","background-media":"","overlay-type":"","overlay-color":"","overlay-opacity":"","overlay-gradient":""},"tablet":{"background-color":"","background-image":"","background-repeat":"repeat","background-position":"center center","background-size":"auto","background-attachment":"scroll","background-type":"","background-media":"","overlay-type":"","overlay-color":"","overlay-opacity":"","overlay-gradient":""},"mobile":{"background-color":"","background-image":"","background-repeat":"repeat","background-position":"center center","background-size":"auto","background-attachment":"scroll","background-type":"","background-media":"","overlay-type":"","overlay-color":"","overlay-opacity":"","overlay-gradient":""}},"ast-content-background-meta":{"desktop":{"background-color":"var(--ast-global-color-5)","background-image":"","background-repeat":"repeat","background-position":"center center","background-size":"auto","background-attachment":"scroll","background-type":"","background-media":"","overlay-type":"","overlay-color":"","overlay-opacity":"","overlay-gradient":""},"tablet":{"background-color":"var(--ast-global-color-5)","background-image":"","background-repeat":"repeat","background-position":"center center","background-size":"auto","background-attachment":"scroll","background-type":"","background-media":"","overlay-type":"","overlay-color":"","overlay-opacity":"","overlay-gradient":""},"mobile":{"background-color":"var(--ast-global-color-5)","background-image":"","background-repeat":"repeat","background-position":"center center","background-size":"auto","background-attachment":"scroll","background-type":"","background-media":"","overlay-type":"","overlay-color":"","overlay-opacity":"","overlay-gradient":""}},"_joinchat":[],"footnotes":""},"categories":[16],"tags":[],"class_list":["post-2317","post","type-post","status-publish","format-standard","has-post-thumbnail","hentry","category-actualidad"],"yoast_head":"<!-- This site is optimized with the Yoast SEO plugin v26.5 - https:\/\/yoast.com\/wordpress\/plugins\/seo\/ -->\n<title>PC presenta estudio: \u00bfC\u00f3mo se ve la participaci\u00f3n pol\u00edtica de la mujer en Ecuador? - Participaci\u00f3n Ciudadana<\/title>\n<meta name=\"robots\" content=\"index, follow, max-snippet:-1, max-image-preview:large, max-video-preview:-1\" \/>\n<link rel=\"canonical\" href=\"https:\/\/www.participacionciudadana.org\/web\/2021\/08\/24\/pc-presenta-estudio-como-se-ve-la-participacion-politica-de-la-mujer-en-ecuador\/\" \/>\n<meta property=\"og:locale\" content=\"es_ES\" \/>\n<meta property=\"og:type\" content=\"article\" \/>\n<meta property=\"og:title\" content=\"PC presenta estudio: \u00bfC\u00f3mo se ve la participaci\u00f3n pol\u00edtica de la mujer en Ecuador? - Participaci\u00f3n Ciudadana\" \/>\n<meta property=\"og:description\" content=\"El estudio del catedr\u00e1tico Arturo Moscoso hace un an\u00e1lisis sobre c\u00f3mo&nbsp;se han dado cambios en la sociedad ecuatoriana en temas de g\u00e9nero, apoyado en la Encuesta Mundial de Valores para conocer qu\u00e9 piensan los ciudadanos sobre la participaci\u00f3n de la mujer en la pol\u00edtica. &nbsp; &#8220;Lo que se ha encontrado es que en efecto, el [&hellip;]\" \/>\n<meta property=\"og:url\" content=\"https:\/\/www.participacionciudadana.org\/web\/2021\/08\/24\/pc-presenta-estudio-como-se-ve-la-participacion-politica-de-la-mujer-en-ecuador\/\" \/>\n<meta property=\"og:site_name\" content=\"Participaci\u00f3n Ciudadana\" \/>\n<meta property=\"article:publisher\" content=\"https:\/\/www.facebook.com\/ParticipacionPC\/\" \/>\n<meta property=\"article:published_time\" content=\"2021-08-24T21:32:49+00:00\" \/>\n<meta property=\"og:image\" content=\"https:\/\/www.participacionciudadana.org\/web\/wp-content\/uploads\/2021\/01\/t.gif\" \/>\n\t<meta property=\"og:image:width\" content=\"1\" \/>\n\t<meta property=\"og:image:height\" content=\"1\" \/>\n\t<meta property=\"og:image:type\" content=\"image\/gif\" \/>\n<meta name=\"author\" content=\"auzfabian\" \/>\n<meta name=\"twitter:card\" content=\"summary_large_image\" \/>\n<meta name=\"twitter:creator\" content=\"@ParticipacionPC\" \/>\n<meta name=\"twitter:site\" content=\"@ParticipacionPC\" \/>\n<meta name=\"twitter:label1\" content=\"Escrito por\" \/>\n\t<meta name=\"twitter:data1\" content=\"auzfabian\" \/>\n\t<meta name=\"twitter:label2\" content=\"Tiempo de lectura\" \/>\n\t<meta name=\"twitter:data2\" content=\"2 minutos\" \/>\n<script type=\"application\/ld+json\" class=\"yoast-schema-graph\">{\"@context\":\"https:\/\/schema.org\",\"@graph\":[{\"@type\":\"Article\",\"@id\":\"https:\/\/www.participacionciudadana.org\/web\/2021\/08\/24\/pc-presenta-estudio-como-se-ve-la-participacion-politica-de-la-mujer-en-ecuador\/#article\",\"isPartOf\":{\"@id\":\"https:\/\/www.participacionciudadana.org\/web\/2021\/08\/24\/pc-presenta-estudio-como-se-ve-la-participacion-politica-de-la-mujer-en-ecuador\/\"},\"author\":{\"name\":\"auzfabian\",\"@id\":\"https:\/\/www.participacionciudadana.org\/web\/#\/schema\/person\/67ded4b29f4c10d217a0e025340d23ea\"},\"headline\":\"PC presenta estudio: \u00bfC\u00f3mo se ve la participaci\u00f3n pol\u00edtica de la mujer en Ecuador?\",\"datePublished\":\"2021-08-24T21:32:49+00:00\",\"mainEntityOfPage\":{\"@id\":\"https:\/\/www.participacionciudadana.org\/web\/2021\/08\/24\/pc-presenta-estudio-como-se-ve-la-participacion-politica-de-la-mujer-en-ecuador\/\"},\"wordCount\":361,\"commentCount\":0,\"publisher\":{\"@id\":\"https:\/\/www.participacionciudadana.org\/web\/#organization\"},\"image\":{\"@id\":\"https:\/\/www.participacionciudadana.org\/web\/2021\/08\/24\/pc-presenta-estudio-como-se-ve-la-participacion-politica-de-la-mujer-en-ecuador\/#primaryimage\"},\"thumbnailUrl\":\"https:\/\/www.participacionciudadana.org\/web\/wp-content\/uploads\/2021\/01\/t.gif\",\"articleSection\":[\"Actualidad\"],\"inLanguage\":\"es\",\"potentialAction\":[{\"@type\":\"CommentAction\",\"name\":\"Comment\",\"target\":[\"https:\/\/www.participacionciudadana.org\/web\/2021\/08\/24\/pc-presenta-estudio-como-se-ve-la-participacion-politica-de-la-mujer-en-ecuador\/#respond\"]}]},{\"@type\":\"WebPage\",\"@id\":\"https:\/\/www.participacionciudadana.org\/web\/2021\/08\/24\/pc-presenta-estudio-como-se-ve-la-participacion-politica-de-la-mujer-en-ecuador\/\",\"url\":\"https:\/\/www.participacionciudadana.org\/web\/2021\/08\/24\/pc-presenta-estudio-como-se-ve-la-participacion-politica-de-la-mujer-en-ecuador\/\",\"name\":\"PC presenta estudio: \u00bfC\u00f3mo se ve la participaci\u00f3n pol\u00edtica de la mujer en Ecuador? - Participaci\u00f3n Ciudadana\",\"isPartOf\":{\"@id\":\"https:\/\/www.participacionciudadana.org\/web\/#website\"},\"primaryImageOfPage\":{\"@id\":\"https:\/\/www.participacionciudadana.org\/web\/2021\/08\/24\/pc-presenta-estudio-como-se-ve-la-participacion-politica-de-la-mujer-en-ecuador\/#primaryimage\"},\"image\":{\"@id\":\"https:\/\/www.participacionciudadana.org\/web\/2021\/08\/24\/pc-presenta-estudio-como-se-ve-la-participacion-politica-de-la-mujer-en-ecuador\/#primaryimage\"},\"thumbnailUrl\":\"https:\/\/www.participacionciudadana.org\/web\/wp-content\/uploads\/2021\/01\/t.gif\",\"datePublished\":\"2021-08-24T21:32:49+00:00\",\"breadcrumb\":{\"@id\":\"https:\/\/www.participacionciudadana.org\/web\/2021\/08\/24\/pc-presenta-estudio-como-se-ve-la-participacion-politica-de-la-mujer-en-ecuador\/#breadcrumb\"},\"inLanguage\":\"es\",\"potentialAction\":[{\"@type\":\"ReadAction\",\"target\":[\"https:\/\/www.participacionciudadana.org\/web\/2021\/08\/24\/pc-presenta-estudio-como-se-ve-la-participacion-politica-de-la-mujer-en-ecuador\/\"]}]},{\"@type\":\"ImageObject\",\"inLanguage\":\"es\",\"@id\":\"https:\/\/www.participacionciudadana.org\/web\/2021\/08\/24\/pc-presenta-estudio-como-se-ve-la-participacion-politica-de-la-mujer-en-ecuador\/#primaryimage\",\"url\":\"https:\/\/www.participacionciudadana.org\/web\/wp-content\/uploads\/2021\/01\/t.gif\",\"contentUrl\":\"https:\/\/www.participacionciudadana.org\/web\/wp-content\/uploads\/2021\/01\/t.gif\",\"width\":1,\"height\":1},{\"@type\":\"BreadcrumbList\",\"@id\":\"https:\/\/www.participacionciudadana.org\/web\/2021\/08\/24\/pc-presenta-estudio-como-se-ve-la-participacion-politica-de-la-mujer-en-ecuador\/#breadcrumb\",\"itemListElement\":[{\"@type\":\"ListItem\",\"position\":1,\"name\":\"Portada\",\"item\":\"https:\/\/www.participacionciudadana.org\/web\/\"},{\"@type\":\"ListItem\",\"position\":2,\"name\":\"PC presenta estudio: \u00bfC\u00f3mo se ve la participaci\u00f3n pol\u00edtica de la mujer en Ecuador?\"}]},{\"@type\":\"WebSite\",\"@id\":\"https:\/\/www.participacionciudadana.org\/web\/#website\",\"url\":\"https:\/\/www.participacionciudadana.org\/web\/\",\"name\":\"Participaci\u00f3n Ciudadana\",\"description\":\"Comprometidos con la democracia\",\"publisher\":{\"@id\":\"https:\/\/www.participacionciudadana.org\/web\/#organization\"},\"potentialAction\":[{\"@type\":\"SearchAction\",\"target\":{\"@type\":\"EntryPoint\",\"urlTemplate\":\"https:\/\/www.participacionciudadana.org\/web\/?s={search_term_string}\"},\"query-input\":{\"@type\":\"PropertyValueSpecification\",\"valueRequired\":true,\"valueName\":\"search_term_string\"}}],\"inLanguage\":\"es\"},{\"@type\":\"Organization\",\"@id\":\"https:\/\/www.participacionciudadana.org\/web\/#organization\",\"name\":\"Participaci\u00f3n Ciudadana\",\"url\":\"https:\/\/www.participacionciudadana.org\/web\/\",\"logo\":{\"@type\":\"ImageObject\",\"inLanguage\":\"es\",\"@id\":\"https:\/\/www.participacionciudadana.org\/web\/#\/schema\/logo\/image\/\",\"url\":\"https:\/\/www.participacionciudadana.org\/web\/wp-content\/uploads\/2021\/11\/cropped-logo_pc-1.png\",\"contentUrl\":\"https:\/\/www.participacionciudadana.org\/web\/wp-content\/uploads\/2021\/11\/cropped-logo_pc-1.png\",\"width\":340,\"height\":114,\"caption\":\"Participaci\u00f3n Ciudadana\"},\"image\":{\"@id\":\"https:\/\/www.participacionciudadana.org\/web\/#\/schema\/logo\/image\/\"},\"sameAs\":[\"https:\/\/www.facebook.com\/ParticipacionPC\/\",\"https:\/\/x.com\/ParticipacionPC\"]},{\"@type\":\"Person\",\"@id\":\"https:\/\/www.participacionciudadana.org\/web\/#\/schema\/person\/67ded4b29f4c10d217a0e025340d23ea\",\"name\":\"auzfabian\",\"image\":{\"@type\":\"ImageObject\",\"inLanguage\":\"es\",\"@id\":\"https:\/\/www.participacionciudadana.org\/web\/#\/schema\/person\/image\/\",\"url\":\"https:\/\/secure.gravatar.com\/avatar\/b07eacb2fae81fba8818d35abde16f5d26c3e833d77fabbeeb8d53523e796bde?s=96&d=mm&r=g\",\"contentUrl\":\"https:\/\/secure.gravatar.com\/avatar\/b07eacb2fae81fba8818d35abde16f5d26c3e833d77fabbeeb8d53523e796bde?s=96&d=mm&r=g\",\"caption\":\"auzfabian\"},\"sameAs\":[\"https:\/\/www.participacionciudadana.org\/web\"],\"url\":\"https:\/\/www.participacionciudadana.org\/web\/author\/auzfabian\/\"}]}<\/script>\n<!-- \/ Yoast SEO plugin. -->","yoast_head_json":{"title":"PC presenta estudio: \u00bfC\u00f3mo se ve la participaci\u00f3n pol\u00edtica de la mujer en Ecuador? - Participaci\u00f3n Ciudadana","robots":{"index":"index","follow":"follow","max-snippet":"max-snippet:-1","max-image-preview":"max-image-preview:large","max-video-preview":"max-video-preview:-1"},"canonical":"https:\/\/www.participacionciudadana.org\/web\/2021\/08\/24\/pc-presenta-estudio-como-se-ve-la-participacion-politica-de-la-mujer-en-ecuador\/","og_locale":"es_ES","og_type":"article","og_title":"PC presenta estudio: \u00bfC\u00f3mo se ve la participaci\u00f3n pol\u00edtica de la mujer en Ecuador? - Participaci\u00f3n Ciudadana","og_description":"El estudio del catedr\u00e1tico Arturo Moscoso hace un an\u00e1lisis sobre c\u00f3mo&nbsp;se han dado cambios en la sociedad ecuatoriana en temas de g\u00e9nero, apoyado en la Encuesta Mundial de Valores para conocer qu\u00e9 piensan los ciudadanos sobre la participaci\u00f3n de la mujer en la pol\u00edtica. &nbsp; &#8220;Lo que se ha encontrado es que en efecto, el [&hellip;]","og_url":"https:\/\/www.participacionciudadana.org\/web\/2021\/08\/24\/pc-presenta-estudio-como-se-ve-la-participacion-politica-de-la-mujer-en-ecuador\/","og_site_name":"Participaci\u00f3n Ciudadana","article_publisher":"https:\/\/www.facebook.com\/ParticipacionPC\/","article_published_time":"2021-08-24T21:32:49+00:00","og_image":[{"width":1,"height":1,"url":"https:\/\/www.participacionciudadana.org\/web\/wp-content\/uploads\/2021\/01\/t.gif","type":"image\/gif"}],"author":"auzfabian","twitter_card":"summary_large_image","twitter_creator":"@ParticipacionPC","twitter_site":"@ParticipacionPC","twitter_misc":{"Escrito por":"auzfabian","Tiempo de lectura":"2 minutos"},"schema":{"@context":"https:\/\/schema.org","@graph":[{"@type":"Article","@id":"https:\/\/www.participacionciudadana.org\/web\/2021\/08\/24\/pc-presenta-estudio-como-se-ve-la-participacion-politica-de-la-mujer-en-ecuador\/#article","isPartOf":{"@id":"https:\/\/www.participacionciudadana.org\/web\/2021\/08\/24\/pc-presenta-estudio-como-se-ve-la-participacion-politica-de-la-mujer-en-ecuador\/"},"author":{"name":"auzfabian","@id":"https:\/\/www.participacionciudadana.org\/web\/#\/schema\/person\/67ded4b29f4c10d217a0e025340d23ea"},"headline":"PC presenta estudio: \u00bfC\u00f3mo se ve la participaci\u00f3n pol\u00edtica de la mujer en Ecuador?","datePublished":"2021-08-24T21:32:49+00:00","mainEntityOfPage":{"@id":"https:\/\/www.participacionciudadana.org\/web\/2021\/08\/24\/pc-presenta-estudio-como-se-ve-la-participacion-politica-de-la-mujer-en-ecuador\/"},"wordCount":361,"commentCount":0,"publisher":{"@id":"https:\/\/www.participacionciudadana.org\/web\/#organization"},"image":{"@id":"https:\/\/www.participacionciudadana.org\/web\/2021\/08\/24\/pc-presenta-estudio-como-se-ve-la-participacion-politica-de-la-mujer-en-ecuador\/#primaryimage"},"thumbnailUrl":"https:\/\/www.participacionciudadana.org\/web\/wp-content\/uploads\/2021\/01\/t.gif","articleSection":["Actualidad"],"inLanguage":"es","potentialAction":[{"@type":"CommentAction","name":"Comment","target":["https:\/\/www.participacionciudadana.org\/web\/2021\/08\/24\/pc-presenta-estudio-como-se-ve-la-participacion-politica-de-la-mujer-en-ecuador\/#respond"]}]},{"@type":"WebPage","@id":"https:\/\/www.participacionciudadana.org\/web\/2021\/08\/24\/pc-presenta-estudio-como-se-ve-la-participacion-politica-de-la-mujer-en-ecuador\/","url":"https:\/\/www.participacionciudadana.org\/web\/2021\/08\/24\/pc-presenta-estudio-como-se-ve-la-participacion-politica-de-la-mujer-en-ecuador\/","name":"PC presenta estudio: \u00bfC\u00f3mo se ve la participaci\u00f3n pol\u00edtica de la mujer en Ecuador? - Participaci\u00f3n Ciudadana","isPartOf":{"@id":"https:\/\/www.participacionciudadana.org\/web\/#website"},"primaryImageOfPage":{"@id":"https:\/\/www.participacionciudadana.org\/web\/2021\/08\/24\/pc-presenta-estudio-como-se-ve-la-participacion-politica-de-la-mujer-en-ecuador\/#primaryimage"},"image":{"@id":"https:\/\/www.participacionciudadana.org\/web\/2021\/08\/24\/pc-presenta-estudio-como-se-ve-la-participacion-politica-de-la-mujer-en-ecuador\/#primaryimage"},"thumbnailUrl":"https:\/\/www.participacionciudadana.org\/web\/wp-content\/uploads\/2021\/01\/t.gif","datePublished":"2021-08-24T21:32:49+00:00","breadcrumb":{"@id":"https:\/\/www.participacionciudadana.org\/web\/2021\/08\/24\/pc-presenta-estudio-como-se-ve-la-participacion-politica-de-la-mujer-en-ecuador\/#breadcrumb"},"inLanguage":"es","potentialAction":[{"@type":"ReadAction","target":["https:\/\/www.participacionciudadana.org\/web\/2021\/08\/24\/pc-presenta-estudio-como-se-ve-la-participacion-politica-de-la-mujer-en-ecuador\/"]}]},{"@type":"ImageObject","inLanguage":"es","@id":"https:\/\/www.participacionciudadana.org\/web\/2021\/08\/24\/pc-presenta-estudio-como-se-ve-la-participacion-politica-de-la-mujer-en-ecuador\/#primaryimage","url":"https:\/\/www.participacionciudadana.org\/web\/wp-content\/uploads\/2021\/01\/t.gif","contentUrl":"https:\/\/www.participacionciudadana.org\/web\/wp-content\/uploads\/2021\/01\/t.gif","width":1,"height":1},{"@type":"BreadcrumbList","@id":"https:\/\/www.participacionciudadana.org\/web\/2021\/08\/24\/pc-presenta-estudio-como-se-ve-la-participacion-politica-de-la-mujer-en-ecuador\/#breadcrumb","itemListElement":[{"@type":"ListItem","position":1,"name":"Portada","item":"https:\/\/www.participacionciudadana.org\/web\/"},{"@type":"ListItem","position":2,"name":"PC presenta estudio: \u00bfC\u00f3mo se ve la participaci\u00f3n pol\u00edtica de la mujer en Ecuador?"}]},{"@type":"WebSite","@id":"https:\/\/www.participacionciudadana.org\/web\/#website","url":"https:\/\/www.participacionciudadana.org\/web\/","name":"Participaci\u00f3n Ciudadana","description":"Comprometidos con la democracia","publisher":{"@id":"https:\/\/www.participacionciudadana.org\/web\/#organization"},"potentialAction":[{"@type":"SearchAction","target":{"@type":"EntryPoint","urlTemplate":"https:\/\/www.participacionciudadana.org\/web\/?s={search_term_string}"},"query-input":{"@type":"PropertyValueSpecification","valueRequired":true,"valueName":"search_term_string"}}],"inLanguage":"es"},{"@type":"Organization","@id":"https:\/\/www.participacionciudadana.org\/web\/#organization","name":"Participaci\u00f3n Ciudadana","url":"https:\/\/www.participacionciudadana.org\/web\/","logo":{"@type":"ImageObject","inLanguage":"es","@id":"https:\/\/www.participacionciudadana.org\/web\/#\/schema\/logo\/image\/","url":"https:\/\/www.participacionciudadana.org\/web\/wp-content\/uploads\/2021\/11\/cropped-logo_pc-1.png","contentUrl":"https:\/\/www.participacionciudadana.org\/web\/wp-content\/uploads\/2021\/11\/cropped-logo_pc-1.png","width":340,"height":114,"caption":"Participaci\u00f3n Ciudadana"},"image":{"@id":"https:\/\/www.participacionciudadana.org\/web\/#\/schema\/logo\/image\/"},"sameAs":["https:\/\/www.facebook.com\/ParticipacionPC\/","https:\/\/x.com\/ParticipacionPC"]},{"@type":"Person","@id":"https:\/\/www.participacionciudadana.org\/web\/#\/schema\/person\/67ded4b29f4c10d217a0e025340d23ea","name":"auzfabian","image":{"@type":"ImageObject","inLanguage":"es","@id":"https:\/\/www.participacionciudadana.org\/web\/#\/schema\/person\/image\/","url":"https:\/\/secure.gravatar.com\/avatar\/b07eacb2fae81fba8818d35abde16f5d26c3e833d77fabbeeb8d53523e796bde?s=96&d=mm&r=g","contentUrl":"https:\/\/secure.gravatar.com\/avatar\/b07eacb2fae81fba8818d35abde16f5d26c3e833d77fabbeeb8d53523e796bde?s=96&d=mm&r=g","caption":"auzfabian"},"sameAs":["https:\/\/www.participacionciudadana.org\/web"],"url":"https:\/\/www.participacionciudadana.org\/web\/author\/auzfabian\/"}]}},"_links":{"self":[{"href":"https:\/\/www.participacionciudadana.org\/web\/wp-json\/wp\/v2\/posts\/2317","targetHints":{"allow":["GET"]}}],"collection":[{"href":"https:\/\/www.participacionciudadana.org\/web\/wp-json\/wp\/v2\/posts"}],"about":[{"href":"https:\/\/www.participacionciudadana.org\/web\/wp-json\/wp\/v2\/types\/post"}],"author":[{"embeddable":true,"href":"https:\/\/www.participacionciudadana.org\/web\/wp-json\/wp\/v2\/users\/1"}],"replies":[{"embeddable":true,"href":"https:\/\/www.participacionciudadana.org\/web\/wp-json\/wp\/v2\/comments?post=2317"}],"version-history":[{"count":0,"href":"https:\/\/www.participacionciudadana.org\/web\/wp-json\/wp\/v2\/posts\/2317\/revisions"}],"wp:featuredmedia":[{"embeddable":true,"href":"https:\/\/www.participacionciudadana.org\/web\/wp-json\/wp\/v2\/media\/2197"}],"wp:attachment":[{"href":"https:\/\/www.participacionciudadana.org\/web\/wp-json\/wp\/v2\/media?parent=2317"}],"wp:term":[{"taxonomy":"category","embeddable":true,"href":"https:\/\/www.participacionciudadana.org\/web\/wp-json\/wp\/v2\/categories?post=2317"},{"taxonomy":"post_tag","embeddable":true,"href":"https:\/\/www.participacionciudadana.org\/web\/wp-json\/wp\/v2\/tags?post=2317"}],"curies":[{"name":"wp","href":"https:\/\/api.w.org\/{rel}","templated":true}]}}