{"id":2319,"date":"2021-08-27T10:51:33","date_gmt":"2021-08-27T15:51:33","guid":{"rendered":"https:\/\/www.participacionciudadana.org\/web\/2021\/08\/27\/dialogo-politico-lanza-el-dp-campus-con-un-taller-de-periodismo-politico-para-el-20-de-septiembre\/"},"modified":"2021-08-27T10:51:33","modified_gmt":"2021-08-27T15:51:33","slug":"dialogo-politico-lanza-el-dp-campus-con-un-taller-de-periodismo-politico-para-el-20-de-septiembre","status":"publish","type":"post","link":"https:\/\/www.participacionciudadana.org\/web\/2021\/08\/27\/dialogo-politico-lanza-el-dp-campus-con-un-taller-de-periodismo-politico-para-el-20-de-septiembre\/","title":{"rendered":"PC se une a organizaciones aliadas para lanzar taller de periodismo pol\u00edtico"},"content":{"rendered":"<p dir=\"ltr\" style=\"color: rgb(34, 34, 34); font-family: Arial, Helvetica, sans-serif; font-size: small; background-color: rgb(255, 255, 255); line-height: 1.38; text-align: justify; margin-top: 0pt; margin-bottom: 0pt;\"><span style=\"font-size: 12pt; font-family: Cambria, serif; color: rgb(0, 0, 0); background-color: transparent; font-variant-numeric: normal; font-variant-east-asian: normal; vertical-align: baseline; white-space: pre-wrap;\">La plataforma Di\u00e1logo Pol\u00edtico de la Fundaci\u00f3n Konrad Adenauer (KAS),&nbsp; Infociudadana (Argentina), Corporaci\u00f3n Participaci\u00f3n Ciudadana (Ecuador) y Colombiacheck &#8211; Consejo de Redacci\u00f3n (Colombia), preparan para el pr\u00f3ximo 20 de septiembre el \u2018Taller de periodismo pol\u00edtico. Tendencias en Am\u00e9rica Latina de DP Campus\u201d.&nbsp;<\/span><\/p>\n<p dir=\"ltr\" style=\"color: rgb(34, 34, 34); font-family: Arial, Helvetica, sans-serif; font-size: small; background-color: rgb(255, 255, 255); line-height: 1.38; text-align: justify; margin-top: 0pt; margin-bottom: 0pt;\">&nbsp;<\/p>\n<p dir=\"ltr\" style=\"color: rgb(34, 34, 34); font-family: Arial, Helvetica, sans-serif; font-size: small; background-color: rgb(255, 255, 255); line-height: 1.38; text-align: justify; margin-top: 0pt; margin-bottom: 0pt;\"><span style=\"font-size: 12pt; font-family: Cambria, serif; color: rgb(0, 0, 0); background-color: transparent; font-variant-numeric: normal; font-variant-east-asian: normal; vertical-align: baseline; white-space: pre-wrap;\">El taller ser\u00e1 totalmente virtual y <span style=\"font-variant-numeric: normal; font-variant-east-asian: normal; text-align: justify; font-size: 12pt; font-family: Cambria, serif; vertical-align: baseline; white-space: pre-wrap;\"><span style=\"background-color: rgb(255, 255, 255);\">estar\u00e1 dirigido a periodistas, comunicadores, generadores de contenido, influencers residentes en Am\u00e9rica Latina y a quienes <\/span><\/span><span style=\"font-variant-numeric: normal; font-variant-east-asian: normal; text-align: justify; font-size: 12pt; font-family: Cambria, serif; vertical-align: baseline; white-space: pre-wrap;\"><span style=\"background-color: rgb(255, 255, 255);\">trabajen en la cobertura de la realidad pol\u00edtica de la regi\u00f3n y est\u00e9n interesados en profundizar sobre <\/span><span style=\"background-color: rgb(255, 255, 255);\">el rol del periodismo en el fortalecimiento de las democracias. <\/span><\/span><\/span><\/p>\n<p dir=\"ltr\" style=\"color: rgb(34, 34, 34); font-family: Arial, Helvetica, sans-serif; font-size: small; background-color: rgb(255, 255, 255); line-height: 1.38; text-align: justify; margin-top: 0pt; margin-bottom: 0pt;\">&nbsp;<\/p>\n<p dir=\"ltr\" style=\"color: rgb(34, 34, 34); font-family: Arial, Helvetica, sans-serif; font-size: small; background-color: rgb(255, 255, 255); line-height: 1.38; text-align: justify; margin-top: 0pt; margin-bottom: 0pt;\"><span style=\"font-size: 12pt; font-family: Cambria, serif; color: rgb(0, 0, 0); background-color: transparent; font-variant-numeric: normal; font-variant-east-asian: normal; vertical-align: baseline; white-space: pre-wrap;\"><span style=\"font-variant-numeric: normal; font-variant-east-asian: normal; text-align: justify; font-size: 12pt; font-family: Cambria, serif; vertical-align: baseline; white-space: pre-wrap;\"><span style=\"background-color: rgb(255, 255, 255);\">Su objetivo es <\/span><\/span>generar un intercambio de experiencias, la transmisi\u00f3n de buenas pr\u00e1cticas y la actualizaci\u00f3n de tendencias en materia de realidad pol\u00edtica en la regi\u00f3n.&nbsp;<\/span><\/p>\n<p dir=\"ltr\" style=\"color: rgb(34, 34, 34); font-family: Arial, Helvetica, sans-serif; font-size: small; background-color: rgb(255, 255, 255); line-height: 1.38; text-align: justify; margin-top: 0pt; margin-bottom: 0pt;\">&nbsp;<\/p>\n<p dir=\"ltr\" style=\"color: rgb(34, 34, 34); font-family: Arial, Helvetica, sans-serif; font-size: small; background-color: rgb(255, 255, 255); line-height: 1.38; text-align: justify; margin-top: 0pt; margin-bottom: 0pt;\"><span style=\"font-size: 12pt; font-variant-numeric: normal; font-variant-east-asian: normal; font-family: Cambria, serif; vertical-align: baseline; white-space: pre-wrap;\">La convocatoria estar\u00e1 abierta hasta el 10 de septiembre pr\u00f3ximo y l<span style=\"color: rgb(34, 34, 34); font-family: Cambria, serif; font-size: 16px; text-align: justify; white-space: pre-wrap; background-color: rgb(255, 255, 255);\">os participantes ser\u00e1n seleccionados seg\u00fan un criterio de equidad geogr\u00e1fica, de g\u00e9nero y ocupaci\u00f3n. <span style=\"color: rgb(34, 34, 34); font-family: Cambria, serif; font-size: 16px; text-align: justify; white-space: pre-wrap; background-color: rgb(255, 255, 255);\">Se valorar\u00e1 a quienes trabajen actualmente en medios de comunicaci\u00f3n de la regi\u00f3n, ser columnista regular, blogger, investigador, participar regularmente en redes sociales o desempe\u00f1arse como colaborador, asesor o community manager en equipos pol\u00edticos o institucionales.<\/span><\/span><\/span><\/p>\n<p dir=\"ltr\" style=\"color: rgb(34, 34, 34); font-family: Arial, Helvetica, sans-serif; font-size: small; background-color: rgb(255, 255, 255); line-height: 1.38; text-align: justify; margin-top: 0pt; margin-bottom: 0pt;\">&nbsp;<\/p>\n<p dir=\"ltr\" style=\"color: rgb(34, 34, 34); font-family: Arial, Helvetica, sans-serif; font-size: small; background-color: rgb(255, 255, 255); line-height: 1.38; text-align: justify; margin-top: 0pt; margin-bottom: 0pt;\"><span style=\"font-size: 12pt; font-variant-numeric: normal; font-variant-east-asian: normal; font-family: Cambria, serif; vertical-align: baseline; white-space: pre-wrap;\"><span style=\"font-family: Cambria, serif; font-size: 16px; text-align: justify; white-space: pre-wrap; background-color: rgb(255, 255, 255);\">El Programa Regional Partidos Pol\u00edticos y Democracia en Am\u00e9rica Latina de la Fundaci\u00f3n Konrad Adenauer, ofrecer\u00e1 un total de 50 cupos que ser\u00e1n 100% becados para participar en esta instancia de capacitaci\u00f3n. <\/span><\/span><\/p>\n<p dir=\"ltr\" style=\"color: rgb(34, 34, 34); font-family: Arial, Helvetica, sans-serif; font-size: small; background-color: rgb(255, 255, 255); line-height: 1.38; text-align: justify; margin-top: 0pt; margin-bottom: 0pt;\">&nbsp;<\/p>\n<p dir=\"ltr\" style=\"color: rgb(34, 34, 34); font-family: Arial, Helvetica, sans-serif; font-size: small; background-color: rgb(255, 255, 255); line-height: 1.38; text-align: justify; margin-top: 0pt; margin-bottom: 0pt;\"><span style=\"font-family: Cambria, serif; font-size: 16px; white-space: pre-wrap;\">El taller ser\u00e1 completamente virtual con una duraci\u00f3n de seis (6) semanas, desde el 20 de septiembre hasta el 31 de octubre, dividido en<\/span><span style=\"font-size: 12pt; font-family: Cambria, serif; color: rgb(0, 0, 0); background-color: transparent; font-variant-numeric: normal; font-variant-east-asian: normal; vertical-align: baseline; white-space: pre-wrap;\"> tres m\u00f3dulos a cargo de las organizaciones aliadas:&nbsp;&#8220;<span style=\"font-size: 12pt; background-color: transparent; font-variant-numeric: normal; font-variant-east-asian: normal; vertical-align: baseline;\">Redes de conversaci\u00f3n y periodismo&#8221; con Infociudadana (Argentina); &#8220;<span style=\"font-size: 12pt; background-color: transparent; font-variant-numeric: normal; font-variant-east-asian: normal; vertical-align: baseline;\">Informaci\u00f3n ciudadana y periodismo digital&#8221; con Corporaci\u00f3n Participaci\u00f3n Ciudadana (Ecuador); y, &#8220;<span style=\"font-size: 12pt; background-color: transparent; font-variant-numeric: normal; font-variant-east-asian: normal; vertical-align: baseline;\">Verificaci\u00f3n de la informaci\u00f3n y discurso p\u00fablico&#8221; con Colombiacheck, Consejo de Redacci\u00f3n (Colombia).<\/span><\/span><\/span><\/span><\/p>\n<p>Los interesados pueden ingresar a este<span style=\"font-size: 12pt; font-family: Cambria, serif; color: rgb(0, 0, 0); background-color: transparent; font-variant-numeric: normal; font-variant-east-asian: normal; vertical-align: baseline; white-space: pre-wrap;\"> link para postularse:<\/span><\/p>\n<p dir=\"ltr\" style=\"color: rgb(34, 34, 34); font-family: Arial, Helvetica, sans-serif; font-size: small; background-color: rgb(255, 255, 255); line-height: 1.38; text-align: justify; margin-top: 12pt; margin-bottom: 12pt;\"><a data-saferedirecturl=\"https:\/\/www.google.com\/url?q=http:\/\/dpcampus.dialogopolitico.org\/&amp;source=gmail&amp;ust=1630160383148000&amp;usg=AFQjCNH6iAgxhx_kPZ0lIk6SzQFacOomHQ\" href=\"http:\/\/dpcampus.dialogopolitico.org\/\" style=\"color: rgb(17, 85, 204); text-decoration-line: none;\" target=\"_blank\" rel=\"noopener\"><span style=\"font-size: 12pt; font-family: Cambria, serif; background-color: transparent; font-variant-numeric: normal; font-variant-east-asian: normal; text-decoration-line: underline; vertical-align: baseline; white-space: pre-wrap;\">dpcampus.dialogopolitico.org<\/span><\/a><\/p>\n<p dir=\"ltr\" style=\"color: rgb(34, 34, 34); font-family: Arial, Helvetica, sans-serif; font-size: small; background-color: rgb(255, 255, 255); line-height: 1.38; text-align: justify; margin-top: 12pt; margin-bottom: 12pt;\">&nbsp;<\/p>\n<p dir=\"ltr\" style=\"color: rgb(34, 34, 34); font-family: Arial, Helvetica, sans-serif; font-size: small; background-color: rgb(255, 255, 255); line-height: 1.38; text-align: justify; margin-top: 12pt; margin-bottom: 12pt;\">&nbsp;<\/p>\n<p dir=\"ltr\" style=\"color: rgb(34, 34, 34); font-family: Arial, Helvetica, sans-serif; font-size: small; background-color: rgb(255, 255, 255); line-height: 1.38; text-align: justify; margin-top: 12pt; margin-bottom: 12pt;\"><span style=\"font-size: 12pt; font-family: Cambria, serif; color: rgb(0, 0, 0); background-color: transparent; font-weight: 700; font-variant-numeric: normal; font-variant-east-asian: normal; vertical-align: baseline; white-space: pre-wrap;\"><\/span><span style=\"font-size: 12pt; font-family: Cambria, serif; color: rgb(0, 0, 0); background-color: transparent; font-variant-numeric: normal; font-variant-east-asian: normal; vertical-align: baseline; white-space: pre-wrap;\"><\/span><\/p>\n","protected":false},"excerpt":{"rendered":"<p>La plataforma Di\u00e1logo Pol\u00edtico de la Fundaci\u00f3n Konrad Adenauer (KAS),&nbsp; Infociudadana (Argentina), Corporaci\u00f3n Participaci\u00f3n Ciudadana (Ecuador) y Colombiacheck &#8211; Consejo de Redacci\u00f3n (Colombia), preparan para el pr\u00f3ximo 20 de septiembre el \u2018Taller de periodismo pol\u00edtico. Tendencias en Am\u00e9rica Latina de DP Campus\u201d.&nbsp; &nbsp; El taller ser\u00e1 totalmente virtual y estar\u00e1 dirigido a periodistas, comunicadores, generadores [&hellip;]<\/p>\n","protected":false},"author":1,"featured_media":0,"comment_status":"open","ping_status":"open","sticky":false,"template":"","format":"standard","meta":{"site-sidebar-layout":"default","site-content-layout":"","ast-site-content-layout":"default","site-content-style":"default","site-sidebar-style":"default","ast-global-header-display":"","ast-banner-title-visibility":"","ast-main-header-display":"","ast-hfb-above-header-display":"","ast-hfb-below-header-display":"","ast-hfb-mobile-header-display":"","site-post-title":"","ast-breadcrumbs-content":"","ast-featured-img":"","footer-sml-layout":"","ast-disable-related-posts":"","theme-transparent-header-meta":"","adv-header-id-meta":"","stick-header-meta":"","header-above-stick-meta":"","header-main-stick-meta":"","header-below-stick-meta":"","astra-migrate-meta-layouts":"default","ast-page-background-enabled":"default","ast-page-background-meta":{"desktop":{"background-color":"","background-image":"","background-repeat":"repeat","background-position":"center center","background-size":"auto","background-attachment":"scroll","background-type":"","background-media":"","overlay-type":"","overlay-color":"","overlay-opacity":"","overlay-gradient":""},"tablet":{"background-color":"","background-image":"","background-repeat":"repeat","background-position":"center center","background-size":"auto","background-attachment":"scroll","background-type":"","background-media":"","overlay-type":"","overlay-color":"","overlay-opacity":"","overlay-gradient":""},"mobile":{"background-color":"","background-image":"","background-repeat":"repeat","background-position":"center center","background-size":"auto","background-attachment":"scroll","background-type":"","background-media":"","overlay-type":"","overlay-color":"","overlay-opacity":"","overlay-gradient":""}},"ast-content-background-meta":{"desktop":{"background-color":"var(--ast-global-color-5)","background-image":"","background-repeat":"repeat","background-position":"center center","background-size":"auto","background-attachment":"scroll","background-type":"","background-media":"","overlay-type":"","overlay-color":"","overlay-opacity":"","overlay-gradient":""},"tablet":{"background-color":"var(--ast-global-color-5)","background-image":"","background-repeat":"repeat","background-position":"center center","background-size":"auto","background-attachment":"scroll","background-type":"","background-media":"","overlay-type":"","overlay-color":"","overlay-opacity":"","overlay-gradient":""},"mobile":{"background-color":"var(--ast-global-color-5)","background-image":"","background-repeat":"repeat","background-position":"center center","background-size":"auto","background-attachment":"scroll","background-type":"","background-media":"","overlay-type":"","overlay-color":"","overlay-opacity":"","overlay-gradient":""}},"_joinchat":[],"footnotes":""},"categories":[16],"tags":[],"class_list":["post-2319","post","type-post","status-publish","format-standard","hentry","category-actualidad"],"yoast_head":"<!-- This site is optimized with the Yoast SEO plugin v26.5 - https:\/\/yoast.com\/wordpress\/plugins\/seo\/ -->\n<title>PC se une a organizaciones aliadas para lanzar taller de periodismo pol\u00edtico - Participaci\u00f3n Ciudadana<\/title>\n<meta name=\"robots\" content=\"index, follow, max-snippet:-1, max-image-preview:large, max-video-preview:-1\" \/>\n<link rel=\"canonical\" href=\"https:\/\/www.participacionciudadana.org\/web\/2021\/08\/27\/dialogo-politico-lanza-el-dp-campus-con-un-taller-de-periodismo-politico-para-el-20-de-septiembre\/\" \/>\n<meta property=\"og:locale\" content=\"es_ES\" \/>\n<meta property=\"og:type\" content=\"article\" \/>\n<meta property=\"og:title\" content=\"PC se une a organizaciones aliadas para lanzar taller de periodismo pol\u00edtico - Participaci\u00f3n Ciudadana\" \/>\n<meta property=\"og:description\" content=\"La plataforma Di\u00e1logo Pol\u00edtico de la Fundaci\u00f3n Konrad Adenauer (KAS),&nbsp; Infociudadana (Argentina), Corporaci\u00f3n Participaci\u00f3n Ciudadana (Ecuador) y Colombiacheck &#8211; Consejo de Redacci\u00f3n (Colombia), preparan para el pr\u00f3ximo 20 de septiembre el \u2018Taller de periodismo pol\u00edtico. Tendencias en Am\u00e9rica Latina de DP Campus\u201d.&nbsp; &nbsp; El taller ser\u00e1 totalmente virtual y estar\u00e1 dirigido a periodistas, comunicadores, generadores [&hellip;]\" \/>\n<meta property=\"og:url\" content=\"https:\/\/www.participacionciudadana.org\/web\/2021\/08\/27\/dialogo-politico-lanza-el-dp-campus-con-un-taller-de-periodismo-politico-para-el-20-de-septiembre\/\" \/>\n<meta property=\"og:site_name\" content=\"Participaci\u00f3n Ciudadana\" \/>\n<meta property=\"article:publisher\" content=\"https:\/\/www.facebook.com\/ParticipacionPC\/\" \/>\n<meta property=\"article:published_time\" content=\"2021-08-27T15:51:33+00:00\" \/>\n<meta name=\"author\" content=\"auzfabian\" \/>\n<meta name=\"twitter:card\" content=\"summary_large_image\" \/>\n<meta name=\"twitter:creator\" content=\"@ParticipacionPC\" \/>\n<meta name=\"twitter:site\" content=\"@ParticipacionPC\" \/>\n<meta name=\"twitter:label1\" content=\"Escrito por\" \/>\n\t<meta name=\"twitter:data1\" content=\"auzfabian\" \/>\n\t<meta name=\"twitter:label2\" content=\"Tiempo de lectura\" \/>\n\t<meta name=\"twitter:data2\" content=\"2 minutos\" \/>\n<script type=\"application\/ld+json\" class=\"yoast-schema-graph\">{\"@context\":\"https:\/\/schema.org\",\"@graph\":[{\"@type\":\"Article\",\"@id\":\"https:\/\/www.participacionciudadana.org\/web\/2021\/08\/27\/dialogo-politico-lanza-el-dp-campus-con-un-taller-de-periodismo-politico-para-el-20-de-septiembre\/#article\",\"isPartOf\":{\"@id\":\"https:\/\/www.participacionciudadana.org\/web\/2021\/08\/27\/dialogo-politico-lanza-el-dp-campus-con-un-taller-de-periodismo-politico-para-el-20-de-septiembre\/\"},\"author\":{\"name\":\"auzfabian\",\"@id\":\"https:\/\/www.participacionciudadana.org\/web\/#\/schema\/person\/67ded4b29f4c10d217a0e025340d23ea\"},\"headline\":\"PC se une a organizaciones aliadas para lanzar taller de periodismo pol\u00edtico\",\"datePublished\":\"2021-08-27T15:51:33+00:00\",\"mainEntityOfPage\":{\"@id\":\"https:\/\/www.participacionciudadana.org\/web\/2021\/08\/27\/dialogo-politico-lanza-el-dp-campus-con-un-taller-de-periodismo-politico-para-el-20-de-septiembre\/\"},\"wordCount\":346,\"commentCount\":0,\"publisher\":{\"@id\":\"https:\/\/www.participacionciudadana.org\/web\/#organization\"},\"articleSection\":[\"Actualidad\"],\"inLanguage\":\"es\",\"potentialAction\":[{\"@type\":\"CommentAction\",\"name\":\"Comment\",\"target\":[\"https:\/\/www.participacionciudadana.org\/web\/2021\/08\/27\/dialogo-politico-lanza-el-dp-campus-con-un-taller-de-periodismo-politico-para-el-20-de-septiembre\/#respond\"]}]},{\"@type\":\"WebPage\",\"@id\":\"https:\/\/www.participacionciudadana.org\/web\/2021\/08\/27\/dialogo-politico-lanza-el-dp-campus-con-un-taller-de-periodismo-politico-para-el-20-de-septiembre\/\",\"url\":\"https:\/\/www.participacionciudadana.org\/web\/2021\/08\/27\/dialogo-politico-lanza-el-dp-campus-con-un-taller-de-periodismo-politico-para-el-20-de-septiembre\/\",\"name\":\"PC se une a organizaciones aliadas para lanzar taller de periodismo pol\u00edtico - Participaci\u00f3n Ciudadana\",\"isPartOf\":{\"@id\":\"https:\/\/www.participacionciudadana.org\/web\/#website\"},\"datePublished\":\"2021-08-27T15:51:33+00:00\",\"breadcrumb\":{\"@id\":\"https:\/\/www.participacionciudadana.org\/web\/2021\/08\/27\/dialogo-politico-lanza-el-dp-campus-con-un-taller-de-periodismo-politico-para-el-20-de-septiembre\/#breadcrumb\"},\"inLanguage\":\"es\",\"potentialAction\":[{\"@type\":\"ReadAction\",\"target\":[\"https:\/\/www.participacionciudadana.org\/web\/2021\/08\/27\/dialogo-politico-lanza-el-dp-campus-con-un-taller-de-periodismo-politico-para-el-20-de-septiembre\/\"]}]},{\"@type\":\"BreadcrumbList\",\"@id\":\"https:\/\/www.participacionciudadana.org\/web\/2021\/08\/27\/dialogo-politico-lanza-el-dp-campus-con-un-taller-de-periodismo-politico-para-el-20-de-septiembre\/#breadcrumb\",\"itemListElement\":[{\"@type\":\"ListItem\",\"position\":1,\"name\":\"Portada\",\"item\":\"https:\/\/www.participacionciudadana.org\/web\/\"},{\"@type\":\"ListItem\",\"position\":2,\"name\":\"PC se une a organizaciones aliadas para lanzar taller de periodismo pol\u00edtico\"}]},{\"@type\":\"WebSite\",\"@id\":\"https:\/\/www.participacionciudadana.org\/web\/#website\",\"url\":\"https:\/\/www.participacionciudadana.org\/web\/\",\"name\":\"Participaci\u00f3n Ciudadana\",\"description\":\"Comprometidos con la democracia\",\"publisher\":{\"@id\":\"https:\/\/www.participacionciudadana.org\/web\/#organization\"},\"potentialAction\":[{\"@type\":\"SearchAction\",\"target\":{\"@type\":\"EntryPoint\",\"urlTemplate\":\"https:\/\/www.participacionciudadana.org\/web\/?s={search_term_string}\"},\"query-input\":{\"@type\":\"PropertyValueSpecification\",\"valueRequired\":true,\"valueName\":\"search_term_string\"}}],\"inLanguage\":\"es\"},{\"@type\":\"Organization\",\"@id\":\"https:\/\/www.participacionciudadana.org\/web\/#organization\",\"name\":\"Participaci\u00f3n Ciudadana\",\"url\":\"https:\/\/www.participacionciudadana.org\/web\/\",\"logo\":{\"@type\":\"ImageObject\",\"inLanguage\":\"es\",\"@id\":\"https:\/\/www.participacionciudadana.org\/web\/#\/schema\/logo\/image\/\",\"url\":\"https:\/\/www.participacionciudadana.org\/web\/wp-content\/uploads\/2021\/11\/cropped-logo_pc-1.png\",\"contentUrl\":\"https:\/\/www.participacionciudadana.org\/web\/wp-content\/uploads\/2021\/11\/cropped-logo_pc-1.png\",\"width\":340,\"height\":114,\"caption\":\"Participaci\u00f3n Ciudadana\"},\"image\":{\"@id\":\"https:\/\/www.participacionciudadana.org\/web\/#\/schema\/logo\/image\/\"},\"sameAs\":[\"https:\/\/www.facebook.com\/ParticipacionPC\/\",\"https:\/\/x.com\/ParticipacionPC\"]},{\"@type\":\"Person\",\"@id\":\"https:\/\/www.participacionciudadana.org\/web\/#\/schema\/person\/67ded4b29f4c10d217a0e025340d23ea\",\"name\":\"auzfabian\",\"image\":{\"@type\":\"ImageObject\",\"inLanguage\":\"es\",\"@id\":\"https:\/\/www.participacionciudadana.org\/web\/#\/schema\/person\/image\/\",\"url\":\"https:\/\/secure.gravatar.com\/avatar\/b07eacb2fae81fba8818d35abde16f5d26c3e833d77fabbeeb8d53523e796bde?s=96&d=mm&r=g\",\"contentUrl\":\"https:\/\/secure.gravatar.com\/avatar\/b07eacb2fae81fba8818d35abde16f5d26c3e833d77fabbeeb8d53523e796bde?s=96&d=mm&r=g\",\"caption\":\"auzfabian\"},\"sameAs\":[\"https:\/\/www.participacionciudadana.org\/web\"],\"url\":\"https:\/\/www.participacionciudadana.org\/web\/author\/auzfabian\/\"}]}<\/script>\n<!-- \/ Yoast SEO plugin. -->","yoast_head_json":{"title":"PC se une a organizaciones aliadas para lanzar taller de periodismo pol\u00edtico - Participaci\u00f3n Ciudadana","robots":{"index":"index","follow":"follow","max-snippet":"max-snippet:-1","max-image-preview":"max-image-preview:large","max-video-preview":"max-video-preview:-1"},"canonical":"https:\/\/www.participacionciudadana.org\/web\/2021\/08\/27\/dialogo-politico-lanza-el-dp-campus-con-un-taller-de-periodismo-politico-para-el-20-de-septiembre\/","og_locale":"es_ES","og_type":"article","og_title":"PC se une a organizaciones aliadas para lanzar taller de periodismo pol\u00edtico - Participaci\u00f3n Ciudadana","og_description":"La plataforma Di\u00e1logo Pol\u00edtico de la Fundaci\u00f3n Konrad Adenauer (KAS),&nbsp; Infociudadana (Argentina), Corporaci\u00f3n Participaci\u00f3n Ciudadana (Ecuador) y Colombiacheck &#8211; Consejo de Redacci\u00f3n (Colombia), preparan para el pr\u00f3ximo 20 de septiembre el \u2018Taller de periodismo pol\u00edtico. Tendencias en Am\u00e9rica Latina de DP Campus\u201d.&nbsp; &nbsp; El taller ser\u00e1 totalmente virtual y estar\u00e1 dirigido a periodistas, comunicadores, generadores [&hellip;]","og_url":"https:\/\/www.participacionciudadana.org\/web\/2021\/08\/27\/dialogo-politico-lanza-el-dp-campus-con-un-taller-de-periodismo-politico-para-el-20-de-septiembre\/","og_site_name":"Participaci\u00f3n Ciudadana","article_publisher":"https:\/\/www.facebook.com\/ParticipacionPC\/","article_published_time":"2021-08-27T15:51:33+00:00","author":"auzfabian","twitter_card":"summary_large_image","twitter_creator":"@ParticipacionPC","twitter_site":"@ParticipacionPC","twitter_misc":{"Escrito por":"auzfabian","Tiempo de lectura":"2 minutos"},"schema":{"@context":"https:\/\/schema.org","@graph":[{"@type":"Article","@id":"https:\/\/www.participacionciudadana.org\/web\/2021\/08\/27\/dialogo-politico-lanza-el-dp-campus-con-un-taller-de-periodismo-politico-para-el-20-de-septiembre\/#article","isPartOf":{"@id":"https:\/\/www.participacionciudadana.org\/web\/2021\/08\/27\/dialogo-politico-lanza-el-dp-campus-con-un-taller-de-periodismo-politico-para-el-20-de-septiembre\/"},"author":{"name":"auzfabian","@id":"https:\/\/www.participacionciudadana.org\/web\/#\/schema\/person\/67ded4b29f4c10d217a0e025340d23ea"},"headline":"PC se une a organizaciones aliadas para lanzar taller de periodismo pol\u00edtico","datePublished":"2021-08-27T15:51:33+00:00","mainEntityOfPage":{"@id":"https:\/\/www.participacionciudadana.org\/web\/2021\/08\/27\/dialogo-politico-lanza-el-dp-campus-con-un-taller-de-periodismo-politico-para-el-20-de-septiembre\/"},"wordCount":346,"commentCount":0,"publisher":{"@id":"https:\/\/www.participacionciudadana.org\/web\/#organization"},"articleSection":["Actualidad"],"inLanguage":"es","potentialAction":[{"@type":"CommentAction","name":"Comment","target":["https:\/\/www.participacionciudadana.org\/web\/2021\/08\/27\/dialogo-politico-lanza-el-dp-campus-con-un-taller-de-periodismo-politico-para-el-20-de-septiembre\/#respond"]}]},{"@type":"WebPage","@id":"https:\/\/www.participacionciudadana.org\/web\/2021\/08\/27\/dialogo-politico-lanza-el-dp-campus-con-un-taller-de-periodismo-politico-para-el-20-de-septiembre\/","url":"https:\/\/www.participacionciudadana.org\/web\/2021\/08\/27\/dialogo-politico-lanza-el-dp-campus-con-un-taller-de-periodismo-politico-para-el-20-de-septiembre\/","name":"PC se une a organizaciones aliadas para lanzar taller de periodismo pol\u00edtico - Participaci\u00f3n Ciudadana","isPartOf":{"@id":"https:\/\/www.participacionciudadana.org\/web\/#website"},"datePublished":"2021-08-27T15:51:33+00:00","breadcrumb":{"@id":"https:\/\/www.participacionciudadana.org\/web\/2021\/08\/27\/dialogo-politico-lanza-el-dp-campus-con-un-taller-de-periodismo-politico-para-el-20-de-septiembre\/#breadcrumb"},"inLanguage":"es","potentialAction":[{"@type":"ReadAction","target":["https:\/\/www.participacionciudadana.org\/web\/2021\/08\/27\/dialogo-politico-lanza-el-dp-campus-con-un-taller-de-periodismo-politico-para-el-20-de-septiembre\/"]}]},{"@type":"BreadcrumbList","@id":"https:\/\/www.participacionciudadana.org\/web\/2021\/08\/27\/dialogo-politico-lanza-el-dp-campus-con-un-taller-de-periodismo-politico-para-el-20-de-septiembre\/#breadcrumb","itemListElement":[{"@type":"ListItem","position":1,"name":"Portada","item":"https:\/\/www.participacionciudadana.org\/web\/"},{"@type":"ListItem","position":2,"name":"PC se une a organizaciones aliadas para lanzar taller de periodismo pol\u00edtico"}]},{"@type":"WebSite","@id":"https:\/\/www.participacionciudadana.org\/web\/#website","url":"https:\/\/www.participacionciudadana.org\/web\/","name":"Participaci\u00f3n Ciudadana","description":"Comprometidos con la democracia","publisher":{"@id":"https:\/\/www.participacionciudadana.org\/web\/#organization"},"potentialAction":[{"@type":"SearchAction","target":{"@type":"EntryPoint","urlTemplate":"https:\/\/www.participacionciudadana.org\/web\/?s={search_term_string}"},"query-input":{"@type":"PropertyValueSpecification","valueRequired":true,"valueName":"search_term_string"}}],"inLanguage":"es"},{"@type":"Organization","@id":"https:\/\/www.participacionciudadana.org\/web\/#organization","name":"Participaci\u00f3n Ciudadana","url":"https:\/\/www.participacionciudadana.org\/web\/","logo":{"@type":"ImageObject","inLanguage":"es","@id":"https:\/\/www.participacionciudadana.org\/web\/#\/schema\/logo\/image\/","url":"https:\/\/www.participacionciudadana.org\/web\/wp-content\/uploads\/2021\/11\/cropped-logo_pc-1.png","contentUrl":"https:\/\/www.participacionciudadana.org\/web\/wp-content\/uploads\/2021\/11\/cropped-logo_pc-1.png","width":340,"height":114,"caption":"Participaci\u00f3n Ciudadana"},"image":{"@id":"https:\/\/www.participacionciudadana.org\/web\/#\/schema\/logo\/image\/"},"sameAs":["https:\/\/www.facebook.com\/ParticipacionPC\/","https:\/\/x.com\/ParticipacionPC"]},{"@type":"Person","@id":"https:\/\/www.participacionciudadana.org\/web\/#\/schema\/person\/67ded4b29f4c10d217a0e025340d23ea","name":"auzfabian","image":{"@type":"ImageObject","inLanguage":"es","@id":"https:\/\/www.participacionciudadana.org\/web\/#\/schema\/person\/image\/","url":"https:\/\/secure.gravatar.com\/avatar\/b07eacb2fae81fba8818d35abde16f5d26c3e833d77fabbeeb8d53523e796bde?s=96&d=mm&r=g","contentUrl":"https:\/\/secure.gravatar.com\/avatar\/b07eacb2fae81fba8818d35abde16f5d26c3e833d77fabbeeb8d53523e796bde?s=96&d=mm&r=g","caption":"auzfabian"},"sameAs":["https:\/\/www.participacionciudadana.org\/web"],"url":"https:\/\/www.participacionciudadana.org\/web\/author\/auzfabian\/"}]}},"_links":{"self":[{"href":"https:\/\/www.participacionciudadana.org\/web\/wp-json\/wp\/v2\/posts\/2319","targetHints":{"allow":["GET"]}}],"collection":[{"href":"https:\/\/www.participacionciudadana.org\/web\/wp-json\/wp\/v2\/posts"}],"about":[{"href":"https:\/\/www.participacionciudadana.org\/web\/wp-json\/wp\/v2\/types\/post"}],"author":[{"embeddable":true,"href":"https:\/\/www.participacionciudadana.org\/web\/wp-json\/wp\/v2\/users\/1"}],"replies":[{"embeddable":true,"href":"https:\/\/www.participacionciudadana.org\/web\/wp-json\/wp\/v2\/comments?post=2319"}],"version-history":[{"count":0,"href":"https:\/\/www.participacionciudadana.org\/web\/wp-json\/wp\/v2\/posts\/2319\/revisions"}],"wp:attachment":[{"href":"https:\/\/www.participacionciudadana.org\/web\/wp-json\/wp\/v2\/media?parent=2319"}],"wp:term":[{"taxonomy":"category","embeddable":true,"href":"https:\/\/www.participacionciudadana.org\/web\/wp-json\/wp\/v2\/categories?post=2319"},{"taxonomy":"post_tag","embeddable":true,"href":"https:\/\/www.participacionciudadana.org\/web\/wp-json\/wp\/v2\/tags?post=2319"}],"curies":[{"name":"wp","href":"https:\/\/api.w.org\/{rel}","templated":true}]}}