{"id":2320,"date":"2021-08-27T11:43:26","date_gmt":"2021-08-27T16:43:26","guid":{"rendered":"https:\/\/www.participacionciudadana.org\/web\/2021\/08\/27\/para-llegar-a-la-asamblea-no-solo-se-requiere-titulos-academicos-sino-tambien-trayectoria-etica\/"},"modified":"2021-08-27T11:43:26","modified_gmt":"2021-08-27T16:43:26","slug":"para-llegar-a-la-asamblea-no-solo-se-requiere-titulos-academicos-sino-tambien-trayectoria-etica","status":"publish","type":"post","link":"https:\/\/www.participacionciudadana.org\/web\/2021\/08\/27\/para-llegar-a-la-asamblea-no-solo-se-requiere-titulos-academicos-sino-tambien-trayectoria-etica\/","title":{"rendered":"&#8220;Para llegar a la Asamblea no solo se requiere t\u00edtulos acad\u00e9micos, sino tambi\u00e9n trayectoria \u00e9tica&#8221;"},"content":{"rendered":"<p>&nbsp;<span style=\"font-family:segoe ui,sans-serif;\"><span style=\"font-size:11.5pt;\">El 25 de agosto, nuestra directora Ruth Hidalgo, mantuvo un di\u00e1logo con el periodista Miguel Rivadeneira y otros invitados en un panel de Radio Democracia, en el que analiz\u00f3 la situaci\u00f3n actual de la Asamblea Nacional en medio de denuncias contra dos asamble\u00edstas.<\/span><\/span><\/p>\n<p style=\"margin-bottom:0cm;line-height:normal;\"><span style=\"font-family:segoe ui,sans-serif;\"><span style=\"font-size:11.5pt;\">\u201cLo que ahora sucede en el Parlamento habla de temas estructurales que demuestran que urge una reforma al sistema de partidos pol\u00edticos. Ya no se puede seguir con las mismas pr\u00e1cticas de escogitamiento de candidatos sin estructuras m\u00ednimas ni serias<\/span><\/span>. Urge un sistema de tamizaje en los partidos, escrito en un reglamento interno que especifique qui\u00e9n puede ser candidato\u201d, se\u00f1al\u00f3 Ruth Hidalgo.<\/p>\n<p style=\"margin-bottom:0cm;line-height:normal;\"><span style=\"font-family:segoe ui,sans-serif;\"><span style=\"font-size:11.5pt;\">Para nuestra directora, para llegar a la Asamblea se requiere no solo t\u00edtulos acad\u00e9micos, sino tambi\u00e9n una idoneidad y trayectoria \u00e9tica, moral y de reconocimiento p\u00fablico<\/span><\/span>.<\/p>\n<p style=\"margin-bottom:0cm;line-height:normal;\"><span style=\"font-family:segoe ui,sans-serif;\"><span style=\"font-size:11.5pt;\">\u201cLas denuncias contra la asamble\u00edsta Bella Jim\u00e9nez son contundentes y esto nos debe llevar a reflexionar, que si queremos cambiar esta realidad y desprestigio de la pol\u00edtica, necesitamos una reforma electoral seria y urgente\u201d<\/span><\/span>, refiri\u00f3 en la entrevista.<\/p>\n<p style=\"margin-bottom:0cm;line-height:normal;\"><span style=\"font-family:segoe ui,sans-serif;\"><span style=\"font-size:11.5pt;\">Y agreg\u00f3 que todav\u00eda se vive en esa l\u00f3gica de la persona que quiere llegar a la Asamblea Nacional a dar c\u00e1tedra de robar adecuadamente. \u201cEsa mala imagen es lapidaria para la Democracia y para quienes s\u00ed est\u00e1n interesados en llegar a la pol\u00edtica y trabajar por el pa\u00eds\u201d<\/span><\/span>.<span style=\"font-family:arial,sans-serif;\"><span style=\"font-size:12.0pt;\"><\/span><\/span><\/p>\n","protected":false},"excerpt":{"rendered":"<p>&nbsp;El 25 de agosto, nuestra directora Ruth Hidalgo, mantuvo un di\u00e1logo con el periodista Miguel Rivadeneira y otros invitados en un panel de Radio Democracia, en el que analiz\u00f3 la situaci\u00f3n actual de la Asamblea Nacional en medio de denuncias contra dos asamble\u00edstas. \u201cLo que ahora sucede en el Parlamento habla de temas estructurales que [&hellip;]<\/p>\n","protected":false},"author":1,"featured_media":0,"comment_status":"open","ping_status":"open","sticky":false,"template":"","format":"standard","meta":{"site-sidebar-layout":"default","site-content-layout":"","ast-site-content-layout":"default","site-content-style":"default","site-sidebar-style":"default","ast-global-header-display":"","ast-banner-title-visibility":"","ast-main-header-display":"","ast-hfb-above-header-display":"","ast-hfb-below-header-display":"","ast-hfb-mobile-header-display":"","site-post-title":"","ast-breadcrumbs-content":"","ast-featured-img":"","footer-sml-layout":"","ast-disable-related-posts":"","theme-transparent-header-meta":"","adv-header-id-meta":"","stick-header-meta":"","header-above-stick-meta":"","header-main-stick-meta":"","header-below-stick-meta":"","astra-migrate-meta-layouts":"default","ast-page-background-enabled":"default","ast-page-background-meta":{"desktop":{"background-color":"","background-image":"","background-repeat":"repeat","background-position":"center center","background-size":"auto","background-attachment":"scroll","background-type":"","background-media":"","overlay-type":"","overlay-color":"","overlay-opacity":"","overlay-gradient":""},"tablet":{"background-color":"","background-image":"","background-repeat":"repeat","background-position":"center center","background-size":"auto","background-attachment":"scroll","background-type":"","background-media":"","overlay-type":"","overlay-color":"","overlay-opacity":"","overlay-gradient":""},"mobile":{"background-color":"","background-image":"","background-repeat":"repeat","background-position":"center center","background-size":"auto","background-attachment":"scroll","background-type":"","background-media":"","overlay-type":"","overlay-color":"","overlay-opacity":"","overlay-gradient":""}},"ast-content-background-meta":{"desktop":{"background-color":"var(--ast-global-color-5)","background-image":"","background-repeat":"repeat","background-position":"center center","background-size":"auto","background-attachment":"scroll","background-type":"","background-media":"","overlay-type":"","overlay-color":"","overlay-opacity":"","overlay-gradient":""},"tablet":{"background-color":"var(--ast-global-color-5)","background-image":"","background-repeat":"repeat","background-position":"center center","background-size":"auto","background-attachment":"scroll","background-type":"","background-media":"","overlay-type":"","overlay-color":"","overlay-opacity":"","overlay-gradient":""},"mobile":{"background-color":"var(--ast-global-color-5)","background-image":"","background-repeat":"repeat","background-position":"center center","background-size":"auto","background-attachment":"scroll","background-type":"","background-media":"","overlay-type":"","overlay-color":"","overlay-opacity":"","overlay-gradient":""}},"_joinchat":[],"footnotes":""},"categories":[16],"tags":[],"class_list":["post-2320","post","type-post","status-publish","format-standard","hentry","category-actualidad"],"yoast_head":"<!-- This site is optimized with the Yoast SEO plugin v26.5 - https:\/\/yoast.com\/wordpress\/plugins\/seo\/ -->\n<title>&quot;Para llegar a la Asamblea no solo se requiere t\u00edtulos acad\u00e9micos, sino tambi\u00e9n trayectoria \u00e9tica&quot; - Participaci\u00f3n Ciudadana<\/title>\n<meta name=\"robots\" content=\"index, follow, max-snippet:-1, max-image-preview:large, max-video-preview:-1\" \/>\n<link rel=\"canonical\" href=\"https:\/\/www.participacionciudadana.org\/web\/2021\/08\/27\/para-llegar-a-la-asamblea-no-solo-se-requiere-titulos-academicos-sino-tambien-trayectoria-etica\/\" \/>\n<meta property=\"og:locale\" content=\"es_ES\" \/>\n<meta property=\"og:type\" content=\"article\" \/>\n<meta property=\"og:title\" content=\"&quot;Para llegar a la Asamblea no solo se requiere t\u00edtulos acad\u00e9micos, sino tambi\u00e9n trayectoria \u00e9tica&quot; - Participaci\u00f3n Ciudadana\" \/>\n<meta property=\"og:description\" content=\"&nbsp;El 25 de agosto, nuestra directora Ruth Hidalgo, mantuvo un di\u00e1logo con el periodista Miguel Rivadeneira y otros invitados en un panel de Radio Democracia, en el que analiz\u00f3 la situaci\u00f3n actual de la Asamblea Nacional en medio de denuncias contra dos asamble\u00edstas. \u201cLo que ahora sucede en el Parlamento habla de temas estructurales que [&hellip;]\" \/>\n<meta property=\"og:url\" content=\"https:\/\/www.participacionciudadana.org\/web\/2021\/08\/27\/para-llegar-a-la-asamblea-no-solo-se-requiere-titulos-academicos-sino-tambien-trayectoria-etica\/\" \/>\n<meta property=\"og:site_name\" content=\"Participaci\u00f3n Ciudadana\" \/>\n<meta property=\"article:publisher\" content=\"https:\/\/www.facebook.com\/ParticipacionPC\/\" \/>\n<meta property=\"article:published_time\" content=\"2021-08-27T16:43:26+00:00\" \/>\n<meta name=\"author\" content=\"auzfabian\" \/>\n<meta name=\"twitter:card\" content=\"summary_large_image\" \/>\n<meta name=\"twitter:creator\" content=\"@ParticipacionPC\" \/>\n<meta name=\"twitter:site\" content=\"@ParticipacionPC\" \/>\n<meta name=\"twitter:label1\" content=\"Escrito por\" \/>\n\t<meta name=\"twitter:data1\" content=\"auzfabian\" \/>\n\t<meta name=\"twitter:label2\" content=\"Tiempo de lectura\" \/>\n\t<meta name=\"twitter:data2\" content=\"1 minuto\" \/>\n<script type=\"application\/ld+json\" class=\"yoast-schema-graph\">{\"@context\":\"https:\/\/schema.org\",\"@graph\":[{\"@type\":\"Article\",\"@id\":\"https:\/\/www.participacionciudadana.org\/web\/2021\/08\/27\/para-llegar-a-la-asamblea-no-solo-se-requiere-titulos-academicos-sino-tambien-trayectoria-etica\/#article\",\"isPartOf\":{\"@id\":\"https:\/\/www.participacionciudadana.org\/web\/2021\/08\/27\/para-llegar-a-la-asamblea-no-solo-se-requiere-titulos-academicos-sino-tambien-trayectoria-etica\/\"},\"author\":{\"name\":\"auzfabian\",\"@id\":\"https:\/\/www.participacionciudadana.org\/web\/#\/schema\/person\/67ded4b29f4c10d217a0e025340d23ea\"},\"headline\":\"&#8220;Para llegar a la Asamblea no solo se requiere t\u00edtulos acad\u00e9micos, sino tambi\u00e9n trayectoria \u00e9tica&#8221;\",\"datePublished\":\"2021-08-27T16:43:26+00:00\",\"mainEntityOfPage\":{\"@id\":\"https:\/\/www.participacionciudadana.org\/web\/2021\/08\/27\/para-llegar-a-la-asamblea-no-solo-se-requiere-titulos-academicos-sino-tambien-trayectoria-etica\/\"},\"wordCount\":257,\"commentCount\":0,\"publisher\":{\"@id\":\"https:\/\/www.participacionciudadana.org\/web\/#organization\"},\"articleSection\":[\"Actualidad\"],\"inLanguage\":\"es\",\"potentialAction\":[{\"@type\":\"CommentAction\",\"name\":\"Comment\",\"target\":[\"https:\/\/www.participacionciudadana.org\/web\/2021\/08\/27\/para-llegar-a-la-asamblea-no-solo-se-requiere-titulos-academicos-sino-tambien-trayectoria-etica\/#respond\"]}]},{\"@type\":\"WebPage\",\"@id\":\"https:\/\/www.participacionciudadana.org\/web\/2021\/08\/27\/para-llegar-a-la-asamblea-no-solo-se-requiere-titulos-academicos-sino-tambien-trayectoria-etica\/\",\"url\":\"https:\/\/www.participacionciudadana.org\/web\/2021\/08\/27\/para-llegar-a-la-asamblea-no-solo-se-requiere-titulos-academicos-sino-tambien-trayectoria-etica\/\",\"name\":\"\\\"Para llegar a la Asamblea no solo se requiere t\u00edtulos acad\u00e9micos, sino tambi\u00e9n trayectoria \u00e9tica\\\" - Participaci\u00f3n Ciudadana\",\"isPartOf\":{\"@id\":\"https:\/\/www.participacionciudadana.org\/web\/#website\"},\"datePublished\":\"2021-08-27T16:43:26+00:00\",\"breadcrumb\":{\"@id\":\"https:\/\/www.participacionciudadana.org\/web\/2021\/08\/27\/para-llegar-a-la-asamblea-no-solo-se-requiere-titulos-academicos-sino-tambien-trayectoria-etica\/#breadcrumb\"},\"inLanguage\":\"es\",\"potentialAction\":[{\"@type\":\"ReadAction\",\"target\":[\"https:\/\/www.participacionciudadana.org\/web\/2021\/08\/27\/para-llegar-a-la-asamblea-no-solo-se-requiere-titulos-academicos-sino-tambien-trayectoria-etica\/\"]}]},{\"@type\":\"BreadcrumbList\",\"@id\":\"https:\/\/www.participacionciudadana.org\/web\/2021\/08\/27\/para-llegar-a-la-asamblea-no-solo-se-requiere-titulos-academicos-sino-tambien-trayectoria-etica\/#breadcrumb\",\"itemListElement\":[{\"@type\":\"ListItem\",\"position\":1,\"name\":\"Portada\",\"item\":\"https:\/\/www.participacionciudadana.org\/web\/\"},{\"@type\":\"ListItem\",\"position\":2,\"name\":\"&#8220;Para llegar a la Asamblea no solo se requiere t\u00edtulos acad\u00e9micos, sino tambi\u00e9n trayectoria \u00e9tica&#8221;\"}]},{\"@type\":\"WebSite\",\"@id\":\"https:\/\/www.participacionciudadana.org\/web\/#website\",\"url\":\"https:\/\/www.participacionciudadana.org\/web\/\",\"name\":\"Participaci\u00f3n Ciudadana\",\"description\":\"Comprometidos con la democracia\",\"publisher\":{\"@id\":\"https:\/\/www.participacionciudadana.org\/web\/#organization\"},\"potentialAction\":[{\"@type\":\"SearchAction\",\"target\":{\"@type\":\"EntryPoint\",\"urlTemplate\":\"https:\/\/www.participacionciudadana.org\/web\/?s={search_term_string}\"},\"query-input\":{\"@type\":\"PropertyValueSpecification\",\"valueRequired\":true,\"valueName\":\"search_term_string\"}}],\"inLanguage\":\"es\"},{\"@type\":\"Organization\",\"@id\":\"https:\/\/www.participacionciudadana.org\/web\/#organization\",\"name\":\"Participaci\u00f3n Ciudadana\",\"url\":\"https:\/\/www.participacionciudadana.org\/web\/\",\"logo\":{\"@type\":\"ImageObject\",\"inLanguage\":\"es\",\"@id\":\"https:\/\/www.participacionciudadana.org\/web\/#\/schema\/logo\/image\/\",\"url\":\"https:\/\/www.participacionciudadana.org\/web\/wp-content\/uploads\/2021\/11\/cropped-logo_pc-1.png\",\"contentUrl\":\"https:\/\/www.participacionciudadana.org\/web\/wp-content\/uploads\/2021\/11\/cropped-logo_pc-1.png\",\"width\":340,\"height\":114,\"caption\":\"Participaci\u00f3n Ciudadana\"},\"image\":{\"@id\":\"https:\/\/www.participacionciudadana.org\/web\/#\/schema\/logo\/image\/\"},\"sameAs\":[\"https:\/\/www.facebook.com\/ParticipacionPC\/\",\"https:\/\/x.com\/ParticipacionPC\"]},{\"@type\":\"Person\",\"@id\":\"https:\/\/www.participacionciudadana.org\/web\/#\/schema\/person\/67ded4b29f4c10d217a0e025340d23ea\",\"name\":\"auzfabian\",\"image\":{\"@type\":\"ImageObject\",\"inLanguage\":\"es\",\"@id\":\"https:\/\/www.participacionciudadana.org\/web\/#\/schema\/person\/image\/\",\"url\":\"https:\/\/secure.gravatar.com\/avatar\/b07eacb2fae81fba8818d35abde16f5d26c3e833d77fabbeeb8d53523e796bde?s=96&d=mm&r=g\",\"contentUrl\":\"https:\/\/secure.gravatar.com\/avatar\/b07eacb2fae81fba8818d35abde16f5d26c3e833d77fabbeeb8d53523e796bde?s=96&d=mm&r=g\",\"caption\":\"auzfabian\"},\"sameAs\":[\"https:\/\/www.participacionciudadana.org\/web\"],\"url\":\"https:\/\/www.participacionciudadana.org\/web\/author\/auzfabian\/\"}]}<\/script>\n<!-- \/ Yoast SEO plugin. -->","yoast_head_json":{"title":"\"Para llegar a la Asamblea no solo se requiere t\u00edtulos acad\u00e9micos, sino tambi\u00e9n trayectoria \u00e9tica\" - Participaci\u00f3n Ciudadana","robots":{"index":"index","follow":"follow","max-snippet":"max-snippet:-1","max-image-preview":"max-image-preview:large","max-video-preview":"max-video-preview:-1"},"canonical":"https:\/\/www.participacionciudadana.org\/web\/2021\/08\/27\/para-llegar-a-la-asamblea-no-solo-se-requiere-titulos-academicos-sino-tambien-trayectoria-etica\/","og_locale":"es_ES","og_type":"article","og_title":"\"Para llegar a la Asamblea no solo se requiere t\u00edtulos acad\u00e9micos, sino tambi\u00e9n trayectoria \u00e9tica\" - Participaci\u00f3n Ciudadana","og_description":"&nbsp;El 25 de agosto, nuestra directora Ruth Hidalgo, mantuvo un di\u00e1logo con el periodista Miguel Rivadeneira y otros invitados en un panel de Radio Democracia, en el que analiz\u00f3 la situaci\u00f3n actual de la Asamblea Nacional en medio de denuncias contra dos asamble\u00edstas. \u201cLo que ahora sucede en el Parlamento habla de temas estructurales que [&hellip;]","og_url":"https:\/\/www.participacionciudadana.org\/web\/2021\/08\/27\/para-llegar-a-la-asamblea-no-solo-se-requiere-titulos-academicos-sino-tambien-trayectoria-etica\/","og_site_name":"Participaci\u00f3n Ciudadana","article_publisher":"https:\/\/www.facebook.com\/ParticipacionPC\/","article_published_time":"2021-08-27T16:43:26+00:00","author":"auzfabian","twitter_card":"summary_large_image","twitter_creator":"@ParticipacionPC","twitter_site":"@ParticipacionPC","twitter_misc":{"Escrito por":"auzfabian","Tiempo de lectura":"1 minuto"},"schema":{"@context":"https:\/\/schema.org","@graph":[{"@type":"Article","@id":"https:\/\/www.participacionciudadana.org\/web\/2021\/08\/27\/para-llegar-a-la-asamblea-no-solo-se-requiere-titulos-academicos-sino-tambien-trayectoria-etica\/#article","isPartOf":{"@id":"https:\/\/www.participacionciudadana.org\/web\/2021\/08\/27\/para-llegar-a-la-asamblea-no-solo-se-requiere-titulos-academicos-sino-tambien-trayectoria-etica\/"},"author":{"name":"auzfabian","@id":"https:\/\/www.participacionciudadana.org\/web\/#\/schema\/person\/67ded4b29f4c10d217a0e025340d23ea"},"headline":"&#8220;Para llegar a la Asamblea no solo se requiere t\u00edtulos acad\u00e9micos, sino tambi\u00e9n trayectoria \u00e9tica&#8221;","datePublished":"2021-08-27T16:43:26+00:00","mainEntityOfPage":{"@id":"https:\/\/www.participacionciudadana.org\/web\/2021\/08\/27\/para-llegar-a-la-asamblea-no-solo-se-requiere-titulos-academicos-sino-tambien-trayectoria-etica\/"},"wordCount":257,"commentCount":0,"publisher":{"@id":"https:\/\/www.participacionciudadana.org\/web\/#organization"},"articleSection":["Actualidad"],"inLanguage":"es","potentialAction":[{"@type":"CommentAction","name":"Comment","target":["https:\/\/www.participacionciudadana.org\/web\/2021\/08\/27\/para-llegar-a-la-asamblea-no-solo-se-requiere-titulos-academicos-sino-tambien-trayectoria-etica\/#respond"]}]},{"@type":"WebPage","@id":"https:\/\/www.participacionciudadana.org\/web\/2021\/08\/27\/para-llegar-a-la-asamblea-no-solo-se-requiere-titulos-academicos-sino-tambien-trayectoria-etica\/","url":"https:\/\/www.participacionciudadana.org\/web\/2021\/08\/27\/para-llegar-a-la-asamblea-no-solo-se-requiere-titulos-academicos-sino-tambien-trayectoria-etica\/","name":"\"Para llegar a la Asamblea no solo se requiere t\u00edtulos acad\u00e9micos, sino tambi\u00e9n trayectoria \u00e9tica\" - Participaci\u00f3n Ciudadana","isPartOf":{"@id":"https:\/\/www.participacionciudadana.org\/web\/#website"},"datePublished":"2021-08-27T16:43:26+00:00","breadcrumb":{"@id":"https:\/\/www.participacionciudadana.org\/web\/2021\/08\/27\/para-llegar-a-la-asamblea-no-solo-se-requiere-titulos-academicos-sino-tambien-trayectoria-etica\/#breadcrumb"},"inLanguage":"es","potentialAction":[{"@type":"ReadAction","target":["https:\/\/www.participacionciudadana.org\/web\/2021\/08\/27\/para-llegar-a-la-asamblea-no-solo-se-requiere-titulos-academicos-sino-tambien-trayectoria-etica\/"]}]},{"@type":"BreadcrumbList","@id":"https:\/\/www.participacionciudadana.org\/web\/2021\/08\/27\/para-llegar-a-la-asamblea-no-solo-se-requiere-titulos-academicos-sino-tambien-trayectoria-etica\/#breadcrumb","itemListElement":[{"@type":"ListItem","position":1,"name":"Portada","item":"https:\/\/www.participacionciudadana.org\/web\/"},{"@type":"ListItem","position":2,"name":"&#8220;Para llegar a la Asamblea no solo se requiere t\u00edtulos acad\u00e9micos, sino tambi\u00e9n trayectoria \u00e9tica&#8221;"}]},{"@type":"WebSite","@id":"https:\/\/www.participacionciudadana.org\/web\/#website","url":"https:\/\/www.participacionciudadana.org\/web\/","name":"Participaci\u00f3n Ciudadana","description":"Comprometidos con la democracia","publisher":{"@id":"https:\/\/www.participacionciudadana.org\/web\/#organization"},"potentialAction":[{"@type":"SearchAction","target":{"@type":"EntryPoint","urlTemplate":"https:\/\/www.participacionciudadana.org\/web\/?s={search_term_string}"},"query-input":{"@type":"PropertyValueSpecification","valueRequired":true,"valueName":"search_term_string"}}],"inLanguage":"es"},{"@type":"Organization","@id":"https:\/\/www.participacionciudadana.org\/web\/#organization","name":"Participaci\u00f3n Ciudadana","url":"https:\/\/www.participacionciudadana.org\/web\/","logo":{"@type":"ImageObject","inLanguage":"es","@id":"https:\/\/www.participacionciudadana.org\/web\/#\/schema\/logo\/image\/","url":"https:\/\/www.participacionciudadana.org\/web\/wp-content\/uploads\/2021\/11\/cropped-logo_pc-1.png","contentUrl":"https:\/\/www.participacionciudadana.org\/web\/wp-content\/uploads\/2021\/11\/cropped-logo_pc-1.png","width":340,"height":114,"caption":"Participaci\u00f3n Ciudadana"},"image":{"@id":"https:\/\/www.participacionciudadana.org\/web\/#\/schema\/logo\/image\/"},"sameAs":["https:\/\/www.facebook.com\/ParticipacionPC\/","https:\/\/x.com\/ParticipacionPC"]},{"@type":"Person","@id":"https:\/\/www.participacionciudadana.org\/web\/#\/schema\/person\/67ded4b29f4c10d217a0e025340d23ea","name":"auzfabian","image":{"@type":"ImageObject","inLanguage":"es","@id":"https:\/\/www.participacionciudadana.org\/web\/#\/schema\/person\/image\/","url":"https:\/\/secure.gravatar.com\/avatar\/b07eacb2fae81fba8818d35abde16f5d26c3e833d77fabbeeb8d53523e796bde?s=96&d=mm&r=g","contentUrl":"https:\/\/secure.gravatar.com\/avatar\/b07eacb2fae81fba8818d35abde16f5d26c3e833d77fabbeeb8d53523e796bde?s=96&d=mm&r=g","caption":"auzfabian"},"sameAs":["https:\/\/www.participacionciudadana.org\/web"],"url":"https:\/\/www.participacionciudadana.org\/web\/author\/auzfabian\/"}]}},"_links":{"self":[{"href":"https:\/\/www.participacionciudadana.org\/web\/wp-json\/wp\/v2\/posts\/2320","targetHints":{"allow":["GET"]}}],"collection":[{"href":"https:\/\/www.participacionciudadana.org\/web\/wp-json\/wp\/v2\/posts"}],"about":[{"href":"https:\/\/www.participacionciudadana.org\/web\/wp-json\/wp\/v2\/types\/post"}],"author":[{"embeddable":true,"href":"https:\/\/www.participacionciudadana.org\/web\/wp-json\/wp\/v2\/users\/1"}],"replies":[{"embeddable":true,"href":"https:\/\/www.participacionciudadana.org\/web\/wp-json\/wp\/v2\/comments?post=2320"}],"version-history":[{"count":0,"href":"https:\/\/www.participacionciudadana.org\/web\/wp-json\/wp\/v2\/posts\/2320\/revisions"}],"wp:attachment":[{"href":"https:\/\/www.participacionciudadana.org\/web\/wp-json\/wp\/v2\/media?parent=2320"}],"wp:term":[{"taxonomy":"category","embeddable":true,"href":"https:\/\/www.participacionciudadana.org\/web\/wp-json\/wp\/v2\/categories?post=2320"},{"taxonomy":"post_tag","embeddable":true,"href":"https:\/\/www.participacionciudadana.org\/web\/wp-json\/wp\/v2\/tags?post=2320"}],"curies":[{"name":"wp","href":"https:\/\/api.w.org\/{rel}","templated":true}]}}