{"id":2324,"date":"2021-09-01T12:57:44","date_gmt":"2021-09-01T17:57:44","guid":{"rendered":"https:\/\/www.participacionciudadana.org\/web\/2021\/09\/01\/pc-presenta-su-publicacion-bimensual-pensando-en-democracia-con-apoyo-de-la-george-washington\/"},"modified":"2021-09-01T12:57:44","modified_gmt":"2021-09-01T17:57:44","slug":"pc-presenta-su-publicacion-bimensual-pensando-en-democracia-con-apoyo-de-la-george-washington","status":"publish","type":"post","link":"https:\/\/www.participacionciudadana.org\/web\/2021\/09\/01\/pc-presenta-su-publicacion-bimensual-pensando-en-democracia-con-apoyo-de-la-george-washington\/","title":{"rendered":"PC presenta su publicaci\u00f3n bimensual &#8220;Pensando en Democracia&#8221; con apoyo de la U. George Washington"},"content":{"rendered":"<p>Corporaci\u00f3n Participaci\u00f3n Ciudadana, presenta este 1 de septiembre la revista virtual &#8220;Pensando en Democracia&#8221;, una iniciativa de an\u00e1lisis de la coyuntura nacional para aportar al&nbsp;debate&nbsp;sobre las propuestas de trabajo del Gobierno y de la Asamblea Nacional, con miras a la construcci\u00f3n de las pol\u00edticas p\u00fablicas que mejoren la calidad de vida de los ecuatorianos.<\/p>\n<p>En esta primera edici\u00f3n, entregamos tres an\u00e1lisis realizados por la Escuela de Graduados de la Gesti\u00f3n Pol\u00edtica de la Universidad George Washington sobre los primeras semanas de gobierno del presidente Guillermo Lasso, c\u00f3mo han sido sus discursos y los retos que debe enfrentar junto con el gabinete de ministros. Adem\u00e1s, dos an\u00e1lisis concretos de la nueva propuesta de Ley de Comunicaci\u00f3n y de la Ley de Violencia Digital, elaborados por el equipo t\u00e9cnico de nuestra organizaci\u00f3n.&nbsp;&#8220;Pensando en Democracia&#8221;, se publicar\u00e1 virtualmente cada dos meses.<\/p>\n<p>&nbsp;<\/p>\n<p><img decoding=\"async\" class=\" size-full wp-image-2197\" data-dropfilesfile=\"65\" data-dropfilesfilecategory=\"25\" data-file=\"65\" src=\"https:\/\/www.participacionciudadana.org\/web\/wp-content\/uploads\/2021\/01\/t.gif\" style=\"background: url(\/components\/com_dropfiles\/assets\/images\/file_download.png) no-repeat scroll center center #444444;height: 100px;border-radius: 10px;width: 99%;\" width=\"1\" height=\"1\" \/><\/p>\n","protected":false},"excerpt":{"rendered":"<p>Corporaci\u00f3n Participaci\u00f3n Ciudadana, presenta este 1 de septiembre la revista virtual &#8220;Pensando en Democracia&#8221;, una iniciativa de an\u00e1lisis de la coyuntura nacional para aportar al&nbsp;debate&nbsp;sobre las propuestas de trabajo del Gobierno y de la Asamblea Nacional, con miras a la construcci\u00f3n de las pol\u00edticas p\u00fablicas que mejoren la calidad de vida de los ecuatorianos. En [&hellip;]<\/p>\n","protected":false},"author":1,"featured_media":2197,"comment_status":"open","ping_status":"open","sticky":false,"template":"","format":"standard","meta":{"site-sidebar-layout":"default","site-content-layout":"","ast-site-content-layout":"default","site-content-style":"default","site-sidebar-style":"default","ast-global-header-display":"","ast-banner-title-visibility":"","ast-main-header-display":"","ast-hfb-above-header-display":"","ast-hfb-below-header-display":"","ast-hfb-mobile-header-display":"","site-post-title":"","ast-breadcrumbs-content":"","ast-featured-img":"","footer-sml-layout":"","ast-disable-related-posts":"","theme-transparent-header-meta":"","adv-header-id-meta":"","stick-header-meta":"","header-above-stick-meta":"","header-main-stick-meta":"","header-below-stick-meta":"","astra-migrate-meta-layouts":"default","ast-page-background-enabled":"default","ast-page-background-meta":{"desktop":{"background-color":"","background-image":"","background-repeat":"repeat","background-position":"center center","background-size":"auto","background-attachment":"scroll","background-type":"","background-media":"","overlay-type":"","overlay-color":"","overlay-opacity":"","overlay-gradient":""},"tablet":{"background-color":"","background-image":"","background-repeat":"repeat","background-position":"center center","background-size":"auto","background-attachment":"scroll","background-type":"","background-media":"","overlay-type":"","overlay-color":"","overlay-opacity":"","overlay-gradient":""},"mobile":{"background-color":"","background-image":"","background-repeat":"repeat","background-position":"center center","background-size":"auto","background-attachment":"scroll","background-type":"","background-media":"","overlay-type":"","overlay-color":"","overlay-opacity":"","overlay-gradient":""}},"ast-content-background-meta":{"desktop":{"background-color":"var(--ast-global-color-5)","background-image":"","background-repeat":"repeat","background-position":"center center","background-size":"auto","background-attachment":"scroll","background-type":"","background-media":"","overlay-type":"","overlay-color":"","overlay-opacity":"","overlay-gradient":""},"tablet":{"background-color":"var(--ast-global-color-5)","background-image":"","background-repeat":"repeat","background-position":"center center","background-size":"auto","background-attachment":"scroll","background-type":"","background-media":"","overlay-type":"","overlay-color":"","overlay-opacity":"","overlay-gradient":""},"mobile":{"background-color":"var(--ast-global-color-5)","background-image":"","background-repeat":"repeat","background-position":"center center","background-size":"auto","background-attachment":"scroll","background-type":"","background-media":"","overlay-type":"","overlay-color":"","overlay-opacity":"","overlay-gradient":""}},"_joinchat":[],"footnotes":""},"categories":[16],"tags":[],"class_list":["post-2324","post","type-post","status-publish","format-standard","has-post-thumbnail","hentry","category-actualidad"],"yoast_head":"<!-- This site is optimized with the Yoast SEO plugin v26.5 - https:\/\/yoast.com\/wordpress\/plugins\/seo\/ -->\n<title>PC presenta su publicaci\u00f3n bimensual &quot;Pensando en Democracia&quot; con apoyo de la U. George Washington - Participaci\u00f3n Ciudadana<\/title>\n<meta name=\"robots\" content=\"index, follow, max-snippet:-1, max-image-preview:large, max-video-preview:-1\" \/>\n<link rel=\"canonical\" href=\"https:\/\/www.participacionciudadana.org\/web\/2021\/09\/01\/pc-presenta-su-publicacion-bimensual-pensando-en-democracia-con-apoyo-de-la-george-washington\/\" \/>\n<meta property=\"og:locale\" content=\"es_ES\" \/>\n<meta property=\"og:type\" content=\"article\" \/>\n<meta property=\"og:title\" content=\"PC presenta su publicaci\u00f3n bimensual &quot;Pensando en Democracia&quot; con apoyo de la U. George Washington - Participaci\u00f3n Ciudadana\" \/>\n<meta property=\"og:description\" content=\"Corporaci\u00f3n Participaci\u00f3n Ciudadana, presenta este 1 de septiembre la revista virtual &#8220;Pensando en Democracia&#8221;, una iniciativa de an\u00e1lisis de la coyuntura nacional para aportar al&nbsp;debate&nbsp;sobre las propuestas de trabajo del Gobierno y de la Asamblea Nacional, con miras a la construcci\u00f3n de las pol\u00edticas p\u00fablicas que mejoren la calidad de vida de los ecuatorianos. En [&hellip;]\" \/>\n<meta property=\"og:url\" content=\"https:\/\/www.participacionciudadana.org\/web\/2021\/09\/01\/pc-presenta-su-publicacion-bimensual-pensando-en-democracia-con-apoyo-de-la-george-washington\/\" \/>\n<meta property=\"og:site_name\" content=\"Participaci\u00f3n Ciudadana\" \/>\n<meta property=\"article:publisher\" content=\"https:\/\/www.facebook.com\/ParticipacionPC\/\" \/>\n<meta property=\"article:published_time\" content=\"2021-09-01T17:57:44+00:00\" \/>\n<meta property=\"og:image\" content=\"https:\/\/www.participacionciudadana.org\/web\/wp-content\/uploads\/2021\/01\/t.gif\" \/>\n\t<meta property=\"og:image:width\" content=\"1\" \/>\n\t<meta property=\"og:image:height\" content=\"1\" \/>\n\t<meta property=\"og:image:type\" content=\"image\/gif\" \/>\n<meta name=\"author\" content=\"auzfabian\" \/>\n<meta name=\"twitter:card\" content=\"summary_large_image\" \/>\n<meta name=\"twitter:creator\" content=\"@ParticipacionPC\" \/>\n<meta name=\"twitter:site\" content=\"@ParticipacionPC\" \/>\n<meta name=\"twitter:label1\" content=\"Escrito por\" \/>\n\t<meta name=\"twitter:data1\" content=\"auzfabian\" \/>\n\t<meta name=\"twitter:label2\" content=\"Tiempo de lectura\" \/>\n\t<meta name=\"twitter:data2\" content=\"1 minuto\" \/>\n<script type=\"application\/ld+json\" class=\"yoast-schema-graph\">{\"@context\":\"https:\/\/schema.org\",\"@graph\":[{\"@type\":\"Article\",\"@id\":\"https:\/\/www.participacionciudadana.org\/web\/2021\/09\/01\/pc-presenta-su-publicacion-bimensual-pensando-en-democracia-con-apoyo-de-la-george-washington\/#article\",\"isPartOf\":{\"@id\":\"https:\/\/www.participacionciudadana.org\/web\/2021\/09\/01\/pc-presenta-su-publicacion-bimensual-pensando-en-democracia-con-apoyo-de-la-george-washington\/\"},\"author\":{\"name\":\"auzfabian\",\"@id\":\"https:\/\/www.participacionciudadana.org\/web\/#\/schema\/person\/67ded4b29f4c10d217a0e025340d23ea\"},\"headline\":\"PC presenta su publicaci\u00f3n bimensual &#8220;Pensando en Democracia&#8221; con apoyo de la U. George Washington\",\"datePublished\":\"2021-09-01T17:57:44+00:00\",\"mainEntityOfPage\":{\"@id\":\"https:\/\/www.participacionciudadana.org\/web\/2021\/09\/01\/pc-presenta-su-publicacion-bimensual-pensando-en-democracia-con-apoyo-de-la-george-washington\/\"},\"wordCount\":176,\"commentCount\":0,\"publisher\":{\"@id\":\"https:\/\/www.participacionciudadana.org\/web\/#organization\"},\"image\":{\"@id\":\"https:\/\/www.participacionciudadana.org\/web\/2021\/09\/01\/pc-presenta-su-publicacion-bimensual-pensando-en-democracia-con-apoyo-de-la-george-washington\/#primaryimage\"},\"thumbnailUrl\":\"https:\/\/www.participacionciudadana.org\/web\/wp-content\/uploads\/2021\/01\/t.gif\",\"articleSection\":[\"Actualidad\"],\"inLanguage\":\"es\",\"potentialAction\":[{\"@type\":\"CommentAction\",\"name\":\"Comment\",\"target\":[\"https:\/\/www.participacionciudadana.org\/web\/2021\/09\/01\/pc-presenta-su-publicacion-bimensual-pensando-en-democracia-con-apoyo-de-la-george-washington\/#respond\"]}]},{\"@type\":\"WebPage\",\"@id\":\"https:\/\/www.participacionciudadana.org\/web\/2021\/09\/01\/pc-presenta-su-publicacion-bimensual-pensando-en-democracia-con-apoyo-de-la-george-washington\/\",\"url\":\"https:\/\/www.participacionciudadana.org\/web\/2021\/09\/01\/pc-presenta-su-publicacion-bimensual-pensando-en-democracia-con-apoyo-de-la-george-washington\/\",\"name\":\"PC presenta su publicaci\u00f3n bimensual \\\"Pensando en Democracia\\\" con apoyo de la U. George Washington - Participaci\u00f3n Ciudadana\",\"isPartOf\":{\"@id\":\"https:\/\/www.participacionciudadana.org\/web\/#website\"},\"primaryImageOfPage\":{\"@id\":\"https:\/\/www.participacionciudadana.org\/web\/2021\/09\/01\/pc-presenta-su-publicacion-bimensual-pensando-en-democracia-con-apoyo-de-la-george-washington\/#primaryimage\"},\"image\":{\"@id\":\"https:\/\/www.participacionciudadana.org\/web\/2021\/09\/01\/pc-presenta-su-publicacion-bimensual-pensando-en-democracia-con-apoyo-de-la-george-washington\/#primaryimage\"},\"thumbnailUrl\":\"https:\/\/www.participacionciudadana.org\/web\/wp-content\/uploads\/2021\/01\/t.gif\",\"datePublished\":\"2021-09-01T17:57:44+00:00\",\"breadcrumb\":{\"@id\":\"https:\/\/www.participacionciudadana.org\/web\/2021\/09\/01\/pc-presenta-su-publicacion-bimensual-pensando-en-democracia-con-apoyo-de-la-george-washington\/#breadcrumb\"},\"inLanguage\":\"es\",\"potentialAction\":[{\"@type\":\"ReadAction\",\"target\":[\"https:\/\/www.participacionciudadana.org\/web\/2021\/09\/01\/pc-presenta-su-publicacion-bimensual-pensando-en-democracia-con-apoyo-de-la-george-washington\/\"]}]},{\"@type\":\"ImageObject\",\"inLanguage\":\"es\",\"@id\":\"https:\/\/www.participacionciudadana.org\/web\/2021\/09\/01\/pc-presenta-su-publicacion-bimensual-pensando-en-democracia-con-apoyo-de-la-george-washington\/#primaryimage\",\"url\":\"https:\/\/www.participacionciudadana.org\/web\/wp-content\/uploads\/2021\/01\/t.gif\",\"contentUrl\":\"https:\/\/www.participacionciudadana.org\/web\/wp-content\/uploads\/2021\/01\/t.gif\",\"width\":1,\"height\":1},{\"@type\":\"BreadcrumbList\",\"@id\":\"https:\/\/www.participacionciudadana.org\/web\/2021\/09\/01\/pc-presenta-su-publicacion-bimensual-pensando-en-democracia-con-apoyo-de-la-george-washington\/#breadcrumb\",\"itemListElement\":[{\"@type\":\"ListItem\",\"position\":1,\"name\":\"Portada\",\"item\":\"https:\/\/www.participacionciudadana.org\/web\/\"},{\"@type\":\"ListItem\",\"position\":2,\"name\":\"PC presenta su publicaci\u00f3n bimensual &#8220;Pensando en Democracia&#8221; con apoyo de la U. George Washington\"}]},{\"@type\":\"WebSite\",\"@id\":\"https:\/\/www.participacionciudadana.org\/web\/#website\",\"url\":\"https:\/\/www.participacionciudadana.org\/web\/\",\"name\":\"Participaci\u00f3n Ciudadana\",\"description\":\"Comprometidos con la democracia\",\"publisher\":{\"@id\":\"https:\/\/www.participacionciudadana.org\/web\/#organization\"},\"potentialAction\":[{\"@type\":\"SearchAction\",\"target\":{\"@type\":\"EntryPoint\",\"urlTemplate\":\"https:\/\/www.participacionciudadana.org\/web\/?s={search_term_string}\"},\"query-input\":{\"@type\":\"PropertyValueSpecification\",\"valueRequired\":true,\"valueName\":\"search_term_string\"}}],\"inLanguage\":\"es\"},{\"@type\":\"Organization\",\"@id\":\"https:\/\/www.participacionciudadana.org\/web\/#organization\",\"name\":\"Participaci\u00f3n Ciudadana\",\"url\":\"https:\/\/www.participacionciudadana.org\/web\/\",\"logo\":{\"@type\":\"ImageObject\",\"inLanguage\":\"es\",\"@id\":\"https:\/\/www.participacionciudadana.org\/web\/#\/schema\/logo\/image\/\",\"url\":\"https:\/\/www.participacionciudadana.org\/web\/wp-content\/uploads\/2021\/11\/cropped-logo_pc-1.png\",\"contentUrl\":\"https:\/\/www.participacionciudadana.org\/web\/wp-content\/uploads\/2021\/11\/cropped-logo_pc-1.png\",\"width\":340,\"height\":114,\"caption\":\"Participaci\u00f3n Ciudadana\"},\"image\":{\"@id\":\"https:\/\/www.participacionciudadana.org\/web\/#\/schema\/logo\/image\/\"},\"sameAs\":[\"https:\/\/www.facebook.com\/ParticipacionPC\/\",\"https:\/\/x.com\/ParticipacionPC\"]},{\"@type\":\"Person\",\"@id\":\"https:\/\/www.participacionciudadana.org\/web\/#\/schema\/person\/67ded4b29f4c10d217a0e025340d23ea\",\"name\":\"auzfabian\",\"image\":{\"@type\":\"ImageObject\",\"inLanguage\":\"es\",\"@id\":\"https:\/\/www.participacionciudadana.org\/web\/#\/schema\/person\/image\/\",\"url\":\"https:\/\/secure.gravatar.com\/avatar\/b07eacb2fae81fba8818d35abde16f5d26c3e833d77fabbeeb8d53523e796bde?s=96&d=mm&r=g\",\"contentUrl\":\"https:\/\/secure.gravatar.com\/avatar\/b07eacb2fae81fba8818d35abde16f5d26c3e833d77fabbeeb8d53523e796bde?s=96&d=mm&r=g\",\"caption\":\"auzfabian\"},\"sameAs\":[\"https:\/\/www.participacionciudadana.org\/web\"],\"url\":\"https:\/\/www.participacionciudadana.org\/web\/author\/auzfabian\/\"}]}<\/script>\n<!-- \/ Yoast SEO plugin. -->","yoast_head_json":{"title":"PC presenta su publicaci\u00f3n bimensual \"Pensando en Democracia\" con apoyo de la U. George Washington - Participaci\u00f3n Ciudadana","robots":{"index":"index","follow":"follow","max-snippet":"max-snippet:-1","max-image-preview":"max-image-preview:large","max-video-preview":"max-video-preview:-1"},"canonical":"https:\/\/www.participacionciudadana.org\/web\/2021\/09\/01\/pc-presenta-su-publicacion-bimensual-pensando-en-democracia-con-apoyo-de-la-george-washington\/","og_locale":"es_ES","og_type":"article","og_title":"PC presenta su publicaci\u00f3n bimensual \"Pensando en Democracia\" con apoyo de la U. George Washington - Participaci\u00f3n Ciudadana","og_description":"Corporaci\u00f3n Participaci\u00f3n Ciudadana, presenta este 1 de septiembre la revista virtual &#8220;Pensando en Democracia&#8221;, una iniciativa de an\u00e1lisis de la coyuntura nacional para aportar al&nbsp;debate&nbsp;sobre las propuestas de trabajo del Gobierno y de la Asamblea Nacional, con miras a la construcci\u00f3n de las pol\u00edticas p\u00fablicas que mejoren la calidad de vida de los ecuatorianos. En [&hellip;]","og_url":"https:\/\/www.participacionciudadana.org\/web\/2021\/09\/01\/pc-presenta-su-publicacion-bimensual-pensando-en-democracia-con-apoyo-de-la-george-washington\/","og_site_name":"Participaci\u00f3n Ciudadana","article_publisher":"https:\/\/www.facebook.com\/ParticipacionPC\/","article_published_time":"2021-09-01T17:57:44+00:00","og_image":[{"width":1,"height":1,"url":"https:\/\/www.participacionciudadana.org\/web\/wp-content\/uploads\/2021\/01\/t.gif","type":"image\/gif"}],"author":"auzfabian","twitter_card":"summary_large_image","twitter_creator":"@ParticipacionPC","twitter_site":"@ParticipacionPC","twitter_misc":{"Escrito por":"auzfabian","Tiempo de lectura":"1 minuto"},"schema":{"@context":"https:\/\/schema.org","@graph":[{"@type":"Article","@id":"https:\/\/www.participacionciudadana.org\/web\/2021\/09\/01\/pc-presenta-su-publicacion-bimensual-pensando-en-democracia-con-apoyo-de-la-george-washington\/#article","isPartOf":{"@id":"https:\/\/www.participacionciudadana.org\/web\/2021\/09\/01\/pc-presenta-su-publicacion-bimensual-pensando-en-democracia-con-apoyo-de-la-george-washington\/"},"author":{"name":"auzfabian","@id":"https:\/\/www.participacionciudadana.org\/web\/#\/schema\/person\/67ded4b29f4c10d217a0e025340d23ea"},"headline":"PC presenta su publicaci\u00f3n bimensual &#8220;Pensando en Democracia&#8221; con apoyo de la U. George Washington","datePublished":"2021-09-01T17:57:44+00:00","mainEntityOfPage":{"@id":"https:\/\/www.participacionciudadana.org\/web\/2021\/09\/01\/pc-presenta-su-publicacion-bimensual-pensando-en-democracia-con-apoyo-de-la-george-washington\/"},"wordCount":176,"commentCount":0,"publisher":{"@id":"https:\/\/www.participacionciudadana.org\/web\/#organization"},"image":{"@id":"https:\/\/www.participacionciudadana.org\/web\/2021\/09\/01\/pc-presenta-su-publicacion-bimensual-pensando-en-democracia-con-apoyo-de-la-george-washington\/#primaryimage"},"thumbnailUrl":"https:\/\/www.participacionciudadana.org\/web\/wp-content\/uploads\/2021\/01\/t.gif","articleSection":["Actualidad"],"inLanguage":"es","potentialAction":[{"@type":"CommentAction","name":"Comment","target":["https:\/\/www.participacionciudadana.org\/web\/2021\/09\/01\/pc-presenta-su-publicacion-bimensual-pensando-en-democracia-con-apoyo-de-la-george-washington\/#respond"]}]},{"@type":"WebPage","@id":"https:\/\/www.participacionciudadana.org\/web\/2021\/09\/01\/pc-presenta-su-publicacion-bimensual-pensando-en-democracia-con-apoyo-de-la-george-washington\/","url":"https:\/\/www.participacionciudadana.org\/web\/2021\/09\/01\/pc-presenta-su-publicacion-bimensual-pensando-en-democracia-con-apoyo-de-la-george-washington\/","name":"PC presenta su publicaci\u00f3n bimensual \"Pensando en Democracia\" con apoyo de la U. George Washington - Participaci\u00f3n Ciudadana","isPartOf":{"@id":"https:\/\/www.participacionciudadana.org\/web\/#website"},"primaryImageOfPage":{"@id":"https:\/\/www.participacionciudadana.org\/web\/2021\/09\/01\/pc-presenta-su-publicacion-bimensual-pensando-en-democracia-con-apoyo-de-la-george-washington\/#primaryimage"},"image":{"@id":"https:\/\/www.participacionciudadana.org\/web\/2021\/09\/01\/pc-presenta-su-publicacion-bimensual-pensando-en-democracia-con-apoyo-de-la-george-washington\/#primaryimage"},"thumbnailUrl":"https:\/\/www.participacionciudadana.org\/web\/wp-content\/uploads\/2021\/01\/t.gif","datePublished":"2021-09-01T17:57:44+00:00","breadcrumb":{"@id":"https:\/\/www.participacionciudadana.org\/web\/2021\/09\/01\/pc-presenta-su-publicacion-bimensual-pensando-en-democracia-con-apoyo-de-la-george-washington\/#breadcrumb"},"inLanguage":"es","potentialAction":[{"@type":"ReadAction","target":["https:\/\/www.participacionciudadana.org\/web\/2021\/09\/01\/pc-presenta-su-publicacion-bimensual-pensando-en-democracia-con-apoyo-de-la-george-washington\/"]}]},{"@type":"ImageObject","inLanguage":"es","@id":"https:\/\/www.participacionciudadana.org\/web\/2021\/09\/01\/pc-presenta-su-publicacion-bimensual-pensando-en-democracia-con-apoyo-de-la-george-washington\/#primaryimage","url":"https:\/\/www.participacionciudadana.org\/web\/wp-content\/uploads\/2021\/01\/t.gif","contentUrl":"https:\/\/www.participacionciudadana.org\/web\/wp-content\/uploads\/2021\/01\/t.gif","width":1,"height":1},{"@type":"BreadcrumbList","@id":"https:\/\/www.participacionciudadana.org\/web\/2021\/09\/01\/pc-presenta-su-publicacion-bimensual-pensando-en-democracia-con-apoyo-de-la-george-washington\/#breadcrumb","itemListElement":[{"@type":"ListItem","position":1,"name":"Portada","item":"https:\/\/www.participacionciudadana.org\/web\/"},{"@type":"ListItem","position":2,"name":"PC presenta su publicaci\u00f3n bimensual &#8220;Pensando en Democracia&#8221; con apoyo de la U. George Washington"}]},{"@type":"WebSite","@id":"https:\/\/www.participacionciudadana.org\/web\/#website","url":"https:\/\/www.participacionciudadana.org\/web\/","name":"Participaci\u00f3n Ciudadana","description":"Comprometidos con la democracia","publisher":{"@id":"https:\/\/www.participacionciudadana.org\/web\/#organization"},"potentialAction":[{"@type":"SearchAction","target":{"@type":"EntryPoint","urlTemplate":"https:\/\/www.participacionciudadana.org\/web\/?s={search_term_string}"},"query-input":{"@type":"PropertyValueSpecification","valueRequired":true,"valueName":"search_term_string"}}],"inLanguage":"es"},{"@type":"Organization","@id":"https:\/\/www.participacionciudadana.org\/web\/#organization","name":"Participaci\u00f3n Ciudadana","url":"https:\/\/www.participacionciudadana.org\/web\/","logo":{"@type":"ImageObject","inLanguage":"es","@id":"https:\/\/www.participacionciudadana.org\/web\/#\/schema\/logo\/image\/","url":"https:\/\/www.participacionciudadana.org\/web\/wp-content\/uploads\/2021\/11\/cropped-logo_pc-1.png","contentUrl":"https:\/\/www.participacionciudadana.org\/web\/wp-content\/uploads\/2021\/11\/cropped-logo_pc-1.png","width":340,"height":114,"caption":"Participaci\u00f3n Ciudadana"},"image":{"@id":"https:\/\/www.participacionciudadana.org\/web\/#\/schema\/logo\/image\/"},"sameAs":["https:\/\/www.facebook.com\/ParticipacionPC\/","https:\/\/x.com\/ParticipacionPC"]},{"@type":"Person","@id":"https:\/\/www.participacionciudadana.org\/web\/#\/schema\/person\/67ded4b29f4c10d217a0e025340d23ea","name":"auzfabian","image":{"@type":"ImageObject","inLanguage":"es","@id":"https:\/\/www.participacionciudadana.org\/web\/#\/schema\/person\/image\/","url":"https:\/\/secure.gravatar.com\/avatar\/b07eacb2fae81fba8818d35abde16f5d26c3e833d77fabbeeb8d53523e796bde?s=96&d=mm&r=g","contentUrl":"https:\/\/secure.gravatar.com\/avatar\/b07eacb2fae81fba8818d35abde16f5d26c3e833d77fabbeeb8d53523e796bde?s=96&d=mm&r=g","caption":"auzfabian"},"sameAs":["https:\/\/www.participacionciudadana.org\/web"],"url":"https:\/\/www.participacionciudadana.org\/web\/author\/auzfabian\/"}]}},"_links":{"self":[{"href":"https:\/\/www.participacionciudadana.org\/web\/wp-json\/wp\/v2\/posts\/2324","targetHints":{"allow":["GET"]}}],"collection":[{"href":"https:\/\/www.participacionciudadana.org\/web\/wp-json\/wp\/v2\/posts"}],"about":[{"href":"https:\/\/www.participacionciudadana.org\/web\/wp-json\/wp\/v2\/types\/post"}],"author":[{"embeddable":true,"href":"https:\/\/www.participacionciudadana.org\/web\/wp-json\/wp\/v2\/users\/1"}],"replies":[{"embeddable":true,"href":"https:\/\/www.participacionciudadana.org\/web\/wp-json\/wp\/v2\/comments?post=2324"}],"version-history":[{"count":0,"href":"https:\/\/www.participacionciudadana.org\/web\/wp-json\/wp\/v2\/posts\/2324\/revisions"}],"wp:featuredmedia":[{"embeddable":true,"href":"https:\/\/www.participacionciudadana.org\/web\/wp-json\/wp\/v2\/media\/2197"}],"wp:attachment":[{"href":"https:\/\/www.participacionciudadana.org\/web\/wp-json\/wp\/v2\/media?parent=2324"}],"wp:term":[{"taxonomy":"category","embeddable":true,"href":"https:\/\/www.participacionciudadana.org\/web\/wp-json\/wp\/v2\/categories?post=2324"},{"taxonomy":"post_tag","embeddable":true,"href":"https:\/\/www.participacionciudadana.org\/web\/wp-json\/wp\/v2\/tags?post=2324"}],"curies":[{"name":"wp","href":"https:\/\/api.w.org\/{rel}","templated":true}]}}