{"id":3463,"date":"2022-05-17T11:55:13","date_gmt":"2022-05-17T16:55:13","guid":{"rendered":"https:\/\/www.participacionciudadana.org\/web\/?p=3463"},"modified":"2022-05-17T11:55:20","modified_gmt":"2022-05-17T16:55:20","slug":"taller-sobre-estrategias-en-redes-sociales","status":"publish","type":"post","link":"https:\/\/www.participacionciudadana.org\/web\/2022\/05\/17\/taller-sobre-estrategias-en-redes-sociales\/","title":{"rendered":"Taller sobre estrategias en redes sociales"},"content":{"rendered":"\n<p>Como parte del programa de formaci\u00f3n pol\u00edtica J\u00f3venes Liderando, el 11 de diciembre del 2021 se desarroll\u00f3 un nuevo taller de capacitaci\u00f3n sobre las &#8220;Estrategias comunicacionales en las redes sociales a cargo de la consultora Isabel Proa\u00f1o&#8221; para estudiantes universitarios y profesionales de diez provincias del pa\u00eds.<br>&#8220;La comunicaci\u00f3n dentro y fuera de la esfera digital es persuadir, informar, transformar y es un motor que permite la difusi\u00f3n y conformaci\u00f3n de&nbsp; identidades invitando a la acci\u00f3n&#8221;, explic\u00f3 la expositora.<br>Nuestra capacitadora abord\u00f3 sobre c\u00f3mo la comunicaci\u00f3n combinada con el correcto uso de las redes sociales, se puede convertir en una herramienta de comunicaci\u00f3n efectiva para cumplir los objetivos tanto a nivel de estudios como&nbsp; profesionales.<br>&#8220;En Ecuador 14 millones de usuarios est\u00e1n conectados a una red social, es decir el 78% de la poblaci\u00f3n. Tambi\u00e9n hay un importante&nbsp;grupo de la&nbsp; poblaci\u00f3n que no est\u00e1 conectada en zonas rurales y urbanas&#8230; Adem\u00e1s el&nbsp;13 millones de personas se conectan a trav\u00e9s de sus tel\u00e9fonos m\u00f3viles.&#8221;, resalt\u00f3 Isabel Proa\u00f1o.<\/p>\n","protected":false},"excerpt":{"rendered":"<p>Como parte del programa de formaci\u00f3n pol\u00edtica J\u00f3venes Liderando, el 11 de diciembre del 2021 se desarroll\u00f3 un nuevo taller de capacitaci\u00f3n sobre las &#8220;Estrategias comunicacionales en las redes sociales a cargo de la consultora Isabel Proa\u00f1o&#8221; para estudiantes universitarios y profesionales de diez provincias del pa\u00eds.&#8220;La comunicaci\u00f3n dentro y fuera de la esfera digital [&hellip;]<\/p>\n","protected":false},"author":3,"featured_media":3464,"comment_status":"open","ping_status":"open","sticky":false,"template":"","format":"standard","meta":{"site-sidebar-layout":"default","site-content-layout":"","ast-site-content-layout":"default","site-content-style":"default","site-sidebar-style":"default","ast-global-header-display":"","ast-banner-title-visibility":"","ast-main-header-display":"","ast-hfb-above-header-display":"","ast-hfb-below-header-display":"","ast-hfb-mobile-header-display":"","site-post-title":"","ast-breadcrumbs-content":"","ast-featured-img":"","footer-sml-layout":"","ast-disable-related-posts":"","theme-transparent-header-meta":"","adv-header-id-meta":"","stick-header-meta":"","header-above-stick-meta":"","header-main-stick-meta":"","header-below-stick-meta":"","astra-migrate-meta-layouts":"default","ast-page-background-enabled":"default","ast-page-background-meta":{"desktop":{"background-color":"","background-image":"","background-repeat":"repeat","background-position":"center center","background-size":"auto","background-attachment":"scroll","background-type":"","background-media":"","overlay-type":"","overlay-color":"","overlay-opacity":"","overlay-gradient":""},"tablet":{"background-color":"","background-image":"","background-repeat":"repeat","background-position":"center center","background-size":"auto","background-attachment":"scroll","background-type":"","background-media":"","overlay-type":"","overlay-color":"","overlay-opacity":"","overlay-gradient":""},"mobile":{"background-color":"","background-image":"","background-repeat":"repeat","background-position":"center center","background-size":"auto","background-attachment":"scroll","background-type":"","background-media":"","overlay-type":"","overlay-color":"","overlay-opacity":"","overlay-gradient":""}},"ast-content-background-meta":{"desktop":{"background-color":"var(--ast-global-color-5)","background-image":"","background-repeat":"repeat","background-position":"center center","background-size":"auto","background-attachment":"scroll","background-type":"","background-media":"","overlay-type":"","overlay-color":"","overlay-opacity":"","overlay-gradient":""},"tablet":{"background-color":"var(--ast-global-color-5)","background-image":"","background-repeat":"repeat","background-position":"center center","background-size":"auto","background-attachment":"scroll","background-type":"","background-media":"","overlay-type":"","overlay-color":"","overlay-opacity":"","overlay-gradient":""},"mobile":{"background-color":"var(--ast-global-color-5)","background-image":"","background-repeat":"repeat","background-position":"center center","background-size":"auto","background-attachment":"scroll","background-type":"","background-media":"","overlay-type":"","overlay-color":"","overlay-opacity":"","overlay-gradient":""}},"_joinchat":[],"footnotes":""},"categories":[20,24],"tags":[48,67,68,44,47],"class_list":["post-3463","post","type-post","status-publish","format-standard","has-post-thumbnail","hentry","category-jovenes-liderando","category-proyectos","tag-ecuador","tag-jovenes","tag-liderando","tag-medios-digitales","tag-participacionciudadana"],"yoast_head":"<!-- This site is optimized with the Yoast SEO plugin v26.5 - https:\/\/yoast.com\/wordpress\/plugins\/seo\/ -->\n<title>Taller sobre estrategias en redes sociales - Participaci\u00f3n Ciudadana<\/title>\n<meta name=\"robots\" content=\"index, follow, max-snippet:-1, max-image-preview:large, max-video-preview:-1\" \/>\n<link rel=\"canonical\" href=\"https:\/\/www.participacionciudadana.org\/web\/2022\/05\/17\/taller-sobre-estrategias-en-redes-sociales\/\" \/>\n<meta property=\"og:locale\" content=\"es_ES\" \/>\n<meta property=\"og:type\" content=\"article\" \/>\n<meta property=\"og:title\" content=\"Taller sobre estrategias en redes sociales - Participaci\u00f3n Ciudadana\" \/>\n<meta property=\"og:description\" content=\"Como parte del programa de formaci\u00f3n pol\u00edtica J\u00f3venes Liderando, el 11 de diciembre del 2021 se desarroll\u00f3 un nuevo taller de capacitaci\u00f3n sobre las &#8220;Estrategias comunicacionales en las redes sociales a cargo de la consultora Isabel Proa\u00f1o&#8221; para estudiantes universitarios y profesionales de diez provincias del pa\u00eds.&#8220;La comunicaci\u00f3n dentro y fuera de la esfera digital [&hellip;]\" \/>\n<meta property=\"og:url\" content=\"https:\/\/www.participacionciudadana.org\/web\/2022\/05\/17\/taller-sobre-estrategias-en-redes-sociales\/\" \/>\n<meta property=\"og:site_name\" content=\"Participaci\u00f3n Ciudadana\" \/>\n<meta property=\"article:publisher\" content=\"https:\/\/www.facebook.com\/ParticipacionPC\/\" \/>\n<meta property=\"article:published_time\" content=\"2022-05-17T16:55:13+00:00\" \/>\n<meta property=\"article:modified_time\" content=\"2022-05-17T16:55:20+00:00\" \/>\n<meta property=\"og:image\" content=\"https:\/\/www.participacionciudadana.org\/web\/wp-content\/uploads\/2022\/05\/participacion-ciudadana-2022-jovenes-liderando1.jpg\" \/>\n\t<meta property=\"og:image:width\" content=\"750\" \/>\n\t<meta property=\"og:image:height\" content=\"754\" \/>\n\t<meta property=\"og:image:type\" content=\"image\/jpeg\" \/>\n<meta name=\"author\" content=\"Andr\u00e9s Cadena\" \/>\n<meta name=\"twitter:card\" content=\"summary_large_image\" \/>\n<meta name=\"twitter:creator\" content=\"@ParticipacionPC\" \/>\n<meta name=\"twitter:site\" content=\"@ParticipacionPC\" \/>\n<meta name=\"twitter:label1\" content=\"Escrito por\" \/>\n\t<meta name=\"twitter:data1\" content=\"Andr\u00e9s Cadena\" \/>\n\t<meta name=\"twitter:label2\" content=\"Tiempo de lectura\" \/>\n\t<meta name=\"twitter:data2\" content=\"1 minuto\" \/>\n<script type=\"application\/ld+json\" class=\"yoast-schema-graph\">{\"@context\":\"https:\/\/schema.org\",\"@graph\":[{\"@type\":\"Article\",\"@id\":\"https:\/\/www.participacionciudadana.org\/web\/2022\/05\/17\/taller-sobre-estrategias-en-redes-sociales\/#article\",\"isPartOf\":{\"@id\":\"https:\/\/www.participacionciudadana.org\/web\/2022\/05\/17\/taller-sobre-estrategias-en-redes-sociales\/\"},\"author\":{\"name\":\"Andr\u00e9s Cadena\",\"@id\":\"https:\/\/www.participacionciudadana.org\/web\/#\/schema\/person\/b8856ba327d1997b9b32c063516fb96a\"},\"headline\":\"Taller sobre estrategias en redes sociales\",\"datePublished\":\"2022-05-17T16:55:13+00:00\",\"dateModified\":\"2022-05-17T16:55:20+00:00\",\"mainEntityOfPage\":{\"@id\":\"https:\/\/www.participacionciudadana.org\/web\/2022\/05\/17\/taller-sobre-estrategias-en-redes-sociales\/\"},\"wordCount\":196,\"commentCount\":0,\"publisher\":{\"@id\":\"https:\/\/www.participacionciudadana.org\/web\/#organization\"},\"image\":{\"@id\":\"https:\/\/www.participacionciudadana.org\/web\/2022\/05\/17\/taller-sobre-estrategias-en-redes-sociales\/#primaryimage\"},\"thumbnailUrl\":\"https:\/\/www.participacionciudadana.org\/web\/wp-content\/uploads\/2022\/05\/participacion-ciudadana-2022-jovenes-liderando1.jpg\",\"keywords\":[\"Ecuador\",\"jovenes\",\"liderando\",\"medios digitales\",\"Participaci\u00f3nCiudadana\"],\"articleSection\":[\"J\u00f3venes Liderando\",\"Proyectos\"],\"inLanguage\":\"es\",\"potentialAction\":[{\"@type\":\"CommentAction\",\"name\":\"Comment\",\"target\":[\"https:\/\/www.participacionciudadana.org\/web\/2022\/05\/17\/taller-sobre-estrategias-en-redes-sociales\/#respond\"]}]},{\"@type\":\"WebPage\",\"@id\":\"https:\/\/www.participacionciudadana.org\/web\/2022\/05\/17\/taller-sobre-estrategias-en-redes-sociales\/\",\"url\":\"https:\/\/www.participacionciudadana.org\/web\/2022\/05\/17\/taller-sobre-estrategias-en-redes-sociales\/\",\"name\":\"Taller sobre estrategias en redes sociales - Participaci\u00f3n Ciudadana\",\"isPartOf\":{\"@id\":\"https:\/\/www.participacionciudadana.org\/web\/#website\"},\"primaryImageOfPage\":{\"@id\":\"https:\/\/www.participacionciudadana.org\/web\/2022\/05\/17\/taller-sobre-estrategias-en-redes-sociales\/#primaryimage\"},\"image\":{\"@id\":\"https:\/\/www.participacionciudadana.org\/web\/2022\/05\/17\/taller-sobre-estrategias-en-redes-sociales\/#primaryimage\"},\"thumbnailUrl\":\"https:\/\/www.participacionciudadana.org\/web\/wp-content\/uploads\/2022\/05\/participacion-ciudadana-2022-jovenes-liderando1.jpg\",\"datePublished\":\"2022-05-17T16:55:13+00:00\",\"dateModified\":\"2022-05-17T16:55:20+00:00\",\"breadcrumb\":{\"@id\":\"https:\/\/www.participacionciudadana.org\/web\/2022\/05\/17\/taller-sobre-estrategias-en-redes-sociales\/#breadcrumb\"},\"inLanguage\":\"es\",\"potentialAction\":[{\"@type\":\"ReadAction\",\"target\":[\"https:\/\/www.participacionciudadana.org\/web\/2022\/05\/17\/taller-sobre-estrategias-en-redes-sociales\/\"]}]},{\"@type\":\"ImageObject\",\"inLanguage\":\"es\",\"@id\":\"https:\/\/www.participacionciudadana.org\/web\/2022\/05\/17\/taller-sobre-estrategias-en-redes-sociales\/#primaryimage\",\"url\":\"https:\/\/www.participacionciudadana.org\/web\/wp-content\/uploads\/2022\/05\/participacion-ciudadana-2022-jovenes-liderando1.jpg\",\"contentUrl\":\"https:\/\/www.participacionciudadana.org\/web\/wp-content\/uploads\/2022\/05\/participacion-ciudadana-2022-jovenes-liderando1.jpg\",\"width\":750,\"height\":754},{\"@type\":\"BreadcrumbList\",\"@id\":\"https:\/\/www.participacionciudadana.org\/web\/2022\/05\/17\/taller-sobre-estrategias-en-redes-sociales\/#breadcrumb\",\"itemListElement\":[{\"@type\":\"ListItem\",\"position\":1,\"name\":\"Portada\",\"item\":\"https:\/\/www.participacionciudadana.org\/web\/\"},{\"@type\":\"ListItem\",\"position\":2,\"name\":\"Taller sobre estrategias en redes sociales\"}]},{\"@type\":\"WebSite\",\"@id\":\"https:\/\/www.participacionciudadana.org\/web\/#website\",\"url\":\"https:\/\/www.participacionciudadana.org\/web\/\",\"name\":\"Participaci\u00f3n Ciudadana\",\"description\":\"Comprometidos con la democracia\",\"publisher\":{\"@id\":\"https:\/\/www.participacionciudadana.org\/web\/#organization\"},\"potentialAction\":[{\"@type\":\"SearchAction\",\"target\":{\"@type\":\"EntryPoint\",\"urlTemplate\":\"https:\/\/www.participacionciudadana.org\/web\/?s={search_term_string}\"},\"query-input\":{\"@type\":\"PropertyValueSpecification\",\"valueRequired\":true,\"valueName\":\"search_term_string\"}}],\"inLanguage\":\"es\"},{\"@type\":\"Organization\",\"@id\":\"https:\/\/www.participacionciudadana.org\/web\/#organization\",\"name\":\"Participaci\u00f3n Ciudadana\",\"url\":\"https:\/\/www.participacionciudadana.org\/web\/\",\"logo\":{\"@type\":\"ImageObject\",\"inLanguage\":\"es\",\"@id\":\"https:\/\/www.participacionciudadana.org\/web\/#\/schema\/logo\/image\/\",\"url\":\"https:\/\/www.participacionciudadana.org\/web\/wp-content\/uploads\/2021\/11\/cropped-logo_pc-1.png\",\"contentUrl\":\"https:\/\/www.participacionciudadana.org\/web\/wp-content\/uploads\/2021\/11\/cropped-logo_pc-1.png\",\"width\":340,\"height\":114,\"caption\":\"Participaci\u00f3n Ciudadana\"},\"image\":{\"@id\":\"https:\/\/www.participacionciudadana.org\/web\/#\/schema\/logo\/image\/\"},\"sameAs\":[\"https:\/\/www.facebook.com\/ParticipacionPC\/\",\"https:\/\/x.com\/ParticipacionPC\"]},{\"@type\":\"Person\",\"@id\":\"https:\/\/www.participacionciudadana.org\/web\/#\/schema\/person\/b8856ba327d1997b9b32c063516fb96a\",\"name\":\"Andr\u00e9s Cadena\",\"image\":{\"@type\":\"ImageObject\",\"inLanguage\":\"es\",\"@id\":\"https:\/\/www.participacionciudadana.org\/web\/#\/schema\/person\/image\/\",\"url\":\"https:\/\/secure.gravatar.com\/avatar\/e53a20ff09727d4d4067b426002ab870ab33ed82bc3fd86ca6c11a5e90135107?s=96&d=mm&r=g\",\"contentUrl\":\"https:\/\/secure.gravatar.com\/avatar\/e53a20ff09727d4d4067b426002ab870ab33ed82bc3fd86ca6c11a5e90135107?s=96&d=mm&r=g\",\"caption\":\"Andr\u00e9s Cadena\"},\"url\":\"https:\/\/www.participacionciudadana.org\/web\/author\/andrescadena\/\"}]}<\/script>\n<!-- \/ Yoast SEO plugin. -->","yoast_head_json":{"title":"Taller sobre estrategias en redes sociales - Participaci\u00f3n Ciudadana","robots":{"index":"index","follow":"follow","max-snippet":"max-snippet:-1","max-image-preview":"max-image-preview:large","max-video-preview":"max-video-preview:-1"},"canonical":"https:\/\/www.participacionciudadana.org\/web\/2022\/05\/17\/taller-sobre-estrategias-en-redes-sociales\/","og_locale":"es_ES","og_type":"article","og_title":"Taller sobre estrategias en redes sociales - Participaci\u00f3n Ciudadana","og_description":"Como parte del programa de formaci\u00f3n pol\u00edtica J\u00f3venes Liderando, el 11 de diciembre del 2021 se desarroll\u00f3 un nuevo taller de capacitaci\u00f3n sobre las &#8220;Estrategias comunicacionales en las redes sociales a cargo de la consultora Isabel Proa\u00f1o&#8221; para estudiantes universitarios y profesionales de diez provincias del pa\u00eds.&#8220;La comunicaci\u00f3n dentro y fuera de la esfera digital [&hellip;]","og_url":"https:\/\/www.participacionciudadana.org\/web\/2022\/05\/17\/taller-sobre-estrategias-en-redes-sociales\/","og_site_name":"Participaci\u00f3n Ciudadana","article_publisher":"https:\/\/www.facebook.com\/ParticipacionPC\/","article_published_time":"2022-05-17T16:55:13+00:00","article_modified_time":"2022-05-17T16:55:20+00:00","og_image":[{"width":750,"height":754,"url":"https:\/\/www.participacionciudadana.org\/web\/wp-content\/uploads\/2022\/05\/participacion-ciudadana-2022-jovenes-liderando1.jpg","type":"image\/jpeg"}],"author":"Andr\u00e9s Cadena","twitter_card":"summary_large_image","twitter_creator":"@ParticipacionPC","twitter_site":"@ParticipacionPC","twitter_misc":{"Escrito por":"Andr\u00e9s Cadena","Tiempo de lectura":"1 minuto"},"schema":{"@context":"https:\/\/schema.org","@graph":[{"@type":"Article","@id":"https:\/\/www.participacionciudadana.org\/web\/2022\/05\/17\/taller-sobre-estrategias-en-redes-sociales\/#article","isPartOf":{"@id":"https:\/\/www.participacionciudadana.org\/web\/2022\/05\/17\/taller-sobre-estrategias-en-redes-sociales\/"},"author":{"name":"Andr\u00e9s Cadena","@id":"https:\/\/www.participacionciudadana.org\/web\/#\/schema\/person\/b8856ba327d1997b9b32c063516fb96a"},"headline":"Taller sobre estrategias en redes sociales","datePublished":"2022-05-17T16:55:13+00:00","dateModified":"2022-05-17T16:55:20+00:00","mainEntityOfPage":{"@id":"https:\/\/www.participacionciudadana.org\/web\/2022\/05\/17\/taller-sobre-estrategias-en-redes-sociales\/"},"wordCount":196,"commentCount":0,"publisher":{"@id":"https:\/\/www.participacionciudadana.org\/web\/#organization"},"image":{"@id":"https:\/\/www.participacionciudadana.org\/web\/2022\/05\/17\/taller-sobre-estrategias-en-redes-sociales\/#primaryimage"},"thumbnailUrl":"https:\/\/www.participacionciudadana.org\/web\/wp-content\/uploads\/2022\/05\/participacion-ciudadana-2022-jovenes-liderando1.jpg","keywords":["Ecuador","jovenes","liderando","medios digitales","Participaci\u00f3nCiudadana"],"articleSection":["J\u00f3venes Liderando","Proyectos"],"inLanguage":"es","potentialAction":[{"@type":"CommentAction","name":"Comment","target":["https:\/\/www.participacionciudadana.org\/web\/2022\/05\/17\/taller-sobre-estrategias-en-redes-sociales\/#respond"]}]},{"@type":"WebPage","@id":"https:\/\/www.participacionciudadana.org\/web\/2022\/05\/17\/taller-sobre-estrategias-en-redes-sociales\/","url":"https:\/\/www.participacionciudadana.org\/web\/2022\/05\/17\/taller-sobre-estrategias-en-redes-sociales\/","name":"Taller sobre estrategias en redes sociales - Participaci\u00f3n Ciudadana","isPartOf":{"@id":"https:\/\/www.participacionciudadana.org\/web\/#website"},"primaryImageOfPage":{"@id":"https:\/\/www.participacionciudadana.org\/web\/2022\/05\/17\/taller-sobre-estrategias-en-redes-sociales\/#primaryimage"},"image":{"@id":"https:\/\/www.participacionciudadana.org\/web\/2022\/05\/17\/taller-sobre-estrategias-en-redes-sociales\/#primaryimage"},"thumbnailUrl":"https:\/\/www.participacionciudadana.org\/web\/wp-content\/uploads\/2022\/05\/participacion-ciudadana-2022-jovenes-liderando1.jpg","datePublished":"2022-05-17T16:55:13+00:00","dateModified":"2022-05-17T16:55:20+00:00","breadcrumb":{"@id":"https:\/\/www.participacionciudadana.org\/web\/2022\/05\/17\/taller-sobre-estrategias-en-redes-sociales\/#breadcrumb"},"inLanguage":"es","potentialAction":[{"@type":"ReadAction","target":["https:\/\/www.participacionciudadana.org\/web\/2022\/05\/17\/taller-sobre-estrategias-en-redes-sociales\/"]}]},{"@type":"ImageObject","inLanguage":"es","@id":"https:\/\/www.participacionciudadana.org\/web\/2022\/05\/17\/taller-sobre-estrategias-en-redes-sociales\/#primaryimage","url":"https:\/\/www.participacionciudadana.org\/web\/wp-content\/uploads\/2022\/05\/participacion-ciudadana-2022-jovenes-liderando1.jpg","contentUrl":"https:\/\/www.participacionciudadana.org\/web\/wp-content\/uploads\/2022\/05\/participacion-ciudadana-2022-jovenes-liderando1.jpg","width":750,"height":754},{"@type":"BreadcrumbList","@id":"https:\/\/www.participacionciudadana.org\/web\/2022\/05\/17\/taller-sobre-estrategias-en-redes-sociales\/#breadcrumb","itemListElement":[{"@type":"ListItem","position":1,"name":"Portada","item":"https:\/\/www.participacionciudadana.org\/web\/"},{"@type":"ListItem","position":2,"name":"Taller sobre estrategias en redes sociales"}]},{"@type":"WebSite","@id":"https:\/\/www.participacionciudadana.org\/web\/#website","url":"https:\/\/www.participacionciudadana.org\/web\/","name":"Participaci\u00f3n Ciudadana","description":"Comprometidos con la democracia","publisher":{"@id":"https:\/\/www.participacionciudadana.org\/web\/#organization"},"potentialAction":[{"@type":"SearchAction","target":{"@type":"EntryPoint","urlTemplate":"https:\/\/www.participacionciudadana.org\/web\/?s={search_term_string}"},"query-input":{"@type":"PropertyValueSpecification","valueRequired":true,"valueName":"search_term_string"}}],"inLanguage":"es"},{"@type":"Organization","@id":"https:\/\/www.participacionciudadana.org\/web\/#organization","name":"Participaci\u00f3n Ciudadana","url":"https:\/\/www.participacionciudadana.org\/web\/","logo":{"@type":"ImageObject","inLanguage":"es","@id":"https:\/\/www.participacionciudadana.org\/web\/#\/schema\/logo\/image\/","url":"https:\/\/www.participacionciudadana.org\/web\/wp-content\/uploads\/2021\/11\/cropped-logo_pc-1.png","contentUrl":"https:\/\/www.participacionciudadana.org\/web\/wp-content\/uploads\/2021\/11\/cropped-logo_pc-1.png","width":340,"height":114,"caption":"Participaci\u00f3n Ciudadana"},"image":{"@id":"https:\/\/www.participacionciudadana.org\/web\/#\/schema\/logo\/image\/"},"sameAs":["https:\/\/www.facebook.com\/ParticipacionPC\/","https:\/\/x.com\/ParticipacionPC"]},{"@type":"Person","@id":"https:\/\/www.participacionciudadana.org\/web\/#\/schema\/person\/b8856ba327d1997b9b32c063516fb96a","name":"Andr\u00e9s Cadena","image":{"@type":"ImageObject","inLanguage":"es","@id":"https:\/\/www.participacionciudadana.org\/web\/#\/schema\/person\/image\/","url":"https:\/\/secure.gravatar.com\/avatar\/e53a20ff09727d4d4067b426002ab870ab33ed82bc3fd86ca6c11a5e90135107?s=96&d=mm&r=g","contentUrl":"https:\/\/secure.gravatar.com\/avatar\/e53a20ff09727d4d4067b426002ab870ab33ed82bc3fd86ca6c11a5e90135107?s=96&d=mm&r=g","caption":"Andr\u00e9s Cadena"},"url":"https:\/\/www.participacionciudadana.org\/web\/author\/andrescadena\/"}]}},"_links":{"self":[{"href":"https:\/\/www.participacionciudadana.org\/web\/wp-json\/wp\/v2\/posts\/3463","targetHints":{"allow":["GET"]}}],"collection":[{"href":"https:\/\/www.participacionciudadana.org\/web\/wp-json\/wp\/v2\/posts"}],"about":[{"href":"https:\/\/www.participacionciudadana.org\/web\/wp-json\/wp\/v2\/types\/post"}],"author":[{"embeddable":true,"href":"https:\/\/www.participacionciudadana.org\/web\/wp-json\/wp\/v2\/users\/3"}],"replies":[{"embeddable":true,"href":"https:\/\/www.participacionciudadana.org\/web\/wp-json\/wp\/v2\/comments?post=3463"}],"version-history":[{"count":0,"href":"https:\/\/www.participacionciudadana.org\/web\/wp-json\/wp\/v2\/posts\/3463\/revisions"}],"wp:featuredmedia":[{"embeddable":true,"href":"https:\/\/www.participacionciudadana.org\/web\/wp-json\/wp\/v2\/media\/3464"}],"wp:attachment":[{"href":"https:\/\/www.participacionciudadana.org\/web\/wp-json\/wp\/v2\/media?parent=3463"}],"wp:term":[{"taxonomy":"category","embeddable":true,"href":"https:\/\/www.participacionciudadana.org\/web\/wp-json\/wp\/v2\/categories?post=3463"},{"taxonomy":"post_tag","embeddable":true,"href":"https:\/\/www.participacionciudadana.org\/web\/wp-json\/wp\/v2\/tags?post=3463"}],"curies":[{"name":"wp","href":"https:\/\/api.w.org\/{rel}","templated":true}]}}