{"id":3466,"date":"2022-05-17T11:59:57","date_gmt":"2022-05-17T16:59:57","guid":{"rendered":"https:\/\/www.participacionciudadana.org\/web\/?p=3466"},"modified":"2022-06-09T13:18:58","modified_gmt":"2022-06-09T18:18:58","slug":"taller-sobre-equidad-de-genero-con-rocio-rosero","status":"publish","type":"post","link":"https:\/\/www.participacionciudadana.org\/web\/2022\/05\/17\/taller-sobre-equidad-de-genero-con-rocio-rosero\/","title":{"rendered":"Taller sobre equidad de g\u00e9nero con Roc\u00edo Rosero"},"content":{"rendered":"\n<p>Este 2 de abril, realizamos el cuarto taller de promoci\u00f3n y formaci\u00f3n pol\u00edtica J\u00f3venes Liderando, un programa que lleva adelante nuestra organizaci\u00f3n con estudiantes universitarios y profesionales interesados en formarse como l\u00edderes.En esta oportunidad, los reunimos de manera virtual para una capacitaci\u00f3n sobre equidad de g\u00e9nero con la soci\u00f3loga Roc\u00edo Rosero Garc\u00e9s quien hizo un an\u00e1lisis amplio sobre la normativa local e internacional, sobre la justicia y el empoderamiento de las mujeres.<br>Destac\u00f3 que en el Ecuador se han dado avances tibios sobre legislaci\u00f3n contra la violencia de g\u00e9nero. Desde el 2008 hasta hoy las pol\u00edticas de igualdad no han tenido inter\u00e9s y eso afecta gravemente. De 1997 al 2008 se desarrollaron pol\u00edticas importantes&#8221;.<\/p>\n\n\n\n<p>As\u00ed mismo, aclar\u00f3 conceptos sobre la igualdad y la equidad, entendi\u00e9ndose a la primera palabra como la igualdad de derechos y oportunidades para mujeres y hombres; que implica potenciar las capacidades sin obst\u00e1culos; tomar decisiones libremente sin valoraciones ni jerarqu\u00edas entre mujeres y hombres. Mientras que la equidad de g\u00e9nero subraya la relevancia de la igualdad de resultados; llama la atenci\u00f3n sobre la importancia del tratamiento diferencial necesario para poner fin a las inequidades.<\/p>\n\n\n\n<p>&#8220;La equidad adem\u00e1s se da para promover la autonom\u00eda de las mujeres como condici\u00f3n indispensable para lograr la igualdad y equidad de g\u00e9nero&#8221;, destac\u00f3 la experta Roc\u00edo Rosero.<\/p>\n\n\n\n<p>Adem\u00e1s se\u00f1al\u00f3 que &#8220;uno de los objetivos del desarrollo sostenible es lograr la igualdad entre los g\u00e9neros y empoderar a todas las mujeres y ni\u00f1as. Adem\u00e1s poner fin a las discriminaciones y violencias&#8221;.<\/p>\n","protected":false},"excerpt":{"rendered":"<p>Este 2 de abril, realizamos el cuarto taller de promoci\u00f3n y formaci\u00f3n pol\u00edtica J\u00f3venes Liderando, un programa que lleva adelante nuestra organizaci\u00f3n con estudiantes universitarios y profesionales interesados en formarse como l\u00edderes.En esta oportunidad, los reunimos de manera virtual para una capacitaci\u00f3n sobre equidad de g\u00e9nero con la soci\u00f3loga Roc\u00edo Rosero Garc\u00e9s quien hizo un [&hellip;]<\/p>\n","protected":false},"author":3,"featured_media":3468,"comment_status":"open","ping_status":"open","sticky":false,"template":"","format":"standard","meta":{"site-sidebar-layout":"default","site-content-layout":"","ast-site-content-layout":"default","site-content-style":"default","site-sidebar-style":"default","ast-global-header-display":"","ast-banner-title-visibility":"","ast-main-header-display":"","ast-hfb-above-header-display":"","ast-hfb-below-header-display":"","ast-hfb-mobile-header-display":"","site-post-title":"","ast-breadcrumbs-content":"","ast-featured-img":"","footer-sml-layout":"","ast-disable-related-posts":"","theme-transparent-header-meta":"","adv-header-id-meta":"","stick-header-meta":"","header-above-stick-meta":"","header-main-stick-meta":"","header-below-stick-meta":"","astra-migrate-meta-layouts":"default","ast-page-background-enabled":"default","ast-page-background-meta":{"desktop":{"background-color":"","background-image":"","background-repeat":"repeat","background-position":"center center","background-size":"auto","background-attachment":"scroll","background-type":"","background-media":"","overlay-type":"","overlay-color":"","overlay-opacity":"","overlay-gradient":""},"tablet":{"background-color":"","background-image":"","background-repeat":"repeat","background-position":"center center","background-size":"auto","background-attachment":"scroll","background-type":"","background-media":"","overlay-type":"","overlay-color":"","overlay-opacity":"","overlay-gradient":""},"mobile":{"background-color":"","background-image":"","background-repeat":"repeat","background-position":"center center","background-size":"auto","background-attachment":"scroll","background-type":"","background-media":"","overlay-type":"","overlay-color":"","overlay-opacity":"","overlay-gradient":""}},"ast-content-background-meta":{"desktop":{"background-color":"var(--ast-global-color-5)","background-image":"","background-repeat":"repeat","background-position":"center center","background-size":"auto","background-attachment":"scroll","background-type":"","background-media":"","overlay-type":"","overlay-color":"","overlay-opacity":"","overlay-gradient":""},"tablet":{"background-color":"var(--ast-global-color-5)","background-image":"","background-repeat":"repeat","background-position":"center center","background-size":"auto","background-attachment":"scroll","background-type":"","background-media":"","overlay-type":"","overlay-color":"","overlay-opacity":"","overlay-gradient":""},"mobile":{"background-color":"var(--ast-global-color-5)","background-image":"","background-repeat":"repeat","background-position":"center center","background-size":"auto","background-attachment":"scroll","background-type":"","background-media":"","overlay-type":"","overlay-color":"","overlay-opacity":"","overlay-gradient":""}},"_joinchat":[],"footnotes":""},"categories":[20,24],"tags":[67,68,44],"class_list":["post-3466","post","type-post","status-publish","format-standard","has-post-thumbnail","hentry","category-jovenes-liderando","category-proyectos","tag-jovenes","tag-liderando","tag-medios-digitales"],"yoast_head":"<!-- This site is optimized with the Yoast SEO plugin v26.5 - https:\/\/yoast.com\/wordpress\/plugins\/seo\/ -->\n<title>Taller sobre equidad de g\u00e9nero con Roc\u00edo Rosero - Participaci\u00f3n Ciudadana<\/title>\n<meta name=\"robots\" content=\"index, follow, max-snippet:-1, max-image-preview:large, max-video-preview:-1\" \/>\n<link rel=\"canonical\" href=\"https:\/\/www.participacionciudadana.org\/web\/2022\/05\/17\/taller-sobre-equidad-de-genero-con-rocio-rosero\/\" \/>\n<meta property=\"og:locale\" content=\"es_ES\" \/>\n<meta property=\"og:type\" content=\"article\" \/>\n<meta property=\"og:title\" content=\"Taller sobre equidad de g\u00e9nero con Roc\u00edo Rosero - Participaci\u00f3n Ciudadana\" \/>\n<meta property=\"og:description\" content=\"Este 2 de abril, realizamos el cuarto taller de promoci\u00f3n y formaci\u00f3n pol\u00edtica J\u00f3venes Liderando, un programa que lleva adelante nuestra organizaci\u00f3n con estudiantes universitarios y profesionales interesados en formarse como l\u00edderes.En esta oportunidad, los reunimos de manera virtual para una capacitaci\u00f3n sobre equidad de g\u00e9nero con la soci\u00f3loga Roc\u00edo Rosero Garc\u00e9s quien hizo un [&hellip;]\" \/>\n<meta property=\"og:url\" content=\"https:\/\/www.participacionciudadana.org\/web\/2022\/05\/17\/taller-sobre-equidad-de-genero-con-rocio-rosero\/\" \/>\n<meta property=\"og:site_name\" content=\"Participaci\u00f3n Ciudadana\" \/>\n<meta property=\"article:publisher\" content=\"https:\/\/www.facebook.com\/ParticipacionPC\/\" \/>\n<meta property=\"article:published_time\" content=\"2022-05-17T16:59:57+00:00\" \/>\n<meta property=\"article:modified_time\" content=\"2022-06-09T18:18:58+00:00\" \/>\n<meta property=\"og:image\" content=\"https:\/\/www.participacionciudadana.org\/web\/wp-content\/uploads\/2022\/05\/participacion-ciudadana-2022-jovenes-liderando-2.jpg\" \/>\n\t<meta property=\"og:image:width\" content=\"1024\" \/>\n\t<meta property=\"og:image:height\" content=\"567\" \/>\n\t<meta property=\"og:image:type\" content=\"image\/jpeg\" \/>\n<meta name=\"author\" content=\"Andr\u00e9s Cadena\" \/>\n<meta name=\"twitter:card\" content=\"summary_large_image\" \/>\n<meta name=\"twitter:creator\" content=\"@ParticipacionPC\" \/>\n<meta name=\"twitter:site\" content=\"@ParticipacionPC\" \/>\n<meta name=\"twitter:label1\" content=\"Escrito por\" \/>\n\t<meta name=\"twitter:data1\" content=\"Andr\u00e9s Cadena\" \/>\n\t<meta name=\"twitter:label2\" content=\"Tiempo de lectura\" \/>\n\t<meta name=\"twitter:data2\" content=\"1 minuto\" \/>\n<script type=\"application\/ld+json\" class=\"yoast-schema-graph\">{\"@context\":\"https:\/\/schema.org\",\"@graph\":[{\"@type\":\"Article\",\"@id\":\"https:\/\/www.participacionciudadana.org\/web\/2022\/05\/17\/taller-sobre-equidad-de-genero-con-rocio-rosero\/#article\",\"isPartOf\":{\"@id\":\"https:\/\/www.participacionciudadana.org\/web\/2022\/05\/17\/taller-sobre-equidad-de-genero-con-rocio-rosero\/\"},\"author\":{\"name\":\"Andr\u00e9s Cadena\",\"@id\":\"https:\/\/www.participacionciudadana.org\/web\/#\/schema\/person\/b8856ba327d1997b9b32c063516fb96a\"},\"headline\":\"Taller sobre equidad de g\u00e9nero con Roc\u00edo Rosero\",\"datePublished\":\"2022-05-17T16:59:57+00:00\",\"dateModified\":\"2022-06-09T18:18:58+00:00\",\"mainEntityOfPage\":{\"@id\":\"https:\/\/www.participacionciudadana.org\/web\/2022\/05\/17\/taller-sobre-equidad-de-genero-con-rocio-rosero\/\"},\"wordCount\":288,\"commentCount\":0,\"publisher\":{\"@id\":\"https:\/\/www.participacionciudadana.org\/web\/#organization\"},\"image\":{\"@id\":\"https:\/\/www.participacionciudadana.org\/web\/2022\/05\/17\/taller-sobre-equidad-de-genero-con-rocio-rosero\/#primaryimage\"},\"thumbnailUrl\":\"https:\/\/www.participacionciudadana.org\/web\/wp-content\/uploads\/2022\/05\/participacion-ciudadana-2022-jovenes-liderando-2.jpg\",\"keywords\":[\"jovenes\",\"liderando\",\"medios digitales\"],\"articleSection\":[\"J\u00f3venes Liderando\",\"Proyectos\"],\"inLanguage\":\"es\",\"potentialAction\":[{\"@type\":\"CommentAction\",\"name\":\"Comment\",\"target\":[\"https:\/\/www.participacionciudadana.org\/web\/2022\/05\/17\/taller-sobre-equidad-de-genero-con-rocio-rosero\/#respond\"]}]},{\"@type\":\"WebPage\",\"@id\":\"https:\/\/www.participacionciudadana.org\/web\/2022\/05\/17\/taller-sobre-equidad-de-genero-con-rocio-rosero\/\",\"url\":\"https:\/\/www.participacionciudadana.org\/web\/2022\/05\/17\/taller-sobre-equidad-de-genero-con-rocio-rosero\/\",\"name\":\"Taller sobre equidad de g\u00e9nero con Roc\u00edo Rosero - Participaci\u00f3n Ciudadana\",\"isPartOf\":{\"@id\":\"https:\/\/www.participacionciudadana.org\/web\/#website\"},\"primaryImageOfPage\":{\"@id\":\"https:\/\/www.participacionciudadana.org\/web\/2022\/05\/17\/taller-sobre-equidad-de-genero-con-rocio-rosero\/#primaryimage\"},\"image\":{\"@id\":\"https:\/\/www.participacionciudadana.org\/web\/2022\/05\/17\/taller-sobre-equidad-de-genero-con-rocio-rosero\/#primaryimage\"},\"thumbnailUrl\":\"https:\/\/www.participacionciudadana.org\/web\/wp-content\/uploads\/2022\/05\/participacion-ciudadana-2022-jovenes-liderando-2.jpg\",\"datePublished\":\"2022-05-17T16:59:57+00:00\",\"dateModified\":\"2022-06-09T18:18:58+00:00\",\"breadcrumb\":{\"@id\":\"https:\/\/www.participacionciudadana.org\/web\/2022\/05\/17\/taller-sobre-equidad-de-genero-con-rocio-rosero\/#breadcrumb\"},\"inLanguage\":\"es\",\"potentialAction\":[{\"@type\":\"ReadAction\",\"target\":[\"https:\/\/www.participacionciudadana.org\/web\/2022\/05\/17\/taller-sobre-equidad-de-genero-con-rocio-rosero\/\"]}]},{\"@type\":\"ImageObject\",\"inLanguage\":\"es\",\"@id\":\"https:\/\/www.participacionciudadana.org\/web\/2022\/05\/17\/taller-sobre-equidad-de-genero-con-rocio-rosero\/#primaryimage\",\"url\":\"https:\/\/www.participacionciudadana.org\/web\/wp-content\/uploads\/2022\/05\/participacion-ciudadana-2022-jovenes-liderando-2.jpg\",\"contentUrl\":\"https:\/\/www.participacionciudadana.org\/web\/wp-content\/uploads\/2022\/05\/participacion-ciudadana-2022-jovenes-liderando-2.jpg\",\"width\":1024,\"height\":567},{\"@type\":\"BreadcrumbList\",\"@id\":\"https:\/\/www.participacionciudadana.org\/web\/2022\/05\/17\/taller-sobre-equidad-de-genero-con-rocio-rosero\/#breadcrumb\",\"itemListElement\":[{\"@type\":\"ListItem\",\"position\":1,\"name\":\"Portada\",\"item\":\"https:\/\/www.participacionciudadana.org\/web\/\"},{\"@type\":\"ListItem\",\"position\":2,\"name\":\"Taller sobre equidad de g\u00e9nero con Roc\u00edo Rosero\"}]},{\"@type\":\"WebSite\",\"@id\":\"https:\/\/www.participacionciudadana.org\/web\/#website\",\"url\":\"https:\/\/www.participacionciudadana.org\/web\/\",\"name\":\"Participaci\u00f3n Ciudadana\",\"description\":\"Comprometidos con la democracia\",\"publisher\":{\"@id\":\"https:\/\/www.participacionciudadana.org\/web\/#organization\"},\"potentialAction\":[{\"@type\":\"SearchAction\",\"target\":{\"@type\":\"EntryPoint\",\"urlTemplate\":\"https:\/\/www.participacionciudadana.org\/web\/?s={search_term_string}\"},\"query-input\":{\"@type\":\"PropertyValueSpecification\",\"valueRequired\":true,\"valueName\":\"search_term_string\"}}],\"inLanguage\":\"es\"},{\"@type\":\"Organization\",\"@id\":\"https:\/\/www.participacionciudadana.org\/web\/#organization\",\"name\":\"Participaci\u00f3n Ciudadana\",\"url\":\"https:\/\/www.participacionciudadana.org\/web\/\",\"logo\":{\"@type\":\"ImageObject\",\"inLanguage\":\"es\",\"@id\":\"https:\/\/www.participacionciudadana.org\/web\/#\/schema\/logo\/image\/\",\"url\":\"https:\/\/www.participacionciudadana.org\/web\/wp-content\/uploads\/2021\/11\/cropped-logo_pc-1.png\",\"contentUrl\":\"https:\/\/www.participacionciudadana.org\/web\/wp-content\/uploads\/2021\/11\/cropped-logo_pc-1.png\",\"width\":340,\"height\":114,\"caption\":\"Participaci\u00f3n Ciudadana\"},\"image\":{\"@id\":\"https:\/\/www.participacionciudadana.org\/web\/#\/schema\/logo\/image\/\"},\"sameAs\":[\"https:\/\/www.facebook.com\/ParticipacionPC\/\",\"https:\/\/x.com\/ParticipacionPC\"]},{\"@type\":\"Person\",\"@id\":\"https:\/\/www.participacionciudadana.org\/web\/#\/schema\/person\/b8856ba327d1997b9b32c063516fb96a\",\"name\":\"Andr\u00e9s Cadena\",\"image\":{\"@type\":\"ImageObject\",\"inLanguage\":\"es\",\"@id\":\"https:\/\/www.participacionciudadana.org\/web\/#\/schema\/person\/image\/\",\"url\":\"https:\/\/secure.gravatar.com\/avatar\/e53a20ff09727d4d4067b426002ab870ab33ed82bc3fd86ca6c11a5e90135107?s=96&d=mm&r=g\",\"contentUrl\":\"https:\/\/secure.gravatar.com\/avatar\/e53a20ff09727d4d4067b426002ab870ab33ed82bc3fd86ca6c11a5e90135107?s=96&d=mm&r=g\",\"caption\":\"Andr\u00e9s Cadena\"},\"url\":\"https:\/\/www.participacionciudadana.org\/web\/author\/andrescadena\/\"}]}<\/script>\n<!-- \/ Yoast SEO plugin. -->","yoast_head_json":{"title":"Taller sobre equidad de g\u00e9nero con Roc\u00edo Rosero - Participaci\u00f3n Ciudadana","robots":{"index":"index","follow":"follow","max-snippet":"max-snippet:-1","max-image-preview":"max-image-preview:large","max-video-preview":"max-video-preview:-1"},"canonical":"https:\/\/www.participacionciudadana.org\/web\/2022\/05\/17\/taller-sobre-equidad-de-genero-con-rocio-rosero\/","og_locale":"es_ES","og_type":"article","og_title":"Taller sobre equidad de g\u00e9nero con Roc\u00edo Rosero - Participaci\u00f3n Ciudadana","og_description":"Este 2 de abril, realizamos el cuarto taller de promoci\u00f3n y formaci\u00f3n pol\u00edtica J\u00f3venes Liderando, un programa que lleva adelante nuestra organizaci\u00f3n con estudiantes universitarios y profesionales interesados en formarse como l\u00edderes.En esta oportunidad, los reunimos de manera virtual para una capacitaci\u00f3n sobre equidad de g\u00e9nero con la soci\u00f3loga Roc\u00edo Rosero Garc\u00e9s quien hizo un [&hellip;]","og_url":"https:\/\/www.participacionciudadana.org\/web\/2022\/05\/17\/taller-sobre-equidad-de-genero-con-rocio-rosero\/","og_site_name":"Participaci\u00f3n Ciudadana","article_publisher":"https:\/\/www.facebook.com\/ParticipacionPC\/","article_published_time":"2022-05-17T16:59:57+00:00","article_modified_time":"2022-06-09T18:18:58+00:00","og_image":[{"width":1024,"height":567,"url":"https:\/\/www.participacionciudadana.org\/web\/wp-content\/uploads\/2022\/05\/participacion-ciudadana-2022-jovenes-liderando-2.jpg","type":"image\/jpeg"}],"author":"Andr\u00e9s Cadena","twitter_card":"summary_large_image","twitter_creator":"@ParticipacionPC","twitter_site":"@ParticipacionPC","twitter_misc":{"Escrito por":"Andr\u00e9s Cadena","Tiempo de lectura":"1 minuto"},"schema":{"@context":"https:\/\/schema.org","@graph":[{"@type":"Article","@id":"https:\/\/www.participacionciudadana.org\/web\/2022\/05\/17\/taller-sobre-equidad-de-genero-con-rocio-rosero\/#article","isPartOf":{"@id":"https:\/\/www.participacionciudadana.org\/web\/2022\/05\/17\/taller-sobre-equidad-de-genero-con-rocio-rosero\/"},"author":{"name":"Andr\u00e9s Cadena","@id":"https:\/\/www.participacionciudadana.org\/web\/#\/schema\/person\/b8856ba327d1997b9b32c063516fb96a"},"headline":"Taller sobre equidad de g\u00e9nero con Roc\u00edo Rosero","datePublished":"2022-05-17T16:59:57+00:00","dateModified":"2022-06-09T18:18:58+00:00","mainEntityOfPage":{"@id":"https:\/\/www.participacionciudadana.org\/web\/2022\/05\/17\/taller-sobre-equidad-de-genero-con-rocio-rosero\/"},"wordCount":288,"commentCount":0,"publisher":{"@id":"https:\/\/www.participacionciudadana.org\/web\/#organization"},"image":{"@id":"https:\/\/www.participacionciudadana.org\/web\/2022\/05\/17\/taller-sobre-equidad-de-genero-con-rocio-rosero\/#primaryimage"},"thumbnailUrl":"https:\/\/www.participacionciudadana.org\/web\/wp-content\/uploads\/2022\/05\/participacion-ciudadana-2022-jovenes-liderando-2.jpg","keywords":["jovenes","liderando","medios digitales"],"articleSection":["J\u00f3venes Liderando","Proyectos"],"inLanguage":"es","potentialAction":[{"@type":"CommentAction","name":"Comment","target":["https:\/\/www.participacionciudadana.org\/web\/2022\/05\/17\/taller-sobre-equidad-de-genero-con-rocio-rosero\/#respond"]}]},{"@type":"WebPage","@id":"https:\/\/www.participacionciudadana.org\/web\/2022\/05\/17\/taller-sobre-equidad-de-genero-con-rocio-rosero\/","url":"https:\/\/www.participacionciudadana.org\/web\/2022\/05\/17\/taller-sobre-equidad-de-genero-con-rocio-rosero\/","name":"Taller sobre equidad de g\u00e9nero con Roc\u00edo Rosero - Participaci\u00f3n Ciudadana","isPartOf":{"@id":"https:\/\/www.participacionciudadana.org\/web\/#website"},"primaryImageOfPage":{"@id":"https:\/\/www.participacionciudadana.org\/web\/2022\/05\/17\/taller-sobre-equidad-de-genero-con-rocio-rosero\/#primaryimage"},"image":{"@id":"https:\/\/www.participacionciudadana.org\/web\/2022\/05\/17\/taller-sobre-equidad-de-genero-con-rocio-rosero\/#primaryimage"},"thumbnailUrl":"https:\/\/www.participacionciudadana.org\/web\/wp-content\/uploads\/2022\/05\/participacion-ciudadana-2022-jovenes-liderando-2.jpg","datePublished":"2022-05-17T16:59:57+00:00","dateModified":"2022-06-09T18:18:58+00:00","breadcrumb":{"@id":"https:\/\/www.participacionciudadana.org\/web\/2022\/05\/17\/taller-sobre-equidad-de-genero-con-rocio-rosero\/#breadcrumb"},"inLanguage":"es","potentialAction":[{"@type":"ReadAction","target":["https:\/\/www.participacionciudadana.org\/web\/2022\/05\/17\/taller-sobre-equidad-de-genero-con-rocio-rosero\/"]}]},{"@type":"ImageObject","inLanguage":"es","@id":"https:\/\/www.participacionciudadana.org\/web\/2022\/05\/17\/taller-sobre-equidad-de-genero-con-rocio-rosero\/#primaryimage","url":"https:\/\/www.participacionciudadana.org\/web\/wp-content\/uploads\/2022\/05\/participacion-ciudadana-2022-jovenes-liderando-2.jpg","contentUrl":"https:\/\/www.participacionciudadana.org\/web\/wp-content\/uploads\/2022\/05\/participacion-ciudadana-2022-jovenes-liderando-2.jpg","width":1024,"height":567},{"@type":"BreadcrumbList","@id":"https:\/\/www.participacionciudadana.org\/web\/2022\/05\/17\/taller-sobre-equidad-de-genero-con-rocio-rosero\/#breadcrumb","itemListElement":[{"@type":"ListItem","position":1,"name":"Portada","item":"https:\/\/www.participacionciudadana.org\/web\/"},{"@type":"ListItem","position":2,"name":"Taller sobre equidad de g\u00e9nero con Roc\u00edo Rosero"}]},{"@type":"WebSite","@id":"https:\/\/www.participacionciudadana.org\/web\/#website","url":"https:\/\/www.participacionciudadana.org\/web\/","name":"Participaci\u00f3n Ciudadana","description":"Comprometidos con la democracia","publisher":{"@id":"https:\/\/www.participacionciudadana.org\/web\/#organization"},"potentialAction":[{"@type":"SearchAction","target":{"@type":"EntryPoint","urlTemplate":"https:\/\/www.participacionciudadana.org\/web\/?s={search_term_string}"},"query-input":{"@type":"PropertyValueSpecification","valueRequired":true,"valueName":"search_term_string"}}],"inLanguage":"es"},{"@type":"Organization","@id":"https:\/\/www.participacionciudadana.org\/web\/#organization","name":"Participaci\u00f3n Ciudadana","url":"https:\/\/www.participacionciudadana.org\/web\/","logo":{"@type":"ImageObject","inLanguage":"es","@id":"https:\/\/www.participacionciudadana.org\/web\/#\/schema\/logo\/image\/","url":"https:\/\/www.participacionciudadana.org\/web\/wp-content\/uploads\/2021\/11\/cropped-logo_pc-1.png","contentUrl":"https:\/\/www.participacionciudadana.org\/web\/wp-content\/uploads\/2021\/11\/cropped-logo_pc-1.png","width":340,"height":114,"caption":"Participaci\u00f3n Ciudadana"},"image":{"@id":"https:\/\/www.participacionciudadana.org\/web\/#\/schema\/logo\/image\/"},"sameAs":["https:\/\/www.facebook.com\/ParticipacionPC\/","https:\/\/x.com\/ParticipacionPC"]},{"@type":"Person","@id":"https:\/\/www.participacionciudadana.org\/web\/#\/schema\/person\/b8856ba327d1997b9b32c063516fb96a","name":"Andr\u00e9s Cadena","image":{"@type":"ImageObject","inLanguage":"es","@id":"https:\/\/www.participacionciudadana.org\/web\/#\/schema\/person\/image\/","url":"https:\/\/secure.gravatar.com\/avatar\/e53a20ff09727d4d4067b426002ab870ab33ed82bc3fd86ca6c11a5e90135107?s=96&d=mm&r=g","contentUrl":"https:\/\/secure.gravatar.com\/avatar\/e53a20ff09727d4d4067b426002ab870ab33ed82bc3fd86ca6c11a5e90135107?s=96&d=mm&r=g","caption":"Andr\u00e9s Cadena"},"url":"https:\/\/www.participacionciudadana.org\/web\/author\/andrescadena\/"}]}},"_links":{"self":[{"href":"https:\/\/www.participacionciudadana.org\/web\/wp-json\/wp\/v2\/posts\/3466","targetHints":{"allow":["GET"]}}],"collection":[{"href":"https:\/\/www.participacionciudadana.org\/web\/wp-json\/wp\/v2\/posts"}],"about":[{"href":"https:\/\/www.participacionciudadana.org\/web\/wp-json\/wp\/v2\/types\/post"}],"author":[{"embeddable":true,"href":"https:\/\/www.participacionciudadana.org\/web\/wp-json\/wp\/v2\/users\/3"}],"replies":[{"embeddable":true,"href":"https:\/\/www.participacionciudadana.org\/web\/wp-json\/wp\/v2\/comments?post=3466"}],"version-history":[{"count":0,"href":"https:\/\/www.participacionciudadana.org\/web\/wp-json\/wp\/v2\/posts\/3466\/revisions"}],"wp:featuredmedia":[{"embeddable":true,"href":"https:\/\/www.participacionciudadana.org\/web\/wp-json\/wp\/v2\/media\/3468"}],"wp:attachment":[{"href":"https:\/\/www.participacionciudadana.org\/web\/wp-json\/wp\/v2\/media?parent=3466"}],"wp:term":[{"taxonomy":"category","embeddable":true,"href":"https:\/\/www.participacionciudadana.org\/web\/wp-json\/wp\/v2\/categories?post=3466"},{"taxonomy":"post_tag","embeddable":true,"href":"https:\/\/www.participacionciudadana.org\/web\/wp-json\/wp\/v2\/tags?post=3466"}],"curies":[{"name":"wp","href":"https:\/\/api.w.org\/{rel}","templated":true}]}}