{"id":3666,"date":"2022-07-15T16:48:29","date_gmt":"2022-07-15T21:48:29","guid":{"rendered":"https:\/\/www.participacionciudadana.org\/web\/?p=3666"},"modified":"2022-07-15T17:12:26","modified_gmt":"2022-07-15T22:12:26","slug":"participacion-ciudadana-capacito-a-mas-de-30-funcionarios-en-quijos-y-el-chaco","status":"publish","type":"post","link":"https:\/\/www.participacionciudadana.org\/web\/2022\/07\/15\/participacion-ciudadana-capacito-a-mas-de-30-funcionarios-en-quijos-y-el-chaco\/","title":{"rendered":"Participaci\u00f3n Ciudadana capacit\u00f3 a m\u00e1s de 30 funcionarios en Quijos y El Chaco"},"content":{"rendered":"\n<p><\/p>\n\n\n\n<p>La Corporaci\u00f3n Participaci\u00f3n Ciudadana capacit\u00f3 a m\u00e1s de 30 funcionarios en Quijos y El Chaco, en la provincia de Napo, en torno a la aplicaci\u00f3n y usabilidad de la Ley Org\u00e1nica de Acceso a la Informaci\u00f3n P\u00fablica, LOTAIP.<\/p>\n\n\n\n<p>El equipo t\u00e9cnico de Participaci\u00f3n Ciudadana (PC) liderado por el subdirector, Sim\u00f3n Jaramillo, capacit\u00f3 a los funcionarios de los Gobierno Aut\u00f3nomos Descentralizados Municipales de Quijos y El Chaco, sobre el derecho de los ciudadanos al acceso a la informaci\u00f3n de las instituciones p\u00fablicas, as\u00ed como sobre los derechos y obligaciones de los servidores p\u00fablicos en cuanto al cumplimiento con la LOTAIP.<\/p>\n\n\n\n<p>Sim\u00f3n Jaramillo, explic\u00f3 que toda instituci\u00f3n p\u00fablica est\u00e1 obligada a entregar la informaci\u00f3n solicitada por los ciudadanos, pero tambi\u00e9n tiene el deber de proteger la informaci\u00f3n considerada como reservada y confidencial. En ese sentido, resalt\u00f3 que en el marco de este contenido de apoyo que brinda PC a las instituciones \u201cpueden contar con el apoyo de PC en la parte legal y en la parte t\u00e9cnica\u201d.<\/p>\n\n\n\n<p>Estas capacitaciones que promueven la transparencia \u201cson importantes para que nuestros funcionarios tengan el conocimiento y la facilidad para brindar a la ciudadanos la informaci\u00f3n que les corresponde\u201d, as\u00ed lo resalt\u00f3 \u00d3scar de la Cruz, secretario general del Gobierno Aut\u00f3nomo Descentralizado Municipal de El Chaco.<\/p>\n\n\n\n<p>Por su parte, \u00a0el coordinador del centro de monitoreo, William G\u00e1ndara, enfatiz\u00f3 en que la conformaci\u00f3n adecuada del Comit\u00e9 de Transparencia en las instituciones \u201ces lo que garantiza la adecuada implementaci\u00f3n del proceso para cumplir con todos los literales de la LOTAIP\u201d<\/p>\n\n\n\n<p>Estos talleres de capacitaci\u00f3n forman parte del programa Amazon\u00eda Transparente que Participaci\u00f3n Ciudadana lleva adelante con el apoyo de la Embajada de Estados Unidos en Ecuador junto a la Corporaci\u00f3n de Gesti\u00f3n y Derecho Ambiental, (Ecolex) y la Fundaci\u00f3n Ciudadan\u00eda de Desarrollo (FCD) con el objetivo de fomentar la transparencia.<\/p>\n\n\n\n<p>.<\/p>\n","protected":false},"excerpt":{"rendered":"<p>La Corporaci\u00f3n Participaci\u00f3n Ciudadana capacit\u00f3 a m\u00e1s de 30 funcionarios en Quijos y El Chaco, en la provincia de Napo, en torno a la aplicaci\u00f3n y usabilidad de la Ley Org\u00e1nica de Acceso a la Informaci\u00f3n P\u00fablica, LOTAIP. El equipo t\u00e9cnico de Participaci\u00f3n Ciudadana (PC) liderado por el subdirector, Sim\u00f3n Jaramillo, capacit\u00f3 a los funcionarios [&hellip;]<\/p>\n","protected":false},"author":7,"featured_media":3667,"comment_status":"open","ping_status":"open","sticky":false,"template":"","format":"standard","meta":{"site-sidebar-layout":"default","site-content-layout":"","ast-site-content-layout":"default","site-content-style":"default","site-sidebar-style":"default","ast-global-header-display":"","ast-banner-title-visibility":"","ast-main-header-display":"","ast-hfb-above-header-display":"","ast-hfb-below-header-display":"","ast-hfb-mobile-header-display":"","site-post-title":"","ast-breadcrumbs-content":"","ast-featured-img":"","footer-sml-layout":"","ast-disable-related-posts":"","theme-transparent-header-meta":"","adv-header-id-meta":"","stick-header-meta":"","header-above-stick-meta":"","header-main-stick-meta":"","header-below-stick-meta":"","astra-migrate-meta-layouts":"default","ast-page-background-enabled":"default","ast-page-background-meta":{"desktop":{"background-color":"","background-image":"","background-repeat":"repeat","background-position":"center center","background-size":"auto","background-attachment":"scroll","background-type":"","background-media":"","overlay-type":"","overlay-color":"","overlay-opacity":"","overlay-gradient":""},"tablet":{"background-color":"","background-image":"","background-repeat":"repeat","background-position":"center center","background-size":"auto","background-attachment":"scroll","background-type":"","background-media":"","overlay-type":"","overlay-color":"","overlay-opacity":"","overlay-gradient":""},"mobile":{"background-color":"","background-image":"","background-repeat":"repeat","background-position":"center center","background-size":"auto","background-attachment":"scroll","background-type":"","background-media":"","overlay-type":"","overlay-color":"","overlay-opacity":"","overlay-gradient":""}},"ast-content-background-meta":{"desktop":{"background-color":"var(--ast-global-color-5)","background-image":"","background-repeat":"repeat","background-position":"center center","background-size":"auto","background-attachment":"scroll","background-type":"","background-media":"","overlay-type":"","overlay-color":"","overlay-opacity":"","overlay-gradient":""},"tablet":{"background-color":"var(--ast-global-color-5)","background-image":"","background-repeat":"repeat","background-position":"center center","background-size":"auto","background-attachment":"scroll","background-type":"","background-media":"","overlay-type":"","overlay-color":"","overlay-opacity":"","overlay-gradient":""},"mobile":{"background-color":"var(--ast-global-color-5)","background-image":"","background-repeat":"repeat","background-position":"center center","background-size":"auto","background-attachment":"scroll","background-type":"","background-media":"","overlay-type":"","overlay-color":"","overlay-opacity":"","overlay-gradient":""}},"_joinchat":[],"footnotes":""},"categories":[78],"tags":[],"class_list":["post-3666","post","type-post","status-publish","format-standard","has-post-thumbnail","hentry","category-boletines"],"yoast_head":"<!-- This site is optimized with the Yoast SEO plugin v26.5 - https:\/\/yoast.com\/wordpress\/plugins\/seo\/ -->\n<title>Participaci\u00f3n Ciudadana capacit\u00f3 a m\u00e1s de 30 funcionarios en Quijos y El Chaco - Participaci\u00f3n Ciudadana<\/title>\n<meta name=\"robots\" content=\"index, follow, max-snippet:-1, max-image-preview:large, max-video-preview:-1\" \/>\n<link rel=\"canonical\" href=\"https:\/\/www.participacionciudadana.org\/web\/2022\/07\/15\/participacion-ciudadana-capacito-a-mas-de-30-funcionarios-en-quijos-y-el-chaco\/\" \/>\n<meta property=\"og:locale\" content=\"es_ES\" \/>\n<meta property=\"og:type\" content=\"article\" \/>\n<meta property=\"og:title\" content=\"Participaci\u00f3n Ciudadana capacit\u00f3 a m\u00e1s de 30 funcionarios en Quijos y El Chaco - Participaci\u00f3n Ciudadana\" \/>\n<meta property=\"og:description\" content=\"La Corporaci\u00f3n Participaci\u00f3n Ciudadana capacit\u00f3 a m\u00e1s de 30 funcionarios en Quijos y El Chaco, en la provincia de Napo, en torno a la aplicaci\u00f3n y usabilidad de la Ley Org\u00e1nica de Acceso a la Informaci\u00f3n P\u00fablica, LOTAIP. El equipo t\u00e9cnico de Participaci\u00f3n Ciudadana (PC) liderado por el subdirector, Sim\u00f3n Jaramillo, capacit\u00f3 a los funcionarios [&hellip;]\" \/>\n<meta property=\"og:url\" content=\"https:\/\/www.participacionciudadana.org\/web\/2022\/07\/15\/participacion-ciudadana-capacito-a-mas-de-30-funcionarios-en-quijos-y-el-chaco\/\" \/>\n<meta property=\"og:site_name\" content=\"Participaci\u00f3n Ciudadana\" \/>\n<meta property=\"article:publisher\" content=\"https:\/\/www.facebook.com\/ParticipacionPC\/\" \/>\n<meta property=\"article:published_time\" content=\"2022-07-15T21:48:29+00:00\" \/>\n<meta property=\"article:modified_time\" content=\"2022-07-15T22:12:26+00:00\" \/>\n<meta property=\"og:image\" content=\"https:\/\/www.participacionciudadana.org\/web\/wp-content\/uploads\/2022\/07\/b.jpeg\" \/>\n\t<meta property=\"og:image:width\" content=\"1000\" \/>\n\t<meta property=\"og:image:height\" content=\"1000\" \/>\n\t<meta property=\"og:image:type\" content=\"image\/jpeg\" \/>\n<meta name=\"author\" content=\"Karen Ramos\" \/>\n<meta name=\"twitter:card\" content=\"summary_large_image\" \/>\n<meta name=\"twitter:creator\" content=\"@ParticipacionPC\" \/>\n<meta name=\"twitter:site\" content=\"@ParticipacionPC\" \/>\n<meta name=\"twitter:label1\" content=\"Escrito por\" \/>\n\t<meta name=\"twitter:data1\" content=\"Karen Ramos\" \/>\n\t<meta name=\"twitter:label2\" content=\"Tiempo de lectura\" \/>\n\t<meta name=\"twitter:data2\" content=\"2 minutos\" \/>\n<script type=\"application\/ld+json\" class=\"yoast-schema-graph\">{\"@context\":\"https:\/\/schema.org\",\"@graph\":[{\"@type\":\"Article\",\"@id\":\"https:\/\/www.participacionciudadana.org\/web\/2022\/07\/15\/participacion-ciudadana-capacito-a-mas-de-30-funcionarios-en-quijos-y-el-chaco\/#article\",\"isPartOf\":{\"@id\":\"https:\/\/www.participacionciudadana.org\/web\/2022\/07\/15\/participacion-ciudadana-capacito-a-mas-de-30-funcionarios-en-quijos-y-el-chaco\/\"},\"author\":{\"name\":\"Karen Ramos\",\"@id\":\"https:\/\/www.participacionciudadana.org\/web\/#\/schema\/person\/7d1c54696e041e527f8fbfd6c9b513ae\"},\"headline\":\"Participaci\u00f3n Ciudadana capacit\u00f3 a m\u00e1s de 30 funcionarios en Quijos y El Chaco\",\"datePublished\":\"2022-07-15T21:48:29+00:00\",\"dateModified\":\"2022-07-15T22:12:26+00:00\",\"mainEntityOfPage\":{\"@id\":\"https:\/\/www.participacionciudadana.org\/web\/2022\/07\/15\/participacion-ciudadana-capacito-a-mas-de-30-funcionarios-en-quijos-y-el-chaco\/\"},\"wordCount\":348,\"commentCount\":0,\"publisher\":{\"@id\":\"https:\/\/www.participacionciudadana.org\/web\/#organization\"},\"image\":{\"@id\":\"https:\/\/www.participacionciudadana.org\/web\/2022\/07\/15\/participacion-ciudadana-capacito-a-mas-de-30-funcionarios-en-quijos-y-el-chaco\/#primaryimage\"},\"thumbnailUrl\":\"https:\/\/www.participacionciudadana.org\/web\/wp-content\/uploads\/2022\/07\/b.jpeg\",\"articleSection\":[\"Boletines\"],\"inLanguage\":\"es\",\"potentialAction\":[{\"@type\":\"CommentAction\",\"name\":\"Comment\",\"target\":[\"https:\/\/www.participacionciudadana.org\/web\/2022\/07\/15\/participacion-ciudadana-capacito-a-mas-de-30-funcionarios-en-quijos-y-el-chaco\/#respond\"]}]},{\"@type\":\"WebPage\",\"@id\":\"https:\/\/www.participacionciudadana.org\/web\/2022\/07\/15\/participacion-ciudadana-capacito-a-mas-de-30-funcionarios-en-quijos-y-el-chaco\/\",\"url\":\"https:\/\/www.participacionciudadana.org\/web\/2022\/07\/15\/participacion-ciudadana-capacito-a-mas-de-30-funcionarios-en-quijos-y-el-chaco\/\",\"name\":\"Participaci\u00f3n Ciudadana capacit\u00f3 a m\u00e1s de 30 funcionarios en Quijos y El Chaco - Participaci\u00f3n Ciudadana\",\"isPartOf\":{\"@id\":\"https:\/\/www.participacionciudadana.org\/web\/#website\"},\"primaryImageOfPage\":{\"@id\":\"https:\/\/www.participacionciudadana.org\/web\/2022\/07\/15\/participacion-ciudadana-capacito-a-mas-de-30-funcionarios-en-quijos-y-el-chaco\/#primaryimage\"},\"image\":{\"@id\":\"https:\/\/www.participacionciudadana.org\/web\/2022\/07\/15\/participacion-ciudadana-capacito-a-mas-de-30-funcionarios-en-quijos-y-el-chaco\/#primaryimage\"},\"thumbnailUrl\":\"https:\/\/www.participacionciudadana.org\/web\/wp-content\/uploads\/2022\/07\/b.jpeg\",\"datePublished\":\"2022-07-15T21:48:29+00:00\",\"dateModified\":\"2022-07-15T22:12:26+00:00\",\"breadcrumb\":{\"@id\":\"https:\/\/www.participacionciudadana.org\/web\/2022\/07\/15\/participacion-ciudadana-capacito-a-mas-de-30-funcionarios-en-quijos-y-el-chaco\/#breadcrumb\"},\"inLanguage\":\"es\",\"potentialAction\":[{\"@type\":\"ReadAction\",\"target\":[\"https:\/\/www.participacionciudadana.org\/web\/2022\/07\/15\/participacion-ciudadana-capacito-a-mas-de-30-funcionarios-en-quijos-y-el-chaco\/\"]}]},{\"@type\":\"ImageObject\",\"inLanguage\":\"es\",\"@id\":\"https:\/\/www.participacionciudadana.org\/web\/2022\/07\/15\/participacion-ciudadana-capacito-a-mas-de-30-funcionarios-en-quijos-y-el-chaco\/#primaryimage\",\"url\":\"https:\/\/www.participacionciudadana.org\/web\/wp-content\/uploads\/2022\/07\/b.jpeg\",\"contentUrl\":\"https:\/\/www.participacionciudadana.org\/web\/wp-content\/uploads\/2022\/07\/b.jpeg\",\"width\":1000,\"height\":1000},{\"@type\":\"BreadcrumbList\",\"@id\":\"https:\/\/www.participacionciudadana.org\/web\/2022\/07\/15\/participacion-ciudadana-capacito-a-mas-de-30-funcionarios-en-quijos-y-el-chaco\/#breadcrumb\",\"itemListElement\":[{\"@type\":\"ListItem\",\"position\":1,\"name\":\"Portada\",\"item\":\"https:\/\/www.participacionciudadana.org\/web\/\"},{\"@type\":\"ListItem\",\"position\":2,\"name\":\"Participaci\u00f3n Ciudadana capacit\u00f3 a m\u00e1s de 30 funcionarios en Quijos y El Chaco\"}]},{\"@type\":\"WebSite\",\"@id\":\"https:\/\/www.participacionciudadana.org\/web\/#website\",\"url\":\"https:\/\/www.participacionciudadana.org\/web\/\",\"name\":\"Participaci\u00f3n Ciudadana\",\"description\":\"Comprometidos con la democracia\",\"publisher\":{\"@id\":\"https:\/\/www.participacionciudadana.org\/web\/#organization\"},\"potentialAction\":[{\"@type\":\"SearchAction\",\"target\":{\"@type\":\"EntryPoint\",\"urlTemplate\":\"https:\/\/www.participacionciudadana.org\/web\/?s={search_term_string}\"},\"query-input\":{\"@type\":\"PropertyValueSpecification\",\"valueRequired\":true,\"valueName\":\"search_term_string\"}}],\"inLanguage\":\"es\"},{\"@type\":\"Organization\",\"@id\":\"https:\/\/www.participacionciudadana.org\/web\/#organization\",\"name\":\"Participaci\u00f3n Ciudadana\",\"url\":\"https:\/\/www.participacionciudadana.org\/web\/\",\"logo\":{\"@type\":\"ImageObject\",\"inLanguage\":\"es\",\"@id\":\"https:\/\/www.participacionciudadana.org\/web\/#\/schema\/logo\/image\/\",\"url\":\"https:\/\/www.participacionciudadana.org\/web\/wp-content\/uploads\/2021\/11\/cropped-logo_pc-1.png\",\"contentUrl\":\"https:\/\/www.participacionciudadana.org\/web\/wp-content\/uploads\/2021\/11\/cropped-logo_pc-1.png\",\"width\":340,\"height\":114,\"caption\":\"Participaci\u00f3n Ciudadana\"},\"image\":{\"@id\":\"https:\/\/www.participacionciudadana.org\/web\/#\/schema\/logo\/image\/\"},\"sameAs\":[\"https:\/\/www.facebook.com\/ParticipacionPC\/\",\"https:\/\/x.com\/ParticipacionPC\"]},{\"@type\":\"Person\",\"@id\":\"https:\/\/www.participacionciudadana.org\/web\/#\/schema\/person\/7d1c54696e041e527f8fbfd6c9b513ae\",\"name\":\"Karen Ramos\",\"image\":{\"@type\":\"ImageObject\",\"inLanguage\":\"es\",\"@id\":\"https:\/\/www.participacionciudadana.org\/web\/#\/schema\/person\/image\/\",\"url\":\"https:\/\/secure.gravatar.com\/avatar\/286968dbb3bb60217f1c7034fda5fe010f5c132ea9d76191d7dbe615e76f9e88?s=96&d=mm&r=g\",\"contentUrl\":\"https:\/\/secure.gravatar.com\/avatar\/286968dbb3bb60217f1c7034fda5fe010f5c132ea9d76191d7dbe615e76f9e88?s=96&d=mm&r=g\",\"caption\":\"Karen Ramos\"},\"url\":\"https:\/\/www.participacionciudadana.org\/web\/author\/karenliz\/\"}]}<\/script>\n<!-- \/ Yoast SEO plugin. -->","yoast_head_json":{"title":"Participaci\u00f3n Ciudadana capacit\u00f3 a m\u00e1s de 30 funcionarios en Quijos y El Chaco - Participaci\u00f3n Ciudadana","robots":{"index":"index","follow":"follow","max-snippet":"max-snippet:-1","max-image-preview":"max-image-preview:large","max-video-preview":"max-video-preview:-1"},"canonical":"https:\/\/www.participacionciudadana.org\/web\/2022\/07\/15\/participacion-ciudadana-capacito-a-mas-de-30-funcionarios-en-quijos-y-el-chaco\/","og_locale":"es_ES","og_type":"article","og_title":"Participaci\u00f3n Ciudadana capacit\u00f3 a m\u00e1s de 30 funcionarios en Quijos y El Chaco - Participaci\u00f3n Ciudadana","og_description":"La Corporaci\u00f3n Participaci\u00f3n Ciudadana capacit\u00f3 a m\u00e1s de 30 funcionarios en Quijos y El Chaco, en la provincia de Napo, en torno a la aplicaci\u00f3n y usabilidad de la Ley Org\u00e1nica de Acceso a la Informaci\u00f3n P\u00fablica, LOTAIP. El equipo t\u00e9cnico de Participaci\u00f3n Ciudadana (PC) liderado por el subdirector, Sim\u00f3n Jaramillo, capacit\u00f3 a los funcionarios [&hellip;]","og_url":"https:\/\/www.participacionciudadana.org\/web\/2022\/07\/15\/participacion-ciudadana-capacito-a-mas-de-30-funcionarios-en-quijos-y-el-chaco\/","og_site_name":"Participaci\u00f3n Ciudadana","article_publisher":"https:\/\/www.facebook.com\/ParticipacionPC\/","article_published_time":"2022-07-15T21:48:29+00:00","article_modified_time":"2022-07-15T22:12:26+00:00","og_image":[{"width":1000,"height":1000,"url":"https:\/\/www.participacionciudadana.org\/web\/wp-content\/uploads\/2022\/07\/b.jpeg","type":"image\/jpeg"}],"author":"Karen Ramos","twitter_card":"summary_large_image","twitter_creator":"@ParticipacionPC","twitter_site":"@ParticipacionPC","twitter_misc":{"Escrito por":"Karen Ramos","Tiempo de lectura":"2 minutos"},"schema":{"@context":"https:\/\/schema.org","@graph":[{"@type":"Article","@id":"https:\/\/www.participacionciudadana.org\/web\/2022\/07\/15\/participacion-ciudadana-capacito-a-mas-de-30-funcionarios-en-quijos-y-el-chaco\/#article","isPartOf":{"@id":"https:\/\/www.participacionciudadana.org\/web\/2022\/07\/15\/participacion-ciudadana-capacito-a-mas-de-30-funcionarios-en-quijos-y-el-chaco\/"},"author":{"name":"Karen Ramos","@id":"https:\/\/www.participacionciudadana.org\/web\/#\/schema\/person\/7d1c54696e041e527f8fbfd6c9b513ae"},"headline":"Participaci\u00f3n Ciudadana capacit\u00f3 a m\u00e1s de 30 funcionarios en Quijos y El Chaco","datePublished":"2022-07-15T21:48:29+00:00","dateModified":"2022-07-15T22:12:26+00:00","mainEntityOfPage":{"@id":"https:\/\/www.participacionciudadana.org\/web\/2022\/07\/15\/participacion-ciudadana-capacito-a-mas-de-30-funcionarios-en-quijos-y-el-chaco\/"},"wordCount":348,"commentCount":0,"publisher":{"@id":"https:\/\/www.participacionciudadana.org\/web\/#organization"},"image":{"@id":"https:\/\/www.participacionciudadana.org\/web\/2022\/07\/15\/participacion-ciudadana-capacito-a-mas-de-30-funcionarios-en-quijos-y-el-chaco\/#primaryimage"},"thumbnailUrl":"https:\/\/www.participacionciudadana.org\/web\/wp-content\/uploads\/2022\/07\/b.jpeg","articleSection":["Boletines"],"inLanguage":"es","potentialAction":[{"@type":"CommentAction","name":"Comment","target":["https:\/\/www.participacionciudadana.org\/web\/2022\/07\/15\/participacion-ciudadana-capacito-a-mas-de-30-funcionarios-en-quijos-y-el-chaco\/#respond"]}]},{"@type":"WebPage","@id":"https:\/\/www.participacionciudadana.org\/web\/2022\/07\/15\/participacion-ciudadana-capacito-a-mas-de-30-funcionarios-en-quijos-y-el-chaco\/","url":"https:\/\/www.participacionciudadana.org\/web\/2022\/07\/15\/participacion-ciudadana-capacito-a-mas-de-30-funcionarios-en-quijos-y-el-chaco\/","name":"Participaci\u00f3n Ciudadana capacit\u00f3 a m\u00e1s de 30 funcionarios en Quijos y El Chaco - Participaci\u00f3n Ciudadana","isPartOf":{"@id":"https:\/\/www.participacionciudadana.org\/web\/#website"},"primaryImageOfPage":{"@id":"https:\/\/www.participacionciudadana.org\/web\/2022\/07\/15\/participacion-ciudadana-capacito-a-mas-de-30-funcionarios-en-quijos-y-el-chaco\/#primaryimage"},"image":{"@id":"https:\/\/www.participacionciudadana.org\/web\/2022\/07\/15\/participacion-ciudadana-capacito-a-mas-de-30-funcionarios-en-quijos-y-el-chaco\/#primaryimage"},"thumbnailUrl":"https:\/\/www.participacionciudadana.org\/web\/wp-content\/uploads\/2022\/07\/b.jpeg","datePublished":"2022-07-15T21:48:29+00:00","dateModified":"2022-07-15T22:12:26+00:00","breadcrumb":{"@id":"https:\/\/www.participacionciudadana.org\/web\/2022\/07\/15\/participacion-ciudadana-capacito-a-mas-de-30-funcionarios-en-quijos-y-el-chaco\/#breadcrumb"},"inLanguage":"es","potentialAction":[{"@type":"ReadAction","target":["https:\/\/www.participacionciudadana.org\/web\/2022\/07\/15\/participacion-ciudadana-capacito-a-mas-de-30-funcionarios-en-quijos-y-el-chaco\/"]}]},{"@type":"ImageObject","inLanguage":"es","@id":"https:\/\/www.participacionciudadana.org\/web\/2022\/07\/15\/participacion-ciudadana-capacito-a-mas-de-30-funcionarios-en-quijos-y-el-chaco\/#primaryimage","url":"https:\/\/www.participacionciudadana.org\/web\/wp-content\/uploads\/2022\/07\/b.jpeg","contentUrl":"https:\/\/www.participacionciudadana.org\/web\/wp-content\/uploads\/2022\/07\/b.jpeg","width":1000,"height":1000},{"@type":"BreadcrumbList","@id":"https:\/\/www.participacionciudadana.org\/web\/2022\/07\/15\/participacion-ciudadana-capacito-a-mas-de-30-funcionarios-en-quijos-y-el-chaco\/#breadcrumb","itemListElement":[{"@type":"ListItem","position":1,"name":"Portada","item":"https:\/\/www.participacionciudadana.org\/web\/"},{"@type":"ListItem","position":2,"name":"Participaci\u00f3n Ciudadana capacit\u00f3 a m\u00e1s de 30 funcionarios en Quijos y El Chaco"}]},{"@type":"WebSite","@id":"https:\/\/www.participacionciudadana.org\/web\/#website","url":"https:\/\/www.participacionciudadana.org\/web\/","name":"Participaci\u00f3n Ciudadana","description":"Comprometidos con la democracia","publisher":{"@id":"https:\/\/www.participacionciudadana.org\/web\/#organization"},"potentialAction":[{"@type":"SearchAction","target":{"@type":"EntryPoint","urlTemplate":"https:\/\/www.participacionciudadana.org\/web\/?s={search_term_string}"},"query-input":{"@type":"PropertyValueSpecification","valueRequired":true,"valueName":"search_term_string"}}],"inLanguage":"es"},{"@type":"Organization","@id":"https:\/\/www.participacionciudadana.org\/web\/#organization","name":"Participaci\u00f3n Ciudadana","url":"https:\/\/www.participacionciudadana.org\/web\/","logo":{"@type":"ImageObject","inLanguage":"es","@id":"https:\/\/www.participacionciudadana.org\/web\/#\/schema\/logo\/image\/","url":"https:\/\/www.participacionciudadana.org\/web\/wp-content\/uploads\/2021\/11\/cropped-logo_pc-1.png","contentUrl":"https:\/\/www.participacionciudadana.org\/web\/wp-content\/uploads\/2021\/11\/cropped-logo_pc-1.png","width":340,"height":114,"caption":"Participaci\u00f3n Ciudadana"},"image":{"@id":"https:\/\/www.participacionciudadana.org\/web\/#\/schema\/logo\/image\/"},"sameAs":["https:\/\/www.facebook.com\/ParticipacionPC\/","https:\/\/x.com\/ParticipacionPC"]},{"@type":"Person","@id":"https:\/\/www.participacionciudadana.org\/web\/#\/schema\/person\/7d1c54696e041e527f8fbfd6c9b513ae","name":"Karen Ramos","image":{"@type":"ImageObject","inLanguage":"es","@id":"https:\/\/www.participacionciudadana.org\/web\/#\/schema\/person\/image\/","url":"https:\/\/secure.gravatar.com\/avatar\/286968dbb3bb60217f1c7034fda5fe010f5c132ea9d76191d7dbe615e76f9e88?s=96&d=mm&r=g","contentUrl":"https:\/\/secure.gravatar.com\/avatar\/286968dbb3bb60217f1c7034fda5fe010f5c132ea9d76191d7dbe615e76f9e88?s=96&d=mm&r=g","caption":"Karen Ramos"},"url":"https:\/\/www.participacionciudadana.org\/web\/author\/karenliz\/"}]}},"_links":{"self":[{"href":"https:\/\/www.participacionciudadana.org\/web\/wp-json\/wp\/v2\/posts\/3666","targetHints":{"allow":["GET"]}}],"collection":[{"href":"https:\/\/www.participacionciudadana.org\/web\/wp-json\/wp\/v2\/posts"}],"about":[{"href":"https:\/\/www.participacionciudadana.org\/web\/wp-json\/wp\/v2\/types\/post"}],"author":[{"embeddable":true,"href":"https:\/\/www.participacionciudadana.org\/web\/wp-json\/wp\/v2\/users\/7"}],"replies":[{"embeddable":true,"href":"https:\/\/www.participacionciudadana.org\/web\/wp-json\/wp\/v2\/comments?post=3666"}],"version-history":[{"count":0,"href":"https:\/\/www.participacionciudadana.org\/web\/wp-json\/wp\/v2\/posts\/3666\/revisions"}],"wp:featuredmedia":[{"embeddable":true,"href":"https:\/\/www.participacionciudadana.org\/web\/wp-json\/wp\/v2\/media\/3667"}],"wp:attachment":[{"href":"https:\/\/www.participacionciudadana.org\/web\/wp-json\/wp\/v2\/media?parent=3666"}],"wp:term":[{"taxonomy":"category","embeddable":true,"href":"https:\/\/www.participacionciudadana.org\/web\/wp-json\/wp\/v2\/categories?post=3666"},{"taxonomy":"post_tag","embeddable":true,"href":"https:\/\/www.participacionciudadana.org\/web\/wp-json\/wp\/v2\/tags?post=3666"}],"curies":[{"name":"wp","href":"https:\/\/api.w.org\/{rel}","templated":true}]}}