{"id":3799,"date":"2022-08-18T15:22:26","date_gmt":"2022-08-18T20:22:26","guid":{"rendered":"https:\/\/www.participacionciudadana.org\/web\/?p=3799"},"modified":"2022-08-18T15:53:15","modified_gmt":"2022-08-18T20:53:15","slug":"participacion-ciudadana-presento-el-estudio-impacto-de-la-pandemia-en-el-empleo-femenino-en-micro-y-pequenas-empresas-desarrollado-por-cordes","status":"publish","type":"post","link":"https:\/\/www.participacionciudadana.org\/web\/2022\/08\/18\/participacion-ciudadana-presento-el-estudio-impacto-de-la-pandemia-en-el-empleo-femenino-en-micro-y-pequenas-empresas-desarrollado-por-cordes\/","title":{"rendered":"Participaci\u00f3n Ciudadana present\u00f3 el estudio: \u201cImpacto de la pandemia en el empleo femenino en micro y peque\u00f1as empresas\u201d, desarrollado por CORDES"},"content":{"rendered":"\n<p class=\"has-text-align-right\">18 de agosto de 2022<\/p>\n\n\n\n<p>La Corporaci\u00f3n Participaci\u00f3n Ciudadana (PC) present\u00f3 hoy el estudio \u201cImpacto de la pandemia en el empleo femenino en micro y peque\u00f1as empresas\u201d, elaborado por la Corporaci\u00f3n de Estudios para el Desarrollo (Cordes), con apoyo de USAID.<\/p>\n\n\n\n<p>Este estudio muestra como la p\u00e9rdida de vidas estuvo acompa\u00f1ada de costos econ\u00f3micos y sociales significativos para el pa\u00eds. \u201cLa econom\u00eda ecuatoriana registr\u00f3 una contracci\u00f3n in\u00e9dita del 7,8% durante 2020, ante un desplome del 19% en la inversi\u00f3n, una ca\u00edda del 8,2% en el consumo de los hogares y una reducci\u00f3n del 5,1% en el gasto p\u00fablico (Banco Central del Ecuador, 2022)\u201d, se\u00f1ala el informe.<\/p>\n\n\n\n<p>Ruth Hidalgo, directora ejecutiva de PC, destac\u00f3 la importancia de que se fomente la generaci\u00f3n de empleos, a trav\u00e9s de un sistema de pol\u00edticas p\u00fablicas vinculados al sistema educativo, con enfoque de g\u00e9nero y con prevenci\u00f3n de violencia.<\/p>\n\n\n\n<p>El estudio que fue expuesto por Felipe Hurtado, director acad\u00e9mico de CORDES, refleja la mayor vulnerabilidad que enfrentan las mujeres dentro del mercado laboral ecuatoriano, donde reciben, en promedio, ingresos que son casi 20% menores que los de los hombres y s\u00f3lo una de cada cuatro mujeres cuenta con un empleo adecuado.<\/p>\n\n\n\n<p>Entre las conclusiones de la publicaci\u00f3n se encuentran que las actividades en donde m\u00e1s empleos femeninos se perdieron entre micro y peque\u00f1as empresas fueron: actividades de restaurantes, alojamiento, educaci\u00f3n, fabricaci\u00f3n y venta de prendas de vestir, as\u00ed como que Gal\u00e1pagos fue la provincia con la mayor p\u00e9rdida de empleos seguida por Tungurahua. De igual manera se se\u00f1ala que la pandemia provoc\u00f3 la destrucci\u00f3n de casi 40.000 establecimientos, as\u00ed como la p\u00e9rdida de m\u00e1s de $3.000 millones en ventas, s\u00f3lo en micro y peque\u00f1os negocios.<\/p>\n\n\n\n<p><strong>Accede al informe completo aqu\u00ed<\/strong><\/p>\n\n\n\n<div data-wp-interactive=\"core\/file\" class=\"wp-block-file\"><object data-wp-bind--hidden=\"!state.hasPdfPreview\" hidden class=\"wp-block-file__embed\" data=\"https:\/\/www.participacionciudadana.org\/web\/wp-content\/uploads\/2022\/07\/Estudio-empleo-femenino-y-pymes-01.pdf\" type=\"application\/pdf\" style=\"width:100%;height:600px\" aria-label=\"Incrustado de Incrustado de Estudio empleo femenino y pymes 01..\"><\/object><a id=\"wp-block-file--media-b8cd5b31-0f5e-4c24-8011-571e755b8ca8\" href=\"https:\/\/www.participacionciudadana.org\/web\/wp-content\/uploads\/2022\/07\/Estudio-empleo-femenino-y-pymes-01.pdf\">Estudio empleo femenino y pymes 01<\/a><a href=\"https:\/\/www.participacionciudadana.org\/web\/wp-content\/uploads\/2022\/07\/Estudio-empleo-femenino-y-pymes-01.pdf\" class=\"wp-block-file__button\" download aria-describedby=\"wp-block-file--media-b8cd5b31-0f5e-4c24-8011-571e755b8ca8\">Descarga<\/a><\/div>\n","protected":false},"excerpt":{"rendered":"<p>18 de agosto de 2022 La Corporaci\u00f3n Participaci\u00f3n Ciudadana (PC) present\u00f3 hoy el estudio \u201cImpacto de la pandemia en el empleo femenino en micro y peque\u00f1as empresas\u201d, elaborado por la Corporaci\u00f3n de Estudios para el Desarrollo (Cordes), con apoyo de USAID. Este estudio muestra como la p\u00e9rdida de vidas estuvo acompa\u00f1ada de costos econ\u00f3micos y [&hellip;]<\/p>\n","protected":false},"author":7,"featured_media":3800,"comment_status":"open","ping_status":"open","sticky":false,"template":"","format":"standard","meta":{"site-sidebar-layout":"default","site-content-layout":"","ast-site-content-layout":"default","site-content-style":"default","site-sidebar-style":"default","ast-global-header-display":"","ast-banner-title-visibility":"","ast-main-header-display":"","ast-hfb-above-header-display":"","ast-hfb-below-header-display":"","ast-hfb-mobile-header-display":"","site-post-title":"","ast-breadcrumbs-content":"","ast-featured-img":"","footer-sml-layout":"","ast-disable-related-posts":"","theme-transparent-header-meta":"","adv-header-id-meta":"","stick-header-meta":"","header-above-stick-meta":"","header-main-stick-meta":"","header-below-stick-meta":"","astra-migrate-meta-layouts":"default","ast-page-background-enabled":"default","ast-page-background-meta":{"desktop":{"background-color":"","background-image":"","background-repeat":"repeat","background-position":"center center","background-size":"auto","background-attachment":"scroll","background-type":"","background-media":"","overlay-type":"","overlay-color":"","overlay-opacity":"","overlay-gradient":""},"tablet":{"background-color":"","background-image":"","background-repeat":"repeat","background-position":"center center","background-size":"auto","background-attachment":"scroll","background-type":"","background-media":"","overlay-type":"","overlay-color":"","overlay-opacity":"","overlay-gradient":""},"mobile":{"background-color":"","background-image":"","background-repeat":"repeat","background-position":"center center","background-size":"auto","background-attachment":"scroll","background-type":"","background-media":"","overlay-type":"","overlay-color":"","overlay-opacity":"","overlay-gradient":""}},"ast-content-background-meta":{"desktop":{"background-color":"var(--ast-global-color-5)","background-image":"","background-repeat":"repeat","background-position":"center center","background-size":"auto","background-attachment":"scroll","background-type":"","background-media":"","overlay-type":"","overlay-color":"","overlay-opacity":"","overlay-gradient":""},"tablet":{"background-color":"var(--ast-global-color-5)","background-image":"","background-repeat":"repeat","background-position":"center center","background-size":"auto","background-attachment":"scroll","background-type":"","background-media":"","overlay-type":"","overlay-color":"","overlay-opacity":"","overlay-gradient":""},"mobile":{"background-color":"var(--ast-global-color-5)","background-image":"","background-repeat":"repeat","background-position":"center center","background-size":"auto","background-attachment":"scroll","background-type":"","background-media":"","overlay-type":"","overlay-color":"","overlay-opacity":"","overlay-gradient":""}},"_joinchat":[],"footnotes":""},"categories":[78,1],"tags":[],"class_list":["post-3799","post","type-post","status-publish","format-standard","has-post-thumbnail","hentry","category-boletines","category-sin-categoria"],"yoast_head":"<!-- This site is optimized with the Yoast SEO plugin v26.5 - https:\/\/yoast.com\/wordpress\/plugins\/seo\/ -->\n<title>Participaci\u00f3n Ciudadana present\u00f3 el estudio: \u201cImpacto de la pandemia en el empleo femenino en micro y peque\u00f1as empresas\u201d, desarrollado por CORDES - Participaci\u00f3n Ciudadana<\/title>\n<meta name=\"robots\" content=\"index, follow, max-snippet:-1, max-image-preview:large, max-video-preview:-1\" \/>\n<link rel=\"canonical\" href=\"https:\/\/www.participacionciudadana.org\/web\/2022\/08\/18\/participacion-ciudadana-presento-el-estudio-impacto-de-la-pandemia-en-el-empleo-femenino-en-micro-y-pequenas-empresas-desarrollado-por-cordes\/\" \/>\n<meta property=\"og:locale\" content=\"es_ES\" \/>\n<meta property=\"og:type\" content=\"article\" \/>\n<meta property=\"og:title\" content=\"Participaci\u00f3n Ciudadana present\u00f3 el estudio: \u201cImpacto de la pandemia en el empleo femenino en micro y peque\u00f1as empresas\u201d, desarrollado por CORDES - Participaci\u00f3n Ciudadana\" \/>\n<meta property=\"og:description\" content=\"18 de agosto de 2022 La Corporaci\u00f3n Participaci\u00f3n Ciudadana (PC) present\u00f3 hoy el estudio \u201cImpacto de la pandemia en el empleo femenino en micro y peque\u00f1as empresas\u201d, elaborado por la Corporaci\u00f3n de Estudios para el Desarrollo (Cordes), con apoyo de USAID. Este estudio muestra como la p\u00e9rdida de vidas estuvo acompa\u00f1ada de costos econ\u00f3micos y [&hellip;]\" \/>\n<meta property=\"og:url\" content=\"https:\/\/www.participacionciudadana.org\/web\/2022\/08\/18\/participacion-ciudadana-presento-el-estudio-impacto-de-la-pandemia-en-el-empleo-femenino-en-micro-y-pequenas-empresas-desarrollado-por-cordes\/\" \/>\n<meta property=\"og:site_name\" content=\"Participaci\u00f3n Ciudadana\" \/>\n<meta property=\"article:publisher\" content=\"https:\/\/www.facebook.com\/ParticipacionPC\/\" \/>\n<meta property=\"article:published_time\" content=\"2022-08-18T20:22:26+00:00\" \/>\n<meta property=\"article:modified_time\" content=\"2022-08-18T20:53:15+00:00\" \/>\n<meta property=\"og:image\" content=\"https:\/\/www.participacionciudadana.org\/web\/wp-content\/uploads\/2022\/08\/ESTUDIO.jpeg\" \/>\n\t<meta property=\"og:image:width\" content=\"1000\" \/>\n\t<meta property=\"og:image:height\" content=\"1000\" \/>\n\t<meta property=\"og:image:type\" content=\"image\/jpeg\" \/>\n<meta name=\"author\" content=\"Karen Ramos\" \/>\n<meta name=\"twitter:card\" content=\"summary_large_image\" \/>\n<meta name=\"twitter:creator\" content=\"@ParticipacionPC\" \/>\n<meta name=\"twitter:site\" content=\"@ParticipacionPC\" \/>\n<meta name=\"twitter:label1\" content=\"Escrito por\" \/>\n\t<meta name=\"twitter:data1\" content=\"Karen Ramos\" \/>\n\t<meta name=\"twitter:label2\" content=\"Tiempo de lectura\" \/>\n\t<meta name=\"twitter:data2\" content=\"2 minutos\" \/>\n<script type=\"application\/ld+json\" class=\"yoast-schema-graph\">{\"@context\":\"https:\/\/schema.org\",\"@graph\":[{\"@type\":\"Article\",\"@id\":\"https:\/\/www.participacionciudadana.org\/web\/2022\/08\/18\/participacion-ciudadana-presento-el-estudio-impacto-de-la-pandemia-en-el-empleo-femenino-en-micro-y-pequenas-empresas-desarrollado-por-cordes\/#article\",\"isPartOf\":{\"@id\":\"https:\/\/www.participacionciudadana.org\/web\/2022\/08\/18\/participacion-ciudadana-presento-el-estudio-impacto-de-la-pandemia-en-el-empleo-femenino-en-micro-y-pequenas-empresas-desarrollado-por-cordes\/\"},\"author\":{\"name\":\"Karen Ramos\",\"@id\":\"https:\/\/www.participacionciudadana.org\/web\/#\/schema\/person\/7d1c54696e041e527f8fbfd6c9b513ae\"},\"headline\":\"Participaci\u00f3n Ciudadana present\u00f3 el estudio: \u201cImpacto de la pandemia en el empleo femenino en micro y peque\u00f1as empresas\u201d, desarrollado por CORDES\",\"datePublished\":\"2022-08-18T20:22:26+00:00\",\"dateModified\":\"2022-08-18T20:53:15+00:00\",\"mainEntityOfPage\":{\"@id\":\"https:\/\/www.participacionciudadana.org\/web\/2022\/08\/18\/participacion-ciudadana-presento-el-estudio-impacto-de-la-pandemia-en-el-empleo-femenino-en-micro-y-pequenas-empresas-desarrollado-por-cordes\/\"},\"wordCount\":340,\"commentCount\":0,\"publisher\":{\"@id\":\"https:\/\/www.participacionciudadana.org\/web\/#organization\"},\"image\":{\"@id\":\"https:\/\/www.participacionciudadana.org\/web\/2022\/08\/18\/participacion-ciudadana-presento-el-estudio-impacto-de-la-pandemia-en-el-empleo-femenino-en-micro-y-pequenas-empresas-desarrollado-por-cordes\/#primaryimage\"},\"thumbnailUrl\":\"https:\/\/www.participacionciudadana.org\/web\/wp-content\/uploads\/2022\/08\/ESTUDIO.jpeg\",\"articleSection\":[\"Boletines\"],\"inLanguage\":\"es\",\"potentialAction\":[{\"@type\":\"CommentAction\",\"name\":\"Comment\",\"target\":[\"https:\/\/www.participacionciudadana.org\/web\/2022\/08\/18\/participacion-ciudadana-presento-el-estudio-impacto-de-la-pandemia-en-el-empleo-femenino-en-micro-y-pequenas-empresas-desarrollado-por-cordes\/#respond\"]}]},{\"@type\":\"WebPage\",\"@id\":\"https:\/\/www.participacionciudadana.org\/web\/2022\/08\/18\/participacion-ciudadana-presento-el-estudio-impacto-de-la-pandemia-en-el-empleo-femenino-en-micro-y-pequenas-empresas-desarrollado-por-cordes\/\",\"url\":\"https:\/\/www.participacionciudadana.org\/web\/2022\/08\/18\/participacion-ciudadana-presento-el-estudio-impacto-de-la-pandemia-en-el-empleo-femenino-en-micro-y-pequenas-empresas-desarrollado-por-cordes\/\",\"name\":\"Participaci\u00f3n Ciudadana present\u00f3 el estudio: \u201cImpacto de la pandemia en el empleo femenino en micro y peque\u00f1as empresas\u201d, desarrollado por CORDES - Participaci\u00f3n Ciudadana\",\"isPartOf\":{\"@id\":\"https:\/\/www.participacionciudadana.org\/web\/#website\"},\"primaryImageOfPage\":{\"@id\":\"https:\/\/www.participacionciudadana.org\/web\/2022\/08\/18\/participacion-ciudadana-presento-el-estudio-impacto-de-la-pandemia-en-el-empleo-femenino-en-micro-y-pequenas-empresas-desarrollado-por-cordes\/#primaryimage\"},\"image\":{\"@id\":\"https:\/\/www.participacionciudadana.org\/web\/2022\/08\/18\/participacion-ciudadana-presento-el-estudio-impacto-de-la-pandemia-en-el-empleo-femenino-en-micro-y-pequenas-empresas-desarrollado-por-cordes\/#primaryimage\"},\"thumbnailUrl\":\"https:\/\/www.participacionciudadana.org\/web\/wp-content\/uploads\/2022\/08\/ESTUDIO.jpeg\",\"datePublished\":\"2022-08-18T20:22:26+00:00\",\"dateModified\":\"2022-08-18T20:53:15+00:00\",\"breadcrumb\":{\"@id\":\"https:\/\/www.participacionciudadana.org\/web\/2022\/08\/18\/participacion-ciudadana-presento-el-estudio-impacto-de-la-pandemia-en-el-empleo-femenino-en-micro-y-pequenas-empresas-desarrollado-por-cordes\/#breadcrumb\"},\"inLanguage\":\"es\",\"potentialAction\":[{\"@type\":\"ReadAction\",\"target\":[\"https:\/\/www.participacionciudadana.org\/web\/2022\/08\/18\/participacion-ciudadana-presento-el-estudio-impacto-de-la-pandemia-en-el-empleo-femenino-en-micro-y-pequenas-empresas-desarrollado-por-cordes\/\"]}]},{\"@type\":\"ImageObject\",\"inLanguage\":\"es\",\"@id\":\"https:\/\/www.participacionciudadana.org\/web\/2022\/08\/18\/participacion-ciudadana-presento-el-estudio-impacto-de-la-pandemia-en-el-empleo-femenino-en-micro-y-pequenas-empresas-desarrollado-por-cordes\/#primaryimage\",\"url\":\"https:\/\/www.participacionciudadana.org\/web\/wp-content\/uploads\/2022\/08\/ESTUDIO.jpeg\",\"contentUrl\":\"https:\/\/www.participacionciudadana.org\/web\/wp-content\/uploads\/2022\/08\/ESTUDIO.jpeg\",\"width\":1000,\"height\":1000},{\"@type\":\"BreadcrumbList\",\"@id\":\"https:\/\/www.participacionciudadana.org\/web\/2022\/08\/18\/participacion-ciudadana-presento-el-estudio-impacto-de-la-pandemia-en-el-empleo-femenino-en-micro-y-pequenas-empresas-desarrollado-por-cordes\/#breadcrumb\",\"itemListElement\":[{\"@type\":\"ListItem\",\"position\":1,\"name\":\"Portada\",\"item\":\"https:\/\/www.participacionciudadana.org\/web\/\"},{\"@type\":\"ListItem\",\"position\":2,\"name\":\"Participaci\u00f3n Ciudadana present\u00f3 el estudio: \u201cImpacto de la pandemia en el empleo femenino en micro y peque\u00f1as empresas\u201d, desarrollado por CORDES\"}]},{\"@type\":\"WebSite\",\"@id\":\"https:\/\/www.participacionciudadana.org\/web\/#website\",\"url\":\"https:\/\/www.participacionciudadana.org\/web\/\",\"name\":\"Participaci\u00f3n Ciudadana\",\"description\":\"Comprometidos con la democracia\",\"publisher\":{\"@id\":\"https:\/\/www.participacionciudadana.org\/web\/#organization\"},\"potentialAction\":[{\"@type\":\"SearchAction\",\"target\":{\"@type\":\"EntryPoint\",\"urlTemplate\":\"https:\/\/www.participacionciudadana.org\/web\/?s={search_term_string}\"},\"query-input\":{\"@type\":\"PropertyValueSpecification\",\"valueRequired\":true,\"valueName\":\"search_term_string\"}}],\"inLanguage\":\"es\"},{\"@type\":\"Organization\",\"@id\":\"https:\/\/www.participacionciudadana.org\/web\/#organization\",\"name\":\"Participaci\u00f3n Ciudadana\",\"url\":\"https:\/\/www.participacionciudadana.org\/web\/\",\"logo\":{\"@type\":\"ImageObject\",\"inLanguage\":\"es\",\"@id\":\"https:\/\/www.participacionciudadana.org\/web\/#\/schema\/logo\/image\/\",\"url\":\"https:\/\/www.participacionciudadana.org\/web\/wp-content\/uploads\/2021\/11\/cropped-logo_pc-1.png\",\"contentUrl\":\"https:\/\/www.participacionciudadana.org\/web\/wp-content\/uploads\/2021\/11\/cropped-logo_pc-1.png\",\"width\":340,\"height\":114,\"caption\":\"Participaci\u00f3n Ciudadana\"},\"image\":{\"@id\":\"https:\/\/www.participacionciudadana.org\/web\/#\/schema\/logo\/image\/\"},\"sameAs\":[\"https:\/\/www.facebook.com\/ParticipacionPC\/\",\"https:\/\/x.com\/ParticipacionPC\"]},{\"@type\":\"Person\",\"@id\":\"https:\/\/www.participacionciudadana.org\/web\/#\/schema\/person\/7d1c54696e041e527f8fbfd6c9b513ae\",\"name\":\"Karen Ramos\",\"image\":{\"@type\":\"ImageObject\",\"inLanguage\":\"es\",\"@id\":\"https:\/\/www.participacionciudadana.org\/web\/#\/schema\/person\/image\/\",\"url\":\"https:\/\/secure.gravatar.com\/avatar\/286968dbb3bb60217f1c7034fda5fe010f5c132ea9d76191d7dbe615e76f9e88?s=96&d=mm&r=g\",\"contentUrl\":\"https:\/\/secure.gravatar.com\/avatar\/286968dbb3bb60217f1c7034fda5fe010f5c132ea9d76191d7dbe615e76f9e88?s=96&d=mm&r=g\",\"caption\":\"Karen Ramos\"},\"url\":\"https:\/\/www.participacionciudadana.org\/web\/author\/karenliz\/\"}]}<\/script>\n<!-- \/ Yoast SEO plugin. -->","yoast_head_json":{"title":"Participaci\u00f3n Ciudadana present\u00f3 el estudio: \u201cImpacto de la pandemia en el empleo femenino en micro y peque\u00f1as empresas\u201d, desarrollado por CORDES - Participaci\u00f3n Ciudadana","robots":{"index":"index","follow":"follow","max-snippet":"max-snippet:-1","max-image-preview":"max-image-preview:large","max-video-preview":"max-video-preview:-1"},"canonical":"https:\/\/www.participacionciudadana.org\/web\/2022\/08\/18\/participacion-ciudadana-presento-el-estudio-impacto-de-la-pandemia-en-el-empleo-femenino-en-micro-y-pequenas-empresas-desarrollado-por-cordes\/","og_locale":"es_ES","og_type":"article","og_title":"Participaci\u00f3n Ciudadana present\u00f3 el estudio: \u201cImpacto de la pandemia en el empleo femenino en micro y peque\u00f1as empresas\u201d, desarrollado por CORDES - Participaci\u00f3n Ciudadana","og_description":"18 de agosto de 2022 La Corporaci\u00f3n Participaci\u00f3n Ciudadana (PC) present\u00f3 hoy el estudio \u201cImpacto de la pandemia en el empleo femenino en micro y peque\u00f1as empresas\u201d, elaborado por la Corporaci\u00f3n de Estudios para el Desarrollo (Cordes), con apoyo de USAID. Este estudio muestra como la p\u00e9rdida de vidas estuvo acompa\u00f1ada de costos econ\u00f3micos y [&hellip;]","og_url":"https:\/\/www.participacionciudadana.org\/web\/2022\/08\/18\/participacion-ciudadana-presento-el-estudio-impacto-de-la-pandemia-en-el-empleo-femenino-en-micro-y-pequenas-empresas-desarrollado-por-cordes\/","og_site_name":"Participaci\u00f3n Ciudadana","article_publisher":"https:\/\/www.facebook.com\/ParticipacionPC\/","article_published_time":"2022-08-18T20:22:26+00:00","article_modified_time":"2022-08-18T20:53:15+00:00","og_image":[{"width":1000,"height":1000,"url":"https:\/\/www.participacionciudadana.org\/web\/wp-content\/uploads\/2022\/08\/ESTUDIO.jpeg","type":"image\/jpeg"}],"author":"Karen Ramos","twitter_card":"summary_large_image","twitter_creator":"@ParticipacionPC","twitter_site":"@ParticipacionPC","twitter_misc":{"Escrito por":"Karen Ramos","Tiempo de lectura":"2 minutos"},"schema":{"@context":"https:\/\/schema.org","@graph":[{"@type":"Article","@id":"https:\/\/www.participacionciudadana.org\/web\/2022\/08\/18\/participacion-ciudadana-presento-el-estudio-impacto-de-la-pandemia-en-el-empleo-femenino-en-micro-y-pequenas-empresas-desarrollado-por-cordes\/#article","isPartOf":{"@id":"https:\/\/www.participacionciudadana.org\/web\/2022\/08\/18\/participacion-ciudadana-presento-el-estudio-impacto-de-la-pandemia-en-el-empleo-femenino-en-micro-y-pequenas-empresas-desarrollado-por-cordes\/"},"author":{"name":"Karen Ramos","@id":"https:\/\/www.participacionciudadana.org\/web\/#\/schema\/person\/7d1c54696e041e527f8fbfd6c9b513ae"},"headline":"Participaci\u00f3n Ciudadana present\u00f3 el estudio: \u201cImpacto de la pandemia en el empleo femenino en micro y peque\u00f1as empresas\u201d, desarrollado por CORDES","datePublished":"2022-08-18T20:22:26+00:00","dateModified":"2022-08-18T20:53:15+00:00","mainEntityOfPage":{"@id":"https:\/\/www.participacionciudadana.org\/web\/2022\/08\/18\/participacion-ciudadana-presento-el-estudio-impacto-de-la-pandemia-en-el-empleo-femenino-en-micro-y-pequenas-empresas-desarrollado-por-cordes\/"},"wordCount":340,"commentCount":0,"publisher":{"@id":"https:\/\/www.participacionciudadana.org\/web\/#organization"},"image":{"@id":"https:\/\/www.participacionciudadana.org\/web\/2022\/08\/18\/participacion-ciudadana-presento-el-estudio-impacto-de-la-pandemia-en-el-empleo-femenino-en-micro-y-pequenas-empresas-desarrollado-por-cordes\/#primaryimage"},"thumbnailUrl":"https:\/\/www.participacionciudadana.org\/web\/wp-content\/uploads\/2022\/08\/ESTUDIO.jpeg","articleSection":["Boletines"],"inLanguage":"es","potentialAction":[{"@type":"CommentAction","name":"Comment","target":["https:\/\/www.participacionciudadana.org\/web\/2022\/08\/18\/participacion-ciudadana-presento-el-estudio-impacto-de-la-pandemia-en-el-empleo-femenino-en-micro-y-pequenas-empresas-desarrollado-por-cordes\/#respond"]}]},{"@type":"WebPage","@id":"https:\/\/www.participacionciudadana.org\/web\/2022\/08\/18\/participacion-ciudadana-presento-el-estudio-impacto-de-la-pandemia-en-el-empleo-femenino-en-micro-y-pequenas-empresas-desarrollado-por-cordes\/","url":"https:\/\/www.participacionciudadana.org\/web\/2022\/08\/18\/participacion-ciudadana-presento-el-estudio-impacto-de-la-pandemia-en-el-empleo-femenino-en-micro-y-pequenas-empresas-desarrollado-por-cordes\/","name":"Participaci\u00f3n Ciudadana present\u00f3 el estudio: \u201cImpacto de la pandemia en el empleo femenino en micro y peque\u00f1as empresas\u201d, desarrollado por CORDES - Participaci\u00f3n Ciudadana","isPartOf":{"@id":"https:\/\/www.participacionciudadana.org\/web\/#website"},"primaryImageOfPage":{"@id":"https:\/\/www.participacionciudadana.org\/web\/2022\/08\/18\/participacion-ciudadana-presento-el-estudio-impacto-de-la-pandemia-en-el-empleo-femenino-en-micro-y-pequenas-empresas-desarrollado-por-cordes\/#primaryimage"},"image":{"@id":"https:\/\/www.participacionciudadana.org\/web\/2022\/08\/18\/participacion-ciudadana-presento-el-estudio-impacto-de-la-pandemia-en-el-empleo-femenino-en-micro-y-pequenas-empresas-desarrollado-por-cordes\/#primaryimage"},"thumbnailUrl":"https:\/\/www.participacionciudadana.org\/web\/wp-content\/uploads\/2022\/08\/ESTUDIO.jpeg","datePublished":"2022-08-18T20:22:26+00:00","dateModified":"2022-08-18T20:53:15+00:00","breadcrumb":{"@id":"https:\/\/www.participacionciudadana.org\/web\/2022\/08\/18\/participacion-ciudadana-presento-el-estudio-impacto-de-la-pandemia-en-el-empleo-femenino-en-micro-y-pequenas-empresas-desarrollado-por-cordes\/#breadcrumb"},"inLanguage":"es","potentialAction":[{"@type":"ReadAction","target":["https:\/\/www.participacionciudadana.org\/web\/2022\/08\/18\/participacion-ciudadana-presento-el-estudio-impacto-de-la-pandemia-en-el-empleo-femenino-en-micro-y-pequenas-empresas-desarrollado-por-cordes\/"]}]},{"@type":"ImageObject","inLanguage":"es","@id":"https:\/\/www.participacionciudadana.org\/web\/2022\/08\/18\/participacion-ciudadana-presento-el-estudio-impacto-de-la-pandemia-en-el-empleo-femenino-en-micro-y-pequenas-empresas-desarrollado-por-cordes\/#primaryimage","url":"https:\/\/www.participacionciudadana.org\/web\/wp-content\/uploads\/2022\/08\/ESTUDIO.jpeg","contentUrl":"https:\/\/www.participacionciudadana.org\/web\/wp-content\/uploads\/2022\/08\/ESTUDIO.jpeg","width":1000,"height":1000},{"@type":"BreadcrumbList","@id":"https:\/\/www.participacionciudadana.org\/web\/2022\/08\/18\/participacion-ciudadana-presento-el-estudio-impacto-de-la-pandemia-en-el-empleo-femenino-en-micro-y-pequenas-empresas-desarrollado-por-cordes\/#breadcrumb","itemListElement":[{"@type":"ListItem","position":1,"name":"Portada","item":"https:\/\/www.participacionciudadana.org\/web\/"},{"@type":"ListItem","position":2,"name":"Participaci\u00f3n Ciudadana present\u00f3 el estudio: \u201cImpacto de la pandemia en el empleo femenino en micro y peque\u00f1as empresas\u201d, desarrollado por CORDES"}]},{"@type":"WebSite","@id":"https:\/\/www.participacionciudadana.org\/web\/#website","url":"https:\/\/www.participacionciudadana.org\/web\/","name":"Participaci\u00f3n Ciudadana","description":"Comprometidos con la democracia","publisher":{"@id":"https:\/\/www.participacionciudadana.org\/web\/#organization"},"potentialAction":[{"@type":"SearchAction","target":{"@type":"EntryPoint","urlTemplate":"https:\/\/www.participacionciudadana.org\/web\/?s={search_term_string}"},"query-input":{"@type":"PropertyValueSpecification","valueRequired":true,"valueName":"search_term_string"}}],"inLanguage":"es"},{"@type":"Organization","@id":"https:\/\/www.participacionciudadana.org\/web\/#organization","name":"Participaci\u00f3n Ciudadana","url":"https:\/\/www.participacionciudadana.org\/web\/","logo":{"@type":"ImageObject","inLanguage":"es","@id":"https:\/\/www.participacionciudadana.org\/web\/#\/schema\/logo\/image\/","url":"https:\/\/www.participacionciudadana.org\/web\/wp-content\/uploads\/2021\/11\/cropped-logo_pc-1.png","contentUrl":"https:\/\/www.participacionciudadana.org\/web\/wp-content\/uploads\/2021\/11\/cropped-logo_pc-1.png","width":340,"height":114,"caption":"Participaci\u00f3n Ciudadana"},"image":{"@id":"https:\/\/www.participacionciudadana.org\/web\/#\/schema\/logo\/image\/"},"sameAs":["https:\/\/www.facebook.com\/ParticipacionPC\/","https:\/\/x.com\/ParticipacionPC"]},{"@type":"Person","@id":"https:\/\/www.participacionciudadana.org\/web\/#\/schema\/person\/7d1c54696e041e527f8fbfd6c9b513ae","name":"Karen Ramos","image":{"@type":"ImageObject","inLanguage":"es","@id":"https:\/\/www.participacionciudadana.org\/web\/#\/schema\/person\/image\/","url":"https:\/\/secure.gravatar.com\/avatar\/286968dbb3bb60217f1c7034fda5fe010f5c132ea9d76191d7dbe615e76f9e88?s=96&d=mm&r=g","contentUrl":"https:\/\/secure.gravatar.com\/avatar\/286968dbb3bb60217f1c7034fda5fe010f5c132ea9d76191d7dbe615e76f9e88?s=96&d=mm&r=g","caption":"Karen Ramos"},"url":"https:\/\/www.participacionciudadana.org\/web\/author\/karenliz\/"}]}},"_links":{"self":[{"href":"https:\/\/www.participacionciudadana.org\/web\/wp-json\/wp\/v2\/posts\/3799","targetHints":{"allow":["GET"]}}],"collection":[{"href":"https:\/\/www.participacionciudadana.org\/web\/wp-json\/wp\/v2\/posts"}],"about":[{"href":"https:\/\/www.participacionciudadana.org\/web\/wp-json\/wp\/v2\/types\/post"}],"author":[{"embeddable":true,"href":"https:\/\/www.participacionciudadana.org\/web\/wp-json\/wp\/v2\/users\/7"}],"replies":[{"embeddable":true,"href":"https:\/\/www.participacionciudadana.org\/web\/wp-json\/wp\/v2\/comments?post=3799"}],"version-history":[{"count":0,"href":"https:\/\/www.participacionciudadana.org\/web\/wp-json\/wp\/v2\/posts\/3799\/revisions"}],"wp:featuredmedia":[{"embeddable":true,"href":"https:\/\/www.participacionciudadana.org\/web\/wp-json\/wp\/v2\/media\/3800"}],"wp:attachment":[{"href":"https:\/\/www.participacionciudadana.org\/web\/wp-json\/wp\/v2\/media?parent=3799"}],"wp:term":[{"taxonomy":"category","embeddable":true,"href":"https:\/\/www.participacionciudadana.org\/web\/wp-json\/wp\/v2\/categories?post=3799"},{"taxonomy":"post_tag","embeddable":true,"href":"https:\/\/www.participacionciudadana.org\/web\/wp-json\/wp\/v2\/tags?post=3799"}],"curies":[{"name":"wp","href":"https:\/\/api.w.org\/{rel}","templated":true}]}}