{"id":3817,"date":"2022-08-26T11:26:54","date_gmt":"2022-08-26T16:26:54","guid":{"rendered":"https:\/\/www.participacionciudadana.org\/web\/?p=3817"},"modified":"2022-08-26T11:57:55","modified_gmt":"2022-08-26T16:57:55","slug":"participacion-ciudadana-capacito-a-sociedad-civil-y-funcionarios-publicos-en-la-alcaldia-de-milagro","status":"publish","type":"post","link":"https:\/\/www.participacionciudadana.org\/web\/2022\/08\/26\/participacion-ciudadana-capacito-a-sociedad-civil-y-funcionarios-publicos-en-la-alcaldia-de-milagro\/","title":{"rendered":"Participaci\u00f3n Ciudadana capacit\u00f3 a sociedad civil y funcionarios p\u00fablicos en la Alcald\u00eda de Milagro"},"content":{"rendered":"\n<p class=\"has-text-align-right\">Viernes, 26 de agosto de 2022<\/p>\n\n\n\n<p><\/p>\n\n\n\n<p>La Corporaci\u00f3n Participaci\u00f3n Ciudadana capacit\u00f3 a representantes de la sociedad civil y funcionarios p\u00fablicos en la Alcald\u00eda de Milagro, en cuanto al fortalecimiento de la transparencia y el derecho de acceso a la informaci\u00f3n como herramienta de control social.<\/p>\n\n\n\n<p>El equipo t\u00e9cnico de Participaci\u00f3n Ciudadana (PC) liderado por el subdirector, Sim\u00f3n Jaramillo, dict\u00f3 un taller a m\u00e1s de 70 personas de la sociedad civil en la ciudad de Milagro, provincia de Guayas, en la que se expuso acerca del rol de los ciudadanos como garantes del cumplimiento del derecho de acceso a la informaci\u00f3n p\u00fablica.<\/p>\n\n\n\n<p>\u201cA trav\u00e9s de la informaci\u00f3n adecuada y oportuna se puede promover mejoras en los servicios p\u00fablicos\u201c, as\u00ed lo se\u00f1al\u00f3 Mar\u00eda Isabel Suarez, representante de la ciudadela de Mar\u00eda Teresa en Milagro.<\/p>\n\n\n\n<p>Adicional, se llev\u00f3 a cabo tambi\u00e9n un taller con los funcionarios y miembros del Comit\u00e9 de Transparencia del Gobierno Aut\u00f3nomo Descentralizado Municipal de Milagro en torno a la importancia y principios del acceso a la informaci\u00f3n p\u00fablica, as\u00ed como sobre las obligaciones de las instituciones p\u00fablicas sobre el cumplimiento de la Ley Org\u00e1nica de Transparencia y Acceso a la Informaci\u00f3n P\u00fablica, LOTAIP.<\/p>\n\n\n\n<p>\u201cHa sido muy enriquecedora la capacitaci\u00f3n porque hemos disipado dudas en torno al art\u00edculo 7 de la LOTAIP. Con esto podremos reducir el tiempo para cumplir con las obligaciones en beneficio de la ciudadan\u00eda\u201d, Pilar Rodr\u00edguez, presidenta del Comit\u00e9 de Transparencia del Gobierno Aut\u00f3nomo Descentralizado Municipal de Milagro.<\/p>\n\n\n\n<p>Estos talleres que imparte permanentemente Participaci\u00f3n Ciudadana tienen el objetivo de fomentar la transparencia y la institucionalidad, teniendo en cuenta los derechos y obligaciones tanto de las instituciones p\u00fablicas como de los ciudadanos.<\/p>\n","protected":false},"excerpt":{"rendered":"<p>Viernes, 26 de agosto de 2022 La Corporaci\u00f3n Participaci\u00f3n Ciudadana capacit\u00f3 a representantes de la sociedad civil y funcionarios p\u00fablicos en la Alcald\u00eda de Milagro, en cuanto al fortalecimiento de la transparencia y el derecho de acceso a la informaci\u00f3n como herramienta de control social. El equipo t\u00e9cnico de Participaci\u00f3n Ciudadana (PC) liderado por el [&hellip;]<\/p>\n","protected":false},"author":7,"featured_media":3819,"comment_status":"open","ping_status":"open","sticky":false,"template":"","format":"standard","meta":{"site-sidebar-layout":"default","site-content-layout":"","ast-site-content-layout":"default","site-content-style":"default","site-sidebar-style":"default","ast-global-header-display":"","ast-banner-title-visibility":"","ast-main-header-display":"","ast-hfb-above-header-display":"","ast-hfb-below-header-display":"","ast-hfb-mobile-header-display":"","site-post-title":"","ast-breadcrumbs-content":"","ast-featured-img":"","footer-sml-layout":"","ast-disable-related-posts":"","theme-transparent-header-meta":"","adv-header-id-meta":"","stick-header-meta":"","header-above-stick-meta":"","header-main-stick-meta":"","header-below-stick-meta":"","astra-migrate-meta-layouts":"default","ast-page-background-enabled":"default","ast-page-background-meta":{"desktop":{"background-color":"","background-image":"","background-repeat":"repeat","background-position":"center center","background-size":"auto","background-attachment":"scroll","background-type":"","background-media":"","overlay-type":"","overlay-color":"","overlay-opacity":"","overlay-gradient":""},"tablet":{"background-color":"","background-image":"","background-repeat":"repeat","background-position":"center center","background-size":"auto","background-attachment":"scroll","background-type":"","background-media":"","overlay-type":"","overlay-color":"","overlay-opacity":"","overlay-gradient":""},"mobile":{"background-color":"","background-image":"","background-repeat":"repeat","background-position":"center center","background-size":"auto","background-attachment":"scroll","background-type":"","background-media":"","overlay-type":"","overlay-color":"","overlay-opacity":"","overlay-gradient":""}},"ast-content-background-meta":{"desktop":{"background-color":"var(--ast-global-color-5)","background-image":"","background-repeat":"repeat","background-position":"center center","background-size":"auto","background-attachment":"scroll","background-type":"","background-media":"","overlay-type":"","overlay-color":"","overlay-opacity":"","overlay-gradient":""},"tablet":{"background-color":"var(--ast-global-color-5)","background-image":"","background-repeat":"repeat","background-position":"center center","background-size":"auto","background-attachment":"scroll","background-type":"","background-media":"","overlay-type":"","overlay-color":"","overlay-opacity":"","overlay-gradient":""},"mobile":{"background-color":"var(--ast-global-color-5)","background-image":"","background-repeat":"repeat","background-position":"center center","background-size":"auto","background-attachment":"scroll","background-type":"","background-media":"","overlay-type":"","overlay-color":"","overlay-opacity":"","overlay-gradient":""}},"_joinchat":[],"footnotes":""},"categories":[78,23],"tags":[],"class_list":["post-3817","post","type-post","status-publish","format-standard","has-post-thumbnail","hentry","category-boletines","category-comunicacion"],"yoast_head":"<!-- This site is optimized with the Yoast SEO plugin v26.5 - https:\/\/yoast.com\/wordpress\/plugins\/seo\/ -->\n<title>Participaci\u00f3n Ciudadana capacit\u00f3 a sociedad civil y funcionarios p\u00fablicos en la Alcald\u00eda de Milagro - Participaci\u00f3n Ciudadana<\/title>\n<meta name=\"robots\" content=\"index, follow, max-snippet:-1, max-image-preview:large, max-video-preview:-1\" \/>\n<link rel=\"canonical\" href=\"https:\/\/www.participacionciudadana.org\/web\/2022\/08\/26\/participacion-ciudadana-capacito-a-sociedad-civil-y-funcionarios-publicos-en-la-alcaldia-de-milagro\/\" \/>\n<meta property=\"og:locale\" content=\"es_ES\" \/>\n<meta property=\"og:type\" content=\"article\" \/>\n<meta property=\"og:title\" content=\"Participaci\u00f3n Ciudadana capacit\u00f3 a sociedad civil y funcionarios p\u00fablicos en la Alcald\u00eda de Milagro - Participaci\u00f3n Ciudadana\" \/>\n<meta property=\"og:description\" content=\"Viernes, 26 de agosto de 2022 La Corporaci\u00f3n Participaci\u00f3n Ciudadana capacit\u00f3 a representantes de la sociedad civil y funcionarios p\u00fablicos en la Alcald\u00eda de Milagro, en cuanto al fortalecimiento de la transparencia y el derecho de acceso a la informaci\u00f3n como herramienta de control social. El equipo t\u00e9cnico de Participaci\u00f3n Ciudadana (PC) liderado por el [&hellip;]\" \/>\n<meta property=\"og:url\" content=\"https:\/\/www.participacionciudadana.org\/web\/2022\/08\/26\/participacion-ciudadana-capacito-a-sociedad-civil-y-funcionarios-publicos-en-la-alcaldia-de-milagro\/\" \/>\n<meta property=\"og:site_name\" content=\"Participaci\u00f3n Ciudadana\" \/>\n<meta property=\"article:publisher\" content=\"https:\/\/www.facebook.com\/ParticipacionPC\/\" \/>\n<meta property=\"article:published_time\" content=\"2022-08-26T16:26:54+00:00\" \/>\n<meta property=\"article:modified_time\" content=\"2022-08-26T16:57:55+00:00\" \/>\n<meta property=\"og:image\" content=\"https:\/\/www.participacionciudadana.org\/web\/wp-content\/uploads\/2022\/08\/PC-capacitacion-milagro.jpeg\" \/>\n\t<meta property=\"og:image:width\" content=\"1000\" \/>\n\t<meta property=\"og:image:height\" content=\"1000\" \/>\n\t<meta property=\"og:image:type\" content=\"image\/jpeg\" \/>\n<meta name=\"author\" content=\"Karen Ramos\" \/>\n<meta name=\"twitter:card\" content=\"summary_large_image\" \/>\n<meta name=\"twitter:creator\" content=\"@ParticipacionPC\" \/>\n<meta name=\"twitter:site\" content=\"@ParticipacionPC\" \/>\n<meta name=\"twitter:label1\" content=\"Escrito por\" \/>\n\t<meta name=\"twitter:data1\" content=\"Karen Ramos\" \/>\n\t<meta name=\"twitter:label2\" content=\"Tiempo de lectura\" \/>\n\t<meta name=\"twitter:data2\" content=\"2 minutos\" \/>\n<script type=\"application\/ld+json\" class=\"yoast-schema-graph\">{\"@context\":\"https:\/\/schema.org\",\"@graph\":[{\"@type\":\"Article\",\"@id\":\"https:\/\/www.participacionciudadana.org\/web\/2022\/08\/26\/participacion-ciudadana-capacito-a-sociedad-civil-y-funcionarios-publicos-en-la-alcaldia-de-milagro\/#article\",\"isPartOf\":{\"@id\":\"https:\/\/www.participacionciudadana.org\/web\/2022\/08\/26\/participacion-ciudadana-capacito-a-sociedad-civil-y-funcionarios-publicos-en-la-alcaldia-de-milagro\/\"},\"author\":{\"name\":\"Karen Ramos\",\"@id\":\"https:\/\/www.participacionciudadana.org\/web\/#\/schema\/person\/7d1c54696e041e527f8fbfd6c9b513ae\"},\"headline\":\"Participaci\u00f3n Ciudadana capacit\u00f3 a sociedad civil y funcionarios p\u00fablicos en la Alcald\u00eda de Milagro\",\"datePublished\":\"2022-08-26T16:26:54+00:00\",\"dateModified\":\"2022-08-26T16:57:55+00:00\",\"mainEntityOfPage\":{\"@id\":\"https:\/\/www.participacionciudadana.org\/web\/2022\/08\/26\/participacion-ciudadana-capacito-a-sociedad-civil-y-funcionarios-publicos-en-la-alcaldia-de-milagro\/\"},\"wordCount\":320,\"commentCount\":0,\"publisher\":{\"@id\":\"https:\/\/www.participacionciudadana.org\/web\/#organization\"},\"image\":{\"@id\":\"https:\/\/www.participacionciudadana.org\/web\/2022\/08\/26\/participacion-ciudadana-capacito-a-sociedad-civil-y-funcionarios-publicos-en-la-alcaldia-de-milagro\/#primaryimage\"},\"thumbnailUrl\":\"https:\/\/www.participacionciudadana.org\/web\/wp-content\/uploads\/2022\/08\/PC-capacitacion-milagro.jpeg\",\"articleSection\":[\"Boletines\",\"Comunicaci\u00f3n\"],\"inLanguage\":\"es\",\"potentialAction\":[{\"@type\":\"CommentAction\",\"name\":\"Comment\",\"target\":[\"https:\/\/www.participacionciudadana.org\/web\/2022\/08\/26\/participacion-ciudadana-capacito-a-sociedad-civil-y-funcionarios-publicos-en-la-alcaldia-de-milagro\/#respond\"]}]},{\"@type\":\"WebPage\",\"@id\":\"https:\/\/www.participacionciudadana.org\/web\/2022\/08\/26\/participacion-ciudadana-capacito-a-sociedad-civil-y-funcionarios-publicos-en-la-alcaldia-de-milagro\/\",\"url\":\"https:\/\/www.participacionciudadana.org\/web\/2022\/08\/26\/participacion-ciudadana-capacito-a-sociedad-civil-y-funcionarios-publicos-en-la-alcaldia-de-milagro\/\",\"name\":\"Participaci\u00f3n Ciudadana capacit\u00f3 a sociedad civil y funcionarios p\u00fablicos en la Alcald\u00eda de Milagro - Participaci\u00f3n Ciudadana\",\"isPartOf\":{\"@id\":\"https:\/\/www.participacionciudadana.org\/web\/#website\"},\"primaryImageOfPage\":{\"@id\":\"https:\/\/www.participacionciudadana.org\/web\/2022\/08\/26\/participacion-ciudadana-capacito-a-sociedad-civil-y-funcionarios-publicos-en-la-alcaldia-de-milagro\/#primaryimage\"},\"image\":{\"@id\":\"https:\/\/www.participacionciudadana.org\/web\/2022\/08\/26\/participacion-ciudadana-capacito-a-sociedad-civil-y-funcionarios-publicos-en-la-alcaldia-de-milagro\/#primaryimage\"},\"thumbnailUrl\":\"https:\/\/www.participacionciudadana.org\/web\/wp-content\/uploads\/2022\/08\/PC-capacitacion-milagro.jpeg\",\"datePublished\":\"2022-08-26T16:26:54+00:00\",\"dateModified\":\"2022-08-26T16:57:55+00:00\",\"breadcrumb\":{\"@id\":\"https:\/\/www.participacionciudadana.org\/web\/2022\/08\/26\/participacion-ciudadana-capacito-a-sociedad-civil-y-funcionarios-publicos-en-la-alcaldia-de-milagro\/#breadcrumb\"},\"inLanguage\":\"es\",\"potentialAction\":[{\"@type\":\"ReadAction\",\"target\":[\"https:\/\/www.participacionciudadana.org\/web\/2022\/08\/26\/participacion-ciudadana-capacito-a-sociedad-civil-y-funcionarios-publicos-en-la-alcaldia-de-milagro\/\"]}]},{\"@type\":\"ImageObject\",\"inLanguage\":\"es\",\"@id\":\"https:\/\/www.participacionciudadana.org\/web\/2022\/08\/26\/participacion-ciudadana-capacito-a-sociedad-civil-y-funcionarios-publicos-en-la-alcaldia-de-milagro\/#primaryimage\",\"url\":\"https:\/\/www.participacionciudadana.org\/web\/wp-content\/uploads\/2022\/08\/PC-capacitacion-milagro.jpeg\",\"contentUrl\":\"https:\/\/www.participacionciudadana.org\/web\/wp-content\/uploads\/2022\/08\/PC-capacitacion-milagro.jpeg\",\"width\":1000,\"height\":1000},{\"@type\":\"BreadcrumbList\",\"@id\":\"https:\/\/www.participacionciudadana.org\/web\/2022\/08\/26\/participacion-ciudadana-capacito-a-sociedad-civil-y-funcionarios-publicos-en-la-alcaldia-de-milagro\/#breadcrumb\",\"itemListElement\":[{\"@type\":\"ListItem\",\"position\":1,\"name\":\"Portada\",\"item\":\"https:\/\/www.participacionciudadana.org\/web\/\"},{\"@type\":\"ListItem\",\"position\":2,\"name\":\"Participaci\u00f3n Ciudadana capacit\u00f3 a sociedad civil y funcionarios p\u00fablicos en la Alcald\u00eda de Milagro\"}]},{\"@type\":\"WebSite\",\"@id\":\"https:\/\/www.participacionciudadana.org\/web\/#website\",\"url\":\"https:\/\/www.participacionciudadana.org\/web\/\",\"name\":\"Participaci\u00f3n Ciudadana\",\"description\":\"Comprometidos con la democracia\",\"publisher\":{\"@id\":\"https:\/\/www.participacionciudadana.org\/web\/#organization\"},\"potentialAction\":[{\"@type\":\"SearchAction\",\"target\":{\"@type\":\"EntryPoint\",\"urlTemplate\":\"https:\/\/www.participacionciudadana.org\/web\/?s={search_term_string}\"},\"query-input\":{\"@type\":\"PropertyValueSpecification\",\"valueRequired\":true,\"valueName\":\"search_term_string\"}}],\"inLanguage\":\"es\"},{\"@type\":\"Organization\",\"@id\":\"https:\/\/www.participacionciudadana.org\/web\/#organization\",\"name\":\"Participaci\u00f3n Ciudadana\",\"url\":\"https:\/\/www.participacionciudadana.org\/web\/\",\"logo\":{\"@type\":\"ImageObject\",\"inLanguage\":\"es\",\"@id\":\"https:\/\/www.participacionciudadana.org\/web\/#\/schema\/logo\/image\/\",\"url\":\"https:\/\/www.participacionciudadana.org\/web\/wp-content\/uploads\/2021\/11\/cropped-logo_pc-1.png\",\"contentUrl\":\"https:\/\/www.participacionciudadana.org\/web\/wp-content\/uploads\/2021\/11\/cropped-logo_pc-1.png\",\"width\":340,\"height\":114,\"caption\":\"Participaci\u00f3n Ciudadana\"},\"image\":{\"@id\":\"https:\/\/www.participacionciudadana.org\/web\/#\/schema\/logo\/image\/\"},\"sameAs\":[\"https:\/\/www.facebook.com\/ParticipacionPC\/\",\"https:\/\/x.com\/ParticipacionPC\"]},{\"@type\":\"Person\",\"@id\":\"https:\/\/www.participacionciudadana.org\/web\/#\/schema\/person\/7d1c54696e041e527f8fbfd6c9b513ae\",\"name\":\"Karen Ramos\",\"image\":{\"@type\":\"ImageObject\",\"inLanguage\":\"es\",\"@id\":\"https:\/\/www.participacionciudadana.org\/web\/#\/schema\/person\/image\/\",\"url\":\"https:\/\/secure.gravatar.com\/avatar\/286968dbb3bb60217f1c7034fda5fe010f5c132ea9d76191d7dbe615e76f9e88?s=96&d=mm&r=g\",\"contentUrl\":\"https:\/\/secure.gravatar.com\/avatar\/286968dbb3bb60217f1c7034fda5fe010f5c132ea9d76191d7dbe615e76f9e88?s=96&d=mm&r=g\",\"caption\":\"Karen Ramos\"},\"url\":\"https:\/\/www.participacionciudadana.org\/web\/author\/karenliz\/\"}]}<\/script>\n<!-- \/ Yoast SEO plugin. -->","yoast_head_json":{"title":"Participaci\u00f3n Ciudadana capacit\u00f3 a sociedad civil y funcionarios p\u00fablicos en la Alcald\u00eda de Milagro - Participaci\u00f3n Ciudadana","robots":{"index":"index","follow":"follow","max-snippet":"max-snippet:-1","max-image-preview":"max-image-preview:large","max-video-preview":"max-video-preview:-1"},"canonical":"https:\/\/www.participacionciudadana.org\/web\/2022\/08\/26\/participacion-ciudadana-capacito-a-sociedad-civil-y-funcionarios-publicos-en-la-alcaldia-de-milagro\/","og_locale":"es_ES","og_type":"article","og_title":"Participaci\u00f3n Ciudadana capacit\u00f3 a sociedad civil y funcionarios p\u00fablicos en la Alcald\u00eda de Milagro - Participaci\u00f3n Ciudadana","og_description":"Viernes, 26 de agosto de 2022 La Corporaci\u00f3n Participaci\u00f3n Ciudadana capacit\u00f3 a representantes de la sociedad civil y funcionarios p\u00fablicos en la Alcald\u00eda de Milagro, en cuanto al fortalecimiento de la transparencia y el derecho de acceso a la informaci\u00f3n como herramienta de control social. El equipo t\u00e9cnico de Participaci\u00f3n Ciudadana (PC) liderado por el [&hellip;]","og_url":"https:\/\/www.participacionciudadana.org\/web\/2022\/08\/26\/participacion-ciudadana-capacito-a-sociedad-civil-y-funcionarios-publicos-en-la-alcaldia-de-milagro\/","og_site_name":"Participaci\u00f3n Ciudadana","article_publisher":"https:\/\/www.facebook.com\/ParticipacionPC\/","article_published_time":"2022-08-26T16:26:54+00:00","article_modified_time":"2022-08-26T16:57:55+00:00","og_image":[{"width":1000,"height":1000,"url":"https:\/\/www.participacionciudadana.org\/web\/wp-content\/uploads\/2022\/08\/PC-capacitacion-milagro.jpeg","type":"image\/jpeg"}],"author":"Karen Ramos","twitter_card":"summary_large_image","twitter_creator":"@ParticipacionPC","twitter_site":"@ParticipacionPC","twitter_misc":{"Escrito por":"Karen Ramos","Tiempo de lectura":"2 minutos"},"schema":{"@context":"https:\/\/schema.org","@graph":[{"@type":"Article","@id":"https:\/\/www.participacionciudadana.org\/web\/2022\/08\/26\/participacion-ciudadana-capacito-a-sociedad-civil-y-funcionarios-publicos-en-la-alcaldia-de-milagro\/#article","isPartOf":{"@id":"https:\/\/www.participacionciudadana.org\/web\/2022\/08\/26\/participacion-ciudadana-capacito-a-sociedad-civil-y-funcionarios-publicos-en-la-alcaldia-de-milagro\/"},"author":{"name":"Karen Ramos","@id":"https:\/\/www.participacionciudadana.org\/web\/#\/schema\/person\/7d1c54696e041e527f8fbfd6c9b513ae"},"headline":"Participaci\u00f3n Ciudadana capacit\u00f3 a sociedad civil y funcionarios p\u00fablicos en la Alcald\u00eda de Milagro","datePublished":"2022-08-26T16:26:54+00:00","dateModified":"2022-08-26T16:57:55+00:00","mainEntityOfPage":{"@id":"https:\/\/www.participacionciudadana.org\/web\/2022\/08\/26\/participacion-ciudadana-capacito-a-sociedad-civil-y-funcionarios-publicos-en-la-alcaldia-de-milagro\/"},"wordCount":320,"commentCount":0,"publisher":{"@id":"https:\/\/www.participacionciudadana.org\/web\/#organization"},"image":{"@id":"https:\/\/www.participacionciudadana.org\/web\/2022\/08\/26\/participacion-ciudadana-capacito-a-sociedad-civil-y-funcionarios-publicos-en-la-alcaldia-de-milagro\/#primaryimage"},"thumbnailUrl":"https:\/\/www.participacionciudadana.org\/web\/wp-content\/uploads\/2022\/08\/PC-capacitacion-milagro.jpeg","articleSection":["Boletines","Comunicaci\u00f3n"],"inLanguage":"es","potentialAction":[{"@type":"CommentAction","name":"Comment","target":["https:\/\/www.participacionciudadana.org\/web\/2022\/08\/26\/participacion-ciudadana-capacito-a-sociedad-civil-y-funcionarios-publicos-en-la-alcaldia-de-milagro\/#respond"]}]},{"@type":"WebPage","@id":"https:\/\/www.participacionciudadana.org\/web\/2022\/08\/26\/participacion-ciudadana-capacito-a-sociedad-civil-y-funcionarios-publicos-en-la-alcaldia-de-milagro\/","url":"https:\/\/www.participacionciudadana.org\/web\/2022\/08\/26\/participacion-ciudadana-capacito-a-sociedad-civil-y-funcionarios-publicos-en-la-alcaldia-de-milagro\/","name":"Participaci\u00f3n Ciudadana capacit\u00f3 a sociedad civil y funcionarios p\u00fablicos en la Alcald\u00eda de Milagro - Participaci\u00f3n Ciudadana","isPartOf":{"@id":"https:\/\/www.participacionciudadana.org\/web\/#website"},"primaryImageOfPage":{"@id":"https:\/\/www.participacionciudadana.org\/web\/2022\/08\/26\/participacion-ciudadana-capacito-a-sociedad-civil-y-funcionarios-publicos-en-la-alcaldia-de-milagro\/#primaryimage"},"image":{"@id":"https:\/\/www.participacionciudadana.org\/web\/2022\/08\/26\/participacion-ciudadana-capacito-a-sociedad-civil-y-funcionarios-publicos-en-la-alcaldia-de-milagro\/#primaryimage"},"thumbnailUrl":"https:\/\/www.participacionciudadana.org\/web\/wp-content\/uploads\/2022\/08\/PC-capacitacion-milagro.jpeg","datePublished":"2022-08-26T16:26:54+00:00","dateModified":"2022-08-26T16:57:55+00:00","breadcrumb":{"@id":"https:\/\/www.participacionciudadana.org\/web\/2022\/08\/26\/participacion-ciudadana-capacito-a-sociedad-civil-y-funcionarios-publicos-en-la-alcaldia-de-milagro\/#breadcrumb"},"inLanguage":"es","potentialAction":[{"@type":"ReadAction","target":["https:\/\/www.participacionciudadana.org\/web\/2022\/08\/26\/participacion-ciudadana-capacito-a-sociedad-civil-y-funcionarios-publicos-en-la-alcaldia-de-milagro\/"]}]},{"@type":"ImageObject","inLanguage":"es","@id":"https:\/\/www.participacionciudadana.org\/web\/2022\/08\/26\/participacion-ciudadana-capacito-a-sociedad-civil-y-funcionarios-publicos-en-la-alcaldia-de-milagro\/#primaryimage","url":"https:\/\/www.participacionciudadana.org\/web\/wp-content\/uploads\/2022\/08\/PC-capacitacion-milagro.jpeg","contentUrl":"https:\/\/www.participacionciudadana.org\/web\/wp-content\/uploads\/2022\/08\/PC-capacitacion-milagro.jpeg","width":1000,"height":1000},{"@type":"BreadcrumbList","@id":"https:\/\/www.participacionciudadana.org\/web\/2022\/08\/26\/participacion-ciudadana-capacito-a-sociedad-civil-y-funcionarios-publicos-en-la-alcaldia-de-milagro\/#breadcrumb","itemListElement":[{"@type":"ListItem","position":1,"name":"Portada","item":"https:\/\/www.participacionciudadana.org\/web\/"},{"@type":"ListItem","position":2,"name":"Participaci\u00f3n Ciudadana capacit\u00f3 a sociedad civil y funcionarios p\u00fablicos en la Alcald\u00eda de Milagro"}]},{"@type":"WebSite","@id":"https:\/\/www.participacionciudadana.org\/web\/#website","url":"https:\/\/www.participacionciudadana.org\/web\/","name":"Participaci\u00f3n Ciudadana","description":"Comprometidos con la democracia","publisher":{"@id":"https:\/\/www.participacionciudadana.org\/web\/#organization"},"potentialAction":[{"@type":"SearchAction","target":{"@type":"EntryPoint","urlTemplate":"https:\/\/www.participacionciudadana.org\/web\/?s={search_term_string}"},"query-input":{"@type":"PropertyValueSpecification","valueRequired":true,"valueName":"search_term_string"}}],"inLanguage":"es"},{"@type":"Organization","@id":"https:\/\/www.participacionciudadana.org\/web\/#organization","name":"Participaci\u00f3n Ciudadana","url":"https:\/\/www.participacionciudadana.org\/web\/","logo":{"@type":"ImageObject","inLanguage":"es","@id":"https:\/\/www.participacionciudadana.org\/web\/#\/schema\/logo\/image\/","url":"https:\/\/www.participacionciudadana.org\/web\/wp-content\/uploads\/2021\/11\/cropped-logo_pc-1.png","contentUrl":"https:\/\/www.participacionciudadana.org\/web\/wp-content\/uploads\/2021\/11\/cropped-logo_pc-1.png","width":340,"height":114,"caption":"Participaci\u00f3n Ciudadana"},"image":{"@id":"https:\/\/www.participacionciudadana.org\/web\/#\/schema\/logo\/image\/"},"sameAs":["https:\/\/www.facebook.com\/ParticipacionPC\/","https:\/\/x.com\/ParticipacionPC"]},{"@type":"Person","@id":"https:\/\/www.participacionciudadana.org\/web\/#\/schema\/person\/7d1c54696e041e527f8fbfd6c9b513ae","name":"Karen Ramos","image":{"@type":"ImageObject","inLanguage":"es","@id":"https:\/\/www.participacionciudadana.org\/web\/#\/schema\/person\/image\/","url":"https:\/\/secure.gravatar.com\/avatar\/286968dbb3bb60217f1c7034fda5fe010f5c132ea9d76191d7dbe615e76f9e88?s=96&d=mm&r=g","contentUrl":"https:\/\/secure.gravatar.com\/avatar\/286968dbb3bb60217f1c7034fda5fe010f5c132ea9d76191d7dbe615e76f9e88?s=96&d=mm&r=g","caption":"Karen Ramos"},"url":"https:\/\/www.participacionciudadana.org\/web\/author\/karenliz\/"}]}},"_links":{"self":[{"href":"https:\/\/www.participacionciudadana.org\/web\/wp-json\/wp\/v2\/posts\/3817","targetHints":{"allow":["GET"]}}],"collection":[{"href":"https:\/\/www.participacionciudadana.org\/web\/wp-json\/wp\/v2\/posts"}],"about":[{"href":"https:\/\/www.participacionciudadana.org\/web\/wp-json\/wp\/v2\/types\/post"}],"author":[{"embeddable":true,"href":"https:\/\/www.participacionciudadana.org\/web\/wp-json\/wp\/v2\/users\/7"}],"replies":[{"embeddable":true,"href":"https:\/\/www.participacionciudadana.org\/web\/wp-json\/wp\/v2\/comments?post=3817"}],"version-history":[{"count":0,"href":"https:\/\/www.participacionciudadana.org\/web\/wp-json\/wp\/v2\/posts\/3817\/revisions"}],"wp:featuredmedia":[{"embeddable":true,"href":"https:\/\/www.participacionciudadana.org\/web\/wp-json\/wp\/v2\/media\/3819"}],"wp:attachment":[{"href":"https:\/\/www.participacionciudadana.org\/web\/wp-json\/wp\/v2\/media?parent=3817"}],"wp:term":[{"taxonomy":"category","embeddable":true,"href":"https:\/\/www.participacionciudadana.org\/web\/wp-json\/wp\/v2\/categories?post=3817"},{"taxonomy":"post_tag","embeddable":true,"href":"https:\/\/www.participacionciudadana.org\/web\/wp-json\/wp\/v2\/tags?post=3817"}],"curies":[{"name":"wp","href":"https:\/\/api.w.org\/{rel}","templated":true}]}}