{"id":3833,"date":"2022-09-01T15:24:26","date_gmt":"2022-09-01T20:24:26","guid":{"rendered":"https:\/\/www.participacionciudadana.org\/web\/?p=3833"},"modified":"2022-09-02T16:39:14","modified_gmt":"2022-09-02T21:39:14","slug":"participacion-ciudadana-capacito-a-los-miembros-del-comite-de-transparencia-de-los-gad-municipales-de-la-joya-de-los-sachas-y-loreto","status":"publish","type":"post","link":"https:\/\/www.participacionciudadana.org\/web\/2022\/09\/01\/participacion-ciudadana-capacito-a-los-miembros-del-comite-de-transparencia-de-los-gad-municipales-de-la-joya-de-los-sachas-y-loreto\/","title":{"rendered":"Participaci\u00f3n Ciudadana capacit\u00f3 a los miembros del Comit\u00e9 de Transparencia de los GAD municipales de la Joya de los Sachas y Loreto"},"content":{"rendered":"\n<p class=\"has-text-align-right\">1 de septiembre de 2022<\/p>\n\n\n\n<p>El equipo t\u00e9cnico de la Corporaci\u00f3n Participaci\u00f3n Ciudadana (PC) capacit\u00f3 a los miembros del Comit\u00e9 de Transparencia de los Gobiernos Aut\u00f3nomos Descentralizados Municipales de la Joya de los Sachas y Loreto, en la provincia de Orellana, sobre contenidos y aplicaci\u00f3n de la Ley Org\u00e1nica de Transparencia y Acceso a la Informaci\u00f3n P\u00fablica, LOTAIP.<\/p>\n\n\n\n<p>El alcalde del Gobierno Aut\u00f3nomo Municipal de \u00a0Loreto, Ren\u00e9 Grefa, resalt\u00f3 la importancia de la transparencia en la gesti\u00f3n p\u00fablica y el cumplimiento con la normativa. \u201cEs importante la transparencia con el objetivo de que todo aspecto p\u00fablico se haga con la participaci\u00f3n de los ciudadanos\u201d, resalt\u00f3.<\/p>\n\n\n\n<p>\u201cEl taller ha sido muy fruct\u00edfero para llenar de mejor manera las matrices que componen la transparencia de la informaci\u00f3n de nuestra instituci\u00f3n\u201d, as\u00ed lo se\u00f1al\u00f3 Guadalupe J\u00e1come, integrante del Comit\u00e9 de Transparencia del GAD Muncipal de Loreto.<\/p>\n\n\n\n<p>\u201cAgradezco a Participaci\u00f3n Ciudadana porque aprendimos acerca de lo importante que es la transparencia al momento de presentar la infomaci\u00f3n p\u00fabica, para que la ciudadan\u00eda tenga de primera mano esta documentaci\u00f3n\u201d, inform\u00f3 Vanesa Salcedo, miembro del Comit\u00e9 de Transparencia del GAD Municipal de la Joya de los Sachas.<\/p>\n\n\n\n<p>Estos talleres de capacitaci\u00f3n forman parte del programa Amazon\u00eda Transparente, que Participaci\u00f3n Ciudadana lleva adelante con el apoyo de la Embajada de Estados Unidos en Ecuador, junto a la Corporaci\u00f3n de Gesti\u00f3n y Derecho Ambiental, (Ecolex) y la Fundaci\u00f3n Ciudadan\u00eda de Desarrollo (FCD) con el objetivo de fomentar la transparencia.<\/p>\n","protected":false},"excerpt":{"rendered":"<p>1 de septiembre de 2022 El equipo t\u00e9cnico de la Corporaci\u00f3n Participaci\u00f3n Ciudadana (PC) capacit\u00f3 a los miembros del Comit\u00e9 de Transparencia de los Gobiernos Aut\u00f3nomos Descentralizados Municipales de la Joya de los Sachas y Loreto, en la provincia de Orellana, sobre contenidos y aplicaci\u00f3n de la Ley Org\u00e1nica de Transparencia y Acceso a la [&hellip;]<\/p>\n","protected":false},"author":7,"featured_media":3834,"comment_status":"open","ping_status":"open","sticky":false,"template":"","format":"standard","meta":{"site-sidebar-layout":"default","site-content-layout":"","ast-site-content-layout":"default","site-content-style":"default","site-sidebar-style":"default","ast-global-header-display":"","ast-banner-title-visibility":"","ast-main-header-display":"","ast-hfb-above-header-display":"","ast-hfb-below-header-display":"","ast-hfb-mobile-header-display":"","site-post-title":"","ast-breadcrumbs-content":"","ast-featured-img":"","footer-sml-layout":"","ast-disable-related-posts":"","theme-transparent-header-meta":"","adv-header-id-meta":"","stick-header-meta":"","header-above-stick-meta":"","header-main-stick-meta":"","header-below-stick-meta":"","astra-migrate-meta-layouts":"default","ast-page-background-enabled":"default","ast-page-background-meta":{"desktop":{"background-color":"","background-image":"","background-repeat":"repeat","background-position":"center center","background-size":"auto","background-attachment":"scroll","background-type":"","background-media":"","overlay-type":"","overlay-color":"","overlay-opacity":"","overlay-gradient":""},"tablet":{"background-color":"","background-image":"","background-repeat":"repeat","background-position":"center center","background-size":"auto","background-attachment":"scroll","background-type":"","background-media":"","overlay-type":"","overlay-color":"","overlay-opacity":"","overlay-gradient":""},"mobile":{"background-color":"","background-image":"","background-repeat":"repeat","background-position":"center center","background-size":"auto","background-attachment":"scroll","background-type":"","background-media":"","overlay-type":"","overlay-color":"","overlay-opacity":"","overlay-gradient":""}},"ast-content-background-meta":{"desktop":{"background-color":"var(--ast-global-color-5)","background-image":"","background-repeat":"repeat","background-position":"center center","background-size":"auto","background-attachment":"scroll","background-type":"","background-media":"","overlay-type":"","overlay-color":"","overlay-opacity":"","overlay-gradient":""},"tablet":{"background-color":"var(--ast-global-color-5)","background-image":"","background-repeat":"repeat","background-position":"center center","background-size":"auto","background-attachment":"scroll","background-type":"","background-media":"","overlay-type":"","overlay-color":"","overlay-opacity":"","overlay-gradient":""},"mobile":{"background-color":"var(--ast-global-color-5)","background-image":"","background-repeat":"repeat","background-position":"center center","background-size":"auto","background-attachment":"scroll","background-type":"","background-media":"","overlay-type":"","overlay-color":"","overlay-opacity":"","overlay-gradient":""}},"_joinchat":[],"footnotes":""},"categories":[78,23],"tags":[],"class_list":["post-3833","post","type-post","status-publish","format-standard","has-post-thumbnail","hentry","category-boletines","category-comunicacion"],"yoast_head":"<!-- This site is optimized with the Yoast SEO plugin v26.5 - https:\/\/yoast.com\/wordpress\/plugins\/seo\/ -->\n<title>Participaci\u00f3n Ciudadana capacit\u00f3 a los miembros del Comit\u00e9 de Transparencia de los GAD municipales de la Joya de los Sachas y Loreto - Participaci\u00f3n Ciudadana<\/title>\n<meta name=\"robots\" content=\"index, follow, max-snippet:-1, max-image-preview:large, max-video-preview:-1\" \/>\n<link rel=\"canonical\" href=\"https:\/\/www.participacionciudadana.org\/web\/2022\/09\/01\/participacion-ciudadana-capacito-a-los-miembros-del-comite-de-transparencia-de-los-gad-municipales-de-la-joya-de-los-sachas-y-loreto\/\" \/>\n<meta property=\"og:locale\" content=\"es_ES\" \/>\n<meta property=\"og:type\" content=\"article\" \/>\n<meta property=\"og:title\" content=\"Participaci\u00f3n Ciudadana capacit\u00f3 a los miembros del Comit\u00e9 de Transparencia de los GAD municipales de la Joya de los Sachas y Loreto - Participaci\u00f3n Ciudadana\" \/>\n<meta property=\"og:description\" content=\"1 de septiembre de 2022 El equipo t\u00e9cnico de la Corporaci\u00f3n Participaci\u00f3n Ciudadana (PC) capacit\u00f3 a los miembros del Comit\u00e9 de Transparencia de los Gobiernos Aut\u00f3nomos Descentralizados Municipales de la Joya de los Sachas y Loreto, en la provincia de Orellana, sobre contenidos y aplicaci\u00f3n de la Ley Org\u00e1nica de Transparencia y Acceso a la [&hellip;]\" \/>\n<meta property=\"og:url\" content=\"https:\/\/www.participacionciudadana.org\/web\/2022\/09\/01\/participacion-ciudadana-capacito-a-los-miembros-del-comite-de-transparencia-de-los-gad-municipales-de-la-joya-de-los-sachas-y-loreto\/\" \/>\n<meta property=\"og:site_name\" content=\"Participaci\u00f3n Ciudadana\" \/>\n<meta property=\"article:publisher\" content=\"https:\/\/www.facebook.com\/ParticipacionPC\/\" \/>\n<meta property=\"article:published_time\" content=\"2022-09-01T20:24:26+00:00\" \/>\n<meta property=\"article:modified_time\" content=\"2022-09-02T21:39:14+00:00\" \/>\n<meta property=\"og:image\" content=\"https:\/\/www.participacionciudadana.org\/web\/wp-content\/uploads\/2022\/09\/loreto.jpeg\" \/>\n\t<meta property=\"og:image:width\" content=\"1000\" \/>\n\t<meta property=\"og:image:height\" content=\"1000\" \/>\n\t<meta property=\"og:image:type\" content=\"image\/jpeg\" \/>\n<meta name=\"author\" content=\"Karen Ramos\" \/>\n<meta name=\"twitter:card\" content=\"summary_large_image\" \/>\n<meta name=\"twitter:creator\" content=\"@ParticipacionPC\" \/>\n<meta name=\"twitter:site\" content=\"@ParticipacionPC\" \/>\n<meta name=\"twitter:label1\" content=\"Escrito por\" \/>\n\t<meta name=\"twitter:data1\" content=\"Karen Ramos\" \/>\n\t<meta name=\"twitter:label2\" content=\"Tiempo de lectura\" \/>\n\t<meta name=\"twitter:data2\" content=\"1 minuto\" \/>\n<script type=\"application\/ld+json\" class=\"yoast-schema-graph\">{\"@context\":\"https:\/\/schema.org\",\"@graph\":[{\"@type\":\"Article\",\"@id\":\"https:\/\/www.participacionciudadana.org\/web\/2022\/09\/01\/participacion-ciudadana-capacito-a-los-miembros-del-comite-de-transparencia-de-los-gad-municipales-de-la-joya-de-los-sachas-y-loreto\/#article\",\"isPartOf\":{\"@id\":\"https:\/\/www.participacionciudadana.org\/web\/2022\/09\/01\/participacion-ciudadana-capacito-a-los-miembros-del-comite-de-transparencia-de-los-gad-municipales-de-la-joya-de-los-sachas-y-loreto\/\"},\"author\":{\"name\":\"Karen Ramos\",\"@id\":\"https:\/\/www.participacionciudadana.org\/web\/#\/schema\/person\/7d1c54696e041e527f8fbfd6c9b513ae\"},\"headline\":\"Participaci\u00f3n Ciudadana capacit\u00f3 a los miembros del Comit\u00e9 de Transparencia de los GAD municipales de la Joya de los Sachas y Loreto\",\"datePublished\":\"2022-09-01T20:24:26+00:00\",\"dateModified\":\"2022-09-02T21:39:14+00:00\",\"mainEntityOfPage\":{\"@id\":\"https:\/\/www.participacionciudadana.org\/web\/2022\/09\/01\/participacion-ciudadana-capacito-a-los-miembros-del-comite-de-transparencia-de-los-gad-municipales-de-la-joya-de-los-sachas-y-loreto\/\"},\"wordCount\":292,\"commentCount\":0,\"publisher\":{\"@id\":\"https:\/\/www.participacionciudadana.org\/web\/#organization\"},\"image\":{\"@id\":\"https:\/\/www.participacionciudadana.org\/web\/2022\/09\/01\/participacion-ciudadana-capacito-a-los-miembros-del-comite-de-transparencia-de-los-gad-municipales-de-la-joya-de-los-sachas-y-loreto\/#primaryimage\"},\"thumbnailUrl\":\"https:\/\/www.participacionciudadana.org\/web\/wp-content\/uploads\/2022\/09\/loreto-e1703687607596.jpeg\",\"articleSection\":[\"Boletines\",\"Comunicaci\u00f3n\"],\"inLanguage\":\"es\",\"potentialAction\":[{\"@type\":\"CommentAction\",\"name\":\"Comment\",\"target\":[\"https:\/\/www.participacionciudadana.org\/web\/2022\/09\/01\/participacion-ciudadana-capacito-a-los-miembros-del-comite-de-transparencia-de-los-gad-municipales-de-la-joya-de-los-sachas-y-loreto\/#respond\"]}]},{\"@type\":\"WebPage\",\"@id\":\"https:\/\/www.participacionciudadana.org\/web\/2022\/09\/01\/participacion-ciudadana-capacito-a-los-miembros-del-comite-de-transparencia-de-los-gad-municipales-de-la-joya-de-los-sachas-y-loreto\/\",\"url\":\"https:\/\/www.participacionciudadana.org\/web\/2022\/09\/01\/participacion-ciudadana-capacito-a-los-miembros-del-comite-de-transparencia-de-los-gad-municipales-de-la-joya-de-los-sachas-y-loreto\/\",\"name\":\"Participaci\u00f3n Ciudadana capacit\u00f3 a los miembros del Comit\u00e9 de Transparencia de los GAD municipales de la Joya de los Sachas y Loreto - Participaci\u00f3n Ciudadana\",\"isPartOf\":{\"@id\":\"https:\/\/www.participacionciudadana.org\/web\/#website\"},\"primaryImageOfPage\":{\"@id\":\"https:\/\/www.participacionciudadana.org\/web\/2022\/09\/01\/participacion-ciudadana-capacito-a-los-miembros-del-comite-de-transparencia-de-los-gad-municipales-de-la-joya-de-los-sachas-y-loreto\/#primaryimage\"},\"image\":{\"@id\":\"https:\/\/www.participacionciudadana.org\/web\/2022\/09\/01\/participacion-ciudadana-capacito-a-los-miembros-del-comite-de-transparencia-de-los-gad-municipales-de-la-joya-de-los-sachas-y-loreto\/#primaryimage\"},\"thumbnailUrl\":\"https:\/\/www.participacionciudadana.org\/web\/wp-content\/uploads\/2022\/09\/loreto-e1703687607596.jpeg\",\"datePublished\":\"2022-09-01T20:24:26+00:00\",\"dateModified\":\"2022-09-02T21:39:14+00:00\",\"breadcrumb\":{\"@id\":\"https:\/\/www.participacionciudadana.org\/web\/2022\/09\/01\/participacion-ciudadana-capacito-a-los-miembros-del-comite-de-transparencia-de-los-gad-municipales-de-la-joya-de-los-sachas-y-loreto\/#breadcrumb\"},\"inLanguage\":\"es\",\"potentialAction\":[{\"@type\":\"ReadAction\",\"target\":[\"https:\/\/www.participacionciudadana.org\/web\/2022\/09\/01\/participacion-ciudadana-capacito-a-los-miembros-del-comite-de-transparencia-de-los-gad-municipales-de-la-joya-de-los-sachas-y-loreto\/\"]}]},{\"@type\":\"ImageObject\",\"inLanguage\":\"es\",\"@id\":\"https:\/\/www.participacionciudadana.org\/web\/2022\/09\/01\/participacion-ciudadana-capacito-a-los-miembros-del-comite-de-transparencia-de-los-gad-municipales-de-la-joya-de-los-sachas-y-loreto\/#primaryimage\",\"url\":\"https:\/\/www.participacionciudadana.org\/web\/wp-content\/uploads\/2022\/09\/loreto-e1703687607596.jpeg\",\"contentUrl\":\"https:\/\/www.participacionciudadana.org\/web\/wp-content\/uploads\/2022\/09\/loreto-e1703687607596.jpeg\",\"width\":800,\"height\":800},{\"@type\":\"BreadcrumbList\",\"@id\":\"https:\/\/www.participacionciudadana.org\/web\/2022\/09\/01\/participacion-ciudadana-capacito-a-los-miembros-del-comite-de-transparencia-de-los-gad-municipales-de-la-joya-de-los-sachas-y-loreto\/#breadcrumb\",\"itemListElement\":[{\"@type\":\"ListItem\",\"position\":1,\"name\":\"Portada\",\"item\":\"https:\/\/www.participacionciudadana.org\/web\/\"},{\"@type\":\"ListItem\",\"position\":2,\"name\":\"Participaci\u00f3n Ciudadana capacit\u00f3 a los miembros del Comit\u00e9 de Transparencia de los GAD municipales de la Joya de los Sachas y Loreto\"}]},{\"@type\":\"WebSite\",\"@id\":\"https:\/\/www.participacionciudadana.org\/web\/#website\",\"url\":\"https:\/\/www.participacionciudadana.org\/web\/\",\"name\":\"Participaci\u00f3n Ciudadana\",\"description\":\"Comprometidos con la democracia\",\"publisher\":{\"@id\":\"https:\/\/www.participacionciudadana.org\/web\/#organization\"},\"potentialAction\":[{\"@type\":\"SearchAction\",\"target\":{\"@type\":\"EntryPoint\",\"urlTemplate\":\"https:\/\/www.participacionciudadana.org\/web\/?s={search_term_string}\"},\"query-input\":{\"@type\":\"PropertyValueSpecification\",\"valueRequired\":true,\"valueName\":\"search_term_string\"}}],\"inLanguage\":\"es\"},{\"@type\":\"Organization\",\"@id\":\"https:\/\/www.participacionciudadana.org\/web\/#organization\",\"name\":\"Participaci\u00f3n Ciudadana\",\"url\":\"https:\/\/www.participacionciudadana.org\/web\/\",\"logo\":{\"@type\":\"ImageObject\",\"inLanguage\":\"es\",\"@id\":\"https:\/\/www.participacionciudadana.org\/web\/#\/schema\/logo\/image\/\",\"url\":\"https:\/\/www.participacionciudadana.org\/web\/wp-content\/uploads\/2021\/11\/cropped-logo_pc-1.png\",\"contentUrl\":\"https:\/\/www.participacionciudadana.org\/web\/wp-content\/uploads\/2021\/11\/cropped-logo_pc-1.png\",\"width\":340,\"height\":114,\"caption\":\"Participaci\u00f3n Ciudadana\"},\"image\":{\"@id\":\"https:\/\/www.participacionciudadana.org\/web\/#\/schema\/logo\/image\/\"},\"sameAs\":[\"https:\/\/www.facebook.com\/ParticipacionPC\/\",\"https:\/\/x.com\/ParticipacionPC\"]},{\"@type\":\"Person\",\"@id\":\"https:\/\/www.participacionciudadana.org\/web\/#\/schema\/person\/7d1c54696e041e527f8fbfd6c9b513ae\",\"name\":\"Karen Ramos\",\"image\":{\"@type\":\"ImageObject\",\"inLanguage\":\"es\",\"@id\":\"https:\/\/www.participacionciudadana.org\/web\/#\/schema\/person\/image\/\",\"url\":\"https:\/\/secure.gravatar.com\/avatar\/286968dbb3bb60217f1c7034fda5fe010f5c132ea9d76191d7dbe615e76f9e88?s=96&d=mm&r=g\",\"contentUrl\":\"https:\/\/secure.gravatar.com\/avatar\/286968dbb3bb60217f1c7034fda5fe010f5c132ea9d76191d7dbe615e76f9e88?s=96&d=mm&r=g\",\"caption\":\"Karen Ramos\"},\"url\":\"https:\/\/www.participacionciudadana.org\/web\/author\/karenliz\/\"}]}<\/script>\n<!-- \/ Yoast SEO plugin. -->","yoast_head_json":{"title":"Participaci\u00f3n Ciudadana capacit\u00f3 a los miembros del Comit\u00e9 de Transparencia de los GAD municipales de la Joya de los Sachas y Loreto - Participaci\u00f3n Ciudadana","robots":{"index":"index","follow":"follow","max-snippet":"max-snippet:-1","max-image-preview":"max-image-preview:large","max-video-preview":"max-video-preview:-1"},"canonical":"https:\/\/www.participacionciudadana.org\/web\/2022\/09\/01\/participacion-ciudadana-capacito-a-los-miembros-del-comite-de-transparencia-de-los-gad-municipales-de-la-joya-de-los-sachas-y-loreto\/","og_locale":"es_ES","og_type":"article","og_title":"Participaci\u00f3n Ciudadana capacit\u00f3 a los miembros del Comit\u00e9 de Transparencia de los GAD municipales de la Joya de los Sachas y Loreto - Participaci\u00f3n Ciudadana","og_description":"1 de septiembre de 2022 El equipo t\u00e9cnico de la Corporaci\u00f3n Participaci\u00f3n Ciudadana (PC) capacit\u00f3 a los miembros del Comit\u00e9 de Transparencia de los Gobiernos Aut\u00f3nomos Descentralizados Municipales de la Joya de los Sachas y Loreto, en la provincia de Orellana, sobre contenidos y aplicaci\u00f3n de la Ley Org\u00e1nica de Transparencia y Acceso a la [&hellip;]","og_url":"https:\/\/www.participacionciudadana.org\/web\/2022\/09\/01\/participacion-ciudadana-capacito-a-los-miembros-del-comite-de-transparencia-de-los-gad-municipales-de-la-joya-de-los-sachas-y-loreto\/","og_site_name":"Participaci\u00f3n Ciudadana","article_publisher":"https:\/\/www.facebook.com\/ParticipacionPC\/","article_published_time":"2022-09-01T20:24:26+00:00","article_modified_time":"2022-09-02T21:39:14+00:00","og_image":[{"width":1000,"height":1000,"url":"https:\/\/www.participacionciudadana.org\/web\/wp-content\/uploads\/2022\/09\/loreto.jpeg","type":"image\/jpeg"}],"author":"Karen Ramos","twitter_card":"summary_large_image","twitter_creator":"@ParticipacionPC","twitter_site":"@ParticipacionPC","twitter_misc":{"Escrito por":"Karen Ramos","Tiempo de lectura":"1 minuto"},"schema":{"@context":"https:\/\/schema.org","@graph":[{"@type":"Article","@id":"https:\/\/www.participacionciudadana.org\/web\/2022\/09\/01\/participacion-ciudadana-capacito-a-los-miembros-del-comite-de-transparencia-de-los-gad-municipales-de-la-joya-de-los-sachas-y-loreto\/#article","isPartOf":{"@id":"https:\/\/www.participacionciudadana.org\/web\/2022\/09\/01\/participacion-ciudadana-capacito-a-los-miembros-del-comite-de-transparencia-de-los-gad-municipales-de-la-joya-de-los-sachas-y-loreto\/"},"author":{"name":"Karen Ramos","@id":"https:\/\/www.participacionciudadana.org\/web\/#\/schema\/person\/7d1c54696e041e527f8fbfd6c9b513ae"},"headline":"Participaci\u00f3n Ciudadana capacit\u00f3 a los miembros del Comit\u00e9 de Transparencia de los GAD municipales de la Joya de los Sachas y Loreto","datePublished":"2022-09-01T20:24:26+00:00","dateModified":"2022-09-02T21:39:14+00:00","mainEntityOfPage":{"@id":"https:\/\/www.participacionciudadana.org\/web\/2022\/09\/01\/participacion-ciudadana-capacito-a-los-miembros-del-comite-de-transparencia-de-los-gad-municipales-de-la-joya-de-los-sachas-y-loreto\/"},"wordCount":292,"commentCount":0,"publisher":{"@id":"https:\/\/www.participacionciudadana.org\/web\/#organization"},"image":{"@id":"https:\/\/www.participacionciudadana.org\/web\/2022\/09\/01\/participacion-ciudadana-capacito-a-los-miembros-del-comite-de-transparencia-de-los-gad-municipales-de-la-joya-de-los-sachas-y-loreto\/#primaryimage"},"thumbnailUrl":"https:\/\/www.participacionciudadana.org\/web\/wp-content\/uploads\/2022\/09\/loreto-e1703687607596.jpeg","articleSection":["Boletines","Comunicaci\u00f3n"],"inLanguage":"es","potentialAction":[{"@type":"CommentAction","name":"Comment","target":["https:\/\/www.participacionciudadana.org\/web\/2022\/09\/01\/participacion-ciudadana-capacito-a-los-miembros-del-comite-de-transparencia-de-los-gad-municipales-de-la-joya-de-los-sachas-y-loreto\/#respond"]}]},{"@type":"WebPage","@id":"https:\/\/www.participacionciudadana.org\/web\/2022\/09\/01\/participacion-ciudadana-capacito-a-los-miembros-del-comite-de-transparencia-de-los-gad-municipales-de-la-joya-de-los-sachas-y-loreto\/","url":"https:\/\/www.participacionciudadana.org\/web\/2022\/09\/01\/participacion-ciudadana-capacito-a-los-miembros-del-comite-de-transparencia-de-los-gad-municipales-de-la-joya-de-los-sachas-y-loreto\/","name":"Participaci\u00f3n Ciudadana capacit\u00f3 a los miembros del Comit\u00e9 de Transparencia de los GAD municipales de la Joya de los Sachas y Loreto - Participaci\u00f3n Ciudadana","isPartOf":{"@id":"https:\/\/www.participacionciudadana.org\/web\/#website"},"primaryImageOfPage":{"@id":"https:\/\/www.participacionciudadana.org\/web\/2022\/09\/01\/participacion-ciudadana-capacito-a-los-miembros-del-comite-de-transparencia-de-los-gad-municipales-de-la-joya-de-los-sachas-y-loreto\/#primaryimage"},"image":{"@id":"https:\/\/www.participacionciudadana.org\/web\/2022\/09\/01\/participacion-ciudadana-capacito-a-los-miembros-del-comite-de-transparencia-de-los-gad-municipales-de-la-joya-de-los-sachas-y-loreto\/#primaryimage"},"thumbnailUrl":"https:\/\/www.participacionciudadana.org\/web\/wp-content\/uploads\/2022\/09\/loreto-e1703687607596.jpeg","datePublished":"2022-09-01T20:24:26+00:00","dateModified":"2022-09-02T21:39:14+00:00","breadcrumb":{"@id":"https:\/\/www.participacionciudadana.org\/web\/2022\/09\/01\/participacion-ciudadana-capacito-a-los-miembros-del-comite-de-transparencia-de-los-gad-municipales-de-la-joya-de-los-sachas-y-loreto\/#breadcrumb"},"inLanguage":"es","potentialAction":[{"@type":"ReadAction","target":["https:\/\/www.participacionciudadana.org\/web\/2022\/09\/01\/participacion-ciudadana-capacito-a-los-miembros-del-comite-de-transparencia-de-los-gad-municipales-de-la-joya-de-los-sachas-y-loreto\/"]}]},{"@type":"ImageObject","inLanguage":"es","@id":"https:\/\/www.participacionciudadana.org\/web\/2022\/09\/01\/participacion-ciudadana-capacito-a-los-miembros-del-comite-de-transparencia-de-los-gad-municipales-de-la-joya-de-los-sachas-y-loreto\/#primaryimage","url":"https:\/\/www.participacionciudadana.org\/web\/wp-content\/uploads\/2022\/09\/loreto-e1703687607596.jpeg","contentUrl":"https:\/\/www.participacionciudadana.org\/web\/wp-content\/uploads\/2022\/09\/loreto-e1703687607596.jpeg","width":800,"height":800},{"@type":"BreadcrumbList","@id":"https:\/\/www.participacionciudadana.org\/web\/2022\/09\/01\/participacion-ciudadana-capacito-a-los-miembros-del-comite-de-transparencia-de-los-gad-municipales-de-la-joya-de-los-sachas-y-loreto\/#breadcrumb","itemListElement":[{"@type":"ListItem","position":1,"name":"Portada","item":"https:\/\/www.participacionciudadana.org\/web\/"},{"@type":"ListItem","position":2,"name":"Participaci\u00f3n Ciudadana capacit\u00f3 a los miembros del Comit\u00e9 de Transparencia de los GAD municipales de la Joya de los Sachas y Loreto"}]},{"@type":"WebSite","@id":"https:\/\/www.participacionciudadana.org\/web\/#website","url":"https:\/\/www.participacionciudadana.org\/web\/","name":"Participaci\u00f3n Ciudadana","description":"Comprometidos con la democracia","publisher":{"@id":"https:\/\/www.participacionciudadana.org\/web\/#organization"},"potentialAction":[{"@type":"SearchAction","target":{"@type":"EntryPoint","urlTemplate":"https:\/\/www.participacionciudadana.org\/web\/?s={search_term_string}"},"query-input":{"@type":"PropertyValueSpecification","valueRequired":true,"valueName":"search_term_string"}}],"inLanguage":"es"},{"@type":"Organization","@id":"https:\/\/www.participacionciudadana.org\/web\/#organization","name":"Participaci\u00f3n Ciudadana","url":"https:\/\/www.participacionciudadana.org\/web\/","logo":{"@type":"ImageObject","inLanguage":"es","@id":"https:\/\/www.participacionciudadana.org\/web\/#\/schema\/logo\/image\/","url":"https:\/\/www.participacionciudadana.org\/web\/wp-content\/uploads\/2021\/11\/cropped-logo_pc-1.png","contentUrl":"https:\/\/www.participacionciudadana.org\/web\/wp-content\/uploads\/2021\/11\/cropped-logo_pc-1.png","width":340,"height":114,"caption":"Participaci\u00f3n Ciudadana"},"image":{"@id":"https:\/\/www.participacionciudadana.org\/web\/#\/schema\/logo\/image\/"},"sameAs":["https:\/\/www.facebook.com\/ParticipacionPC\/","https:\/\/x.com\/ParticipacionPC"]},{"@type":"Person","@id":"https:\/\/www.participacionciudadana.org\/web\/#\/schema\/person\/7d1c54696e041e527f8fbfd6c9b513ae","name":"Karen Ramos","image":{"@type":"ImageObject","inLanguage":"es","@id":"https:\/\/www.participacionciudadana.org\/web\/#\/schema\/person\/image\/","url":"https:\/\/secure.gravatar.com\/avatar\/286968dbb3bb60217f1c7034fda5fe010f5c132ea9d76191d7dbe615e76f9e88?s=96&d=mm&r=g","contentUrl":"https:\/\/secure.gravatar.com\/avatar\/286968dbb3bb60217f1c7034fda5fe010f5c132ea9d76191d7dbe615e76f9e88?s=96&d=mm&r=g","caption":"Karen Ramos"},"url":"https:\/\/www.participacionciudadana.org\/web\/author\/karenliz\/"}]}},"_links":{"self":[{"href":"https:\/\/www.participacionciudadana.org\/web\/wp-json\/wp\/v2\/posts\/3833","targetHints":{"allow":["GET"]}}],"collection":[{"href":"https:\/\/www.participacionciudadana.org\/web\/wp-json\/wp\/v2\/posts"}],"about":[{"href":"https:\/\/www.participacionciudadana.org\/web\/wp-json\/wp\/v2\/types\/post"}],"author":[{"embeddable":true,"href":"https:\/\/www.participacionciudadana.org\/web\/wp-json\/wp\/v2\/users\/7"}],"replies":[{"embeddable":true,"href":"https:\/\/www.participacionciudadana.org\/web\/wp-json\/wp\/v2\/comments?post=3833"}],"version-history":[{"count":0,"href":"https:\/\/www.participacionciudadana.org\/web\/wp-json\/wp\/v2\/posts\/3833\/revisions"}],"wp:featuredmedia":[{"embeddable":true,"href":"https:\/\/www.participacionciudadana.org\/web\/wp-json\/wp\/v2\/media\/3834"}],"wp:attachment":[{"href":"https:\/\/www.participacionciudadana.org\/web\/wp-json\/wp\/v2\/media?parent=3833"}],"wp:term":[{"taxonomy":"category","embeddable":true,"href":"https:\/\/www.participacionciudadana.org\/web\/wp-json\/wp\/v2\/categories?post=3833"},{"taxonomy":"post_tag","embeddable":true,"href":"https:\/\/www.participacionciudadana.org\/web\/wp-json\/wp\/v2\/tags?post=3833"}],"curies":[{"name":"wp","href":"https:\/\/api.w.org\/{rel}","templated":true}]}}