{"id":3904,"date":"2022-10-04T08:07:42","date_gmt":"2022-10-04T13:07:42","guid":{"rendered":"https:\/\/www.participacionciudadana.org\/web\/?p=3904"},"modified":"2022-10-04T11:29:10","modified_gmt":"2022-10-04T16:29:10","slug":"pc-exhorta-a-los-actores-politicos-a-no-usar-fondos-publicos-en-promocion-de-candidaturas","status":"publish","type":"post","link":"https:\/\/www.participacionciudadana.org\/web\/2022\/10\/04\/pc-exhorta-a-los-actores-politicos-a-no-usar-fondos-publicos-en-promocion-de-candidaturas\/","title":{"rendered":"PC exhorta a los actores pol\u00edticos a no usar fondos p\u00fablicos en promoci\u00f3n de candidaturas"},"content":{"rendered":"\n<p class=\"has-text-align-right\">04 de octubre de 2022<\/p>\n\n\n\n<p>La Corporaci\u00f3n Participaci\u00f3n Ciudadana (PC) exhorta a las autoridades que optar\u00e1n por la reelecci\u00f3n a cumplir con la ley, y a no utilizar fondos p\u00fablicos en la promoci\u00f3n de sus candidaturas.<\/p>\n\n\n\n<p>Demandamos a los entes de control a velar por el cumplimiento del art\u00edculo 219 del C\u00f3digo de la Democracia, que proh\u00edbe expresamente, la promoci\u00f3n de nombres de autoridades, as\u00ed como el uso de recursos p\u00fablicos e infraestructura estatal en campa\u00f1a.<\/p>\n\n\n\n<p>El art\u00edculo 219 del C\u00f3digo de la Democracia proh\u00edbe, entre otras cosas, el uso de recursos p\u00fablicos, con fines proselitistas; as\u00ed como la promoci\u00f3n de los nombres en obras y proyectos a cargo de las autoridades p\u00fablicas. De igual forma, proh\u00edbe la inclusi\u00f3n de nombres o im\u00e1genes de los candidatos, en la publicidad de los entes p\u00fablicos.<\/p>\n\n\n\n<p>Para fortalecer la democracia es importante que las autoridades cumplan con la ley. Los recursos p\u00fablicos, que nos pertenecen a todos, deben ser cuidados y administrados con apego irrestricto a la \u00e9tica y a la ley.<\/p>\n\n\n\n<p>Adem\u00e1s, el incumplimiento del art\u00edculo 219 del C\u00f3digo de la Democracia afecta, directamente, al principio de equidad en la contienda electoral, puesto que le da ventaja a la autoridad que promociona su nombre con recursos p\u00fablicos sobre otros candidatos.<\/p>\n\n\n\n<p>Participaci\u00f3n Ciudadana como una organizaci\u00f3n de la sociedad civil, que trabaja en el fortalecimiento de la democracia, reitera el llamado a actores pol\u00edticos y a autoridades a que cumplan con las leyes, pues su accionar en el presente, determinara su comportamiento como autoridades en el futuro.<\/p>\n","protected":false},"excerpt":{"rendered":"<p>04 de octubre de 2022 La Corporaci\u00f3n Participaci\u00f3n Ciudadana (PC) exhorta a las autoridades que optar\u00e1n por la reelecci\u00f3n a cumplir con la ley, y a no utilizar fondos p\u00fablicos en la promoci\u00f3n de sus candidaturas. Demandamos a los entes de control a velar por el cumplimiento del art\u00edculo 219 del C\u00f3digo de la Democracia, [&hellip;]<\/p>\n","protected":false},"author":7,"featured_media":3907,"comment_status":"open","ping_status":"open","sticky":false,"template":"","format":"standard","meta":{"site-sidebar-layout":"default","site-content-layout":"","ast-site-content-layout":"default","site-content-style":"default","site-sidebar-style":"default","ast-global-header-display":"","ast-banner-title-visibility":"","ast-main-header-display":"","ast-hfb-above-header-display":"","ast-hfb-below-header-display":"","ast-hfb-mobile-header-display":"","site-post-title":"","ast-breadcrumbs-content":"","ast-featured-img":"","footer-sml-layout":"","ast-disable-related-posts":"","theme-transparent-header-meta":"","adv-header-id-meta":"","stick-header-meta":"","header-above-stick-meta":"","header-main-stick-meta":"","header-below-stick-meta":"","astra-migrate-meta-layouts":"default","ast-page-background-enabled":"default","ast-page-background-meta":{"desktop":{"background-color":"","background-image":"","background-repeat":"repeat","background-position":"center center","background-size":"auto","background-attachment":"scroll","background-type":"","background-media":"","overlay-type":"","overlay-color":"","overlay-opacity":"","overlay-gradient":""},"tablet":{"background-color":"","background-image":"","background-repeat":"repeat","background-position":"center center","background-size":"auto","background-attachment":"scroll","background-type":"","background-media":"","overlay-type":"","overlay-color":"","overlay-opacity":"","overlay-gradient":""},"mobile":{"background-color":"","background-image":"","background-repeat":"repeat","background-position":"center center","background-size":"auto","background-attachment":"scroll","background-type":"","background-media":"","overlay-type":"","overlay-color":"","overlay-opacity":"","overlay-gradient":""}},"ast-content-background-meta":{"desktop":{"background-color":"var(--ast-global-color-5)","background-image":"","background-repeat":"repeat","background-position":"center center","background-size":"auto","background-attachment":"scroll","background-type":"","background-media":"","overlay-type":"","overlay-color":"","overlay-opacity":"","overlay-gradient":""},"tablet":{"background-color":"var(--ast-global-color-5)","background-image":"","background-repeat":"repeat","background-position":"center center","background-size":"auto","background-attachment":"scroll","background-type":"","background-media":"","overlay-type":"","overlay-color":"","overlay-opacity":"","overlay-gradient":""},"mobile":{"background-color":"var(--ast-global-color-5)","background-image":"","background-repeat":"repeat","background-position":"center center","background-size":"auto","background-attachment":"scroll","background-type":"","background-media":"","overlay-type":"","overlay-color":"","overlay-opacity":"","overlay-gradient":""}},"_joinchat":[],"footnotes":""},"categories":[23,77],"tags":[],"class_list":["post-3904","post","type-post","status-publish","format-standard","has-post-thumbnail","hentry","category-comunicacion","category-comunicados"],"yoast_head":"<!-- This site is optimized with the Yoast SEO plugin v26.5 - https:\/\/yoast.com\/wordpress\/plugins\/seo\/ -->\n<title>PC exhorta a los actores pol\u00edticos a no usar fondos p\u00fablicos en promoci\u00f3n de candidaturas - Participaci\u00f3n Ciudadana<\/title>\n<meta name=\"robots\" content=\"index, follow, max-snippet:-1, max-image-preview:large, max-video-preview:-1\" \/>\n<link rel=\"canonical\" href=\"https:\/\/www.participacionciudadana.org\/web\/2022\/10\/04\/pc-exhorta-a-los-actores-politicos-a-no-usar-fondos-publicos-en-promocion-de-candidaturas\/\" \/>\n<meta property=\"og:locale\" content=\"es_ES\" \/>\n<meta property=\"og:type\" content=\"article\" \/>\n<meta property=\"og:title\" content=\"PC exhorta a los actores pol\u00edticos a no usar fondos p\u00fablicos en promoci\u00f3n de candidaturas - Participaci\u00f3n Ciudadana\" \/>\n<meta property=\"og:description\" content=\"04 de octubre de 2022 La Corporaci\u00f3n Participaci\u00f3n Ciudadana (PC) exhorta a las autoridades que optar\u00e1n por la reelecci\u00f3n a cumplir con la ley, y a no utilizar fondos p\u00fablicos en la promoci\u00f3n de sus candidaturas. Demandamos a los entes de control a velar por el cumplimiento del art\u00edculo 219 del C\u00f3digo de la Democracia, [&hellip;]\" \/>\n<meta property=\"og:url\" content=\"https:\/\/www.participacionciudadana.org\/web\/2022\/10\/04\/pc-exhorta-a-los-actores-politicos-a-no-usar-fondos-publicos-en-promocion-de-candidaturas\/\" \/>\n<meta property=\"og:site_name\" content=\"Participaci\u00f3n Ciudadana\" \/>\n<meta property=\"article:publisher\" content=\"https:\/\/www.facebook.com\/ParticipacionPC\/\" \/>\n<meta property=\"article:published_time\" content=\"2022-10-04T13:07:42+00:00\" \/>\n<meta property=\"article:modified_time\" content=\"2022-10-04T16:29:10+00:00\" \/>\n<meta property=\"og:image\" content=\"https:\/\/www.participacionciudadana.org\/web\/wp-content\/uploads\/2022\/10\/Pc_exhorto_no-usar-fondos-publicos.jpeg\" \/>\n\t<meta property=\"og:image:width\" content=\"800\" \/>\n\t<meta property=\"og:image:height\" content=\"800\" \/>\n\t<meta property=\"og:image:type\" content=\"image\/jpeg\" \/>\n<meta name=\"author\" content=\"Karen Ramos\" \/>\n<meta name=\"twitter:card\" content=\"summary_large_image\" \/>\n<meta name=\"twitter:creator\" content=\"@ParticipacionPC\" \/>\n<meta name=\"twitter:site\" content=\"@ParticipacionPC\" \/>\n<meta name=\"twitter:label1\" content=\"Escrito por\" \/>\n\t<meta name=\"twitter:data1\" content=\"Karen Ramos\" \/>\n\t<meta name=\"twitter:label2\" content=\"Tiempo de lectura\" \/>\n\t<meta name=\"twitter:data2\" content=\"1 minuto\" \/>\n<script type=\"application\/ld+json\" class=\"yoast-schema-graph\">{\"@context\":\"https:\/\/schema.org\",\"@graph\":[{\"@type\":\"Article\",\"@id\":\"https:\/\/www.participacionciudadana.org\/web\/2022\/10\/04\/pc-exhorta-a-los-actores-politicos-a-no-usar-fondos-publicos-en-promocion-de-candidaturas\/#article\",\"isPartOf\":{\"@id\":\"https:\/\/www.participacionciudadana.org\/web\/2022\/10\/04\/pc-exhorta-a-los-actores-politicos-a-no-usar-fondos-publicos-en-promocion-de-candidaturas\/\"},\"author\":{\"name\":\"Karen Ramos\",\"@id\":\"https:\/\/www.participacionciudadana.org\/web\/#\/schema\/person\/7d1c54696e041e527f8fbfd6c9b513ae\"},\"headline\":\"PC exhorta a los actores pol\u00edticos a no usar fondos p\u00fablicos en promoci\u00f3n de candidaturas\",\"datePublished\":\"2022-10-04T13:07:42+00:00\",\"dateModified\":\"2022-10-04T16:29:10+00:00\",\"mainEntityOfPage\":{\"@id\":\"https:\/\/www.participacionciudadana.org\/web\/2022\/10\/04\/pc-exhorta-a-los-actores-politicos-a-no-usar-fondos-publicos-en-promocion-de-candidaturas\/\"},\"wordCount\":297,\"commentCount\":0,\"publisher\":{\"@id\":\"https:\/\/www.participacionciudadana.org\/web\/#organization\"},\"image\":{\"@id\":\"https:\/\/www.participacionciudadana.org\/web\/2022\/10\/04\/pc-exhorta-a-los-actores-politicos-a-no-usar-fondos-publicos-en-promocion-de-candidaturas\/#primaryimage\"},\"thumbnailUrl\":\"https:\/\/www.participacionciudadana.org\/web\/wp-content\/uploads\/2022\/10\/Pc_exhorto_no-usar-fondos-publicos.jpeg\",\"articleSection\":[\"Comunicaci\u00f3n\",\"Comunicados\"],\"inLanguage\":\"es\",\"potentialAction\":[{\"@type\":\"CommentAction\",\"name\":\"Comment\",\"target\":[\"https:\/\/www.participacionciudadana.org\/web\/2022\/10\/04\/pc-exhorta-a-los-actores-politicos-a-no-usar-fondos-publicos-en-promocion-de-candidaturas\/#respond\"]}]},{\"@type\":\"WebPage\",\"@id\":\"https:\/\/www.participacionciudadana.org\/web\/2022\/10\/04\/pc-exhorta-a-los-actores-politicos-a-no-usar-fondos-publicos-en-promocion-de-candidaturas\/\",\"url\":\"https:\/\/www.participacionciudadana.org\/web\/2022\/10\/04\/pc-exhorta-a-los-actores-politicos-a-no-usar-fondos-publicos-en-promocion-de-candidaturas\/\",\"name\":\"PC exhorta a los actores pol\u00edticos a no usar fondos p\u00fablicos en promoci\u00f3n de candidaturas - Participaci\u00f3n Ciudadana\",\"isPartOf\":{\"@id\":\"https:\/\/www.participacionciudadana.org\/web\/#website\"},\"primaryImageOfPage\":{\"@id\":\"https:\/\/www.participacionciudadana.org\/web\/2022\/10\/04\/pc-exhorta-a-los-actores-politicos-a-no-usar-fondos-publicos-en-promocion-de-candidaturas\/#primaryimage\"},\"image\":{\"@id\":\"https:\/\/www.participacionciudadana.org\/web\/2022\/10\/04\/pc-exhorta-a-los-actores-politicos-a-no-usar-fondos-publicos-en-promocion-de-candidaturas\/#primaryimage\"},\"thumbnailUrl\":\"https:\/\/www.participacionciudadana.org\/web\/wp-content\/uploads\/2022\/10\/Pc_exhorto_no-usar-fondos-publicos.jpeg\",\"datePublished\":\"2022-10-04T13:07:42+00:00\",\"dateModified\":\"2022-10-04T16:29:10+00:00\",\"breadcrumb\":{\"@id\":\"https:\/\/www.participacionciudadana.org\/web\/2022\/10\/04\/pc-exhorta-a-los-actores-politicos-a-no-usar-fondos-publicos-en-promocion-de-candidaturas\/#breadcrumb\"},\"inLanguage\":\"es\",\"potentialAction\":[{\"@type\":\"ReadAction\",\"target\":[\"https:\/\/www.participacionciudadana.org\/web\/2022\/10\/04\/pc-exhorta-a-los-actores-politicos-a-no-usar-fondos-publicos-en-promocion-de-candidaturas\/\"]}]},{\"@type\":\"ImageObject\",\"inLanguage\":\"es\",\"@id\":\"https:\/\/www.participacionciudadana.org\/web\/2022\/10\/04\/pc-exhorta-a-los-actores-politicos-a-no-usar-fondos-publicos-en-promocion-de-candidaturas\/#primaryimage\",\"url\":\"https:\/\/www.participacionciudadana.org\/web\/wp-content\/uploads\/2022\/10\/Pc_exhorto_no-usar-fondos-publicos.jpeg\",\"contentUrl\":\"https:\/\/www.participacionciudadana.org\/web\/wp-content\/uploads\/2022\/10\/Pc_exhorto_no-usar-fondos-publicos.jpeg\",\"width\":800,\"height\":800},{\"@type\":\"BreadcrumbList\",\"@id\":\"https:\/\/www.participacionciudadana.org\/web\/2022\/10\/04\/pc-exhorta-a-los-actores-politicos-a-no-usar-fondos-publicos-en-promocion-de-candidaturas\/#breadcrumb\",\"itemListElement\":[{\"@type\":\"ListItem\",\"position\":1,\"name\":\"Portada\",\"item\":\"https:\/\/www.participacionciudadana.org\/web\/\"},{\"@type\":\"ListItem\",\"position\":2,\"name\":\"PC exhorta a los actores pol\u00edticos a no usar fondos p\u00fablicos en promoci\u00f3n de candidaturas\"}]},{\"@type\":\"WebSite\",\"@id\":\"https:\/\/www.participacionciudadana.org\/web\/#website\",\"url\":\"https:\/\/www.participacionciudadana.org\/web\/\",\"name\":\"Participaci\u00f3n Ciudadana\",\"description\":\"Comprometidos con la democracia\",\"publisher\":{\"@id\":\"https:\/\/www.participacionciudadana.org\/web\/#organization\"},\"potentialAction\":[{\"@type\":\"SearchAction\",\"target\":{\"@type\":\"EntryPoint\",\"urlTemplate\":\"https:\/\/www.participacionciudadana.org\/web\/?s={search_term_string}\"},\"query-input\":{\"@type\":\"PropertyValueSpecification\",\"valueRequired\":true,\"valueName\":\"search_term_string\"}}],\"inLanguage\":\"es\"},{\"@type\":\"Organization\",\"@id\":\"https:\/\/www.participacionciudadana.org\/web\/#organization\",\"name\":\"Participaci\u00f3n Ciudadana\",\"url\":\"https:\/\/www.participacionciudadana.org\/web\/\",\"logo\":{\"@type\":\"ImageObject\",\"inLanguage\":\"es\",\"@id\":\"https:\/\/www.participacionciudadana.org\/web\/#\/schema\/logo\/image\/\",\"url\":\"https:\/\/www.participacionciudadana.org\/web\/wp-content\/uploads\/2021\/11\/cropped-logo_pc-1.png\",\"contentUrl\":\"https:\/\/www.participacionciudadana.org\/web\/wp-content\/uploads\/2021\/11\/cropped-logo_pc-1.png\",\"width\":340,\"height\":114,\"caption\":\"Participaci\u00f3n Ciudadana\"},\"image\":{\"@id\":\"https:\/\/www.participacionciudadana.org\/web\/#\/schema\/logo\/image\/\"},\"sameAs\":[\"https:\/\/www.facebook.com\/ParticipacionPC\/\",\"https:\/\/x.com\/ParticipacionPC\"]},{\"@type\":\"Person\",\"@id\":\"https:\/\/www.participacionciudadana.org\/web\/#\/schema\/person\/7d1c54696e041e527f8fbfd6c9b513ae\",\"name\":\"Karen Ramos\",\"image\":{\"@type\":\"ImageObject\",\"inLanguage\":\"es\",\"@id\":\"https:\/\/www.participacionciudadana.org\/web\/#\/schema\/person\/image\/\",\"url\":\"https:\/\/secure.gravatar.com\/avatar\/286968dbb3bb60217f1c7034fda5fe010f5c132ea9d76191d7dbe615e76f9e88?s=96&d=mm&r=g\",\"contentUrl\":\"https:\/\/secure.gravatar.com\/avatar\/286968dbb3bb60217f1c7034fda5fe010f5c132ea9d76191d7dbe615e76f9e88?s=96&d=mm&r=g\",\"caption\":\"Karen Ramos\"},\"url\":\"https:\/\/www.participacionciudadana.org\/web\/author\/karenliz\/\"}]}<\/script>\n<!-- \/ Yoast SEO plugin. -->","yoast_head_json":{"title":"PC exhorta a los actores pol\u00edticos a no usar fondos p\u00fablicos en promoci\u00f3n de candidaturas - Participaci\u00f3n Ciudadana","robots":{"index":"index","follow":"follow","max-snippet":"max-snippet:-1","max-image-preview":"max-image-preview:large","max-video-preview":"max-video-preview:-1"},"canonical":"https:\/\/www.participacionciudadana.org\/web\/2022\/10\/04\/pc-exhorta-a-los-actores-politicos-a-no-usar-fondos-publicos-en-promocion-de-candidaturas\/","og_locale":"es_ES","og_type":"article","og_title":"PC exhorta a los actores pol\u00edticos a no usar fondos p\u00fablicos en promoci\u00f3n de candidaturas - Participaci\u00f3n Ciudadana","og_description":"04 de octubre de 2022 La Corporaci\u00f3n Participaci\u00f3n Ciudadana (PC) exhorta a las autoridades que optar\u00e1n por la reelecci\u00f3n a cumplir con la ley, y a no utilizar fondos p\u00fablicos en la promoci\u00f3n de sus candidaturas. Demandamos a los entes de control a velar por el cumplimiento del art\u00edculo 219 del C\u00f3digo de la Democracia, [&hellip;]","og_url":"https:\/\/www.participacionciudadana.org\/web\/2022\/10\/04\/pc-exhorta-a-los-actores-politicos-a-no-usar-fondos-publicos-en-promocion-de-candidaturas\/","og_site_name":"Participaci\u00f3n Ciudadana","article_publisher":"https:\/\/www.facebook.com\/ParticipacionPC\/","article_published_time":"2022-10-04T13:07:42+00:00","article_modified_time":"2022-10-04T16:29:10+00:00","og_image":[{"width":800,"height":800,"url":"https:\/\/www.participacionciudadana.org\/web\/wp-content\/uploads\/2022\/10\/Pc_exhorto_no-usar-fondos-publicos.jpeg","type":"image\/jpeg"}],"author":"Karen Ramos","twitter_card":"summary_large_image","twitter_creator":"@ParticipacionPC","twitter_site":"@ParticipacionPC","twitter_misc":{"Escrito por":"Karen Ramos","Tiempo de lectura":"1 minuto"},"schema":{"@context":"https:\/\/schema.org","@graph":[{"@type":"Article","@id":"https:\/\/www.participacionciudadana.org\/web\/2022\/10\/04\/pc-exhorta-a-los-actores-politicos-a-no-usar-fondos-publicos-en-promocion-de-candidaturas\/#article","isPartOf":{"@id":"https:\/\/www.participacionciudadana.org\/web\/2022\/10\/04\/pc-exhorta-a-los-actores-politicos-a-no-usar-fondos-publicos-en-promocion-de-candidaturas\/"},"author":{"name":"Karen Ramos","@id":"https:\/\/www.participacionciudadana.org\/web\/#\/schema\/person\/7d1c54696e041e527f8fbfd6c9b513ae"},"headline":"PC exhorta a los actores pol\u00edticos a no usar fondos p\u00fablicos en promoci\u00f3n de candidaturas","datePublished":"2022-10-04T13:07:42+00:00","dateModified":"2022-10-04T16:29:10+00:00","mainEntityOfPage":{"@id":"https:\/\/www.participacionciudadana.org\/web\/2022\/10\/04\/pc-exhorta-a-los-actores-politicos-a-no-usar-fondos-publicos-en-promocion-de-candidaturas\/"},"wordCount":297,"commentCount":0,"publisher":{"@id":"https:\/\/www.participacionciudadana.org\/web\/#organization"},"image":{"@id":"https:\/\/www.participacionciudadana.org\/web\/2022\/10\/04\/pc-exhorta-a-los-actores-politicos-a-no-usar-fondos-publicos-en-promocion-de-candidaturas\/#primaryimage"},"thumbnailUrl":"https:\/\/www.participacionciudadana.org\/web\/wp-content\/uploads\/2022\/10\/Pc_exhorto_no-usar-fondos-publicos.jpeg","articleSection":["Comunicaci\u00f3n","Comunicados"],"inLanguage":"es","potentialAction":[{"@type":"CommentAction","name":"Comment","target":["https:\/\/www.participacionciudadana.org\/web\/2022\/10\/04\/pc-exhorta-a-los-actores-politicos-a-no-usar-fondos-publicos-en-promocion-de-candidaturas\/#respond"]}]},{"@type":"WebPage","@id":"https:\/\/www.participacionciudadana.org\/web\/2022\/10\/04\/pc-exhorta-a-los-actores-politicos-a-no-usar-fondos-publicos-en-promocion-de-candidaturas\/","url":"https:\/\/www.participacionciudadana.org\/web\/2022\/10\/04\/pc-exhorta-a-los-actores-politicos-a-no-usar-fondos-publicos-en-promocion-de-candidaturas\/","name":"PC exhorta a los actores pol\u00edticos a no usar fondos p\u00fablicos en promoci\u00f3n de candidaturas - Participaci\u00f3n Ciudadana","isPartOf":{"@id":"https:\/\/www.participacionciudadana.org\/web\/#website"},"primaryImageOfPage":{"@id":"https:\/\/www.participacionciudadana.org\/web\/2022\/10\/04\/pc-exhorta-a-los-actores-politicos-a-no-usar-fondos-publicos-en-promocion-de-candidaturas\/#primaryimage"},"image":{"@id":"https:\/\/www.participacionciudadana.org\/web\/2022\/10\/04\/pc-exhorta-a-los-actores-politicos-a-no-usar-fondos-publicos-en-promocion-de-candidaturas\/#primaryimage"},"thumbnailUrl":"https:\/\/www.participacionciudadana.org\/web\/wp-content\/uploads\/2022\/10\/Pc_exhorto_no-usar-fondos-publicos.jpeg","datePublished":"2022-10-04T13:07:42+00:00","dateModified":"2022-10-04T16:29:10+00:00","breadcrumb":{"@id":"https:\/\/www.participacionciudadana.org\/web\/2022\/10\/04\/pc-exhorta-a-los-actores-politicos-a-no-usar-fondos-publicos-en-promocion-de-candidaturas\/#breadcrumb"},"inLanguage":"es","potentialAction":[{"@type":"ReadAction","target":["https:\/\/www.participacionciudadana.org\/web\/2022\/10\/04\/pc-exhorta-a-los-actores-politicos-a-no-usar-fondos-publicos-en-promocion-de-candidaturas\/"]}]},{"@type":"ImageObject","inLanguage":"es","@id":"https:\/\/www.participacionciudadana.org\/web\/2022\/10\/04\/pc-exhorta-a-los-actores-politicos-a-no-usar-fondos-publicos-en-promocion-de-candidaturas\/#primaryimage","url":"https:\/\/www.participacionciudadana.org\/web\/wp-content\/uploads\/2022\/10\/Pc_exhorto_no-usar-fondos-publicos.jpeg","contentUrl":"https:\/\/www.participacionciudadana.org\/web\/wp-content\/uploads\/2022\/10\/Pc_exhorto_no-usar-fondos-publicos.jpeg","width":800,"height":800},{"@type":"BreadcrumbList","@id":"https:\/\/www.participacionciudadana.org\/web\/2022\/10\/04\/pc-exhorta-a-los-actores-politicos-a-no-usar-fondos-publicos-en-promocion-de-candidaturas\/#breadcrumb","itemListElement":[{"@type":"ListItem","position":1,"name":"Portada","item":"https:\/\/www.participacionciudadana.org\/web\/"},{"@type":"ListItem","position":2,"name":"PC exhorta a los actores pol\u00edticos a no usar fondos p\u00fablicos en promoci\u00f3n de candidaturas"}]},{"@type":"WebSite","@id":"https:\/\/www.participacionciudadana.org\/web\/#website","url":"https:\/\/www.participacionciudadana.org\/web\/","name":"Participaci\u00f3n Ciudadana","description":"Comprometidos con la democracia","publisher":{"@id":"https:\/\/www.participacionciudadana.org\/web\/#organization"},"potentialAction":[{"@type":"SearchAction","target":{"@type":"EntryPoint","urlTemplate":"https:\/\/www.participacionciudadana.org\/web\/?s={search_term_string}"},"query-input":{"@type":"PropertyValueSpecification","valueRequired":true,"valueName":"search_term_string"}}],"inLanguage":"es"},{"@type":"Organization","@id":"https:\/\/www.participacionciudadana.org\/web\/#organization","name":"Participaci\u00f3n Ciudadana","url":"https:\/\/www.participacionciudadana.org\/web\/","logo":{"@type":"ImageObject","inLanguage":"es","@id":"https:\/\/www.participacionciudadana.org\/web\/#\/schema\/logo\/image\/","url":"https:\/\/www.participacionciudadana.org\/web\/wp-content\/uploads\/2021\/11\/cropped-logo_pc-1.png","contentUrl":"https:\/\/www.participacionciudadana.org\/web\/wp-content\/uploads\/2021\/11\/cropped-logo_pc-1.png","width":340,"height":114,"caption":"Participaci\u00f3n Ciudadana"},"image":{"@id":"https:\/\/www.participacionciudadana.org\/web\/#\/schema\/logo\/image\/"},"sameAs":["https:\/\/www.facebook.com\/ParticipacionPC\/","https:\/\/x.com\/ParticipacionPC"]},{"@type":"Person","@id":"https:\/\/www.participacionciudadana.org\/web\/#\/schema\/person\/7d1c54696e041e527f8fbfd6c9b513ae","name":"Karen Ramos","image":{"@type":"ImageObject","inLanguage":"es","@id":"https:\/\/www.participacionciudadana.org\/web\/#\/schema\/person\/image\/","url":"https:\/\/secure.gravatar.com\/avatar\/286968dbb3bb60217f1c7034fda5fe010f5c132ea9d76191d7dbe615e76f9e88?s=96&d=mm&r=g","contentUrl":"https:\/\/secure.gravatar.com\/avatar\/286968dbb3bb60217f1c7034fda5fe010f5c132ea9d76191d7dbe615e76f9e88?s=96&d=mm&r=g","caption":"Karen Ramos"},"url":"https:\/\/www.participacionciudadana.org\/web\/author\/karenliz\/"}]}},"_links":{"self":[{"href":"https:\/\/www.participacionciudadana.org\/web\/wp-json\/wp\/v2\/posts\/3904","targetHints":{"allow":["GET"]}}],"collection":[{"href":"https:\/\/www.participacionciudadana.org\/web\/wp-json\/wp\/v2\/posts"}],"about":[{"href":"https:\/\/www.participacionciudadana.org\/web\/wp-json\/wp\/v2\/types\/post"}],"author":[{"embeddable":true,"href":"https:\/\/www.participacionciudadana.org\/web\/wp-json\/wp\/v2\/users\/7"}],"replies":[{"embeddable":true,"href":"https:\/\/www.participacionciudadana.org\/web\/wp-json\/wp\/v2\/comments?post=3904"}],"version-history":[{"count":0,"href":"https:\/\/www.participacionciudadana.org\/web\/wp-json\/wp\/v2\/posts\/3904\/revisions"}],"wp:featuredmedia":[{"embeddable":true,"href":"https:\/\/www.participacionciudadana.org\/web\/wp-json\/wp\/v2\/media\/3907"}],"wp:attachment":[{"href":"https:\/\/www.participacionciudadana.org\/web\/wp-json\/wp\/v2\/media?parent=3904"}],"wp:term":[{"taxonomy":"category","embeddable":true,"href":"https:\/\/www.participacionciudadana.org\/web\/wp-json\/wp\/v2\/categories?post=3904"},{"taxonomy":"post_tag","embeddable":true,"href":"https:\/\/www.participacionciudadana.org\/web\/wp-json\/wp\/v2\/tags?post=3904"}],"curies":[{"name":"wp","href":"https:\/\/api.w.org\/{rel}","templated":true}]}}